{"id":15571,"date":"2016-05-02T11:29:24","date_gmt":"2016-05-02T09:29:24","guid":{"rendered":"https:\/\/pmza.sk.sk\/?p=15571"},"modified":"2016-05-02T11:29:24","modified_gmt":"2016-05-02T09:29:24","slug":"oslavy-sviatku-prace-v-areali-budatinskeho-hradu","status":"publish","type":"post","link":"https:\/\/pmza.sk\/?p=15571","title":{"rendered":"Oslavy Sviatku pr\u00e1ce v are\u00e1li Budat\u00ednskeho hradu + FOTOGAL\u00c9RIA"},"content":{"rendered":"<p>Konfeder\u00e1cia odborov\u00fdch zv\u00e4zov Slovenskej republiky (KOZ SR) a\u00a0\u017dilinsk\u00fd samospr\u00e1vny kraj (\u017dSK) pripravili na nede\u013eu 1. m\u00e1ja 2016 v\u00a0are\u00e1li Budat\u00ednskeho hradu oslavy Sviatku pr\u00e1ce. Sprievodn\u00fdm programom podujatia bude aj pokus o\u00a0z\u00e1pis do datab\u00e1zy slovensk\u00fdch rekordov.<\/p>\n<p>V programe vyst\u00fapila zn\u00e1ma heligonk\u00e1rka a\u00a0spev\u00e1\u010dka Vlasta Mudr\u00edkov\u00e1, popul\u00e1rna a\u00a0zn\u00e1ma skupina Kandr\u00e1\u010dovci a\u00a0kapela V8 band.<\/p>\n<p>Podujatia v\u00a0are\u00e1li Budat\u00ednskeho hradu sa z\u00fa\u010dastnil i komis\u00e1r Slovensk\u00fdch rekordov, preto\u017ee v\u00a0r\u00e1mci sprievodn\u00e9ho programu sa uskuto\u010dnil <strong>pokus o z\u00e1pis do datab\u00e1zy rekordov SR <em>\u201eBozk\u00e1vanie pod \u010dere\u0161\u0148ou\u201c<\/em><\/strong>. Na pokuse o\u00a0vytvorenie slovensk\u00e9ho rekordu sa spolupodie\u013eala aj firma ADACOM progatec, s.r.o., ktor\u00e1 zabezpe\u010dila \u201epergolu s vetvi\u010dkami \u010dere\u0161ne\u201c pre v\u0161etky bozk\u00e1vaniachtiv\u00e9 p\u00e1ry, ktor\u00fdch bolo 247.<\/p>\n<p>\u010eal\u0161\u00edmi sprievodn\u00fdmi aktivitami v\u00a0r\u00e1mci podujatia bolo vyst\u00fapenie sokoliarov Falconarii,\u00a0policajn\u00fdch kynol\u00f3gov a\u00a0preventistov Krajsk\u00e9ho riadite\u013estva Policajn\u00e9ho zboru v\u00a0\u017diline (KR PZ ZA). S\u00a0uk\u00e1\u017ekami svojej techniky pote\u0161il Hasi\u010dsk\u00fd a\u00a0z\u00e1chrann\u00fd zbor SR (HaZZ SR) najm\u00e4 najmlad\u0161\u00edch n\u00e1v\u0161tevn\u00edkov podujatia. Pre n\u00e1v\u0161tevn\u00edkov s\u00fa pripraven\u00e9 r\u00f4zne atrakcie, s\u00fa\u0165a\u017ee, prezent\u00e1cie tradi\u010dn\u00fdch remesiel a\u00a0zru\u010dnost\u00ed.<\/p>\n<p><a href=\"https:\/\/pmza.sk.sk\/foto-mdd\/?album=140\">FOTOGAL\u00c9RIA<\/a><\/p>\n<p>&nbsp;<\/p>\n<p>&nbsp;<\/p>\n<p>&nbsp;<\/p>\n<p>&nbsp;<\/p>\n","protected":false},"excerpt":{"rendered":"<p>Konfeder\u00e1cia odborov\u00fdch zv\u00e4zov Slovenskej republiky (KOZ SR) a\u00a0\u017dilinsk\u00fd samospr\u00e1vny kraj (\u017dSK) pripravili na nede\u013eu 1. m\u00e1ja 2016 v\u00a0are\u00e1li Budat\u00ednskeho hradu oslavy Sviatku pr\u00e1ce. Sprievodn\u00fdm programom podujatia bude aj pokus o\u00a0z\u00e1pis do datab\u00e1zy slovensk\u00fdch rekordov. V programe vyst\u00fapila zn\u00e1ma heligonk\u00e1rka a\u00a0spev\u00e1\u010dka Vlasta Mudr\u00edkov\u00e1, popul\u00e1rna a\u00a0zn\u00e1ma skupina Kandr\u00e1\u010dovci a\u00a0kapela V8 band. Podujatia v\u00a0are\u00e1li Budat\u00ednskeho hradu sa z\u00fa\u010dastnil [&hellip;]<\/p>\n","protected":false},"author":2,"featured_media":15735,"comment_status":"closed","ping_status":"closed","sticky":false,"template":"","format":"standard","meta":{"site-sidebar-layout":"default","site-content-layout":"","ast-site-content-layout":"","site-content-style":"default","site-sidebar-style":"default","ast-global-header-display":"","ast-banner-title-visibility":"","ast-main-header-display":"","ast-hfb-above-header-display":"","ast-hfb-below-header-display":"","ast-hfb-mobile-header-display":"","site-post-title":"","ast-breadcrumbs-content":"","ast-featured-img":"","footer-sml-layout":"","theme-transparent-header-meta":"","adv-header-id-meta":"","stick-header-meta":"","header-above-stick-meta":"","header-main-stick-meta":"","header-below-stick-meta":"","astra-migrate-meta-layouts":"default","ast-page-background-enabled":"default","ast-page-background-meta":{"desktop":{"background-color":"var(--ast-global-color-4)","background-image":"","background-repeat":"repeat","background-position":"center center","background-size":"auto","background-attachment":"scroll","background-type":"","background-media":"","overlay-type":"","overlay-color":"","overlay-opacity":"","overlay-gradient":""},"tablet":{"background-color":"","background-image":"","background-repeat":"repeat","background-position":"center center","background-size":"auto","background-attachment":"scroll","background-type":"","background-media":"","overlay-type":"","overlay-color":"","overlay-opacity":"","overlay-gradient":""},"mobile":{"background-color":"","background-image":"","background-repeat":"repeat","background-position":"center center","background-size":"auto","background-attachment":"scroll","background-type":"","background-media":"","overlay-type":"","overlay-color":"","overlay-opacity":"","overlay-gradient":""}},"ast-content-background-meta":{"desktop":{"background-color":"var(--ast-global-color-5)","background-image":"","background-repeat":"repeat","background-position":"center center","background-size":"auto","background-attachment":"scroll","background-type":"","background-media":"","overlay-type":"","overlay-color":"","overlay-opacity":"","overlay-gradient":""},"tablet":{"background-color":"var(--ast-global-color-5)","background-image":"","background-repeat":"repeat","background-position":"center center","background-size":"auto","background-attachment":"scroll","background-type":"","background-media":"","overlay-type":"","overlay-color":"","overlay-opacity":"","overlay-gradient":""},"mobile":{"background-color":"var(--ast-global-color-5)","background-image":"","background-repeat":"repeat","background-position":"center center","background-size":"auto","background-attachment":"scroll","background-type":"","background-media":"","overlay-type":"","overlay-color":"","overlay-opacity":"","overlay-gradient":""}},"footnotes":""},"categories":[50],"tags":[],"class_list":["post-15571","post","type-post","status-publish","format-standard","has-post-thumbnail","hentry","category-archiv-2016"],"yoast_head":"<!-- This site is optimized with the Yoast SEO plugin v27.4 - https:\/\/yoast.com\/product\/yoast-seo-wordpress\/ -->\n<title>Oslavy Sviatku pr\u00e1ce v are\u00e1li Budat\u00ednskeho hradu + FOTOGAL\u00c9RIA - Pova\u017esk\u00e9 m\u00fazeum<\/title>\n<meta name=\"robots\" content=\"index, follow, max-snippet:-1, max-image-preview:large, max-video-preview:-1\" \/>\n<link rel=\"canonical\" href=\"https:\/\/pmza.sk\/?p=15571\" \/>\n<meta property=\"og:locale\" content=\"sk_SK\" \/>\n<meta property=\"og:type\" content=\"article\" \/>\n<meta property=\"og:title\" content=\"Oslavy Sviatku pr\u00e1ce v are\u00e1li Budat\u00ednskeho hradu + FOTOGAL\u00c9RIA - Pova\u017esk\u00e9 m\u00fazeum\" \/>\n<meta property=\"og:description\" content=\"Konfeder\u00e1cia odborov\u00fdch zv\u00e4zov Slovenskej republiky (KOZ SR) a\u00a0\u017dilinsk\u00fd samospr\u00e1vny kraj (\u017dSK) pripravili na nede\u013eu 1. m\u00e1ja 2016 v\u00a0are\u00e1li Budat\u00ednskeho hradu oslavy Sviatku pr\u00e1ce. Sprievodn\u00fdm programom podujatia bude aj pokus o\u00a0z\u00e1pis do datab\u00e1zy slovensk\u00fdch rekordov. V programe vyst\u00fapila zn\u00e1ma heligonk\u00e1rka a\u00a0spev\u00e1\u010dka Vlasta Mudr\u00edkov\u00e1, popul\u00e1rna a\u00a0zn\u00e1ma skupina Kandr\u00e1\u010dovci a\u00a0kapela V8 band. Podujatia v\u00a0are\u00e1li Budat\u00ednskeho hradu sa z\u00fa\u010dastnil [&hellip;]\" \/>\n<meta property=\"og:url\" content=\"https:\/\/pmza.sk\/?p=15571\" \/>\n<meta property=\"og:site_name\" content=\"Pova\u017esk\u00e9 m\u00fazeum\" \/>\n<meta property=\"article:publisher\" content=\"https:\/\/www.facebook.com\/povazskemuzeum\" \/>\n<meta property=\"article:published_time\" content=\"2016-05-02T09:29:24+00:00\" \/>\n<meta property=\"og:image\" content=\"https:\/\/pmza.sk\/wp-content\/uploads\/2016\/05\/IMG_0370.jpg\" \/>\n\t<meta property=\"og:image:width\" content=\"1024\" \/>\n\t<meta property=\"og:image:height\" content=\"683\" \/>\n\t<meta property=\"og:image:type\" content=\"image\/jpeg\" \/>\n<meta name=\"author\" content=\"Pova\u017esk\u00e9 m\u00fazeum\" \/>\n<meta name=\"twitter:card\" content=\"summary_large_image\" \/>\n<meta name=\"twitter:label1\" content=\"Autor\" \/>\n\t<meta name=\"twitter:data1\" content=\"Pova\u017esk\u00e9 m\u00fazeum\" \/>\n\t<meta name=\"twitter:label2\" content=\"Predpokladan\u00fd \u010das \u010d\u00edtania\" \/>\n\t<meta name=\"twitter:data2\" content=\"1 min\u00fata\" \/>\n<script type=\"application\/ld+json\" class=\"yoast-schema-graph\">{\"@context\":\"https:\\\/\\\/schema.org\",\"@graph\":[{\"@type\":\"Article\",\"@id\":\"https:\\\/\\\/pmza.sk\\\/?p=15571#article\",\"isPartOf\":{\"@id\":\"https:\\\/\\\/pmza.sk\\\/?p=15571\"},\"author\":{\"name\":\"Pova\u017esk\u00e9 m\u00fazeum\",\"@id\":\"https:\\\/\\\/pmza.sk\\\/#\\\/schema\\\/person\\\/595e6a2ce731ea94dcd5d7f50a41ae33\"},\"headline\":\"Oslavy Sviatku pr\u00e1ce v are\u00e1li Budat\u00ednskeho hradu + FOTOGAL\u00c9RIA\",\"datePublished\":\"2016-05-02T09:29:24+00:00\",\"mainEntityOfPage\":{\"@id\":\"https:\\\/\\\/pmza.sk\\\/?p=15571\"},\"wordCount\":247,\"publisher\":{\"@id\":\"https:\\\/\\\/pmza.sk\\\/#organization\"},\"image\":{\"@id\":\"https:\\\/\\\/pmza.sk\\\/?p=15571#primaryimage\"},\"thumbnailUrl\":\"https:\\\/\\\/pmza.sk\\\/wp-content\\\/uploads\\\/2016\\\/05\\\/IMG_0370.jpg\",\"articleSection\":[\"Arch\u00edv 2016\"],\"inLanguage\":\"sk-SK\"},{\"@type\":\"WebPage\",\"@id\":\"https:\\\/\\\/pmza.sk\\\/?p=15571\",\"url\":\"https:\\\/\\\/pmza.sk\\\/?p=15571\",\"name\":\"Oslavy Sviatku pr\u00e1ce v are\u00e1li Budat\u00ednskeho hradu + FOTOGAL\u00c9RIA - Pova\u017esk\u00e9 m\u00fazeum\",\"isPartOf\":{\"@id\":\"https:\\\/\\\/pmza.sk\\\/#website\"},\"primaryImageOfPage\":{\"@id\":\"https:\\\/\\\/pmza.sk\\\/?p=15571#primaryimage\"},\"image\":{\"@id\":\"https:\\\/\\\/pmza.sk\\\/?p=15571#primaryimage\"},\"thumbnailUrl\":\"https:\\\/\\\/pmza.sk\\\/wp-content\\\/uploads\\\/2016\\\/05\\\/IMG_0370.jpg\",\"datePublished\":\"2016-05-02T09:29:24+00:00\",\"breadcrumb\":{\"@id\":\"https:\\\/\\\/pmza.sk\\\/?p=15571#breadcrumb\"},\"inLanguage\":\"sk-SK\",\"potentialAction\":[{\"@type\":\"ReadAction\",\"target\":[\"https:\\\/\\\/pmza.sk\\\/?p=15571\"]}]},{\"@type\":\"ImageObject\",\"inLanguage\":\"sk-SK\",\"@id\":\"https:\\\/\\\/pmza.sk\\\/?p=15571#primaryimage\",\"url\":\"https:\\\/\\\/pmza.sk\\\/wp-content\\\/uploads\\\/2016\\\/05\\\/IMG_0370.jpg\",\"contentUrl\":\"https:\\\/\\\/pmza.sk\\\/wp-content\\\/uploads\\\/2016\\\/05\\\/IMG_0370.jpg\",\"width\":1024,\"height\":683},{\"@type\":\"BreadcrumbList\",\"@id\":\"https:\\\/\\\/pmza.sk\\\/?p=15571#breadcrumb\",\"itemListElement\":[{\"@type\":\"ListItem\",\"position\":1,\"name\":\"Domovsk\u00e1 str\u00e1nka\",\"item\":\"https:\\\/\\\/pmza.sk\\\/\"},{\"@type\":\"ListItem\",\"position\":2,\"name\":\"Oslavy Sviatku pr\u00e1ce v are\u00e1li Budat\u00ednskeho hradu + FOTOGAL\u00c9RIA\"}]},{\"@type\":\"WebSite\",\"@id\":\"https:\\\/\\\/pmza.sk\\\/#website\",\"url\":\"https:\\\/\\\/pmza.sk\\\/\",\"name\":\"Pova\u017esk\u00e9 m\u00fazeum\",\"description\":\"Pova\u017esk\u00e9 m\u00fazeum v \u017diline je region\u00e1lne m\u00fazeum so s\u00eddlom v Budat\u00edne. Jeho expoz\u00edcie s\u00fa zameran\u00e9 na dejiny slovensk\u00e9ho umenia, kult\u00fary a dopravy.\",\"publisher\":{\"@id\":\"https:\\\/\\\/pmza.sk\\\/#organization\"},\"potentialAction\":[{\"@type\":\"SearchAction\",\"target\":{\"@type\":\"EntryPoint\",\"urlTemplate\":\"https:\\\/\\\/pmza.sk\\\/?s={search_term_string}\"},\"query-input\":{\"@type\":\"PropertyValueSpecification\",\"valueRequired\":true,\"valueName\":\"search_term_string\"}}],\"inLanguage\":\"sk-SK\"},{\"@type\":\"Organization\",\"@id\":\"https:\\\/\\\/pmza.sk\\\/#organization\",\"name\":\"Pova\u017esk\u00e9 m\u00fazeum\",\"url\":\"https:\\\/\\\/pmza.sk\\\/\",\"logo\":{\"@type\":\"ImageObject\",\"inLanguage\":\"sk-SK\",\"@id\":\"https:\\\/\\\/pmza.sk\\\/#\\\/schema\\\/logo\\\/image\\\/\",\"url\":\"https:\\\/\\\/pmza.sk\\\/wp-content\\\/uploads\\\/2022\\\/01\\\/logo_PM_horizontal.jpg\",\"contentUrl\":\"https:\\\/\\\/pmza.sk\\\/wp-content\\\/uploads\\\/2022\\\/01\\\/logo_PM_horizontal.jpg\",\"width\":231,\"height\":142,\"caption\":\"Pova\u017esk\u00e9 m\u00fazeum\"},\"image\":{\"@id\":\"https:\\\/\\\/pmza.sk\\\/#\\\/schema\\\/logo\\\/image\\\/\"},\"sameAs\":[\"https:\\\/\\\/www.facebook.com\\\/povazskemuzeum\",\"https:\\\/\\\/www.instagram.com\\\/povazskemuzeum\\\/\"]},{\"@type\":\"Person\",\"@id\":\"https:\\\/\\\/pmza.sk\\\/#\\\/schema\\\/person\\\/595e6a2ce731ea94dcd5d7f50a41ae33\",\"name\":\"Pova\u017esk\u00e9 m\u00fazeum\",\"image\":{\"@type\":\"ImageObject\",\"inLanguage\":\"sk-SK\",\"@id\":\"https:\\\/\\\/secure.gravatar.com\\\/avatar\\\/2bb7f1561282132fb5826dfeccc66c7996d11ee392ac6aaf7ced8a1c2027fbb2?s=96&d=mm&r=g\",\"url\":\"https:\\\/\\\/secure.gravatar.com\\\/avatar\\\/2bb7f1561282132fb5826dfeccc66c7996d11ee392ac6aaf7ced8a1c2027fbb2?s=96&d=mm&r=g\",\"contentUrl\":\"https:\\\/\\\/secure.gravatar.com\\\/avatar\\\/2bb7f1561282132fb5826dfeccc66c7996d11ee392ac6aaf7ced8a1c2027fbb2?s=96&d=mm&r=g\",\"caption\":\"Pova\u017esk\u00e9 m\u00fazeum\"}}]}<\/script>\n<!-- \/ Yoast SEO plugin. -->","yoast_head_json":{"title":"Oslavy Sviatku pr\u00e1ce v are\u00e1li Budat\u00ednskeho hradu + FOTOGAL\u00c9RIA - Pova\u017esk\u00e9 m\u00fazeum","robots":{"index":"index","follow":"follow","max-snippet":"max-snippet:-1","max-image-preview":"max-image-preview:large","max-video-preview":"max-video-preview:-1"},"canonical":"https:\/\/pmza.sk\/?p=15571","og_locale":"sk_SK","og_type":"article","og_title":"Oslavy Sviatku pr\u00e1ce v are\u00e1li Budat\u00ednskeho hradu + FOTOGAL\u00c9RIA - Pova\u017esk\u00e9 m\u00fazeum","og_description":"Konfeder\u00e1cia odborov\u00fdch zv\u00e4zov Slovenskej republiky (KOZ SR) a\u00a0\u017dilinsk\u00fd samospr\u00e1vny kraj (\u017dSK) pripravili na nede\u013eu 1. m\u00e1ja 2016 v\u00a0are\u00e1li Budat\u00ednskeho hradu oslavy Sviatku pr\u00e1ce. Sprievodn\u00fdm programom podujatia bude aj pokus o\u00a0z\u00e1pis do datab\u00e1zy slovensk\u00fdch rekordov. V programe vyst\u00fapila zn\u00e1ma heligonk\u00e1rka a\u00a0spev\u00e1\u010dka Vlasta Mudr\u00edkov\u00e1, popul\u00e1rna a\u00a0zn\u00e1ma skupina Kandr\u00e1\u010dovci a\u00a0kapela V8 band. Podujatia v\u00a0are\u00e1li Budat\u00ednskeho hradu sa z\u00fa\u010dastnil [&hellip;]","og_url":"https:\/\/pmza.sk\/?p=15571","og_site_name":"Pova\u017esk\u00e9 m\u00fazeum","article_publisher":"https:\/\/www.facebook.com\/povazskemuzeum","article_published_time":"2016-05-02T09:29:24+00:00","og_image":[{"width":1024,"height":683,"url":"https:\/\/pmza.sk\/wp-content\/uploads\/2016\/05\/IMG_0370.jpg","type":"image\/jpeg"}],"author":"Pova\u017esk\u00e9 m\u00fazeum","twitter_card":"summary_large_image","twitter_misc":{"Autor":"Pova\u017esk\u00e9 m\u00fazeum","Predpokladan\u00fd \u010das \u010d\u00edtania":"1 min\u00fata"},"schema":{"@context":"https:\/\/schema.org","@graph":[{"@type":"Article","@id":"https:\/\/pmza.sk\/?p=15571#article","isPartOf":{"@id":"https:\/\/pmza.sk\/?p=15571"},"author":{"name":"Pova\u017esk\u00e9 m\u00fazeum","@id":"https:\/\/pmza.sk\/#\/schema\/person\/595e6a2ce731ea94dcd5d7f50a41ae33"},"headline":"Oslavy Sviatku pr\u00e1ce v are\u00e1li Budat\u00ednskeho hradu + FOTOGAL\u00c9RIA","datePublished":"2016-05-02T09:29:24+00:00","mainEntityOfPage":{"@id":"https:\/\/pmza.sk\/?p=15571"},"wordCount":247,"publisher":{"@id":"https:\/\/pmza.sk\/#organization"},"image":{"@id":"https:\/\/pmza.sk\/?p=15571#primaryimage"},"thumbnailUrl":"https:\/\/pmza.sk\/wp-content\/uploads\/2016\/05\/IMG_0370.jpg","articleSection":["Arch\u00edv 2016"],"inLanguage":"sk-SK"},{"@type":"WebPage","@id":"https:\/\/pmza.sk\/?p=15571","url":"https:\/\/pmza.sk\/?p=15571","name":"Oslavy Sviatku pr\u00e1ce v are\u00e1li Budat\u00ednskeho hradu + FOTOGAL\u00c9RIA - Pova\u017esk\u00e9 m\u00fazeum","isPartOf":{"@id":"https:\/\/pmza.sk\/#website"},"primaryImageOfPage":{"@id":"https:\/\/pmza.sk\/?p=15571#primaryimage"},"image":{"@id":"https:\/\/pmza.sk\/?p=15571#primaryimage"},"thumbnailUrl":"https:\/\/pmza.sk\/wp-content\/uploads\/2016\/05\/IMG_0370.jpg","datePublished":"2016-05-02T09:29:24+00:00","breadcrumb":{"@id":"https:\/\/pmza.sk\/?p=15571#breadcrumb"},"inLanguage":"sk-SK","potentialAction":[{"@type":"ReadAction","target":["https:\/\/pmza.sk\/?p=15571"]}]},{"@type":"ImageObject","inLanguage":"sk-SK","@id":"https:\/\/pmza.sk\/?p=15571#primaryimage","url":"https:\/\/pmza.sk\/wp-content\/uploads\/2016\/05\/IMG_0370.jpg","contentUrl":"https:\/\/pmza.sk\/wp-content\/uploads\/2016\/05\/IMG_0370.jpg","width":1024,"height":683},{"@type":"BreadcrumbList","@id":"https:\/\/pmza.sk\/?p=15571#breadcrumb","itemListElement":[{"@type":"ListItem","position":1,"name":"Domovsk\u00e1 str\u00e1nka","item":"https:\/\/pmza.sk\/"},{"@type":"ListItem","position":2,"name":"Oslavy Sviatku pr\u00e1ce v are\u00e1li Budat\u00ednskeho hradu + FOTOGAL\u00c9RIA"}]},{"@type":"WebSite","@id":"https:\/\/pmza.sk\/#website","url":"https:\/\/pmza.sk\/","name":"Pova\u017esk\u00e9 m\u00fazeum","description":"Pova\u017esk\u00e9 m\u00fazeum v \u017diline je region\u00e1lne m\u00fazeum so s\u00eddlom v Budat\u00edne. Jeho expoz\u00edcie s\u00fa zameran\u00e9 na dejiny slovensk\u00e9ho umenia, kult\u00fary a dopravy.","publisher":{"@id":"https:\/\/pmza.sk\/#organization"},"potentialAction":[{"@type":"SearchAction","target":{"@type":"EntryPoint","urlTemplate":"https:\/\/pmza.sk\/?s={search_term_string}"},"query-input":{"@type":"PropertyValueSpecification","valueRequired":true,"valueName":"search_term_string"}}],"inLanguage":"sk-SK"},{"@type":"Organization","@id":"https:\/\/pmza.sk\/#organization","name":"Pova\u017esk\u00e9 m\u00fazeum","url":"https:\/\/pmza.sk\/","logo":{"@type":"ImageObject","inLanguage":"sk-SK","@id":"https:\/\/pmza.sk\/#\/schema\/logo\/image\/","url":"https:\/\/pmza.sk\/wp-content\/uploads\/2022\/01\/logo_PM_horizontal.jpg","contentUrl":"https:\/\/pmza.sk\/wp-content\/uploads\/2022\/01\/logo_PM_horizontal.jpg","width":231,"height":142,"caption":"Pova\u017esk\u00e9 m\u00fazeum"},"image":{"@id":"https:\/\/pmza.sk\/#\/schema\/logo\/image\/"},"sameAs":["https:\/\/www.facebook.com\/povazskemuzeum","https:\/\/www.instagram.com\/povazskemuzeum\/"]},{"@type":"Person","@id":"https:\/\/pmza.sk\/#\/schema\/person\/595e6a2ce731ea94dcd5d7f50a41ae33","name":"Pova\u017esk\u00e9 m\u00fazeum","image":{"@type":"ImageObject","inLanguage":"sk-SK","@id":"https:\/\/secure.gravatar.com\/avatar\/2bb7f1561282132fb5826dfeccc66c7996d11ee392ac6aaf7ced8a1c2027fbb2?s=96&d=mm&r=g","url":"https:\/\/secure.gravatar.com\/avatar\/2bb7f1561282132fb5826dfeccc66c7996d11ee392ac6aaf7ced8a1c2027fbb2?s=96&d=mm&r=g","contentUrl":"https:\/\/secure.gravatar.com\/avatar\/2bb7f1561282132fb5826dfeccc66c7996d11ee392ac6aaf7ced8a1c2027fbb2?s=96&d=mm&r=g","caption":"Pova\u017esk\u00e9 m\u00fazeum"}}]}},"_links":{"self":[{"href":"https:\/\/pmza.sk\/index.php?rest_route=\/wp\/v2\/posts\/15571","targetHints":{"allow":["GET"]}}],"collection":[{"href":"https:\/\/pmza.sk\/index.php?rest_route=\/wp\/v2\/posts"}],"about":[{"href":"https:\/\/pmza.sk\/index.php?rest_route=\/wp\/v2\/types\/post"}],"author":[{"embeddable":true,"href":"https:\/\/pmza.sk\/index.php?rest_route=\/wp\/v2\/users\/2"}],"replies":[{"embeddable":true,"href":"https:\/\/pmza.sk\/index.php?rest_route=%2Fwp%2Fv2%2Fcomments&post=15571"}],"version-history":[{"count":0,"href":"https:\/\/pmza.sk\/index.php?rest_route=\/wp\/v2\/posts\/15571\/revisions"}],"wp:featuredmedia":[{"embeddable":true,"href":"https:\/\/pmza.sk\/index.php?rest_route=\/wp\/v2\/media\/15735"}],"wp:attachment":[{"href":"https:\/\/pmza.sk\/index.php?rest_route=%2Fwp%2Fv2%2Fmedia&parent=15571"}],"wp:term":[{"taxonomy":"category","embeddable":true,"href":"https:\/\/pmza.sk\/index.php?rest_route=%2Fwp%2Fv2%2Fcategories&post=15571"},{"taxonomy":"post_tag","embeddable":true,"href":"https:\/\/pmza.sk\/index.php?rest_route=%2Fwp%2Fv2%2Ftags&post=15571"}],"curies":[{"name":"wp","href":"https:\/\/api.w.org\/{rel}","templated":true}]}}