{"id":15575,"date":"2016-04-27T12:25:33","date_gmt":"2016-04-27T10:25:33","guid":{"rendered":"https:\/\/pmza.sk.sk\/?p=15575"},"modified":"2016-04-27T12:25:33","modified_gmt":"2016-04-27T10:25:33","slug":"piaty-rocnik-vystavy-jarna-krasa","status":"publish","type":"post","link":"https:\/\/pmza.sk\/?p=15575","title":{"rendered":"Piaty ro\u010dn\u00edk v\u00fdstavy \u201eJarn\u00e1 kr\u00e1sa\u201c"},"content":{"rendered":"<p>Ob\u010dianske zdru\u017eenie Mal\u00e1 Fatra pripravilo v\u00a0are\u00e1li Budat\u00ednskeho hradu u\u017e piaty ro\u010dn\u00edk v\u00fdstavy <strong>Jarn\u00e1 kr\u00e1sa<\/strong>, ktor\u00e1 sa bude aj tento rok kona\u0165 pod z\u00e1\u0161titou predsedu \u017dilinsk\u00e9ho samospr\u00e1vneho kraja Juraja Blan\u00e1ra.<\/p>\n<p>Na v\u00fdstave sa \u00a0predstavia pestovatelia byl\u00edn, drev\u00edn, bonsajov, kaktusov a\u00a0in\u00fdch sukulentov, tillandsi\u00ed,\u00a0m\u00e4so\u017erav\u00fdch rastl\u00edn, orchide\u00ed, skalni\u010diek, ale aj predajcovia pr\u00edrodn\u00fdch produktov pre dom a\u00a0z\u00e1hradu, v\u010del\u00e1rskych produktov a z\u00e1hradnej techniky.<\/p>\n<p>Tento druh v\u00fdstavy je v\u00a0na\u0161om kraji \u00a0sk\u00f4r raritou ako samozrejmos\u0165ou. My\u0161lienka vznikla v\u00a0roku 2005 pri \u00a0OZ Mal\u00e1 Fatra. Prv\u00e1 v\u00fdstava sa konala v\u00a0roku 2006, kedy v\u00a0spolupr\u00e1ci so SO\u0160 po\u013enohospod\u00e1rstva a\u00a0slu\u017eieb na vidieku v\u00a0\u017diline dostali region\u00e1lni vystavovatelia pr\u00edle\u017eitos\u0165 uk\u00e1za\u0165 svoje\u00a0umenie. V\u00fdstavy sa stali ob\u013e\u00faben\u00fdm a\u00a0vyh\u013ead\u00e1van\u00fdm miestom aj pre milovn\u00edkov kvet\u00edn a\u00a0z\u00e1hradn\u00edctva, o\u00a0\u010dom sved\u010d\u00ed narastaj\u00faci z\u00e1ujem n\u00e1v\u0161tevnosti a\u00a0po\u010dtu vystavovate\u013eov.<\/p>\n<p>V\u00fdnimo\u010dn\u00fd rozmer tohtoro\u010dn\u00e9ho podujatia bude jednak v\u00a0in\u0161tal\u00e1cii exotick\u00fdch kvetov, bonsajov, ale aj v\u00a0mno\u017estve sprievodn\u00fdch aktiv\u00edt, ktor\u00e9 ur\u010dite ocenia aj be\u017en\u00ed n\u00e1v\u0161tevn\u00edci Budat\u00ednskeho hradu a\u00a0parku.<\/p>\n<p>Po\u010das trvania v\u00fdstavy sa uskuto\u010dnia odborn\u00e9 predn\u00e1\u0161ky:<\/p>\n<ol>\n<li>Stanislav Talapka \u2013 kaktusy a\u00a0sukulenty \/ 13. 5. o\u00a014.00 hod.<\/li>\n<li>Milan Sembol \u2013 Cypripedi\u00e1, ich pestovanie \/ 13. 5. o\u00a015.30 hod.<\/li>\n<li>Andrej Deve\u010dka \u2013 Dravci v\u00a0r\u00ed\u0161i rastl\u00edn \u2013 m\u00e4so\u017eravky \/ 14. 5. o 14.00 hod.<\/li>\n<li>Robert Roth \u2013 skalni\u010dky, ich v\u00fdskyt, pestovanie \/ 14. 5. o\u00a015.30 hod.<\/li>\n<li>Lucia Bl\u00e1hov\u00e1 \u2013 pestovanie orchide\u00ed, rozdelenie rastl\u00edn \/ 15. 5. o\u00a014.00 hod.<\/li>\n<\/ol>\n<p>V\u00a0priebehu v\u00fdstavy bud\u00fa vystavovatelia pri jednotliv\u00fdch st\u00e1nkoch predv\u00e1dza\u0165 uk\u00e1\u017eky tvarovania bonsajov, vys\u00e1dzania miniskalky do n\u00e1dob, aran\u017eovania kvet\u00edn. Ka\u017ed\u00fd de\u0148 o\u00a016.00 hod. bude vy\u017erebovan\u00fd v\u00fdherca tomboly.<\/p>\n<p>Ver\u00edme, \u017ee podujatie Jarn\u00e1 kr\u00e1sa o\u017eiv\u00ed a\u00a0spestr\u00ed are\u00e1l Budat\u00ednskeho hradu a\u00a0parku. Ako jedna z\u00a0mo\u017enost\u00ed a foriem envirov\u00fdchovy sn\u00e1\u010f pril\u00e1ka na n\u00e1v\u0161tevu i \u0161kol\u00e1kov \u010di\u00a0\u0161tudentov a\u00a0stane sa tak miestom stretnutia nielen odbornej, ale\u00a0 aj laickej verejnosti.<\/p>\n<p>&nbsp;<\/p>\n","protected":false},"excerpt":{"rendered":"<p>Ob\u010dianske zdru\u017eenie Mal\u00e1 Fatra pripravilo v\u00a0are\u00e1li Budat\u00ednskeho hradu u\u017e piaty ro\u010dn\u00edk v\u00fdstavy Jarn\u00e1 kr\u00e1sa, ktor\u00e1 sa bude aj tento rok kona\u0165 pod z\u00e1\u0161titou predsedu \u017dilinsk\u00e9ho samospr\u00e1vneho kraja Juraja Blan\u00e1ra. Na v\u00fdstave sa \u00a0predstavia pestovatelia byl\u00edn, drev\u00edn, bonsajov, kaktusov a\u00a0in\u00fdch sukulentov, tillandsi\u00ed,\u00a0m\u00e4so\u017erav\u00fdch rastl\u00edn, orchide\u00ed, skalni\u010diek, ale aj predajcovia pr\u00edrodn\u00fdch produktov pre dom a\u00a0z\u00e1hradu, v\u010del\u00e1rskych produktov a [&hellip;]<\/p>\n","protected":false},"author":2,"featured_media":15000,"comment_status":"closed","ping_status":"closed","sticky":false,"template":"","format":"standard","meta":{"site-sidebar-layout":"default","site-content-layout":"","ast-site-content-layout":"","site-content-style":"default","site-sidebar-style":"default","ast-global-header-display":"","ast-banner-title-visibility":"","ast-main-header-display":"","ast-hfb-above-header-display":"","ast-hfb-below-header-display":"","ast-hfb-mobile-header-display":"","site-post-title":"","ast-breadcrumbs-content":"","ast-featured-img":"","footer-sml-layout":"","theme-transparent-header-meta":"","adv-header-id-meta":"","stick-header-meta":"","header-above-stick-meta":"","header-main-stick-meta":"","header-below-stick-meta":"","astra-migrate-meta-layouts":"default","ast-page-background-enabled":"default","ast-page-background-meta":{"desktop":{"background-color":"var(--ast-global-color-4)","background-image":"","background-repeat":"repeat","background-position":"center center","background-size":"auto","background-attachment":"scroll","background-type":"","background-media":"","overlay-type":"","overlay-color":"","overlay-opacity":"","overlay-gradient":""},"tablet":{"background-color":"","background-image":"","background-repeat":"repeat","background-position":"center center","background-size":"auto","background-attachment":"scroll","background-type":"","background-media":"","overlay-type":"","overlay-color":"","overlay-opacity":"","overlay-gradient":""},"mobile":{"background-color":"","background-image":"","background-repeat":"repeat","background-position":"center center","background-size":"auto","background-attachment":"scroll","background-type":"","background-media":"","overlay-type":"","overlay-color":"","overlay-opacity":"","overlay-gradient":""}},"ast-content-background-meta":{"desktop":{"background-color":"var(--ast-global-color-5)","background-image":"","background-repeat":"repeat","background-position":"center center","background-size":"auto","background-attachment":"scroll","background-type":"","background-media":"","overlay-type":"","overlay-color":"","overlay-opacity":"","overlay-gradient":""},"tablet":{"background-color":"var(--ast-global-color-5)","background-image":"","background-repeat":"repeat","background-position":"center center","background-size":"auto","background-attachment":"scroll","background-type":"","background-media":"","overlay-type":"","overlay-color":"","overlay-opacity":"","overlay-gradient":""},"mobile":{"background-color":"var(--ast-global-color-5)","background-image":"","background-repeat":"repeat","background-position":"center center","background-size":"auto","background-attachment":"scroll","background-type":"","background-media":"","overlay-type":"","overlay-color":"","overlay-opacity":"","overlay-gradient":""}},"footnotes":""},"categories":[50],"tags":[],"class_list":["post-15575","post","type-post","status-publish","format-standard","has-post-thumbnail","hentry","category-archiv-2016"],"yoast_head":"<!-- This site is optimized with the Yoast SEO plugin v27.4 - https:\/\/yoast.com\/product\/yoast-seo-wordpress\/ -->\n<title>Piaty ro\u010dn\u00edk v\u00fdstavy \u201eJarn\u00e1 kr\u00e1sa\u201c - Pova\u017esk\u00e9 m\u00fazeum<\/title>\n<meta name=\"robots\" content=\"index, follow, max-snippet:-1, max-image-preview:large, max-video-preview:-1\" \/>\n<link rel=\"canonical\" href=\"https:\/\/pmza.sk\/?p=15575\" \/>\n<meta property=\"og:locale\" content=\"sk_SK\" \/>\n<meta property=\"og:type\" content=\"article\" \/>\n<meta property=\"og:title\" content=\"Piaty ro\u010dn\u00edk v\u00fdstavy \u201eJarn\u00e1 kr\u00e1sa\u201c - Pova\u017esk\u00e9 m\u00fazeum\" \/>\n<meta property=\"og:description\" content=\"Ob\u010dianske zdru\u017eenie Mal\u00e1 Fatra pripravilo v\u00a0are\u00e1li Budat\u00ednskeho hradu u\u017e piaty ro\u010dn\u00edk v\u00fdstavy Jarn\u00e1 kr\u00e1sa, ktor\u00e1 sa bude aj tento rok kona\u0165 pod z\u00e1\u0161titou predsedu \u017dilinsk\u00e9ho samospr\u00e1vneho kraja Juraja Blan\u00e1ra. Na v\u00fdstave sa \u00a0predstavia pestovatelia byl\u00edn, drev\u00edn, bonsajov, kaktusov a\u00a0in\u00fdch sukulentov, tillandsi\u00ed,\u00a0m\u00e4so\u017erav\u00fdch rastl\u00edn, orchide\u00ed, skalni\u010diek, ale aj predajcovia pr\u00edrodn\u00fdch produktov pre dom a\u00a0z\u00e1hradu, v\u010del\u00e1rskych produktov a [&hellip;]\" \/>\n<meta property=\"og:url\" content=\"https:\/\/pmza.sk\/?p=15575\" \/>\n<meta property=\"og:site_name\" content=\"Pova\u017esk\u00e9 m\u00fazeum\" \/>\n<meta property=\"article:publisher\" content=\"https:\/\/www.facebook.com\/povazskemuzeum\" \/>\n<meta property=\"article:published_time\" content=\"2016-04-27T10:25:33+00:00\" \/>\n<meta property=\"og:image\" content=\"https:\/\/pmza.sk\/wp-content\/uploads\/2016\/02\/Jarna-krasa_A3_2016-scaled-1.jpg\" \/>\n\t<meta property=\"og:image:width\" content=\"1810\" \/>\n\t<meta property=\"og:image:height\" content=\"2560\" \/>\n\t<meta property=\"og:image:type\" content=\"image\/jpeg\" \/>\n<meta name=\"author\" content=\"Pova\u017esk\u00e9 m\u00fazeum\" \/>\n<meta name=\"twitter:card\" content=\"summary_large_image\" \/>\n<meta name=\"twitter:label1\" content=\"Autor\" \/>\n\t<meta name=\"twitter:data1\" content=\"Pova\u017esk\u00e9 m\u00fazeum\" \/>\n\t<meta name=\"twitter:label2\" content=\"Predpokladan\u00fd \u010das \u010d\u00edtania\" \/>\n\t<meta name=\"twitter:data2\" content=\"2 min\u00faty\" \/>\n<script type=\"application\/ld+json\" class=\"yoast-schema-graph\">{\"@context\":\"https:\\\/\\\/schema.org\",\"@graph\":[{\"@type\":\"Article\",\"@id\":\"https:\\\/\\\/pmza.sk\\\/?p=15575#article\",\"isPartOf\":{\"@id\":\"https:\\\/\\\/pmza.sk\\\/?p=15575\"},\"author\":{\"name\":\"Pova\u017esk\u00e9 m\u00fazeum\",\"@id\":\"https:\\\/\\\/pmza.sk\\\/#\\\/schema\\\/person\\\/595e6a2ce731ea94dcd5d7f50a41ae33\"},\"headline\":\"Piaty ro\u010dn\u00edk v\u00fdstavy \u201eJarn\u00e1 kr\u00e1sa\u201c\",\"datePublished\":\"2016-04-27T10:25:33+00:00\",\"mainEntityOfPage\":{\"@id\":\"https:\\\/\\\/pmza.sk\\\/?p=15575\"},\"wordCount\":385,\"publisher\":{\"@id\":\"https:\\\/\\\/pmza.sk\\\/#organization\"},\"image\":{\"@id\":\"https:\\\/\\\/pmza.sk\\\/?p=15575#primaryimage\"},\"thumbnailUrl\":\"https:\\\/\\\/pmza.sk\\\/wp-content\\\/uploads\\\/2016\\\/02\\\/Jarna-krasa_A3_2016-scaled-1.jpg\",\"articleSection\":[\"Arch\u00edv 2016\"],\"inLanguage\":\"sk-SK\"},{\"@type\":\"WebPage\",\"@id\":\"https:\\\/\\\/pmza.sk\\\/?p=15575\",\"url\":\"https:\\\/\\\/pmza.sk\\\/?p=15575\",\"name\":\"Piaty ro\u010dn\u00edk v\u00fdstavy \u201eJarn\u00e1 kr\u00e1sa\u201c - Pova\u017esk\u00e9 m\u00fazeum\",\"isPartOf\":{\"@id\":\"https:\\\/\\\/pmza.sk\\\/#website\"},\"primaryImageOfPage\":{\"@id\":\"https:\\\/\\\/pmza.sk\\\/?p=15575#primaryimage\"},\"image\":{\"@id\":\"https:\\\/\\\/pmza.sk\\\/?p=15575#primaryimage\"},\"thumbnailUrl\":\"https:\\\/\\\/pmza.sk\\\/wp-content\\\/uploads\\\/2016\\\/02\\\/Jarna-krasa_A3_2016-scaled-1.jpg\",\"datePublished\":\"2016-04-27T10:25:33+00:00\",\"breadcrumb\":{\"@id\":\"https:\\\/\\\/pmza.sk\\\/?p=15575#breadcrumb\"},\"inLanguage\":\"sk-SK\",\"potentialAction\":[{\"@type\":\"ReadAction\",\"target\":[\"https:\\\/\\\/pmza.sk\\\/?p=15575\"]}]},{\"@type\":\"ImageObject\",\"inLanguage\":\"sk-SK\",\"@id\":\"https:\\\/\\\/pmza.sk\\\/?p=15575#primaryimage\",\"url\":\"https:\\\/\\\/pmza.sk\\\/wp-content\\\/uploads\\\/2016\\\/02\\\/Jarna-krasa_A3_2016-scaled-1.jpg\",\"contentUrl\":\"https:\\\/\\\/pmza.sk\\\/wp-content\\\/uploads\\\/2016\\\/02\\\/Jarna-krasa_A3_2016-scaled-1.jpg\",\"width\":1810,\"height\":2560},{\"@type\":\"BreadcrumbList\",\"@id\":\"https:\\\/\\\/pmza.sk\\\/?p=15575#breadcrumb\",\"itemListElement\":[{\"@type\":\"ListItem\",\"position\":1,\"name\":\"Domovsk\u00e1 str\u00e1nka\",\"item\":\"https:\\\/\\\/pmza.sk\\\/\"},{\"@type\":\"ListItem\",\"position\":2,\"name\":\"Piaty ro\u010dn\u00edk v\u00fdstavy \u201eJarn\u00e1 kr\u00e1sa\u201c\"}]},{\"@type\":\"WebSite\",\"@id\":\"https:\\\/\\\/pmza.sk\\\/#website\",\"url\":\"https:\\\/\\\/pmza.sk\\\/\",\"name\":\"Pova\u017esk\u00e9 m\u00fazeum\",\"description\":\"Pova\u017esk\u00e9 m\u00fazeum v \u017diline je region\u00e1lne m\u00fazeum so s\u00eddlom v Budat\u00edne. Jeho expoz\u00edcie s\u00fa zameran\u00e9 na dejiny slovensk\u00e9ho umenia, kult\u00fary a dopravy.\",\"publisher\":{\"@id\":\"https:\\\/\\\/pmza.sk\\\/#organization\"},\"potentialAction\":[{\"@type\":\"SearchAction\",\"target\":{\"@type\":\"EntryPoint\",\"urlTemplate\":\"https:\\\/\\\/pmza.sk\\\/?s={search_term_string}\"},\"query-input\":{\"@type\":\"PropertyValueSpecification\",\"valueRequired\":true,\"valueName\":\"search_term_string\"}}],\"inLanguage\":\"sk-SK\"},{\"@type\":\"Organization\",\"@id\":\"https:\\\/\\\/pmza.sk\\\/#organization\",\"name\":\"Pova\u017esk\u00e9 m\u00fazeum\",\"url\":\"https:\\\/\\\/pmza.sk\\\/\",\"logo\":{\"@type\":\"ImageObject\",\"inLanguage\":\"sk-SK\",\"@id\":\"https:\\\/\\\/pmza.sk\\\/#\\\/schema\\\/logo\\\/image\\\/\",\"url\":\"https:\\\/\\\/pmza.sk\\\/wp-content\\\/uploads\\\/2022\\\/01\\\/logo_PM_horizontal.jpg\",\"contentUrl\":\"https:\\\/\\\/pmza.sk\\\/wp-content\\\/uploads\\\/2022\\\/01\\\/logo_PM_horizontal.jpg\",\"width\":231,\"height\":142,\"caption\":\"Pova\u017esk\u00e9 m\u00fazeum\"},\"image\":{\"@id\":\"https:\\\/\\\/pmza.sk\\\/#\\\/schema\\\/logo\\\/image\\\/\"},\"sameAs\":[\"https:\\\/\\\/www.facebook.com\\\/povazskemuzeum\",\"https:\\\/\\\/www.instagram.com\\\/povazskemuzeum\\\/\"]},{\"@type\":\"Person\",\"@id\":\"https:\\\/\\\/pmza.sk\\\/#\\\/schema\\\/person\\\/595e6a2ce731ea94dcd5d7f50a41ae33\",\"name\":\"Pova\u017esk\u00e9 m\u00fazeum\",\"image\":{\"@type\":\"ImageObject\",\"inLanguage\":\"sk-SK\",\"@id\":\"https:\\\/\\\/secure.gravatar.com\\\/avatar\\\/2bb7f1561282132fb5826dfeccc66c7996d11ee392ac6aaf7ced8a1c2027fbb2?s=96&d=mm&r=g\",\"url\":\"https:\\\/\\\/secure.gravatar.com\\\/avatar\\\/2bb7f1561282132fb5826dfeccc66c7996d11ee392ac6aaf7ced8a1c2027fbb2?s=96&d=mm&r=g\",\"contentUrl\":\"https:\\\/\\\/secure.gravatar.com\\\/avatar\\\/2bb7f1561282132fb5826dfeccc66c7996d11ee392ac6aaf7ced8a1c2027fbb2?s=96&d=mm&r=g\",\"caption\":\"Pova\u017esk\u00e9 m\u00fazeum\"}}]}<\/script>\n<!-- \/ Yoast SEO plugin. -->","yoast_head_json":{"title":"Piaty ro\u010dn\u00edk v\u00fdstavy \u201eJarn\u00e1 kr\u00e1sa\u201c - Pova\u017esk\u00e9 m\u00fazeum","robots":{"index":"index","follow":"follow","max-snippet":"max-snippet:-1","max-image-preview":"max-image-preview:large","max-video-preview":"max-video-preview:-1"},"canonical":"https:\/\/pmza.sk\/?p=15575","og_locale":"sk_SK","og_type":"article","og_title":"Piaty ro\u010dn\u00edk v\u00fdstavy \u201eJarn\u00e1 kr\u00e1sa\u201c - Pova\u017esk\u00e9 m\u00fazeum","og_description":"Ob\u010dianske zdru\u017eenie Mal\u00e1 Fatra pripravilo v\u00a0are\u00e1li Budat\u00ednskeho hradu u\u017e piaty ro\u010dn\u00edk v\u00fdstavy Jarn\u00e1 kr\u00e1sa, ktor\u00e1 sa bude aj tento rok kona\u0165 pod z\u00e1\u0161titou predsedu \u017dilinsk\u00e9ho samospr\u00e1vneho kraja Juraja Blan\u00e1ra. Na v\u00fdstave sa \u00a0predstavia pestovatelia byl\u00edn, drev\u00edn, bonsajov, kaktusov a\u00a0in\u00fdch sukulentov, tillandsi\u00ed,\u00a0m\u00e4so\u017erav\u00fdch rastl\u00edn, orchide\u00ed, skalni\u010diek, ale aj predajcovia pr\u00edrodn\u00fdch produktov pre dom a\u00a0z\u00e1hradu, v\u010del\u00e1rskych produktov a [&hellip;]","og_url":"https:\/\/pmza.sk\/?p=15575","og_site_name":"Pova\u017esk\u00e9 m\u00fazeum","article_publisher":"https:\/\/www.facebook.com\/povazskemuzeum","article_published_time":"2016-04-27T10:25:33+00:00","og_image":[{"width":1810,"height":2560,"url":"https:\/\/pmza.sk\/wp-content\/uploads\/2016\/02\/Jarna-krasa_A3_2016-scaled-1.jpg","type":"image\/jpeg"}],"author":"Pova\u017esk\u00e9 m\u00fazeum","twitter_card":"summary_large_image","twitter_misc":{"Autor":"Pova\u017esk\u00e9 m\u00fazeum","Predpokladan\u00fd \u010das \u010d\u00edtania":"2 min\u00faty"},"schema":{"@context":"https:\/\/schema.org","@graph":[{"@type":"Article","@id":"https:\/\/pmza.sk\/?p=15575#article","isPartOf":{"@id":"https:\/\/pmza.sk\/?p=15575"},"author":{"name":"Pova\u017esk\u00e9 m\u00fazeum","@id":"https:\/\/pmza.sk\/#\/schema\/person\/595e6a2ce731ea94dcd5d7f50a41ae33"},"headline":"Piaty ro\u010dn\u00edk v\u00fdstavy \u201eJarn\u00e1 kr\u00e1sa\u201c","datePublished":"2016-04-27T10:25:33+00:00","mainEntityOfPage":{"@id":"https:\/\/pmza.sk\/?p=15575"},"wordCount":385,"publisher":{"@id":"https:\/\/pmza.sk\/#organization"},"image":{"@id":"https:\/\/pmza.sk\/?p=15575#primaryimage"},"thumbnailUrl":"https:\/\/pmza.sk\/wp-content\/uploads\/2016\/02\/Jarna-krasa_A3_2016-scaled-1.jpg","articleSection":["Arch\u00edv 2016"],"inLanguage":"sk-SK"},{"@type":"WebPage","@id":"https:\/\/pmza.sk\/?p=15575","url":"https:\/\/pmza.sk\/?p=15575","name":"Piaty ro\u010dn\u00edk v\u00fdstavy \u201eJarn\u00e1 kr\u00e1sa\u201c - Pova\u017esk\u00e9 m\u00fazeum","isPartOf":{"@id":"https:\/\/pmza.sk\/#website"},"primaryImageOfPage":{"@id":"https:\/\/pmza.sk\/?p=15575#primaryimage"},"image":{"@id":"https:\/\/pmza.sk\/?p=15575#primaryimage"},"thumbnailUrl":"https:\/\/pmza.sk\/wp-content\/uploads\/2016\/02\/Jarna-krasa_A3_2016-scaled-1.jpg","datePublished":"2016-04-27T10:25:33+00:00","breadcrumb":{"@id":"https:\/\/pmza.sk\/?p=15575#breadcrumb"},"inLanguage":"sk-SK","potentialAction":[{"@type":"ReadAction","target":["https:\/\/pmza.sk\/?p=15575"]}]},{"@type":"ImageObject","inLanguage":"sk-SK","@id":"https:\/\/pmza.sk\/?p=15575#primaryimage","url":"https:\/\/pmza.sk\/wp-content\/uploads\/2016\/02\/Jarna-krasa_A3_2016-scaled-1.jpg","contentUrl":"https:\/\/pmza.sk\/wp-content\/uploads\/2016\/02\/Jarna-krasa_A3_2016-scaled-1.jpg","width":1810,"height":2560},{"@type":"BreadcrumbList","@id":"https:\/\/pmza.sk\/?p=15575#breadcrumb","itemListElement":[{"@type":"ListItem","position":1,"name":"Domovsk\u00e1 str\u00e1nka","item":"https:\/\/pmza.sk\/"},{"@type":"ListItem","position":2,"name":"Piaty ro\u010dn\u00edk v\u00fdstavy \u201eJarn\u00e1 kr\u00e1sa\u201c"}]},{"@type":"WebSite","@id":"https:\/\/pmza.sk\/#website","url":"https:\/\/pmza.sk\/","name":"Pova\u017esk\u00e9 m\u00fazeum","description":"Pova\u017esk\u00e9 m\u00fazeum v \u017diline je region\u00e1lne m\u00fazeum so s\u00eddlom v Budat\u00edne. Jeho expoz\u00edcie s\u00fa zameran\u00e9 na dejiny slovensk\u00e9ho umenia, kult\u00fary a dopravy.","publisher":{"@id":"https:\/\/pmza.sk\/#organization"},"potentialAction":[{"@type":"SearchAction","target":{"@type":"EntryPoint","urlTemplate":"https:\/\/pmza.sk\/?s={search_term_string}"},"query-input":{"@type":"PropertyValueSpecification","valueRequired":true,"valueName":"search_term_string"}}],"inLanguage":"sk-SK"},{"@type":"Organization","@id":"https:\/\/pmza.sk\/#organization","name":"Pova\u017esk\u00e9 m\u00fazeum","url":"https:\/\/pmza.sk\/","logo":{"@type":"ImageObject","inLanguage":"sk-SK","@id":"https:\/\/pmza.sk\/#\/schema\/logo\/image\/","url":"https:\/\/pmza.sk\/wp-content\/uploads\/2022\/01\/logo_PM_horizontal.jpg","contentUrl":"https:\/\/pmza.sk\/wp-content\/uploads\/2022\/01\/logo_PM_horizontal.jpg","width":231,"height":142,"caption":"Pova\u017esk\u00e9 m\u00fazeum"},"image":{"@id":"https:\/\/pmza.sk\/#\/schema\/logo\/image\/"},"sameAs":["https:\/\/www.facebook.com\/povazskemuzeum","https:\/\/www.instagram.com\/povazskemuzeum\/"]},{"@type":"Person","@id":"https:\/\/pmza.sk\/#\/schema\/person\/595e6a2ce731ea94dcd5d7f50a41ae33","name":"Pova\u017esk\u00e9 m\u00fazeum","image":{"@type":"ImageObject","inLanguage":"sk-SK","@id":"https:\/\/secure.gravatar.com\/avatar\/2bb7f1561282132fb5826dfeccc66c7996d11ee392ac6aaf7ced8a1c2027fbb2?s=96&d=mm&r=g","url":"https:\/\/secure.gravatar.com\/avatar\/2bb7f1561282132fb5826dfeccc66c7996d11ee392ac6aaf7ced8a1c2027fbb2?s=96&d=mm&r=g","contentUrl":"https:\/\/secure.gravatar.com\/avatar\/2bb7f1561282132fb5826dfeccc66c7996d11ee392ac6aaf7ced8a1c2027fbb2?s=96&d=mm&r=g","caption":"Pova\u017esk\u00e9 m\u00fazeum"}}]}},"_links":{"self":[{"href":"https:\/\/pmza.sk\/index.php?rest_route=\/wp\/v2\/posts\/15575","targetHints":{"allow":["GET"]}}],"collection":[{"href":"https:\/\/pmza.sk\/index.php?rest_route=\/wp\/v2\/posts"}],"about":[{"href":"https:\/\/pmza.sk\/index.php?rest_route=\/wp\/v2\/types\/post"}],"author":[{"embeddable":true,"href":"https:\/\/pmza.sk\/index.php?rest_route=\/wp\/v2\/users\/2"}],"replies":[{"embeddable":true,"href":"https:\/\/pmza.sk\/index.php?rest_route=%2Fwp%2Fv2%2Fcomments&post=15575"}],"version-history":[{"count":0,"href":"https:\/\/pmza.sk\/index.php?rest_route=\/wp\/v2\/posts\/15575\/revisions"}],"wp:featuredmedia":[{"embeddable":true,"href":"https:\/\/pmza.sk\/index.php?rest_route=\/wp\/v2\/media\/15000"}],"wp:attachment":[{"href":"https:\/\/pmza.sk\/index.php?rest_route=%2Fwp%2Fv2%2Fmedia&parent=15575"}],"wp:term":[{"taxonomy":"category","embeddable":true,"href":"https:\/\/pmza.sk\/index.php?rest_route=%2Fwp%2Fv2%2Fcategories&post=15575"},{"taxonomy":"post_tag","embeddable":true,"href":"https:\/\/pmza.sk\/index.php?rest_route=%2Fwp%2Fv2%2Ftags&post=15575"}],"curies":[{"name":"wp","href":"https:\/\/api.w.org\/{rel}","templated":true}]}}