{"id":16058,"date":"2016-05-17T08:39:18","date_gmt":"2016-05-17T06:39:18","guid":{"rendered":"https:\/\/pmza.sk.sk\/?p=16058"},"modified":"2016-05-17T08:39:18","modified_gmt":"2016-05-17T06:39:18","slug":"noc-muzei-a-galerii-v-pmza","status":"publish","type":"post","link":"https:\/\/pmza.sk\/?p=16058","title":{"rendered":"Noc m\u00faze\u00ed a gal\u00e9ri\u00ed v PMZA"},"content":{"rendered":"<p>V\u00a0sobotu 21. m\u00e1ja 2016 v\u00a0r\u00e1mci Noci m\u00faze\u00ed a\u00a0gal\u00e9ri\u00ed pripravilo Pova\u017esk\u00e9 m\u00fazeum v\u00a0\u017diline nieko\u013eko aktiv\u00edt, ktor\u00e9 bud\u00fa bonusom k\u00a0be\u017enej prehliadke svojich expoz\u00edci\u00ed.<\/p>\n<p>Na hrade Stre\u010dno bude od 20. hodiny mo\u017en\u00e1 no\u010dn\u00e1 prehliadka hradu a\u00a0podhradia. V\u00a0spolupr\u00e1ci s\u00a0Krajskou hvezd\u00e1r\u0148ou v\u00a0\u017diline bude mo\u017en\u00e9 v\u00a0pr\u00edpade priazniv\u00e9ho po\u010dasia pozorovanie no\u010dnej oblohy. Oh\u0148ov\u00fa \u0161ou v\u00a0podan\u00ed Black Evils si n\u00e1v\u0161tevn\u00edci vychutnaj\u00fa o\u00a021.00, 22.00 a\u00a022.40 hod. Otvoren\u00e1 bude aj diel\u0148a konzerv\u00e1tora archeologick\u00fdch n\u00e1lezov. Vstupn\u00e9 na hrad Stre\u010dno bude z\u013eavnen\u00e9 na 3 \u20ac\/osoba. Posledn\u00fd vstup je napl\u00e1novan\u00fd na 22.00 hod. Vstup do stredovekej dediny Paseka je bezplatn\u00fd a\u00a0po\u010das podujatia bud\u00fa otvoren\u00e9 aj dom\u010deky ryb\u00e1ra, pek\u00e1ra, bylink\u00e1rky a\u00a0\u00fatul\u0148a.<\/p>\n<p>V\u00a0Sob\u00e1\u0161nom pal\u00e1ci v\u00a0Byt\u010di bude no\u010dn\u00e1 prehliadka o\u00a020.00, 21.00 a\u00a022.00 hod. spojen\u00e1 s\u00a0premietan\u00edm dokumentu \u201e\u017divot a\u00a0smr\u0165 palat\u00edna\u201c. Vstup do pal\u00e1ca je celoro\u010dne bezplatn\u00fd.<\/p>\n<p>M\u00fazeum dopravy Rajeck\u00e9 Teplice bude ma\u0165 v\u00a0sobotu 21. m\u00e1ja pred\u013a\u017een\u00e9 otv\u00e1racie hodiny do 19.30 hod. V\u00a0\u010dase od 15.30 do 19.30 hod. priv\u00edtaj\u00fa n\u00e1v\u0161tevn\u00edkov v\u00a0m\u00fazeu odborn\u00ed pracovn\u00edci a\u00a0extern\u00ed spolupracovn\u00edci m\u00fazea v\u00a0oblasti hist\u00f3rie dopravy. Predstavia nov\u00fd informa\u010dn\u00fd syst\u00e9m, ktor\u00fd bude ma\u0165 m\u00fazeum dopravy ako jedno z\u00a0prv\u00fdch m\u00faze\u00ed na Slovensku. Takmer ka\u017ed\u00fd expon\u00e1t m\u00e1 svoj pr\u00edbeh. O\u00a0tom, \u010do zobrazuje, ako vznikol \u010di ako sa dostal do m\u00fazea. Ak si n\u00e1v\u0161tevn\u00edk pozrie v\u00a0priebehu prehliadky vy\u0161e 200 expon\u00e1tov, mnohokr\u00e1t ich vn\u00edma len okrajovo, so z\u00e1kladnou inform\u00e1ciou. Niektor\u00e9 ho na prv\u00fd poh\u013ead zaujm\u00fa, in\u00e9 si ani nev\u0161imne. Pritom niekedy je v\u0161ak neuverite\u013en\u00e9, ak\u00e9 okolnosti sprev\u00e1dzaj\u00fa vystaven\u00fd model lietadla \u010di a\u00a0ak\u00fd dobrodru\u017en\u00fd pr\u00edbeh sa skr\u00fdva za z\u00e1hadnou lo\u010fou nama\u013eovanou na obraze. Pr\u00edbehy expon\u00e1tov, ktor\u00e9 n\u00e1v\u0161tevn\u00edka zaujm\u00fa, sme v\u00a0m\u00fazeu dopravy pripravili na b\u00e1ze roz\u0161\u00edren\u00fdch popisov dostupn\u00fdch prostredn\u00edctvom QR k\u00f3dov. <em>\u201ePrineste si preto so sebou chytr\u00e9 telef\u00f3ny a tablety, na ktor\u00fdch sa v\u00e1m bud\u00fa zobrazova\u0165 inform\u00e1cie o\u00a0vystaven\u00fdch expon\u00e1toch. Pre s\u00fa\u0165a\u017ee chtiv\u00fdch, ktor\u00ed spr\u00e1vne zodpovedia na ot\u00e1zky, ktor\u00fdch odpovede je mo\u017en\u00e9 n\u00e1js\u0165 pr\u00e1ve v\u00a0t\u00fdchto popisoch, m\u00e1me pripraven\u00fa aj mal\u00fa odmenu<\/em>,\u201c povedal historik a\u00a0autor expoz\u00edcie v\u00a0m\u00fazeu dopravy Peter \u0160imko.<\/p>\n<p>V\u00a0Objektoch \u013eudovej architekt\u00fary v\u00a0\u010ci\u010dmanoch a\u00a0expoz\u00edcii J\u00e1no\u0161\u00edk a\u00a0Terchov\u00e1 v\u00a0Terchovej bude po\u010das be\u017en\u00fdch otv\u00e1rac\u00edch hod\u00edn z\u013eavnen\u00e9 vstupn\u00e9 1 \u20ac\/osoba.<\/p>\n","protected":false},"excerpt":{"rendered":"<p>V\u00a0sobotu 21. m\u00e1ja 2016 v\u00a0r\u00e1mci Noci m\u00faze\u00ed a\u00a0gal\u00e9ri\u00ed pripravilo Pova\u017esk\u00e9 m\u00fazeum v\u00a0\u017diline nieko\u013eko aktiv\u00edt, ktor\u00e9 bud\u00fa bonusom k\u00a0be\u017enej prehliadke svojich expoz\u00edci\u00ed. Na hrade Stre\u010dno bude od 20. hodiny mo\u017en\u00e1 no\u010dn\u00e1 prehliadka hradu a\u00a0podhradia. V\u00a0spolupr\u00e1ci s\u00a0Krajskou hvezd\u00e1r\u0148ou v\u00a0\u017diline bude mo\u017en\u00e9 v\u00a0pr\u00edpade priazniv\u00e9ho po\u010dasia pozorovanie no\u010dnej oblohy. Oh\u0148ov\u00fa \u0161ou v\u00a0podan\u00ed Black Evils si n\u00e1v\u0161tevn\u00edci vychutnaj\u00fa o\u00a021.00, 22.00 [&hellip;]<\/p>\n","protected":false},"author":2,"featured_media":15974,"comment_status":"closed","ping_status":"closed","sticky":false,"template":"","format":"standard","meta":{"site-sidebar-layout":"default","site-content-layout":"","ast-site-content-layout":"","site-content-style":"default","site-sidebar-style":"default","ast-global-header-display":"","ast-banner-title-visibility":"","ast-main-header-display":"","ast-hfb-above-header-display":"","ast-hfb-below-header-display":"","ast-hfb-mobile-header-display":"","site-post-title":"","ast-breadcrumbs-content":"","ast-featured-img":"","footer-sml-layout":"","theme-transparent-header-meta":"","adv-header-id-meta":"","stick-header-meta":"","header-above-stick-meta":"","header-main-stick-meta":"","header-below-stick-meta":"","astra-migrate-meta-layouts":"default","ast-page-background-enabled":"default","ast-page-background-meta":{"desktop":{"background-color":"var(--ast-global-color-4)","background-image":"","background-repeat":"repeat","background-position":"center center","background-size":"auto","background-attachment":"scroll","background-type":"","background-media":"","overlay-type":"","overlay-color":"","overlay-opacity":"","overlay-gradient":""},"tablet":{"background-color":"","background-image":"","background-repeat":"repeat","background-position":"center center","background-size":"auto","background-attachment":"scroll","background-type":"","background-media":"","overlay-type":"","overlay-color":"","overlay-opacity":"","overlay-gradient":""},"mobile":{"background-color":"","background-image":"","background-repeat":"repeat","background-position":"center center","background-size":"auto","background-attachment":"scroll","background-type":"","background-media":"","overlay-type":"","overlay-color":"","overlay-opacity":"","overlay-gradient":""}},"ast-content-background-meta":{"desktop":{"background-color":"var(--ast-global-color-5)","background-image":"","background-repeat":"repeat","background-position":"center center","background-size":"auto","background-attachment":"scroll","background-type":"","background-media":"","overlay-type":"","overlay-color":"","overlay-opacity":"","overlay-gradient":""},"tablet":{"background-color":"var(--ast-global-color-5)","background-image":"","background-repeat":"repeat","background-position":"center center","background-size":"auto","background-attachment":"scroll","background-type":"","background-media":"","overlay-type":"","overlay-color":"","overlay-opacity":"","overlay-gradient":""},"mobile":{"background-color":"var(--ast-global-color-5)","background-image":"","background-repeat":"repeat","background-position":"center center","background-size":"auto","background-attachment":"scroll","background-type":"","background-media":"","overlay-type":"","overlay-color":"","overlay-opacity":"","overlay-gradient":""}},"footnotes":""},"categories":[50],"tags":[],"class_list":["post-16058","post","type-post","status-publish","format-standard","has-post-thumbnail","hentry","category-archiv-2016"],"yoast_head":"<!-- This site is optimized with the Yoast SEO plugin v27.4 - https:\/\/yoast.com\/product\/yoast-seo-wordpress\/ -->\n<title>Noc m\u00faze\u00ed a gal\u00e9ri\u00ed v PMZA - Pova\u017esk\u00e9 m\u00fazeum<\/title>\n<meta name=\"robots\" content=\"index, follow, max-snippet:-1, max-image-preview:large, max-video-preview:-1\" \/>\n<link rel=\"canonical\" href=\"https:\/\/pmza.sk\/?p=16058\" \/>\n<meta property=\"og:locale\" content=\"sk_SK\" \/>\n<meta property=\"og:type\" content=\"article\" \/>\n<meta property=\"og:title\" content=\"Noc m\u00faze\u00ed a gal\u00e9ri\u00ed v PMZA - Pova\u017esk\u00e9 m\u00fazeum\" \/>\n<meta property=\"og:description\" content=\"V\u00a0sobotu 21. m\u00e1ja 2016 v\u00a0r\u00e1mci Noci m\u00faze\u00ed a\u00a0gal\u00e9ri\u00ed pripravilo Pova\u017esk\u00e9 m\u00fazeum v\u00a0\u017diline nieko\u013eko aktiv\u00edt, ktor\u00e9 bud\u00fa bonusom k\u00a0be\u017enej prehliadke svojich expoz\u00edci\u00ed. Na hrade Stre\u010dno bude od 20. hodiny mo\u017en\u00e1 no\u010dn\u00e1 prehliadka hradu a\u00a0podhradia. V\u00a0spolupr\u00e1ci s\u00a0Krajskou hvezd\u00e1r\u0148ou v\u00a0\u017diline bude mo\u017en\u00e9 v\u00a0pr\u00edpade priazniv\u00e9ho po\u010dasia pozorovanie no\u010dnej oblohy. Oh\u0148ov\u00fa \u0161ou v\u00a0podan\u00ed Black Evils si n\u00e1v\u0161tevn\u00edci vychutnaj\u00fa o\u00a021.00, 22.00 [&hellip;]\" \/>\n<meta property=\"og:url\" content=\"https:\/\/pmza.sk\/?p=16058\" \/>\n<meta property=\"og:site_name\" content=\"Pova\u017esk\u00e9 m\u00fazeum\" \/>\n<meta property=\"article:publisher\" content=\"https:\/\/www.facebook.com\/povazskemuzeum\" \/>\n<meta property=\"article:published_time\" content=\"2016-05-17T06:39:18+00:00\" \/>\n<meta property=\"og:image\" content=\"https:\/\/pmza.sk\/wp-content\/uploads\/2016\/05\/Noc-muzei-a-galeriii-NEW.jpg\" \/>\n\t<meta property=\"og:image:width\" content=\"524\" \/>\n\t<meta property=\"og:image:height\" content=\"765\" \/>\n\t<meta property=\"og:image:type\" content=\"image\/jpeg\" \/>\n<meta name=\"author\" content=\"Pova\u017esk\u00e9 m\u00fazeum\" \/>\n<meta name=\"twitter:card\" content=\"summary_large_image\" \/>\n<meta name=\"twitter:label1\" content=\"Autor\" \/>\n\t<meta name=\"twitter:data1\" content=\"Pova\u017esk\u00e9 m\u00fazeum\" \/>\n\t<meta name=\"twitter:label2\" content=\"Predpokladan\u00fd \u010das \u010d\u00edtania\" \/>\n\t<meta name=\"twitter:data2\" content=\"2 min\u00faty\" \/>\n<script type=\"application\/ld+json\" class=\"yoast-schema-graph\">{\"@context\":\"https:\\\/\\\/schema.org\",\"@graph\":[{\"@type\":\"Article\",\"@id\":\"https:\\\/\\\/pmza.sk\\\/?p=16058#article\",\"isPartOf\":{\"@id\":\"https:\\\/\\\/pmza.sk\\\/?p=16058\"},\"author\":{\"name\":\"Pova\u017esk\u00e9 m\u00fazeum\",\"@id\":\"https:\\\/\\\/pmza.sk\\\/#\\\/schema\\\/person\\\/595e6a2ce731ea94dcd5d7f50a41ae33\"},\"headline\":\"Noc m\u00faze\u00ed a gal\u00e9ri\u00ed v PMZA\",\"datePublished\":\"2016-05-17T06:39:18+00:00\",\"mainEntityOfPage\":{\"@id\":\"https:\\\/\\\/pmza.sk\\\/?p=16058\"},\"wordCount\":476,\"publisher\":{\"@id\":\"https:\\\/\\\/pmza.sk\\\/#organization\"},\"image\":{\"@id\":\"https:\\\/\\\/pmza.sk\\\/?p=16058#primaryimage\"},\"thumbnailUrl\":\"https:\\\/\\\/pmza.sk\\\/wp-content\\\/uploads\\\/2016\\\/05\\\/Noc-muzei-a-galeriii-NEW.jpg\",\"articleSection\":[\"Arch\u00edv 2016\"],\"inLanguage\":\"sk-SK\"},{\"@type\":\"WebPage\",\"@id\":\"https:\\\/\\\/pmza.sk\\\/?p=16058\",\"url\":\"https:\\\/\\\/pmza.sk\\\/?p=16058\",\"name\":\"Noc m\u00faze\u00ed a gal\u00e9ri\u00ed v PMZA - Pova\u017esk\u00e9 m\u00fazeum\",\"isPartOf\":{\"@id\":\"https:\\\/\\\/pmza.sk\\\/#website\"},\"primaryImageOfPage\":{\"@id\":\"https:\\\/\\\/pmza.sk\\\/?p=16058#primaryimage\"},\"image\":{\"@id\":\"https:\\\/\\\/pmza.sk\\\/?p=16058#primaryimage\"},\"thumbnailUrl\":\"https:\\\/\\\/pmza.sk\\\/wp-content\\\/uploads\\\/2016\\\/05\\\/Noc-muzei-a-galeriii-NEW.jpg\",\"datePublished\":\"2016-05-17T06:39:18+00:00\",\"breadcrumb\":{\"@id\":\"https:\\\/\\\/pmza.sk\\\/?p=16058#breadcrumb\"},\"inLanguage\":\"sk-SK\",\"potentialAction\":[{\"@type\":\"ReadAction\",\"target\":[\"https:\\\/\\\/pmza.sk\\\/?p=16058\"]}]},{\"@type\":\"ImageObject\",\"inLanguage\":\"sk-SK\",\"@id\":\"https:\\\/\\\/pmza.sk\\\/?p=16058#primaryimage\",\"url\":\"https:\\\/\\\/pmza.sk\\\/wp-content\\\/uploads\\\/2016\\\/05\\\/Noc-muzei-a-galeriii-NEW.jpg\",\"contentUrl\":\"https:\\\/\\\/pmza.sk\\\/wp-content\\\/uploads\\\/2016\\\/05\\\/Noc-muzei-a-galeriii-NEW.jpg\",\"width\":524,\"height\":765},{\"@type\":\"BreadcrumbList\",\"@id\":\"https:\\\/\\\/pmza.sk\\\/?p=16058#breadcrumb\",\"itemListElement\":[{\"@type\":\"ListItem\",\"position\":1,\"name\":\"Domovsk\u00e1 str\u00e1nka\",\"item\":\"https:\\\/\\\/pmza.sk\\\/\"},{\"@type\":\"ListItem\",\"position\":2,\"name\":\"Noc m\u00faze\u00ed a gal\u00e9ri\u00ed v PMZA\"}]},{\"@type\":\"WebSite\",\"@id\":\"https:\\\/\\\/pmza.sk\\\/#website\",\"url\":\"https:\\\/\\\/pmza.sk\\\/\",\"name\":\"Pova\u017esk\u00e9 m\u00fazeum\",\"description\":\"Pova\u017esk\u00e9 m\u00fazeum v \u017diline je region\u00e1lne m\u00fazeum so s\u00eddlom v Budat\u00edne. Jeho expoz\u00edcie s\u00fa zameran\u00e9 na dejiny slovensk\u00e9ho umenia, kult\u00fary a dopravy.\",\"publisher\":{\"@id\":\"https:\\\/\\\/pmza.sk\\\/#organization\"},\"potentialAction\":[{\"@type\":\"SearchAction\",\"target\":{\"@type\":\"EntryPoint\",\"urlTemplate\":\"https:\\\/\\\/pmza.sk\\\/?s={search_term_string}\"},\"query-input\":{\"@type\":\"PropertyValueSpecification\",\"valueRequired\":true,\"valueName\":\"search_term_string\"}}],\"inLanguage\":\"sk-SK\"},{\"@type\":\"Organization\",\"@id\":\"https:\\\/\\\/pmza.sk\\\/#organization\",\"name\":\"Pova\u017esk\u00e9 m\u00fazeum\",\"url\":\"https:\\\/\\\/pmza.sk\\\/\",\"logo\":{\"@type\":\"ImageObject\",\"inLanguage\":\"sk-SK\",\"@id\":\"https:\\\/\\\/pmza.sk\\\/#\\\/schema\\\/logo\\\/image\\\/\",\"url\":\"https:\\\/\\\/pmza.sk\\\/wp-content\\\/uploads\\\/2022\\\/01\\\/logo_PM_horizontal.jpg\",\"contentUrl\":\"https:\\\/\\\/pmza.sk\\\/wp-content\\\/uploads\\\/2022\\\/01\\\/logo_PM_horizontal.jpg\",\"width\":231,\"height\":142,\"caption\":\"Pova\u017esk\u00e9 m\u00fazeum\"},\"image\":{\"@id\":\"https:\\\/\\\/pmza.sk\\\/#\\\/schema\\\/logo\\\/image\\\/\"},\"sameAs\":[\"https:\\\/\\\/www.facebook.com\\\/povazskemuzeum\",\"https:\\\/\\\/www.instagram.com\\\/povazskemuzeum\\\/\"]},{\"@type\":\"Person\",\"@id\":\"https:\\\/\\\/pmza.sk\\\/#\\\/schema\\\/person\\\/595e6a2ce731ea94dcd5d7f50a41ae33\",\"name\":\"Pova\u017esk\u00e9 m\u00fazeum\",\"image\":{\"@type\":\"ImageObject\",\"inLanguage\":\"sk-SK\",\"@id\":\"https:\\\/\\\/secure.gravatar.com\\\/avatar\\\/2bb7f1561282132fb5826dfeccc66c7996d11ee392ac6aaf7ced8a1c2027fbb2?s=96&d=mm&r=g\",\"url\":\"https:\\\/\\\/secure.gravatar.com\\\/avatar\\\/2bb7f1561282132fb5826dfeccc66c7996d11ee392ac6aaf7ced8a1c2027fbb2?s=96&d=mm&r=g\",\"contentUrl\":\"https:\\\/\\\/secure.gravatar.com\\\/avatar\\\/2bb7f1561282132fb5826dfeccc66c7996d11ee392ac6aaf7ced8a1c2027fbb2?s=96&d=mm&r=g\",\"caption\":\"Pova\u017esk\u00e9 m\u00fazeum\"}}]}<\/script>\n<!-- \/ Yoast SEO plugin. -->","yoast_head_json":{"title":"Noc m\u00faze\u00ed a gal\u00e9ri\u00ed v PMZA - Pova\u017esk\u00e9 m\u00fazeum","robots":{"index":"index","follow":"follow","max-snippet":"max-snippet:-1","max-image-preview":"max-image-preview:large","max-video-preview":"max-video-preview:-1"},"canonical":"https:\/\/pmza.sk\/?p=16058","og_locale":"sk_SK","og_type":"article","og_title":"Noc m\u00faze\u00ed a gal\u00e9ri\u00ed v PMZA - Pova\u017esk\u00e9 m\u00fazeum","og_description":"V\u00a0sobotu 21. m\u00e1ja 2016 v\u00a0r\u00e1mci Noci m\u00faze\u00ed a\u00a0gal\u00e9ri\u00ed pripravilo Pova\u017esk\u00e9 m\u00fazeum v\u00a0\u017diline nieko\u013eko aktiv\u00edt, ktor\u00e9 bud\u00fa bonusom k\u00a0be\u017enej prehliadke svojich expoz\u00edci\u00ed. Na hrade Stre\u010dno bude od 20. hodiny mo\u017en\u00e1 no\u010dn\u00e1 prehliadka hradu a\u00a0podhradia. V\u00a0spolupr\u00e1ci s\u00a0Krajskou hvezd\u00e1r\u0148ou v\u00a0\u017diline bude mo\u017en\u00e9 v\u00a0pr\u00edpade priazniv\u00e9ho po\u010dasia pozorovanie no\u010dnej oblohy. Oh\u0148ov\u00fa \u0161ou v\u00a0podan\u00ed Black Evils si n\u00e1v\u0161tevn\u00edci vychutnaj\u00fa o\u00a021.00, 22.00 [&hellip;]","og_url":"https:\/\/pmza.sk\/?p=16058","og_site_name":"Pova\u017esk\u00e9 m\u00fazeum","article_publisher":"https:\/\/www.facebook.com\/povazskemuzeum","article_published_time":"2016-05-17T06:39:18+00:00","og_image":[{"width":524,"height":765,"url":"https:\/\/pmza.sk\/wp-content\/uploads\/2016\/05\/Noc-muzei-a-galeriii-NEW.jpg","type":"image\/jpeg"}],"author":"Pova\u017esk\u00e9 m\u00fazeum","twitter_card":"summary_large_image","twitter_misc":{"Autor":"Pova\u017esk\u00e9 m\u00fazeum","Predpokladan\u00fd \u010das \u010d\u00edtania":"2 min\u00faty"},"schema":{"@context":"https:\/\/schema.org","@graph":[{"@type":"Article","@id":"https:\/\/pmza.sk\/?p=16058#article","isPartOf":{"@id":"https:\/\/pmza.sk\/?p=16058"},"author":{"name":"Pova\u017esk\u00e9 m\u00fazeum","@id":"https:\/\/pmza.sk\/#\/schema\/person\/595e6a2ce731ea94dcd5d7f50a41ae33"},"headline":"Noc m\u00faze\u00ed a gal\u00e9ri\u00ed v PMZA","datePublished":"2016-05-17T06:39:18+00:00","mainEntityOfPage":{"@id":"https:\/\/pmza.sk\/?p=16058"},"wordCount":476,"publisher":{"@id":"https:\/\/pmza.sk\/#organization"},"image":{"@id":"https:\/\/pmza.sk\/?p=16058#primaryimage"},"thumbnailUrl":"https:\/\/pmza.sk\/wp-content\/uploads\/2016\/05\/Noc-muzei-a-galeriii-NEW.jpg","articleSection":["Arch\u00edv 2016"],"inLanguage":"sk-SK"},{"@type":"WebPage","@id":"https:\/\/pmza.sk\/?p=16058","url":"https:\/\/pmza.sk\/?p=16058","name":"Noc m\u00faze\u00ed a gal\u00e9ri\u00ed v PMZA - Pova\u017esk\u00e9 m\u00fazeum","isPartOf":{"@id":"https:\/\/pmza.sk\/#website"},"primaryImageOfPage":{"@id":"https:\/\/pmza.sk\/?p=16058#primaryimage"},"image":{"@id":"https:\/\/pmza.sk\/?p=16058#primaryimage"},"thumbnailUrl":"https:\/\/pmza.sk\/wp-content\/uploads\/2016\/05\/Noc-muzei-a-galeriii-NEW.jpg","datePublished":"2016-05-17T06:39:18+00:00","breadcrumb":{"@id":"https:\/\/pmza.sk\/?p=16058#breadcrumb"},"inLanguage":"sk-SK","potentialAction":[{"@type":"ReadAction","target":["https:\/\/pmza.sk\/?p=16058"]}]},{"@type":"ImageObject","inLanguage":"sk-SK","@id":"https:\/\/pmza.sk\/?p=16058#primaryimage","url":"https:\/\/pmza.sk\/wp-content\/uploads\/2016\/05\/Noc-muzei-a-galeriii-NEW.jpg","contentUrl":"https:\/\/pmza.sk\/wp-content\/uploads\/2016\/05\/Noc-muzei-a-galeriii-NEW.jpg","width":524,"height":765},{"@type":"BreadcrumbList","@id":"https:\/\/pmza.sk\/?p=16058#breadcrumb","itemListElement":[{"@type":"ListItem","position":1,"name":"Domovsk\u00e1 str\u00e1nka","item":"https:\/\/pmza.sk\/"},{"@type":"ListItem","position":2,"name":"Noc m\u00faze\u00ed a gal\u00e9ri\u00ed v PMZA"}]},{"@type":"WebSite","@id":"https:\/\/pmza.sk\/#website","url":"https:\/\/pmza.sk\/","name":"Pova\u017esk\u00e9 m\u00fazeum","description":"Pova\u017esk\u00e9 m\u00fazeum v \u017diline je region\u00e1lne m\u00fazeum so s\u00eddlom v Budat\u00edne. Jeho expoz\u00edcie s\u00fa zameran\u00e9 na dejiny slovensk\u00e9ho umenia, kult\u00fary a dopravy.","publisher":{"@id":"https:\/\/pmza.sk\/#organization"},"potentialAction":[{"@type":"SearchAction","target":{"@type":"EntryPoint","urlTemplate":"https:\/\/pmza.sk\/?s={search_term_string}"},"query-input":{"@type":"PropertyValueSpecification","valueRequired":true,"valueName":"search_term_string"}}],"inLanguage":"sk-SK"},{"@type":"Organization","@id":"https:\/\/pmza.sk\/#organization","name":"Pova\u017esk\u00e9 m\u00fazeum","url":"https:\/\/pmza.sk\/","logo":{"@type":"ImageObject","inLanguage":"sk-SK","@id":"https:\/\/pmza.sk\/#\/schema\/logo\/image\/","url":"https:\/\/pmza.sk\/wp-content\/uploads\/2022\/01\/logo_PM_horizontal.jpg","contentUrl":"https:\/\/pmza.sk\/wp-content\/uploads\/2022\/01\/logo_PM_horizontal.jpg","width":231,"height":142,"caption":"Pova\u017esk\u00e9 m\u00fazeum"},"image":{"@id":"https:\/\/pmza.sk\/#\/schema\/logo\/image\/"},"sameAs":["https:\/\/www.facebook.com\/povazskemuzeum","https:\/\/www.instagram.com\/povazskemuzeum\/"]},{"@type":"Person","@id":"https:\/\/pmza.sk\/#\/schema\/person\/595e6a2ce731ea94dcd5d7f50a41ae33","name":"Pova\u017esk\u00e9 m\u00fazeum","image":{"@type":"ImageObject","inLanguage":"sk-SK","@id":"https:\/\/secure.gravatar.com\/avatar\/2bb7f1561282132fb5826dfeccc66c7996d11ee392ac6aaf7ced8a1c2027fbb2?s=96&d=mm&r=g","url":"https:\/\/secure.gravatar.com\/avatar\/2bb7f1561282132fb5826dfeccc66c7996d11ee392ac6aaf7ced8a1c2027fbb2?s=96&d=mm&r=g","contentUrl":"https:\/\/secure.gravatar.com\/avatar\/2bb7f1561282132fb5826dfeccc66c7996d11ee392ac6aaf7ced8a1c2027fbb2?s=96&d=mm&r=g","caption":"Pova\u017esk\u00e9 m\u00fazeum"}}]}},"_links":{"self":[{"href":"https:\/\/pmza.sk\/index.php?rest_route=\/wp\/v2\/posts\/16058","targetHints":{"allow":["GET"]}}],"collection":[{"href":"https:\/\/pmza.sk\/index.php?rest_route=\/wp\/v2\/posts"}],"about":[{"href":"https:\/\/pmza.sk\/index.php?rest_route=\/wp\/v2\/types\/post"}],"author":[{"embeddable":true,"href":"https:\/\/pmza.sk\/index.php?rest_route=\/wp\/v2\/users\/2"}],"replies":[{"embeddable":true,"href":"https:\/\/pmza.sk\/index.php?rest_route=%2Fwp%2Fv2%2Fcomments&post=16058"}],"version-history":[{"count":0,"href":"https:\/\/pmza.sk\/index.php?rest_route=\/wp\/v2\/posts\/16058\/revisions"}],"wp:featuredmedia":[{"embeddable":true,"href":"https:\/\/pmza.sk\/index.php?rest_route=\/wp\/v2\/media\/15974"}],"wp:attachment":[{"href":"https:\/\/pmza.sk\/index.php?rest_route=%2Fwp%2Fv2%2Fmedia&parent=16058"}],"wp:term":[{"taxonomy":"category","embeddable":true,"href":"https:\/\/pmza.sk\/index.php?rest_route=%2Fwp%2Fv2%2Fcategories&post=16058"},{"taxonomy":"post_tag","embeddable":true,"href":"https:\/\/pmza.sk\/index.php?rest_route=%2Fwp%2Fv2%2Ftags&post=16058"}],"curies":[{"name":"wp","href":"https:\/\/api.w.org\/{rel}","templated":true}]}}