{"id":16086,"date":"2016-06-13T12:46:43","date_gmt":"2016-06-13T10:46:43","guid":{"rendered":"https:\/\/pmza.sk.sk\/?p=16086"},"modified":"2016-06-13T12:46:43","modified_gmt":"2016-06-13T10:46:43","slug":"slovenske-rytierske-dni-2016","status":"publish","type":"post","link":"https:\/\/pmza.sk\/?p=16086","title":{"rendered":"Slovensk\u00e9 rytierske dni 2016"},"content":{"rendered":"<p>Dobr\u00e1 spr\u00e1va pre priaznivcov hist\u00f3rie! Poz\u00fdvame v\u00e1s na historick\u00e9 podujatia organizovan\u00e9 \u017dilinsk\u00fdm samospr\u00e1vnym krajom, ktor\u00e9 bud\u00fa pln\u00e9 \u0161ermu, stredovek\u00e9ho \u017eivota a dobovej atmosf\u00e9ry. V\u00a0porad\u00ed druh\u00fd rytiersky de\u0148 m\u00f4\u017eete s\u00a0nami pre\u017ei\u0165 v nede\u013eu 19. j\u00fana 2016 v spolo\u010dnosti rytierov, sokoliarov, dobovej hudby a stredovekej atmosf\u00e9ry pod Hradom Stre\u010dno v\u00a0stredovekej dedine Paseka.<\/p>\n<p>Pre v\u0161etk\u00fdch milovn\u00edkov hist\u00f3rie pripravila \u017dilinsk\u00e1 \u017eupa aj tento rok s\u00e9riu podujat\u00ed s historickou tematikou, ktor\u00e9 sa bud\u00fa odohr\u00e1va\u0165 na historicky v\u00fdznamn\u00fdch miestach n\u00e1\u0161ho kraja. Op\u00e4\u0165 na v\u00e1s \u010dak\u00e1 p\u00e4\u0165 podujat\u00ed na piatich zauj\u00edmav\u00fdch miestach, ktor\u00e9 sa bud\u00fa odohr\u00e1va\u0165 po\u010das piatich mesiacov. Je pre v\u00e1s pripraven\u00fd pestr\u00fd program, ktor\u00fd sa bude venova\u0165 r\u00f4znym \u010dastiam tajomn\u00e9ho stredoveku.<\/p>\n<p>Pod majest\u00e1tnym Hradom Stre\u010dno, v\u00a0stredovekej dedinke Paseka sme v\u00a0spolupr\u00e1ci s\u00a0Pova\u017esk\u00fdm m\u00fazeom v\u00a0\u017diline pre v\u00e1s pripravili zauj\u00edmav\u00fd program. M\u00f4\u017eete sa te\u0161i\u0165 na skupinu historick\u00e9ho \u0161ermu WAGUS, svoje umenie v\u00e1m predved\u00fa sokoliari zo skupiny BIATEC a\u00a0do stredovekej atmosf\u00e9ry V\u00e1s svojou hudbou naladia VRBOVSK\u00c9 V\u0154BY. Pre mal\u00fdch aj ve\u013ek\u00fdch rytierov bud\u00fa pripraven\u00e9 akad\u00e9mie, pri ktor\u00fdch si m\u00f4\u017eu vysk\u00fa\u0161a\u0165 svoje rytierske schopnosti. Ch\u00fdba\u0165 nebude ani tradi\u010dn\u00fd stredovek\u00fd trh s origin\u00e1lnym dreven\u00fdm koloto\u010dom. Po\u010das jednotliv\u00fdch rytierskych dn\u00ed bud\u00fa pripraven\u00e9 pasy slovensk\u00e9ho rytiera, do ktor\u00fdch sa bud\u00fa zbiera\u0165 pe\u010diatky za \u00fa\u010das\u0165. Za tri nazbieran\u00e9 pe\u010diatky bud\u00fa m\u00f4c\u0165 n\u00e1v\u0161tevn\u00edci z\u00edska\u0165 dar\u010dek &#8211; knihu Templ\u00e1ri: legendy cti a\u00a0sl\u00e1vy.<\/p>\n","protected":false},"excerpt":{"rendered":"<p>Dobr\u00e1 spr\u00e1va pre priaznivcov hist\u00f3rie! Poz\u00fdvame v\u00e1s na historick\u00e9 podujatia organizovan\u00e9 \u017dilinsk\u00fdm samospr\u00e1vnym krajom, ktor\u00e9 bud\u00fa pln\u00e9 \u0161ermu, stredovek\u00e9ho \u017eivota a dobovej atmosf\u00e9ry. V\u00a0porad\u00ed druh\u00fd rytiersky de\u0148 m\u00f4\u017eete s\u00a0nami pre\u017ei\u0165 v nede\u013eu 19. j\u00fana 2016 v spolo\u010dnosti rytierov, sokoliarov, dobovej hudby a stredovekej atmosf\u00e9ry pod Hradom Stre\u010dno v\u00a0stredovekej dedine Paseka. Pre v\u0161etk\u00fdch milovn\u00edkov hist\u00f3rie pripravila [&hellip;]<\/p>\n","protected":false},"author":2,"featured_media":16085,"comment_status":"closed","ping_status":"closed","sticky":false,"template":"","format":"standard","meta":{"site-sidebar-layout":"default","site-content-layout":"","ast-site-content-layout":"","site-content-style":"default","site-sidebar-style":"default","ast-global-header-display":"","ast-banner-title-visibility":"","ast-main-header-display":"","ast-hfb-above-header-display":"","ast-hfb-below-header-display":"","ast-hfb-mobile-header-display":"","site-post-title":"","ast-breadcrumbs-content":"","ast-featured-img":"","footer-sml-layout":"","theme-transparent-header-meta":"","adv-header-id-meta":"","stick-header-meta":"","header-above-stick-meta":"","header-main-stick-meta":"","header-below-stick-meta":"","astra-migrate-meta-layouts":"default","ast-page-background-enabled":"default","ast-page-background-meta":{"desktop":{"background-color":"var(--ast-global-color-4)","background-image":"","background-repeat":"repeat","background-position":"center center","background-size":"auto","background-attachment":"scroll","background-type":"","background-media":"","overlay-type":"","overlay-color":"","overlay-opacity":"","overlay-gradient":""},"tablet":{"background-color":"","background-image":"","background-repeat":"repeat","background-position":"center center","background-size":"auto","background-attachment":"scroll","background-type":"","background-media":"","overlay-type":"","overlay-color":"","overlay-opacity":"","overlay-gradient":""},"mobile":{"background-color":"","background-image":"","background-repeat":"repeat","background-position":"center center","background-size":"auto","background-attachment":"scroll","background-type":"","background-media":"","overlay-type":"","overlay-color":"","overlay-opacity":"","overlay-gradient":""}},"ast-content-background-meta":{"desktop":{"background-color":"var(--ast-global-color-5)","background-image":"","background-repeat":"repeat","background-position":"center center","background-size":"auto","background-attachment":"scroll","background-type":"","background-media":"","overlay-type":"","overlay-color":"","overlay-opacity":"","overlay-gradient":""},"tablet":{"background-color":"var(--ast-global-color-5)","background-image":"","background-repeat":"repeat","background-position":"center center","background-size":"auto","background-attachment":"scroll","background-type":"","background-media":"","overlay-type":"","overlay-color":"","overlay-opacity":"","overlay-gradient":""},"mobile":{"background-color":"var(--ast-global-color-5)","background-image":"","background-repeat":"repeat","background-position":"center center","background-size":"auto","background-attachment":"scroll","background-type":"","background-media":"","overlay-type":"","overlay-color":"","overlay-opacity":"","overlay-gradient":""}},"footnotes":""},"categories":[50],"tags":[],"class_list":["post-16086","post","type-post","status-publish","format-standard","has-post-thumbnail","hentry","category-archiv-2016"],"yoast_head":"<!-- This site is optimized with the Yoast SEO plugin v27.4 - https:\/\/yoast.com\/product\/yoast-seo-wordpress\/ -->\n<title>Slovensk\u00e9 rytierske dni 2016 - Pova\u017esk\u00e9 m\u00fazeum<\/title>\n<meta name=\"robots\" content=\"index, follow, max-snippet:-1, max-image-preview:large, max-video-preview:-1\" \/>\n<link rel=\"canonical\" href=\"https:\/\/pmza.sk\/?p=16086\" \/>\n<meta property=\"og:locale\" content=\"sk_SK\" \/>\n<meta property=\"og:type\" content=\"article\" \/>\n<meta property=\"og:title\" content=\"Slovensk\u00e9 rytierske dni 2016 - Pova\u017esk\u00e9 m\u00fazeum\" \/>\n<meta property=\"og:description\" content=\"Dobr\u00e1 spr\u00e1va pre priaznivcov hist\u00f3rie! Poz\u00fdvame v\u00e1s na historick\u00e9 podujatia organizovan\u00e9 \u017dilinsk\u00fdm samospr\u00e1vnym krajom, ktor\u00e9 bud\u00fa pln\u00e9 \u0161ermu, stredovek\u00e9ho \u017eivota a dobovej atmosf\u00e9ry. V\u00a0porad\u00ed druh\u00fd rytiersky de\u0148 m\u00f4\u017eete s\u00a0nami pre\u017ei\u0165 v nede\u013eu 19. j\u00fana 2016 v spolo\u010dnosti rytierov, sokoliarov, dobovej hudby a stredovekej atmosf\u00e9ry pod Hradom Stre\u010dno v\u00a0stredovekej dedine Paseka. Pre v\u0161etk\u00fdch milovn\u00edkov hist\u00f3rie pripravila [&hellip;]\" \/>\n<meta property=\"og:url\" content=\"https:\/\/pmza.sk\/?p=16086\" \/>\n<meta property=\"og:site_name\" content=\"Pova\u017esk\u00e9 m\u00fazeum\" \/>\n<meta property=\"article:publisher\" content=\"https:\/\/www.facebook.com\/povazskemuzeum\" \/>\n<meta property=\"article:published_time\" content=\"2016-06-13T10:46:43+00:00\" \/>\n<meta property=\"og:image\" content=\"https:\/\/pmza.sk\/wp-content\/uploads\/2016\/05\/Slovenske-rytierske-dni-2016_plagat_Strecno-scaled-1.jpg\" \/>\n\t<meta property=\"og:image:width\" content=\"2560\" \/>\n\t<meta property=\"og:image:height\" content=\"1810\" \/>\n\t<meta property=\"og:image:type\" content=\"image\/jpeg\" \/>\n<meta name=\"author\" content=\"Pova\u017esk\u00e9 m\u00fazeum\" \/>\n<meta name=\"twitter:card\" content=\"summary_large_image\" \/>\n<meta name=\"twitter:label1\" content=\"Autor\" \/>\n\t<meta name=\"twitter:data1\" content=\"Pova\u017esk\u00e9 m\u00fazeum\" \/>\n\t<meta name=\"twitter:label2\" content=\"Predpokladan\u00fd \u010das \u010d\u00edtania\" \/>\n\t<meta name=\"twitter:data2\" content=\"1 min\u00fata\" \/>\n<script type=\"application\/ld+json\" class=\"yoast-schema-graph\">{\"@context\":\"https:\\\/\\\/schema.org\",\"@graph\":[{\"@type\":\"Article\",\"@id\":\"https:\\\/\\\/pmza.sk\\\/?p=16086#article\",\"isPartOf\":{\"@id\":\"https:\\\/\\\/pmza.sk\\\/?p=16086\"},\"author\":{\"name\":\"Pova\u017esk\u00e9 m\u00fazeum\",\"@id\":\"https:\\\/\\\/pmza.sk\\\/#\\\/schema\\\/person\\\/595e6a2ce731ea94dcd5d7f50a41ae33\"},\"headline\":\"Slovensk\u00e9 rytierske dni 2016\",\"datePublished\":\"2016-06-13T10:46:43+00:00\",\"mainEntityOfPage\":{\"@id\":\"https:\\\/\\\/pmza.sk\\\/?p=16086\"},\"wordCount\":289,\"publisher\":{\"@id\":\"https:\\\/\\\/pmza.sk\\\/#organization\"},\"image\":{\"@id\":\"https:\\\/\\\/pmza.sk\\\/?p=16086#primaryimage\"},\"thumbnailUrl\":\"https:\\\/\\\/pmza.sk\\\/wp-content\\\/uploads\\\/2016\\\/05\\\/Slovenske-rytierske-dni-2016_plagat_Strecno-scaled-1.jpg\",\"articleSection\":[\"Arch\u00edv 2016\"],\"inLanguage\":\"sk-SK\"},{\"@type\":\"WebPage\",\"@id\":\"https:\\\/\\\/pmza.sk\\\/?p=16086\",\"url\":\"https:\\\/\\\/pmza.sk\\\/?p=16086\",\"name\":\"Slovensk\u00e9 rytierske dni 2016 - Pova\u017esk\u00e9 m\u00fazeum\",\"isPartOf\":{\"@id\":\"https:\\\/\\\/pmza.sk\\\/#website\"},\"primaryImageOfPage\":{\"@id\":\"https:\\\/\\\/pmza.sk\\\/?p=16086#primaryimage\"},\"image\":{\"@id\":\"https:\\\/\\\/pmza.sk\\\/?p=16086#primaryimage\"},\"thumbnailUrl\":\"https:\\\/\\\/pmza.sk\\\/wp-content\\\/uploads\\\/2016\\\/05\\\/Slovenske-rytierske-dni-2016_plagat_Strecno-scaled-1.jpg\",\"datePublished\":\"2016-06-13T10:46:43+00:00\",\"breadcrumb\":{\"@id\":\"https:\\\/\\\/pmza.sk\\\/?p=16086#breadcrumb\"},\"inLanguage\":\"sk-SK\",\"potentialAction\":[{\"@type\":\"ReadAction\",\"target\":[\"https:\\\/\\\/pmza.sk\\\/?p=16086\"]}]},{\"@type\":\"ImageObject\",\"inLanguage\":\"sk-SK\",\"@id\":\"https:\\\/\\\/pmza.sk\\\/?p=16086#primaryimage\",\"url\":\"https:\\\/\\\/pmza.sk\\\/wp-content\\\/uploads\\\/2016\\\/05\\\/Slovenske-rytierske-dni-2016_plagat_Strecno-scaled-1.jpg\",\"contentUrl\":\"https:\\\/\\\/pmza.sk\\\/wp-content\\\/uploads\\\/2016\\\/05\\\/Slovenske-rytierske-dni-2016_plagat_Strecno-scaled-1.jpg\",\"width\":2560,\"height\":1810},{\"@type\":\"BreadcrumbList\",\"@id\":\"https:\\\/\\\/pmza.sk\\\/?p=16086#breadcrumb\",\"itemListElement\":[{\"@type\":\"ListItem\",\"position\":1,\"name\":\"Domovsk\u00e1 str\u00e1nka\",\"item\":\"https:\\\/\\\/pmza.sk\\\/\"},{\"@type\":\"ListItem\",\"position\":2,\"name\":\"Slovensk\u00e9 rytierske dni 2016\"}]},{\"@type\":\"WebSite\",\"@id\":\"https:\\\/\\\/pmza.sk\\\/#website\",\"url\":\"https:\\\/\\\/pmza.sk\\\/\",\"name\":\"Pova\u017esk\u00e9 m\u00fazeum\",\"description\":\"Pova\u017esk\u00e9 m\u00fazeum v \u017diline je region\u00e1lne m\u00fazeum so s\u00eddlom v Budat\u00edne. Jeho expoz\u00edcie s\u00fa zameran\u00e9 na dejiny slovensk\u00e9ho umenia, kult\u00fary a dopravy.\",\"publisher\":{\"@id\":\"https:\\\/\\\/pmza.sk\\\/#organization\"},\"potentialAction\":[{\"@type\":\"SearchAction\",\"target\":{\"@type\":\"EntryPoint\",\"urlTemplate\":\"https:\\\/\\\/pmza.sk\\\/?s={search_term_string}\"},\"query-input\":{\"@type\":\"PropertyValueSpecification\",\"valueRequired\":true,\"valueName\":\"search_term_string\"}}],\"inLanguage\":\"sk-SK\"},{\"@type\":\"Organization\",\"@id\":\"https:\\\/\\\/pmza.sk\\\/#organization\",\"name\":\"Pova\u017esk\u00e9 m\u00fazeum\",\"url\":\"https:\\\/\\\/pmza.sk\\\/\",\"logo\":{\"@type\":\"ImageObject\",\"inLanguage\":\"sk-SK\",\"@id\":\"https:\\\/\\\/pmza.sk\\\/#\\\/schema\\\/logo\\\/image\\\/\",\"url\":\"https:\\\/\\\/pmza.sk\\\/wp-content\\\/uploads\\\/2022\\\/01\\\/logo_PM_horizontal.jpg\",\"contentUrl\":\"https:\\\/\\\/pmza.sk\\\/wp-content\\\/uploads\\\/2022\\\/01\\\/logo_PM_horizontal.jpg\",\"width\":231,\"height\":142,\"caption\":\"Pova\u017esk\u00e9 m\u00fazeum\"},\"image\":{\"@id\":\"https:\\\/\\\/pmza.sk\\\/#\\\/schema\\\/logo\\\/image\\\/\"},\"sameAs\":[\"https:\\\/\\\/www.facebook.com\\\/povazskemuzeum\",\"https:\\\/\\\/www.instagram.com\\\/povazskemuzeum\\\/\"]},{\"@type\":\"Person\",\"@id\":\"https:\\\/\\\/pmza.sk\\\/#\\\/schema\\\/person\\\/595e6a2ce731ea94dcd5d7f50a41ae33\",\"name\":\"Pova\u017esk\u00e9 m\u00fazeum\",\"image\":{\"@type\":\"ImageObject\",\"inLanguage\":\"sk-SK\",\"@id\":\"https:\\\/\\\/secure.gravatar.com\\\/avatar\\\/2bb7f1561282132fb5826dfeccc66c7996d11ee392ac6aaf7ced8a1c2027fbb2?s=96&d=mm&r=g\",\"url\":\"https:\\\/\\\/secure.gravatar.com\\\/avatar\\\/2bb7f1561282132fb5826dfeccc66c7996d11ee392ac6aaf7ced8a1c2027fbb2?s=96&d=mm&r=g\",\"contentUrl\":\"https:\\\/\\\/secure.gravatar.com\\\/avatar\\\/2bb7f1561282132fb5826dfeccc66c7996d11ee392ac6aaf7ced8a1c2027fbb2?s=96&d=mm&r=g\",\"caption\":\"Pova\u017esk\u00e9 m\u00fazeum\"}}]}<\/script>\n<!-- \/ Yoast SEO plugin. -->","yoast_head_json":{"title":"Slovensk\u00e9 rytierske dni 2016 - Pova\u017esk\u00e9 m\u00fazeum","robots":{"index":"index","follow":"follow","max-snippet":"max-snippet:-1","max-image-preview":"max-image-preview:large","max-video-preview":"max-video-preview:-1"},"canonical":"https:\/\/pmza.sk\/?p=16086","og_locale":"sk_SK","og_type":"article","og_title":"Slovensk\u00e9 rytierske dni 2016 - Pova\u017esk\u00e9 m\u00fazeum","og_description":"Dobr\u00e1 spr\u00e1va pre priaznivcov hist\u00f3rie! Poz\u00fdvame v\u00e1s na historick\u00e9 podujatia organizovan\u00e9 \u017dilinsk\u00fdm samospr\u00e1vnym krajom, ktor\u00e9 bud\u00fa pln\u00e9 \u0161ermu, stredovek\u00e9ho \u017eivota a dobovej atmosf\u00e9ry. V\u00a0porad\u00ed druh\u00fd rytiersky de\u0148 m\u00f4\u017eete s\u00a0nami pre\u017ei\u0165 v nede\u013eu 19. j\u00fana 2016 v spolo\u010dnosti rytierov, sokoliarov, dobovej hudby a stredovekej atmosf\u00e9ry pod Hradom Stre\u010dno v\u00a0stredovekej dedine Paseka. Pre v\u0161etk\u00fdch milovn\u00edkov hist\u00f3rie pripravila [&hellip;]","og_url":"https:\/\/pmza.sk\/?p=16086","og_site_name":"Pova\u017esk\u00e9 m\u00fazeum","article_publisher":"https:\/\/www.facebook.com\/povazskemuzeum","article_published_time":"2016-06-13T10:46:43+00:00","og_image":[{"width":2560,"height":1810,"url":"https:\/\/pmza.sk\/wp-content\/uploads\/2016\/05\/Slovenske-rytierske-dni-2016_plagat_Strecno-scaled-1.jpg","type":"image\/jpeg"}],"author":"Pova\u017esk\u00e9 m\u00fazeum","twitter_card":"summary_large_image","twitter_misc":{"Autor":"Pova\u017esk\u00e9 m\u00fazeum","Predpokladan\u00fd \u010das \u010d\u00edtania":"1 min\u00fata"},"schema":{"@context":"https:\/\/schema.org","@graph":[{"@type":"Article","@id":"https:\/\/pmza.sk\/?p=16086#article","isPartOf":{"@id":"https:\/\/pmza.sk\/?p=16086"},"author":{"name":"Pova\u017esk\u00e9 m\u00fazeum","@id":"https:\/\/pmza.sk\/#\/schema\/person\/595e6a2ce731ea94dcd5d7f50a41ae33"},"headline":"Slovensk\u00e9 rytierske dni 2016","datePublished":"2016-06-13T10:46:43+00:00","mainEntityOfPage":{"@id":"https:\/\/pmza.sk\/?p=16086"},"wordCount":289,"publisher":{"@id":"https:\/\/pmza.sk\/#organization"},"image":{"@id":"https:\/\/pmza.sk\/?p=16086#primaryimage"},"thumbnailUrl":"https:\/\/pmza.sk\/wp-content\/uploads\/2016\/05\/Slovenske-rytierske-dni-2016_plagat_Strecno-scaled-1.jpg","articleSection":["Arch\u00edv 2016"],"inLanguage":"sk-SK"},{"@type":"WebPage","@id":"https:\/\/pmza.sk\/?p=16086","url":"https:\/\/pmza.sk\/?p=16086","name":"Slovensk\u00e9 rytierske dni 2016 - Pova\u017esk\u00e9 m\u00fazeum","isPartOf":{"@id":"https:\/\/pmza.sk\/#website"},"primaryImageOfPage":{"@id":"https:\/\/pmza.sk\/?p=16086#primaryimage"},"image":{"@id":"https:\/\/pmza.sk\/?p=16086#primaryimage"},"thumbnailUrl":"https:\/\/pmza.sk\/wp-content\/uploads\/2016\/05\/Slovenske-rytierske-dni-2016_plagat_Strecno-scaled-1.jpg","datePublished":"2016-06-13T10:46:43+00:00","breadcrumb":{"@id":"https:\/\/pmza.sk\/?p=16086#breadcrumb"},"inLanguage":"sk-SK","potentialAction":[{"@type":"ReadAction","target":["https:\/\/pmza.sk\/?p=16086"]}]},{"@type":"ImageObject","inLanguage":"sk-SK","@id":"https:\/\/pmza.sk\/?p=16086#primaryimage","url":"https:\/\/pmza.sk\/wp-content\/uploads\/2016\/05\/Slovenske-rytierske-dni-2016_plagat_Strecno-scaled-1.jpg","contentUrl":"https:\/\/pmza.sk\/wp-content\/uploads\/2016\/05\/Slovenske-rytierske-dni-2016_plagat_Strecno-scaled-1.jpg","width":2560,"height":1810},{"@type":"BreadcrumbList","@id":"https:\/\/pmza.sk\/?p=16086#breadcrumb","itemListElement":[{"@type":"ListItem","position":1,"name":"Domovsk\u00e1 str\u00e1nka","item":"https:\/\/pmza.sk\/"},{"@type":"ListItem","position":2,"name":"Slovensk\u00e9 rytierske dni 2016"}]},{"@type":"WebSite","@id":"https:\/\/pmza.sk\/#website","url":"https:\/\/pmza.sk\/","name":"Pova\u017esk\u00e9 m\u00fazeum","description":"Pova\u017esk\u00e9 m\u00fazeum v \u017diline je region\u00e1lne m\u00fazeum so s\u00eddlom v Budat\u00edne. Jeho expoz\u00edcie s\u00fa zameran\u00e9 na dejiny slovensk\u00e9ho umenia, kult\u00fary a dopravy.","publisher":{"@id":"https:\/\/pmza.sk\/#organization"},"potentialAction":[{"@type":"SearchAction","target":{"@type":"EntryPoint","urlTemplate":"https:\/\/pmza.sk\/?s={search_term_string}"},"query-input":{"@type":"PropertyValueSpecification","valueRequired":true,"valueName":"search_term_string"}}],"inLanguage":"sk-SK"},{"@type":"Organization","@id":"https:\/\/pmza.sk\/#organization","name":"Pova\u017esk\u00e9 m\u00fazeum","url":"https:\/\/pmza.sk\/","logo":{"@type":"ImageObject","inLanguage":"sk-SK","@id":"https:\/\/pmza.sk\/#\/schema\/logo\/image\/","url":"https:\/\/pmza.sk\/wp-content\/uploads\/2022\/01\/logo_PM_horizontal.jpg","contentUrl":"https:\/\/pmza.sk\/wp-content\/uploads\/2022\/01\/logo_PM_horizontal.jpg","width":231,"height":142,"caption":"Pova\u017esk\u00e9 m\u00fazeum"},"image":{"@id":"https:\/\/pmza.sk\/#\/schema\/logo\/image\/"},"sameAs":["https:\/\/www.facebook.com\/povazskemuzeum","https:\/\/www.instagram.com\/povazskemuzeum\/"]},{"@type":"Person","@id":"https:\/\/pmza.sk\/#\/schema\/person\/595e6a2ce731ea94dcd5d7f50a41ae33","name":"Pova\u017esk\u00e9 m\u00fazeum","image":{"@type":"ImageObject","inLanguage":"sk-SK","@id":"https:\/\/secure.gravatar.com\/avatar\/2bb7f1561282132fb5826dfeccc66c7996d11ee392ac6aaf7ced8a1c2027fbb2?s=96&d=mm&r=g","url":"https:\/\/secure.gravatar.com\/avatar\/2bb7f1561282132fb5826dfeccc66c7996d11ee392ac6aaf7ced8a1c2027fbb2?s=96&d=mm&r=g","contentUrl":"https:\/\/secure.gravatar.com\/avatar\/2bb7f1561282132fb5826dfeccc66c7996d11ee392ac6aaf7ced8a1c2027fbb2?s=96&d=mm&r=g","caption":"Pova\u017esk\u00e9 m\u00fazeum"}}]}},"_links":{"self":[{"href":"https:\/\/pmza.sk\/index.php?rest_route=\/wp\/v2\/posts\/16086","targetHints":{"allow":["GET"]}}],"collection":[{"href":"https:\/\/pmza.sk\/index.php?rest_route=\/wp\/v2\/posts"}],"about":[{"href":"https:\/\/pmza.sk\/index.php?rest_route=\/wp\/v2\/types\/post"}],"author":[{"embeddable":true,"href":"https:\/\/pmza.sk\/index.php?rest_route=\/wp\/v2\/users\/2"}],"replies":[{"embeddable":true,"href":"https:\/\/pmza.sk\/index.php?rest_route=%2Fwp%2Fv2%2Fcomments&post=16086"}],"version-history":[{"count":0,"href":"https:\/\/pmza.sk\/index.php?rest_route=\/wp\/v2\/posts\/16086\/revisions"}],"wp:featuredmedia":[{"embeddable":true,"href":"https:\/\/pmza.sk\/index.php?rest_route=\/wp\/v2\/media\/16085"}],"wp:attachment":[{"href":"https:\/\/pmza.sk\/index.php?rest_route=%2Fwp%2Fv2%2Fmedia&parent=16086"}],"wp:term":[{"taxonomy":"category","embeddable":true,"href":"https:\/\/pmza.sk\/index.php?rest_route=%2Fwp%2Fv2%2Fcategories&post=16086"},{"taxonomy":"post_tag","embeddable":true,"href":"https:\/\/pmza.sk\/index.php?rest_route=%2Fwp%2Fv2%2Ftags&post=16086"}],"curies":[{"name":"wp","href":"https:\/\/api.w.org\/{rel}","templated":true}]}}