{"id":16214,"date":"2016-06-01T09:50:26","date_gmt":"2016-06-01T07:50:26","guid":{"rendered":"https:\/\/pmza.sk.sk\/?p=16214"},"modified":"2016-06-01T09:50:26","modified_gmt":"2016-06-01T07:50:26","slug":"vylet-do-historie-okrasnej-zahrady-pri-sobasnom-palaci","status":"publish","type":"post","link":"https:\/\/pmza.sk\/?p=16214","title":{"rendered":"V\u00fdlet do hist\u00f3rie okrasnej z\u00e1hrady pri Sob\u00e1\u0161nom pal\u00e1ci"},"content":{"rendered":"<p><span style=\"color: #008000;\"><strong>V\u00edkend otvoren\u00fdch parkov a\u00a0z\u00e1hrad <\/strong><\/span><\/p>\n<p><span style=\"color: #008000;\"><em><strong>V\u00fdlet do hist\u00f3rie okrasnej z\u00e1hrady pri Sob\u00e1\u0161nom pal\u00e1ci<\/strong><\/em><\/span><\/p>\n<p>Pova\u017esk\u00e9 m\u00fazeum v \u017diline sa po prv\u00fdkr\u00e1t zap\u00e1ja do projektu V\u00edkend otvoren\u00fdch parkov a z\u00e1hrad, ktor\u00fd sa uskuto\u010dn\u00ed od 10. \u2013 12. j\u00fana 2016 a\u00a0to prostredn\u00edctvom Sob\u00e1\u0161neho pal\u00e1ca v\u00a0Byt\u010di, ktor\u00fd je s\u00fa\u010das\u0165ou zn\u00e1meho z\u00e1mock\u00e9ho are\u00e1lu a patr\u00ed medzi najv\u00fdznamnej\u0161ie renesan\u010dn\u00e9 pamiatky v strednej Eur\u00f3pe. Samotn\u00fd are\u00e1l pozost\u00e1va z\u00a0komplexu budov &#8211; renesan\u010dn\u00e9ho ka\u0161tie\u013ea (od roku 1970 n\u00e1rodn\u00e1 kult\u00farna pamiatka), Sob\u00e1\u0161neho pal\u00e1ca, p\u00f4vodne star\u0161ej budovy prestavanej v klasicistickom \u0161t\u00fdle a vstupnej budovy z konca 19. storo\u010dia.<!--more--><\/p>\n<p><span style=\"color: #008000;\"><strong>V piatok 10. j\u00fana sa vydaj\u00fa \u00fa\u010dastn\u00edci ( vhodn\u00e9 pre \u017eiakov II. stup\u0148a Z\u0160) \u00a0na \u201eV\u00fdlet do hist\u00f3rie okrasnej z\u00e1hrady pri Sob\u00e1\u0161nom pal\u00e1ci\u201c.<\/strong><\/span><\/p>\n<p>Podujatie je spojen\u00e9 s rie\u0161en\u00edm \u00faloh, odkr\u00fdvaj\u00facich zauj\u00edmavosti sveta historick\u00fdch z\u00e1hrad. V r\u00e1mci viacer\u00fdch aktiv\u00edt bude \u017eiakom pribl\u00ed\u017een\u00fd renesan\u010dn\u00fd a barokov\u00fd z\u00e1hradn\u00fd \u0161t\u00fdl priamo v atrakt\u00edvnych priestoroch z\u00e1hrady Sob\u00e1\u0161neho pal\u00e1ca v Byt\u010di. O\u00a0z\u00e1bavu a\u00a0nadobudnut\u00e9 vedomosti nebude n\u00fadza.<\/p>\n<p><strong>Podujatie je bezplatn\u00e9, len pre vopred objednan\u00e9 skupiny.<\/strong><\/p>\n<p>V pr\u00edpade z\u00e1ujmu kontaktujte spr\u00e1vky\u0148u na telef\u00f3n <strong>041\/5523027<\/strong> alebo elektronicky: <strong>lukacsova@pmza.sk<\/strong><\/p>\n<p>&nbsp;<\/p>\n<p><span style=\"color: #008000;\"><strong>O projekte V\u00edkend otvoren\u00fdch parkov a z\u00e1hrad : <\/strong><\/span><\/p>\n<p>Podujatie na Slovensku organiza\u010dne zabezpe\u010duje N\u00e1rodn\u00fd Trust n.o., ide o udalos\u0165, ktor\u00e1 d\u00e1va \u013eu\u010fom mo\u017enos\u0165 spozna\u0165 ob\u013e\u00faben\u00e9 miesta z\u00e1hradn\u00e9ho umenia na\u0161ej republiky nov\u00fdm sp\u00f4sobom, \u010di nahliadnu\u0165 do be\u017ene nepr\u00edstupn\u00fdch parkov a z\u00e1hrad. Cie\u013eom kult\u00farno-v\u00fdchovn\u00e9ho podujatia je atrakt\u00edvnym sp\u00f4sobom prezentova\u0165 hodnoty najm\u00e4 historick\u00fdch parkov a z\u00e1hrad verejnosti a cez pochopenie t\u00fdchto hodn\u00f4t vies\u0165 \u013eud\u00ed k ich akt\u00edvnej ochrane.<\/p>\n<p>Viac info na: <a href=\"http:\/\/vopz.sk\/sobasny-palac-v-bytci\/\">http:\/\/vopz.sk\/sobasny-palac-v-bytci\/<\/a><\/p>\n","protected":false},"excerpt":{"rendered":"<p>V\u00edkend otvoren\u00fdch parkov a\u00a0z\u00e1hrad V\u00fdlet do hist\u00f3rie okrasnej z\u00e1hrady pri Sob\u00e1\u0161nom pal\u00e1ci Pova\u017esk\u00e9 m\u00fazeum v \u017diline sa po prv\u00fdkr\u00e1t zap\u00e1ja do projektu V\u00edkend otvoren\u00fdch parkov a z\u00e1hrad, ktor\u00fd sa uskuto\u010dn\u00ed od 10. \u2013 12. j\u00fana 2016 a\u00a0to prostredn\u00edctvom Sob\u00e1\u0161neho pal\u00e1ca v\u00a0Byt\u010di, ktor\u00fd je s\u00fa\u010das\u0165ou zn\u00e1meho z\u00e1mock\u00e9ho are\u00e1lu a patr\u00ed medzi najv\u00fdznamnej\u0161ie renesan\u010dn\u00e9 pamiatky v strednej [&hellip;]<\/p>\n","protected":false},"author":2,"featured_media":16215,"comment_status":"closed","ping_status":"closed","sticky":false,"template":"","format":"standard","meta":{"site-sidebar-layout":"default","site-content-layout":"","ast-site-content-layout":"","site-content-style":"default","site-sidebar-style":"default","ast-global-header-display":"","ast-banner-title-visibility":"","ast-main-header-display":"","ast-hfb-above-header-display":"","ast-hfb-below-header-display":"","ast-hfb-mobile-header-display":"","site-post-title":"","ast-breadcrumbs-content":"","ast-featured-img":"","footer-sml-layout":"","theme-transparent-header-meta":"","adv-header-id-meta":"","stick-header-meta":"","header-above-stick-meta":"","header-main-stick-meta":"","header-below-stick-meta":"","astra-migrate-meta-layouts":"default","ast-page-background-enabled":"default","ast-page-background-meta":{"desktop":{"background-color":"var(--ast-global-color-4)","background-image":"","background-repeat":"repeat","background-position":"center center","background-size":"auto","background-attachment":"scroll","background-type":"","background-media":"","overlay-type":"","overlay-color":"","overlay-opacity":"","overlay-gradient":""},"tablet":{"background-color":"","background-image":"","background-repeat":"repeat","background-position":"center center","background-size":"auto","background-attachment":"scroll","background-type":"","background-media":"","overlay-type":"","overlay-color":"","overlay-opacity":"","overlay-gradient":""},"mobile":{"background-color":"","background-image":"","background-repeat":"repeat","background-position":"center center","background-size":"auto","background-attachment":"scroll","background-type":"","background-media":"","overlay-type":"","overlay-color":"","overlay-opacity":"","overlay-gradient":""}},"ast-content-background-meta":{"desktop":{"background-color":"var(--ast-global-color-5)","background-image":"","background-repeat":"repeat","background-position":"center center","background-size":"auto","background-attachment":"scroll","background-type":"","background-media":"","overlay-type":"","overlay-color":"","overlay-opacity":"","overlay-gradient":""},"tablet":{"background-color":"var(--ast-global-color-5)","background-image":"","background-repeat":"repeat","background-position":"center center","background-size":"auto","background-attachment":"scroll","background-type":"","background-media":"","overlay-type":"","overlay-color":"","overlay-opacity":"","overlay-gradient":""},"mobile":{"background-color":"var(--ast-global-color-5)","background-image":"","background-repeat":"repeat","background-position":"center center","background-size":"auto","background-attachment":"scroll","background-type":"","background-media":"","overlay-type":"","overlay-color":"","overlay-opacity":"","overlay-gradient":""}},"footnotes":""},"categories":[50],"tags":[],"class_list":["post-16214","post","type-post","status-publish","format-standard","has-post-thumbnail","hentry","category-archiv-2016"],"yoast_head":"<!-- This site is optimized with the Yoast SEO plugin v27.4 - https:\/\/yoast.com\/product\/yoast-seo-wordpress\/ -->\n<title>V\u00fdlet do hist\u00f3rie okrasnej z\u00e1hrady pri Sob\u00e1\u0161nom pal\u00e1ci - Pova\u017esk\u00e9 m\u00fazeum<\/title>\n<meta name=\"robots\" content=\"index, follow, max-snippet:-1, max-image-preview:large, max-video-preview:-1\" \/>\n<link rel=\"canonical\" href=\"https:\/\/pmza.sk\/?p=16214\" \/>\n<meta property=\"og:locale\" content=\"sk_SK\" \/>\n<meta property=\"og:type\" content=\"article\" \/>\n<meta property=\"og:title\" content=\"V\u00fdlet do hist\u00f3rie okrasnej z\u00e1hrady pri Sob\u00e1\u0161nom pal\u00e1ci - Pova\u017esk\u00e9 m\u00fazeum\" \/>\n<meta property=\"og:description\" content=\"V\u00edkend otvoren\u00fdch parkov a\u00a0z\u00e1hrad V\u00fdlet do hist\u00f3rie okrasnej z\u00e1hrady pri Sob\u00e1\u0161nom pal\u00e1ci Pova\u017esk\u00e9 m\u00fazeum v \u017diline sa po prv\u00fdkr\u00e1t zap\u00e1ja do projektu V\u00edkend otvoren\u00fdch parkov a z\u00e1hrad, ktor\u00fd sa uskuto\u010dn\u00ed od 10. \u2013 12. j\u00fana 2016 a\u00a0to prostredn\u00edctvom Sob\u00e1\u0161neho pal\u00e1ca v\u00a0Byt\u010di, ktor\u00fd je s\u00fa\u010das\u0165ou zn\u00e1meho z\u00e1mock\u00e9ho are\u00e1lu a patr\u00ed medzi najv\u00fdznamnej\u0161ie renesan\u010dn\u00e9 pamiatky v strednej [&hellip;]\" \/>\n<meta property=\"og:url\" content=\"https:\/\/pmza.sk\/?p=16214\" \/>\n<meta property=\"og:site_name\" content=\"Pova\u017esk\u00e9 m\u00fazeum\" \/>\n<meta property=\"article:publisher\" content=\"https:\/\/www.facebook.com\/povazskemuzeum\" \/>\n<meta property=\"article:published_time\" content=\"2016-06-01T07:50:26+00:00\" \/>\n<meta property=\"og:image\" content=\"https:\/\/pmza.sk\/wp-content\/uploads\/2016\/06\/Vikend-otvorenych-parkov-a-zahrad.jpg\" \/>\n\t<meta property=\"og:image:width\" content=\"552\" \/>\n\t<meta property=\"og:image:height\" content=\"780\" \/>\n\t<meta property=\"og:image:type\" content=\"image\/jpeg\" \/>\n<meta name=\"author\" content=\"Pova\u017esk\u00e9 m\u00fazeum\" \/>\n<meta name=\"twitter:card\" content=\"summary_large_image\" \/>\n<meta name=\"twitter:label1\" content=\"Autor\" \/>\n\t<meta name=\"twitter:data1\" content=\"Pova\u017esk\u00e9 m\u00fazeum\" \/>\n\t<meta name=\"twitter:label2\" content=\"Predpokladan\u00fd \u010das \u010d\u00edtania\" \/>\n\t<meta name=\"twitter:data2\" content=\"2 min\u00faty\" \/>\n<script type=\"application\/ld+json\" class=\"yoast-schema-graph\">{\"@context\":\"https:\\\/\\\/schema.org\",\"@graph\":[{\"@type\":\"Article\",\"@id\":\"https:\\\/\\\/pmza.sk\\\/?p=16214#article\",\"isPartOf\":{\"@id\":\"https:\\\/\\\/pmza.sk\\\/?p=16214\"},\"author\":{\"name\":\"Pova\u017esk\u00e9 m\u00fazeum\",\"@id\":\"https:\\\/\\\/pmza.sk\\\/#\\\/schema\\\/person\\\/595e6a2ce731ea94dcd5d7f50a41ae33\"},\"headline\":\"V\u00fdlet do hist\u00f3rie okrasnej z\u00e1hrady pri Sob\u00e1\u0161nom pal\u00e1ci\",\"datePublished\":\"2016-06-01T07:50:26+00:00\",\"mainEntityOfPage\":{\"@id\":\"https:\\\/\\\/pmza.sk\\\/?p=16214\"},\"wordCount\":360,\"publisher\":{\"@id\":\"https:\\\/\\\/pmza.sk\\\/#organization\"},\"image\":{\"@id\":\"https:\\\/\\\/pmza.sk\\\/?p=16214#primaryimage\"},\"thumbnailUrl\":\"https:\\\/\\\/pmza.sk\\\/wp-content\\\/uploads\\\/2016\\\/06\\\/Vikend-otvorenych-parkov-a-zahrad.jpg\",\"articleSection\":[\"Arch\u00edv 2016\"],\"inLanguage\":\"sk-SK\"},{\"@type\":\"WebPage\",\"@id\":\"https:\\\/\\\/pmza.sk\\\/?p=16214\",\"url\":\"https:\\\/\\\/pmza.sk\\\/?p=16214\",\"name\":\"V\u00fdlet do hist\u00f3rie okrasnej z\u00e1hrady pri Sob\u00e1\u0161nom pal\u00e1ci - Pova\u017esk\u00e9 m\u00fazeum\",\"isPartOf\":{\"@id\":\"https:\\\/\\\/pmza.sk\\\/#website\"},\"primaryImageOfPage\":{\"@id\":\"https:\\\/\\\/pmza.sk\\\/?p=16214#primaryimage\"},\"image\":{\"@id\":\"https:\\\/\\\/pmza.sk\\\/?p=16214#primaryimage\"},\"thumbnailUrl\":\"https:\\\/\\\/pmza.sk\\\/wp-content\\\/uploads\\\/2016\\\/06\\\/Vikend-otvorenych-parkov-a-zahrad.jpg\",\"datePublished\":\"2016-06-01T07:50:26+00:00\",\"breadcrumb\":{\"@id\":\"https:\\\/\\\/pmza.sk\\\/?p=16214#breadcrumb\"},\"inLanguage\":\"sk-SK\",\"potentialAction\":[{\"@type\":\"ReadAction\",\"target\":[\"https:\\\/\\\/pmza.sk\\\/?p=16214\"]}]},{\"@type\":\"ImageObject\",\"inLanguage\":\"sk-SK\",\"@id\":\"https:\\\/\\\/pmza.sk\\\/?p=16214#primaryimage\",\"url\":\"https:\\\/\\\/pmza.sk\\\/wp-content\\\/uploads\\\/2016\\\/06\\\/Vikend-otvorenych-parkov-a-zahrad.jpg\",\"contentUrl\":\"https:\\\/\\\/pmza.sk\\\/wp-content\\\/uploads\\\/2016\\\/06\\\/Vikend-otvorenych-parkov-a-zahrad.jpg\",\"width\":552,\"height\":780},{\"@type\":\"BreadcrumbList\",\"@id\":\"https:\\\/\\\/pmza.sk\\\/?p=16214#breadcrumb\",\"itemListElement\":[{\"@type\":\"ListItem\",\"position\":1,\"name\":\"Domovsk\u00e1 str\u00e1nka\",\"item\":\"https:\\\/\\\/pmza.sk\\\/\"},{\"@type\":\"ListItem\",\"position\":2,\"name\":\"V\u00fdlet do hist\u00f3rie okrasnej z\u00e1hrady pri Sob\u00e1\u0161nom pal\u00e1ci\"}]},{\"@type\":\"WebSite\",\"@id\":\"https:\\\/\\\/pmza.sk\\\/#website\",\"url\":\"https:\\\/\\\/pmza.sk\\\/\",\"name\":\"Pova\u017esk\u00e9 m\u00fazeum\",\"description\":\"Pova\u017esk\u00e9 m\u00fazeum v \u017diline je region\u00e1lne m\u00fazeum so s\u00eddlom v Budat\u00edne. Jeho expoz\u00edcie s\u00fa zameran\u00e9 na dejiny slovensk\u00e9ho umenia, kult\u00fary a dopravy.\",\"publisher\":{\"@id\":\"https:\\\/\\\/pmza.sk\\\/#organization\"},\"potentialAction\":[{\"@type\":\"SearchAction\",\"target\":{\"@type\":\"EntryPoint\",\"urlTemplate\":\"https:\\\/\\\/pmza.sk\\\/?s={search_term_string}\"},\"query-input\":{\"@type\":\"PropertyValueSpecification\",\"valueRequired\":true,\"valueName\":\"search_term_string\"}}],\"inLanguage\":\"sk-SK\"},{\"@type\":\"Organization\",\"@id\":\"https:\\\/\\\/pmza.sk\\\/#organization\",\"name\":\"Pova\u017esk\u00e9 m\u00fazeum\",\"url\":\"https:\\\/\\\/pmza.sk\\\/\",\"logo\":{\"@type\":\"ImageObject\",\"inLanguage\":\"sk-SK\",\"@id\":\"https:\\\/\\\/pmza.sk\\\/#\\\/schema\\\/logo\\\/image\\\/\",\"url\":\"https:\\\/\\\/pmza.sk\\\/wp-content\\\/uploads\\\/2022\\\/01\\\/logo_PM_horizontal.jpg\",\"contentUrl\":\"https:\\\/\\\/pmza.sk\\\/wp-content\\\/uploads\\\/2022\\\/01\\\/logo_PM_horizontal.jpg\",\"width\":231,\"height\":142,\"caption\":\"Pova\u017esk\u00e9 m\u00fazeum\"},\"image\":{\"@id\":\"https:\\\/\\\/pmza.sk\\\/#\\\/schema\\\/logo\\\/image\\\/\"},\"sameAs\":[\"https:\\\/\\\/www.facebook.com\\\/povazskemuzeum\",\"https:\\\/\\\/www.instagram.com\\\/povazskemuzeum\\\/\"]},{\"@type\":\"Person\",\"@id\":\"https:\\\/\\\/pmza.sk\\\/#\\\/schema\\\/person\\\/595e6a2ce731ea94dcd5d7f50a41ae33\",\"name\":\"Pova\u017esk\u00e9 m\u00fazeum\",\"image\":{\"@type\":\"ImageObject\",\"inLanguage\":\"sk-SK\",\"@id\":\"https:\\\/\\\/secure.gravatar.com\\\/avatar\\\/2bb7f1561282132fb5826dfeccc66c7996d11ee392ac6aaf7ced8a1c2027fbb2?s=96&d=mm&r=g\",\"url\":\"https:\\\/\\\/secure.gravatar.com\\\/avatar\\\/2bb7f1561282132fb5826dfeccc66c7996d11ee392ac6aaf7ced8a1c2027fbb2?s=96&d=mm&r=g\",\"contentUrl\":\"https:\\\/\\\/secure.gravatar.com\\\/avatar\\\/2bb7f1561282132fb5826dfeccc66c7996d11ee392ac6aaf7ced8a1c2027fbb2?s=96&d=mm&r=g\",\"caption\":\"Pova\u017esk\u00e9 m\u00fazeum\"}}]}<\/script>\n<!-- \/ Yoast SEO plugin. -->","yoast_head_json":{"title":"V\u00fdlet do hist\u00f3rie okrasnej z\u00e1hrady pri Sob\u00e1\u0161nom pal\u00e1ci - Pova\u017esk\u00e9 m\u00fazeum","robots":{"index":"index","follow":"follow","max-snippet":"max-snippet:-1","max-image-preview":"max-image-preview:large","max-video-preview":"max-video-preview:-1"},"canonical":"https:\/\/pmza.sk\/?p=16214","og_locale":"sk_SK","og_type":"article","og_title":"V\u00fdlet do hist\u00f3rie okrasnej z\u00e1hrady pri Sob\u00e1\u0161nom pal\u00e1ci - Pova\u017esk\u00e9 m\u00fazeum","og_description":"V\u00edkend otvoren\u00fdch parkov a\u00a0z\u00e1hrad V\u00fdlet do hist\u00f3rie okrasnej z\u00e1hrady pri Sob\u00e1\u0161nom pal\u00e1ci Pova\u017esk\u00e9 m\u00fazeum v \u017diline sa po prv\u00fdkr\u00e1t zap\u00e1ja do projektu V\u00edkend otvoren\u00fdch parkov a z\u00e1hrad, ktor\u00fd sa uskuto\u010dn\u00ed od 10. \u2013 12. j\u00fana 2016 a\u00a0to prostredn\u00edctvom Sob\u00e1\u0161neho pal\u00e1ca v\u00a0Byt\u010di, ktor\u00fd je s\u00fa\u010das\u0165ou zn\u00e1meho z\u00e1mock\u00e9ho are\u00e1lu a patr\u00ed medzi najv\u00fdznamnej\u0161ie renesan\u010dn\u00e9 pamiatky v strednej [&hellip;]","og_url":"https:\/\/pmza.sk\/?p=16214","og_site_name":"Pova\u017esk\u00e9 m\u00fazeum","article_publisher":"https:\/\/www.facebook.com\/povazskemuzeum","article_published_time":"2016-06-01T07:50:26+00:00","og_image":[{"width":552,"height":780,"url":"https:\/\/pmza.sk\/wp-content\/uploads\/2016\/06\/Vikend-otvorenych-parkov-a-zahrad.jpg","type":"image\/jpeg"}],"author":"Pova\u017esk\u00e9 m\u00fazeum","twitter_card":"summary_large_image","twitter_misc":{"Autor":"Pova\u017esk\u00e9 m\u00fazeum","Predpokladan\u00fd \u010das \u010d\u00edtania":"2 min\u00faty"},"schema":{"@context":"https:\/\/schema.org","@graph":[{"@type":"Article","@id":"https:\/\/pmza.sk\/?p=16214#article","isPartOf":{"@id":"https:\/\/pmza.sk\/?p=16214"},"author":{"name":"Pova\u017esk\u00e9 m\u00fazeum","@id":"https:\/\/pmza.sk\/#\/schema\/person\/595e6a2ce731ea94dcd5d7f50a41ae33"},"headline":"V\u00fdlet do hist\u00f3rie okrasnej z\u00e1hrady pri Sob\u00e1\u0161nom pal\u00e1ci","datePublished":"2016-06-01T07:50:26+00:00","mainEntityOfPage":{"@id":"https:\/\/pmza.sk\/?p=16214"},"wordCount":360,"publisher":{"@id":"https:\/\/pmza.sk\/#organization"},"image":{"@id":"https:\/\/pmza.sk\/?p=16214#primaryimage"},"thumbnailUrl":"https:\/\/pmza.sk\/wp-content\/uploads\/2016\/06\/Vikend-otvorenych-parkov-a-zahrad.jpg","articleSection":["Arch\u00edv 2016"],"inLanguage":"sk-SK"},{"@type":"WebPage","@id":"https:\/\/pmza.sk\/?p=16214","url":"https:\/\/pmza.sk\/?p=16214","name":"V\u00fdlet do hist\u00f3rie okrasnej z\u00e1hrady pri Sob\u00e1\u0161nom pal\u00e1ci - Pova\u017esk\u00e9 m\u00fazeum","isPartOf":{"@id":"https:\/\/pmza.sk\/#website"},"primaryImageOfPage":{"@id":"https:\/\/pmza.sk\/?p=16214#primaryimage"},"image":{"@id":"https:\/\/pmza.sk\/?p=16214#primaryimage"},"thumbnailUrl":"https:\/\/pmza.sk\/wp-content\/uploads\/2016\/06\/Vikend-otvorenych-parkov-a-zahrad.jpg","datePublished":"2016-06-01T07:50:26+00:00","breadcrumb":{"@id":"https:\/\/pmza.sk\/?p=16214#breadcrumb"},"inLanguage":"sk-SK","potentialAction":[{"@type":"ReadAction","target":["https:\/\/pmza.sk\/?p=16214"]}]},{"@type":"ImageObject","inLanguage":"sk-SK","@id":"https:\/\/pmza.sk\/?p=16214#primaryimage","url":"https:\/\/pmza.sk\/wp-content\/uploads\/2016\/06\/Vikend-otvorenych-parkov-a-zahrad.jpg","contentUrl":"https:\/\/pmza.sk\/wp-content\/uploads\/2016\/06\/Vikend-otvorenych-parkov-a-zahrad.jpg","width":552,"height":780},{"@type":"BreadcrumbList","@id":"https:\/\/pmza.sk\/?p=16214#breadcrumb","itemListElement":[{"@type":"ListItem","position":1,"name":"Domovsk\u00e1 str\u00e1nka","item":"https:\/\/pmza.sk\/"},{"@type":"ListItem","position":2,"name":"V\u00fdlet do hist\u00f3rie okrasnej z\u00e1hrady pri Sob\u00e1\u0161nom pal\u00e1ci"}]},{"@type":"WebSite","@id":"https:\/\/pmza.sk\/#website","url":"https:\/\/pmza.sk\/","name":"Pova\u017esk\u00e9 m\u00fazeum","description":"Pova\u017esk\u00e9 m\u00fazeum v \u017diline je region\u00e1lne m\u00fazeum so s\u00eddlom v Budat\u00edne. Jeho expoz\u00edcie s\u00fa zameran\u00e9 na dejiny slovensk\u00e9ho umenia, kult\u00fary a dopravy.","publisher":{"@id":"https:\/\/pmza.sk\/#organization"},"potentialAction":[{"@type":"SearchAction","target":{"@type":"EntryPoint","urlTemplate":"https:\/\/pmza.sk\/?s={search_term_string}"},"query-input":{"@type":"PropertyValueSpecification","valueRequired":true,"valueName":"search_term_string"}}],"inLanguage":"sk-SK"},{"@type":"Organization","@id":"https:\/\/pmza.sk\/#organization","name":"Pova\u017esk\u00e9 m\u00fazeum","url":"https:\/\/pmza.sk\/","logo":{"@type":"ImageObject","inLanguage":"sk-SK","@id":"https:\/\/pmza.sk\/#\/schema\/logo\/image\/","url":"https:\/\/pmza.sk\/wp-content\/uploads\/2022\/01\/logo_PM_horizontal.jpg","contentUrl":"https:\/\/pmza.sk\/wp-content\/uploads\/2022\/01\/logo_PM_horizontal.jpg","width":231,"height":142,"caption":"Pova\u017esk\u00e9 m\u00fazeum"},"image":{"@id":"https:\/\/pmza.sk\/#\/schema\/logo\/image\/"},"sameAs":["https:\/\/www.facebook.com\/povazskemuzeum","https:\/\/www.instagram.com\/povazskemuzeum\/"]},{"@type":"Person","@id":"https:\/\/pmza.sk\/#\/schema\/person\/595e6a2ce731ea94dcd5d7f50a41ae33","name":"Pova\u017esk\u00e9 m\u00fazeum","image":{"@type":"ImageObject","inLanguage":"sk-SK","@id":"https:\/\/secure.gravatar.com\/avatar\/2bb7f1561282132fb5826dfeccc66c7996d11ee392ac6aaf7ced8a1c2027fbb2?s=96&d=mm&r=g","url":"https:\/\/secure.gravatar.com\/avatar\/2bb7f1561282132fb5826dfeccc66c7996d11ee392ac6aaf7ced8a1c2027fbb2?s=96&d=mm&r=g","contentUrl":"https:\/\/secure.gravatar.com\/avatar\/2bb7f1561282132fb5826dfeccc66c7996d11ee392ac6aaf7ced8a1c2027fbb2?s=96&d=mm&r=g","caption":"Pova\u017esk\u00e9 m\u00fazeum"}}]}},"_links":{"self":[{"href":"https:\/\/pmza.sk\/index.php?rest_route=\/wp\/v2\/posts\/16214","targetHints":{"allow":["GET"]}}],"collection":[{"href":"https:\/\/pmza.sk\/index.php?rest_route=\/wp\/v2\/posts"}],"about":[{"href":"https:\/\/pmza.sk\/index.php?rest_route=\/wp\/v2\/types\/post"}],"author":[{"embeddable":true,"href":"https:\/\/pmza.sk\/index.php?rest_route=\/wp\/v2\/users\/2"}],"replies":[{"embeddable":true,"href":"https:\/\/pmza.sk\/index.php?rest_route=%2Fwp%2Fv2%2Fcomments&post=16214"}],"version-history":[{"count":0,"href":"https:\/\/pmza.sk\/index.php?rest_route=\/wp\/v2\/posts\/16214\/revisions"}],"wp:featuredmedia":[{"embeddable":true,"href":"https:\/\/pmza.sk\/index.php?rest_route=\/wp\/v2\/media\/16215"}],"wp:attachment":[{"href":"https:\/\/pmza.sk\/index.php?rest_route=%2Fwp%2Fv2%2Fmedia&parent=16214"}],"wp:term":[{"taxonomy":"category","embeddable":true,"href":"https:\/\/pmza.sk\/index.php?rest_route=%2Fwp%2Fv2%2Fcategories&post=16214"},{"taxonomy":"post_tag","embeddable":true,"href":"https:\/\/pmza.sk\/index.php?rest_route=%2Fwp%2Fv2%2Ftags&post=16214"}],"curies":[{"name":"wp","href":"https:\/\/api.w.org\/{rel}","templated":true}]}}