{"id":16363,"date":"2016-06-21T07:49:40","date_gmt":"2016-06-21T05:49:40","guid":{"rendered":"https:\/\/pmza.sk.sk\/?p=16363"},"modified":"2016-06-21T07:49:40","modified_gmt":"2016-06-21T05:49:40","slug":"muza-ponuka-opat-zaujimave-citanie","status":"publish","type":"post","link":"https:\/\/pmza.sk\/?p=16363","title":{"rendered":"M\u00daZA pon\u00faka op\u00e4\u0165 zauj\u00edmav\u00e9 \u010d\u00edtanie"},"content":{"rendered":"<p>Pova\u017esk\u00e9 m\u00fazeum v \u017diline vyd\u00e1va v t\u00fdchto d\u0148och \u010fal\u0161ie \u010d\u00edslo populariza\u010dno-n\u00e1u\u010dn\u00e9ho elektronick\u00e9ho \u010dasopisu M\u00daZA. Odborn\u00ed pracovn\u00edci m\u00fazea a \u010fal\u0161\u00ed jeho spolupracovn\u00edci sa v \u0148om venuj\u00fa hist\u00f3rii a kr\u00e1sam \u017eilinsk\u00e9ho regi\u00f3nu.<\/p>\n<p>Aktu\u00e1lne je na webov\u00fdch str\u00e1nkach m\u00fazea dostupn\u00e9 <a href=\"http:\/\/www.floowie.com\/sk\/citaj\/muza12016\/#\/strana\/1\/zvacsenie\/100\/\">prv\u00e9 \u010d\u00edslo 4. ro\u010dn\u00edka<\/a>, v ktorom sa \u010ditatelia dozvedia zauj\u00edmavosti o replike zvona &#8211; unik\u00e1tneho n\u00e1lezu, objaven\u00e9ho pri v\u00fdskume hradiska v Bojnej, ktor\u00fd je umiestnen\u00fd vo zvonici v stredovekej dedine Paseka pod hradom Stre\u010dno. Artefakt m\u00e1 mimoriadny v\u00fdznam, preto\u017ee je prv\u00fd svojho druhu v stredoeur\u00f3pskom priestore. Do\u010d\u00edtaj\u00fa sa aj o \u017eivote najmocnej\u0161ieho feud\u00e1la v oblasti severoz\u00e1padn\u00e9ho Slovenska, Franti\u0161ka Turza, otca uhorsk\u00e9ho palat\u00edna Juraja. Franti\u0161ek bol p\u00f4vodne predur\u010den\u00fd pre cirkevn\u00fa dr\u00e1hu, ale nakoniec sa stal zakladate\u013eom najv\u00fdznamnej\u0161ej oravsko-byt\u010dianskej vetvy Turzovcov. S\u00fa\u010das\u0165ou \u010dl\u00e1nku s\u00fa aj fotografie zachovan\u00fdch heraldick\u00fdch pamiatok na neho a jeho dve man\u017eelky.<\/p>\n<p>Prostredn\u00edctvom fotografi\u00ed zo zbierok a arch\u00edvu Pova\u017esk\u00e9ho m\u00fazea m\u00f4\u017eu \u010ditatelia vidie\u0165, ako sa rekon\u0161trukciou menila kaplnka Budat\u00ednskeho hradu \u010di ka\u0161tie\u013e v Divinke.<\/p>\n<p>Pozn\u00e1vac\u00ed elektronick\u00fd \u010dasopis M\u00daZA vych\u00e1dza dvakr\u00e1t ro\u010dne a poskytuje priestor pre populariza\u010dno-n\u00e1u\u010dn\u00e9 pr\u00edspevky venovan\u00e9 pr\u00edrodovedn\u00fdm i spolo\u010densko-vedn\u00fdm odborom.<\/p>\n","protected":false},"excerpt":{"rendered":"<p>Pova\u017esk\u00e9 m\u00fazeum v \u017diline vyd\u00e1va v t\u00fdchto d\u0148och \u010fal\u0161ie \u010d\u00edslo populariza\u010dno-n\u00e1u\u010dn\u00e9ho elektronick\u00e9ho \u010dasopisu M\u00daZA. Odborn\u00ed pracovn\u00edci m\u00fazea a \u010fal\u0161\u00ed jeho spolupracovn\u00edci sa v \u0148om venuj\u00fa hist\u00f3rii a kr\u00e1sam \u017eilinsk\u00e9ho regi\u00f3nu. Aktu\u00e1lne je na webov\u00fdch str\u00e1nkach m\u00fazea dostupn\u00e9 prv\u00e9 \u010d\u00edslo 4. ro\u010dn\u00edka, v ktorom sa \u010ditatelia dozvedia zauj\u00edmavosti o replike zvona &#8211; unik\u00e1tneho n\u00e1lezu, objaven\u00e9ho pri [&hellip;]<\/p>\n","protected":false},"author":2,"featured_media":16367,"comment_status":"closed","ping_status":"closed","sticky":false,"template":"","format":"standard","meta":{"site-sidebar-layout":"default","site-content-layout":"","ast-site-content-layout":"","site-content-style":"default","site-sidebar-style":"default","ast-global-header-display":"","ast-banner-title-visibility":"","ast-main-header-display":"","ast-hfb-above-header-display":"","ast-hfb-below-header-display":"","ast-hfb-mobile-header-display":"","site-post-title":"","ast-breadcrumbs-content":"","ast-featured-img":"","footer-sml-layout":"","theme-transparent-header-meta":"","adv-header-id-meta":"","stick-header-meta":"","header-above-stick-meta":"","header-main-stick-meta":"","header-below-stick-meta":"","astra-migrate-meta-layouts":"default","ast-page-background-enabled":"default","ast-page-background-meta":{"desktop":{"background-color":"var(--ast-global-color-4)","background-image":"","background-repeat":"repeat","background-position":"center center","background-size":"auto","background-attachment":"scroll","background-type":"","background-media":"","overlay-type":"","overlay-color":"","overlay-opacity":"","overlay-gradient":""},"tablet":{"background-color":"","background-image":"","background-repeat":"repeat","background-position":"center center","background-size":"auto","background-attachment":"scroll","background-type":"","background-media":"","overlay-type":"","overlay-color":"","overlay-opacity":"","overlay-gradient":""},"mobile":{"background-color":"","background-image":"","background-repeat":"repeat","background-position":"center center","background-size":"auto","background-attachment":"scroll","background-type":"","background-media":"","overlay-type":"","overlay-color":"","overlay-opacity":"","overlay-gradient":""}},"ast-content-background-meta":{"desktop":{"background-color":"var(--ast-global-color-5)","background-image":"","background-repeat":"repeat","background-position":"center center","background-size":"auto","background-attachment":"scroll","background-type":"","background-media":"","overlay-type":"","overlay-color":"","overlay-opacity":"","overlay-gradient":""},"tablet":{"background-color":"var(--ast-global-color-5)","background-image":"","background-repeat":"repeat","background-position":"center center","background-size":"auto","background-attachment":"scroll","background-type":"","background-media":"","overlay-type":"","overlay-color":"","overlay-opacity":"","overlay-gradient":""},"mobile":{"background-color":"var(--ast-global-color-5)","background-image":"","background-repeat":"repeat","background-position":"center center","background-size":"auto","background-attachment":"scroll","background-type":"","background-media":"","overlay-type":"","overlay-color":"","overlay-opacity":"","overlay-gradient":""}},"footnotes":""},"categories":[50],"tags":[],"class_list":["post-16363","post","type-post","status-publish","format-standard","has-post-thumbnail","hentry","category-archiv-2016"],"yoast_head":"<!-- This site is optimized with the Yoast SEO plugin v27.4 - https:\/\/yoast.com\/product\/yoast-seo-wordpress\/ -->\n<title>M\u00daZA pon\u00faka op\u00e4\u0165 zauj\u00edmav\u00e9 \u010d\u00edtanie - Pova\u017esk\u00e9 m\u00fazeum<\/title>\n<meta name=\"robots\" content=\"index, follow, max-snippet:-1, max-image-preview:large, max-video-preview:-1\" \/>\n<link rel=\"canonical\" href=\"https:\/\/pmza.sk\/?p=16363\" \/>\n<meta property=\"og:locale\" content=\"sk_SK\" \/>\n<meta property=\"og:type\" content=\"article\" \/>\n<meta property=\"og:title\" content=\"M\u00daZA pon\u00faka op\u00e4\u0165 zauj\u00edmav\u00e9 \u010d\u00edtanie - Pova\u017esk\u00e9 m\u00fazeum\" \/>\n<meta property=\"og:description\" content=\"Pova\u017esk\u00e9 m\u00fazeum v \u017diline vyd\u00e1va v t\u00fdchto d\u0148och \u010fal\u0161ie \u010d\u00edslo populariza\u010dno-n\u00e1u\u010dn\u00e9ho elektronick\u00e9ho \u010dasopisu M\u00daZA. Odborn\u00ed pracovn\u00edci m\u00fazea a \u010fal\u0161\u00ed jeho spolupracovn\u00edci sa v \u0148om venuj\u00fa hist\u00f3rii a kr\u00e1sam \u017eilinsk\u00e9ho regi\u00f3nu. Aktu\u00e1lne je na webov\u00fdch str\u00e1nkach m\u00fazea dostupn\u00e9 prv\u00e9 \u010d\u00edslo 4. ro\u010dn\u00edka, v ktorom sa \u010ditatelia dozvedia zauj\u00edmavosti o replike zvona &#8211; unik\u00e1tneho n\u00e1lezu, objaven\u00e9ho pri [&hellip;]\" \/>\n<meta property=\"og:url\" content=\"https:\/\/pmza.sk\/?p=16363\" \/>\n<meta property=\"og:site_name\" content=\"Pova\u017esk\u00e9 m\u00fazeum\" \/>\n<meta property=\"article:publisher\" content=\"https:\/\/www.facebook.com\/povazskemuzeum\" \/>\n<meta property=\"article:published_time\" content=\"2016-06-21T05:49:40+00:00\" \/>\n<meta property=\"og:image\" content=\"https:\/\/pmza.sk\/wp-content\/uploads\/2016\/06\/muza-1-2016.jpg\" \/>\n\t<meta property=\"og:image:width\" content=\"546\" \/>\n\t<meta property=\"og:image:height\" content=\"772\" \/>\n\t<meta property=\"og:image:type\" content=\"image\/jpeg\" \/>\n<meta name=\"author\" content=\"Pova\u017esk\u00e9 m\u00fazeum\" \/>\n<meta name=\"twitter:card\" content=\"summary_large_image\" \/>\n<meta name=\"twitter:label1\" content=\"Autor\" \/>\n\t<meta name=\"twitter:data1\" content=\"Pova\u017esk\u00e9 m\u00fazeum\" \/>\n\t<meta name=\"twitter:label2\" content=\"Predpokladan\u00fd \u010das \u010d\u00edtania\" \/>\n\t<meta name=\"twitter:data2\" content=\"1 min\u00fata\" \/>\n<script type=\"application\/ld+json\" class=\"yoast-schema-graph\">{\"@context\":\"https:\\\/\\\/schema.org\",\"@graph\":[{\"@type\":\"Article\",\"@id\":\"https:\\\/\\\/pmza.sk\\\/?p=16363#article\",\"isPartOf\":{\"@id\":\"https:\\\/\\\/pmza.sk\\\/?p=16363\"},\"author\":{\"name\":\"Pova\u017esk\u00e9 m\u00fazeum\",\"@id\":\"https:\\\/\\\/pmza.sk\\\/#\\\/schema\\\/person\\\/595e6a2ce731ea94dcd5d7f50a41ae33\"},\"headline\":\"M\u00daZA pon\u00faka op\u00e4\u0165 zauj\u00edmav\u00e9 \u010d\u00edtanie\",\"datePublished\":\"2016-06-21T05:49:40+00:00\",\"mainEntityOfPage\":{\"@id\":\"https:\\\/\\\/pmza.sk\\\/?p=16363\"},\"wordCount\":255,\"publisher\":{\"@id\":\"https:\\\/\\\/pmza.sk\\\/#organization\"},\"image\":{\"@id\":\"https:\\\/\\\/pmza.sk\\\/?p=16363#primaryimage\"},\"thumbnailUrl\":\"https:\\\/\\\/pmza.sk\\\/wp-content\\\/uploads\\\/2016\\\/06\\\/muza-1-2016.jpg\",\"articleSection\":[\"Arch\u00edv 2016\"],\"inLanguage\":\"sk-SK\"},{\"@type\":\"WebPage\",\"@id\":\"https:\\\/\\\/pmza.sk\\\/?p=16363\",\"url\":\"https:\\\/\\\/pmza.sk\\\/?p=16363\",\"name\":\"M\u00daZA pon\u00faka op\u00e4\u0165 zauj\u00edmav\u00e9 \u010d\u00edtanie - Pova\u017esk\u00e9 m\u00fazeum\",\"isPartOf\":{\"@id\":\"https:\\\/\\\/pmza.sk\\\/#website\"},\"primaryImageOfPage\":{\"@id\":\"https:\\\/\\\/pmza.sk\\\/?p=16363#primaryimage\"},\"image\":{\"@id\":\"https:\\\/\\\/pmza.sk\\\/?p=16363#primaryimage\"},\"thumbnailUrl\":\"https:\\\/\\\/pmza.sk\\\/wp-content\\\/uploads\\\/2016\\\/06\\\/muza-1-2016.jpg\",\"datePublished\":\"2016-06-21T05:49:40+00:00\",\"breadcrumb\":{\"@id\":\"https:\\\/\\\/pmza.sk\\\/?p=16363#breadcrumb\"},\"inLanguage\":\"sk-SK\",\"potentialAction\":[{\"@type\":\"ReadAction\",\"target\":[\"https:\\\/\\\/pmza.sk\\\/?p=16363\"]}]},{\"@type\":\"ImageObject\",\"inLanguage\":\"sk-SK\",\"@id\":\"https:\\\/\\\/pmza.sk\\\/?p=16363#primaryimage\",\"url\":\"https:\\\/\\\/pmza.sk\\\/wp-content\\\/uploads\\\/2016\\\/06\\\/muza-1-2016.jpg\",\"contentUrl\":\"https:\\\/\\\/pmza.sk\\\/wp-content\\\/uploads\\\/2016\\\/06\\\/muza-1-2016.jpg\",\"width\":546,\"height\":772,\"caption\":\"M\u00daZA 1\\\/2016\"},{\"@type\":\"BreadcrumbList\",\"@id\":\"https:\\\/\\\/pmza.sk\\\/?p=16363#breadcrumb\",\"itemListElement\":[{\"@type\":\"ListItem\",\"position\":1,\"name\":\"Domovsk\u00e1 str\u00e1nka\",\"item\":\"https:\\\/\\\/pmza.sk\\\/\"},{\"@type\":\"ListItem\",\"position\":2,\"name\":\"M\u00daZA pon\u00faka op\u00e4\u0165 zauj\u00edmav\u00e9 \u010d\u00edtanie\"}]},{\"@type\":\"WebSite\",\"@id\":\"https:\\\/\\\/pmza.sk\\\/#website\",\"url\":\"https:\\\/\\\/pmza.sk\\\/\",\"name\":\"Pova\u017esk\u00e9 m\u00fazeum\",\"description\":\"Pova\u017esk\u00e9 m\u00fazeum v \u017diline je region\u00e1lne m\u00fazeum so s\u00eddlom v Budat\u00edne. Jeho expoz\u00edcie s\u00fa zameran\u00e9 na dejiny slovensk\u00e9ho umenia, kult\u00fary a dopravy.\",\"publisher\":{\"@id\":\"https:\\\/\\\/pmza.sk\\\/#organization\"},\"potentialAction\":[{\"@type\":\"SearchAction\",\"target\":{\"@type\":\"EntryPoint\",\"urlTemplate\":\"https:\\\/\\\/pmza.sk\\\/?s={search_term_string}\"},\"query-input\":{\"@type\":\"PropertyValueSpecification\",\"valueRequired\":true,\"valueName\":\"search_term_string\"}}],\"inLanguage\":\"sk-SK\"},{\"@type\":\"Organization\",\"@id\":\"https:\\\/\\\/pmza.sk\\\/#organization\",\"name\":\"Pova\u017esk\u00e9 m\u00fazeum\",\"url\":\"https:\\\/\\\/pmza.sk\\\/\",\"logo\":{\"@type\":\"ImageObject\",\"inLanguage\":\"sk-SK\",\"@id\":\"https:\\\/\\\/pmza.sk\\\/#\\\/schema\\\/logo\\\/image\\\/\",\"url\":\"https:\\\/\\\/pmza.sk\\\/wp-content\\\/uploads\\\/2022\\\/01\\\/logo_PM_horizontal.jpg\",\"contentUrl\":\"https:\\\/\\\/pmza.sk\\\/wp-content\\\/uploads\\\/2022\\\/01\\\/logo_PM_horizontal.jpg\",\"width\":231,\"height\":142,\"caption\":\"Pova\u017esk\u00e9 m\u00fazeum\"},\"image\":{\"@id\":\"https:\\\/\\\/pmza.sk\\\/#\\\/schema\\\/logo\\\/image\\\/\"},\"sameAs\":[\"https:\\\/\\\/www.facebook.com\\\/povazskemuzeum\",\"https:\\\/\\\/www.instagram.com\\\/povazskemuzeum\\\/\"]},{\"@type\":\"Person\",\"@id\":\"https:\\\/\\\/pmza.sk\\\/#\\\/schema\\\/person\\\/595e6a2ce731ea94dcd5d7f50a41ae33\",\"name\":\"Pova\u017esk\u00e9 m\u00fazeum\",\"image\":{\"@type\":\"ImageObject\",\"inLanguage\":\"sk-SK\",\"@id\":\"https:\\\/\\\/secure.gravatar.com\\\/avatar\\\/2bb7f1561282132fb5826dfeccc66c7996d11ee392ac6aaf7ced8a1c2027fbb2?s=96&d=mm&r=g\",\"url\":\"https:\\\/\\\/secure.gravatar.com\\\/avatar\\\/2bb7f1561282132fb5826dfeccc66c7996d11ee392ac6aaf7ced8a1c2027fbb2?s=96&d=mm&r=g\",\"contentUrl\":\"https:\\\/\\\/secure.gravatar.com\\\/avatar\\\/2bb7f1561282132fb5826dfeccc66c7996d11ee392ac6aaf7ced8a1c2027fbb2?s=96&d=mm&r=g\",\"caption\":\"Pova\u017esk\u00e9 m\u00fazeum\"}}]}<\/script>\n<!-- \/ Yoast SEO plugin. -->","yoast_head_json":{"title":"M\u00daZA pon\u00faka op\u00e4\u0165 zauj\u00edmav\u00e9 \u010d\u00edtanie - Pova\u017esk\u00e9 m\u00fazeum","robots":{"index":"index","follow":"follow","max-snippet":"max-snippet:-1","max-image-preview":"max-image-preview:large","max-video-preview":"max-video-preview:-1"},"canonical":"https:\/\/pmza.sk\/?p=16363","og_locale":"sk_SK","og_type":"article","og_title":"M\u00daZA pon\u00faka op\u00e4\u0165 zauj\u00edmav\u00e9 \u010d\u00edtanie - Pova\u017esk\u00e9 m\u00fazeum","og_description":"Pova\u017esk\u00e9 m\u00fazeum v \u017diline vyd\u00e1va v t\u00fdchto d\u0148och \u010fal\u0161ie \u010d\u00edslo populariza\u010dno-n\u00e1u\u010dn\u00e9ho elektronick\u00e9ho \u010dasopisu M\u00daZA. Odborn\u00ed pracovn\u00edci m\u00fazea a \u010fal\u0161\u00ed jeho spolupracovn\u00edci sa v \u0148om venuj\u00fa hist\u00f3rii a kr\u00e1sam \u017eilinsk\u00e9ho regi\u00f3nu. Aktu\u00e1lne je na webov\u00fdch str\u00e1nkach m\u00fazea dostupn\u00e9 prv\u00e9 \u010d\u00edslo 4. ro\u010dn\u00edka, v ktorom sa \u010ditatelia dozvedia zauj\u00edmavosti o replike zvona &#8211; unik\u00e1tneho n\u00e1lezu, objaven\u00e9ho pri [&hellip;]","og_url":"https:\/\/pmza.sk\/?p=16363","og_site_name":"Pova\u017esk\u00e9 m\u00fazeum","article_publisher":"https:\/\/www.facebook.com\/povazskemuzeum","article_published_time":"2016-06-21T05:49:40+00:00","og_image":[{"width":546,"height":772,"url":"https:\/\/pmza.sk\/wp-content\/uploads\/2016\/06\/muza-1-2016.jpg","type":"image\/jpeg"}],"author":"Pova\u017esk\u00e9 m\u00fazeum","twitter_card":"summary_large_image","twitter_misc":{"Autor":"Pova\u017esk\u00e9 m\u00fazeum","Predpokladan\u00fd \u010das \u010d\u00edtania":"1 min\u00fata"},"schema":{"@context":"https:\/\/schema.org","@graph":[{"@type":"Article","@id":"https:\/\/pmza.sk\/?p=16363#article","isPartOf":{"@id":"https:\/\/pmza.sk\/?p=16363"},"author":{"name":"Pova\u017esk\u00e9 m\u00fazeum","@id":"https:\/\/pmza.sk\/#\/schema\/person\/595e6a2ce731ea94dcd5d7f50a41ae33"},"headline":"M\u00daZA pon\u00faka op\u00e4\u0165 zauj\u00edmav\u00e9 \u010d\u00edtanie","datePublished":"2016-06-21T05:49:40+00:00","mainEntityOfPage":{"@id":"https:\/\/pmza.sk\/?p=16363"},"wordCount":255,"publisher":{"@id":"https:\/\/pmza.sk\/#organization"},"image":{"@id":"https:\/\/pmza.sk\/?p=16363#primaryimage"},"thumbnailUrl":"https:\/\/pmza.sk\/wp-content\/uploads\/2016\/06\/muza-1-2016.jpg","articleSection":["Arch\u00edv 2016"],"inLanguage":"sk-SK"},{"@type":"WebPage","@id":"https:\/\/pmza.sk\/?p=16363","url":"https:\/\/pmza.sk\/?p=16363","name":"M\u00daZA pon\u00faka op\u00e4\u0165 zauj\u00edmav\u00e9 \u010d\u00edtanie - Pova\u017esk\u00e9 m\u00fazeum","isPartOf":{"@id":"https:\/\/pmza.sk\/#website"},"primaryImageOfPage":{"@id":"https:\/\/pmza.sk\/?p=16363#primaryimage"},"image":{"@id":"https:\/\/pmza.sk\/?p=16363#primaryimage"},"thumbnailUrl":"https:\/\/pmza.sk\/wp-content\/uploads\/2016\/06\/muza-1-2016.jpg","datePublished":"2016-06-21T05:49:40+00:00","breadcrumb":{"@id":"https:\/\/pmza.sk\/?p=16363#breadcrumb"},"inLanguage":"sk-SK","potentialAction":[{"@type":"ReadAction","target":["https:\/\/pmza.sk\/?p=16363"]}]},{"@type":"ImageObject","inLanguage":"sk-SK","@id":"https:\/\/pmza.sk\/?p=16363#primaryimage","url":"https:\/\/pmza.sk\/wp-content\/uploads\/2016\/06\/muza-1-2016.jpg","contentUrl":"https:\/\/pmza.sk\/wp-content\/uploads\/2016\/06\/muza-1-2016.jpg","width":546,"height":772,"caption":"M\u00daZA 1\/2016"},{"@type":"BreadcrumbList","@id":"https:\/\/pmza.sk\/?p=16363#breadcrumb","itemListElement":[{"@type":"ListItem","position":1,"name":"Domovsk\u00e1 str\u00e1nka","item":"https:\/\/pmza.sk\/"},{"@type":"ListItem","position":2,"name":"M\u00daZA pon\u00faka op\u00e4\u0165 zauj\u00edmav\u00e9 \u010d\u00edtanie"}]},{"@type":"WebSite","@id":"https:\/\/pmza.sk\/#website","url":"https:\/\/pmza.sk\/","name":"Pova\u017esk\u00e9 m\u00fazeum","description":"Pova\u017esk\u00e9 m\u00fazeum v \u017diline je region\u00e1lne m\u00fazeum so s\u00eddlom v Budat\u00edne. Jeho expoz\u00edcie s\u00fa zameran\u00e9 na dejiny slovensk\u00e9ho umenia, kult\u00fary a dopravy.","publisher":{"@id":"https:\/\/pmza.sk\/#organization"},"potentialAction":[{"@type":"SearchAction","target":{"@type":"EntryPoint","urlTemplate":"https:\/\/pmza.sk\/?s={search_term_string}"},"query-input":{"@type":"PropertyValueSpecification","valueRequired":true,"valueName":"search_term_string"}}],"inLanguage":"sk-SK"},{"@type":"Organization","@id":"https:\/\/pmza.sk\/#organization","name":"Pova\u017esk\u00e9 m\u00fazeum","url":"https:\/\/pmza.sk\/","logo":{"@type":"ImageObject","inLanguage":"sk-SK","@id":"https:\/\/pmza.sk\/#\/schema\/logo\/image\/","url":"https:\/\/pmza.sk\/wp-content\/uploads\/2022\/01\/logo_PM_horizontal.jpg","contentUrl":"https:\/\/pmza.sk\/wp-content\/uploads\/2022\/01\/logo_PM_horizontal.jpg","width":231,"height":142,"caption":"Pova\u017esk\u00e9 m\u00fazeum"},"image":{"@id":"https:\/\/pmza.sk\/#\/schema\/logo\/image\/"},"sameAs":["https:\/\/www.facebook.com\/povazskemuzeum","https:\/\/www.instagram.com\/povazskemuzeum\/"]},{"@type":"Person","@id":"https:\/\/pmza.sk\/#\/schema\/person\/595e6a2ce731ea94dcd5d7f50a41ae33","name":"Pova\u017esk\u00e9 m\u00fazeum","image":{"@type":"ImageObject","inLanguage":"sk-SK","@id":"https:\/\/secure.gravatar.com\/avatar\/2bb7f1561282132fb5826dfeccc66c7996d11ee392ac6aaf7ced8a1c2027fbb2?s=96&d=mm&r=g","url":"https:\/\/secure.gravatar.com\/avatar\/2bb7f1561282132fb5826dfeccc66c7996d11ee392ac6aaf7ced8a1c2027fbb2?s=96&d=mm&r=g","contentUrl":"https:\/\/secure.gravatar.com\/avatar\/2bb7f1561282132fb5826dfeccc66c7996d11ee392ac6aaf7ced8a1c2027fbb2?s=96&d=mm&r=g","caption":"Pova\u017esk\u00e9 m\u00fazeum"}}]}},"_links":{"self":[{"href":"https:\/\/pmza.sk\/index.php?rest_route=\/wp\/v2\/posts\/16363","targetHints":{"allow":["GET"]}}],"collection":[{"href":"https:\/\/pmza.sk\/index.php?rest_route=\/wp\/v2\/posts"}],"about":[{"href":"https:\/\/pmza.sk\/index.php?rest_route=\/wp\/v2\/types\/post"}],"author":[{"embeddable":true,"href":"https:\/\/pmza.sk\/index.php?rest_route=\/wp\/v2\/users\/2"}],"replies":[{"embeddable":true,"href":"https:\/\/pmza.sk\/index.php?rest_route=%2Fwp%2Fv2%2Fcomments&post=16363"}],"version-history":[{"count":0,"href":"https:\/\/pmza.sk\/index.php?rest_route=\/wp\/v2\/posts\/16363\/revisions"}],"wp:featuredmedia":[{"embeddable":true,"href":"https:\/\/pmza.sk\/index.php?rest_route=\/wp\/v2\/media\/16367"}],"wp:attachment":[{"href":"https:\/\/pmza.sk\/index.php?rest_route=%2Fwp%2Fv2%2Fmedia&parent=16363"}],"wp:term":[{"taxonomy":"category","embeddable":true,"href":"https:\/\/pmza.sk\/index.php?rest_route=%2Fwp%2Fv2%2Fcategories&post=16363"},{"taxonomy":"post_tag","embeddable":true,"href":"https:\/\/pmza.sk\/index.php?rest_route=%2Fwp%2Fv2%2Ftags&post=16363"}],"curies":[{"name":"wp","href":"https:\/\/api.w.org\/{rel}","templated":true}]}}