{"id":1639,"date":"2011-01-20T10:39:22","date_gmt":"2011-01-20T09:39:22","guid":{"rendered":"https:\/\/pmza.sk.sk\/?p=1639"},"modified":"2011-01-20T10:39:22","modified_gmt":"2011-01-20T09:39:22","slug":"obnoveny-radenov-dom-otvara-vystava-majstra-piesa","status":"publish","type":"post","link":"https:\/\/pmza.sk\/?p=1639","title":{"rendered":"Obnoven\u00fd Radenov dom otv\u00e1ra v\u00fdstava majstra Pie\u0161a"},"content":{"rendered":"<p><strong> <\/strong><a href=\"https:\/\/pmza.sk\/wp-content\/uploads\/2011\/01\/salas-na-Podfackovskej.jpg\"><img fetchpriority=\"high\" decoding=\"async\" class=\"alignleft size-medium wp-image-1640\" style=\"border: 2px solid black; margin: 4px;\" title=\"salas na Podfackovskej\" src=\"https:\/\/pmza.sk.sk\/wp-content\/uploads\/2011\/01\/salas-na-Podfackovskej-300x200.jpg\" alt=\"\" width=\"300\" height=\"200\" \/><\/a>Radenov dom v\u00a0\u010ci\u010dmanoch po viac ako trojmesa\u010dn\u00fdch \u00a0stavebn\u00fdch \u00faprav\u00e1ch je op\u00e4\u0165 otvoren\u00fd svojim n\u00e1v\u0161tevn\u00edkom. \u201e <em>Pova\u017esk\u00e9 M\u00fazeum v\u00a0\u017diline z\u00edskalo v\u00a0roku 2010 grantov\u00e9 finan\u010dn\u00e9 prostriedky na \u010diasto\u010dn\u00fa obnovu tohto jedine\u010dn\u00e9ho pavla\u010dov\u00e9ho domu. Cie\u013eom obnovy bolo predov\u0161etk\u00fdm zlep\u0161enie technick\u00e9ho stavu drevenice komplexnou v\u00fdmenou \u00a0po\u0161koden\u00fdch prvkov, a\u00a0to \u00a0aplikovan\u00edm p\u00f4vodn\u00fdch technol\u00f3gi\u00ed. Od polovice decembra 2010 je Radenov dom pr\u00edstupn\u00fd verejnosti nielen s p\u00f4vodn\u00fdmi expoz\u00edciami, ale predov\u0161etk\u00fdm s\u00a0novou v\u00fdstavou \u010di\u010dmianskeho rod\u00e1ka V\u00edta Pie\u0161a, ktor\u00fd v\u00a0t\u00fdchto d\u0148och osl\u00e1vi svoje \u017eivotn\u00e9 jubileum, \u201c<\/em> povedal na \u00favod Boris Schubert, riadite\u013e Pova\u017esk\u00e9ho m\u00fazea v\u00a0\u017diline.<!--more--><\/p>\n<p>V\u00fdstava pod n\u00e1zvom <strong>Posledn\u00fd sala\u0161 <\/strong>dokumentuje najm\u00e4 zabudnut\u00fd svet \u010di\u010dmianskych sala\u0161ov prostredn\u00edctvom modelu sala\u0161a na Podfa\u010dkovskej, ktor\u00fd je \u00a0spojen\u00fd so spomienkami V\u00edta Pie\u0161a na detstvo. \u201e<em>V\u00edt Pie\u0161 patr\u00ed ku gener\u00e1cii \u010ci\u010dmancov, ktor\u00ed sa po vojne vys\u0165ahovali z\u00a0obce, ale pr\u00e1ve \u013eudov\u00e1 kult\u00fara jeho rodiska je jeho najv\u00e4\u010d\u0161ou in\u0161pir\u00e1ciou pri tvorbe. U\u017e desa\u0165ro\u010dia sa venuje a rozv\u00edja tradi\u010dn\u00e9 umeleck\u00e9 techniky pr\u00e1ce s\u00a0drevom, kovom aj ko\u017eou. Jeho tvorba je charakteristick\u00e1\u00a0 prec\u00edznos\u0165ou spracovania a\u00a0ucelen\u00e9ho pr\u00edstupu \u2013 od \u0161t\u00fadia danej techniky a\u00a0napodobovania tradi\u010dn\u00fdch vzorov a\u017e k\u00a0posunu a\u00a0vyu\u017eitiu na s\u00fa\u010dasn\u00fdch predmetoch<\/em>, \u201c upozornila Katar\u00edna Koz\u00e1kov\u00e1, etnologi\u010dka m\u00fazea a\u00a0kur\u00e1torka v\u00fdstavy.<\/p>\n<p>Spom\u00ednan\u00e9 \u013eudovoumeleck\u00e9 techniky predstavuje autor vo viac ako stodvadsiatich predmetoch, ktor\u00e9 reprezentuj\u00fa prierez jeho tvorbou. \u00dastredn\u00fdm mot\u00edvom v\u00fdstavy zost\u00e1va jedine\u010dn\u00e1 k\u00f3pia p\u00f4vodn\u00e9ho \u010di\u010dmianskeho sala\u0161a. V\u00edt Pie\u0161 vo svojom modeli zreprodukoval cel\u00fd interi\u00e9r do najmen\u0161\u00edch podrobnost\u00ed aj s\u00a0miniat\u00farnou ly\u017eicou zapichnutou v\u00a0ly\u017ei\u010dn\u00edku na stene koliby presne tak, ako si ho pam\u00e4tal zo svojho detstva. \u201e<em>To, \u017ee ide vern\u00e9 zobrazenie si uvedom\u00edte aj pri osobnej n\u00e1v\u0161teve majstra a\u00a0jeho rozpr\u00e1van\u00ed. Pred o\u010dami v\u00e1m o\u017eije svet sala\u0161ov, ktor\u00fdmi bol \u010di\u010dmiansky chot\u00e1r kedysi posiaty i\u00a0tvrdej pr\u00e1ce, ktor\u00e1 k\u00a0nim patrila. Bohu\u017eia\u013e dnes n\u00e1m ost\u00e1vaj\u00fa len tieto nostalgick\u00e9 predstavy. Tradi\u010dn\u00fd sala\u0161 u\u017e v\u00a0\u010ci\u010dmanoch nen\u00e1jdete,\u201c<\/em> dodala Katar\u00edna Koz\u00e1kov\u00e1.<\/p>\n<p>Otvorenie v\u00fdstavy Posledn\u00fd sala\u0161 jubiluj\u00faceho majstra V\u00edta Pie\u0161a sa uskuto\u010dn\u00ed v\u00a0sobotu 29. janu\u00e1ra 2011 o\u00a015,00h v\u00a0Radenovom dome v\u00a0\u010ci\u010dmanoch. V\u00fdstava potrv\u00e1 do 31. m\u00e1ja 2011. Organiz\u00e1torom v\u00fdstavy je \u017dilinsk\u00fd samospr\u00e1vny kraj a\u00a0Pova\u017esk\u00e9 m\u00fazeum v\u00a0\u017diline.<\/p>\n<p><a href=\"http:\/\/www.pmza.sk\/plag\/poslednysalasvernisaz.jpg\">&gt;POZV\u00c1NKA&lt;<\/a><\/p>\n","protected":false},"excerpt":{"rendered":"<p>Radenov dom v\u00a0\u010ci\u010dmanoch po viac ako trojmesa\u010dn\u00fdch \u00a0stavebn\u00fdch \u00faprav\u00e1ch je op\u00e4\u0165 otvoren\u00fd svojim n\u00e1v\u0161tevn\u00edkom. \u201e Pova\u017esk\u00e9 M\u00fazeum v\u00a0\u017diline z\u00edskalo v\u00a0roku 2010 grantov\u00e9 finan\u010dn\u00e9 prostriedky na \u010diasto\u010dn\u00fa obnovu tohto jedine\u010dn\u00e9ho pavla\u010dov\u00e9ho domu. Cie\u013eom obnovy bolo predov\u0161etk\u00fdm zlep\u0161enie technick\u00e9ho stavu drevenice komplexnou v\u00fdmenou \u00a0po\u0161koden\u00fdch prvkov, a\u00a0to \u00a0aplikovan\u00edm p\u00f4vodn\u00fdch technol\u00f3gi\u00ed. Od polovice decembra 2010 je Radenov dom pr\u00edstupn\u00fd [&hellip;]<\/p>\n","protected":false},"author":1,"featured_media":0,"comment_status":"closed","ping_status":"closed","sticky":false,"template":"","format":"standard","meta":{"site-sidebar-layout":"default","site-content-layout":"","ast-site-content-layout":"","site-content-style":"default","site-sidebar-style":"default","ast-global-header-display":"","ast-banner-title-visibility":"","ast-main-header-display":"","ast-hfb-above-header-display":"","ast-hfb-below-header-display":"","ast-hfb-mobile-header-display":"","site-post-title":"","ast-breadcrumbs-content":"","ast-featured-img":"","footer-sml-layout":"","theme-transparent-header-meta":"","adv-header-id-meta":"","stick-header-meta":"","header-above-stick-meta":"","header-main-stick-meta":"","header-below-stick-meta":"","astra-migrate-meta-layouts":"default","ast-page-background-enabled":"default","ast-page-background-meta":{"desktop":{"background-color":"var(--ast-global-color-4)","background-image":"","background-repeat":"repeat","background-position":"center center","background-size":"auto","background-attachment":"scroll","background-type":"","background-media":"","overlay-type":"","overlay-color":"","overlay-opacity":"","overlay-gradient":""},"tablet":{"background-color":"","background-image":"","background-repeat":"repeat","background-position":"center center","background-size":"auto","background-attachment":"scroll","background-type":"","background-media":"","overlay-type":"","overlay-color":"","overlay-opacity":"","overlay-gradient":""},"mobile":{"background-color":"","background-image":"","background-repeat":"repeat","background-position":"center center","background-size":"auto","background-attachment":"scroll","background-type":"","background-media":"","overlay-type":"","overlay-color":"","overlay-opacity":"","overlay-gradient":""}},"ast-content-background-meta":{"desktop":{"background-color":"var(--ast-global-color-5)","background-image":"","background-repeat":"repeat","background-position":"center center","background-size":"auto","background-attachment":"scroll","background-type":"","background-media":"","overlay-type":"","overlay-color":"","overlay-opacity":"","overlay-gradient":""},"tablet":{"background-color":"var(--ast-global-color-5)","background-image":"","background-repeat":"repeat","background-position":"center center","background-size":"auto","background-attachment":"scroll","background-type":"","background-media":"","overlay-type":"","overlay-color":"","overlay-opacity":"","overlay-gradient":""},"mobile":{"background-color":"var(--ast-global-color-5)","background-image":"","background-repeat":"repeat","background-position":"center center","background-size":"auto","background-attachment":"scroll","background-type":"","background-media":"","overlay-type":"","overlay-color":"","overlay-opacity":"","overlay-gradient":""}},"footnotes":""},"categories":[30],"tags":[],"class_list":["post-1639","post","type-post","status-publish","format-standard","hentry","category-archiv-2011"],"yoast_head":"<!-- This site is optimized with the Yoast SEO plugin v27.4 - https:\/\/yoast.com\/product\/yoast-seo-wordpress\/ -->\n<title>Obnoven\u00fd Radenov dom otv\u00e1ra v\u00fdstava majstra Pie\u0161a - Pova\u017esk\u00e9 m\u00fazeum<\/title>\n<meta name=\"robots\" content=\"index, follow, max-snippet:-1, max-image-preview:large, max-video-preview:-1\" \/>\n<link rel=\"canonical\" href=\"https:\/\/pmza.sk\/?p=1639\" \/>\n<meta property=\"og:locale\" content=\"sk_SK\" \/>\n<meta property=\"og:type\" content=\"article\" \/>\n<meta property=\"og:title\" content=\"Obnoven\u00fd Radenov dom otv\u00e1ra v\u00fdstava majstra Pie\u0161a - Pova\u017esk\u00e9 m\u00fazeum\" \/>\n<meta property=\"og:description\" content=\"Radenov dom v\u00a0\u010ci\u010dmanoch po viac ako trojmesa\u010dn\u00fdch \u00a0stavebn\u00fdch \u00faprav\u00e1ch je op\u00e4\u0165 otvoren\u00fd svojim n\u00e1v\u0161tevn\u00edkom. \u201e Pova\u017esk\u00e9 M\u00fazeum v\u00a0\u017diline z\u00edskalo v\u00a0roku 2010 grantov\u00e9 finan\u010dn\u00e9 prostriedky na \u010diasto\u010dn\u00fa obnovu tohto jedine\u010dn\u00e9ho pavla\u010dov\u00e9ho domu. Cie\u013eom obnovy bolo predov\u0161etk\u00fdm zlep\u0161enie technick\u00e9ho stavu drevenice komplexnou v\u00fdmenou \u00a0po\u0161koden\u00fdch prvkov, a\u00a0to \u00a0aplikovan\u00edm p\u00f4vodn\u00fdch technol\u00f3gi\u00ed. Od polovice decembra 2010 je Radenov dom pr\u00edstupn\u00fd [&hellip;]\" \/>\n<meta property=\"og:url\" content=\"https:\/\/pmza.sk\/?p=1639\" \/>\n<meta property=\"og:site_name\" content=\"Pova\u017esk\u00e9 m\u00fazeum\" \/>\n<meta property=\"article:publisher\" content=\"https:\/\/www.facebook.com\/povazskemuzeum\" \/>\n<meta property=\"article:published_time\" content=\"2011-01-20T09:39:22+00:00\" \/>\n<meta property=\"og:image\" content=\"https:\/\/pmza.sk.sk\/wp-content\/uploads\/2011\/01\/salas-na-Podfackovskej-300x200.jpg\" \/>\n<meta name=\"author\" content=\"libor\" \/>\n<meta name=\"twitter:card\" content=\"summary_large_image\" \/>\n<meta name=\"twitter:label1\" content=\"Autor\" \/>\n\t<meta name=\"twitter:data1\" content=\"libor\" \/>\n\t<meta name=\"twitter:label2\" content=\"Predpokladan\u00fd \u010das \u010d\u00edtania\" \/>\n\t<meta name=\"twitter:data2\" content=\"2 min\u00faty\" \/>\n<script type=\"application\/ld+json\" class=\"yoast-schema-graph\">{\"@context\":\"https:\\\/\\\/schema.org\",\"@graph\":[{\"@type\":\"Article\",\"@id\":\"https:\\\/\\\/pmza.sk\\\/?p=1639#article\",\"isPartOf\":{\"@id\":\"https:\\\/\\\/pmza.sk\\\/?p=1639\"},\"author\":{\"name\":\"libor\",\"@id\":\"https:\\\/\\\/pmza.sk\\\/#\\\/schema\\\/person\\\/f0b923a9aa8e1f67feef0d7cd9afde35\"},\"headline\":\"Obnoven\u00fd Radenov dom otv\u00e1ra v\u00fdstava majstra Pie\u0161a\",\"datePublished\":\"2011-01-20T09:39:22+00:00\",\"mainEntityOfPage\":{\"@id\":\"https:\\\/\\\/pmza.sk\\\/?p=1639\"},\"wordCount\":480,\"publisher\":{\"@id\":\"https:\\\/\\\/pmza.sk\\\/#organization\"},\"image\":{\"@id\":\"https:\\\/\\\/pmza.sk\\\/?p=1639#primaryimage\"},\"thumbnailUrl\":\"http:\\\/\\\/pmza.sk.sk\\\/wp-content\\\/uploads\\\/2011\\\/01\\\/salas-na-Podfackovskej-300x200.jpg\",\"articleSection\":[\"Arch\u00edv 2011\"],\"inLanguage\":\"sk-SK\"},{\"@type\":\"WebPage\",\"@id\":\"https:\\\/\\\/pmza.sk\\\/?p=1639\",\"url\":\"https:\\\/\\\/pmza.sk\\\/?p=1639\",\"name\":\"Obnoven\u00fd Radenov dom otv\u00e1ra v\u00fdstava majstra Pie\u0161a - Pova\u017esk\u00e9 m\u00fazeum\",\"isPartOf\":{\"@id\":\"https:\\\/\\\/pmza.sk\\\/#website\"},\"primaryImageOfPage\":{\"@id\":\"https:\\\/\\\/pmza.sk\\\/?p=1639#primaryimage\"},\"image\":{\"@id\":\"https:\\\/\\\/pmza.sk\\\/?p=1639#primaryimage\"},\"thumbnailUrl\":\"http:\\\/\\\/pmza.sk.sk\\\/wp-content\\\/uploads\\\/2011\\\/01\\\/salas-na-Podfackovskej-300x200.jpg\",\"datePublished\":\"2011-01-20T09:39:22+00:00\",\"breadcrumb\":{\"@id\":\"https:\\\/\\\/pmza.sk\\\/?p=1639#breadcrumb\"},\"inLanguage\":\"sk-SK\",\"potentialAction\":[{\"@type\":\"ReadAction\",\"target\":[\"https:\\\/\\\/pmza.sk\\\/?p=1639\"]}]},{\"@type\":\"ImageObject\",\"inLanguage\":\"sk-SK\",\"@id\":\"https:\\\/\\\/pmza.sk\\\/?p=1639#primaryimage\",\"url\":\"http:\\\/\\\/pmza.sk.sk\\\/wp-content\\\/uploads\\\/2011\\\/01\\\/salas-na-Podfackovskej-300x200.jpg\",\"contentUrl\":\"http:\\\/\\\/pmza.sk.sk\\\/wp-content\\\/uploads\\\/2011\\\/01\\\/salas-na-Podfackovskej-300x200.jpg\"},{\"@type\":\"BreadcrumbList\",\"@id\":\"https:\\\/\\\/pmza.sk\\\/?p=1639#breadcrumb\",\"itemListElement\":[{\"@type\":\"ListItem\",\"position\":1,\"name\":\"Domovsk\u00e1 str\u00e1nka\",\"item\":\"https:\\\/\\\/pmza.sk\\\/\"},{\"@type\":\"ListItem\",\"position\":2,\"name\":\"Obnoven\u00fd Radenov dom otv\u00e1ra v\u00fdstava majstra Pie\u0161a\"}]},{\"@type\":\"WebSite\",\"@id\":\"https:\\\/\\\/pmza.sk\\\/#website\",\"url\":\"https:\\\/\\\/pmza.sk\\\/\",\"name\":\"Pova\u017esk\u00e9 m\u00fazeum\",\"description\":\"Pova\u017esk\u00e9 m\u00fazeum v \u017diline je region\u00e1lne m\u00fazeum so s\u00eddlom v Budat\u00edne. Jeho expoz\u00edcie s\u00fa zameran\u00e9 na dejiny slovensk\u00e9ho umenia, kult\u00fary a dopravy.\",\"publisher\":{\"@id\":\"https:\\\/\\\/pmza.sk\\\/#organization\"},\"potentialAction\":[{\"@type\":\"SearchAction\",\"target\":{\"@type\":\"EntryPoint\",\"urlTemplate\":\"https:\\\/\\\/pmza.sk\\\/?s={search_term_string}\"},\"query-input\":{\"@type\":\"PropertyValueSpecification\",\"valueRequired\":true,\"valueName\":\"search_term_string\"}}],\"inLanguage\":\"sk-SK\"},{\"@type\":\"Organization\",\"@id\":\"https:\\\/\\\/pmza.sk\\\/#organization\",\"name\":\"Pova\u017esk\u00e9 m\u00fazeum\",\"url\":\"https:\\\/\\\/pmza.sk\\\/\",\"logo\":{\"@type\":\"ImageObject\",\"inLanguage\":\"sk-SK\",\"@id\":\"https:\\\/\\\/pmza.sk\\\/#\\\/schema\\\/logo\\\/image\\\/\",\"url\":\"https:\\\/\\\/pmza.sk\\\/wp-content\\\/uploads\\\/2022\\\/01\\\/logo_PM_horizontal.jpg\",\"contentUrl\":\"https:\\\/\\\/pmza.sk\\\/wp-content\\\/uploads\\\/2022\\\/01\\\/logo_PM_horizontal.jpg\",\"width\":231,\"height\":142,\"caption\":\"Pova\u017esk\u00e9 m\u00fazeum\"},\"image\":{\"@id\":\"https:\\\/\\\/pmza.sk\\\/#\\\/schema\\\/logo\\\/image\\\/\"},\"sameAs\":[\"https:\\\/\\\/www.facebook.com\\\/povazskemuzeum\",\"https:\\\/\\\/www.instagram.com\\\/povazskemuzeum\\\/\"]},{\"@type\":\"Person\",\"@id\":\"https:\\\/\\\/pmza.sk\\\/#\\\/schema\\\/person\\\/f0b923a9aa8e1f67feef0d7cd9afde35\",\"name\":\"libor\",\"image\":{\"@type\":\"ImageObject\",\"inLanguage\":\"sk-SK\",\"@id\":\"https:\\\/\\\/secure.gravatar.com\\\/avatar\\\/c583dbc698e594aacced1589eb8cf1673bd41d461e8b2ab635484ffc26fee7b0?s=96&d=mm&r=g\",\"url\":\"https:\\\/\\\/secure.gravatar.com\\\/avatar\\\/c583dbc698e594aacced1589eb8cf1673bd41d461e8b2ab635484ffc26fee7b0?s=96&d=mm&r=g\",\"contentUrl\":\"https:\\\/\\\/secure.gravatar.com\\\/avatar\\\/c583dbc698e594aacced1589eb8cf1673bd41d461e8b2ab635484ffc26fee7b0?s=96&d=mm&r=g\",\"caption\":\"libor\"}}]}<\/script>\n<!-- \/ Yoast SEO plugin. -->","yoast_head_json":{"title":"Obnoven\u00fd Radenov dom otv\u00e1ra v\u00fdstava majstra Pie\u0161a - Pova\u017esk\u00e9 m\u00fazeum","robots":{"index":"index","follow":"follow","max-snippet":"max-snippet:-1","max-image-preview":"max-image-preview:large","max-video-preview":"max-video-preview:-1"},"canonical":"https:\/\/pmza.sk\/?p=1639","og_locale":"sk_SK","og_type":"article","og_title":"Obnoven\u00fd Radenov dom otv\u00e1ra v\u00fdstava majstra Pie\u0161a - Pova\u017esk\u00e9 m\u00fazeum","og_description":"Radenov dom v\u00a0\u010ci\u010dmanoch po viac ako trojmesa\u010dn\u00fdch \u00a0stavebn\u00fdch \u00faprav\u00e1ch je op\u00e4\u0165 otvoren\u00fd svojim n\u00e1v\u0161tevn\u00edkom. \u201e Pova\u017esk\u00e9 M\u00fazeum v\u00a0\u017diline z\u00edskalo v\u00a0roku 2010 grantov\u00e9 finan\u010dn\u00e9 prostriedky na \u010diasto\u010dn\u00fa obnovu tohto jedine\u010dn\u00e9ho pavla\u010dov\u00e9ho domu. Cie\u013eom obnovy bolo predov\u0161etk\u00fdm zlep\u0161enie technick\u00e9ho stavu drevenice komplexnou v\u00fdmenou \u00a0po\u0161koden\u00fdch prvkov, a\u00a0to \u00a0aplikovan\u00edm p\u00f4vodn\u00fdch technol\u00f3gi\u00ed. Od polovice decembra 2010 je Radenov dom pr\u00edstupn\u00fd [&hellip;]","og_url":"https:\/\/pmza.sk\/?p=1639","og_site_name":"Pova\u017esk\u00e9 m\u00fazeum","article_publisher":"https:\/\/www.facebook.com\/povazskemuzeum","article_published_time":"2011-01-20T09:39:22+00:00","og_image":[{"url":"https:\/\/pmza.sk.sk\/wp-content\/uploads\/2011\/01\/salas-na-Podfackovskej-300x200.jpg","type":"","width":"","height":""}],"author":"libor","twitter_card":"summary_large_image","twitter_misc":{"Autor":"libor","Predpokladan\u00fd \u010das \u010d\u00edtania":"2 min\u00faty"},"schema":{"@context":"https:\/\/schema.org","@graph":[{"@type":"Article","@id":"https:\/\/pmza.sk\/?p=1639#article","isPartOf":{"@id":"https:\/\/pmza.sk\/?p=1639"},"author":{"name":"libor","@id":"https:\/\/pmza.sk\/#\/schema\/person\/f0b923a9aa8e1f67feef0d7cd9afde35"},"headline":"Obnoven\u00fd Radenov dom otv\u00e1ra v\u00fdstava majstra Pie\u0161a","datePublished":"2011-01-20T09:39:22+00:00","mainEntityOfPage":{"@id":"https:\/\/pmza.sk\/?p=1639"},"wordCount":480,"publisher":{"@id":"https:\/\/pmza.sk\/#organization"},"image":{"@id":"https:\/\/pmza.sk\/?p=1639#primaryimage"},"thumbnailUrl":"https:\/\/pmza.sk.sk\/wp-content\/uploads\/2011\/01\/salas-na-Podfackovskej-300x200.jpg","articleSection":["Arch\u00edv 2011"],"inLanguage":"sk-SK"},{"@type":"WebPage","@id":"https:\/\/pmza.sk\/?p=1639","url":"https:\/\/pmza.sk\/?p=1639","name":"Obnoven\u00fd Radenov dom otv\u00e1ra v\u00fdstava majstra Pie\u0161a - Pova\u017esk\u00e9 m\u00fazeum","isPartOf":{"@id":"https:\/\/pmza.sk\/#website"},"primaryImageOfPage":{"@id":"https:\/\/pmza.sk\/?p=1639#primaryimage"},"image":{"@id":"https:\/\/pmza.sk\/?p=1639#primaryimage"},"thumbnailUrl":"https:\/\/pmza.sk.sk\/wp-content\/uploads\/2011\/01\/salas-na-Podfackovskej-300x200.jpg","datePublished":"2011-01-20T09:39:22+00:00","breadcrumb":{"@id":"https:\/\/pmza.sk\/?p=1639#breadcrumb"},"inLanguage":"sk-SK","potentialAction":[{"@type":"ReadAction","target":["https:\/\/pmza.sk\/?p=1639"]}]},{"@type":"ImageObject","inLanguage":"sk-SK","@id":"https:\/\/pmza.sk\/?p=1639#primaryimage","url":"https:\/\/pmza.sk.sk\/wp-content\/uploads\/2011\/01\/salas-na-Podfackovskej-300x200.jpg","contentUrl":"https:\/\/pmza.sk.sk\/wp-content\/uploads\/2011\/01\/salas-na-Podfackovskej-300x200.jpg"},{"@type":"BreadcrumbList","@id":"https:\/\/pmza.sk\/?p=1639#breadcrumb","itemListElement":[{"@type":"ListItem","position":1,"name":"Domovsk\u00e1 str\u00e1nka","item":"https:\/\/pmza.sk\/"},{"@type":"ListItem","position":2,"name":"Obnoven\u00fd Radenov dom otv\u00e1ra v\u00fdstava majstra Pie\u0161a"}]},{"@type":"WebSite","@id":"https:\/\/pmza.sk\/#website","url":"https:\/\/pmza.sk\/","name":"Pova\u017esk\u00e9 m\u00fazeum","description":"Pova\u017esk\u00e9 m\u00fazeum v \u017diline je region\u00e1lne m\u00fazeum so s\u00eddlom v Budat\u00edne. Jeho expoz\u00edcie s\u00fa zameran\u00e9 na dejiny slovensk\u00e9ho umenia, kult\u00fary a dopravy.","publisher":{"@id":"https:\/\/pmza.sk\/#organization"},"potentialAction":[{"@type":"SearchAction","target":{"@type":"EntryPoint","urlTemplate":"https:\/\/pmza.sk\/?s={search_term_string}"},"query-input":{"@type":"PropertyValueSpecification","valueRequired":true,"valueName":"search_term_string"}}],"inLanguage":"sk-SK"},{"@type":"Organization","@id":"https:\/\/pmza.sk\/#organization","name":"Pova\u017esk\u00e9 m\u00fazeum","url":"https:\/\/pmza.sk\/","logo":{"@type":"ImageObject","inLanguage":"sk-SK","@id":"https:\/\/pmza.sk\/#\/schema\/logo\/image\/","url":"https:\/\/pmza.sk\/wp-content\/uploads\/2022\/01\/logo_PM_horizontal.jpg","contentUrl":"https:\/\/pmza.sk\/wp-content\/uploads\/2022\/01\/logo_PM_horizontal.jpg","width":231,"height":142,"caption":"Pova\u017esk\u00e9 m\u00fazeum"},"image":{"@id":"https:\/\/pmza.sk\/#\/schema\/logo\/image\/"},"sameAs":["https:\/\/www.facebook.com\/povazskemuzeum","https:\/\/www.instagram.com\/povazskemuzeum\/"]},{"@type":"Person","@id":"https:\/\/pmza.sk\/#\/schema\/person\/f0b923a9aa8e1f67feef0d7cd9afde35","name":"libor","image":{"@type":"ImageObject","inLanguage":"sk-SK","@id":"https:\/\/secure.gravatar.com\/avatar\/c583dbc698e594aacced1589eb8cf1673bd41d461e8b2ab635484ffc26fee7b0?s=96&d=mm&r=g","url":"https:\/\/secure.gravatar.com\/avatar\/c583dbc698e594aacced1589eb8cf1673bd41d461e8b2ab635484ffc26fee7b0?s=96&d=mm&r=g","contentUrl":"https:\/\/secure.gravatar.com\/avatar\/c583dbc698e594aacced1589eb8cf1673bd41d461e8b2ab635484ffc26fee7b0?s=96&d=mm&r=g","caption":"libor"}}]}},"_links":{"self":[{"href":"https:\/\/pmza.sk\/index.php?rest_route=\/wp\/v2\/posts\/1639","targetHints":{"allow":["GET"]}}],"collection":[{"href":"https:\/\/pmza.sk\/index.php?rest_route=\/wp\/v2\/posts"}],"about":[{"href":"https:\/\/pmza.sk\/index.php?rest_route=\/wp\/v2\/types\/post"}],"author":[{"embeddable":true,"href":"https:\/\/pmza.sk\/index.php?rest_route=\/wp\/v2\/users\/1"}],"replies":[{"embeddable":true,"href":"https:\/\/pmza.sk\/index.php?rest_route=%2Fwp%2Fv2%2Fcomments&post=1639"}],"version-history":[{"count":0,"href":"https:\/\/pmza.sk\/index.php?rest_route=\/wp\/v2\/posts\/1639\/revisions"}],"wp:attachment":[{"href":"https:\/\/pmza.sk\/index.php?rest_route=%2Fwp%2Fv2%2Fmedia&parent=1639"}],"wp:term":[{"taxonomy":"category","embeddable":true,"href":"https:\/\/pmza.sk\/index.php?rest_route=%2Fwp%2Fv2%2Fcategories&post=1639"},{"taxonomy":"post_tag","embeddable":true,"href":"https:\/\/pmza.sk\/index.php?rest_route=%2Fwp%2Fv2%2Ftags&post=1639"}],"curies":[{"name":"wp","href":"https:\/\/api.w.org\/{rel}","templated":true}]}}