{"id":16473,"date":"2016-06-22T13:54:13","date_gmt":"2016-06-22T11:54:13","guid":{"rendered":"https:\/\/pmza.sk.sk\/?p=16473"},"modified":"2016-06-22T13:54:13","modified_gmt":"2016-06-22T11:54:13","slug":"slovania-na-hornom-povazi","status":"publish","type":"post","link":"https:\/\/pmza.sk\/?p=16473","title":{"rendered":"Slovania na Hornom Pova\u017e\u00ed"},"content":{"rendered":"<p>Pova\u017esk\u00e9 m\u00fazeum v\u00a0\u017diline pripravilo vo v\u00fdstavnom priestore v\u00a0are\u00e1li Budat\u00ednskeho hradu v\u00fdstavu pribli\u017euj\u00facu sp\u00f4sob \u017eivota slovansk\u00e9ho obyvate\u013estva v 6. \u2013 10. storo\u010d\u00ed na Hornom Pova\u017e\u00ed. V\u00fdstava je s\u00fa\u010das\u0165ou be\u017enej prehliadky hradnej ve\u017ee a\u00a0verejnosti je pr\u00edstupn\u00e1 do 23. okt\u00f3bra 2016.<\/p>\n<p>V\u00a0priestore \u017dilinskej kotliny m\u00f4\u017eeme os\u00eddlenie prv\u00fdmi Slovanmi dokumentova\u0165 u\u017e na rozhran\u00ed 5. \u2013 6. storo\u010dia. Slovania pri\u0161li do tejto oblasti pravdepodobne od severu, cez karpatsk\u00e9 priesmyky, z\u00a0\u00fazemia dne\u0161n\u00e9ho Po\u013eska. Na v\u00fdstave s\u00fa prezentovan\u00e9 archeologick\u00e9 n\u00e1lezy zo s\u00eddlisk, pohreb\u00edsk a in\u00e9 druhy n\u00e1lezov, ktor\u00e9 dokumentuj\u00fa pracovn\u00e9 aktivity a\u00a0be\u017en\u00fd \u017eivot vtedaj\u0161ej v\u010dasnostredovekej spolo\u010dnosti. N\u00e1v\u0161tevn\u00edci si m\u00f4\u017eu prezrie\u0165 keramick\u00e9 n\u00e1doby, pracovn\u00e9 n\u00e1stroje, po\u013enohospod\u00e1rske n\u00e1radie, zbrane a \u010fal\u0161ie predmety z\u00a0v\u00fdznamn\u00fdch lokal\u00edt. Medzi v\u00fdnimo\u010dn\u00e9 expon\u00e1ty patr\u00ed depot kov\u00e1\u010dskych n\u00e1strojov z\u00a0Vr\u0161atsk\u00e9ho Podhradia. Po prv\u00fdkr\u00e1t bude vystaven\u00fd depot \u017eelezn\u00fdch predmetov objaven\u00fd v\u00a0roku 2010 na hradisku Ve\u013ek\u00fd vrch pri Divinke. Zauj\u00edmavos\u0165ou je tie\u017e zmen\u0161en\u00fd model mohyly. Pr\u00e1ve pochov\u00e1vanie pod mohylami je typick\u00e9 pre Slovanov \u017eij\u00facich vo v\u010dasnom stredoveku na \u00fazem\u00ed n\u00e1\u0161ho regi\u00f3nu. Pripojen\u00e9 texty, mapy a fotografie dop\u013a\u0148aj\u00fa potrebn\u00e9 inform\u00e1cie a dod\u00e1vaj\u00fa celistvos\u0165 prezentovanej t\u00e9me.<\/p>\n<p>V\u00fdstavu autorsky pripravila archeologi\u010dka Pova\u017esk\u00e9ho m\u00fazea v\u00a0\u017diline Mgr. Andrea Slan\u00e1.<\/p>\n","protected":false},"excerpt":{"rendered":"<p>Pova\u017esk\u00e9 m\u00fazeum v\u00a0\u017diline pripravilo vo v\u00fdstavnom priestore v\u00a0are\u00e1li Budat\u00ednskeho hradu v\u00fdstavu pribli\u017euj\u00facu sp\u00f4sob \u017eivota slovansk\u00e9ho obyvate\u013estva v 6. \u2013 10. storo\u010d\u00ed na Hornom Pova\u017e\u00ed. V\u00fdstava je s\u00fa\u010das\u0165ou be\u017enej prehliadky hradnej ve\u017ee a\u00a0verejnosti je pr\u00edstupn\u00e1 do 23. okt\u00f3bra 2016. V\u00a0priestore \u017dilinskej kotliny m\u00f4\u017eeme os\u00eddlenie prv\u00fdmi Slovanmi dokumentova\u0165 u\u017e na rozhran\u00ed 5. \u2013 6. storo\u010dia. Slovania pri\u0161li [&hellip;]<\/p>\n","protected":false},"author":2,"featured_media":16475,"comment_status":"closed","ping_status":"closed","sticky":false,"template":"","format":"standard","meta":{"site-sidebar-layout":"default","site-content-layout":"","ast-site-content-layout":"","site-content-style":"default","site-sidebar-style":"default","ast-global-header-display":"","ast-banner-title-visibility":"","ast-main-header-display":"","ast-hfb-above-header-display":"","ast-hfb-below-header-display":"","ast-hfb-mobile-header-display":"","site-post-title":"","ast-breadcrumbs-content":"","ast-featured-img":"","footer-sml-layout":"","theme-transparent-header-meta":"","adv-header-id-meta":"","stick-header-meta":"","header-above-stick-meta":"","header-main-stick-meta":"","header-below-stick-meta":"","astra-migrate-meta-layouts":"default","ast-page-background-enabled":"default","ast-page-background-meta":{"desktop":{"background-color":"var(--ast-global-color-4)","background-image":"","background-repeat":"repeat","background-position":"center center","background-size":"auto","background-attachment":"scroll","background-type":"","background-media":"","overlay-type":"","overlay-color":"","overlay-opacity":"","overlay-gradient":""},"tablet":{"background-color":"","background-image":"","background-repeat":"repeat","background-position":"center center","background-size":"auto","background-attachment":"scroll","background-type":"","background-media":"","overlay-type":"","overlay-color":"","overlay-opacity":"","overlay-gradient":""},"mobile":{"background-color":"","background-image":"","background-repeat":"repeat","background-position":"center center","background-size":"auto","background-attachment":"scroll","background-type":"","background-media":"","overlay-type":"","overlay-color":"","overlay-opacity":"","overlay-gradient":""}},"ast-content-background-meta":{"desktop":{"background-color":"var(--ast-global-color-5)","background-image":"","background-repeat":"repeat","background-position":"center center","background-size":"auto","background-attachment":"scroll","background-type":"","background-media":"","overlay-type":"","overlay-color":"","overlay-opacity":"","overlay-gradient":""},"tablet":{"background-color":"var(--ast-global-color-5)","background-image":"","background-repeat":"repeat","background-position":"center center","background-size":"auto","background-attachment":"scroll","background-type":"","background-media":"","overlay-type":"","overlay-color":"","overlay-opacity":"","overlay-gradient":""},"mobile":{"background-color":"var(--ast-global-color-5)","background-image":"","background-repeat":"repeat","background-position":"center center","background-size":"auto","background-attachment":"scroll","background-type":"","background-media":"","overlay-type":"","overlay-color":"","overlay-opacity":"","overlay-gradient":""}},"footnotes":""},"categories":[50],"tags":[],"class_list":["post-16473","post","type-post","status-publish","format-standard","has-post-thumbnail","hentry","category-archiv-2016"],"yoast_head":"<!-- This site is optimized with the Yoast SEO plugin v27.4 - https:\/\/yoast.com\/product\/yoast-seo-wordpress\/ -->\n<title>Slovania na Hornom Pova\u017e\u00ed - Pova\u017esk\u00e9 m\u00fazeum<\/title>\n<meta name=\"robots\" content=\"index, follow, max-snippet:-1, max-image-preview:large, max-video-preview:-1\" \/>\n<link rel=\"canonical\" href=\"https:\/\/pmza.sk\/?p=16473\" \/>\n<meta property=\"og:locale\" content=\"sk_SK\" \/>\n<meta property=\"og:type\" content=\"article\" \/>\n<meta property=\"og:title\" content=\"Slovania na Hornom Pova\u017e\u00ed - Pova\u017esk\u00e9 m\u00fazeum\" \/>\n<meta property=\"og:description\" content=\"Pova\u017esk\u00e9 m\u00fazeum v\u00a0\u017diline pripravilo vo v\u00fdstavnom priestore v\u00a0are\u00e1li Budat\u00ednskeho hradu v\u00fdstavu pribli\u017euj\u00facu sp\u00f4sob \u017eivota slovansk\u00e9ho obyvate\u013estva v 6. \u2013 10. storo\u010d\u00ed na Hornom Pova\u017e\u00ed. V\u00fdstava je s\u00fa\u010das\u0165ou be\u017enej prehliadky hradnej ve\u017ee a\u00a0verejnosti je pr\u00edstupn\u00e1 do 23. okt\u00f3bra 2016. V\u00a0priestore \u017dilinskej kotliny m\u00f4\u017eeme os\u00eddlenie prv\u00fdmi Slovanmi dokumentova\u0165 u\u017e na rozhran\u00ed 5. \u2013 6. storo\u010dia. Slovania pri\u0161li [&hellip;]\" \/>\n<meta property=\"og:url\" content=\"https:\/\/pmza.sk\/?p=16473\" \/>\n<meta property=\"og:site_name\" content=\"Pova\u017esk\u00e9 m\u00fazeum\" \/>\n<meta property=\"article:publisher\" content=\"https:\/\/www.facebook.com\/povazskemuzeum\" \/>\n<meta property=\"article:published_time\" content=\"2016-06-22T11:54:13+00:00\" \/>\n<meta property=\"og:image\" content=\"https:\/\/pmza.sk\/wp-content\/uploads\/2016\/06\/Slovania_new.jpg\" \/>\n\t<meta property=\"og:image:width\" content=\"552\" \/>\n\t<meta property=\"og:image:height\" content=\"780\" \/>\n\t<meta property=\"og:image:type\" content=\"image\/jpeg\" \/>\n<meta name=\"author\" content=\"Pova\u017esk\u00e9 m\u00fazeum\" \/>\n<meta name=\"twitter:card\" content=\"summary_large_image\" \/>\n<meta name=\"twitter:label1\" content=\"Autor\" \/>\n\t<meta name=\"twitter:data1\" content=\"Pova\u017esk\u00e9 m\u00fazeum\" \/>\n\t<meta name=\"twitter:label2\" content=\"Predpokladan\u00fd \u010das \u010d\u00edtania\" \/>\n\t<meta name=\"twitter:data2\" content=\"1 min\u00fata\" \/>\n<script type=\"application\/ld+json\" class=\"yoast-schema-graph\">{\"@context\":\"https:\\\/\\\/schema.org\",\"@graph\":[{\"@type\":\"Article\",\"@id\":\"https:\\\/\\\/pmza.sk\\\/?p=16473#article\",\"isPartOf\":{\"@id\":\"https:\\\/\\\/pmza.sk\\\/?p=16473\"},\"author\":{\"name\":\"Pova\u017esk\u00e9 m\u00fazeum\",\"@id\":\"https:\\\/\\\/pmza.sk\\\/#\\\/schema\\\/person\\\/595e6a2ce731ea94dcd5d7f50a41ae33\"},\"headline\":\"Slovania na Hornom Pova\u017e\u00ed\",\"datePublished\":\"2016-06-22T11:54:13+00:00\",\"mainEntityOfPage\":{\"@id\":\"https:\\\/\\\/pmza.sk\\\/?p=16473\"},\"wordCount\":257,\"publisher\":{\"@id\":\"https:\\\/\\\/pmza.sk\\\/#organization\"},\"image\":{\"@id\":\"https:\\\/\\\/pmza.sk\\\/?p=16473#primaryimage\"},\"thumbnailUrl\":\"https:\\\/\\\/pmza.sk\\\/wp-content\\\/uploads\\\/2016\\\/06\\\/Slovania_new.jpg\",\"articleSection\":[\"Arch\u00edv 2016\"],\"inLanguage\":\"sk-SK\"},{\"@type\":\"WebPage\",\"@id\":\"https:\\\/\\\/pmza.sk\\\/?p=16473\",\"url\":\"https:\\\/\\\/pmza.sk\\\/?p=16473\",\"name\":\"Slovania na Hornom Pova\u017e\u00ed - Pova\u017esk\u00e9 m\u00fazeum\",\"isPartOf\":{\"@id\":\"https:\\\/\\\/pmza.sk\\\/#website\"},\"primaryImageOfPage\":{\"@id\":\"https:\\\/\\\/pmza.sk\\\/?p=16473#primaryimage\"},\"image\":{\"@id\":\"https:\\\/\\\/pmza.sk\\\/?p=16473#primaryimage\"},\"thumbnailUrl\":\"https:\\\/\\\/pmza.sk\\\/wp-content\\\/uploads\\\/2016\\\/06\\\/Slovania_new.jpg\",\"datePublished\":\"2016-06-22T11:54:13+00:00\",\"breadcrumb\":{\"@id\":\"https:\\\/\\\/pmza.sk\\\/?p=16473#breadcrumb\"},\"inLanguage\":\"sk-SK\",\"potentialAction\":[{\"@type\":\"ReadAction\",\"target\":[\"https:\\\/\\\/pmza.sk\\\/?p=16473\"]}]},{\"@type\":\"ImageObject\",\"inLanguage\":\"sk-SK\",\"@id\":\"https:\\\/\\\/pmza.sk\\\/?p=16473#primaryimage\",\"url\":\"https:\\\/\\\/pmza.sk\\\/wp-content\\\/uploads\\\/2016\\\/06\\\/Slovania_new.jpg\",\"contentUrl\":\"https:\\\/\\\/pmza.sk\\\/wp-content\\\/uploads\\\/2016\\\/06\\\/Slovania_new.jpg\",\"width\":552,\"height\":780},{\"@type\":\"BreadcrumbList\",\"@id\":\"https:\\\/\\\/pmza.sk\\\/?p=16473#breadcrumb\",\"itemListElement\":[{\"@type\":\"ListItem\",\"position\":1,\"name\":\"Domovsk\u00e1 str\u00e1nka\",\"item\":\"https:\\\/\\\/pmza.sk\\\/\"},{\"@type\":\"ListItem\",\"position\":2,\"name\":\"Slovania na Hornom Pova\u017e\u00ed\"}]},{\"@type\":\"WebSite\",\"@id\":\"https:\\\/\\\/pmza.sk\\\/#website\",\"url\":\"https:\\\/\\\/pmza.sk\\\/\",\"name\":\"Pova\u017esk\u00e9 m\u00fazeum\",\"description\":\"Pova\u017esk\u00e9 m\u00fazeum v \u017diline je region\u00e1lne m\u00fazeum so s\u00eddlom v Budat\u00edne. Jeho expoz\u00edcie s\u00fa zameran\u00e9 na dejiny slovensk\u00e9ho umenia, kult\u00fary a dopravy.\",\"publisher\":{\"@id\":\"https:\\\/\\\/pmza.sk\\\/#organization\"},\"potentialAction\":[{\"@type\":\"SearchAction\",\"target\":{\"@type\":\"EntryPoint\",\"urlTemplate\":\"https:\\\/\\\/pmza.sk\\\/?s={search_term_string}\"},\"query-input\":{\"@type\":\"PropertyValueSpecification\",\"valueRequired\":true,\"valueName\":\"search_term_string\"}}],\"inLanguage\":\"sk-SK\"},{\"@type\":\"Organization\",\"@id\":\"https:\\\/\\\/pmza.sk\\\/#organization\",\"name\":\"Pova\u017esk\u00e9 m\u00fazeum\",\"url\":\"https:\\\/\\\/pmza.sk\\\/\",\"logo\":{\"@type\":\"ImageObject\",\"inLanguage\":\"sk-SK\",\"@id\":\"https:\\\/\\\/pmza.sk\\\/#\\\/schema\\\/logo\\\/image\\\/\",\"url\":\"https:\\\/\\\/pmza.sk\\\/wp-content\\\/uploads\\\/2022\\\/01\\\/logo_PM_horizontal.jpg\",\"contentUrl\":\"https:\\\/\\\/pmza.sk\\\/wp-content\\\/uploads\\\/2022\\\/01\\\/logo_PM_horizontal.jpg\",\"width\":231,\"height\":142,\"caption\":\"Pova\u017esk\u00e9 m\u00fazeum\"},\"image\":{\"@id\":\"https:\\\/\\\/pmza.sk\\\/#\\\/schema\\\/logo\\\/image\\\/\"},\"sameAs\":[\"https:\\\/\\\/www.facebook.com\\\/povazskemuzeum\",\"https:\\\/\\\/www.instagram.com\\\/povazskemuzeum\\\/\"]},{\"@type\":\"Person\",\"@id\":\"https:\\\/\\\/pmza.sk\\\/#\\\/schema\\\/person\\\/595e6a2ce731ea94dcd5d7f50a41ae33\",\"name\":\"Pova\u017esk\u00e9 m\u00fazeum\",\"image\":{\"@type\":\"ImageObject\",\"inLanguage\":\"sk-SK\",\"@id\":\"https:\\\/\\\/secure.gravatar.com\\\/avatar\\\/2bb7f1561282132fb5826dfeccc66c7996d11ee392ac6aaf7ced8a1c2027fbb2?s=96&d=mm&r=g\",\"url\":\"https:\\\/\\\/secure.gravatar.com\\\/avatar\\\/2bb7f1561282132fb5826dfeccc66c7996d11ee392ac6aaf7ced8a1c2027fbb2?s=96&d=mm&r=g\",\"contentUrl\":\"https:\\\/\\\/secure.gravatar.com\\\/avatar\\\/2bb7f1561282132fb5826dfeccc66c7996d11ee392ac6aaf7ced8a1c2027fbb2?s=96&d=mm&r=g\",\"caption\":\"Pova\u017esk\u00e9 m\u00fazeum\"}}]}<\/script>\n<!-- \/ Yoast SEO plugin. -->","yoast_head_json":{"title":"Slovania na Hornom Pova\u017e\u00ed - Pova\u017esk\u00e9 m\u00fazeum","robots":{"index":"index","follow":"follow","max-snippet":"max-snippet:-1","max-image-preview":"max-image-preview:large","max-video-preview":"max-video-preview:-1"},"canonical":"https:\/\/pmza.sk\/?p=16473","og_locale":"sk_SK","og_type":"article","og_title":"Slovania na Hornom Pova\u017e\u00ed - Pova\u017esk\u00e9 m\u00fazeum","og_description":"Pova\u017esk\u00e9 m\u00fazeum v\u00a0\u017diline pripravilo vo v\u00fdstavnom priestore v\u00a0are\u00e1li Budat\u00ednskeho hradu v\u00fdstavu pribli\u017euj\u00facu sp\u00f4sob \u017eivota slovansk\u00e9ho obyvate\u013estva v 6. \u2013 10. storo\u010d\u00ed na Hornom Pova\u017e\u00ed. V\u00fdstava je s\u00fa\u010das\u0165ou be\u017enej prehliadky hradnej ve\u017ee a\u00a0verejnosti je pr\u00edstupn\u00e1 do 23. okt\u00f3bra 2016. V\u00a0priestore \u017dilinskej kotliny m\u00f4\u017eeme os\u00eddlenie prv\u00fdmi Slovanmi dokumentova\u0165 u\u017e na rozhran\u00ed 5. \u2013 6. storo\u010dia. Slovania pri\u0161li [&hellip;]","og_url":"https:\/\/pmza.sk\/?p=16473","og_site_name":"Pova\u017esk\u00e9 m\u00fazeum","article_publisher":"https:\/\/www.facebook.com\/povazskemuzeum","article_published_time":"2016-06-22T11:54:13+00:00","og_image":[{"width":552,"height":780,"url":"https:\/\/pmza.sk\/wp-content\/uploads\/2016\/06\/Slovania_new.jpg","type":"image\/jpeg"}],"author":"Pova\u017esk\u00e9 m\u00fazeum","twitter_card":"summary_large_image","twitter_misc":{"Autor":"Pova\u017esk\u00e9 m\u00fazeum","Predpokladan\u00fd \u010das \u010d\u00edtania":"1 min\u00fata"},"schema":{"@context":"https:\/\/schema.org","@graph":[{"@type":"Article","@id":"https:\/\/pmza.sk\/?p=16473#article","isPartOf":{"@id":"https:\/\/pmza.sk\/?p=16473"},"author":{"name":"Pova\u017esk\u00e9 m\u00fazeum","@id":"https:\/\/pmza.sk\/#\/schema\/person\/595e6a2ce731ea94dcd5d7f50a41ae33"},"headline":"Slovania na Hornom Pova\u017e\u00ed","datePublished":"2016-06-22T11:54:13+00:00","mainEntityOfPage":{"@id":"https:\/\/pmza.sk\/?p=16473"},"wordCount":257,"publisher":{"@id":"https:\/\/pmza.sk\/#organization"},"image":{"@id":"https:\/\/pmza.sk\/?p=16473#primaryimage"},"thumbnailUrl":"https:\/\/pmza.sk\/wp-content\/uploads\/2016\/06\/Slovania_new.jpg","articleSection":["Arch\u00edv 2016"],"inLanguage":"sk-SK"},{"@type":"WebPage","@id":"https:\/\/pmza.sk\/?p=16473","url":"https:\/\/pmza.sk\/?p=16473","name":"Slovania na Hornom Pova\u017e\u00ed - Pova\u017esk\u00e9 m\u00fazeum","isPartOf":{"@id":"https:\/\/pmza.sk\/#website"},"primaryImageOfPage":{"@id":"https:\/\/pmza.sk\/?p=16473#primaryimage"},"image":{"@id":"https:\/\/pmza.sk\/?p=16473#primaryimage"},"thumbnailUrl":"https:\/\/pmza.sk\/wp-content\/uploads\/2016\/06\/Slovania_new.jpg","datePublished":"2016-06-22T11:54:13+00:00","breadcrumb":{"@id":"https:\/\/pmza.sk\/?p=16473#breadcrumb"},"inLanguage":"sk-SK","potentialAction":[{"@type":"ReadAction","target":["https:\/\/pmza.sk\/?p=16473"]}]},{"@type":"ImageObject","inLanguage":"sk-SK","@id":"https:\/\/pmza.sk\/?p=16473#primaryimage","url":"https:\/\/pmza.sk\/wp-content\/uploads\/2016\/06\/Slovania_new.jpg","contentUrl":"https:\/\/pmza.sk\/wp-content\/uploads\/2016\/06\/Slovania_new.jpg","width":552,"height":780},{"@type":"BreadcrumbList","@id":"https:\/\/pmza.sk\/?p=16473#breadcrumb","itemListElement":[{"@type":"ListItem","position":1,"name":"Domovsk\u00e1 str\u00e1nka","item":"https:\/\/pmza.sk\/"},{"@type":"ListItem","position":2,"name":"Slovania na Hornom Pova\u017e\u00ed"}]},{"@type":"WebSite","@id":"https:\/\/pmza.sk\/#website","url":"https:\/\/pmza.sk\/","name":"Pova\u017esk\u00e9 m\u00fazeum","description":"Pova\u017esk\u00e9 m\u00fazeum v \u017diline je region\u00e1lne m\u00fazeum so s\u00eddlom v Budat\u00edne. Jeho expoz\u00edcie s\u00fa zameran\u00e9 na dejiny slovensk\u00e9ho umenia, kult\u00fary a dopravy.","publisher":{"@id":"https:\/\/pmza.sk\/#organization"},"potentialAction":[{"@type":"SearchAction","target":{"@type":"EntryPoint","urlTemplate":"https:\/\/pmza.sk\/?s={search_term_string}"},"query-input":{"@type":"PropertyValueSpecification","valueRequired":true,"valueName":"search_term_string"}}],"inLanguage":"sk-SK"},{"@type":"Organization","@id":"https:\/\/pmza.sk\/#organization","name":"Pova\u017esk\u00e9 m\u00fazeum","url":"https:\/\/pmza.sk\/","logo":{"@type":"ImageObject","inLanguage":"sk-SK","@id":"https:\/\/pmza.sk\/#\/schema\/logo\/image\/","url":"https:\/\/pmza.sk\/wp-content\/uploads\/2022\/01\/logo_PM_horizontal.jpg","contentUrl":"https:\/\/pmza.sk\/wp-content\/uploads\/2022\/01\/logo_PM_horizontal.jpg","width":231,"height":142,"caption":"Pova\u017esk\u00e9 m\u00fazeum"},"image":{"@id":"https:\/\/pmza.sk\/#\/schema\/logo\/image\/"},"sameAs":["https:\/\/www.facebook.com\/povazskemuzeum","https:\/\/www.instagram.com\/povazskemuzeum\/"]},{"@type":"Person","@id":"https:\/\/pmza.sk\/#\/schema\/person\/595e6a2ce731ea94dcd5d7f50a41ae33","name":"Pova\u017esk\u00e9 m\u00fazeum","image":{"@type":"ImageObject","inLanguage":"sk-SK","@id":"https:\/\/secure.gravatar.com\/avatar\/2bb7f1561282132fb5826dfeccc66c7996d11ee392ac6aaf7ced8a1c2027fbb2?s=96&d=mm&r=g","url":"https:\/\/secure.gravatar.com\/avatar\/2bb7f1561282132fb5826dfeccc66c7996d11ee392ac6aaf7ced8a1c2027fbb2?s=96&d=mm&r=g","contentUrl":"https:\/\/secure.gravatar.com\/avatar\/2bb7f1561282132fb5826dfeccc66c7996d11ee392ac6aaf7ced8a1c2027fbb2?s=96&d=mm&r=g","caption":"Pova\u017esk\u00e9 m\u00fazeum"}}]}},"_links":{"self":[{"href":"https:\/\/pmza.sk\/index.php?rest_route=\/wp\/v2\/posts\/16473","targetHints":{"allow":["GET"]}}],"collection":[{"href":"https:\/\/pmza.sk\/index.php?rest_route=\/wp\/v2\/posts"}],"about":[{"href":"https:\/\/pmza.sk\/index.php?rest_route=\/wp\/v2\/types\/post"}],"author":[{"embeddable":true,"href":"https:\/\/pmza.sk\/index.php?rest_route=\/wp\/v2\/users\/2"}],"replies":[{"embeddable":true,"href":"https:\/\/pmza.sk\/index.php?rest_route=%2Fwp%2Fv2%2Fcomments&post=16473"}],"version-history":[{"count":0,"href":"https:\/\/pmza.sk\/index.php?rest_route=\/wp\/v2\/posts\/16473\/revisions"}],"wp:featuredmedia":[{"embeddable":true,"href":"https:\/\/pmza.sk\/index.php?rest_route=\/wp\/v2\/media\/16475"}],"wp:attachment":[{"href":"https:\/\/pmza.sk\/index.php?rest_route=%2Fwp%2Fv2%2Fmedia&parent=16473"}],"wp:term":[{"taxonomy":"category","embeddable":true,"href":"https:\/\/pmza.sk\/index.php?rest_route=%2Fwp%2Fv2%2Fcategories&post=16473"},{"taxonomy":"post_tag","embeddable":true,"href":"https:\/\/pmza.sk\/index.php?rest_route=%2Fwp%2Fv2%2Ftags&post=16473"}],"curies":[{"name":"wp","href":"https:\/\/api.w.org\/{rel}","templated":true}]}}