{"id":16623,"date":"2016-06-23T07:59:49","date_gmt":"2016-06-23T05:59:49","guid":{"rendered":"https:\/\/pmza.sk.sk\/?p=16623"},"modified":"2016-06-23T07:59:49","modified_gmt":"2016-06-23T05:59:49","slug":"hradnu-skolu-navstivilo-927-ziakov","status":"publish","type":"post","link":"https:\/\/pmza.sk\/?p=16623","title":{"rendered":"Hradn\u00fa \u0161kolu nav\u0161t\u00edvilo 927 \u017eiakov"},"content":{"rendered":"<p>Pova\u017esk\u00e9 m\u00fazeum v\u00a0\u017diline zrealizovalo po\u010das mesiacov m\u00e1j a\u00a0j\u00fan interakt\u00edvne podujatie Hradn\u00e1 \u0161kola pre vopred objednan\u00e9 skupiny \u017eiakov z\u00e1kladn\u00fdch \u0161k\u00f4l na hrade Stre\u010dno. Tohtoro\u010dn\u00e1 \u00fa\u010das\u0165 bola op\u00e4\u0165 vysok\u00e1, \u010doho d\u00f4kazom je aj po\u010det z\u00fa\u010dastnen\u00fdch \u017eiakov, ktor\u00ed k\u00a0n\u00e1m pri\u0161li z\u00a020 \u0161k\u00f4l z\u00a0bl\u00edzkeho ale aj \u010falek\u00e9ho okolia (najvzdialenej\u0161ia Z\u0160 Nov\u00e1 Ba\u0148a, okres BB). <em>\u201eSme radi, \u017ee sa hradn\u00e1 \u0161kola na hrade Stre\u010dno te\u0161\u00ed ob\u013eube \u017eiakov i\u00a0u\u010dite\u013eov. Stretli sme sa s\u00a0pozit\u00edvnymi ohlasmi, ktor\u00e9 sme dostali \u010di u\u017e priamo na hrade Stre\u010dno, ale aj mailom. \u010eakujem v\u0161etk\u00fdm z\u00fa\u010dastnen\u00fdm \u017eiakom a\u00a0pedag\u00f3gom, ktor\u00ed prejavili z\u00e1ujem, boli zvedav\u00ed, vesel\u00ed a\u00a0zanieten\u00ed. \u010eakujem aj odborn\u00fdm pracovn\u00edkom a\u00a0lektork\u00e1m, ktor\u00e9 boli s\u00fa\u010das\u0165ou hradnej \u0161koly,\u201c<\/em> povedala kult\u00farna mana\u017e\u00e9rka Pova\u017esk\u00e9ho m\u00fazea Petra Kubikov\u00e1.<\/p>\n<p>Po\u010das Hradnej \u0161koly na hrade Stre\u010dno sa \u017eiaci z\u00e1kladn\u00fdch \u0161k\u00f4l zozn\u00e1mili so zauj\u00edmavou pr\u00e1cou odborn\u00fdch pracovn\u00edkov Pova\u017esk\u00e9ho m\u00fazea, ktor\u00ed ich interakt\u00edvnou formou vzdel\u00e1vania zasv\u00e4tili do tajomstiev re\u0161taurovania, preparovania, archeol\u00f3gie a historick\u00e9ho b\u00e1dania. Tento rok boli podtitulom hradnej \u0161koly <strong>Erby majite\u013eov hradu Stre\u010dno<\/strong><strong>. <\/strong>\u017diaci nav\u0161t\u00edvili z\u00e1rove\u0148 aj v\u00fdstavu <strong>Fascinuj\u00face cicavce<\/strong>, kde sa dozvedeli viac o\u00a0osobitostiach \u017eivota cicavcov, o\u00a0ich ekol\u00f3gii a\u00a0spr\u00e1van\u00ed.<\/p>\n<p><a href=\"https:\/\/pmza.sk.sk\/fotogaleria\/gallery\/hradna-skola-2016\/#fotogaleria\">FOTOGAL\u00c9RIA<\/a><\/p>\n","protected":false},"excerpt":{"rendered":"<p>Pova\u017esk\u00e9 m\u00fazeum v\u00a0\u017diline zrealizovalo po\u010das mesiacov m\u00e1j a\u00a0j\u00fan interakt\u00edvne podujatie Hradn\u00e1 \u0161kola pre vopred objednan\u00e9 skupiny \u017eiakov z\u00e1kladn\u00fdch \u0161k\u00f4l na hrade Stre\u010dno. Tohtoro\u010dn\u00e1 \u00fa\u010das\u0165 bola op\u00e4\u0165 vysok\u00e1, \u010doho d\u00f4kazom je aj po\u010det z\u00fa\u010dastnen\u00fdch \u017eiakov, ktor\u00ed k\u00a0n\u00e1m pri\u0161li z\u00a020 \u0161k\u00f4l z\u00a0bl\u00edzkeho ale aj \u010falek\u00e9ho okolia (najvzdialenej\u0161ia Z\u0160 Nov\u00e1 Ba\u0148a, okres BB). \u201eSme radi, \u017ee sa hradn\u00e1 [&hellip;]<\/p>\n","protected":false},"author":2,"featured_media":16171,"comment_status":"closed","ping_status":"closed","sticky":false,"template":"","format":"standard","meta":{"site-sidebar-layout":"default","site-content-layout":"","ast-site-content-layout":"","site-content-style":"default","site-sidebar-style":"default","ast-global-header-display":"","ast-banner-title-visibility":"","ast-main-header-display":"","ast-hfb-above-header-display":"","ast-hfb-below-header-display":"","ast-hfb-mobile-header-display":"","site-post-title":"","ast-breadcrumbs-content":"","ast-featured-img":"","footer-sml-layout":"","theme-transparent-header-meta":"","adv-header-id-meta":"","stick-header-meta":"","header-above-stick-meta":"","header-main-stick-meta":"","header-below-stick-meta":"","astra-migrate-meta-layouts":"default","ast-page-background-enabled":"default","ast-page-background-meta":{"desktop":{"background-color":"var(--ast-global-color-4)","background-image":"","background-repeat":"repeat","background-position":"center center","background-size":"auto","background-attachment":"scroll","background-type":"","background-media":"","overlay-type":"","overlay-color":"","overlay-opacity":"","overlay-gradient":""},"tablet":{"background-color":"","background-image":"","background-repeat":"repeat","background-position":"center center","background-size":"auto","background-attachment":"scroll","background-type":"","background-media":"","overlay-type":"","overlay-color":"","overlay-opacity":"","overlay-gradient":""},"mobile":{"background-color":"","background-image":"","background-repeat":"repeat","background-position":"center center","background-size":"auto","background-attachment":"scroll","background-type":"","background-media":"","overlay-type":"","overlay-color":"","overlay-opacity":"","overlay-gradient":""}},"ast-content-background-meta":{"desktop":{"background-color":"var(--ast-global-color-5)","background-image":"","background-repeat":"repeat","background-position":"center center","background-size":"auto","background-attachment":"scroll","background-type":"","background-media":"","overlay-type":"","overlay-color":"","overlay-opacity":"","overlay-gradient":""},"tablet":{"background-color":"var(--ast-global-color-5)","background-image":"","background-repeat":"repeat","background-position":"center center","background-size":"auto","background-attachment":"scroll","background-type":"","background-media":"","overlay-type":"","overlay-color":"","overlay-opacity":"","overlay-gradient":""},"mobile":{"background-color":"var(--ast-global-color-5)","background-image":"","background-repeat":"repeat","background-position":"center center","background-size":"auto","background-attachment":"scroll","background-type":"","background-media":"","overlay-type":"","overlay-color":"","overlay-opacity":"","overlay-gradient":""}},"footnotes":""},"categories":[50],"tags":[],"class_list":["post-16623","post","type-post","status-publish","format-standard","has-post-thumbnail","hentry","category-archiv-2016"],"yoast_head":"<!-- This site is optimized with the Yoast SEO plugin v27.4 - https:\/\/yoast.com\/product\/yoast-seo-wordpress\/ -->\n<title>Hradn\u00fa \u0161kolu nav\u0161t\u00edvilo 927 \u017eiakov - Pova\u017esk\u00e9 m\u00fazeum<\/title>\n<meta name=\"robots\" content=\"index, follow, max-snippet:-1, max-image-preview:large, max-video-preview:-1\" \/>\n<link rel=\"canonical\" href=\"https:\/\/pmza.sk\/?p=16623\" \/>\n<meta property=\"og:locale\" content=\"sk_SK\" \/>\n<meta property=\"og:type\" content=\"article\" \/>\n<meta property=\"og:title\" content=\"Hradn\u00fa \u0161kolu nav\u0161t\u00edvilo 927 \u017eiakov - Pova\u017esk\u00e9 m\u00fazeum\" \/>\n<meta property=\"og:description\" content=\"Pova\u017esk\u00e9 m\u00fazeum v\u00a0\u017diline zrealizovalo po\u010das mesiacov m\u00e1j a\u00a0j\u00fan interakt\u00edvne podujatie Hradn\u00e1 \u0161kola pre vopred objednan\u00e9 skupiny \u017eiakov z\u00e1kladn\u00fdch \u0161k\u00f4l na hrade Stre\u010dno. Tohtoro\u010dn\u00e1 \u00fa\u010das\u0165 bola op\u00e4\u0165 vysok\u00e1, \u010doho d\u00f4kazom je aj po\u010det z\u00fa\u010dastnen\u00fdch \u017eiakov, ktor\u00ed k\u00a0n\u00e1m pri\u0161li z\u00a020 \u0161k\u00f4l z\u00a0bl\u00edzkeho ale aj \u010falek\u00e9ho okolia (najvzdialenej\u0161ia Z\u0160 Nov\u00e1 Ba\u0148a, okres BB). \u201eSme radi, \u017ee sa hradn\u00e1 [&hellip;]\" \/>\n<meta property=\"og:url\" content=\"https:\/\/pmza.sk\/?p=16623\" \/>\n<meta property=\"og:site_name\" content=\"Pova\u017esk\u00e9 m\u00fazeum\" \/>\n<meta property=\"article:publisher\" content=\"https:\/\/www.facebook.com\/povazskemuzeum\" \/>\n<meta property=\"article:published_time\" content=\"2016-06-23T05:59:49+00:00\" \/>\n<meta property=\"og:image\" content=\"https:\/\/pmza.sk\/wp-content\/uploads\/2016\/05\/IMG_8987.jpg\" \/>\n\t<meta property=\"og:image:width\" content=\"1024\" \/>\n\t<meta property=\"og:image:height\" content=\"683\" \/>\n\t<meta property=\"og:image:type\" content=\"image\/jpeg\" \/>\n<meta name=\"author\" content=\"Pova\u017esk\u00e9 m\u00fazeum\" \/>\n<meta name=\"twitter:card\" content=\"summary_large_image\" \/>\n<meta name=\"twitter:label1\" content=\"Autor\" \/>\n\t<meta name=\"twitter:data1\" content=\"Pova\u017esk\u00e9 m\u00fazeum\" \/>\n\t<meta name=\"twitter:label2\" content=\"Predpokladan\u00fd \u010das \u010d\u00edtania\" \/>\n\t<meta name=\"twitter:data2\" content=\"1 min\u00fata\" \/>\n<script type=\"application\/ld+json\" class=\"yoast-schema-graph\">{\"@context\":\"https:\\\/\\\/schema.org\",\"@graph\":[{\"@type\":\"Article\",\"@id\":\"https:\\\/\\\/pmza.sk\\\/?p=16623#article\",\"isPartOf\":{\"@id\":\"https:\\\/\\\/pmza.sk\\\/?p=16623\"},\"author\":{\"name\":\"Pova\u017esk\u00e9 m\u00fazeum\",\"@id\":\"https:\\\/\\\/pmza.sk\\\/#\\\/schema\\\/person\\\/595e6a2ce731ea94dcd5d7f50a41ae33\"},\"headline\":\"Hradn\u00fa \u0161kolu nav\u0161t\u00edvilo 927 \u017eiakov\",\"datePublished\":\"2016-06-23T05:59:49+00:00\",\"mainEntityOfPage\":{\"@id\":\"https:\\\/\\\/pmza.sk\\\/?p=16623\"},\"wordCount\":261,\"publisher\":{\"@id\":\"https:\\\/\\\/pmza.sk\\\/#organization\"},\"image\":{\"@id\":\"https:\\\/\\\/pmza.sk\\\/?p=16623#primaryimage\"},\"thumbnailUrl\":\"https:\\\/\\\/pmza.sk\\\/wp-content\\\/uploads\\\/2016\\\/05\\\/IMG_8987.jpg\",\"articleSection\":[\"Arch\u00edv 2016\"],\"inLanguage\":\"sk-SK\"},{\"@type\":\"WebPage\",\"@id\":\"https:\\\/\\\/pmza.sk\\\/?p=16623\",\"url\":\"https:\\\/\\\/pmza.sk\\\/?p=16623\",\"name\":\"Hradn\u00fa \u0161kolu nav\u0161t\u00edvilo 927 \u017eiakov - Pova\u017esk\u00e9 m\u00fazeum\",\"isPartOf\":{\"@id\":\"https:\\\/\\\/pmza.sk\\\/#website\"},\"primaryImageOfPage\":{\"@id\":\"https:\\\/\\\/pmza.sk\\\/?p=16623#primaryimage\"},\"image\":{\"@id\":\"https:\\\/\\\/pmza.sk\\\/?p=16623#primaryimage\"},\"thumbnailUrl\":\"https:\\\/\\\/pmza.sk\\\/wp-content\\\/uploads\\\/2016\\\/05\\\/IMG_8987.jpg\",\"datePublished\":\"2016-06-23T05:59:49+00:00\",\"breadcrumb\":{\"@id\":\"https:\\\/\\\/pmza.sk\\\/?p=16623#breadcrumb\"},\"inLanguage\":\"sk-SK\",\"potentialAction\":[{\"@type\":\"ReadAction\",\"target\":[\"https:\\\/\\\/pmza.sk\\\/?p=16623\"]}]},{\"@type\":\"ImageObject\",\"inLanguage\":\"sk-SK\",\"@id\":\"https:\\\/\\\/pmza.sk\\\/?p=16623#primaryimage\",\"url\":\"https:\\\/\\\/pmza.sk\\\/wp-content\\\/uploads\\\/2016\\\/05\\\/IMG_8987.jpg\",\"contentUrl\":\"https:\\\/\\\/pmza.sk\\\/wp-content\\\/uploads\\\/2016\\\/05\\\/IMG_8987.jpg\",\"width\":1024,\"height\":683},{\"@type\":\"BreadcrumbList\",\"@id\":\"https:\\\/\\\/pmza.sk\\\/?p=16623#breadcrumb\",\"itemListElement\":[{\"@type\":\"ListItem\",\"position\":1,\"name\":\"Domovsk\u00e1 str\u00e1nka\",\"item\":\"https:\\\/\\\/pmza.sk\\\/\"},{\"@type\":\"ListItem\",\"position\":2,\"name\":\"Hradn\u00fa \u0161kolu nav\u0161t\u00edvilo 927 \u017eiakov\"}]},{\"@type\":\"WebSite\",\"@id\":\"https:\\\/\\\/pmza.sk\\\/#website\",\"url\":\"https:\\\/\\\/pmza.sk\\\/\",\"name\":\"Pova\u017esk\u00e9 m\u00fazeum\",\"description\":\"Pova\u017esk\u00e9 m\u00fazeum v \u017diline je region\u00e1lne m\u00fazeum so s\u00eddlom v Budat\u00edne. Jeho expoz\u00edcie s\u00fa zameran\u00e9 na dejiny slovensk\u00e9ho umenia, kult\u00fary a dopravy.\",\"publisher\":{\"@id\":\"https:\\\/\\\/pmza.sk\\\/#organization\"},\"potentialAction\":[{\"@type\":\"SearchAction\",\"target\":{\"@type\":\"EntryPoint\",\"urlTemplate\":\"https:\\\/\\\/pmza.sk\\\/?s={search_term_string}\"},\"query-input\":{\"@type\":\"PropertyValueSpecification\",\"valueRequired\":true,\"valueName\":\"search_term_string\"}}],\"inLanguage\":\"sk-SK\"},{\"@type\":\"Organization\",\"@id\":\"https:\\\/\\\/pmza.sk\\\/#organization\",\"name\":\"Pova\u017esk\u00e9 m\u00fazeum\",\"url\":\"https:\\\/\\\/pmza.sk\\\/\",\"logo\":{\"@type\":\"ImageObject\",\"inLanguage\":\"sk-SK\",\"@id\":\"https:\\\/\\\/pmza.sk\\\/#\\\/schema\\\/logo\\\/image\\\/\",\"url\":\"https:\\\/\\\/pmza.sk\\\/wp-content\\\/uploads\\\/2022\\\/01\\\/logo_PM_horizontal.jpg\",\"contentUrl\":\"https:\\\/\\\/pmza.sk\\\/wp-content\\\/uploads\\\/2022\\\/01\\\/logo_PM_horizontal.jpg\",\"width\":231,\"height\":142,\"caption\":\"Pova\u017esk\u00e9 m\u00fazeum\"},\"image\":{\"@id\":\"https:\\\/\\\/pmza.sk\\\/#\\\/schema\\\/logo\\\/image\\\/\"},\"sameAs\":[\"https:\\\/\\\/www.facebook.com\\\/povazskemuzeum\",\"https:\\\/\\\/www.instagram.com\\\/povazskemuzeum\\\/\"]},{\"@type\":\"Person\",\"@id\":\"https:\\\/\\\/pmza.sk\\\/#\\\/schema\\\/person\\\/595e6a2ce731ea94dcd5d7f50a41ae33\",\"name\":\"Pova\u017esk\u00e9 m\u00fazeum\",\"image\":{\"@type\":\"ImageObject\",\"inLanguage\":\"sk-SK\",\"@id\":\"https:\\\/\\\/secure.gravatar.com\\\/avatar\\\/2bb7f1561282132fb5826dfeccc66c7996d11ee392ac6aaf7ced8a1c2027fbb2?s=96&d=mm&r=g\",\"url\":\"https:\\\/\\\/secure.gravatar.com\\\/avatar\\\/2bb7f1561282132fb5826dfeccc66c7996d11ee392ac6aaf7ced8a1c2027fbb2?s=96&d=mm&r=g\",\"contentUrl\":\"https:\\\/\\\/secure.gravatar.com\\\/avatar\\\/2bb7f1561282132fb5826dfeccc66c7996d11ee392ac6aaf7ced8a1c2027fbb2?s=96&d=mm&r=g\",\"caption\":\"Pova\u017esk\u00e9 m\u00fazeum\"}}]}<\/script>\n<!-- \/ Yoast SEO plugin. -->","yoast_head_json":{"title":"Hradn\u00fa \u0161kolu nav\u0161t\u00edvilo 927 \u017eiakov - Pova\u017esk\u00e9 m\u00fazeum","robots":{"index":"index","follow":"follow","max-snippet":"max-snippet:-1","max-image-preview":"max-image-preview:large","max-video-preview":"max-video-preview:-1"},"canonical":"https:\/\/pmza.sk\/?p=16623","og_locale":"sk_SK","og_type":"article","og_title":"Hradn\u00fa \u0161kolu nav\u0161t\u00edvilo 927 \u017eiakov - Pova\u017esk\u00e9 m\u00fazeum","og_description":"Pova\u017esk\u00e9 m\u00fazeum v\u00a0\u017diline zrealizovalo po\u010das mesiacov m\u00e1j a\u00a0j\u00fan interakt\u00edvne podujatie Hradn\u00e1 \u0161kola pre vopred objednan\u00e9 skupiny \u017eiakov z\u00e1kladn\u00fdch \u0161k\u00f4l na hrade Stre\u010dno. Tohtoro\u010dn\u00e1 \u00fa\u010das\u0165 bola op\u00e4\u0165 vysok\u00e1, \u010doho d\u00f4kazom je aj po\u010det z\u00fa\u010dastnen\u00fdch \u017eiakov, ktor\u00ed k\u00a0n\u00e1m pri\u0161li z\u00a020 \u0161k\u00f4l z\u00a0bl\u00edzkeho ale aj \u010falek\u00e9ho okolia (najvzdialenej\u0161ia Z\u0160 Nov\u00e1 Ba\u0148a, okres BB). \u201eSme radi, \u017ee sa hradn\u00e1 [&hellip;]","og_url":"https:\/\/pmza.sk\/?p=16623","og_site_name":"Pova\u017esk\u00e9 m\u00fazeum","article_publisher":"https:\/\/www.facebook.com\/povazskemuzeum","article_published_time":"2016-06-23T05:59:49+00:00","og_image":[{"width":1024,"height":683,"url":"https:\/\/pmza.sk\/wp-content\/uploads\/2016\/05\/IMG_8987.jpg","type":"image\/jpeg"}],"author":"Pova\u017esk\u00e9 m\u00fazeum","twitter_card":"summary_large_image","twitter_misc":{"Autor":"Pova\u017esk\u00e9 m\u00fazeum","Predpokladan\u00fd \u010das \u010d\u00edtania":"1 min\u00fata"},"schema":{"@context":"https:\/\/schema.org","@graph":[{"@type":"Article","@id":"https:\/\/pmza.sk\/?p=16623#article","isPartOf":{"@id":"https:\/\/pmza.sk\/?p=16623"},"author":{"name":"Pova\u017esk\u00e9 m\u00fazeum","@id":"https:\/\/pmza.sk\/#\/schema\/person\/595e6a2ce731ea94dcd5d7f50a41ae33"},"headline":"Hradn\u00fa \u0161kolu nav\u0161t\u00edvilo 927 \u017eiakov","datePublished":"2016-06-23T05:59:49+00:00","mainEntityOfPage":{"@id":"https:\/\/pmza.sk\/?p=16623"},"wordCount":261,"publisher":{"@id":"https:\/\/pmza.sk\/#organization"},"image":{"@id":"https:\/\/pmza.sk\/?p=16623#primaryimage"},"thumbnailUrl":"https:\/\/pmza.sk\/wp-content\/uploads\/2016\/05\/IMG_8987.jpg","articleSection":["Arch\u00edv 2016"],"inLanguage":"sk-SK"},{"@type":"WebPage","@id":"https:\/\/pmza.sk\/?p=16623","url":"https:\/\/pmza.sk\/?p=16623","name":"Hradn\u00fa \u0161kolu nav\u0161t\u00edvilo 927 \u017eiakov - Pova\u017esk\u00e9 m\u00fazeum","isPartOf":{"@id":"https:\/\/pmza.sk\/#website"},"primaryImageOfPage":{"@id":"https:\/\/pmza.sk\/?p=16623#primaryimage"},"image":{"@id":"https:\/\/pmza.sk\/?p=16623#primaryimage"},"thumbnailUrl":"https:\/\/pmza.sk\/wp-content\/uploads\/2016\/05\/IMG_8987.jpg","datePublished":"2016-06-23T05:59:49+00:00","breadcrumb":{"@id":"https:\/\/pmza.sk\/?p=16623#breadcrumb"},"inLanguage":"sk-SK","potentialAction":[{"@type":"ReadAction","target":["https:\/\/pmza.sk\/?p=16623"]}]},{"@type":"ImageObject","inLanguage":"sk-SK","@id":"https:\/\/pmza.sk\/?p=16623#primaryimage","url":"https:\/\/pmza.sk\/wp-content\/uploads\/2016\/05\/IMG_8987.jpg","contentUrl":"https:\/\/pmza.sk\/wp-content\/uploads\/2016\/05\/IMG_8987.jpg","width":1024,"height":683},{"@type":"BreadcrumbList","@id":"https:\/\/pmza.sk\/?p=16623#breadcrumb","itemListElement":[{"@type":"ListItem","position":1,"name":"Domovsk\u00e1 str\u00e1nka","item":"https:\/\/pmza.sk\/"},{"@type":"ListItem","position":2,"name":"Hradn\u00fa \u0161kolu nav\u0161t\u00edvilo 927 \u017eiakov"}]},{"@type":"WebSite","@id":"https:\/\/pmza.sk\/#website","url":"https:\/\/pmza.sk\/","name":"Pova\u017esk\u00e9 m\u00fazeum","description":"Pova\u017esk\u00e9 m\u00fazeum v \u017diline je region\u00e1lne m\u00fazeum so s\u00eddlom v Budat\u00edne. Jeho expoz\u00edcie s\u00fa zameran\u00e9 na dejiny slovensk\u00e9ho umenia, kult\u00fary a dopravy.","publisher":{"@id":"https:\/\/pmza.sk\/#organization"},"potentialAction":[{"@type":"SearchAction","target":{"@type":"EntryPoint","urlTemplate":"https:\/\/pmza.sk\/?s={search_term_string}"},"query-input":{"@type":"PropertyValueSpecification","valueRequired":true,"valueName":"search_term_string"}}],"inLanguage":"sk-SK"},{"@type":"Organization","@id":"https:\/\/pmza.sk\/#organization","name":"Pova\u017esk\u00e9 m\u00fazeum","url":"https:\/\/pmza.sk\/","logo":{"@type":"ImageObject","inLanguage":"sk-SK","@id":"https:\/\/pmza.sk\/#\/schema\/logo\/image\/","url":"https:\/\/pmza.sk\/wp-content\/uploads\/2022\/01\/logo_PM_horizontal.jpg","contentUrl":"https:\/\/pmza.sk\/wp-content\/uploads\/2022\/01\/logo_PM_horizontal.jpg","width":231,"height":142,"caption":"Pova\u017esk\u00e9 m\u00fazeum"},"image":{"@id":"https:\/\/pmza.sk\/#\/schema\/logo\/image\/"},"sameAs":["https:\/\/www.facebook.com\/povazskemuzeum","https:\/\/www.instagram.com\/povazskemuzeum\/"]},{"@type":"Person","@id":"https:\/\/pmza.sk\/#\/schema\/person\/595e6a2ce731ea94dcd5d7f50a41ae33","name":"Pova\u017esk\u00e9 m\u00fazeum","image":{"@type":"ImageObject","inLanguage":"sk-SK","@id":"https:\/\/secure.gravatar.com\/avatar\/2bb7f1561282132fb5826dfeccc66c7996d11ee392ac6aaf7ced8a1c2027fbb2?s=96&d=mm&r=g","url":"https:\/\/secure.gravatar.com\/avatar\/2bb7f1561282132fb5826dfeccc66c7996d11ee392ac6aaf7ced8a1c2027fbb2?s=96&d=mm&r=g","contentUrl":"https:\/\/secure.gravatar.com\/avatar\/2bb7f1561282132fb5826dfeccc66c7996d11ee392ac6aaf7ced8a1c2027fbb2?s=96&d=mm&r=g","caption":"Pova\u017esk\u00e9 m\u00fazeum"}}]}},"_links":{"self":[{"href":"https:\/\/pmza.sk\/index.php?rest_route=\/wp\/v2\/posts\/16623","targetHints":{"allow":["GET"]}}],"collection":[{"href":"https:\/\/pmza.sk\/index.php?rest_route=\/wp\/v2\/posts"}],"about":[{"href":"https:\/\/pmza.sk\/index.php?rest_route=\/wp\/v2\/types\/post"}],"author":[{"embeddable":true,"href":"https:\/\/pmza.sk\/index.php?rest_route=\/wp\/v2\/users\/2"}],"replies":[{"embeddable":true,"href":"https:\/\/pmza.sk\/index.php?rest_route=%2Fwp%2Fv2%2Fcomments&post=16623"}],"version-history":[{"count":0,"href":"https:\/\/pmza.sk\/index.php?rest_route=\/wp\/v2\/posts\/16623\/revisions"}],"wp:featuredmedia":[{"embeddable":true,"href":"https:\/\/pmza.sk\/index.php?rest_route=\/wp\/v2\/media\/16171"}],"wp:attachment":[{"href":"https:\/\/pmza.sk\/index.php?rest_route=%2Fwp%2Fv2%2Fmedia&parent=16623"}],"wp:term":[{"taxonomy":"category","embeddable":true,"href":"https:\/\/pmza.sk\/index.php?rest_route=%2Fwp%2Fv2%2Fcategories&post=16623"},{"taxonomy":"post_tag","embeddable":true,"href":"https:\/\/pmza.sk\/index.php?rest_route=%2Fwp%2Fv2%2Ftags&post=16623"}],"curies":[{"name":"wp","href":"https:\/\/api.w.org\/{rel}","templated":true}]}}