{"id":16829,"date":"2016-07-09T11:42:45","date_gmt":"2016-07-09T09:42:45","guid":{"rendered":"https:\/\/pmza.sk.sk\/?p=16829"},"modified":"2016-07-09T11:42:45","modified_gmt":"2016-07-09T09:42:45","slug":"strecnianske-hradne-slavnosti-9-10-7-2016","status":"publish","type":"post","link":"https:\/\/pmza.sk\/?p=16829","title":{"rendered":"Stre\u010dnianske hradn\u00e9 sl\u00e1vnosti nav\u0161t\u00edvilo 3670 \u013eud\u00ed"},"content":{"rendered":"<p>Pova\u017esk\u00e9 m\u00fazeum v\u00a0\u017diline v\u00a0zria\u010fovate\u013eskej p\u00f4sobnosti \u017dilinsk\u00e9ho samospr\u00e1vneho kraja a\u00a0Skupina historick\u00e9ho \u0161ermu Wagus pripravili po\u010das uplynul\u00e9ho v\u00edkendu podujatie pln\u00e9 hist\u00f3rie a romantiky na hrade Stre\u010dno. Prv\u00fd ro\u010dn\u00edk Stre\u010dnianskych hradn\u00fdch sl\u00e1vnost\u00ed nav\u0161t\u00edvilo 3 670 n\u00e1v\u0161tevn\u00edkov, ktor\u00ed po\u010das slne\u010dn\u00fdch dn\u00ed mali mo\u017enos\u0165 vychutna\u0165 si hrad Stre\u010dno a podhradie tak, ako sa vid\u00ed m\u00e1lokedy.<\/p>\n<p>Cez v\u00edkend 9. a 10. j\u00fala bol pre n\u00e1v\u0161tevn\u00edkov pripraven\u00fd bohat\u00fd program na hrade i\u00a0v\u00a0stredovekej dedine Paseka. Svoje \u0161ermiarske zru\u010dnosti uk\u00e1zali n\u00e1v\u0161tevn\u00edkom na hrade a\u00a0v\u00a0podhrad\u00ed viacer\u00e9 skupiny historick\u00e9ho \u0161ermu \u2013 Wagus, Cassanova so svoj\u00edm divadeln\u00fdm predstaven\u00edm o pir\u00e1toch, Memento Mori, \u017doldnieri, Ctibor. Uk\u00e1\u017eky dobovej hygieny a\u00a0hygienick\u00e9 n\u00e1vyky obyvate\u013eov hradu v\u00a0minulosti si pripravil \u017eilinsk\u00fd Cech Terra de Selinan. Svoje umenie predviedli i\u00a0sokoliari Falconarii, n\u00e1dych orientu vo svojom tanci priniesli Bahar Sultana a\u00a0D\u017eam\u00e1l. \u010clenovia historickej skupiny Wagus a\u00a0Regii Caroli Regis z\u00a0Prahy predviedli dobov\u00e9 tance zo\u00a014. \u2013 15. storo\u010dia a so starou hudbou na n\u00e1dvor\u00ed hradu vyst\u00fapila Musica Poetica. Divadelno-improviza\u010dn\u00e1 skupina Kapor na sc\u00e9ne zabavila deti ale aj dospel\u00fdch s rozpr\u00e1vkou Robin Hood a\u00a0s\u00a0ve\u013ekolepou oh\u0148ovou \u0161ou v\u00a0sobotnom galaprograme vyst\u00fapili v\u00a0stredovekej dedine Paseka Wagus a\u00a0D\u017eam\u00e1l. Nede\u013e\u0148aj\u0161\u00ed program bol obohaten\u00fd o siln\u00fdch \u017eongl\u00e9rov.<\/p>\n<p>Ka\u017ed\u00fd n\u00e1v\u0161tevn\u00edk mal mo\u017enos\u0165 vysk\u00fa\u0161a\u0165 si svoje schopnosti v\u00a0stredovek\u00fdch hr\u00e1ch alebo aj lukostre\u013ebe. N\u00fadza nebola ani o\u00a0salvy z\u00a0dela, pi\u0161tol\u00ed, jarmok bol obohaten\u00fd o\u00a0historick\u00e9 remesl\u00e1, dominovali \u00a0v\u00a0\u0148om kov\u00e1\u010dska diel\u0148a \u010di kr\u00e1\u013eovstvo \u010dokol\u00e1dy, vo\u0148ala tam ru\u010dne vyr\u00e1ban\u00e1 kozmetika, hra\u010dky, pre hladn\u00fdch boli prichystan\u00e9 chutn\u00e9 podplamenn\u00edky, opl\u00e1tky, grilovan\u00e9 o\u0161tiepky a\u00a0mnoho in\u00e9ho.<\/p>\n<p>&nbsp;<\/p>\n<p>&nbsp;<\/p>\n<p>&nbsp;<\/p>\n<p>&nbsp;<\/p>\n","protected":false},"excerpt":{"rendered":"<p>Pova\u017esk\u00e9 m\u00fazeum v\u00a0\u017diline v\u00a0zria\u010fovate\u013eskej p\u00f4sobnosti \u017dilinsk\u00e9ho samospr\u00e1vneho kraja a\u00a0Skupina historick\u00e9ho \u0161ermu Wagus pripravili po\u010das uplynul\u00e9ho v\u00edkendu podujatie pln\u00e9 hist\u00f3rie a romantiky na hrade Stre\u010dno. Prv\u00fd ro\u010dn\u00edk Stre\u010dnianskych hradn\u00fdch sl\u00e1vnost\u00ed nav\u0161t\u00edvilo 3 670 n\u00e1v\u0161tevn\u00edkov, ktor\u00ed po\u010das slne\u010dn\u00fdch dn\u00ed mali mo\u017enos\u0165 vychutna\u0165 si hrad Stre\u010dno a podhradie tak, ako sa vid\u00ed m\u00e1lokedy. Cez v\u00edkend 9. a 10. [&hellip;]<\/p>\n","protected":false},"author":2,"featured_media":16885,"comment_status":"closed","ping_status":"closed","sticky":false,"template":"","format":"standard","meta":{"site-sidebar-layout":"default","site-content-layout":"","ast-site-content-layout":"","site-content-style":"default","site-sidebar-style":"default","ast-global-header-display":"","ast-banner-title-visibility":"","ast-main-header-display":"","ast-hfb-above-header-display":"","ast-hfb-below-header-display":"","ast-hfb-mobile-header-display":"","site-post-title":"","ast-breadcrumbs-content":"","ast-featured-img":"","footer-sml-layout":"","theme-transparent-header-meta":"","adv-header-id-meta":"","stick-header-meta":"","header-above-stick-meta":"","header-main-stick-meta":"","header-below-stick-meta":"","astra-migrate-meta-layouts":"default","ast-page-background-enabled":"default","ast-page-background-meta":{"desktop":{"background-color":"var(--ast-global-color-4)","background-image":"","background-repeat":"repeat","background-position":"center center","background-size":"auto","background-attachment":"scroll","background-type":"","background-media":"","overlay-type":"","overlay-color":"","overlay-opacity":"","overlay-gradient":""},"tablet":{"background-color":"","background-image":"","background-repeat":"repeat","background-position":"center center","background-size":"auto","background-attachment":"scroll","background-type":"","background-media":"","overlay-type":"","overlay-color":"","overlay-opacity":"","overlay-gradient":""},"mobile":{"background-color":"","background-image":"","background-repeat":"repeat","background-position":"center center","background-size":"auto","background-attachment":"scroll","background-type":"","background-media":"","overlay-type":"","overlay-color":"","overlay-opacity":"","overlay-gradient":""}},"ast-content-background-meta":{"desktop":{"background-color":"var(--ast-global-color-5)","background-image":"","background-repeat":"repeat","background-position":"center center","background-size":"auto","background-attachment":"scroll","background-type":"","background-media":"","overlay-type":"","overlay-color":"","overlay-opacity":"","overlay-gradient":""},"tablet":{"background-color":"var(--ast-global-color-5)","background-image":"","background-repeat":"repeat","background-position":"center center","background-size":"auto","background-attachment":"scroll","background-type":"","background-media":"","overlay-type":"","overlay-color":"","overlay-opacity":"","overlay-gradient":""},"mobile":{"background-color":"var(--ast-global-color-5)","background-image":"","background-repeat":"repeat","background-position":"center center","background-size":"auto","background-attachment":"scroll","background-type":"","background-media":"","overlay-type":"","overlay-color":"","overlay-opacity":"","overlay-gradient":""}},"footnotes":""},"categories":[50],"tags":[],"class_list":["post-16829","post","type-post","status-publish","format-standard","has-post-thumbnail","hentry","category-archiv-2016"],"yoast_head":"<!-- This site is optimized with the Yoast SEO plugin v27.4 - https:\/\/yoast.com\/product\/yoast-seo-wordpress\/ -->\n<title>Stre\u010dnianske hradn\u00e9 sl\u00e1vnosti nav\u0161t\u00edvilo 3670 \u013eud\u00ed - Pova\u017esk\u00e9 m\u00fazeum<\/title>\n<meta name=\"robots\" content=\"index, follow, max-snippet:-1, max-image-preview:large, max-video-preview:-1\" \/>\n<link rel=\"canonical\" href=\"https:\/\/pmza.sk\/?p=16829\" \/>\n<meta property=\"og:locale\" content=\"sk_SK\" \/>\n<meta property=\"og:type\" content=\"article\" \/>\n<meta property=\"og:title\" content=\"Stre\u010dnianske hradn\u00e9 sl\u00e1vnosti nav\u0161t\u00edvilo 3670 \u013eud\u00ed - Pova\u017esk\u00e9 m\u00fazeum\" \/>\n<meta property=\"og:description\" content=\"Pova\u017esk\u00e9 m\u00fazeum v\u00a0\u017diline v\u00a0zria\u010fovate\u013eskej p\u00f4sobnosti \u017dilinsk\u00e9ho samospr\u00e1vneho kraja a\u00a0Skupina historick\u00e9ho \u0161ermu Wagus pripravili po\u010das uplynul\u00e9ho v\u00edkendu podujatie pln\u00e9 hist\u00f3rie a romantiky na hrade Stre\u010dno. Prv\u00fd ro\u010dn\u00edk Stre\u010dnianskych hradn\u00fdch sl\u00e1vnost\u00ed nav\u0161t\u00edvilo 3 670 n\u00e1v\u0161tevn\u00edkov, ktor\u00ed po\u010das slne\u010dn\u00fdch dn\u00ed mali mo\u017enos\u0165 vychutna\u0165 si hrad Stre\u010dno a podhradie tak, ako sa vid\u00ed m\u00e1lokedy. Cez v\u00edkend 9. a 10. [&hellip;]\" \/>\n<meta property=\"og:url\" content=\"https:\/\/pmza.sk\/?p=16829\" \/>\n<meta property=\"og:site_name\" content=\"Pova\u017esk\u00e9 m\u00fazeum\" \/>\n<meta property=\"article:publisher\" content=\"https:\/\/www.facebook.com\/povazskemuzeum\" \/>\n<meta property=\"article:published_time\" content=\"2016-07-09T09:42:45+00:00\" \/>\n<meta property=\"og:image\" content=\"https:\/\/pmza.sk\/wp-content\/uploads\/2016\/07\/13661919_10157170779255581_2638075165503026211_o.jpg\" \/>\n\t<meta property=\"og:image:width\" content=\"2048\" \/>\n\t<meta property=\"og:image:height\" content=\"1536\" \/>\n\t<meta property=\"og:image:type\" content=\"image\/jpeg\" \/>\n<meta name=\"author\" content=\"Pova\u017esk\u00e9 m\u00fazeum\" \/>\n<meta name=\"twitter:card\" content=\"summary_large_image\" \/>\n<meta name=\"twitter:label1\" content=\"Autor\" \/>\n\t<meta name=\"twitter:data1\" content=\"Pova\u017esk\u00e9 m\u00fazeum\" \/>\n\t<meta name=\"twitter:label2\" content=\"Predpokladan\u00fd \u010das \u010d\u00edtania\" \/>\n\t<meta name=\"twitter:data2\" content=\"2 min\u00faty\" \/>\n<script type=\"application\/ld+json\" class=\"yoast-schema-graph\">{\"@context\":\"https:\\\/\\\/schema.org\",\"@graph\":[{\"@type\":\"Article\",\"@id\":\"https:\\\/\\\/pmza.sk\\\/?p=16829#article\",\"isPartOf\":{\"@id\":\"https:\\\/\\\/pmza.sk\\\/?p=16829\"},\"author\":{\"name\":\"Pova\u017esk\u00e9 m\u00fazeum\",\"@id\":\"https:\\\/\\\/pmza.sk\\\/#\\\/schema\\\/person\\\/595e6a2ce731ea94dcd5d7f50a41ae33\"},\"headline\":\"Stre\u010dnianske hradn\u00e9 sl\u00e1vnosti nav\u0161t\u00edvilo 3670 \u013eud\u00ed\",\"datePublished\":\"2016-07-09T09:42:45+00:00\",\"mainEntityOfPage\":{\"@id\":\"https:\\\/\\\/pmza.sk\\\/?p=16829\"},\"wordCount\":345,\"publisher\":{\"@id\":\"https:\\\/\\\/pmza.sk\\\/#organization\"},\"image\":{\"@id\":\"https:\\\/\\\/pmza.sk\\\/?p=16829#primaryimage\"},\"thumbnailUrl\":\"https:\\\/\\\/pmza.sk\\\/wp-content\\\/uploads\\\/2016\\\/07\\\/13661919_10157170779255581_2638075165503026211_o.jpg\",\"articleSection\":[\"Arch\u00edv 2016\"],\"inLanguage\":\"sk-SK\"},{\"@type\":\"WebPage\",\"@id\":\"https:\\\/\\\/pmza.sk\\\/?p=16829\",\"url\":\"https:\\\/\\\/pmza.sk\\\/?p=16829\",\"name\":\"Stre\u010dnianske hradn\u00e9 sl\u00e1vnosti nav\u0161t\u00edvilo 3670 \u013eud\u00ed - Pova\u017esk\u00e9 m\u00fazeum\",\"isPartOf\":{\"@id\":\"https:\\\/\\\/pmza.sk\\\/#website\"},\"primaryImageOfPage\":{\"@id\":\"https:\\\/\\\/pmza.sk\\\/?p=16829#primaryimage\"},\"image\":{\"@id\":\"https:\\\/\\\/pmza.sk\\\/?p=16829#primaryimage\"},\"thumbnailUrl\":\"https:\\\/\\\/pmza.sk\\\/wp-content\\\/uploads\\\/2016\\\/07\\\/13661919_10157170779255581_2638075165503026211_o.jpg\",\"datePublished\":\"2016-07-09T09:42:45+00:00\",\"breadcrumb\":{\"@id\":\"https:\\\/\\\/pmza.sk\\\/?p=16829#breadcrumb\"},\"inLanguage\":\"sk-SK\",\"potentialAction\":[{\"@type\":\"ReadAction\",\"target\":[\"https:\\\/\\\/pmza.sk\\\/?p=16829\"]}]},{\"@type\":\"ImageObject\",\"inLanguage\":\"sk-SK\",\"@id\":\"https:\\\/\\\/pmza.sk\\\/?p=16829#primaryimage\",\"url\":\"https:\\\/\\\/pmza.sk\\\/wp-content\\\/uploads\\\/2016\\\/07\\\/13661919_10157170779255581_2638075165503026211_o.jpg\",\"contentUrl\":\"https:\\\/\\\/pmza.sk\\\/wp-content\\\/uploads\\\/2016\\\/07\\\/13661919_10157170779255581_2638075165503026211_o.jpg\",\"width\":2048,\"height\":1536},{\"@type\":\"BreadcrumbList\",\"@id\":\"https:\\\/\\\/pmza.sk\\\/?p=16829#breadcrumb\",\"itemListElement\":[{\"@type\":\"ListItem\",\"position\":1,\"name\":\"Domovsk\u00e1 str\u00e1nka\",\"item\":\"https:\\\/\\\/pmza.sk\\\/\"},{\"@type\":\"ListItem\",\"position\":2,\"name\":\"Stre\u010dnianske hradn\u00e9 sl\u00e1vnosti nav\u0161t\u00edvilo 3670 \u013eud\u00ed\"}]},{\"@type\":\"WebSite\",\"@id\":\"https:\\\/\\\/pmza.sk\\\/#website\",\"url\":\"https:\\\/\\\/pmza.sk\\\/\",\"name\":\"Pova\u017esk\u00e9 m\u00fazeum\",\"description\":\"Pova\u017esk\u00e9 m\u00fazeum v \u017diline je region\u00e1lne m\u00fazeum so s\u00eddlom v Budat\u00edne. Jeho expoz\u00edcie s\u00fa zameran\u00e9 na dejiny slovensk\u00e9ho umenia, kult\u00fary a dopravy.\",\"publisher\":{\"@id\":\"https:\\\/\\\/pmza.sk\\\/#organization\"},\"potentialAction\":[{\"@type\":\"SearchAction\",\"target\":{\"@type\":\"EntryPoint\",\"urlTemplate\":\"https:\\\/\\\/pmza.sk\\\/?s={search_term_string}\"},\"query-input\":{\"@type\":\"PropertyValueSpecification\",\"valueRequired\":true,\"valueName\":\"search_term_string\"}}],\"inLanguage\":\"sk-SK\"},{\"@type\":\"Organization\",\"@id\":\"https:\\\/\\\/pmza.sk\\\/#organization\",\"name\":\"Pova\u017esk\u00e9 m\u00fazeum\",\"url\":\"https:\\\/\\\/pmza.sk\\\/\",\"logo\":{\"@type\":\"ImageObject\",\"inLanguage\":\"sk-SK\",\"@id\":\"https:\\\/\\\/pmza.sk\\\/#\\\/schema\\\/logo\\\/image\\\/\",\"url\":\"https:\\\/\\\/pmza.sk\\\/wp-content\\\/uploads\\\/2022\\\/01\\\/logo_PM_horizontal.jpg\",\"contentUrl\":\"https:\\\/\\\/pmza.sk\\\/wp-content\\\/uploads\\\/2022\\\/01\\\/logo_PM_horizontal.jpg\",\"width\":231,\"height\":142,\"caption\":\"Pova\u017esk\u00e9 m\u00fazeum\"},\"image\":{\"@id\":\"https:\\\/\\\/pmza.sk\\\/#\\\/schema\\\/logo\\\/image\\\/\"},\"sameAs\":[\"https:\\\/\\\/www.facebook.com\\\/povazskemuzeum\",\"https:\\\/\\\/www.instagram.com\\\/povazskemuzeum\\\/\"]},{\"@type\":\"Person\",\"@id\":\"https:\\\/\\\/pmza.sk\\\/#\\\/schema\\\/person\\\/595e6a2ce731ea94dcd5d7f50a41ae33\",\"name\":\"Pova\u017esk\u00e9 m\u00fazeum\",\"image\":{\"@type\":\"ImageObject\",\"inLanguage\":\"sk-SK\",\"@id\":\"https:\\\/\\\/secure.gravatar.com\\\/avatar\\\/2bb7f1561282132fb5826dfeccc66c7996d11ee392ac6aaf7ced8a1c2027fbb2?s=96&d=mm&r=g\",\"url\":\"https:\\\/\\\/secure.gravatar.com\\\/avatar\\\/2bb7f1561282132fb5826dfeccc66c7996d11ee392ac6aaf7ced8a1c2027fbb2?s=96&d=mm&r=g\",\"contentUrl\":\"https:\\\/\\\/secure.gravatar.com\\\/avatar\\\/2bb7f1561282132fb5826dfeccc66c7996d11ee392ac6aaf7ced8a1c2027fbb2?s=96&d=mm&r=g\",\"caption\":\"Pova\u017esk\u00e9 m\u00fazeum\"}}]}<\/script>\n<!-- \/ Yoast SEO plugin. -->","yoast_head_json":{"title":"Stre\u010dnianske hradn\u00e9 sl\u00e1vnosti nav\u0161t\u00edvilo 3670 \u013eud\u00ed - Pova\u017esk\u00e9 m\u00fazeum","robots":{"index":"index","follow":"follow","max-snippet":"max-snippet:-1","max-image-preview":"max-image-preview:large","max-video-preview":"max-video-preview:-1"},"canonical":"https:\/\/pmza.sk\/?p=16829","og_locale":"sk_SK","og_type":"article","og_title":"Stre\u010dnianske hradn\u00e9 sl\u00e1vnosti nav\u0161t\u00edvilo 3670 \u013eud\u00ed - Pova\u017esk\u00e9 m\u00fazeum","og_description":"Pova\u017esk\u00e9 m\u00fazeum v\u00a0\u017diline v\u00a0zria\u010fovate\u013eskej p\u00f4sobnosti \u017dilinsk\u00e9ho samospr\u00e1vneho kraja a\u00a0Skupina historick\u00e9ho \u0161ermu Wagus pripravili po\u010das uplynul\u00e9ho v\u00edkendu podujatie pln\u00e9 hist\u00f3rie a romantiky na hrade Stre\u010dno. Prv\u00fd ro\u010dn\u00edk Stre\u010dnianskych hradn\u00fdch sl\u00e1vnost\u00ed nav\u0161t\u00edvilo 3 670 n\u00e1v\u0161tevn\u00edkov, ktor\u00ed po\u010das slne\u010dn\u00fdch dn\u00ed mali mo\u017enos\u0165 vychutna\u0165 si hrad Stre\u010dno a podhradie tak, ako sa vid\u00ed m\u00e1lokedy. Cez v\u00edkend 9. a 10. [&hellip;]","og_url":"https:\/\/pmza.sk\/?p=16829","og_site_name":"Pova\u017esk\u00e9 m\u00fazeum","article_publisher":"https:\/\/www.facebook.com\/povazskemuzeum","article_published_time":"2016-07-09T09:42:45+00:00","og_image":[{"width":2048,"height":1536,"url":"https:\/\/pmza.sk\/wp-content\/uploads\/2016\/07\/13661919_10157170779255581_2638075165503026211_o.jpg","type":"image\/jpeg"}],"author":"Pova\u017esk\u00e9 m\u00fazeum","twitter_card":"summary_large_image","twitter_misc":{"Autor":"Pova\u017esk\u00e9 m\u00fazeum","Predpokladan\u00fd \u010das \u010d\u00edtania":"2 min\u00faty"},"schema":{"@context":"https:\/\/schema.org","@graph":[{"@type":"Article","@id":"https:\/\/pmza.sk\/?p=16829#article","isPartOf":{"@id":"https:\/\/pmza.sk\/?p=16829"},"author":{"name":"Pova\u017esk\u00e9 m\u00fazeum","@id":"https:\/\/pmza.sk\/#\/schema\/person\/595e6a2ce731ea94dcd5d7f50a41ae33"},"headline":"Stre\u010dnianske hradn\u00e9 sl\u00e1vnosti nav\u0161t\u00edvilo 3670 \u013eud\u00ed","datePublished":"2016-07-09T09:42:45+00:00","mainEntityOfPage":{"@id":"https:\/\/pmza.sk\/?p=16829"},"wordCount":345,"publisher":{"@id":"https:\/\/pmza.sk\/#organization"},"image":{"@id":"https:\/\/pmza.sk\/?p=16829#primaryimage"},"thumbnailUrl":"https:\/\/pmza.sk\/wp-content\/uploads\/2016\/07\/13661919_10157170779255581_2638075165503026211_o.jpg","articleSection":["Arch\u00edv 2016"],"inLanguage":"sk-SK"},{"@type":"WebPage","@id":"https:\/\/pmza.sk\/?p=16829","url":"https:\/\/pmza.sk\/?p=16829","name":"Stre\u010dnianske hradn\u00e9 sl\u00e1vnosti nav\u0161t\u00edvilo 3670 \u013eud\u00ed - Pova\u017esk\u00e9 m\u00fazeum","isPartOf":{"@id":"https:\/\/pmza.sk\/#website"},"primaryImageOfPage":{"@id":"https:\/\/pmza.sk\/?p=16829#primaryimage"},"image":{"@id":"https:\/\/pmza.sk\/?p=16829#primaryimage"},"thumbnailUrl":"https:\/\/pmza.sk\/wp-content\/uploads\/2016\/07\/13661919_10157170779255581_2638075165503026211_o.jpg","datePublished":"2016-07-09T09:42:45+00:00","breadcrumb":{"@id":"https:\/\/pmza.sk\/?p=16829#breadcrumb"},"inLanguage":"sk-SK","potentialAction":[{"@type":"ReadAction","target":["https:\/\/pmza.sk\/?p=16829"]}]},{"@type":"ImageObject","inLanguage":"sk-SK","@id":"https:\/\/pmza.sk\/?p=16829#primaryimage","url":"https:\/\/pmza.sk\/wp-content\/uploads\/2016\/07\/13661919_10157170779255581_2638075165503026211_o.jpg","contentUrl":"https:\/\/pmza.sk\/wp-content\/uploads\/2016\/07\/13661919_10157170779255581_2638075165503026211_o.jpg","width":2048,"height":1536},{"@type":"BreadcrumbList","@id":"https:\/\/pmza.sk\/?p=16829#breadcrumb","itemListElement":[{"@type":"ListItem","position":1,"name":"Domovsk\u00e1 str\u00e1nka","item":"https:\/\/pmza.sk\/"},{"@type":"ListItem","position":2,"name":"Stre\u010dnianske hradn\u00e9 sl\u00e1vnosti nav\u0161t\u00edvilo 3670 \u013eud\u00ed"}]},{"@type":"WebSite","@id":"https:\/\/pmza.sk\/#website","url":"https:\/\/pmza.sk\/","name":"Pova\u017esk\u00e9 m\u00fazeum","description":"Pova\u017esk\u00e9 m\u00fazeum v \u017diline je region\u00e1lne m\u00fazeum so s\u00eddlom v Budat\u00edne. Jeho expoz\u00edcie s\u00fa zameran\u00e9 na dejiny slovensk\u00e9ho umenia, kult\u00fary a dopravy.","publisher":{"@id":"https:\/\/pmza.sk\/#organization"},"potentialAction":[{"@type":"SearchAction","target":{"@type":"EntryPoint","urlTemplate":"https:\/\/pmza.sk\/?s={search_term_string}"},"query-input":{"@type":"PropertyValueSpecification","valueRequired":true,"valueName":"search_term_string"}}],"inLanguage":"sk-SK"},{"@type":"Organization","@id":"https:\/\/pmza.sk\/#organization","name":"Pova\u017esk\u00e9 m\u00fazeum","url":"https:\/\/pmza.sk\/","logo":{"@type":"ImageObject","inLanguage":"sk-SK","@id":"https:\/\/pmza.sk\/#\/schema\/logo\/image\/","url":"https:\/\/pmza.sk\/wp-content\/uploads\/2022\/01\/logo_PM_horizontal.jpg","contentUrl":"https:\/\/pmza.sk\/wp-content\/uploads\/2022\/01\/logo_PM_horizontal.jpg","width":231,"height":142,"caption":"Pova\u017esk\u00e9 m\u00fazeum"},"image":{"@id":"https:\/\/pmza.sk\/#\/schema\/logo\/image\/"},"sameAs":["https:\/\/www.facebook.com\/povazskemuzeum","https:\/\/www.instagram.com\/povazskemuzeum\/"]},{"@type":"Person","@id":"https:\/\/pmza.sk\/#\/schema\/person\/595e6a2ce731ea94dcd5d7f50a41ae33","name":"Pova\u017esk\u00e9 m\u00fazeum","image":{"@type":"ImageObject","inLanguage":"sk-SK","@id":"https:\/\/secure.gravatar.com\/avatar\/2bb7f1561282132fb5826dfeccc66c7996d11ee392ac6aaf7ced8a1c2027fbb2?s=96&d=mm&r=g","url":"https:\/\/secure.gravatar.com\/avatar\/2bb7f1561282132fb5826dfeccc66c7996d11ee392ac6aaf7ced8a1c2027fbb2?s=96&d=mm&r=g","contentUrl":"https:\/\/secure.gravatar.com\/avatar\/2bb7f1561282132fb5826dfeccc66c7996d11ee392ac6aaf7ced8a1c2027fbb2?s=96&d=mm&r=g","caption":"Pova\u017esk\u00e9 m\u00fazeum"}}]}},"_links":{"self":[{"href":"https:\/\/pmza.sk\/index.php?rest_route=\/wp\/v2\/posts\/16829","targetHints":{"allow":["GET"]}}],"collection":[{"href":"https:\/\/pmza.sk\/index.php?rest_route=\/wp\/v2\/posts"}],"about":[{"href":"https:\/\/pmza.sk\/index.php?rest_route=\/wp\/v2\/types\/post"}],"author":[{"embeddable":true,"href":"https:\/\/pmza.sk\/index.php?rest_route=\/wp\/v2\/users\/2"}],"replies":[{"embeddable":true,"href":"https:\/\/pmza.sk\/index.php?rest_route=%2Fwp%2Fv2%2Fcomments&post=16829"}],"version-history":[{"count":0,"href":"https:\/\/pmza.sk\/index.php?rest_route=\/wp\/v2\/posts\/16829\/revisions"}],"wp:featuredmedia":[{"embeddable":true,"href":"https:\/\/pmza.sk\/index.php?rest_route=\/wp\/v2\/media\/16885"}],"wp:attachment":[{"href":"https:\/\/pmza.sk\/index.php?rest_route=%2Fwp%2Fv2%2Fmedia&parent=16829"}],"wp:term":[{"taxonomy":"category","embeddable":true,"href":"https:\/\/pmza.sk\/index.php?rest_route=%2Fwp%2Fv2%2Fcategories&post=16829"},{"taxonomy":"post_tag","embeddable":true,"href":"https:\/\/pmza.sk\/index.php?rest_route=%2Fwp%2Fv2%2Ftags&post=16829"}],"curies":[{"name":"wp","href":"https:\/\/api.w.org\/{rel}","templated":true}]}}