{"id":16857,"date":"2016-07-08T11:30:12","date_gmt":"2016-07-08T09:30:12","guid":{"rendered":"https:\/\/pmza.sk.sk\/?p=16857"},"modified":"2016-07-08T11:30:12","modified_gmt":"2016-07-08T09:30:12","slug":"platan-z-budatina-moze-byt-stromom-roka-aj-vasim-pricinenim","status":"publish","type":"post","link":"https:\/\/pmza.sk\/?p=16857","title":{"rendered":"Platan z Budat\u00edna m\u00f4\u017ee by\u0165 stromom roka aj va\u0161\u00edm pri\u010dinen\u00edm"},"content":{"rendered":"<p><strong>Platan javorolist\u00fd z\u00a0Budat\u00ednskeho parku, ktor\u00fd je s\u00fa\u010das\u0165ou are\u00e1lu Budat\u00ednskeho hradu v\u00a0\u017diline, m\u00f4\u017ee by\u0165 Stromom roka 2016 a\u00a0reprezentova\u0165 Slovensko v\u00a0s\u00fa\u0165a\u017ei Eur\u00f3psky strom roka. Zahlasujte za strom \u010d. 6 v\u00a0ankete, ktor\u00fa vo \u0161tvrtok od\u0161tartovali na festivale Pohoda a\u00a0trv\u00e1 a\u017e do konca septembra 2016.<\/strong><\/p>\n<p>Platan javorolist\u00fd je najv\u00e4\u010d\u0161\u00ed z\u00a0platanov v\u00a0Budat\u00ednskom parku na s\u00fatoku v\u00fdznamn\u00fdch riek Kysuca a\u00a0V\u00e1h. Vo svojich 270 rokoch dosahuje obvod jeho kme\u0148a 603 cm a v\u00fd\u0161ku 27 m. V\u00a0bezprostrednej bl\u00edzkosti tohto ve\u013ek\u00e9ho zdrav\u00e9ho stromu rastie \u010fal\u0161\u00ed men\u0161\u00ed, chor\u00fd, b\u00fat\u013eav\u00fd. Dva platany \u2013 rast\u00fa pospolu ako dvaja rozdielni bratia, kore\u0148mi s\u00fa v\u0161ak neoddelite\u013ene previazan\u00ed. Aj ke\u010f s\u00fa rovnako star\u00ed, ka\u017ed\u00fd z\u00a0nich mal in\u00fd osud. Ten v\u00e4\u010d\u0161\u00ed z\u00a0bratov je zdrav\u00fd, mohutn\u00fd a\u00a0kr\u00e1sny a\u00a0v\u00a0\u017eivote mu i\u0161lo v\u0161etko \u013eahko. Druh\u00fd musel bojova\u0165 s\u00a0chorobou, preto je ni\u017e\u0161\u00ed a\u00a0slab\u0161\u00ed. S\u00fa to v\u0161ak bratia, zostali vedno a\u00a0pom\u00e1haj\u00fa si.<\/p>\n<p>Budat\u00ednsky park zalo\u017eil vtedaj\u0161\u00ed majite\u013e hradu, gr\u00f3f J\u00e1n Su\u0148og v\u00a0roku 1745. Hlavn\u00fdm z\u00e1hradn\u00edkom a\u00a0tvorcom z\u00e1mock\u00e9ho parku bol J\u00e1n Franti\u0161ek Roder zo Sliezska.<\/p>\n<p>Cie\u013eom ankety Strom roka 2016, ktorej \u0161trn\u00e1sty ro\u010dn\u00edk organizuje Nad\u00e1cia Ekopolis, je upozorni\u0165 na star\u00e9, vz\u00e1cne\u00a0\u010di ohrozen\u00e9 stromy a vzbudi\u0165 z\u00e1ujem \u013eud\u00ed o \u017eivotn\u00e9 prostredie. V\u00ed\u0165azn\u00fd strom\u00a0 bude reprezentova\u0165 Slovensko v s\u00fa\u0165a\u017ei Eur\u00f3psky strom roka. Hlavn\u00fdmi partnermi ankety s\u00fa Nad\u00e1cia Slovenskej sporite\u013ene a\u00a0Slovensk\u00e1 agent\u00fara \u017eivotn\u00e9ho prostredia. Anketu \u010falej podporili ISA Slovensko (Medzin\u00e1rodn\u00e1 arboristick\u00e1 spolo\u010dnos\u0165), Vydavate\u013estvo Dajama, Kn\u00edhkupectvo Artforum a Z\u00e1hradn\u00edctvo ABIES. Patr\u00f3nom ankety je u\u017e piaty rok spev\u00e1k Peter Lipa.<\/p>\n<p>Verejn\u00e9 hlasovanie o v\u00ed\u0165aza ankety sa za\u010dalo 7. j\u00fala 2016 na festivale Pohoda v\u00a0Tren\u010d\u00edne a\u00a0bude trva\u0165 do konca septembra 2016. Hlasova\u0165 je mo\u017en\u00e9 formou hlasovacieho l\u00edstka, sms, na webovej str\u00e1nke <a href=\"http:\/\/www.ekopolis.sk\/\">www.ekopolis.sk<\/a> a aj na soci\u00e1lnej sieti Facebook \u2013 <a href=\"http:\/\/www.facebook.com\/nadacia.ekopolis\">www.facebook.com\/nadacia.ekopolis<\/a>. Fotografie a pr\u00edbehy stromov\u00a0\u2013 finalistov s\u00fa uverejnen\u00e9 na webovej str\u00e1nke Nad\u00e1cie Ekopolis. V okt\u00f3bri bude s\u00fa\u0165a\u017e vyhodnoten\u00e1 a strom s najvy\u0161\u0161\u00edm po\u010dtom hlasov z\u00edska titul Strom roka 2016.<\/p>\n<p>V\u00ed\u0165azn\u00fd strom dostane s\u00fa\u010dasne odmenu v podobe dendrologick\u00e9ho posudku od ISA Slovensko a finan\u010dn\u00fd pr\u00edspevok na o\u0161etrenie vo v\u00fd\u0161ke 200 eur. Stromy, ktor\u00e9 sa v ankete umiestnia na 2. a 3. mieste rovnako z\u00edskaj\u00fa pe\u0148a\u017en\u00fa sumu 200 eur, ktor\u00e1 m\u00f4\u017ee by\u0165 pou\u017eit\u00e1 na ich o\u0161etrenie alebo \u00fapravu okolia. Traja nominuj\u00faci a\u00a0traja hlasuj\u00faci bud\u00fa odmenen\u00ed kni\u017en\u00fdmi pouk\u00e1\u017ekami od kn\u00edhkupectva Artforum. Prv\u00e9 tri \u0161koly, ktor\u00e9 vyzbieraj\u00fa najviac hlasovac\u00edch l\u00edstkov, z\u00edskaj\u00fa v\u00fdsadbov\u00fd materi\u00e1l od Z\u00e1hradn\u00edctva ABIES v celkovej hodnote 500 eur.<\/p>\n<p><strong>Strom \u010d.6 \u2013 Platan javorolist\u00fd<\/strong> (Platanus hispanica)<\/p>\n<p>Budat\u00edn, okr. \u017dilina<br \/> lokalita: park pri Budat\u00ednskom hrade<br \/> vek: 270 rokov, obvod: 603 cm, v\u00fd\u0161ka: 27 m<\/p>\n<p><a href=\"https:\/\/pmza.sk\/wp-content\/uploads\/2016\/07\/platan-javorolisty_Budatin_zima.jpg\"><img fetchpriority=\"high\" decoding=\"async\" class=\"alignleft size-medium wp-image-16856\" src=\"https:\/\/pmza.sk.sk\/wp-content\/uploads\/2016\/07\/platan-javorolisty_Budatin_zima-200x300.jpg\" alt=\"platan javorolisty_Budatin_zima\" width=\"200\" height=\"300\" \/><\/a> <a href=\"https:\/\/pmza.sk\/wp-content\/uploads\/2016\/07\/platan-javorolisty_Budatin_jesen.jpg\"><img decoding=\"async\" class=\"alignleft size-medium wp-image-16854\" src=\"https:\/\/pmza.sk.sk\/wp-content\/uploads\/2016\/07\/platan-javorolisty_Budatin_jesen-200x300.jpg\" alt=\"platan javorolisty_Budatin_jesen\" width=\"200\" height=\"300\" \/><\/a> <a href=\"https:\/\/pmza.sk\/wp-content\/uploads\/2016\/07\/platan-javorolisty_Budatin_jar.jpg\"><img decoding=\"async\" class=\"alignleft size-medium wp-image-16853\" src=\"https:\/\/pmza.sk.sk\/wp-content\/uploads\/2016\/07\/platan-javorolisty_Budatin_jar-200x300.jpg\" alt=\"platan javorolisty_Budatin_jar\" width=\"200\" height=\"300\" \/><\/a><\/p>\n<p>&nbsp;<\/p>\n<p>&nbsp;<\/p>\n<p><a href=\"https:\/\/pmza.sk\/wp-content\/uploads\/2016\/07\/dvaja-bratia.jpg\"><img loading=\"lazy\" decoding=\"async\" class=\"alignleft size-medium wp-image-16852\" src=\"https:\/\/pmza.sk.sk\/wp-content\/uploads\/2016\/07\/dvaja-bratia-300x200.jpg\" alt=\"dvaja bratia\" width=\"300\" height=\"200\" \/><\/a> <a href=\"https:\/\/pmza.sk\/wp-content\/uploads\/2016\/07\/platan-javorolisty_Budatin_zjari.jpg\"><img loading=\"lazy\" decoding=\"async\" class=\"alignleft size-medium wp-image-16851\" src=\"https:\/\/pmza.sk.sk\/wp-content\/uploads\/2016\/07\/platan-javorolisty_Budatin_zjari-300x200.jpg\" alt=\"platan javorolisty_Budatin_zjari\" width=\"300\" height=\"200\" \/><\/a><\/p>\n<p>&nbsp;<\/p>\n<p>&nbsp;<\/p>\n<p>&nbsp;<\/p>\n<p>&nbsp;<\/p>\n<p>&nbsp;<\/p>\n<p>&nbsp;<\/p>\n<p>&nbsp;<\/p>\n<p>&nbsp;<\/p>\n<p>&nbsp;<\/p>\n<p>&nbsp;<\/p>\n<p>&nbsp;<\/p>\n<p>&nbsp;<\/p>\n<p>&nbsp;<\/p>\n<p>&nbsp;<\/p>\n<p>&nbsp;<\/p>\n","protected":false},"excerpt":{"rendered":"<p>Platan javorolist\u00fd z\u00a0Budat\u00ednskeho parku, ktor\u00fd je s\u00fa\u010das\u0165ou are\u00e1lu Budat\u00ednskeho hradu v\u00a0\u017diline, m\u00f4\u017ee by\u0165 Stromom roka 2016 a\u00a0reprezentova\u0165 Slovensko v\u00a0s\u00fa\u0165a\u017ei Eur\u00f3psky strom roka. Zahlasujte za strom \u010d. 6 v\u00a0ankete, ktor\u00fa vo \u0161tvrtok od\u0161tartovali na festivale Pohoda a\u00a0trv\u00e1 a\u017e do konca septembra 2016. Platan javorolist\u00fd je najv\u00e4\u010d\u0161\u00ed z\u00a0platanov v\u00a0Budat\u00ednskom parku na s\u00fatoku v\u00fdznamn\u00fdch riek Kysuca a\u00a0V\u00e1h. Vo [&hellip;]<\/p>\n","protected":false},"author":2,"featured_media":0,"comment_status":"closed","ping_status":"closed","sticky":false,"template":"","format":"standard","meta":{"site-sidebar-layout":"default","site-content-layout":"","ast-site-content-layout":"","site-content-style":"default","site-sidebar-style":"default","ast-global-header-display":"","ast-banner-title-visibility":"","ast-main-header-display":"","ast-hfb-above-header-display":"","ast-hfb-below-header-display":"","ast-hfb-mobile-header-display":"","site-post-title":"","ast-breadcrumbs-content":"","ast-featured-img":"","footer-sml-layout":"","theme-transparent-header-meta":"","adv-header-id-meta":"","stick-header-meta":"","header-above-stick-meta":"","header-main-stick-meta":"","header-below-stick-meta":"","astra-migrate-meta-layouts":"default","ast-page-background-enabled":"default","ast-page-background-meta":{"desktop":{"background-color":"var(--ast-global-color-4)","background-image":"","background-repeat":"repeat","background-position":"center center","background-size":"auto","background-attachment":"scroll","background-type":"","background-media":"","overlay-type":"","overlay-color":"","overlay-opacity":"","overlay-gradient":""},"tablet":{"background-color":"","background-image":"","background-repeat":"repeat","background-position":"center center","background-size":"auto","background-attachment":"scroll","background-type":"","background-media":"","overlay-type":"","overlay-color":"","overlay-opacity":"","overlay-gradient":""},"mobile":{"background-color":"","background-image":"","background-repeat":"repeat","background-position":"center center","background-size":"auto","background-attachment":"scroll","background-type":"","background-media":"","overlay-type":"","overlay-color":"","overlay-opacity":"","overlay-gradient":""}},"ast-content-background-meta":{"desktop":{"background-color":"var(--ast-global-color-5)","background-image":"","background-repeat":"repeat","background-position":"center center","background-size":"auto","background-attachment":"scroll","background-type":"","background-media":"","overlay-type":"","overlay-color":"","overlay-opacity":"","overlay-gradient":""},"tablet":{"background-color":"var(--ast-global-color-5)","background-image":"","background-repeat":"repeat","background-position":"center center","background-size":"auto","background-attachment":"scroll","background-type":"","background-media":"","overlay-type":"","overlay-color":"","overlay-opacity":"","overlay-gradient":""},"mobile":{"background-color":"var(--ast-global-color-5)","background-image":"","background-repeat":"repeat","background-position":"center center","background-size":"auto","background-attachment":"scroll","background-type":"","background-media":"","overlay-type":"","overlay-color":"","overlay-opacity":"","overlay-gradient":""}},"footnotes":""},"categories":[50],"tags":[],"class_list":["post-16857","post","type-post","status-publish","format-standard","hentry","category-archiv-2016"],"yoast_head":"<!-- This site is optimized with the Yoast SEO plugin v27.4 - https:\/\/yoast.com\/product\/yoast-seo-wordpress\/ -->\n<title>Platan z Budat\u00edna m\u00f4\u017ee by\u0165 stromom roka aj va\u0161\u00edm pri\u010dinen\u00edm - Pova\u017esk\u00e9 m\u00fazeum<\/title>\n<meta name=\"robots\" content=\"index, follow, max-snippet:-1, max-image-preview:large, max-video-preview:-1\" \/>\n<link rel=\"canonical\" href=\"https:\/\/pmza.sk\/?p=16857\" \/>\n<meta property=\"og:locale\" content=\"sk_SK\" \/>\n<meta property=\"og:type\" content=\"article\" \/>\n<meta property=\"og:title\" content=\"Platan z Budat\u00edna m\u00f4\u017ee by\u0165 stromom roka aj va\u0161\u00edm pri\u010dinen\u00edm - Pova\u017esk\u00e9 m\u00fazeum\" \/>\n<meta property=\"og:description\" content=\"Platan javorolist\u00fd z\u00a0Budat\u00ednskeho parku, ktor\u00fd je s\u00fa\u010das\u0165ou are\u00e1lu Budat\u00ednskeho hradu v\u00a0\u017diline, m\u00f4\u017ee by\u0165 Stromom roka 2016 a\u00a0reprezentova\u0165 Slovensko v\u00a0s\u00fa\u0165a\u017ei Eur\u00f3psky strom roka. Zahlasujte za strom \u010d. 6 v\u00a0ankete, ktor\u00fa vo \u0161tvrtok od\u0161tartovali na festivale Pohoda a\u00a0trv\u00e1 a\u017e do konca septembra 2016. Platan javorolist\u00fd je najv\u00e4\u010d\u0161\u00ed z\u00a0platanov v\u00a0Budat\u00ednskom parku na s\u00fatoku v\u00fdznamn\u00fdch riek Kysuca a\u00a0V\u00e1h. Vo [&hellip;]\" \/>\n<meta property=\"og:url\" content=\"https:\/\/pmza.sk\/?p=16857\" \/>\n<meta property=\"og:site_name\" content=\"Pova\u017esk\u00e9 m\u00fazeum\" \/>\n<meta property=\"article:publisher\" content=\"https:\/\/www.facebook.com\/povazskemuzeum\" \/>\n<meta property=\"article:published_time\" content=\"2016-07-08T09:30:12+00:00\" \/>\n<meta property=\"og:image\" content=\"https:\/\/pmza.sk.sk\/wp-content\/uploads\/2016\/07\/platan-javorolisty_Budatin_zima-200x300.jpg\" \/>\n<meta name=\"author\" content=\"Pova\u017esk\u00e9 m\u00fazeum\" \/>\n<meta name=\"twitter:card\" content=\"summary_large_image\" \/>\n<meta name=\"twitter:label1\" content=\"Autor\" \/>\n\t<meta name=\"twitter:data1\" content=\"Pova\u017esk\u00e9 m\u00fazeum\" \/>\n\t<meta name=\"twitter:label2\" content=\"Predpokladan\u00fd \u010das \u010d\u00edtania\" \/>\n\t<meta name=\"twitter:data2\" content=\"3 min\u00faty\" \/>\n<script type=\"application\/ld+json\" class=\"yoast-schema-graph\">{\"@context\":\"https:\\\/\\\/schema.org\",\"@graph\":[{\"@type\":\"Article\",\"@id\":\"https:\\\/\\\/pmza.sk\\\/?p=16857#article\",\"isPartOf\":{\"@id\":\"https:\\\/\\\/pmza.sk\\\/?p=16857\"},\"author\":{\"name\":\"Pova\u017esk\u00e9 m\u00fazeum\",\"@id\":\"https:\\\/\\\/pmza.sk\\\/#\\\/schema\\\/person\\\/595e6a2ce731ea94dcd5d7f50a41ae33\"},\"headline\":\"Platan z Budat\u00edna m\u00f4\u017ee by\u0165 stromom roka aj va\u0161\u00edm pri\u010dinen\u00edm\",\"datePublished\":\"2016-07-08T09:30:12+00:00\",\"mainEntityOfPage\":{\"@id\":\"https:\\\/\\\/pmza.sk\\\/?p=16857\"},\"wordCount\":543,\"publisher\":{\"@id\":\"https:\\\/\\\/pmza.sk\\\/#organization\"},\"image\":{\"@id\":\"https:\\\/\\\/pmza.sk\\\/?p=16857#primaryimage\"},\"thumbnailUrl\":\"http:\\\/\\\/pmza.sk.sk\\\/wp-content\\\/uploads\\\/2016\\\/07\\\/platan-javorolisty_Budatin_zima-200x300.jpg\",\"articleSection\":[\"Arch\u00edv 2016\"],\"inLanguage\":\"sk-SK\"},{\"@type\":\"WebPage\",\"@id\":\"https:\\\/\\\/pmza.sk\\\/?p=16857\",\"url\":\"https:\\\/\\\/pmza.sk\\\/?p=16857\",\"name\":\"Platan z Budat\u00edna m\u00f4\u017ee by\u0165 stromom roka aj va\u0161\u00edm pri\u010dinen\u00edm - Pova\u017esk\u00e9 m\u00fazeum\",\"isPartOf\":{\"@id\":\"https:\\\/\\\/pmza.sk\\\/#website\"},\"primaryImageOfPage\":{\"@id\":\"https:\\\/\\\/pmza.sk\\\/?p=16857#primaryimage\"},\"image\":{\"@id\":\"https:\\\/\\\/pmza.sk\\\/?p=16857#primaryimage\"},\"thumbnailUrl\":\"http:\\\/\\\/pmza.sk.sk\\\/wp-content\\\/uploads\\\/2016\\\/07\\\/platan-javorolisty_Budatin_zima-200x300.jpg\",\"datePublished\":\"2016-07-08T09:30:12+00:00\",\"breadcrumb\":{\"@id\":\"https:\\\/\\\/pmza.sk\\\/?p=16857#breadcrumb\"},\"inLanguage\":\"sk-SK\",\"potentialAction\":[{\"@type\":\"ReadAction\",\"target\":[\"https:\\\/\\\/pmza.sk\\\/?p=16857\"]}]},{\"@type\":\"ImageObject\",\"inLanguage\":\"sk-SK\",\"@id\":\"https:\\\/\\\/pmza.sk\\\/?p=16857#primaryimage\",\"url\":\"http:\\\/\\\/pmza.sk.sk\\\/wp-content\\\/uploads\\\/2016\\\/07\\\/platan-javorolisty_Budatin_zima-200x300.jpg\",\"contentUrl\":\"http:\\\/\\\/pmza.sk.sk\\\/wp-content\\\/uploads\\\/2016\\\/07\\\/platan-javorolisty_Budatin_zima-200x300.jpg\"},{\"@type\":\"BreadcrumbList\",\"@id\":\"https:\\\/\\\/pmza.sk\\\/?p=16857#breadcrumb\",\"itemListElement\":[{\"@type\":\"ListItem\",\"position\":1,\"name\":\"Domovsk\u00e1 str\u00e1nka\",\"item\":\"https:\\\/\\\/pmza.sk\\\/\"},{\"@type\":\"ListItem\",\"position\":2,\"name\":\"Platan z Budat\u00edna m\u00f4\u017ee by\u0165 stromom roka aj va\u0161\u00edm pri\u010dinen\u00edm\"}]},{\"@type\":\"WebSite\",\"@id\":\"https:\\\/\\\/pmza.sk\\\/#website\",\"url\":\"https:\\\/\\\/pmza.sk\\\/\",\"name\":\"Pova\u017esk\u00e9 m\u00fazeum\",\"description\":\"Pova\u017esk\u00e9 m\u00fazeum v \u017diline je region\u00e1lne m\u00fazeum so s\u00eddlom v Budat\u00edne. Jeho expoz\u00edcie s\u00fa zameran\u00e9 na dejiny slovensk\u00e9ho umenia, kult\u00fary a dopravy.\",\"publisher\":{\"@id\":\"https:\\\/\\\/pmza.sk\\\/#organization\"},\"potentialAction\":[{\"@type\":\"SearchAction\",\"target\":{\"@type\":\"EntryPoint\",\"urlTemplate\":\"https:\\\/\\\/pmza.sk\\\/?s={search_term_string}\"},\"query-input\":{\"@type\":\"PropertyValueSpecification\",\"valueRequired\":true,\"valueName\":\"search_term_string\"}}],\"inLanguage\":\"sk-SK\"},{\"@type\":\"Organization\",\"@id\":\"https:\\\/\\\/pmza.sk\\\/#organization\",\"name\":\"Pova\u017esk\u00e9 m\u00fazeum\",\"url\":\"https:\\\/\\\/pmza.sk\\\/\",\"logo\":{\"@type\":\"ImageObject\",\"inLanguage\":\"sk-SK\",\"@id\":\"https:\\\/\\\/pmza.sk\\\/#\\\/schema\\\/logo\\\/image\\\/\",\"url\":\"https:\\\/\\\/pmza.sk\\\/wp-content\\\/uploads\\\/2022\\\/01\\\/logo_PM_horizontal.jpg\",\"contentUrl\":\"https:\\\/\\\/pmza.sk\\\/wp-content\\\/uploads\\\/2022\\\/01\\\/logo_PM_horizontal.jpg\",\"width\":231,\"height\":142,\"caption\":\"Pova\u017esk\u00e9 m\u00fazeum\"},\"image\":{\"@id\":\"https:\\\/\\\/pmza.sk\\\/#\\\/schema\\\/logo\\\/image\\\/\"},\"sameAs\":[\"https:\\\/\\\/www.facebook.com\\\/povazskemuzeum\",\"https:\\\/\\\/www.instagram.com\\\/povazskemuzeum\\\/\"]},{\"@type\":\"Person\",\"@id\":\"https:\\\/\\\/pmza.sk\\\/#\\\/schema\\\/person\\\/595e6a2ce731ea94dcd5d7f50a41ae33\",\"name\":\"Pova\u017esk\u00e9 m\u00fazeum\",\"image\":{\"@type\":\"ImageObject\",\"inLanguage\":\"sk-SK\",\"@id\":\"https:\\\/\\\/secure.gravatar.com\\\/avatar\\\/2bb7f1561282132fb5826dfeccc66c7996d11ee392ac6aaf7ced8a1c2027fbb2?s=96&d=mm&r=g\",\"url\":\"https:\\\/\\\/secure.gravatar.com\\\/avatar\\\/2bb7f1561282132fb5826dfeccc66c7996d11ee392ac6aaf7ced8a1c2027fbb2?s=96&d=mm&r=g\",\"contentUrl\":\"https:\\\/\\\/secure.gravatar.com\\\/avatar\\\/2bb7f1561282132fb5826dfeccc66c7996d11ee392ac6aaf7ced8a1c2027fbb2?s=96&d=mm&r=g\",\"caption\":\"Pova\u017esk\u00e9 m\u00fazeum\"}}]}<\/script>\n<!-- \/ Yoast SEO plugin. -->","yoast_head_json":{"title":"Platan z Budat\u00edna m\u00f4\u017ee by\u0165 stromom roka aj va\u0161\u00edm pri\u010dinen\u00edm - Pova\u017esk\u00e9 m\u00fazeum","robots":{"index":"index","follow":"follow","max-snippet":"max-snippet:-1","max-image-preview":"max-image-preview:large","max-video-preview":"max-video-preview:-1"},"canonical":"https:\/\/pmza.sk\/?p=16857","og_locale":"sk_SK","og_type":"article","og_title":"Platan z Budat\u00edna m\u00f4\u017ee by\u0165 stromom roka aj va\u0161\u00edm pri\u010dinen\u00edm - Pova\u017esk\u00e9 m\u00fazeum","og_description":"Platan javorolist\u00fd z\u00a0Budat\u00ednskeho parku, ktor\u00fd je s\u00fa\u010das\u0165ou are\u00e1lu Budat\u00ednskeho hradu v\u00a0\u017diline, m\u00f4\u017ee by\u0165 Stromom roka 2016 a\u00a0reprezentova\u0165 Slovensko v\u00a0s\u00fa\u0165a\u017ei Eur\u00f3psky strom roka. Zahlasujte za strom \u010d. 6 v\u00a0ankete, ktor\u00fa vo \u0161tvrtok od\u0161tartovali na festivale Pohoda a\u00a0trv\u00e1 a\u017e do konca septembra 2016. Platan javorolist\u00fd je najv\u00e4\u010d\u0161\u00ed z\u00a0platanov v\u00a0Budat\u00ednskom parku na s\u00fatoku v\u00fdznamn\u00fdch riek Kysuca a\u00a0V\u00e1h. Vo [&hellip;]","og_url":"https:\/\/pmza.sk\/?p=16857","og_site_name":"Pova\u017esk\u00e9 m\u00fazeum","article_publisher":"https:\/\/www.facebook.com\/povazskemuzeum","article_published_time":"2016-07-08T09:30:12+00:00","og_image":[{"url":"https:\/\/pmza.sk.sk\/wp-content\/uploads\/2016\/07\/platan-javorolisty_Budatin_zima-200x300.jpg","type":"","width":"","height":""}],"author":"Pova\u017esk\u00e9 m\u00fazeum","twitter_card":"summary_large_image","twitter_misc":{"Autor":"Pova\u017esk\u00e9 m\u00fazeum","Predpokladan\u00fd \u010das \u010d\u00edtania":"3 min\u00faty"},"schema":{"@context":"https:\/\/schema.org","@graph":[{"@type":"Article","@id":"https:\/\/pmza.sk\/?p=16857#article","isPartOf":{"@id":"https:\/\/pmza.sk\/?p=16857"},"author":{"name":"Pova\u017esk\u00e9 m\u00fazeum","@id":"https:\/\/pmza.sk\/#\/schema\/person\/595e6a2ce731ea94dcd5d7f50a41ae33"},"headline":"Platan z Budat\u00edna m\u00f4\u017ee by\u0165 stromom roka aj va\u0161\u00edm pri\u010dinen\u00edm","datePublished":"2016-07-08T09:30:12+00:00","mainEntityOfPage":{"@id":"https:\/\/pmza.sk\/?p=16857"},"wordCount":543,"publisher":{"@id":"https:\/\/pmza.sk\/#organization"},"image":{"@id":"https:\/\/pmza.sk\/?p=16857#primaryimage"},"thumbnailUrl":"https:\/\/pmza.sk.sk\/wp-content\/uploads\/2016\/07\/platan-javorolisty_Budatin_zima-200x300.jpg","articleSection":["Arch\u00edv 2016"],"inLanguage":"sk-SK"},{"@type":"WebPage","@id":"https:\/\/pmza.sk\/?p=16857","url":"https:\/\/pmza.sk\/?p=16857","name":"Platan z Budat\u00edna m\u00f4\u017ee by\u0165 stromom roka aj va\u0161\u00edm pri\u010dinen\u00edm - Pova\u017esk\u00e9 m\u00fazeum","isPartOf":{"@id":"https:\/\/pmza.sk\/#website"},"primaryImageOfPage":{"@id":"https:\/\/pmza.sk\/?p=16857#primaryimage"},"image":{"@id":"https:\/\/pmza.sk\/?p=16857#primaryimage"},"thumbnailUrl":"https:\/\/pmza.sk.sk\/wp-content\/uploads\/2016\/07\/platan-javorolisty_Budatin_zima-200x300.jpg","datePublished":"2016-07-08T09:30:12+00:00","breadcrumb":{"@id":"https:\/\/pmza.sk\/?p=16857#breadcrumb"},"inLanguage":"sk-SK","potentialAction":[{"@type":"ReadAction","target":["https:\/\/pmza.sk\/?p=16857"]}]},{"@type":"ImageObject","inLanguage":"sk-SK","@id":"https:\/\/pmza.sk\/?p=16857#primaryimage","url":"https:\/\/pmza.sk.sk\/wp-content\/uploads\/2016\/07\/platan-javorolisty_Budatin_zima-200x300.jpg","contentUrl":"https:\/\/pmza.sk.sk\/wp-content\/uploads\/2016\/07\/platan-javorolisty_Budatin_zima-200x300.jpg"},{"@type":"BreadcrumbList","@id":"https:\/\/pmza.sk\/?p=16857#breadcrumb","itemListElement":[{"@type":"ListItem","position":1,"name":"Domovsk\u00e1 str\u00e1nka","item":"https:\/\/pmza.sk\/"},{"@type":"ListItem","position":2,"name":"Platan z Budat\u00edna m\u00f4\u017ee by\u0165 stromom roka aj va\u0161\u00edm pri\u010dinen\u00edm"}]},{"@type":"WebSite","@id":"https:\/\/pmza.sk\/#website","url":"https:\/\/pmza.sk\/","name":"Pova\u017esk\u00e9 m\u00fazeum","description":"Pova\u017esk\u00e9 m\u00fazeum v \u017diline je region\u00e1lne m\u00fazeum so s\u00eddlom v Budat\u00edne. Jeho expoz\u00edcie s\u00fa zameran\u00e9 na dejiny slovensk\u00e9ho umenia, kult\u00fary a dopravy.","publisher":{"@id":"https:\/\/pmza.sk\/#organization"},"potentialAction":[{"@type":"SearchAction","target":{"@type":"EntryPoint","urlTemplate":"https:\/\/pmza.sk\/?s={search_term_string}"},"query-input":{"@type":"PropertyValueSpecification","valueRequired":true,"valueName":"search_term_string"}}],"inLanguage":"sk-SK"},{"@type":"Organization","@id":"https:\/\/pmza.sk\/#organization","name":"Pova\u017esk\u00e9 m\u00fazeum","url":"https:\/\/pmza.sk\/","logo":{"@type":"ImageObject","inLanguage":"sk-SK","@id":"https:\/\/pmza.sk\/#\/schema\/logo\/image\/","url":"https:\/\/pmza.sk\/wp-content\/uploads\/2022\/01\/logo_PM_horizontal.jpg","contentUrl":"https:\/\/pmza.sk\/wp-content\/uploads\/2022\/01\/logo_PM_horizontal.jpg","width":231,"height":142,"caption":"Pova\u017esk\u00e9 m\u00fazeum"},"image":{"@id":"https:\/\/pmza.sk\/#\/schema\/logo\/image\/"},"sameAs":["https:\/\/www.facebook.com\/povazskemuzeum","https:\/\/www.instagram.com\/povazskemuzeum\/"]},{"@type":"Person","@id":"https:\/\/pmza.sk\/#\/schema\/person\/595e6a2ce731ea94dcd5d7f50a41ae33","name":"Pova\u017esk\u00e9 m\u00fazeum","image":{"@type":"ImageObject","inLanguage":"sk-SK","@id":"https:\/\/secure.gravatar.com\/avatar\/2bb7f1561282132fb5826dfeccc66c7996d11ee392ac6aaf7ced8a1c2027fbb2?s=96&d=mm&r=g","url":"https:\/\/secure.gravatar.com\/avatar\/2bb7f1561282132fb5826dfeccc66c7996d11ee392ac6aaf7ced8a1c2027fbb2?s=96&d=mm&r=g","contentUrl":"https:\/\/secure.gravatar.com\/avatar\/2bb7f1561282132fb5826dfeccc66c7996d11ee392ac6aaf7ced8a1c2027fbb2?s=96&d=mm&r=g","caption":"Pova\u017esk\u00e9 m\u00fazeum"}}]}},"_links":{"self":[{"href":"https:\/\/pmza.sk\/index.php?rest_route=\/wp\/v2\/posts\/16857","targetHints":{"allow":["GET"]}}],"collection":[{"href":"https:\/\/pmza.sk\/index.php?rest_route=\/wp\/v2\/posts"}],"about":[{"href":"https:\/\/pmza.sk\/index.php?rest_route=\/wp\/v2\/types\/post"}],"author":[{"embeddable":true,"href":"https:\/\/pmza.sk\/index.php?rest_route=\/wp\/v2\/users\/2"}],"replies":[{"embeddable":true,"href":"https:\/\/pmza.sk\/index.php?rest_route=%2Fwp%2Fv2%2Fcomments&post=16857"}],"version-history":[{"count":0,"href":"https:\/\/pmza.sk\/index.php?rest_route=\/wp\/v2\/posts\/16857\/revisions"}],"wp:attachment":[{"href":"https:\/\/pmza.sk\/index.php?rest_route=%2Fwp%2Fv2%2Fmedia&parent=16857"}],"wp:term":[{"taxonomy":"category","embeddable":true,"href":"https:\/\/pmza.sk\/index.php?rest_route=%2Fwp%2Fv2%2Fcategories&post=16857"},{"taxonomy":"post_tag","embeddable":true,"href":"https:\/\/pmza.sk\/index.php?rest_route=%2Fwp%2Fv2%2Ftags&post=16857"}],"curies":[{"name":"wp","href":"https:\/\/api.w.org\/{rel}","templated":true}]}}