{"id":16886,"date":"2016-08-16T08:40:31","date_gmt":"2016-08-16T06:40:31","guid":{"rendered":"https:\/\/pmza.sk.sk\/?p=16886"},"modified":"2016-08-16T08:40:31","modified_gmt":"2016-08-16T06:40:31","slug":"nocna-prehliadka-hradu-strecno","status":"publish","type":"post","link":"https:\/\/pmza.sk\/?p=16886","title":{"rendered":"No\u010dn\u00e9 prehliadky hradu Stre\u010dno s\u00fa \u00faspe\u0161ne za nami"},"content":{"rendered":"<p>Pova\u017esk\u00e9 m\u00fazeum v\u00a0\u017diline v\u00a0zria\u010fovate\u013eskej p\u00f4sobnosti \u017dilinsk\u00e9ho samospr\u00e1vneho kraja aj tento rok po\u010das pr\u00e1zdninov\u00fdch mesiacov na hrade Stre\u010dno pripravilo ob\u013e\u00faben\u00e9 no\u010dn\u00e9 prehliadky.<\/p>\n<p>No\u010dn\u00e1 prehliadka hradu Stre\u010dno za\u010d\u00ednala od 20.00 hod., posledn\u00fd vstup bol o 22.00 hod. Hlavn\u00fd program sa odohr\u00e1val na n\u00e1dvoriach a\u00a0pred vstupom do kaplnky hradu. V\u00a0programe \u00fa\u010dinkovali Skupina historick\u00e9ho \u0161ermu Wagus s\u00a0pr\u00edbehom \u010carovn\u00fd me\u010d o\u00a0zakliatej princeznej a\u00a0udatnom kov\u00e1\u010dovi. Atmosf\u00e9ru noci na hrade Stre\u010dno pod\u010diarkla oh\u0148ov\u00e1 \u0161ou v\u00a0predveden\u00ed Black Evils. O z\u00e1bavu sa postarala divadelno &#8211; improviza\u010dn\u00e1 skupina Kapor na sc\u00e9ne, ktor\u00fa v auguste vymenil k\u00fazeln\u00edk Peter.<\/p>\n<p>O No\u010dn\u00e9 prehliadky bol aj tento rok vysok\u00fd z\u00e1ujem. Te\u0161\u00edme sa na t\u00fato akciu op\u00e4\u0165 o rok.<\/p>\n<p>&nbsp;<\/p>\n","protected":false},"excerpt":{"rendered":"<p>Pova\u017esk\u00e9 m\u00fazeum v\u00a0\u017diline v\u00a0zria\u010fovate\u013eskej p\u00f4sobnosti \u017dilinsk\u00e9ho samospr\u00e1vneho kraja aj tento rok po\u010das pr\u00e1zdninov\u00fdch mesiacov na hrade Stre\u010dno pripravilo ob\u013e\u00faben\u00e9 no\u010dn\u00e9 prehliadky. No\u010dn\u00e1 prehliadka hradu Stre\u010dno za\u010d\u00ednala od 20.00 hod., posledn\u00fd vstup bol o 22.00 hod. Hlavn\u00fd program sa odohr\u00e1val na n\u00e1dvoriach a\u00a0pred vstupom do kaplnky hradu. V\u00a0programe \u00fa\u010dinkovali Skupina historick\u00e9ho \u0161ermu Wagus s\u00a0pr\u00edbehom \u010carovn\u00fd me\u010d [&hellip;]<\/p>\n","protected":false},"author":2,"featured_media":16874,"comment_status":"closed","ping_status":"closed","sticky":false,"template":"","format":"standard","meta":{"site-sidebar-layout":"default","site-content-layout":"","ast-site-content-layout":"","site-content-style":"default","site-sidebar-style":"default","ast-global-header-display":"","ast-banner-title-visibility":"","ast-main-header-display":"","ast-hfb-above-header-display":"","ast-hfb-below-header-display":"","ast-hfb-mobile-header-display":"","site-post-title":"","ast-breadcrumbs-content":"","ast-featured-img":"","footer-sml-layout":"","theme-transparent-header-meta":"","adv-header-id-meta":"","stick-header-meta":"","header-above-stick-meta":"","header-main-stick-meta":"","header-below-stick-meta":"","astra-migrate-meta-layouts":"default","ast-page-background-enabled":"default","ast-page-background-meta":{"desktop":{"background-color":"var(--ast-global-color-4)","background-image":"","background-repeat":"repeat","background-position":"center center","background-size":"auto","background-attachment":"scroll","background-type":"","background-media":"","overlay-type":"","overlay-color":"","overlay-opacity":"","overlay-gradient":""},"tablet":{"background-color":"","background-image":"","background-repeat":"repeat","background-position":"center center","background-size":"auto","background-attachment":"scroll","background-type":"","background-media":"","overlay-type":"","overlay-color":"","overlay-opacity":"","overlay-gradient":""},"mobile":{"background-color":"","background-image":"","background-repeat":"repeat","background-position":"center center","background-size":"auto","background-attachment":"scroll","background-type":"","background-media":"","overlay-type":"","overlay-color":"","overlay-opacity":"","overlay-gradient":""}},"ast-content-background-meta":{"desktop":{"background-color":"var(--ast-global-color-5)","background-image":"","background-repeat":"repeat","background-position":"center center","background-size":"auto","background-attachment":"scroll","background-type":"","background-media":"","overlay-type":"","overlay-color":"","overlay-opacity":"","overlay-gradient":""},"tablet":{"background-color":"var(--ast-global-color-5)","background-image":"","background-repeat":"repeat","background-position":"center center","background-size":"auto","background-attachment":"scroll","background-type":"","background-media":"","overlay-type":"","overlay-color":"","overlay-opacity":"","overlay-gradient":""},"mobile":{"background-color":"var(--ast-global-color-5)","background-image":"","background-repeat":"repeat","background-position":"center center","background-size":"auto","background-attachment":"scroll","background-type":"","background-media":"","overlay-type":"","overlay-color":"","overlay-opacity":"","overlay-gradient":""}},"footnotes":""},"categories":[50],"tags":[],"class_list":["post-16886","post","type-post","status-publish","format-standard","has-post-thumbnail","hentry","category-archiv-2016"],"yoast_head":"<!-- This site is optimized with the Yoast SEO plugin v27.4 - https:\/\/yoast.com\/product\/yoast-seo-wordpress\/ -->\n<title>No\u010dn\u00e9 prehliadky hradu Stre\u010dno s\u00fa \u00faspe\u0161ne za nami - Pova\u017esk\u00e9 m\u00fazeum<\/title>\n<meta name=\"robots\" content=\"index, follow, max-snippet:-1, max-image-preview:large, max-video-preview:-1\" \/>\n<link rel=\"canonical\" href=\"https:\/\/pmza.sk\/?p=16886\" \/>\n<meta property=\"og:locale\" content=\"sk_SK\" \/>\n<meta property=\"og:type\" content=\"article\" \/>\n<meta property=\"og:title\" content=\"No\u010dn\u00e9 prehliadky hradu Stre\u010dno s\u00fa \u00faspe\u0161ne za nami - Pova\u017esk\u00e9 m\u00fazeum\" \/>\n<meta property=\"og:description\" content=\"Pova\u017esk\u00e9 m\u00fazeum v\u00a0\u017diline v\u00a0zria\u010fovate\u013eskej p\u00f4sobnosti \u017dilinsk\u00e9ho samospr\u00e1vneho kraja aj tento rok po\u010das pr\u00e1zdninov\u00fdch mesiacov na hrade Stre\u010dno pripravilo ob\u013e\u00faben\u00e9 no\u010dn\u00e9 prehliadky. No\u010dn\u00e1 prehliadka hradu Stre\u010dno za\u010d\u00ednala od 20.00 hod., posledn\u00fd vstup bol o 22.00 hod. Hlavn\u00fd program sa odohr\u00e1val na n\u00e1dvoriach a\u00a0pred vstupom do kaplnky hradu. V\u00a0programe \u00fa\u010dinkovali Skupina historick\u00e9ho \u0161ermu Wagus s\u00a0pr\u00edbehom \u010carovn\u00fd me\u010d [&hellip;]\" \/>\n<meta property=\"og:url\" content=\"https:\/\/pmza.sk\/?p=16886\" \/>\n<meta property=\"og:site_name\" content=\"Pova\u017esk\u00e9 m\u00fazeum\" \/>\n<meta property=\"article:publisher\" content=\"https:\/\/www.facebook.com\/povazskemuzeum\" \/>\n<meta property=\"article:published_time\" content=\"2016-08-16T06:40:31+00:00\" \/>\n<meta property=\"og:image\" content=\"https:\/\/pmza.sk\/wp-content\/uploads\/2016\/07\/Nocne-prehliadky-hradu-Strecno.jpg\" \/>\n\t<meta property=\"og:image:width\" content=\"552\" \/>\n\t<meta property=\"og:image:height\" content=\"780\" \/>\n\t<meta property=\"og:image:type\" content=\"image\/jpeg\" \/>\n<meta name=\"author\" content=\"Pova\u017esk\u00e9 m\u00fazeum\" \/>\n<meta name=\"twitter:card\" content=\"summary_large_image\" \/>\n<meta name=\"twitter:label1\" content=\"Autor\" \/>\n\t<meta name=\"twitter:data1\" content=\"Pova\u017esk\u00e9 m\u00fazeum\" \/>\n\t<meta name=\"twitter:label2\" content=\"Predpokladan\u00fd \u010das \u010d\u00edtania\" \/>\n\t<meta name=\"twitter:data2\" content=\"1 min\u00fata\" \/>\n<script type=\"application\/ld+json\" class=\"yoast-schema-graph\">{\"@context\":\"https:\\\/\\\/schema.org\",\"@graph\":[{\"@type\":\"Article\",\"@id\":\"https:\\\/\\\/pmza.sk\\\/?p=16886#article\",\"isPartOf\":{\"@id\":\"https:\\\/\\\/pmza.sk\\\/?p=16886\"},\"author\":{\"name\":\"Pova\u017esk\u00e9 m\u00fazeum\",\"@id\":\"https:\\\/\\\/pmza.sk\\\/#\\\/schema\\\/person\\\/595e6a2ce731ea94dcd5d7f50a41ae33\"},\"headline\":\"No\u010dn\u00e9 prehliadky hradu Stre\u010dno s\u00fa \u00faspe\u0161ne za nami\",\"datePublished\":\"2016-08-16T06:40:31+00:00\",\"mainEntityOfPage\":{\"@id\":\"https:\\\/\\\/pmza.sk\\\/?p=16886\"},\"wordCount\":156,\"publisher\":{\"@id\":\"https:\\\/\\\/pmza.sk\\\/#organization\"},\"image\":{\"@id\":\"https:\\\/\\\/pmza.sk\\\/?p=16886#primaryimage\"},\"thumbnailUrl\":\"https:\\\/\\\/pmza.sk\\\/wp-content\\\/uploads\\\/2016\\\/07\\\/Nocne-prehliadky-hradu-Strecno.jpg\",\"articleSection\":[\"Arch\u00edv 2016\"],\"inLanguage\":\"sk-SK\"},{\"@type\":\"WebPage\",\"@id\":\"https:\\\/\\\/pmza.sk\\\/?p=16886\",\"url\":\"https:\\\/\\\/pmza.sk\\\/?p=16886\",\"name\":\"No\u010dn\u00e9 prehliadky hradu Stre\u010dno s\u00fa \u00faspe\u0161ne za nami - Pova\u017esk\u00e9 m\u00fazeum\",\"isPartOf\":{\"@id\":\"https:\\\/\\\/pmza.sk\\\/#website\"},\"primaryImageOfPage\":{\"@id\":\"https:\\\/\\\/pmza.sk\\\/?p=16886#primaryimage\"},\"image\":{\"@id\":\"https:\\\/\\\/pmza.sk\\\/?p=16886#primaryimage\"},\"thumbnailUrl\":\"https:\\\/\\\/pmza.sk\\\/wp-content\\\/uploads\\\/2016\\\/07\\\/Nocne-prehliadky-hradu-Strecno.jpg\",\"datePublished\":\"2016-08-16T06:40:31+00:00\",\"breadcrumb\":{\"@id\":\"https:\\\/\\\/pmza.sk\\\/?p=16886#breadcrumb\"},\"inLanguage\":\"sk-SK\",\"potentialAction\":[{\"@type\":\"ReadAction\",\"target\":[\"https:\\\/\\\/pmza.sk\\\/?p=16886\"]}]},{\"@type\":\"ImageObject\",\"inLanguage\":\"sk-SK\",\"@id\":\"https:\\\/\\\/pmza.sk\\\/?p=16886#primaryimage\",\"url\":\"https:\\\/\\\/pmza.sk\\\/wp-content\\\/uploads\\\/2016\\\/07\\\/Nocne-prehliadky-hradu-Strecno.jpg\",\"contentUrl\":\"https:\\\/\\\/pmza.sk\\\/wp-content\\\/uploads\\\/2016\\\/07\\\/Nocne-prehliadky-hradu-Strecno.jpg\",\"width\":552,\"height\":780},{\"@type\":\"BreadcrumbList\",\"@id\":\"https:\\\/\\\/pmza.sk\\\/?p=16886#breadcrumb\",\"itemListElement\":[{\"@type\":\"ListItem\",\"position\":1,\"name\":\"Domovsk\u00e1 str\u00e1nka\",\"item\":\"https:\\\/\\\/pmza.sk\\\/\"},{\"@type\":\"ListItem\",\"position\":2,\"name\":\"No\u010dn\u00e9 prehliadky hradu Stre\u010dno s\u00fa \u00faspe\u0161ne za nami\"}]},{\"@type\":\"WebSite\",\"@id\":\"https:\\\/\\\/pmza.sk\\\/#website\",\"url\":\"https:\\\/\\\/pmza.sk\\\/\",\"name\":\"Pova\u017esk\u00e9 m\u00fazeum\",\"description\":\"Pova\u017esk\u00e9 m\u00fazeum v \u017diline je region\u00e1lne m\u00fazeum so s\u00eddlom v Budat\u00edne. Jeho expoz\u00edcie s\u00fa zameran\u00e9 na dejiny slovensk\u00e9ho umenia, kult\u00fary a dopravy.\",\"publisher\":{\"@id\":\"https:\\\/\\\/pmza.sk\\\/#organization\"},\"potentialAction\":[{\"@type\":\"SearchAction\",\"target\":{\"@type\":\"EntryPoint\",\"urlTemplate\":\"https:\\\/\\\/pmza.sk\\\/?s={search_term_string}\"},\"query-input\":{\"@type\":\"PropertyValueSpecification\",\"valueRequired\":true,\"valueName\":\"search_term_string\"}}],\"inLanguage\":\"sk-SK\"},{\"@type\":\"Organization\",\"@id\":\"https:\\\/\\\/pmza.sk\\\/#organization\",\"name\":\"Pova\u017esk\u00e9 m\u00fazeum\",\"url\":\"https:\\\/\\\/pmza.sk\\\/\",\"logo\":{\"@type\":\"ImageObject\",\"inLanguage\":\"sk-SK\",\"@id\":\"https:\\\/\\\/pmza.sk\\\/#\\\/schema\\\/logo\\\/image\\\/\",\"url\":\"https:\\\/\\\/pmza.sk\\\/wp-content\\\/uploads\\\/2022\\\/01\\\/logo_PM_horizontal.jpg\",\"contentUrl\":\"https:\\\/\\\/pmza.sk\\\/wp-content\\\/uploads\\\/2022\\\/01\\\/logo_PM_horizontal.jpg\",\"width\":231,\"height\":142,\"caption\":\"Pova\u017esk\u00e9 m\u00fazeum\"},\"image\":{\"@id\":\"https:\\\/\\\/pmza.sk\\\/#\\\/schema\\\/logo\\\/image\\\/\"},\"sameAs\":[\"https:\\\/\\\/www.facebook.com\\\/povazskemuzeum\",\"https:\\\/\\\/www.instagram.com\\\/povazskemuzeum\\\/\"]},{\"@type\":\"Person\",\"@id\":\"https:\\\/\\\/pmza.sk\\\/#\\\/schema\\\/person\\\/595e6a2ce731ea94dcd5d7f50a41ae33\",\"name\":\"Pova\u017esk\u00e9 m\u00fazeum\",\"image\":{\"@type\":\"ImageObject\",\"inLanguage\":\"sk-SK\",\"@id\":\"https:\\\/\\\/secure.gravatar.com\\\/avatar\\\/2bb7f1561282132fb5826dfeccc66c7996d11ee392ac6aaf7ced8a1c2027fbb2?s=96&d=mm&r=g\",\"url\":\"https:\\\/\\\/secure.gravatar.com\\\/avatar\\\/2bb7f1561282132fb5826dfeccc66c7996d11ee392ac6aaf7ced8a1c2027fbb2?s=96&d=mm&r=g\",\"contentUrl\":\"https:\\\/\\\/secure.gravatar.com\\\/avatar\\\/2bb7f1561282132fb5826dfeccc66c7996d11ee392ac6aaf7ced8a1c2027fbb2?s=96&d=mm&r=g\",\"caption\":\"Pova\u017esk\u00e9 m\u00fazeum\"}}]}<\/script>\n<!-- \/ Yoast SEO plugin. -->","yoast_head_json":{"title":"No\u010dn\u00e9 prehliadky hradu Stre\u010dno s\u00fa \u00faspe\u0161ne za nami - Pova\u017esk\u00e9 m\u00fazeum","robots":{"index":"index","follow":"follow","max-snippet":"max-snippet:-1","max-image-preview":"max-image-preview:large","max-video-preview":"max-video-preview:-1"},"canonical":"https:\/\/pmza.sk\/?p=16886","og_locale":"sk_SK","og_type":"article","og_title":"No\u010dn\u00e9 prehliadky hradu Stre\u010dno s\u00fa \u00faspe\u0161ne za nami - Pova\u017esk\u00e9 m\u00fazeum","og_description":"Pova\u017esk\u00e9 m\u00fazeum v\u00a0\u017diline v\u00a0zria\u010fovate\u013eskej p\u00f4sobnosti \u017dilinsk\u00e9ho samospr\u00e1vneho kraja aj tento rok po\u010das pr\u00e1zdninov\u00fdch mesiacov na hrade Stre\u010dno pripravilo ob\u013e\u00faben\u00e9 no\u010dn\u00e9 prehliadky. No\u010dn\u00e1 prehliadka hradu Stre\u010dno za\u010d\u00ednala od 20.00 hod., posledn\u00fd vstup bol o 22.00 hod. Hlavn\u00fd program sa odohr\u00e1val na n\u00e1dvoriach a\u00a0pred vstupom do kaplnky hradu. V\u00a0programe \u00fa\u010dinkovali Skupina historick\u00e9ho \u0161ermu Wagus s\u00a0pr\u00edbehom \u010carovn\u00fd me\u010d [&hellip;]","og_url":"https:\/\/pmza.sk\/?p=16886","og_site_name":"Pova\u017esk\u00e9 m\u00fazeum","article_publisher":"https:\/\/www.facebook.com\/povazskemuzeum","article_published_time":"2016-08-16T06:40:31+00:00","og_image":[{"width":552,"height":780,"url":"https:\/\/pmza.sk\/wp-content\/uploads\/2016\/07\/Nocne-prehliadky-hradu-Strecno.jpg","type":"image\/jpeg"}],"author":"Pova\u017esk\u00e9 m\u00fazeum","twitter_card":"summary_large_image","twitter_misc":{"Autor":"Pova\u017esk\u00e9 m\u00fazeum","Predpokladan\u00fd \u010das \u010d\u00edtania":"1 min\u00fata"},"schema":{"@context":"https:\/\/schema.org","@graph":[{"@type":"Article","@id":"https:\/\/pmza.sk\/?p=16886#article","isPartOf":{"@id":"https:\/\/pmza.sk\/?p=16886"},"author":{"name":"Pova\u017esk\u00e9 m\u00fazeum","@id":"https:\/\/pmza.sk\/#\/schema\/person\/595e6a2ce731ea94dcd5d7f50a41ae33"},"headline":"No\u010dn\u00e9 prehliadky hradu Stre\u010dno s\u00fa \u00faspe\u0161ne za nami","datePublished":"2016-08-16T06:40:31+00:00","mainEntityOfPage":{"@id":"https:\/\/pmza.sk\/?p=16886"},"wordCount":156,"publisher":{"@id":"https:\/\/pmza.sk\/#organization"},"image":{"@id":"https:\/\/pmza.sk\/?p=16886#primaryimage"},"thumbnailUrl":"https:\/\/pmza.sk\/wp-content\/uploads\/2016\/07\/Nocne-prehliadky-hradu-Strecno.jpg","articleSection":["Arch\u00edv 2016"],"inLanguage":"sk-SK"},{"@type":"WebPage","@id":"https:\/\/pmza.sk\/?p=16886","url":"https:\/\/pmza.sk\/?p=16886","name":"No\u010dn\u00e9 prehliadky hradu Stre\u010dno s\u00fa \u00faspe\u0161ne za nami - Pova\u017esk\u00e9 m\u00fazeum","isPartOf":{"@id":"https:\/\/pmza.sk\/#website"},"primaryImageOfPage":{"@id":"https:\/\/pmza.sk\/?p=16886#primaryimage"},"image":{"@id":"https:\/\/pmza.sk\/?p=16886#primaryimage"},"thumbnailUrl":"https:\/\/pmza.sk\/wp-content\/uploads\/2016\/07\/Nocne-prehliadky-hradu-Strecno.jpg","datePublished":"2016-08-16T06:40:31+00:00","breadcrumb":{"@id":"https:\/\/pmza.sk\/?p=16886#breadcrumb"},"inLanguage":"sk-SK","potentialAction":[{"@type":"ReadAction","target":["https:\/\/pmza.sk\/?p=16886"]}]},{"@type":"ImageObject","inLanguage":"sk-SK","@id":"https:\/\/pmza.sk\/?p=16886#primaryimage","url":"https:\/\/pmza.sk\/wp-content\/uploads\/2016\/07\/Nocne-prehliadky-hradu-Strecno.jpg","contentUrl":"https:\/\/pmza.sk\/wp-content\/uploads\/2016\/07\/Nocne-prehliadky-hradu-Strecno.jpg","width":552,"height":780},{"@type":"BreadcrumbList","@id":"https:\/\/pmza.sk\/?p=16886#breadcrumb","itemListElement":[{"@type":"ListItem","position":1,"name":"Domovsk\u00e1 str\u00e1nka","item":"https:\/\/pmza.sk\/"},{"@type":"ListItem","position":2,"name":"No\u010dn\u00e9 prehliadky hradu Stre\u010dno s\u00fa \u00faspe\u0161ne za nami"}]},{"@type":"WebSite","@id":"https:\/\/pmza.sk\/#website","url":"https:\/\/pmza.sk\/","name":"Pova\u017esk\u00e9 m\u00fazeum","description":"Pova\u017esk\u00e9 m\u00fazeum v \u017diline je region\u00e1lne m\u00fazeum so s\u00eddlom v Budat\u00edne. Jeho expoz\u00edcie s\u00fa zameran\u00e9 na dejiny slovensk\u00e9ho umenia, kult\u00fary a dopravy.","publisher":{"@id":"https:\/\/pmza.sk\/#organization"},"potentialAction":[{"@type":"SearchAction","target":{"@type":"EntryPoint","urlTemplate":"https:\/\/pmza.sk\/?s={search_term_string}"},"query-input":{"@type":"PropertyValueSpecification","valueRequired":true,"valueName":"search_term_string"}}],"inLanguage":"sk-SK"},{"@type":"Organization","@id":"https:\/\/pmza.sk\/#organization","name":"Pova\u017esk\u00e9 m\u00fazeum","url":"https:\/\/pmza.sk\/","logo":{"@type":"ImageObject","inLanguage":"sk-SK","@id":"https:\/\/pmza.sk\/#\/schema\/logo\/image\/","url":"https:\/\/pmza.sk\/wp-content\/uploads\/2022\/01\/logo_PM_horizontal.jpg","contentUrl":"https:\/\/pmza.sk\/wp-content\/uploads\/2022\/01\/logo_PM_horizontal.jpg","width":231,"height":142,"caption":"Pova\u017esk\u00e9 m\u00fazeum"},"image":{"@id":"https:\/\/pmza.sk\/#\/schema\/logo\/image\/"},"sameAs":["https:\/\/www.facebook.com\/povazskemuzeum","https:\/\/www.instagram.com\/povazskemuzeum\/"]},{"@type":"Person","@id":"https:\/\/pmza.sk\/#\/schema\/person\/595e6a2ce731ea94dcd5d7f50a41ae33","name":"Pova\u017esk\u00e9 m\u00fazeum","image":{"@type":"ImageObject","inLanguage":"sk-SK","@id":"https:\/\/secure.gravatar.com\/avatar\/2bb7f1561282132fb5826dfeccc66c7996d11ee392ac6aaf7ced8a1c2027fbb2?s=96&d=mm&r=g","url":"https:\/\/secure.gravatar.com\/avatar\/2bb7f1561282132fb5826dfeccc66c7996d11ee392ac6aaf7ced8a1c2027fbb2?s=96&d=mm&r=g","contentUrl":"https:\/\/secure.gravatar.com\/avatar\/2bb7f1561282132fb5826dfeccc66c7996d11ee392ac6aaf7ced8a1c2027fbb2?s=96&d=mm&r=g","caption":"Pova\u017esk\u00e9 m\u00fazeum"}}]}},"_links":{"self":[{"href":"https:\/\/pmza.sk\/index.php?rest_route=\/wp\/v2\/posts\/16886","targetHints":{"allow":["GET"]}}],"collection":[{"href":"https:\/\/pmza.sk\/index.php?rest_route=\/wp\/v2\/posts"}],"about":[{"href":"https:\/\/pmza.sk\/index.php?rest_route=\/wp\/v2\/types\/post"}],"author":[{"embeddable":true,"href":"https:\/\/pmza.sk\/index.php?rest_route=\/wp\/v2\/users\/2"}],"replies":[{"embeddable":true,"href":"https:\/\/pmza.sk\/index.php?rest_route=%2Fwp%2Fv2%2Fcomments&post=16886"}],"version-history":[{"count":0,"href":"https:\/\/pmza.sk\/index.php?rest_route=\/wp\/v2\/posts\/16886\/revisions"}],"wp:featuredmedia":[{"embeddable":true,"href":"https:\/\/pmza.sk\/index.php?rest_route=\/wp\/v2\/media\/16874"}],"wp:attachment":[{"href":"https:\/\/pmza.sk\/index.php?rest_route=%2Fwp%2Fv2%2Fmedia&parent=16886"}],"wp:term":[{"taxonomy":"category","embeddable":true,"href":"https:\/\/pmza.sk\/index.php?rest_route=%2Fwp%2Fv2%2Fcategories&post=16886"},{"taxonomy":"post_tag","embeddable":true,"href":"https:\/\/pmza.sk\/index.php?rest_route=%2Fwp%2Fv2%2Ftags&post=16886"}],"curies":[{"name":"wp","href":"https:\/\/api.w.org\/{rel}","templated":true}]}}