{"id":16892,"date":"2016-07-12T15:46:17","date_gmt":"2016-07-12T13:46:17","guid":{"rendered":"https:\/\/pmza.sk.sk\/?p=16892"},"modified":"2016-07-12T15:46:17","modified_gmt":"2016-07-12T13:46:17","slug":"slavnostne-otvorenie-budatinskeho-hradu","status":"publish","type":"post","link":"https:\/\/pmza.sk\/?p=16892","title":{"rendered":"Sl\u00e1vnostn\u00e9 otvorenie Budat\u00ednskeho hradu &#8211; 31. 7. 2016"},"content":{"rendered":"<p>Pova\u017esk\u00e9 m\u00fazeum v\u00a0\u017diline v\u00a0zria\u010fovate\u013eskej p\u00f4sobnosti \u017dilinsk\u00e9ho samospr\u00e1vneho kraja <strong>v\u00a0nede\u013eu, 31. j\u00fala 2016 napoludnie<\/strong> sl\u00e1vnostne otvor\u00ed Budat\u00ednsky hrad. Pripraven\u00fd je bohat\u00fd sprievodn\u00fd program.<\/p>\n<p>Na ve\u017ei kaplnky Budat\u00ednskeho hradu sa u\u017e predpoludn\u00edm rozozvu\u010d\u00ed nov\u00fd zvon, ktor\u00fd ohl\u00e1si do \u0161irok\u00e9ho okolia, \u017ee priestory Kaplnky s\u00fa otvoren\u00e9 pre verejnos\u0165. Interi\u00e9r priestorov ozvl\u00e1\u0161tni virtu\u00e1lna prehliadka cel\u00e9ho are\u00e1lu pre imobiln\u00fdch n\u00e1v\u0161tevn\u00edkov a\u00a0tie\u017e v\u00fdstava fotografi\u00ed, \u201eKorene nevykoren\u00ed\u0161\u201c, pribli\u017euj\u00faca aktivity men\u0161\u00edn \u017eij\u00facich na Slovensku. Kaplnka Budat\u00ednskeho hradu, ktor\u00e1 poch\u00e1dza z\u00a0polovice 18. storo\u010dia a\u00a0je zasv\u00e4ten\u00e1 nepo\u0161kvrnen\u00e9mu po\u010datiu Panny M\u00e1rie, je remeselne kr\u00e1sne zre\u0161taurovan\u00e1. Najvz\u00e1cnej\u0161ou umeleckou a\u00a0historickou pamiatkou v\u00a0nej je <strong>iluz\u00edvna olt\u00e1rna architekt\u00fara<\/strong>, v ktorej je umiestnen\u00fd olt\u00e1rny obraz nepo\u0161kvrnen\u00e9ho po\u010datia Panny M\u00e1rie, poch\u00e1dzaj\u00faci od v\u00fdznamn\u00e9ho maliara K. J. Aigena. <strong>Po\u010fakovanie patr\u00ed aj re\u0161taur\u00e1torovi, akademick\u00e9mu maliarovi M\u00e1riovi Flaugnattimu, za vitr\u00e1\u017e bo\u017eieho oka, <\/strong>ktor\u00fa do kaplnky daroval. \u017dilinsk\u00fd samospr\u00e1vny kraj zrealizoval \u00a0obnovu hradnej kaplnky Budat\u00ednskeho hradu s podporou Finan\u010dn\u00e9ho mechanizmu EHP a N\u00f3rskeho finan\u010dn\u00e9ho mechanizmu s\u00a0mottom: <strong>otv\u00e1rame pre V\u00e1s Budat\u00ednsky hrad a zachr\u00e1nime srdce Budat\u00ednskeho hradu &#8211; kaplnku<\/strong>. V\u010faka Finan\u010dn\u00e9mu mechanizmu EHP a NFM vznikol v \u017diline nov\u00fd priestor pre \u013eud\u00ed.<\/p>\n<p>Budat\u00ednsky hrad priv\u00edta prv\u00fdch n\u00e1v\u0161tevn\u00edkov kr\u00e1tko popoludn\u00ed. Samotn\u00fd ceremoni\u00e1l otvorenia hradu sa za\u010dne o\u00a012.00 hod. historick\u00fdm sprievodom are\u00e1lom parku a\u017e pod ju\u017en\u00fa terasu. V\u00a0sprievode, zachyt\u00e1vaj\u00facom najv\u00fdznamnej\u0161ie \u00faseky hist\u00f3rie hradu od stredoveku cez 20. roky 19. storo\u010dia a\u017e po s\u00fa\u010dasnos\u0165, budete m\u00f4c\u0165 na ko\u010di vidie\u0165 p\u00e1na Budat\u00ednskeho hradu Ga\u0161para Su\u0148oga s\u00a0dc\u00e9rou Katar\u00ednou, na koni sa bude nies\u0165 posledn\u00fd majite\u013e Budat\u00ednskeho hradu, Gejza \u010c\u00e1ki, za n\u00edm jeho slu\u017eobn\u00edctvo, hudobn\u00edci a\u00a0dobov\u00fd sprievod. Pr\u00edchod vz\u00e1cnych host\u00ed ohl\u00e1sia trombit\u00e1\u0161i z\u00a0ve\u017ee hradu a\u00a0na po\u010des\u0165 odomknutia hradu zaznej\u00fa aj salvy z\u00a0dela.<\/p>\n<p>Sprievodn\u00fd program na ju\u017enej terase sa bude nies\u0165 v\u00a0n\u00e1lade rokov dvadsiatych, tancova\u0165 bud\u00fa Shakers a\u00a0hra\u0165 muzikanti zo skupiny Slovak Tango a\u00a0\u0161a\u0161ko Fjodor.<\/p>\n<p>Program na hlavnom p\u00f3diu za\u010dne o\u00a012.30 hod. vyst\u00fapen\u00edm skupiny Rus\u00edn \u010cende\u0161 Orchestra, ktor\u00e1 zahr\u00e1 rus\u00ednsky, r\u00f3msky, slovensk\u00fd a\u00a0balk\u00e1nsky folkl\u00f3r, ale aj jazz, pop a\u00a0klasick\u00fa hudbu. O\u00a014.00 hod. sa predstavia hudobn\u00edci zo zoskupenia Slovak Tango s\u00a0interpret\u00e1ciou slovensk\u00fdch piesn\u00ed z\u00a020. a\u00a030. rokov minul\u00e9ho storo\u010dia. Zuzana Smatanov\u00e1 so skupinou zahraj\u00fa svoje najv\u00e4\u010d\u0161ie hity o\u00a016.00 hod. a\u00a0z\u00e1vere\u010dn\u00fdm vyst\u00fapen\u00edm na hlavnom p\u00f3diu sa predstav\u00ed kapela Noriss, ktor\u00e1 vyst\u00fapi o\u00a017.30 hod. \u010cakanie medzi ich vyst\u00fapeniami obohatia historick\u00ed \u0161ermiari a\u00a0zbrojno\u0161i, \u010di dobov\u00ed vojaci z\u00a0Liptovsk\u00e9ho kuruck\u00e9ho regimentu, Divadelno-\u0161ermiarskej skupiny BRO\u0147 a\u00a0Cechu Terra de Selinan.<\/p>\n<p>N\u00e1v\u0161tevn\u00edci podujatia sa m\u00f4\u017eu te\u0161i\u0165 na ochutn\u00e1vku chutn\u00e9ho dobov\u00e9ho jedla \u010di na \u201egu\u013e\u00e1\u0161 gr\u00f3fa \u010c\u00e1kiho\u201c, t\u00fala\u0165 sa medzi st\u00e1nkami historick\u00e9ho jarmoku, deti sa m\u00f4\u017eu povozi\u0165 na ko\u010di alebo na pon\u00edkoch, v\u00a0parku bude dreven\u00fd detsk\u00fd koloto\u010d a\u00a0de\u0165om sa bude venova\u0165 dobr\u00e1 v\u00edla Dobromila. Kto si tr\u00fafne, m\u00f4\u017ee vysk\u00fa\u0161a\u0165 stre\u013ebu z\u00a0ku\u0161e.<\/p>\n<p>Hrad bude pre verejnos\u0165 otvoren\u00fd od 13.30 hod. a\u00a0na cel\u00e9 podujatie v\u00a0are\u00e1li Budat\u00ednskeho hradu bude vstup vo\u013en\u00fd.<\/p>\n<p><strong>Upozornenie pre n\u00e1v\u0161tevn\u00edkov:<\/strong><\/p>\n<p><strong>Kyvadlov\u00e1 doprava bude prem\u00e1va\u0165 od 11.00 hod. z\u00a0ozna\u010denej zast\u00e1vky pred \u017eelezni\u010dnou stanicou v\u00a0\u017diline do Budat\u00edna ka\u017ed\u00fa pol hodinu. Parkovanie \u00e1ut pre motorizovan\u00fdch n\u00e1v\u0161tevn\u00edkov bude pozd\u013a\u017e cesty do Tepli\u010dky n\/V\u00e1hom v\u00a0smere od Budat\u00edna. Z\u00a0hlavnej cesty bud\u00fa vodi\u010dov na parkovacie miesta upozor\u0148ova\u0165 prenosn\u00e9 dopravn\u00e9 zna\u010dky. V\u00a0priestoroch pri Budat\u00ednskom hrade sa v\u00a0tento de\u0148 nebude da\u0165 parkova\u0165.<\/strong><\/p>\n<p><a href=\"https:\/\/pmza.sk\/wp-content\/uploads\/2016\/07\/BUDATIN_plagat_A3-program.jpg\">PROGRAM<\/a><\/p>\n","protected":false},"excerpt":{"rendered":"<p>Pova\u017esk\u00e9 m\u00fazeum v\u00a0\u017diline v\u00a0zria\u010fovate\u013eskej p\u00f4sobnosti \u017dilinsk\u00e9ho samospr\u00e1vneho kraja v\u00a0nede\u013eu, 31. j\u00fala 2016 napoludnie sl\u00e1vnostne otvor\u00ed Budat\u00ednsky hrad. Pripraven\u00fd je bohat\u00fd sprievodn\u00fd program. Na ve\u017ei kaplnky Budat\u00ednskeho hradu sa u\u017e predpoludn\u00edm rozozvu\u010d\u00ed nov\u00fd zvon, ktor\u00fd ohl\u00e1si do \u0161irok\u00e9ho okolia, \u017ee priestory Kaplnky s\u00fa otvoren\u00e9 pre verejnos\u0165. Interi\u00e9r priestorov ozvl\u00e1\u0161tni virtu\u00e1lna prehliadka cel\u00e9ho are\u00e1lu pre imobiln\u00fdch n\u00e1v\u0161tevn\u00edkov [&hellip;]<\/p>\n","protected":false},"author":2,"featured_media":16890,"comment_status":"closed","ping_status":"closed","sticky":false,"template":"","format":"standard","meta":{"site-sidebar-layout":"default","site-content-layout":"","ast-site-content-layout":"","site-content-style":"default","site-sidebar-style":"default","ast-global-header-display":"","ast-banner-title-visibility":"","ast-main-header-display":"","ast-hfb-above-header-display":"","ast-hfb-below-header-display":"","ast-hfb-mobile-header-display":"","site-post-title":"","ast-breadcrumbs-content":"","ast-featured-img":"","footer-sml-layout":"","theme-transparent-header-meta":"","adv-header-id-meta":"","stick-header-meta":"","header-above-stick-meta":"","header-main-stick-meta":"","header-below-stick-meta":"","astra-migrate-meta-layouts":"default","ast-page-background-enabled":"default","ast-page-background-meta":{"desktop":{"background-color":"var(--ast-global-color-4)","background-image":"","background-repeat":"repeat","background-position":"center center","background-size":"auto","background-attachment":"scroll","background-type":"","background-media":"","overlay-type":"","overlay-color":"","overlay-opacity":"","overlay-gradient":""},"tablet":{"background-color":"","background-image":"","background-repeat":"repeat","background-position":"center center","background-size":"auto","background-attachment":"scroll","background-type":"","background-media":"","overlay-type":"","overlay-color":"","overlay-opacity":"","overlay-gradient":""},"mobile":{"background-color":"","background-image":"","background-repeat":"repeat","background-position":"center center","background-size":"auto","background-attachment":"scroll","background-type":"","background-media":"","overlay-type":"","overlay-color":"","overlay-opacity":"","overlay-gradient":""}},"ast-content-background-meta":{"desktop":{"background-color":"var(--ast-global-color-5)","background-image":"","background-repeat":"repeat","background-position":"center center","background-size":"auto","background-attachment":"scroll","background-type":"","background-media":"","overlay-type":"","overlay-color":"","overlay-opacity":"","overlay-gradient":""},"tablet":{"background-color":"var(--ast-global-color-5)","background-image":"","background-repeat":"repeat","background-position":"center center","background-size":"auto","background-attachment":"scroll","background-type":"","background-media":"","overlay-type":"","overlay-color":"","overlay-opacity":"","overlay-gradient":""},"mobile":{"background-color":"var(--ast-global-color-5)","background-image":"","background-repeat":"repeat","background-position":"center center","background-size":"auto","background-attachment":"scroll","background-type":"","background-media":"","overlay-type":"","overlay-color":"","overlay-opacity":"","overlay-gradient":""}},"footnotes":""},"categories":[50],"tags":[],"class_list":["post-16892","post","type-post","status-publish","format-standard","has-post-thumbnail","hentry","category-archiv-2016"],"yoast_head":"<!-- This site is optimized with the Yoast SEO plugin v27.4 - https:\/\/yoast.com\/product\/yoast-seo-wordpress\/ -->\n<title>Sl\u00e1vnostn\u00e9 otvorenie Budat\u00ednskeho hradu - 31. 7. 2016 - Pova\u017esk\u00e9 m\u00fazeum<\/title>\n<meta name=\"robots\" content=\"index, follow, max-snippet:-1, max-image-preview:large, max-video-preview:-1\" \/>\n<link rel=\"canonical\" href=\"https:\/\/pmza.sk\/?p=16892\" \/>\n<meta property=\"og:locale\" content=\"sk_SK\" \/>\n<meta property=\"og:type\" content=\"article\" \/>\n<meta property=\"og:title\" content=\"Sl\u00e1vnostn\u00e9 otvorenie Budat\u00ednskeho hradu - 31. 7. 2016 - Pova\u017esk\u00e9 m\u00fazeum\" \/>\n<meta property=\"og:description\" content=\"Pova\u017esk\u00e9 m\u00fazeum v\u00a0\u017diline v\u00a0zria\u010fovate\u013eskej p\u00f4sobnosti \u017dilinsk\u00e9ho samospr\u00e1vneho kraja v\u00a0nede\u013eu, 31. j\u00fala 2016 napoludnie sl\u00e1vnostne otvor\u00ed Budat\u00ednsky hrad. Pripraven\u00fd je bohat\u00fd sprievodn\u00fd program. Na ve\u017ei kaplnky Budat\u00ednskeho hradu sa u\u017e predpoludn\u00edm rozozvu\u010d\u00ed nov\u00fd zvon, ktor\u00fd ohl\u00e1si do \u0161irok\u00e9ho okolia, \u017ee priestory Kaplnky s\u00fa otvoren\u00e9 pre verejnos\u0165. Interi\u00e9r priestorov ozvl\u00e1\u0161tni virtu\u00e1lna prehliadka cel\u00e9ho are\u00e1lu pre imobiln\u00fdch n\u00e1v\u0161tevn\u00edkov [&hellip;]\" \/>\n<meta property=\"og:url\" content=\"https:\/\/pmza.sk\/?p=16892\" \/>\n<meta property=\"og:site_name\" content=\"Pova\u017esk\u00e9 m\u00fazeum\" \/>\n<meta property=\"article:publisher\" content=\"https:\/\/www.facebook.com\/povazskemuzeum\" \/>\n<meta property=\"article:published_time\" content=\"2016-07-12T13:46:17+00:00\" \/>\n<meta property=\"og:image\" content=\"https:\/\/pmza.sk\/wp-content\/uploads\/2016\/07\/BUDATIN_plagat_A3-program.jpg\" \/>\n\t<meta property=\"og:image:width\" content=\"1169\" \/>\n\t<meta property=\"og:image:height\" content=\"1639\" \/>\n\t<meta property=\"og:image:type\" content=\"image\/jpeg\" \/>\n<meta name=\"author\" content=\"Pova\u017esk\u00e9 m\u00fazeum\" \/>\n<meta name=\"twitter:card\" content=\"summary_large_image\" \/>\n<meta name=\"twitter:label1\" content=\"Autor\" \/>\n\t<meta name=\"twitter:data1\" content=\"Pova\u017esk\u00e9 m\u00fazeum\" \/>\n\t<meta name=\"twitter:label2\" content=\"Predpokladan\u00fd \u010das \u010d\u00edtania\" \/>\n\t<meta name=\"twitter:data2\" content=\"4 min\u00faty\" \/>\n<script type=\"application\/ld+json\" class=\"yoast-schema-graph\">{\"@context\":\"https:\\\/\\\/schema.org\",\"@graph\":[{\"@type\":\"Article\",\"@id\":\"https:\\\/\\\/pmza.sk\\\/?p=16892#article\",\"isPartOf\":{\"@id\":\"https:\\\/\\\/pmza.sk\\\/?p=16892\"},\"author\":{\"name\":\"Pova\u017esk\u00e9 m\u00fazeum\",\"@id\":\"https:\\\/\\\/pmza.sk\\\/#\\\/schema\\\/person\\\/595e6a2ce731ea94dcd5d7f50a41ae33\"},\"headline\":\"Sl\u00e1vnostn\u00e9 otvorenie Budat\u00ednskeho hradu &#8211; 31. 7. 2016\",\"datePublished\":\"2016-07-12T13:46:17+00:00\",\"mainEntityOfPage\":{\"@id\":\"https:\\\/\\\/pmza.sk\\\/?p=16892\"},\"wordCount\":710,\"publisher\":{\"@id\":\"https:\\\/\\\/pmza.sk\\\/#organization\"},\"image\":{\"@id\":\"https:\\\/\\\/pmza.sk\\\/?p=16892#primaryimage\"},\"thumbnailUrl\":\"https:\\\/\\\/pmza.sk\\\/wp-content\\\/uploads\\\/2016\\\/07\\\/BUDATIN_plagat_A3-program.jpg\",\"articleSection\":[\"Arch\u00edv 2016\"],\"inLanguage\":\"sk-SK\"},{\"@type\":\"WebPage\",\"@id\":\"https:\\\/\\\/pmza.sk\\\/?p=16892\",\"url\":\"https:\\\/\\\/pmza.sk\\\/?p=16892\",\"name\":\"Sl\u00e1vnostn\u00e9 otvorenie Budat\u00ednskeho hradu - 31. 7. 2016 - Pova\u017esk\u00e9 m\u00fazeum\",\"isPartOf\":{\"@id\":\"https:\\\/\\\/pmza.sk\\\/#website\"},\"primaryImageOfPage\":{\"@id\":\"https:\\\/\\\/pmza.sk\\\/?p=16892#primaryimage\"},\"image\":{\"@id\":\"https:\\\/\\\/pmza.sk\\\/?p=16892#primaryimage\"},\"thumbnailUrl\":\"https:\\\/\\\/pmza.sk\\\/wp-content\\\/uploads\\\/2016\\\/07\\\/BUDATIN_plagat_A3-program.jpg\",\"datePublished\":\"2016-07-12T13:46:17+00:00\",\"breadcrumb\":{\"@id\":\"https:\\\/\\\/pmza.sk\\\/?p=16892#breadcrumb\"},\"inLanguage\":\"sk-SK\",\"potentialAction\":[{\"@type\":\"ReadAction\",\"target\":[\"https:\\\/\\\/pmza.sk\\\/?p=16892\"]}]},{\"@type\":\"ImageObject\",\"inLanguage\":\"sk-SK\",\"@id\":\"https:\\\/\\\/pmza.sk\\\/?p=16892#primaryimage\",\"url\":\"https:\\\/\\\/pmza.sk\\\/wp-content\\\/uploads\\\/2016\\\/07\\\/BUDATIN_plagat_A3-program.jpg\",\"contentUrl\":\"https:\\\/\\\/pmza.sk\\\/wp-content\\\/uploads\\\/2016\\\/07\\\/BUDATIN_plagat_A3-program.jpg\",\"width\":1169,\"height\":1639},{\"@type\":\"BreadcrumbList\",\"@id\":\"https:\\\/\\\/pmza.sk\\\/?p=16892#breadcrumb\",\"itemListElement\":[{\"@type\":\"ListItem\",\"position\":1,\"name\":\"Domovsk\u00e1 str\u00e1nka\",\"item\":\"https:\\\/\\\/pmza.sk\\\/\"},{\"@type\":\"ListItem\",\"position\":2,\"name\":\"Sl\u00e1vnostn\u00e9 otvorenie Budat\u00ednskeho hradu &#8211; 31. 7. 2016\"}]},{\"@type\":\"WebSite\",\"@id\":\"https:\\\/\\\/pmza.sk\\\/#website\",\"url\":\"https:\\\/\\\/pmza.sk\\\/\",\"name\":\"Pova\u017esk\u00e9 m\u00fazeum\",\"description\":\"Pova\u017esk\u00e9 m\u00fazeum v \u017diline je region\u00e1lne m\u00fazeum so s\u00eddlom v Budat\u00edne. Jeho expoz\u00edcie s\u00fa zameran\u00e9 na dejiny slovensk\u00e9ho umenia, kult\u00fary a dopravy.\",\"publisher\":{\"@id\":\"https:\\\/\\\/pmza.sk\\\/#organization\"},\"potentialAction\":[{\"@type\":\"SearchAction\",\"target\":{\"@type\":\"EntryPoint\",\"urlTemplate\":\"https:\\\/\\\/pmza.sk\\\/?s={search_term_string}\"},\"query-input\":{\"@type\":\"PropertyValueSpecification\",\"valueRequired\":true,\"valueName\":\"search_term_string\"}}],\"inLanguage\":\"sk-SK\"},{\"@type\":\"Organization\",\"@id\":\"https:\\\/\\\/pmza.sk\\\/#organization\",\"name\":\"Pova\u017esk\u00e9 m\u00fazeum\",\"url\":\"https:\\\/\\\/pmza.sk\\\/\",\"logo\":{\"@type\":\"ImageObject\",\"inLanguage\":\"sk-SK\",\"@id\":\"https:\\\/\\\/pmza.sk\\\/#\\\/schema\\\/logo\\\/image\\\/\",\"url\":\"https:\\\/\\\/pmza.sk\\\/wp-content\\\/uploads\\\/2022\\\/01\\\/logo_PM_horizontal.jpg\",\"contentUrl\":\"https:\\\/\\\/pmza.sk\\\/wp-content\\\/uploads\\\/2022\\\/01\\\/logo_PM_horizontal.jpg\",\"width\":231,\"height\":142,\"caption\":\"Pova\u017esk\u00e9 m\u00fazeum\"},\"image\":{\"@id\":\"https:\\\/\\\/pmza.sk\\\/#\\\/schema\\\/logo\\\/image\\\/\"},\"sameAs\":[\"https:\\\/\\\/www.facebook.com\\\/povazskemuzeum\",\"https:\\\/\\\/www.instagram.com\\\/povazskemuzeum\\\/\"]},{\"@type\":\"Person\",\"@id\":\"https:\\\/\\\/pmza.sk\\\/#\\\/schema\\\/person\\\/595e6a2ce731ea94dcd5d7f50a41ae33\",\"name\":\"Pova\u017esk\u00e9 m\u00fazeum\",\"image\":{\"@type\":\"ImageObject\",\"inLanguage\":\"sk-SK\",\"@id\":\"https:\\\/\\\/secure.gravatar.com\\\/avatar\\\/2bb7f1561282132fb5826dfeccc66c7996d11ee392ac6aaf7ced8a1c2027fbb2?s=96&d=mm&r=g\",\"url\":\"https:\\\/\\\/secure.gravatar.com\\\/avatar\\\/2bb7f1561282132fb5826dfeccc66c7996d11ee392ac6aaf7ced8a1c2027fbb2?s=96&d=mm&r=g\",\"contentUrl\":\"https:\\\/\\\/secure.gravatar.com\\\/avatar\\\/2bb7f1561282132fb5826dfeccc66c7996d11ee392ac6aaf7ced8a1c2027fbb2?s=96&d=mm&r=g\",\"caption\":\"Pova\u017esk\u00e9 m\u00fazeum\"}}]}<\/script>\n<!-- \/ Yoast SEO plugin. -->","yoast_head_json":{"title":"Sl\u00e1vnostn\u00e9 otvorenie Budat\u00ednskeho hradu - 31. 7. 2016 - Pova\u017esk\u00e9 m\u00fazeum","robots":{"index":"index","follow":"follow","max-snippet":"max-snippet:-1","max-image-preview":"max-image-preview:large","max-video-preview":"max-video-preview:-1"},"canonical":"https:\/\/pmza.sk\/?p=16892","og_locale":"sk_SK","og_type":"article","og_title":"Sl\u00e1vnostn\u00e9 otvorenie Budat\u00ednskeho hradu - 31. 7. 2016 - Pova\u017esk\u00e9 m\u00fazeum","og_description":"Pova\u017esk\u00e9 m\u00fazeum v\u00a0\u017diline v\u00a0zria\u010fovate\u013eskej p\u00f4sobnosti \u017dilinsk\u00e9ho samospr\u00e1vneho kraja v\u00a0nede\u013eu, 31. j\u00fala 2016 napoludnie sl\u00e1vnostne otvor\u00ed Budat\u00ednsky hrad. Pripraven\u00fd je bohat\u00fd sprievodn\u00fd program. Na ve\u017ei kaplnky Budat\u00ednskeho hradu sa u\u017e predpoludn\u00edm rozozvu\u010d\u00ed nov\u00fd zvon, ktor\u00fd ohl\u00e1si do \u0161irok\u00e9ho okolia, \u017ee priestory Kaplnky s\u00fa otvoren\u00e9 pre verejnos\u0165. Interi\u00e9r priestorov ozvl\u00e1\u0161tni virtu\u00e1lna prehliadka cel\u00e9ho are\u00e1lu pre imobiln\u00fdch n\u00e1v\u0161tevn\u00edkov [&hellip;]","og_url":"https:\/\/pmza.sk\/?p=16892","og_site_name":"Pova\u017esk\u00e9 m\u00fazeum","article_publisher":"https:\/\/www.facebook.com\/povazskemuzeum","article_published_time":"2016-07-12T13:46:17+00:00","og_image":[{"width":1169,"height":1639,"url":"https:\/\/pmza.sk\/wp-content\/uploads\/2016\/07\/BUDATIN_plagat_A3-program.jpg","type":"image\/jpeg"}],"author":"Pova\u017esk\u00e9 m\u00fazeum","twitter_card":"summary_large_image","twitter_misc":{"Autor":"Pova\u017esk\u00e9 m\u00fazeum","Predpokladan\u00fd \u010das \u010d\u00edtania":"4 min\u00faty"},"schema":{"@context":"https:\/\/schema.org","@graph":[{"@type":"Article","@id":"https:\/\/pmza.sk\/?p=16892#article","isPartOf":{"@id":"https:\/\/pmza.sk\/?p=16892"},"author":{"name":"Pova\u017esk\u00e9 m\u00fazeum","@id":"https:\/\/pmza.sk\/#\/schema\/person\/595e6a2ce731ea94dcd5d7f50a41ae33"},"headline":"Sl\u00e1vnostn\u00e9 otvorenie Budat\u00ednskeho hradu &#8211; 31. 7. 2016","datePublished":"2016-07-12T13:46:17+00:00","mainEntityOfPage":{"@id":"https:\/\/pmza.sk\/?p=16892"},"wordCount":710,"publisher":{"@id":"https:\/\/pmza.sk\/#organization"},"image":{"@id":"https:\/\/pmza.sk\/?p=16892#primaryimage"},"thumbnailUrl":"https:\/\/pmza.sk\/wp-content\/uploads\/2016\/07\/BUDATIN_plagat_A3-program.jpg","articleSection":["Arch\u00edv 2016"],"inLanguage":"sk-SK"},{"@type":"WebPage","@id":"https:\/\/pmza.sk\/?p=16892","url":"https:\/\/pmza.sk\/?p=16892","name":"Sl\u00e1vnostn\u00e9 otvorenie Budat\u00ednskeho hradu - 31. 7. 2016 - Pova\u017esk\u00e9 m\u00fazeum","isPartOf":{"@id":"https:\/\/pmza.sk\/#website"},"primaryImageOfPage":{"@id":"https:\/\/pmza.sk\/?p=16892#primaryimage"},"image":{"@id":"https:\/\/pmza.sk\/?p=16892#primaryimage"},"thumbnailUrl":"https:\/\/pmza.sk\/wp-content\/uploads\/2016\/07\/BUDATIN_plagat_A3-program.jpg","datePublished":"2016-07-12T13:46:17+00:00","breadcrumb":{"@id":"https:\/\/pmza.sk\/?p=16892#breadcrumb"},"inLanguage":"sk-SK","potentialAction":[{"@type":"ReadAction","target":["https:\/\/pmza.sk\/?p=16892"]}]},{"@type":"ImageObject","inLanguage":"sk-SK","@id":"https:\/\/pmza.sk\/?p=16892#primaryimage","url":"https:\/\/pmza.sk\/wp-content\/uploads\/2016\/07\/BUDATIN_plagat_A3-program.jpg","contentUrl":"https:\/\/pmza.sk\/wp-content\/uploads\/2016\/07\/BUDATIN_plagat_A3-program.jpg","width":1169,"height":1639},{"@type":"BreadcrumbList","@id":"https:\/\/pmza.sk\/?p=16892#breadcrumb","itemListElement":[{"@type":"ListItem","position":1,"name":"Domovsk\u00e1 str\u00e1nka","item":"https:\/\/pmza.sk\/"},{"@type":"ListItem","position":2,"name":"Sl\u00e1vnostn\u00e9 otvorenie Budat\u00ednskeho hradu &#8211; 31. 7. 2016"}]},{"@type":"WebSite","@id":"https:\/\/pmza.sk\/#website","url":"https:\/\/pmza.sk\/","name":"Pova\u017esk\u00e9 m\u00fazeum","description":"Pova\u017esk\u00e9 m\u00fazeum v \u017diline je region\u00e1lne m\u00fazeum so s\u00eddlom v Budat\u00edne. Jeho expoz\u00edcie s\u00fa zameran\u00e9 na dejiny slovensk\u00e9ho umenia, kult\u00fary a dopravy.","publisher":{"@id":"https:\/\/pmza.sk\/#organization"},"potentialAction":[{"@type":"SearchAction","target":{"@type":"EntryPoint","urlTemplate":"https:\/\/pmza.sk\/?s={search_term_string}"},"query-input":{"@type":"PropertyValueSpecification","valueRequired":true,"valueName":"search_term_string"}}],"inLanguage":"sk-SK"},{"@type":"Organization","@id":"https:\/\/pmza.sk\/#organization","name":"Pova\u017esk\u00e9 m\u00fazeum","url":"https:\/\/pmza.sk\/","logo":{"@type":"ImageObject","inLanguage":"sk-SK","@id":"https:\/\/pmza.sk\/#\/schema\/logo\/image\/","url":"https:\/\/pmza.sk\/wp-content\/uploads\/2022\/01\/logo_PM_horizontal.jpg","contentUrl":"https:\/\/pmza.sk\/wp-content\/uploads\/2022\/01\/logo_PM_horizontal.jpg","width":231,"height":142,"caption":"Pova\u017esk\u00e9 m\u00fazeum"},"image":{"@id":"https:\/\/pmza.sk\/#\/schema\/logo\/image\/"},"sameAs":["https:\/\/www.facebook.com\/povazskemuzeum","https:\/\/www.instagram.com\/povazskemuzeum\/"]},{"@type":"Person","@id":"https:\/\/pmza.sk\/#\/schema\/person\/595e6a2ce731ea94dcd5d7f50a41ae33","name":"Pova\u017esk\u00e9 m\u00fazeum","image":{"@type":"ImageObject","inLanguage":"sk-SK","@id":"https:\/\/secure.gravatar.com\/avatar\/2bb7f1561282132fb5826dfeccc66c7996d11ee392ac6aaf7ced8a1c2027fbb2?s=96&d=mm&r=g","url":"https:\/\/secure.gravatar.com\/avatar\/2bb7f1561282132fb5826dfeccc66c7996d11ee392ac6aaf7ced8a1c2027fbb2?s=96&d=mm&r=g","contentUrl":"https:\/\/secure.gravatar.com\/avatar\/2bb7f1561282132fb5826dfeccc66c7996d11ee392ac6aaf7ced8a1c2027fbb2?s=96&d=mm&r=g","caption":"Pova\u017esk\u00e9 m\u00fazeum"}}]}},"_links":{"self":[{"href":"https:\/\/pmza.sk\/index.php?rest_route=\/wp\/v2\/posts\/16892","targetHints":{"allow":["GET"]}}],"collection":[{"href":"https:\/\/pmza.sk\/index.php?rest_route=\/wp\/v2\/posts"}],"about":[{"href":"https:\/\/pmza.sk\/index.php?rest_route=\/wp\/v2\/types\/post"}],"author":[{"embeddable":true,"href":"https:\/\/pmza.sk\/index.php?rest_route=\/wp\/v2\/users\/2"}],"replies":[{"embeddable":true,"href":"https:\/\/pmza.sk\/index.php?rest_route=%2Fwp%2Fv2%2Fcomments&post=16892"}],"version-history":[{"count":0,"href":"https:\/\/pmza.sk\/index.php?rest_route=\/wp\/v2\/posts\/16892\/revisions"}],"wp:featuredmedia":[{"embeddable":true,"href":"https:\/\/pmza.sk\/index.php?rest_route=\/wp\/v2\/media\/16890"}],"wp:attachment":[{"href":"https:\/\/pmza.sk\/index.php?rest_route=%2Fwp%2Fv2%2Fmedia&parent=16892"}],"wp:term":[{"taxonomy":"category","embeddable":true,"href":"https:\/\/pmza.sk\/index.php?rest_route=%2Fwp%2Fv2%2Fcategories&post=16892"},{"taxonomy":"post_tag","embeddable":true,"href":"https:\/\/pmza.sk\/index.php?rest_route=%2Fwp%2Fv2%2Ftags&post=16892"}],"curies":[{"name":"wp","href":"https:\/\/api.w.org\/{rel}","templated":true}]}}