{"id":17072,"date":"2016-08-01T10:33:07","date_gmt":"2016-08-01T08:33:07","guid":{"rendered":"https:\/\/pmza.sk.sk\/?p=17072"},"modified":"2016-08-01T10:33:07","modified_gmt":"2016-08-01T08:33:07","slug":"tisicky-ludi-prisli-otvorit-budatinsky-hrad","status":"publish","type":"post","link":"https:\/\/pmza.sk\/?p=17072","title":{"rendered":"Tis\u00edcky \u013eud\u00ed pri\u0161li otvori\u0165 Budat\u00ednsky hrad (foto + video)"},"content":{"rendered":"<p>Okolo 5-tis\u00edc n\u00e1v\u0161tevn\u00edkov zav\u00edtalo v\u00a0posledn\u00fa j\u00falov\u00fa nede\u013eu na ve\u013ekolep\u00e9 otvorenie Budat\u00ednskeho hradu. Po desiatich rokoch spr\u00edstupnila \u017dilinsk\u00e1 \u017eupa, ako vlastn\u00edk hradu, vn\u00fatorn\u00e9 priestory jednej z\u00a0najstar\u0161\u00edch architektonick\u00fdch pamiatok na \u00fazem\u00ed hlavn\u00e9ho mesta \u017dilinsk\u00e9ho kraja. \u201ePodarilo sa n\u00e1m obnovi\u0165 \u010fal\u0161iu \u010das\u0165 n\u00e1rodnej kult\u00farnej pamiatky Budat\u00ednskeho hradu a\u00a0vytvori\u0165 tak jedine\u010dn\u00fd priestor pre expoz\u00edcie Pova\u017esk\u00e9ho m\u00fazea v\u00a0\u017diline v\u00a0na\u0161ej \u017eupnej p\u00f4sobnosti. Po tom, ako sme od roku 2009 zrekon\u0161truovali Budat\u00ednsky park, hradn\u00fa ve\u017eu a\u00a0jej fas\u00e1du, pre n\u00e1v\u0161tevn\u00edkov sme dnes otvorili aj hradn\u00fa kaplnku a\u00a0samotn\u00fd Budat\u00ednsky hrad,\u201c informoval na sl\u00e1vnostnom podujat\u00ed predseda \u017dSK Juraj Blan\u00e1r. Pod\u013ea jeho slov opravila \u017eupa druh\u00e9 a\u00a0tretie hradn\u00e9 podla\u017eie, ktor\u00e9 milovn\u00edkom hist\u00f3rie odhal\u00ed kabinet kurioz\u00edt, artefakty spojen\u00e9 s\u00a0dejinami mesta \u017dilina, dobov\u00fd n\u00e1bytok, expon\u00e1ty via\u017euce sa na rekon\u0161trukciu hradu, obrazy \u010di mnoho \u010fal\u0161\u00edch zauj\u00edmavost\u00ed. Riadite\u013eka Pova\u017esk\u00e9ho m\u00fazea v\u00a0\u017diline (PMZA) Zuzana Kme\u0165ov\u00e1 z\u00e1rove\u0148 doplnila, na \u010do sa m\u00f4\u017eu z\u00e1ujemcovia te\u0161i\u0165 najviac: \u201eVytvorili sme tu nov\u00fd priestor pre \u013eud\u00ed a\u00a0s\u00a0rados\u0165ou m\u00f4\u017eem poveda\u0165, \u017ee v\u00a0hrade sme spr\u00edstupnili aj jedine\u010dn\u00fa a\u00a0dlho o\u010dak\u00e1van\u00fa expoz\u00edciu drot\u00e1rstva.\u201c Po\u010das pr\u00e1c sa obnovilo takmer tis\u00edc metrov \u0161tvorcov\u00fdch, zrealizovali sa nov\u00e9 podlahy, v\u00fdmena okien a\u00a0dver\u00ed, elektroin\u0161tal\u00e1cia, \u00fastredn\u00e9 k\u00farenie, vetranie, klimatiz\u00e1cia a\u00a0zre\u0161taurovali sa v\u0161etky omietky. \u201eCel\u00e1 rekon\u0161trukcia bola vo v\u00fd\u0161ke viac ako mili\u00f3n eur a\u00a0podarilo sa n\u00e1m ju zrealizova\u0165 prostredn\u00edctvom eurofondov a\u00a0na\u0161ich zdrojov,\u201c pribl\u00ed\u017eil \u017eilinsk\u00fd \u017eupan.<\/p>\n<p>\u201eNov\u00fa tv\u00e1r z\u00edskala rovnako i barokov\u00e1 kaplnka z\u00a0roku 1745. Je klenotom n\u00e1\u0161ho are\u00e1lu a\u00a0pon\u00fakne nielen sakr\u00e1lne umenie, ale taktie\u017e virtu\u00e1lnu prehliadku, ktor\u00e1 umo\u017en\u00ed aj imobiln\u00fdm z\u00e1ujemcom absolvova\u0165 pomyseln\u00fa n\u00e1v\u0161tevu hradu, ve\u017ee a okolia,\u201c dodala \u010falej Z. Kme\u0165ov\u00e1. \u017dupa spolu s\u00a0N\u00f3rskym finan\u010dn\u00fdm mechanizmom investovala do premeny hradnej kaplnky 522-tis\u00edc eur. \u201ePod\u013ea zachovan\u00fdch origin\u00e1lov sme zrekon\u0161truovali dvere, vybudovali sme bezbari\u00e9rov\u00fd pr\u00edstup, osadili nov\u00fa dla\u017ebu a\u00a0zre\u0161taurovali p\u00f4vodn\u00e9 v\u00fdma\u013eby na sten\u00e1ch. Vymenen\u00e9 boli tie\u017e okn\u00e1, vznikla prezenta\u010dn\u00e1 miestnos\u0165 s\u00a0virtu\u00e1lnou prehliadkou, pribudli nov\u00e9 rozvody, vykurovanie, vzduchotechnika, zabezpe\u010dovac\u00ed syst\u00e9m, zrepasovalo sa p\u00f4vodn\u00e9 to\u010dit\u00e9 schodisko, kaplnka z\u00edskala \u00faplne nov\u00fa strechu a\u00a0zrekon\u0161truovan\u00e9 boli z\u00e1rove\u0148 i\u00a0vonkaj\u0161ie omietky,\u201c informovala riadite\u013eka PMZA.<\/p>\n<p>Ako pribl\u00ed\u017eila z\u00e1stupky\u0148a N\u00f3rskeho ve\u013evyslanectva na Slovensku Eva Ga\u0161peranov\u00e1, oprava Budat\u00ednskeho hradu sa uskuto\u010dnila v\u00a0r\u00e1mci druh\u00e9ho obdobia n\u00f3rskych fondov, kedy pri\u0161lo na Slovensko 80 mil. eur, z\u00a0ktor\u00fdch a\u017e 12 mil. eur bolo ur\u010den\u00fdch na obnovu kult\u00farnych pamiatok. \u201eV r\u00e1mci tohto objemu m\u00e1me 21 pamiatok na \u00fazem\u00ed Slovenska a\u00a0te\u0161\u00ed ma, \u017ee jednou z\u00a0nich je tak kr\u00e1sny priestor, ako je Budat\u00ednsky hrad, ktor\u00fd sa po dlh\u00fdch rokoch otvoril pre verejnos\u0165. Je to miesto, ktor\u00e9 \u017eije a\u00a0je prirodzene nav\u0161tevovan\u00e9,\u201c uviedla E. Ga\u0161peranov\u00e1.<\/p>\n<p>Pod\u013ea slov \u017eilinsk\u00e9ho \u017eupana je v\u00a0Budat\u00ednskom hrade v\u0161ak st\u00e1le \u010do robi\u0165. \u201eOst\u00e1va n\u00e1m zrekon\u0161truova\u0165 a\u00a0dobudova\u0165 hospod\u00e1rsku budovu, \u010fal\u0161ie podla\u017eia hradu i\u00a0n\u00e1dvorie. Zatia\u013e sme tu investovali u\u017e takmer p\u00e4\u0165 mil. eur a\u00a0na dokon\u010denie n\u00e1m ch\u00fdbaj\u00fa e\u0161te okolo dva mil. eur,\u201c pribl\u00ed\u017eil J. Blan\u00e1r. Z\u00a0vlastn\u00e9ho rozpo\u010dtu chce \u017dSK dokon\u010di\u0165 obnovy omietok ju\u017enej \u010dasti hradu a\u00a0n\u00e1sledne pokra\u010dova\u0165 v\u00a0oprave severnej strany. \u017dupan ver\u00ed, \u017ee rekon\u0161trukcia Budat\u00ednskeho hradu pril\u00e1ka postupne \u010doraz viac n\u00e1v\u0161tevn\u00edkov.<\/p>\n<p>&nbsp;<\/p>\n<p style=\"text-align: right;\"><strong>Lenka Z\u00e1tekov\u00e1<br \/>hovorky\u0148a \u017dSK<\/strong><\/p>\n<figure id=\"attachment_17071\" aria-describedby=\"caption-attachment-17071\" style=\"width: 200px\" class=\"wp-caption aligncenter\"><a href=\"https:\/\/pmza.sk\/wp-content\/uploads\/2016\/08\/ZSK_Zilinsky-zupan-Juraj-Blanar-otvoril-spolu-s-riaditelkou-muzea-Zuzanou-Kmetovou-unikatne-priestory-Budatinskeho-hradu.jpg\"><img fetchpriority=\"high\" decoding=\"async\" class=\"wp-image-17071 size-medium\" src=\"https:\/\/pmza.sk.sk\/wp-content\/uploads\/2016\/08\/\u017dSK_\u017dilinsk\u00fd-\u017eupan-Juraj-Blan\u00e1r-otvoril-spolu-s-riadite\u013ekou-m\u00fazea-Zuzanou-Kme\u0165ovou-unik\u00e1tne-priestory-Budat\u00ednskeho-hradu-200x300.jpg\" alt=\"\u017dilinsk\u00fd \u017eupan Juraj Blan\u00e1r otvoril spolu s riadite\u013ekou m\u00fazea Zuzanou Kme\u0165ovou unik\u00e1tne priestory Budat\u00ednskeho hradu\" width=\"200\" height=\"300\" \/><\/a><figcaption id=\"caption-attachment-17071\" class=\"wp-caption-text\">\u017dilinsk\u00fd \u017eupan Juraj Blan\u00e1r otvoril spolu s riadite\u013ekou m\u00fazea Zuzanou Kme\u0165ovou unik\u00e1tne priestory Budat\u00ednskeho hradu<\/figcaption><\/figure>\n<figure id=\"attachment_17068\" aria-describedby=\"caption-attachment-17068\" style=\"width: 300px\" class=\"wp-caption aligncenter\"><a href=\"https:\/\/pmza.sk\/wp-content\/uploads\/2016\/08\/ZSK_Novu-tvar-dostala-aj-hradna-kaplnka-z-roku-1745.jpg\"><img decoding=\"async\" class=\"wp-image-17068 size-medium\" src=\"https:\/\/pmza.sk.sk\/wp-content\/uploads\/2016\/08\/\u017dSK_Bezplatn\u00e9-prehliadky-hradu-boli-zaplnen\u00e9-a\u017e-do-ve\u010dern\u00fdch-hod\u00edn-300x200.jpg\" alt=\"Bezplatn\u00e9 prehliadky hradu boli zaplnen\u00e9 a\u017e do ve\u010dern\u00fdch hod\u00edn\" width=\"300\" height=\"200\" \/><\/a><figcaption id=\"caption-attachment-17068\" class=\"wp-caption-text\">Bezplatn\u00e9 prehliadky hradu boli zaplnen\u00e9 a\u017e do ve\u010dern\u00fdch hod\u00edn<\/figcaption><\/figure>\n<figure id=\"attachment_17070\" aria-describedby=\"caption-attachment-17070\" style=\"width: 200px\" class=\"wp-caption aligncenter\"><a href=\"https:\/\/pmza.sk\/wp-content\/uploads\/2016\/08\/ZSK_Novu-tvar-dostala-aj-hradna-kaplnka-z-roku-1745.jpg\"><img decoding=\"async\" class=\"wp-image-17070 size-medium\" src=\"https:\/\/pmza.sk.sk\/wp-content\/uploads\/2016\/08\/\u017dSK_Nov\u00fa-tv\u00e1r-dostala-aj-hradn\u00e1-kaplnka-z-roku-1745-200x300.jpg\" alt=\"Nov\u00fa tv\u00e1r dostala aj hradn\u00e1 kaplnka z roku 1745\" width=\"200\" height=\"300\" \/><\/a><figcaption id=\"caption-attachment-17070\" class=\"wp-caption-text\">Nov\u00fa tv\u00e1r dostala aj hradn\u00e1 kaplnka z roku 1745<\/figcaption><\/figure>\n<figure id=\"attachment_17069\" aria-describedby=\"caption-attachment-17069\" style=\"width: 300px\" class=\"wp-caption aligncenter\"><a href=\"https:\/\/pmza.sk\/wp-content\/uploads\/2016\/08\/ZSK_Do-slavnostneho-sprievodu-sa-zapojili-i-navstevnici.jpg\"><img loading=\"lazy\" decoding=\"async\" class=\"wp-image-17069 size-medium\" src=\"https:\/\/pmza.sk.sk\/wp-content\/uploads\/2016\/08\/\u017dSK_Do-sl\u00e1vnostn\u00e9ho-sprievodu-sa-zapojili-i-n\u00e1v\u0161tevn\u00edci-300x200.jpg\" alt=\"Do sl\u00e1vnostn\u00e9ho sprievodu sa zapojili i n\u00e1v\u0161tevn\u00edci\" width=\"300\" height=\"200\" \/><\/a><figcaption id=\"caption-attachment-17069\" class=\"wp-caption-text\">Do sl\u00e1vnostn\u00e9ho sprievodu sa zapojili i n\u00e1v\u0161tevn\u00edci<\/figcaption><\/figure>\n<p style=\"text-align: left;\"><a href=\"https:\/\/pmza.sk.sk\/fotogaleria\/gallery\/otvorenie-budatinskeho-hradu-a-kaplnky-31-7-2016\/#fotogaleria\"> FOTOGAL\u00c9RIA<\/a><\/p>\n<p style=\"text-align: left;\"><a href=\"https:\/\/www.youtube.com\/watch?v=P6mp29iFsOw\">VIDEO<\/a><\/p>\n","protected":false},"excerpt":{"rendered":"<p>Okolo 5-tis\u00edc n\u00e1v\u0161tevn\u00edkov zav\u00edtalo v\u00a0posledn\u00fa j\u00falov\u00fa nede\u013eu na ve\u013ekolep\u00e9 otvorenie Budat\u00ednskeho hradu. Po desiatich rokoch spr\u00edstupnila \u017dilinsk\u00e1 \u017eupa, ako vlastn\u00edk hradu, vn\u00fatorn\u00e9 priestory jednej z\u00a0najstar\u0161\u00edch architektonick\u00fdch pamiatok na \u00fazem\u00ed hlavn\u00e9ho mesta \u017dilinsk\u00e9ho kraja. \u201ePodarilo sa n\u00e1m obnovi\u0165 \u010fal\u0161iu \u010das\u0165 n\u00e1rodnej kult\u00farnej pamiatky Budat\u00ednskeho hradu a\u00a0vytvori\u0165 tak jedine\u010dn\u00fd priestor pre expoz\u00edcie Pova\u017esk\u00e9ho m\u00fazea v\u00a0\u017diline v\u00a0na\u0161ej \u017eupnej [&hellip;]<\/p>\n","protected":false},"author":2,"featured_media":17069,"comment_status":"closed","ping_status":"closed","sticky":false,"template":"","format":"standard","meta":{"site-sidebar-layout":"default","site-content-layout":"","ast-site-content-layout":"","site-content-style":"default","site-sidebar-style":"default","ast-global-header-display":"","ast-banner-title-visibility":"","ast-main-header-display":"","ast-hfb-above-header-display":"","ast-hfb-below-header-display":"","ast-hfb-mobile-header-display":"","site-post-title":"","ast-breadcrumbs-content":"","ast-featured-img":"","footer-sml-layout":"","theme-transparent-header-meta":"","adv-header-id-meta":"","stick-header-meta":"","header-above-stick-meta":"","header-main-stick-meta":"","header-below-stick-meta":"","astra-migrate-meta-layouts":"default","ast-page-background-enabled":"default","ast-page-background-meta":{"desktop":{"background-color":"var(--ast-global-color-4)","background-image":"","background-repeat":"repeat","background-position":"center center","background-size":"auto","background-attachment":"scroll","background-type":"","background-media":"","overlay-type":"","overlay-color":"","overlay-opacity":"","overlay-gradient":""},"tablet":{"background-color":"","background-image":"","background-repeat":"repeat","background-position":"center center","background-size":"auto","background-attachment":"scroll","background-type":"","background-media":"","overlay-type":"","overlay-color":"","overlay-opacity":"","overlay-gradient":""},"mobile":{"background-color":"","background-image":"","background-repeat":"repeat","background-position":"center center","background-size":"auto","background-attachment":"scroll","background-type":"","background-media":"","overlay-type":"","overlay-color":"","overlay-opacity":"","overlay-gradient":""}},"ast-content-background-meta":{"desktop":{"background-color":"var(--ast-global-color-5)","background-image":"","background-repeat":"repeat","background-position":"center center","background-size":"auto","background-attachment":"scroll","background-type":"","background-media":"","overlay-type":"","overlay-color":"","overlay-opacity":"","overlay-gradient":""},"tablet":{"background-color":"var(--ast-global-color-5)","background-image":"","background-repeat":"repeat","background-position":"center center","background-size":"auto","background-attachment":"scroll","background-type":"","background-media":"","overlay-type":"","overlay-color":"","overlay-opacity":"","overlay-gradient":""},"mobile":{"background-color":"var(--ast-global-color-5)","background-image":"","background-repeat":"repeat","background-position":"center center","background-size":"auto","background-attachment":"scroll","background-type":"","background-media":"","overlay-type":"","overlay-color":"","overlay-opacity":"","overlay-gradient":""}},"footnotes":""},"categories":[50],"tags":[],"class_list":["post-17072","post","type-post","status-publish","format-standard","has-post-thumbnail","hentry","category-archiv-2016"],"yoast_head":"<!-- This site is optimized with the Yoast SEO plugin v27.4 - https:\/\/yoast.com\/product\/yoast-seo-wordpress\/ -->\n<title>Tis\u00edcky \u013eud\u00ed pri\u0161li otvori\u0165 Budat\u00ednsky hrad (foto + video) - Pova\u017esk\u00e9 m\u00fazeum<\/title>\n<meta name=\"robots\" content=\"index, follow, max-snippet:-1, max-image-preview:large, max-video-preview:-1\" \/>\n<link rel=\"canonical\" href=\"https:\/\/pmza.sk\/?p=17072\" \/>\n<meta property=\"og:locale\" content=\"sk_SK\" \/>\n<meta property=\"og:type\" content=\"article\" \/>\n<meta property=\"og:title\" content=\"Tis\u00edcky \u013eud\u00ed pri\u0161li otvori\u0165 Budat\u00ednsky hrad (foto + video) - Pova\u017esk\u00e9 m\u00fazeum\" \/>\n<meta property=\"og:description\" content=\"Okolo 5-tis\u00edc n\u00e1v\u0161tevn\u00edkov zav\u00edtalo v\u00a0posledn\u00fa j\u00falov\u00fa nede\u013eu na ve\u013ekolep\u00e9 otvorenie Budat\u00ednskeho hradu. Po desiatich rokoch spr\u00edstupnila \u017dilinsk\u00e1 \u017eupa, ako vlastn\u00edk hradu, vn\u00fatorn\u00e9 priestory jednej z\u00a0najstar\u0161\u00edch architektonick\u00fdch pamiatok na \u00fazem\u00ed hlavn\u00e9ho mesta \u017dilinsk\u00e9ho kraja. \u201ePodarilo sa n\u00e1m obnovi\u0165 \u010fal\u0161iu \u010das\u0165 n\u00e1rodnej kult\u00farnej pamiatky Budat\u00ednskeho hradu a\u00a0vytvori\u0165 tak jedine\u010dn\u00fd priestor pre expoz\u00edcie Pova\u017esk\u00e9ho m\u00fazea v\u00a0\u017diline v\u00a0na\u0161ej \u017eupnej [&hellip;]\" \/>\n<meta property=\"og:url\" content=\"https:\/\/pmza.sk\/?p=17072\" \/>\n<meta property=\"og:site_name\" content=\"Pova\u017esk\u00e9 m\u00fazeum\" \/>\n<meta property=\"article:publisher\" content=\"https:\/\/www.facebook.com\/povazskemuzeum\" \/>\n<meta property=\"article:published_time\" content=\"2016-08-01T08:33:07+00:00\" \/>\n<meta property=\"og:image\" content=\"https:\/\/pmza.sk\/wp-content\/uploads\/2016\/08\/ZSK_Do-slavnostneho-sprievodu-sa-zapojili-i-navstevnici.jpg\" \/>\n\t<meta property=\"og:image:width\" content=\"1024\" \/>\n\t<meta property=\"og:image:height\" content=\"683\" \/>\n\t<meta property=\"og:image:type\" content=\"image\/jpeg\" \/>\n<meta name=\"author\" content=\"Pova\u017esk\u00e9 m\u00fazeum\" \/>\n<meta name=\"twitter:card\" content=\"summary_large_image\" \/>\n<meta name=\"twitter:label1\" content=\"Autor\" \/>\n\t<meta name=\"twitter:data1\" content=\"Pova\u017esk\u00e9 m\u00fazeum\" \/>\n\t<meta name=\"twitter:label2\" content=\"Predpokladan\u00fd \u010das \u010d\u00edtania\" \/>\n\t<meta name=\"twitter:data2\" content=\"4 min\u00faty\" \/>\n<script type=\"application\/ld+json\" class=\"yoast-schema-graph\">{\"@context\":\"https:\\\/\\\/schema.org\",\"@graph\":[{\"@type\":\"Article\",\"@id\":\"https:\\\/\\\/pmza.sk\\\/?p=17072#article\",\"isPartOf\":{\"@id\":\"https:\\\/\\\/pmza.sk\\\/?p=17072\"},\"author\":{\"name\":\"Pova\u017esk\u00e9 m\u00fazeum\",\"@id\":\"https:\\\/\\\/pmza.sk\\\/#\\\/schema\\\/person\\\/595e6a2ce731ea94dcd5d7f50a41ae33\"},\"headline\":\"Tis\u00edcky \u013eud\u00ed pri\u0161li otvori\u0165 Budat\u00ednsky hrad (foto + video)\",\"datePublished\":\"2016-08-01T08:33:07+00:00\",\"mainEntityOfPage\":{\"@id\":\"https:\\\/\\\/pmza.sk\\\/?p=17072\"},\"wordCount\":764,\"publisher\":{\"@id\":\"https:\\\/\\\/pmza.sk\\\/#organization\"},\"image\":{\"@id\":\"https:\\\/\\\/pmza.sk\\\/?p=17072#primaryimage\"},\"thumbnailUrl\":\"https:\\\/\\\/pmza.sk\\\/wp-content\\\/uploads\\\/2016\\\/08\\\/ZSK_Do-slavnostneho-sprievodu-sa-zapojili-i-navstevnici.jpg\",\"articleSection\":[\"Arch\u00edv 2016\"],\"inLanguage\":\"sk-SK\"},{\"@type\":\"WebPage\",\"@id\":\"https:\\\/\\\/pmza.sk\\\/?p=17072\",\"url\":\"https:\\\/\\\/pmza.sk\\\/?p=17072\",\"name\":\"Tis\u00edcky \u013eud\u00ed pri\u0161li otvori\u0165 Budat\u00ednsky hrad (foto + video) - Pova\u017esk\u00e9 m\u00fazeum\",\"isPartOf\":{\"@id\":\"https:\\\/\\\/pmza.sk\\\/#website\"},\"primaryImageOfPage\":{\"@id\":\"https:\\\/\\\/pmza.sk\\\/?p=17072#primaryimage\"},\"image\":{\"@id\":\"https:\\\/\\\/pmza.sk\\\/?p=17072#primaryimage\"},\"thumbnailUrl\":\"https:\\\/\\\/pmza.sk\\\/wp-content\\\/uploads\\\/2016\\\/08\\\/ZSK_Do-slavnostneho-sprievodu-sa-zapojili-i-navstevnici.jpg\",\"datePublished\":\"2016-08-01T08:33:07+00:00\",\"breadcrumb\":{\"@id\":\"https:\\\/\\\/pmza.sk\\\/?p=17072#breadcrumb\"},\"inLanguage\":\"sk-SK\",\"potentialAction\":[{\"@type\":\"ReadAction\",\"target\":[\"https:\\\/\\\/pmza.sk\\\/?p=17072\"]}]},{\"@type\":\"ImageObject\",\"inLanguage\":\"sk-SK\",\"@id\":\"https:\\\/\\\/pmza.sk\\\/?p=17072#primaryimage\",\"url\":\"https:\\\/\\\/pmza.sk\\\/wp-content\\\/uploads\\\/2016\\\/08\\\/ZSK_Do-slavnostneho-sprievodu-sa-zapojili-i-navstevnici.jpg\",\"contentUrl\":\"https:\\\/\\\/pmza.sk\\\/wp-content\\\/uploads\\\/2016\\\/08\\\/ZSK_Do-slavnostneho-sprievodu-sa-zapojili-i-navstevnici.jpg\",\"width\":1024,\"height\":683},{\"@type\":\"BreadcrumbList\",\"@id\":\"https:\\\/\\\/pmza.sk\\\/?p=17072#breadcrumb\",\"itemListElement\":[{\"@type\":\"ListItem\",\"position\":1,\"name\":\"Domovsk\u00e1 str\u00e1nka\",\"item\":\"https:\\\/\\\/pmza.sk\\\/\"},{\"@type\":\"ListItem\",\"position\":2,\"name\":\"Tis\u00edcky \u013eud\u00ed pri\u0161li otvori\u0165 Budat\u00ednsky hrad (foto + video)\"}]},{\"@type\":\"WebSite\",\"@id\":\"https:\\\/\\\/pmza.sk\\\/#website\",\"url\":\"https:\\\/\\\/pmza.sk\\\/\",\"name\":\"Pova\u017esk\u00e9 m\u00fazeum\",\"description\":\"Pova\u017esk\u00e9 m\u00fazeum v \u017diline je region\u00e1lne m\u00fazeum so s\u00eddlom v Budat\u00edne. Jeho expoz\u00edcie s\u00fa zameran\u00e9 na dejiny slovensk\u00e9ho umenia, kult\u00fary a dopravy.\",\"publisher\":{\"@id\":\"https:\\\/\\\/pmza.sk\\\/#organization\"},\"potentialAction\":[{\"@type\":\"SearchAction\",\"target\":{\"@type\":\"EntryPoint\",\"urlTemplate\":\"https:\\\/\\\/pmza.sk\\\/?s={search_term_string}\"},\"query-input\":{\"@type\":\"PropertyValueSpecification\",\"valueRequired\":true,\"valueName\":\"search_term_string\"}}],\"inLanguage\":\"sk-SK\"},{\"@type\":\"Organization\",\"@id\":\"https:\\\/\\\/pmza.sk\\\/#organization\",\"name\":\"Pova\u017esk\u00e9 m\u00fazeum\",\"url\":\"https:\\\/\\\/pmza.sk\\\/\",\"logo\":{\"@type\":\"ImageObject\",\"inLanguage\":\"sk-SK\",\"@id\":\"https:\\\/\\\/pmza.sk\\\/#\\\/schema\\\/logo\\\/image\\\/\",\"url\":\"https:\\\/\\\/pmza.sk\\\/wp-content\\\/uploads\\\/2022\\\/01\\\/logo_PM_horizontal.jpg\",\"contentUrl\":\"https:\\\/\\\/pmza.sk\\\/wp-content\\\/uploads\\\/2022\\\/01\\\/logo_PM_horizontal.jpg\",\"width\":231,\"height\":142,\"caption\":\"Pova\u017esk\u00e9 m\u00fazeum\"},\"image\":{\"@id\":\"https:\\\/\\\/pmza.sk\\\/#\\\/schema\\\/logo\\\/image\\\/\"},\"sameAs\":[\"https:\\\/\\\/www.facebook.com\\\/povazskemuzeum\",\"https:\\\/\\\/www.instagram.com\\\/povazskemuzeum\\\/\"]},{\"@type\":\"Person\",\"@id\":\"https:\\\/\\\/pmza.sk\\\/#\\\/schema\\\/person\\\/595e6a2ce731ea94dcd5d7f50a41ae33\",\"name\":\"Pova\u017esk\u00e9 m\u00fazeum\",\"image\":{\"@type\":\"ImageObject\",\"inLanguage\":\"sk-SK\",\"@id\":\"https:\\\/\\\/secure.gravatar.com\\\/avatar\\\/2bb7f1561282132fb5826dfeccc66c7996d11ee392ac6aaf7ced8a1c2027fbb2?s=96&d=mm&r=g\",\"url\":\"https:\\\/\\\/secure.gravatar.com\\\/avatar\\\/2bb7f1561282132fb5826dfeccc66c7996d11ee392ac6aaf7ced8a1c2027fbb2?s=96&d=mm&r=g\",\"contentUrl\":\"https:\\\/\\\/secure.gravatar.com\\\/avatar\\\/2bb7f1561282132fb5826dfeccc66c7996d11ee392ac6aaf7ced8a1c2027fbb2?s=96&d=mm&r=g\",\"caption\":\"Pova\u017esk\u00e9 m\u00fazeum\"}}]}<\/script>\n<!-- \/ Yoast SEO plugin. -->","yoast_head_json":{"title":"Tis\u00edcky \u013eud\u00ed pri\u0161li otvori\u0165 Budat\u00ednsky hrad (foto + video) - Pova\u017esk\u00e9 m\u00fazeum","robots":{"index":"index","follow":"follow","max-snippet":"max-snippet:-1","max-image-preview":"max-image-preview:large","max-video-preview":"max-video-preview:-1"},"canonical":"https:\/\/pmza.sk\/?p=17072","og_locale":"sk_SK","og_type":"article","og_title":"Tis\u00edcky \u013eud\u00ed pri\u0161li otvori\u0165 Budat\u00ednsky hrad (foto + video) - Pova\u017esk\u00e9 m\u00fazeum","og_description":"Okolo 5-tis\u00edc n\u00e1v\u0161tevn\u00edkov zav\u00edtalo v\u00a0posledn\u00fa j\u00falov\u00fa nede\u013eu na ve\u013ekolep\u00e9 otvorenie Budat\u00ednskeho hradu. Po desiatich rokoch spr\u00edstupnila \u017dilinsk\u00e1 \u017eupa, ako vlastn\u00edk hradu, vn\u00fatorn\u00e9 priestory jednej z\u00a0najstar\u0161\u00edch architektonick\u00fdch pamiatok na \u00fazem\u00ed hlavn\u00e9ho mesta \u017dilinsk\u00e9ho kraja. \u201ePodarilo sa n\u00e1m obnovi\u0165 \u010fal\u0161iu \u010das\u0165 n\u00e1rodnej kult\u00farnej pamiatky Budat\u00ednskeho hradu a\u00a0vytvori\u0165 tak jedine\u010dn\u00fd priestor pre expoz\u00edcie Pova\u017esk\u00e9ho m\u00fazea v\u00a0\u017diline v\u00a0na\u0161ej \u017eupnej [&hellip;]","og_url":"https:\/\/pmza.sk\/?p=17072","og_site_name":"Pova\u017esk\u00e9 m\u00fazeum","article_publisher":"https:\/\/www.facebook.com\/povazskemuzeum","article_published_time":"2016-08-01T08:33:07+00:00","og_image":[{"width":1024,"height":683,"url":"https:\/\/pmza.sk\/wp-content\/uploads\/2016\/08\/ZSK_Do-slavnostneho-sprievodu-sa-zapojili-i-navstevnici.jpg","type":"image\/jpeg"}],"author":"Pova\u017esk\u00e9 m\u00fazeum","twitter_card":"summary_large_image","twitter_misc":{"Autor":"Pova\u017esk\u00e9 m\u00fazeum","Predpokladan\u00fd \u010das \u010d\u00edtania":"4 min\u00faty"},"schema":{"@context":"https:\/\/schema.org","@graph":[{"@type":"Article","@id":"https:\/\/pmza.sk\/?p=17072#article","isPartOf":{"@id":"https:\/\/pmza.sk\/?p=17072"},"author":{"name":"Pova\u017esk\u00e9 m\u00fazeum","@id":"https:\/\/pmza.sk\/#\/schema\/person\/595e6a2ce731ea94dcd5d7f50a41ae33"},"headline":"Tis\u00edcky \u013eud\u00ed pri\u0161li otvori\u0165 Budat\u00ednsky hrad (foto + video)","datePublished":"2016-08-01T08:33:07+00:00","mainEntityOfPage":{"@id":"https:\/\/pmza.sk\/?p=17072"},"wordCount":764,"publisher":{"@id":"https:\/\/pmza.sk\/#organization"},"image":{"@id":"https:\/\/pmza.sk\/?p=17072#primaryimage"},"thumbnailUrl":"https:\/\/pmza.sk\/wp-content\/uploads\/2016\/08\/ZSK_Do-slavnostneho-sprievodu-sa-zapojili-i-navstevnici.jpg","articleSection":["Arch\u00edv 2016"],"inLanguage":"sk-SK"},{"@type":"WebPage","@id":"https:\/\/pmza.sk\/?p=17072","url":"https:\/\/pmza.sk\/?p=17072","name":"Tis\u00edcky \u013eud\u00ed pri\u0161li otvori\u0165 Budat\u00ednsky hrad (foto + video) - Pova\u017esk\u00e9 m\u00fazeum","isPartOf":{"@id":"https:\/\/pmza.sk\/#website"},"primaryImageOfPage":{"@id":"https:\/\/pmza.sk\/?p=17072#primaryimage"},"image":{"@id":"https:\/\/pmza.sk\/?p=17072#primaryimage"},"thumbnailUrl":"https:\/\/pmza.sk\/wp-content\/uploads\/2016\/08\/ZSK_Do-slavnostneho-sprievodu-sa-zapojili-i-navstevnici.jpg","datePublished":"2016-08-01T08:33:07+00:00","breadcrumb":{"@id":"https:\/\/pmza.sk\/?p=17072#breadcrumb"},"inLanguage":"sk-SK","potentialAction":[{"@type":"ReadAction","target":["https:\/\/pmza.sk\/?p=17072"]}]},{"@type":"ImageObject","inLanguage":"sk-SK","@id":"https:\/\/pmza.sk\/?p=17072#primaryimage","url":"https:\/\/pmza.sk\/wp-content\/uploads\/2016\/08\/ZSK_Do-slavnostneho-sprievodu-sa-zapojili-i-navstevnici.jpg","contentUrl":"https:\/\/pmza.sk\/wp-content\/uploads\/2016\/08\/ZSK_Do-slavnostneho-sprievodu-sa-zapojili-i-navstevnici.jpg","width":1024,"height":683},{"@type":"BreadcrumbList","@id":"https:\/\/pmza.sk\/?p=17072#breadcrumb","itemListElement":[{"@type":"ListItem","position":1,"name":"Domovsk\u00e1 str\u00e1nka","item":"https:\/\/pmza.sk\/"},{"@type":"ListItem","position":2,"name":"Tis\u00edcky \u013eud\u00ed pri\u0161li otvori\u0165 Budat\u00ednsky hrad (foto + video)"}]},{"@type":"WebSite","@id":"https:\/\/pmza.sk\/#website","url":"https:\/\/pmza.sk\/","name":"Pova\u017esk\u00e9 m\u00fazeum","description":"Pova\u017esk\u00e9 m\u00fazeum v \u017diline je region\u00e1lne m\u00fazeum so s\u00eddlom v Budat\u00edne. Jeho expoz\u00edcie s\u00fa zameran\u00e9 na dejiny slovensk\u00e9ho umenia, kult\u00fary a dopravy.","publisher":{"@id":"https:\/\/pmza.sk\/#organization"},"potentialAction":[{"@type":"SearchAction","target":{"@type":"EntryPoint","urlTemplate":"https:\/\/pmza.sk\/?s={search_term_string}"},"query-input":{"@type":"PropertyValueSpecification","valueRequired":true,"valueName":"search_term_string"}}],"inLanguage":"sk-SK"},{"@type":"Organization","@id":"https:\/\/pmza.sk\/#organization","name":"Pova\u017esk\u00e9 m\u00fazeum","url":"https:\/\/pmza.sk\/","logo":{"@type":"ImageObject","inLanguage":"sk-SK","@id":"https:\/\/pmza.sk\/#\/schema\/logo\/image\/","url":"https:\/\/pmza.sk\/wp-content\/uploads\/2022\/01\/logo_PM_horizontal.jpg","contentUrl":"https:\/\/pmza.sk\/wp-content\/uploads\/2022\/01\/logo_PM_horizontal.jpg","width":231,"height":142,"caption":"Pova\u017esk\u00e9 m\u00fazeum"},"image":{"@id":"https:\/\/pmza.sk\/#\/schema\/logo\/image\/"},"sameAs":["https:\/\/www.facebook.com\/povazskemuzeum","https:\/\/www.instagram.com\/povazskemuzeum\/"]},{"@type":"Person","@id":"https:\/\/pmza.sk\/#\/schema\/person\/595e6a2ce731ea94dcd5d7f50a41ae33","name":"Pova\u017esk\u00e9 m\u00fazeum","image":{"@type":"ImageObject","inLanguage":"sk-SK","@id":"https:\/\/secure.gravatar.com\/avatar\/2bb7f1561282132fb5826dfeccc66c7996d11ee392ac6aaf7ced8a1c2027fbb2?s=96&d=mm&r=g","url":"https:\/\/secure.gravatar.com\/avatar\/2bb7f1561282132fb5826dfeccc66c7996d11ee392ac6aaf7ced8a1c2027fbb2?s=96&d=mm&r=g","contentUrl":"https:\/\/secure.gravatar.com\/avatar\/2bb7f1561282132fb5826dfeccc66c7996d11ee392ac6aaf7ced8a1c2027fbb2?s=96&d=mm&r=g","caption":"Pova\u017esk\u00e9 m\u00fazeum"}}]}},"_links":{"self":[{"href":"https:\/\/pmza.sk\/index.php?rest_route=\/wp\/v2\/posts\/17072","targetHints":{"allow":["GET"]}}],"collection":[{"href":"https:\/\/pmza.sk\/index.php?rest_route=\/wp\/v2\/posts"}],"about":[{"href":"https:\/\/pmza.sk\/index.php?rest_route=\/wp\/v2\/types\/post"}],"author":[{"embeddable":true,"href":"https:\/\/pmza.sk\/index.php?rest_route=\/wp\/v2\/users\/2"}],"replies":[{"embeddable":true,"href":"https:\/\/pmza.sk\/index.php?rest_route=%2Fwp%2Fv2%2Fcomments&post=17072"}],"version-history":[{"count":0,"href":"https:\/\/pmza.sk\/index.php?rest_route=\/wp\/v2\/posts\/17072\/revisions"}],"wp:featuredmedia":[{"embeddable":true,"href":"https:\/\/pmza.sk\/index.php?rest_route=\/wp\/v2\/media\/17069"}],"wp:attachment":[{"href":"https:\/\/pmza.sk\/index.php?rest_route=%2Fwp%2Fv2%2Fmedia&parent=17072"}],"wp:term":[{"taxonomy":"category","embeddable":true,"href":"https:\/\/pmza.sk\/index.php?rest_route=%2Fwp%2Fv2%2Fcategories&post=17072"},{"taxonomy":"post_tag","embeddable":true,"href":"https:\/\/pmza.sk\/index.php?rest_route=%2Fwp%2Fv2%2Ftags&post=17072"}],"curies":[{"name":"wp","href":"https:\/\/api.w.org\/{rel}","templated":true}]}}