{"id":17267,"date":"2016-08-02T13:48:17","date_gmt":"2016-08-02T11:48:17","guid":{"rendered":"https:\/\/pmza.sk.sk\/?p=17267"},"modified":"2016-08-02T13:48:17","modified_gmt":"2016-08-02T11:48:17","slug":"zbojnickym-chodnickom-6-8-2016","status":"publish","type":"post","link":"https:\/\/pmza.sk\/?p=17267","title":{"rendered":"Zbojn\u00edckym chodn\u00ed\u010dkom &#8211; fotogal\u00e9ria"},"content":{"rendered":"<p>Pova\u017esk\u00e9 m\u00fazeum v \u017diline pripravilo po\u010das Medzin\u00e1rodn\u00e9ho folkl\u00f3rneho festivalu J\u00e1no\u0161\u00edkove dni v Terchovej podujatie s n\u00e1zvom <strong>Zbojn\u00edckym chodn\u00ed\u010dkom. <\/strong>V expoz\u00edcii J\u00e1no\u0161\u00edk a\u00a0Terchov\u00e1 v\u00a0Terchovej boli v sobotu, 6. augusta 2016 pre deti pripraven\u00e9 tvoriv\u00e9 dielne.<\/p>\n<p>Deti sa hravou formou dozvedeli zauj\u00edmavosti o\u00a0pr\u00edrode a hist\u00f3rii Terchovej. Svoje zru\u010dnosti a z\u00edskan\u00e9 vedomosti si vlastnou tvorivou \u010dinnos\u0165ou overili v\u00a0dielni zool\u00f3ga, botanika a\u00a0historika. Po absolvovan\u00ed tvoriv\u00fdch dieln\u00ed sa deti z\u00fa\u010dastnili tzv. inicia\u010dn\u00e9ho obradu prijatia do J\u00e1no\u0161\u00edkovej dru\u017einy.<\/p>\n<p>Tvoriv\u00e1 diel\u0148a zool\u00f3ga: <strong>\u201ePraktikum mal\u00e9ho zool\u00f3ga\u201c &#8211; <\/strong>Deti mali jedine\u010dn\u00fa mo\u017enos\u0165 sledova\u0165 mikroskopick\u00e9 \u017eivo\u010d\u00edchy, vysk\u00fa\u0161a\u0165 si pr\u00edstroje na sledovanie zvierat v\u00a0pr\u00edrode a\u00a0dozvedie\u0165 sa nie\u010do zauj\u00edmav\u00e9 o\u00a0tajomstv\u00e1ch \u017eivota zvierat.<\/p>\n<p>Tvoriv\u00e1 diel\u0148a botanika: \u201e<strong>Kvetinov\u00e1 m\u00e1gia\u201c &#8211; <\/strong>Pripraven\u00e9 aktivity zaviedli deti do tajupln\u00e9ho sveta kvitn\u00facich rastl\u00edn, om\u00e1mili ich v\u00f4\u0148ami a\u00a0zasv\u00e4tili do pr\u00edpravy n\u00e1poja l\u00e1sky. Deti si sami zhotovili kvietok, ktor\u00fd pred ich o\u010dami z\u00e1zra\u010dne rozkvitol alebo sa pri ochutn\u00e1vke o\u010darovan\u00e9ho n\u00e1poja dozvedeli viac o\u00a0vybran\u00fdch lie\u010div\u00fdch rastlin\u00e1ch, ich zbere a\u00a0rozli\u0161ovan\u00ed v\u00a0pr\u00edrode.<\/p>\n<p>Tvoriv\u00e1 diel\u0148a historika: <strong>\u201e M\u00f4j otec bol dobr\u00fd, ja mus\u00edm by\u0165 zbojn\u00edk\u201c &#8211; <\/strong>Deti sa prenieli do obdobia, ke\u010f na\u0161\u00edm lesom vl\u00e1dli zbojn\u00edci, dozvedeli sa zauj\u00edmavosti o\u00a0ich \u017eivote a\u00a0zbojn\u00ed\u010den\u00ed. Za pomoci lektorov si z\u00a0r\u00f4znych materi\u00e1lov vyrobili J\u00e1no\u0161\u00edkovu \u010diapku, tzv. \u010d\u00e1kov a tie\u017e opasok a\u00a0vala\u0161ku, v\u00a0ktor\u00fdch je ukryt\u00e1 J\u00e1no\u0161\u00edkova sila. Svoju zru\u010dnos\u0165 a\u00a0trpezlivos\u0165 si vysk\u00fa\u0161ali pri zhotoven\u00ed zbojn\u00edckych fig\u00farok\u00a0z\u00a0rozmanit\u00fdch materi\u00e1lov a\u00a0r\u00f4znymi technikami (textil, ko\u017ea, dr\u00f4t, slama, orechy, kamienky, strukoviny, razenie pomocou zemiakov, papierov\u00e9 kol\u00e1\u017ee a\u00a0pod. ).<\/p>\n<p><strong>Obrad prijatia do J\u00e1no\u0161\u00edkovej dru\u017einy a\u00a0razenie J\u00e1no\u0161\u00edkovho duk\u00e1tu &#8211; <\/strong>Po absolvovan\u00ed tvoriv\u00fdch dieln\u00ed sa deti vo vlastnoru\u010dne zhotovenom zbojn\u00edckom v\u00fdstroji z\u00fa\u010dastnili tzv. inicia\u010dn\u00e9ho obradu, pri ktorom boli prijat\u00e9 do zbojn\u00edckej dru\u017einy Juraja J\u00e1no\u0161\u00edka,\u00a0z\u00edskali dekr\u00e9t a\u00a0sam\u00e9 si\u00a0vyrazili J\u00e1no\u0161\u00edkov duk\u00e1t.<\/p>\n<p><a href=\"https:\/\/pmza.sk.sk\/fotogaleria\/\">FOTOGAL\u00c9RIA<\/a><\/p>\n","protected":false},"excerpt":{"rendered":"<p>Pova\u017esk\u00e9 m\u00fazeum v \u017diline pripravilo po\u010das Medzin\u00e1rodn\u00e9ho folkl\u00f3rneho festivalu J\u00e1no\u0161\u00edkove dni v Terchovej podujatie s n\u00e1zvom Zbojn\u00edckym chodn\u00ed\u010dkom. V expoz\u00edcii J\u00e1no\u0161\u00edk a\u00a0Terchov\u00e1 v\u00a0Terchovej boli v sobotu, 6. augusta 2016 pre deti pripraven\u00e9 tvoriv\u00e9 dielne. Deti sa hravou formou dozvedeli zauj\u00edmavosti o\u00a0pr\u00edrode a hist\u00f3rii Terchovej. Svoje zru\u010dnosti a z\u00edskan\u00e9 vedomosti si vlastnou tvorivou \u010dinnos\u0165ou overili v\u00a0dielni [&hellip;]<\/p>\n","protected":false},"author":2,"featured_media":17080,"comment_status":"closed","ping_status":"closed","sticky":false,"template":"","format":"standard","meta":{"site-sidebar-layout":"default","site-content-layout":"","ast-site-content-layout":"","site-content-style":"default","site-sidebar-style":"default","ast-global-header-display":"","ast-banner-title-visibility":"","ast-main-header-display":"","ast-hfb-above-header-display":"","ast-hfb-below-header-display":"","ast-hfb-mobile-header-display":"","site-post-title":"","ast-breadcrumbs-content":"","ast-featured-img":"","footer-sml-layout":"","theme-transparent-header-meta":"","adv-header-id-meta":"","stick-header-meta":"","header-above-stick-meta":"","header-main-stick-meta":"","header-below-stick-meta":"","astra-migrate-meta-layouts":"default","ast-page-background-enabled":"default","ast-page-background-meta":{"desktop":{"background-color":"var(--ast-global-color-4)","background-image":"","background-repeat":"repeat","background-position":"center center","background-size":"auto","background-attachment":"scroll","background-type":"","background-media":"","overlay-type":"","overlay-color":"","overlay-opacity":"","overlay-gradient":""},"tablet":{"background-color":"","background-image":"","background-repeat":"repeat","background-position":"center center","background-size":"auto","background-attachment":"scroll","background-type":"","background-media":"","overlay-type":"","overlay-color":"","overlay-opacity":"","overlay-gradient":""},"mobile":{"background-color":"","background-image":"","background-repeat":"repeat","background-position":"center center","background-size":"auto","background-attachment":"scroll","background-type":"","background-media":"","overlay-type":"","overlay-color":"","overlay-opacity":"","overlay-gradient":""}},"ast-content-background-meta":{"desktop":{"background-color":"var(--ast-global-color-5)","background-image":"","background-repeat":"repeat","background-position":"center center","background-size":"auto","background-attachment":"scroll","background-type":"","background-media":"","overlay-type":"","overlay-color":"","overlay-opacity":"","overlay-gradient":""},"tablet":{"background-color":"var(--ast-global-color-5)","background-image":"","background-repeat":"repeat","background-position":"center center","background-size":"auto","background-attachment":"scroll","background-type":"","background-media":"","overlay-type":"","overlay-color":"","overlay-opacity":"","overlay-gradient":""},"mobile":{"background-color":"var(--ast-global-color-5)","background-image":"","background-repeat":"repeat","background-position":"center center","background-size":"auto","background-attachment":"scroll","background-type":"","background-media":"","overlay-type":"","overlay-color":"","overlay-opacity":"","overlay-gradient":""}},"footnotes":""},"categories":[50],"tags":[],"class_list":["post-17267","post","type-post","status-publish","format-standard","has-post-thumbnail","hentry","category-archiv-2016"],"yoast_head":"<!-- This site is optimized with the Yoast SEO plugin v27.4 - https:\/\/yoast.com\/product\/yoast-seo-wordpress\/ -->\n<title>Zbojn\u00edckym chodn\u00ed\u010dkom - fotogal\u00e9ria - Pova\u017esk\u00e9 m\u00fazeum<\/title>\n<meta name=\"robots\" content=\"index, follow, max-snippet:-1, max-image-preview:large, max-video-preview:-1\" \/>\n<link rel=\"canonical\" href=\"https:\/\/pmza.sk\/?p=17267\" \/>\n<meta property=\"og:locale\" content=\"sk_SK\" \/>\n<meta property=\"og:type\" content=\"article\" \/>\n<meta property=\"og:title\" content=\"Zbojn\u00edckym chodn\u00ed\u010dkom - fotogal\u00e9ria - Pova\u017esk\u00e9 m\u00fazeum\" \/>\n<meta property=\"og:description\" content=\"Pova\u017esk\u00e9 m\u00fazeum v \u017diline pripravilo po\u010das Medzin\u00e1rodn\u00e9ho folkl\u00f3rneho festivalu J\u00e1no\u0161\u00edkove dni v Terchovej podujatie s n\u00e1zvom Zbojn\u00edckym chodn\u00ed\u010dkom. V expoz\u00edcii J\u00e1no\u0161\u00edk a\u00a0Terchov\u00e1 v\u00a0Terchovej boli v sobotu, 6. augusta 2016 pre deti pripraven\u00e9 tvoriv\u00e9 dielne. Deti sa hravou formou dozvedeli zauj\u00edmavosti o\u00a0pr\u00edrode a hist\u00f3rii Terchovej. Svoje zru\u010dnosti a z\u00edskan\u00e9 vedomosti si vlastnou tvorivou \u010dinnos\u0165ou overili v\u00a0dielni [&hellip;]\" \/>\n<meta property=\"og:url\" content=\"https:\/\/pmza.sk\/?p=17267\" \/>\n<meta property=\"og:site_name\" content=\"Pova\u017esk\u00e9 m\u00fazeum\" \/>\n<meta property=\"article:publisher\" content=\"https:\/\/www.facebook.com\/povazskemuzeum\" \/>\n<meta property=\"article:published_time\" content=\"2016-08-02T11:48:17+00:00\" \/>\n<meta property=\"og:image\" content=\"https:\/\/pmza.sk\/wp-content\/uploads\/2016\/08\/Zbojnickym-chodnickom.jpg\" \/>\n\t<meta property=\"og:image:width\" content=\"552\" \/>\n\t<meta property=\"og:image:height\" content=\"780\" \/>\n\t<meta property=\"og:image:type\" content=\"image\/jpeg\" \/>\n<meta name=\"author\" content=\"Pova\u017esk\u00e9 m\u00fazeum\" \/>\n<meta name=\"twitter:card\" content=\"summary_large_image\" \/>\n<meta name=\"twitter:label1\" content=\"Autor\" \/>\n\t<meta name=\"twitter:data1\" content=\"Pova\u017esk\u00e9 m\u00fazeum\" \/>\n\t<meta name=\"twitter:label2\" content=\"Predpokladan\u00fd \u010das \u010d\u00edtania\" \/>\n\t<meta name=\"twitter:data2\" content=\"2 min\u00faty\" \/>\n<script type=\"application\/ld+json\" class=\"yoast-schema-graph\">{\"@context\":\"https:\\\/\\\/schema.org\",\"@graph\":[{\"@type\":\"Article\",\"@id\":\"https:\\\/\\\/pmza.sk\\\/?p=17267#article\",\"isPartOf\":{\"@id\":\"https:\\\/\\\/pmza.sk\\\/?p=17267\"},\"author\":{\"name\":\"Pova\u017esk\u00e9 m\u00fazeum\",\"@id\":\"https:\\\/\\\/pmza.sk\\\/#\\\/schema\\\/person\\\/595e6a2ce731ea94dcd5d7f50a41ae33\"},\"headline\":\"Zbojn\u00edckym chodn\u00ed\u010dkom &#8211; fotogal\u00e9ria\",\"datePublished\":\"2016-08-02T11:48:17+00:00\",\"mainEntityOfPage\":{\"@id\":\"https:\\\/\\\/pmza.sk\\\/?p=17267\"},\"wordCount\":407,\"publisher\":{\"@id\":\"https:\\\/\\\/pmza.sk\\\/#organization\"},\"image\":{\"@id\":\"https:\\\/\\\/pmza.sk\\\/?p=17267#primaryimage\"},\"thumbnailUrl\":\"https:\\\/\\\/pmza.sk\\\/wp-content\\\/uploads\\\/2016\\\/08\\\/Zbojnickym-chodnickom.jpg\",\"articleSection\":[\"Arch\u00edv 2016\"],\"inLanguage\":\"sk-SK\"},{\"@type\":\"WebPage\",\"@id\":\"https:\\\/\\\/pmza.sk\\\/?p=17267\",\"url\":\"https:\\\/\\\/pmza.sk\\\/?p=17267\",\"name\":\"Zbojn\u00edckym chodn\u00ed\u010dkom - fotogal\u00e9ria - Pova\u017esk\u00e9 m\u00fazeum\",\"isPartOf\":{\"@id\":\"https:\\\/\\\/pmza.sk\\\/#website\"},\"primaryImageOfPage\":{\"@id\":\"https:\\\/\\\/pmza.sk\\\/?p=17267#primaryimage\"},\"image\":{\"@id\":\"https:\\\/\\\/pmza.sk\\\/?p=17267#primaryimage\"},\"thumbnailUrl\":\"https:\\\/\\\/pmza.sk\\\/wp-content\\\/uploads\\\/2016\\\/08\\\/Zbojnickym-chodnickom.jpg\",\"datePublished\":\"2016-08-02T11:48:17+00:00\",\"breadcrumb\":{\"@id\":\"https:\\\/\\\/pmza.sk\\\/?p=17267#breadcrumb\"},\"inLanguage\":\"sk-SK\",\"potentialAction\":[{\"@type\":\"ReadAction\",\"target\":[\"https:\\\/\\\/pmza.sk\\\/?p=17267\"]}]},{\"@type\":\"ImageObject\",\"inLanguage\":\"sk-SK\",\"@id\":\"https:\\\/\\\/pmza.sk\\\/?p=17267#primaryimage\",\"url\":\"https:\\\/\\\/pmza.sk\\\/wp-content\\\/uploads\\\/2016\\\/08\\\/Zbojnickym-chodnickom.jpg\",\"contentUrl\":\"https:\\\/\\\/pmza.sk\\\/wp-content\\\/uploads\\\/2016\\\/08\\\/Zbojnickym-chodnickom.jpg\",\"width\":552,\"height\":780},{\"@type\":\"BreadcrumbList\",\"@id\":\"https:\\\/\\\/pmza.sk\\\/?p=17267#breadcrumb\",\"itemListElement\":[{\"@type\":\"ListItem\",\"position\":1,\"name\":\"Domovsk\u00e1 str\u00e1nka\",\"item\":\"https:\\\/\\\/pmza.sk\\\/\"},{\"@type\":\"ListItem\",\"position\":2,\"name\":\"Zbojn\u00edckym chodn\u00ed\u010dkom &#8211; fotogal\u00e9ria\"}]},{\"@type\":\"WebSite\",\"@id\":\"https:\\\/\\\/pmza.sk\\\/#website\",\"url\":\"https:\\\/\\\/pmza.sk\\\/\",\"name\":\"Pova\u017esk\u00e9 m\u00fazeum\",\"description\":\"Pova\u017esk\u00e9 m\u00fazeum v \u017diline je region\u00e1lne m\u00fazeum so s\u00eddlom v Budat\u00edne. Jeho expoz\u00edcie s\u00fa zameran\u00e9 na dejiny slovensk\u00e9ho umenia, kult\u00fary a dopravy.\",\"publisher\":{\"@id\":\"https:\\\/\\\/pmza.sk\\\/#organization\"},\"potentialAction\":[{\"@type\":\"SearchAction\",\"target\":{\"@type\":\"EntryPoint\",\"urlTemplate\":\"https:\\\/\\\/pmza.sk\\\/?s={search_term_string}\"},\"query-input\":{\"@type\":\"PropertyValueSpecification\",\"valueRequired\":true,\"valueName\":\"search_term_string\"}}],\"inLanguage\":\"sk-SK\"},{\"@type\":\"Organization\",\"@id\":\"https:\\\/\\\/pmza.sk\\\/#organization\",\"name\":\"Pova\u017esk\u00e9 m\u00fazeum\",\"url\":\"https:\\\/\\\/pmza.sk\\\/\",\"logo\":{\"@type\":\"ImageObject\",\"inLanguage\":\"sk-SK\",\"@id\":\"https:\\\/\\\/pmza.sk\\\/#\\\/schema\\\/logo\\\/image\\\/\",\"url\":\"https:\\\/\\\/pmza.sk\\\/wp-content\\\/uploads\\\/2022\\\/01\\\/logo_PM_horizontal.jpg\",\"contentUrl\":\"https:\\\/\\\/pmza.sk\\\/wp-content\\\/uploads\\\/2022\\\/01\\\/logo_PM_horizontal.jpg\",\"width\":231,\"height\":142,\"caption\":\"Pova\u017esk\u00e9 m\u00fazeum\"},\"image\":{\"@id\":\"https:\\\/\\\/pmza.sk\\\/#\\\/schema\\\/logo\\\/image\\\/\"},\"sameAs\":[\"https:\\\/\\\/www.facebook.com\\\/povazskemuzeum\",\"https:\\\/\\\/www.instagram.com\\\/povazskemuzeum\\\/\"]},{\"@type\":\"Person\",\"@id\":\"https:\\\/\\\/pmza.sk\\\/#\\\/schema\\\/person\\\/595e6a2ce731ea94dcd5d7f50a41ae33\",\"name\":\"Pova\u017esk\u00e9 m\u00fazeum\",\"image\":{\"@type\":\"ImageObject\",\"inLanguage\":\"sk-SK\",\"@id\":\"https:\\\/\\\/secure.gravatar.com\\\/avatar\\\/2bb7f1561282132fb5826dfeccc66c7996d11ee392ac6aaf7ced8a1c2027fbb2?s=96&d=mm&r=g\",\"url\":\"https:\\\/\\\/secure.gravatar.com\\\/avatar\\\/2bb7f1561282132fb5826dfeccc66c7996d11ee392ac6aaf7ced8a1c2027fbb2?s=96&d=mm&r=g\",\"contentUrl\":\"https:\\\/\\\/secure.gravatar.com\\\/avatar\\\/2bb7f1561282132fb5826dfeccc66c7996d11ee392ac6aaf7ced8a1c2027fbb2?s=96&d=mm&r=g\",\"caption\":\"Pova\u017esk\u00e9 m\u00fazeum\"}}]}<\/script>\n<!-- \/ Yoast SEO plugin. -->","yoast_head_json":{"title":"Zbojn\u00edckym chodn\u00ed\u010dkom - fotogal\u00e9ria - Pova\u017esk\u00e9 m\u00fazeum","robots":{"index":"index","follow":"follow","max-snippet":"max-snippet:-1","max-image-preview":"max-image-preview:large","max-video-preview":"max-video-preview:-1"},"canonical":"https:\/\/pmza.sk\/?p=17267","og_locale":"sk_SK","og_type":"article","og_title":"Zbojn\u00edckym chodn\u00ed\u010dkom - fotogal\u00e9ria - Pova\u017esk\u00e9 m\u00fazeum","og_description":"Pova\u017esk\u00e9 m\u00fazeum v \u017diline pripravilo po\u010das Medzin\u00e1rodn\u00e9ho folkl\u00f3rneho festivalu J\u00e1no\u0161\u00edkove dni v Terchovej podujatie s n\u00e1zvom Zbojn\u00edckym chodn\u00ed\u010dkom. V expoz\u00edcii J\u00e1no\u0161\u00edk a\u00a0Terchov\u00e1 v\u00a0Terchovej boli v sobotu, 6. augusta 2016 pre deti pripraven\u00e9 tvoriv\u00e9 dielne. Deti sa hravou formou dozvedeli zauj\u00edmavosti o\u00a0pr\u00edrode a hist\u00f3rii Terchovej. Svoje zru\u010dnosti a z\u00edskan\u00e9 vedomosti si vlastnou tvorivou \u010dinnos\u0165ou overili v\u00a0dielni [&hellip;]","og_url":"https:\/\/pmza.sk\/?p=17267","og_site_name":"Pova\u017esk\u00e9 m\u00fazeum","article_publisher":"https:\/\/www.facebook.com\/povazskemuzeum","article_published_time":"2016-08-02T11:48:17+00:00","og_image":[{"width":552,"height":780,"url":"https:\/\/pmza.sk\/wp-content\/uploads\/2016\/08\/Zbojnickym-chodnickom.jpg","type":"image\/jpeg"}],"author":"Pova\u017esk\u00e9 m\u00fazeum","twitter_card":"summary_large_image","twitter_misc":{"Autor":"Pova\u017esk\u00e9 m\u00fazeum","Predpokladan\u00fd \u010das \u010d\u00edtania":"2 min\u00faty"},"schema":{"@context":"https:\/\/schema.org","@graph":[{"@type":"Article","@id":"https:\/\/pmza.sk\/?p=17267#article","isPartOf":{"@id":"https:\/\/pmza.sk\/?p=17267"},"author":{"name":"Pova\u017esk\u00e9 m\u00fazeum","@id":"https:\/\/pmza.sk\/#\/schema\/person\/595e6a2ce731ea94dcd5d7f50a41ae33"},"headline":"Zbojn\u00edckym chodn\u00ed\u010dkom &#8211; fotogal\u00e9ria","datePublished":"2016-08-02T11:48:17+00:00","mainEntityOfPage":{"@id":"https:\/\/pmza.sk\/?p=17267"},"wordCount":407,"publisher":{"@id":"https:\/\/pmza.sk\/#organization"},"image":{"@id":"https:\/\/pmza.sk\/?p=17267#primaryimage"},"thumbnailUrl":"https:\/\/pmza.sk\/wp-content\/uploads\/2016\/08\/Zbojnickym-chodnickom.jpg","articleSection":["Arch\u00edv 2016"],"inLanguage":"sk-SK"},{"@type":"WebPage","@id":"https:\/\/pmza.sk\/?p=17267","url":"https:\/\/pmza.sk\/?p=17267","name":"Zbojn\u00edckym chodn\u00ed\u010dkom - fotogal\u00e9ria - Pova\u017esk\u00e9 m\u00fazeum","isPartOf":{"@id":"https:\/\/pmza.sk\/#website"},"primaryImageOfPage":{"@id":"https:\/\/pmza.sk\/?p=17267#primaryimage"},"image":{"@id":"https:\/\/pmza.sk\/?p=17267#primaryimage"},"thumbnailUrl":"https:\/\/pmza.sk\/wp-content\/uploads\/2016\/08\/Zbojnickym-chodnickom.jpg","datePublished":"2016-08-02T11:48:17+00:00","breadcrumb":{"@id":"https:\/\/pmza.sk\/?p=17267#breadcrumb"},"inLanguage":"sk-SK","potentialAction":[{"@type":"ReadAction","target":["https:\/\/pmza.sk\/?p=17267"]}]},{"@type":"ImageObject","inLanguage":"sk-SK","@id":"https:\/\/pmza.sk\/?p=17267#primaryimage","url":"https:\/\/pmza.sk\/wp-content\/uploads\/2016\/08\/Zbojnickym-chodnickom.jpg","contentUrl":"https:\/\/pmza.sk\/wp-content\/uploads\/2016\/08\/Zbojnickym-chodnickom.jpg","width":552,"height":780},{"@type":"BreadcrumbList","@id":"https:\/\/pmza.sk\/?p=17267#breadcrumb","itemListElement":[{"@type":"ListItem","position":1,"name":"Domovsk\u00e1 str\u00e1nka","item":"https:\/\/pmza.sk\/"},{"@type":"ListItem","position":2,"name":"Zbojn\u00edckym chodn\u00ed\u010dkom &#8211; fotogal\u00e9ria"}]},{"@type":"WebSite","@id":"https:\/\/pmza.sk\/#website","url":"https:\/\/pmza.sk\/","name":"Pova\u017esk\u00e9 m\u00fazeum","description":"Pova\u017esk\u00e9 m\u00fazeum v \u017diline je region\u00e1lne m\u00fazeum so s\u00eddlom v Budat\u00edne. Jeho expoz\u00edcie s\u00fa zameran\u00e9 na dejiny slovensk\u00e9ho umenia, kult\u00fary a dopravy.","publisher":{"@id":"https:\/\/pmza.sk\/#organization"},"potentialAction":[{"@type":"SearchAction","target":{"@type":"EntryPoint","urlTemplate":"https:\/\/pmza.sk\/?s={search_term_string}"},"query-input":{"@type":"PropertyValueSpecification","valueRequired":true,"valueName":"search_term_string"}}],"inLanguage":"sk-SK"},{"@type":"Organization","@id":"https:\/\/pmza.sk\/#organization","name":"Pova\u017esk\u00e9 m\u00fazeum","url":"https:\/\/pmza.sk\/","logo":{"@type":"ImageObject","inLanguage":"sk-SK","@id":"https:\/\/pmza.sk\/#\/schema\/logo\/image\/","url":"https:\/\/pmza.sk\/wp-content\/uploads\/2022\/01\/logo_PM_horizontal.jpg","contentUrl":"https:\/\/pmza.sk\/wp-content\/uploads\/2022\/01\/logo_PM_horizontal.jpg","width":231,"height":142,"caption":"Pova\u017esk\u00e9 m\u00fazeum"},"image":{"@id":"https:\/\/pmza.sk\/#\/schema\/logo\/image\/"},"sameAs":["https:\/\/www.facebook.com\/povazskemuzeum","https:\/\/www.instagram.com\/povazskemuzeum\/"]},{"@type":"Person","@id":"https:\/\/pmza.sk\/#\/schema\/person\/595e6a2ce731ea94dcd5d7f50a41ae33","name":"Pova\u017esk\u00e9 m\u00fazeum","image":{"@type":"ImageObject","inLanguage":"sk-SK","@id":"https:\/\/secure.gravatar.com\/avatar\/2bb7f1561282132fb5826dfeccc66c7996d11ee392ac6aaf7ced8a1c2027fbb2?s=96&d=mm&r=g","url":"https:\/\/secure.gravatar.com\/avatar\/2bb7f1561282132fb5826dfeccc66c7996d11ee392ac6aaf7ced8a1c2027fbb2?s=96&d=mm&r=g","contentUrl":"https:\/\/secure.gravatar.com\/avatar\/2bb7f1561282132fb5826dfeccc66c7996d11ee392ac6aaf7ced8a1c2027fbb2?s=96&d=mm&r=g","caption":"Pova\u017esk\u00e9 m\u00fazeum"}}]}},"_links":{"self":[{"href":"https:\/\/pmza.sk\/index.php?rest_route=\/wp\/v2\/posts\/17267","targetHints":{"allow":["GET"]}}],"collection":[{"href":"https:\/\/pmza.sk\/index.php?rest_route=\/wp\/v2\/posts"}],"about":[{"href":"https:\/\/pmza.sk\/index.php?rest_route=\/wp\/v2\/types\/post"}],"author":[{"embeddable":true,"href":"https:\/\/pmza.sk\/index.php?rest_route=\/wp\/v2\/users\/2"}],"replies":[{"embeddable":true,"href":"https:\/\/pmza.sk\/index.php?rest_route=%2Fwp%2Fv2%2Fcomments&post=17267"}],"version-history":[{"count":0,"href":"https:\/\/pmza.sk\/index.php?rest_route=\/wp\/v2\/posts\/17267\/revisions"}],"wp:featuredmedia":[{"embeddable":true,"href":"https:\/\/pmza.sk\/index.php?rest_route=\/wp\/v2\/media\/17080"}],"wp:attachment":[{"href":"https:\/\/pmza.sk\/index.php?rest_route=%2Fwp%2Fv2%2Fmedia&parent=17267"}],"wp:term":[{"taxonomy":"category","embeddable":true,"href":"https:\/\/pmza.sk\/index.php?rest_route=%2Fwp%2Fv2%2Fcategories&post=17267"},{"taxonomy":"post_tag","embeddable":true,"href":"https:\/\/pmza.sk\/index.php?rest_route=%2Fwp%2Fv2%2Ftags&post=17267"}],"curies":[{"name":"wp","href":"https:\/\/api.w.org\/{rel}","templated":true}]}}