{"id":17643,"date":"2016-09-22T15:13:46","date_gmt":"2016-09-22T13:13:46","guid":{"rendered":"https:\/\/pmza.sk.sk\/?p=17643"},"modified":"2016-09-22T15:13:46","modified_gmt":"2016-09-22T13:13:46","slug":"cestovanie-v-case-v-budatine-aj-na-strecne","status":"publish","type":"post","link":"https:\/\/pmza.sk\/?p=17643","title":{"rendered":"V Budat\u00edne aj na Stre\u010dne sme cestovali v \u010dase"},"content":{"rendered":"<p>Pova\u017esk\u00e9 m\u00fazeum v\u00a0\u017diline v\u00a0zria\u010fovate\u013eskej p\u00f4sobnosti \u017dilinsk\u00e9ho samospr\u00e1vneho kraja si aj tento rok pripravilo pre svojich n\u00e1v\u0161tevn\u00edkom podujatie \u201eCestovanie v\u00a0\u010dase\u201c pri pr\u00edle\u017eitosti Medzin\u00e1rodn\u00e9ho d\u0148a cestovn\u00e9ho ruchu. Program sa 25. septembra odohr\u00e1val na hrade Stre\u010dno, ale z\u00e1rove\u0148 aj na Budat\u00ednskom hrade.<\/p>\n<p>Na hrade Stre\u010dno boli pre n\u00e1v\u0161tevn\u00edkov prichystan\u00e9 ochutn\u00e1vky dobov\u00e9ho jedla stredovekej, r\u00edmskej a\u00a0sedliackej kuchyne s\u00a0ochutn\u00e1vkou k\u00e1vy pod\u013ea tradi\u010dn\u00e9ho receptu v\u00a0podan\u00ed Skupiny historick\u00e9ho \u0161ermu WAGUS a\u00a0Cechu Terra de Selinan. N\u00e1v\u0161tevn\u00edci sa mohli interakt\u00edvne zapoji\u0165 do procesu pr\u00edpravy dobov\u00fdch placiek, ktor\u00e9 si sami nachystali a\u00a0opiekli. Vysk\u00fa\u0161ali si lukostre\u013ebu, z\u00fa\u010dastnili sa remeseln\u00edckeho jarmoku.<\/p>\n<p>V\u00a0Budat\u00ednskom hrade sa pre ka\u017ed\u00fa skupinu n\u00e1v\u0161tevn\u00edkov odohrala stredovek\u00e1 svadobn\u00e1 hostina, kde sa stoly preh\u00fdbali a\u00a0v\u00edno tieklo potokom. O\u00a0program sa postarala historick\u00e1 skupina Fringia, ktor\u00e1 predviedla v\u0161etko, \u010do svadbe predch\u00e1dzalo \u2013 s\u00faboj medzi rivalmi a\u00a0z\u00e1snuby, samotn\u00fa svadobn\u00fa hostinu a\u00a0nakoniec tance, do ktor\u00fdch sa zapojili aj samotn\u00ed n\u00e1v\u0161tevn\u00edci.<\/p>\n","protected":false},"excerpt":{"rendered":"<p>Pova\u017esk\u00e9 m\u00fazeum v\u00a0\u017diline v\u00a0zria\u010fovate\u013eskej p\u00f4sobnosti \u017dilinsk\u00e9ho samospr\u00e1vneho kraja si aj tento rok pripravilo pre svojich n\u00e1v\u0161tevn\u00edkom podujatie \u201eCestovanie v\u00a0\u010dase\u201c pri pr\u00edle\u017eitosti Medzin\u00e1rodn\u00e9ho d\u0148a cestovn\u00e9ho ruchu. Program sa 25. septembra odohr\u00e1val na hrade Stre\u010dno, ale z\u00e1rove\u0148 aj na Budat\u00ednskom hrade. Na hrade Stre\u010dno boli pre n\u00e1v\u0161tevn\u00edkov prichystan\u00e9 ochutn\u00e1vky dobov\u00e9ho jedla stredovekej, r\u00edmskej a\u00a0sedliackej kuchyne s\u00a0ochutn\u00e1vkou k\u00e1vy [&hellip;]<\/p>\n","protected":false},"author":2,"featured_media":17659,"comment_status":"closed","ping_status":"closed","sticky":false,"template":"","format":"standard","meta":{"site-sidebar-layout":"default","site-content-layout":"","ast-site-content-layout":"","site-content-style":"default","site-sidebar-style":"default","ast-global-header-display":"","ast-banner-title-visibility":"","ast-main-header-display":"","ast-hfb-above-header-display":"","ast-hfb-below-header-display":"","ast-hfb-mobile-header-display":"","site-post-title":"","ast-breadcrumbs-content":"","ast-featured-img":"","footer-sml-layout":"","theme-transparent-header-meta":"","adv-header-id-meta":"","stick-header-meta":"","header-above-stick-meta":"","header-main-stick-meta":"","header-below-stick-meta":"","astra-migrate-meta-layouts":"default","ast-page-background-enabled":"default","ast-page-background-meta":{"desktop":{"background-color":"var(--ast-global-color-4)","background-image":"","background-repeat":"repeat","background-position":"center center","background-size":"auto","background-attachment":"scroll","background-type":"","background-media":"","overlay-type":"","overlay-color":"","overlay-opacity":"","overlay-gradient":""},"tablet":{"background-color":"","background-image":"","background-repeat":"repeat","background-position":"center center","background-size":"auto","background-attachment":"scroll","background-type":"","background-media":"","overlay-type":"","overlay-color":"","overlay-opacity":"","overlay-gradient":""},"mobile":{"background-color":"","background-image":"","background-repeat":"repeat","background-position":"center center","background-size":"auto","background-attachment":"scroll","background-type":"","background-media":"","overlay-type":"","overlay-color":"","overlay-opacity":"","overlay-gradient":""}},"ast-content-background-meta":{"desktop":{"background-color":"var(--ast-global-color-5)","background-image":"","background-repeat":"repeat","background-position":"center center","background-size":"auto","background-attachment":"scroll","background-type":"","background-media":"","overlay-type":"","overlay-color":"","overlay-opacity":"","overlay-gradient":""},"tablet":{"background-color":"var(--ast-global-color-5)","background-image":"","background-repeat":"repeat","background-position":"center center","background-size":"auto","background-attachment":"scroll","background-type":"","background-media":"","overlay-type":"","overlay-color":"","overlay-opacity":"","overlay-gradient":""},"mobile":{"background-color":"var(--ast-global-color-5)","background-image":"","background-repeat":"repeat","background-position":"center center","background-size":"auto","background-attachment":"scroll","background-type":"","background-media":"","overlay-type":"","overlay-color":"","overlay-opacity":"","overlay-gradient":""}},"footnotes":""},"categories":[50],"tags":[],"class_list":["post-17643","post","type-post","status-publish","format-standard","has-post-thumbnail","hentry","category-archiv-2016"],"yoast_head":"<!-- This site is optimized with the Yoast SEO plugin v27.4 - https:\/\/yoast.com\/product\/yoast-seo-wordpress\/ -->\n<title>V Budat\u00edne aj na Stre\u010dne sme cestovali v \u010dase - Pova\u017esk\u00e9 m\u00fazeum<\/title>\n<meta name=\"robots\" content=\"index, follow, max-snippet:-1, max-image-preview:large, max-video-preview:-1\" \/>\n<link rel=\"canonical\" href=\"https:\/\/pmza.sk\/?p=17643\" \/>\n<meta property=\"og:locale\" content=\"sk_SK\" \/>\n<meta property=\"og:type\" content=\"article\" \/>\n<meta property=\"og:title\" content=\"V Budat\u00edne aj na Stre\u010dne sme cestovali v \u010dase - Pova\u017esk\u00e9 m\u00fazeum\" \/>\n<meta property=\"og:description\" content=\"Pova\u017esk\u00e9 m\u00fazeum v\u00a0\u017diline v\u00a0zria\u010fovate\u013eskej p\u00f4sobnosti \u017dilinsk\u00e9ho samospr\u00e1vneho kraja si aj tento rok pripravilo pre svojich n\u00e1v\u0161tevn\u00edkom podujatie \u201eCestovanie v\u00a0\u010dase\u201c pri pr\u00edle\u017eitosti Medzin\u00e1rodn\u00e9ho d\u0148a cestovn\u00e9ho ruchu. Program sa 25. septembra odohr\u00e1val na hrade Stre\u010dno, ale z\u00e1rove\u0148 aj na Budat\u00ednskom hrade. Na hrade Stre\u010dno boli pre n\u00e1v\u0161tevn\u00edkov prichystan\u00e9 ochutn\u00e1vky dobov\u00e9ho jedla stredovekej, r\u00edmskej a\u00a0sedliackej kuchyne s\u00a0ochutn\u00e1vkou k\u00e1vy [&hellip;]\" \/>\n<meta property=\"og:url\" content=\"https:\/\/pmza.sk\/?p=17643\" \/>\n<meta property=\"og:site_name\" content=\"Pova\u017esk\u00e9 m\u00fazeum\" \/>\n<meta property=\"article:publisher\" content=\"https:\/\/www.facebook.com\/povazskemuzeum\" \/>\n<meta property=\"article:published_time\" content=\"2016-09-22T13:13:46+00:00\" \/>\n<meta property=\"og:image\" content=\"https:\/\/pmza.sk\/wp-content\/uploads\/2016\/09\/A4_Cestovanie-v-case1.jpg\" \/>\n\t<meta property=\"og:image:width\" content=\"484\" \/>\n\t<meta property=\"og:image:height\" content=\"684\" \/>\n\t<meta property=\"og:image:type\" content=\"image\/jpeg\" \/>\n<meta name=\"author\" content=\"Pova\u017esk\u00e9 m\u00fazeum\" \/>\n<meta name=\"twitter:card\" content=\"summary_large_image\" \/>\n<meta name=\"twitter:label1\" content=\"Autor\" \/>\n\t<meta name=\"twitter:data1\" content=\"Pova\u017esk\u00e9 m\u00fazeum\" \/>\n\t<meta name=\"twitter:label2\" content=\"Predpokladan\u00fd \u010das \u010d\u00edtania\" \/>\n\t<meta name=\"twitter:data2\" content=\"1 min\u00fata\" \/>\n<script type=\"application\/ld+json\" class=\"yoast-schema-graph\">{\"@context\":\"https:\\\/\\\/schema.org\",\"@graph\":[{\"@type\":\"Article\",\"@id\":\"https:\\\/\\\/pmza.sk\\\/?p=17643#article\",\"isPartOf\":{\"@id\":\"https:\\\/\\\/pmza.sk\\\/?p=17643\"},\"author\":{\"name\":\"Pova\u017esk\u00e9 m\u00fazeum\",\"@id\":\"https:\\\/\\\/pmza.sk\\\/#\\\/schema\\\/person\\\/595e6a2ce731ea94dcd5d7f50a41ae33\"},\"headline\":\"V Budat\u00edne aj na Stre\u010dne sme cestovali v \u010dase\",\"datePublished\":\"2016-09-22T13:13:46+00:00\",\"mainEntityOfPage\":{\"@id\":\"https:\\\/\\\/pmza.sk\\\/?p=17643\"},\"wordCount\":216,\"publisher\":{\"@id\":\"https:\\\/\\\/pmza.sk\\\/#organization\"},\"image\":{\"@id\":\"https:\\\/\\\/pmza.sk\\\/?p=17643#primaryimage\"},\"thumbnailUrl\":\"https:\\\/\\\/pmza.sk\\\/wp-content\\\/uploads\\\/2016\\\/09\\\/A4_Cestovanie-v-case1.jpg\",\"articleSection\":[\"Arch\u00edv 2016\"],\"inLanguage\":\"sk-SK\"},{\"@type\":\"WebPage\",\"@id\":\"https:\\\/\\\/pmza.sk\\\/?p=17643\",\"url\":\"https:\\\/\\\/pmza.sk\\\/?p=17643\",\"name\":\"V Budat\u00edne aj na Stre\u010dne sme cestovali v \u010dase - Pova\u017esk\u00e9 m\u00fazeum\",\"isPartOf\":{\"@id\":\"https:\\\/\\\/pmza.sk\\\/#website\"},\"primaryImageOfPage\":{\"@id\":\"https:\\\/\\\/pmza.sk\\\/?p=17643#primaryimage\"},\"image\":{\"@id\":\"https:\\\/\\\/pmza.sk\\\/?p=17643#primaryimage\"},\"thumbnailUrl\":\"https:\\\/\\\/pmza.sk\\\/wp-content\\\/uploads\\\/2016\\\/09\\\/A4_Cestovanie-v-case1.jpg\",\"datePublished\":\"2016-09-22T13:13:46+00:00\",\"breadcrumb\":{\"@id\":\"https:\\\/\\\/pmza.sk\\\/?p=17643#breadcrumb\"},\"inLanguage\":\"sk-SK\",\"potentialAction\":[{\"@type\":\"ReadAction\",\"target\":[\"https:\\\/\\\/pmza.sk\\\/?p=17643\"]}]},{\"@type\":\"ImageObject\",\"inLanguage\":\"sk-SK\",\"@id\":\"https:\\\/\\\/pmza.sk\\\/?p=17643#primaryimage\",\"url\":\"https:\\\/\\\/pmza.sk\\\/wp-content\\\/uploads\\\/2016\\\/09\\\/A4_Cestovanie-v-case1.jpg\",\"contentUrl\":\"https:\\\/\\\/pmza.sk\\\/wp-content\\\/uploads\\\/2016\\\/09\\\/A4_Cestovanie-v-case1.jpg\",\"width\":484,\"height\":684},{\"@type\":\"BreadcrumbList\",\"@id\":\"https:\\\/\\\/pmza.sk\\\/?p=17643#breadcrumb\",\"itemListElement\":[{\"@type\":\"ListItem\",\"position\":1,\"name\":\"Domovsk\u00e1 str\u00e1nka\",\"item\":\"https:\\\/\\\/pmza.sk\\\/\"},{\"@type\":\"ListItem\",\"position\":2,\"name\":\"V Budat\u00edne aj na Stre\u010dne sme cestovali v \u010dase\"}]},{\"@type\":\"WebSite\",\"@id\":\"https:\\\/\\\/pmza.sk\\\/#website\",\"url\":\"https:\\\/\\\/pmza.sk\\\/\",\"name\":\"Pova\u017esk\u00e9 m\u00fazeum\",\"description\":\"Pova\u017esk\u00e9 m\u00fazeum v \u017diline je region\u00e1lne m\u00fazeum so s\u00eddlom v Budat\u00edne. Jeho expoz\u00edcie s\u00fa zameran\u00e9 na dejiny slovensk\u00e9ho umenia, kult\u00fary a dopravy.\",\"publisher\":{\"@id\":\"https:\\\/\\\/pmza.sk\\\/#organization\"},\"potentialAction\":[{\"@type\":\"SearchAction\",\"target\":{\"@type\":\"EntryPoint\",\"urlTemplate\":\"https:\\\/\\\/pmza.sk\\\/?s={search_term_string}\"},\"query-input\":{\"@type\":\"PropertyValueSpecification\",\"valueRequired\":true,\"valueName\":\"search_term_string\"}}],\"inLanguage\":\"sk-SK\"},{\"@type\":\"Organization\",\"@id\":\"https:\\\/\\\/pmza.sk\\\/#organization\",\"name\":\"Pova\u017esk\u00e9 m\u00fazeum\",\"url\":\"https:\\\/\\\/pmza.sk\\\/\",\"logo\":{\"@type\":\"ImageObject\",\"inLanguage\":\"sk-SK\",\"@id\":\"https:\\\/\\\/pmza.sk\\\/#\\\/schema\\\/logo\\\/image\\\/\",\"url\":\"https:\\\/\\\/pmza.sk\\\/wp-content\\\/uploads\\\/2022\\\/01\\\/logo_PM_horizontal.jpg\",\"contentUrl\":\"https:\\\/\\\/pmza.sk\\\/wp-content\\\/uploads\\\/2022\\\/01\\\/logo_PM_horizontal.jpg\",\"width\":231,\"height\":142,\"caption\":\"Pova\u017esk\u00e9 m\u00fazeum\"},\"image\":{\"@id\":\"https:\\\/\\\/pmza.sk\\\/#\\\/schema\\\/logo\\\/image\\\/\"},\"sameAs\":[\"https:\\\/\\\/www.facebook.com\\\/povazskemuzeum\",\"https:\\\/\\\/www.instagram.com\\\/povazskemuzeum\\\/\"]},{\"@type\":\"Person\",\"@id\":\"https:\\\/\\\/pmza.sk\\\/#\\\/schema\\\/person\\\/595e6a2ce731ea94dcd5d7f50a41ae33\",\"name\":\"Pova\u017esk\u00e9 m\u00fazeum\",\"image\":{\"@type\":\"ImageObject\",\"inLanguage\":\"sk-SK\",\"@id\":\"https:\\\/\\\/secure.gravatar.com\\\/avatar\\\/2bb7f1561282132fb5826dfeccc66c7996d11ee392ac6aaf7ced8a1c2027fbb2?s=96&d=mm&r=g\",\"url\":\"https:\\\/\\\/secure.gravatar.com\\\/avatar\\\/2bb7f1561282132fb5826dfeccc66c7996d11ee392ac6aaf7ced8a1c2027fbb2?s=96&d=mm&r=g\",\"contentUrl\":\"https:\\\/\\\/secure.gravatar.com\\\/avatar\\\/2bb7f1561282132fb5826dfeccc66c7996d11ee392ac6aaf7ced8a1c2027fbb2?s=96&d=mm&r=g\",\"caption\":\"Pova\u017esk\u00e9 m\u00fazeum\"}}]}<\/script>\n<!-- \/ Yoast SEO plugin. -->","yoast_head_json":{"title":"V Budat\u00edne aj na Stre\u010dne sme cestovali v \u010dase - Pova\u017esk\u00e9 m\u00fazeum","robots":{"index":"index","follow":"follow","max-snippet":"max-snippet:-1","max-image-preview":"max-image-preview:large","max-video-preview":"max-video-preview:-1"},"canonical":"https:\/\/pmza.sk\/?p=17643","og_locale":"sk_SK","og_type":"article","og_title":"V Budat\u00edne aj na Stre\u010dne sme cestovali v \u010dase - Pova\u017esk\u00e9 m\u00fazeum","og_description":"Pova\u017esk\u00e9 m\u00fazeum v\u00a0\u017diline v\u00a0zria\u010fovate\u013eskej p\u00f4sobnosti \u017dilinsk\u00e9ho samospr\u00e1vneho kraja si aj tento rok pripravilo pre svojich n\u00e1v\u0161tevn\u00edkom podujatie \u201eCestovanie v\u00a0\u010dase\u201c pri pr\u00edle\u017eitosti Medzin\u00e1rodn\u00e9ho d\u0148a cestovn\u00e9ho ruchu. Program sa 25. septembra odohr\u00e1val na hrade Stre\u010dno, ale z\u00e1rove\u0148 aj na Budat\u00ednskom hrade. Na hrade Stre\u010dno boli pre n\u00e1v\u0161tevn\u00edkov prichystan\u00e9 ochutn\u00e1vky dobov\u00e9ho jedla stredovekej, r\u00edmskej a\u00a0sedliackej kuchyne s\u00a0ochutn\u00e1vkou k\u00e1vy [&hellip;]","og_url":"https:\/\/pmza.sk\/?p=17643","og_site_name":"Pova\u017esk\u00e9 m\u00fazeum","article_publisher":"https:\/\/www.facebook.com\/povazskemuzeum","article_published_time":"2016-09-22T13:13:46+00:00","og_image":[{"width":484,"height":684,"url":"https:\/\/pmza.sk\/wp-content\/uploads\/2016\/09\/A4_Cestovanie-v-case1.jpg","type":"image\/jpeg"}],"author":"Pova\u017esk\u00e9 m\u00fazeum","twitter_card":"summary_large_image","twitter_misc":{"Autor":"Pova\u017esk\u00e9 m\u00fazeum","Predpokladan\u00fd \u010das \u010d\u00edtania":"1 min\u00fata"},"schema":{"@context":"https:\/\/schema.org","@graph":[{"@type":"Article","@id":"https:\/\/pmza.sk\/?p=17643#article","isPartOf":{"@id":"https:\/\/pmza.sk\/?p=17643"},"author":{"name":"Pova\u017esk\u00e9 m\u00fazeum","@id":"https:\/\/pmza.sk\/#\/schema\/person\/595e6a2ce731ea94dcd5d7f50a41ae33"},"headline":"V Budat\u00edne aj na Stre\u010dne sme cestovali v \u010dase","datePublished":"2016-09-22T13:13:46+00:00","mainEntityOfPage":{"@id":"https:\/\/pmza.sk\/?p=17643"},"wordCount":216,"publisher":{"@id":"https:\/\/pmza.sk\/#organization"},"image":{"@id":"https:\/\/pmza.sk\/?p=17643#primaryimage"},"thumbnailUrl":"https:\/\/pmza.sk\/wp-content\/uploads\/2016\/09\/A4_Cestovanie-v-case1.jpg","articleSection":["Arch\u00edv 2016"],"inLanguage":"sk-SK"},{"@type":"WebPage","@id":"https:\/\/pmza.sk\/?p=17643","url":"https:\/\/pmza.sk\/?p=17643","name":"V Budat\u00edne aj na Stre\u010dne sme cestovali v \u010dase - Pova\u017esk\u00e9 m\u00fazeum","isPartOf":{"@id":"https:\/\/pmza.sk\/#website"},"primaryImageOfPage":{"@id":"https:\/\/pmza.sk\/?p=17643#primaryimage"},"image":{"@id":"https:\/\/pmza.sk\/?p=17643#primaryimage"},"thumbnailUrl":"https:\/\/pmza.sk\/wp-content\/uploads\/2016\/09\/A4_Cestovanie-v-case1.jpg","datePublished":"2016-09-22T13:13:46+00:00","breadcrumb":{"@id":"https:\/\/pmza.sk\/?p=17643#breadcrumb"},"inLanguage":"sk-SK","potentialAction":[{"@type":"ReadAction","target":["https:\/\/pmza.sk\/?p=17643"]}]},{"@type":"ImageObject","inLanguage":"sk-SK","@id":"https:\/\/pmza.sk\/?p=17643#primaryimage","url":"https:\/\/pmza.sk\/wp-content\/uploads\/2016\/09\/A4_Cestovanie-v-case1.jpg","contentUrl":"https:\/\/pmza.sk\/wp-content\/uploads\/2016\/09\/A4_Cestovanie-v-case1.jpg","width":484,"height":684},{"@type":"BreadcrumbList","@id":"https:\/\/pmza.sk\/?p=17643#breadcrumb","itemListElement":[{"@type":"ListItem","position":1,"name":"Domovsk\u00e1 str\u00e1nka","item":"https:\/\/pmza.sk\/"},{"@type":"ListItem","position":2,"name":"V Budat\u00edne aj na Stre\u010dne sme cestovali v \u010dase"}]},{"@type":"WebSite","@id":"https:\/\/pmza.sk\/#website","url":"https:\/\/pmza.sk\/","name":"Pova\u017esk\u00e9 m\u00fazeum","description":"Pova\u017esk\u00e9 m\u00fazeum v \u017diline je region\u00e1lne m\u00fazeum so s\u00eddlom v Budat\u00edne. Jeho expoz\u00edcie s\u00fa zameran\u00e9 na dejiny slovensk\u00e9ho umenia, kult\u00fary a dopravy.","publisher":{"@id":"https:\/\/pmza.sk\/#organization"},"potentialAction":[{"@type":"SearchAction","target":{"@type":"EntryPoint","urlTemplate":"https:\/\/pmza.sk\/?s={search_term_string}"},"query-input":{"@type":"PropertyValueSpecification","valueRequired":true,"valueName":"search_term_string"}}],"inLanguage":"sk-SK"},{"@type":"Organization","@id":"https:\/\/pmza.sk\/#organization","name":"Pova\u017esk\u00e9 m\u00fazeum","url":"https:\/\/pmza.sk\/","logo":{"@type":"ImageObject","inLanguage":"sk-SK","@id":"https:\/\/pmza.sk\/#\/schema\/logo\/image\/","url":"https:\/\/pmza.sk\/wp-content\/uploads\/2022\/01\/logo_PM_horizontal.jpg","contentUrl":"https:\/\/pmza.sk\/wp-content\/uploads\/2022\/01\/logo_PM_horizontal.jpg","width":231,"height":142,"caption":"Pova\u017esk\u00e9 m\u00fazeum"},"image":{"@id":"https:\/\/pmza.sk\/#\/schema\/logo\/image\/"},"sameAs":["https:\/\/www.facebook.com\/povazskemuzeum","https:\/\/www.instagram.com\/povazskemuzeum\/"]},{"@type":"Person","@id":"https:\/\/pmza.sk\/#\/schema\/person\/595e6a2ce731ea94dcd5d7f50a41ae33","name":"Pova\u017esk\u00e9 m\u00fazeum","image":{"@type":"ImageObject","inLanguage":"sk-SK","@id":"https:\/\/secure.gravatar.com\/avatar\/2bb7f1561282132fb5826dfeccc66c7996d11ee392ac6aaf7ced8a1c2027fbb2?s=96&d=mm&r=g","url":"https:\/\/secure.gravatar.com\/avatar\/2bb7f1561282132fb5826dfeccc66c7996d11ee392ac6aaf7ced8a1c2027fbb2?s=96&d=mm&r=g","contentUrl":"https:\/\/secure.gravatar.com\/avatar\/2bb7f1561282132fb5826dfeccc66c7996d11ee392ac6aaf7ced8a1c2027fbb2?s=96&d=mm&r=g","caption":"Pova\u017esk\u00e9 m\u00fazeum"}}]}},"_links":{"self":[{"href":"https:\/\/pmza.sk\/index.php?rest_route=\/wp\/v2\/posts\/17643","targetHints":{"allow":["GET"]}}],"collection":[{"href":"https:\/\/pmza.sk\/index.php?rest_route=\/wp\/v2\/posts"}],"about":[{"href":"https:\/\/pmza.sk\/index.php?rest_route=\/wp\/v2\/types\/post"}],"author":[{"embeddable":true,"href":"https:\/\/pmza.sk\/index.php?rest_route=\/wp\/v2\/users\/2"}],"replies":[{"embeddable":true,"href":"https:\/\/pmza.sk\/index.php?rest_route=%2Fwp%2Fv2%2Fcomments&post=17643"}],"version-history":[{"count":0,"href":"https:\/\/pmza.sk\/index.php?rest_route=\/wp\/v2\/posts\/17643\/revisions"}],"wp:featuredmedia":[{"embeddable":true,"href":"https:\/\/pmza.sk\/index.php?rest_route=\/wp\/v2\/media\/17659"}],"wp:attachment":[{"href":"https:\/\/pmza.sk\/index.php?rest_route=%2Fwp%2Fv2%2Fmedia&parent=17643"}],"wp:term":[{"taxonomy":"category","embeddable":true,"href":"https:\/\/pmza.sk\/index.php?rest_route=%2Fwp%2Fv2%2Fcategories&post=17643"},{"taxonomy":"post_tag","embeddable":true,"href":"https:\/\/pmza.sk\/index.php?rest_route=%2Fwp%2Fv2%2Ftags&post=17643"}],"curies":[{"name":"wp","href":"https:\/\/api.w.org\/{rel}","templated":true}]}}