{"id":17817,"date":"2016-10-03T08:55:46","date_gmt":"2016-10-03T06:55:46","guid":{"rendered":"https:\/\/pmza.sk.sk\/?p=17817"},"modified":"2016-10-03T08:55:46","modified_gmt":"2016-10-03T06:55:46","slug":"nostalgicka-jazda-rajeckou-ancou-8-9-10-2016","status":"publish","type":"post","link":"https:\/\/pmza.sk\/?p=17817","title":{"rendered":"Nostalgick\u00e1 jazda Rajeckou An\u010dou 8. &#8211; 9. 10. 2016"},"content":{"rendered":"<p>Pova\u017esk\u00e9 m\u00fazeum v \u017diline v zria\u010fovate\u013eskej p\u00f4sobnosti \u017dilinsk\u00e9ho samospr\u00e1vneho kraja pripravilo v spolupr\u00e1ci so Spolo\u010dnos\u0165ou Pova\u017eskej dr\u00e1hy \u017dilina tradi\u010dn\u00e9 jesenn\u00e9 podujatie Nostalgick\u00e1 jazda Rajeckou An\u010dou. Podujatie sa konalo pri pr\u00edle\u017eitosti v\u00fdro\u010dia otvorenia miestnej \u017eeleznice \u017dilina \u2013 Rajec.<\/p>\n<p>Po\u010das v\u00edkendu 8. a\u00a09. okt\u00f3bra jazdili medzi \u017dilinou a\u00a0Rajcom mimoriadne vlaky. Ke\u010f\u017ee sa podujatia nemohol z\u00fa\u010dastni\u0165 motorov\u00fd voze\u0148 Hurv\u00ednek, tradi\u010dn\u00fa zostavu \u010derven\u00fdch \u201e\u0161katuliek\u201c nahradil modernej\u0161\u00ed motorov\u00fd voze\u0148 Orchestrion\u2013 M 152.0160, ktor\u00fd len pred kr\u00e1tkym \u010dasom ukon\u010dil svoje p\u00f4sobenie na poli dopravy a\u00a0n\u00e1sledne sa stal jedn\u00fdm z\u00a0najnov\u0161\u00edch pr\u00edrastkov v m\u00fazejnej\u00a0zbierke Spolo\u010dnosti Pova\u017eskej dr\u00e1hy \u017dilina.<\/p>\n<p>Hlavn\u00fd program \u010dakal n\u00e1v\u0161tevn\u00edkov podujatia v M\u00fazeu dopravy na \u017eelezni\u010dnej zast\u00e1vke Rajeck\u00e9 Teplice. Predstavili sme rozmanit\u00e9 cestn\u00e9 dopravn\u00e9 prostriedky od pravek\u00fdch a\u017e po 40. roky 20. storo\u010dia: vla\u010d, ko\u010d, historick\u00fd bicykel, star\u00e9 motocykle Slovensk\u00e9ho Ariel klubu i\u00a0automobily \u017eilinsk\u00e9ho klubu historick\u00fdch vozidiel. Okrem jazdy vl\u00e1\u010dikom si mohli n\u00e1v\u0161tevn\u00edci vychutna\u0165 jazdu na ko\u010di v\u00a0bl\u00edzkej lipovej aleji ved\u013ea m\u00fazea, ktor\u00e1 sa stretla s pozit\u00edvnym ohlasom.<\/p>\n<p>Podujatie vyvrcholilo v\u00a0nede\u013eu predstaven\u00edm publik\u00e1cie o\u00a0hist\u00f3rii \u017eeleznice \u017dilina \u2013 Rajec. Publik\u00e1ciu spracoval Peter \u0160imko s\u00a0kolekt\u00edvom, pri\u010dom \u00fadaje o\u00a0hist\u00f3rii \u017eeleznici h\u013eadal a\u017e v\u00a0budape\u0161tianskom arch\u00edve. Publik\u00e1cii v\u0161ak dominuj\u00fa kr\u00e1sne historick\u00e9 fotografie z\u00a0\u010dias parnej a\u00a0motorovej prev\u00e1dzky od Ond\u0159eja \u0158epku, Jozefa Remenca a\u00a0Petra Hoffmana, \u010di spomienky na ned\u00e1vnu minulos\u0165 v\u00a0podobe obrazov\u00fdch a\u00a0p\u00edsomn\u00fdch \u010dast\u00ed Lum\u00edra Kunca a\u00a0Du\u0161ana Lichnera.<\/p>\n<p>&nbsp;<\/p>\n<p><a href=\"https:\/\/pmza.sk\/wp-content\/uploads\/2016\/10\/M-152.0160-M-131.1443-t.u.Trebatice-Piestany-27.08.2016-2.jpg\"><img fetchpriority=\"high\" decoding=\"async\" class=\" size-medium wp-image-17819 aligncenter\" src=\"https:\/\/pmza.sk.sk\/wp-content\/uploads\/2016\/10\/M-152.0160-M-131.1443-t.\u00fa.Trebatice-Pie\u0161\u0165any-27.08.2016-2-300x200.jpg\" alt=\"m-152-0160-m-131-1443-t-u-trebatice-piestany-27-08-2016-2\" width=\"300\" height=\"200\" \/><\/a><\/p>\n<p>\u00a0Fotogal\u00e9riu z podujatia n\u00e1jdete <a href=\"https:\/\/pmza.sk.sk\/fotogaleria\/\">TU<\/a><\/p>\n<p>&nbsp;<\/p>\n","protected":false},"excerpt":{"rendered":"<p>Pova\u017esk\u00e9 m\u00fazeum v \u017diline v zria\u010fovate\u013eskej p\u00f4sobnosti \u017dilinsk\u00e9ho samospr\u00e1vneho kraja pripravilo v spolupr\u00e1ci so Spolo\u010dnos\u0165ou Pova\u017eskej dr\u00e1hy \u017dilina tradi\u010dn\u00e9 jesenn\u00e9 podujatie Nostalgick\u00e1 jazda Rajeckou An\u010dou. Podujatie sa konalo pri pr\u00edle\u017eitosti v\u00fdro\u010dia otvorenia miestnej \u017eeleznice \u017dilina \u2013 Rajec. Po\u010das v\u00edkendu 8. a\u00a09. okt\u00f3bra jazdili medzi \u017dilinou a\u00a0Rajcom mimoriadne vlaky. Ke\u010f\u017ee sa podujatia nemohol z\u00fa\u010dastni\u0165 motorov\u00fd voze\u0148 [&hellip;]<\/p>\n","protected":false},"author":2,"featured_media":17816,"comment_status":"closed","ping_status":"closed","sticky":false,"template":"","format":"standard","meta":{"site-sidebar-layout":"default","site-content-layout":"","ast-site-content-layout":"","site-content-style":"default","site-sidebar-style":"default","ast-global-header-display":"","ast-banner-title-visibility":"","ast-main-header-display":"","ast-hfb-above-header-display":"","ast-hfb-below-header-display":"","ast-hfb-mobile-header-display":"","site-post-title":"","ast-breadcrumbs-content":"","ast-featured-img":"","footer-sml-layout":"","theme-transparent-header-meta":"","adv-header-id-meta":"","stick-header-meta":"","header-above-stick-meta":"","header-main-stick-meta":"","header-below-stick-meta":"","astra-migrate-meta-layouts":"default","ast-page-background-enabled":"default","ast-page-background-meta":{"desktop":{"background-color":"var(--ast-global-color-4)","background-image":"","background-repeat":"repeat","background-position":"center center","background-size":"auto","background-attachment":"scroll","background-type":"","background-media":"","overlay-type":"","overlay-color":"","overlay-opacity":"","overlay-gradient":""},"tablet":{"background-color":"","background-image":"","background-repeat":"repeat","background-position":"center center","background-size":"auto","background-attachment":"scroll","background-type":"","background-media":"","overlay-type":"","overlay-color":"","overlay-opacity":"","overlay-gradient":""},"mobile":{"background-color":"","background-image":"","background-repeat":"repeat","background-position":"center center","background-size":"auto","background-attachment":"scroll","background-type":"","background-media":"","overlay-type":"","overlay-color":"","overlay-opacity":"","overlay-gradient":""}},"ast-content-background-meta":{"desktop":{"background-color":"var(--ast-global-color-5)","background-image":"","background-repeat":"repeat","background-position":"center center","background-size":"auto","background-attachment":"scroll","background-type":"","background-media":"","overlay-type":"","overlay-color":"","overlay-opacity":"","overlay-gradient":""},"tablet":{"background-color":"var(--ast-global-color-5)","background-image":"","background-repeat":"repeat","background-position":"center center","background-size":"auto","background-attachment":"scroll","background-type":"","background-media":"","overlay-type":"","overlay-color":"","overlay-opacity":"","overlay-gradient":""},"mobile":{"background-color":"var(--ast-global-color-5)","background-image":"","background-repeat":"repeat","background-position":"center center","background-size":"auto","background-attachment":"scroll","background-type":"","background-media":"","overlay-type":"","overlay-color":"","overlay-opacity":"","overlay-gradient":""}},"footnotes":""},"categories":[50],"tags":[],"class_list":["post-17817","post","type-post","status-publish","format-standard","has-post-thumbnail","hentry","category-archiv-2016"],"yoast_head":"<!-- This site is optimized with the Yoast SEO plugin v27.4 - https:\/\/yoast.com\/product\/yoast-seo-wordpress\/ -->\n<title>Nostalgick\u00e1 jazda Rajeckou An\u010dou 8. - 9. 10. 2016 - Pova\u017esk\u00e9 m\u00fazeum<\/title>\n<meta name=\"robots\" content=\"index, follow, max-snippet:-1, max-image-preview:large, max-video-preview:-1\" \/>\n<link rel=\"canonical\" href=\"https:\/\/pmza.sk\/?p=17817\" \/>\n<meta property=\"og:locale\" content=\"sk_SK\" \/>\n<meta property=\"og:type\" content=\"article\" \/>\n<meta property=\"og:title\" content=\"Nostalgick\u00e1 jazda Rajeckou An\u010dou 8. - 9. 10. 2016 - Pova\u017esk\u00e9 m\u00fazeum\" \/>\n<meta property=\"og:description\" content=\"Pova\u017esk\u00e9 m\u00fazeum v \u017diline v zria\u010fovate\u013eskej p\u00f4sobnosti \u017dilinsk\u00e9ho samospr\u00e1vneho kraja pripravilo v spolupr\u00e1ci so Spolo\u010dnos\u0165ou Pova\u017eskej dr\u00e1hy \u017dilina tradi\u010dn\u00e9 jesenn\u00e9 podujatie Nostalgick\u00e1 jazda Rajeckou An\u010dou. Podujatie sa konalo pri pr\u00edle\u017eitosti v\u00fdro\u010dia otvorenia miestnej \u017eeleznice \u017dilina \u2013 Rajec. Po\u010das v\u00edkendu 8. a\u00a09. okt\u00f3bra jazdili medzi \u017dilinou a\u00a0Rajcom mimoriadne vlaky. Ke\u010f\u017ee sa podujatia nemohol z\u00fa\u010dastni\u0165 motorov\u00fd voze\u0148 [&hellip;]\" \/>\n<meta property=\"og:url\" content=\"https:\/\/pmza.sk\/?p=17817\" \/>\n<meta property=\"og:site_name\" content=\"Pova\u017esk\u00e9 m\u00fazeum\" \/>\n<meta property=\"article:publisher\" content=\"https:\/\/www.facebook.com\/povazskemuzeum\" \/>\n<meta property=\"article:published_time\" content=\"2016-10-03T06:55:46+00:00\" \/>\n<meta property=\"og:image\" content=\"https:\/\/pmza.sk\/wp-content\/uploads\/2016\/09\/A4_2016.jpg\" \/>\n\t<meta property=\"og:image:width\" content=\"484\" \/>\n\t<meta property=\"og:image:height\" content=\"684\" \/>\n\t<meta property=\"og:image:type\" content=\"image\/jpeg\" \/>\n<meta name=\"author\" content=\"Pova\u017esk\u00e9 m\u00fazeum\" \/>\n<meta name=\"twitter:card\" content=\"summary_large_image\" \/>\n<meta name=\"twitter:label1\" content=\"Autor\" \/>\n\t<meta name=\"twitter:data1\" content=\"Pova\u017esk\u00e9 m\u00fazeum\" \/>\n\t<meta name=\"twitter:label2\" content=\"Predpokladan\u00fd \u010das \u010d\u00edtania\" \/>\n\t<meta name=\"twitter:data2\" content=\"2 min\u00faty\" \/>\n<script type=\"application\/ld+json\" class=\"yoast-schema-graph\">{\"@context\":\"https:\\\/\\\/schema.org\",\"@graph\":[{\"@type\":\"Article\",\"@id\":\"https:\\\/\\\/pmza.sk\\\/?p=17817#article\",\"isPartOf\":{\"@id\":\"https:\\\/\\\/pmza.sk\\\/?p=17817\"},\"author\":{\"name\":\"Pova\u017esk\u00e9 m\u00fazeum\",\"@id\":\"https:\\\/\\\/pmza.sk\\\/#\\\/schema\\\/person\\\/595e6a2ce731ea94dcd5d7f50a41ae33\"},\"headline\":\"Nostalgick\u00e1 jazda Rajeckou An\u010dou 8. &#8211; 9. 10. 2016\",\"datePublished\":\"2016-10-03T06:55:46+00:00\",\"mainEntityOfPage\":{\"@id\":\"https:\\\/\\\/pmza.sk\\\/?p=17817\"},\"wordCount\":310,\"publisher\":{\"@id\":\"https:\\\/\\\/pmza.sk\\\/#organization\"},\"image\":{\"@id\":\"https:\\\/\\\/pmza.sk\\\/?p=17817#primaryimage\"},\"thumbnailUrl\":\"https:\\\/\\\/pmza.sk\\\/wp-content\\\/uploads\\\/2016\\\/09\\\/A4_2016.jpg\",\"articleSection\":[\"Arch\u00edv 2016\"],\"inLanguage\":\"sk-SK\"},{\"@type\":\"WebPage\",\"@id\":\"https:\\\/\\\/pmza.sk\\\/?p=17817\",\"url\":\"https:\\\/\\\/pmza.sk\\\/?p=17817\",\"name\":\"Nostalgick\u00e1 jazda Rajeckou An\u010dou 8. - 9. 10. 2016 - Pova\u017esk\u00e9 m\u00fazeum\",\"isPartOf\":{\"@id\":\"https:\\\/\\\/pmza.sk\\\/#website\"},\"primaryImageOfPage\":{\"@id\":\"https:\\\/\\\/pmza.sk\\\/?p=17817#primaryimage\"},\"image\":{\"@id\":\"https:\\\/\\\/pmza.sk\\\/?p=17817#primaryimage\"},\"thumbnailUrl\":\"https:\\\/\\\/pmza.sk\\\/wp-content\\\/uploads\\\/2016\\\/09\\\/A4_2016.jpg\",\"datePublished\":\"2016-10-03T06:55:46+00:00\",\"breadcrumb\":{\"@id\":\"https:\\\/\\\/pmza.sk\\\/?p=17817#breadcrumb\"},\"inLanguage\":\"sk-SK\",\"potentialAction\":[{\"@type\":\"ReadAction\",\"target\":[\"https:\\\/\\\/pmza.sk\\\/?p=17817\"]}]},{\"@type\":\"ImageObject\",\"inLanguage\":\"sk-SK\",\"@id\":\"https:\\\/\\\/pmza.sk\\\/?p=17817#primaryimage\",\"url\":\"https:\\\/\\\/pmza.sk\\\/wp-content\\\/uploads\\\/2016\\\/09\\\/A4_2016.jpg\",\"contentUrl\":\"https:\\\/\\\/pmza.sk\\\/wp-content\\\/uploads\\\/2016\\\/09\\\/A4_2016.jpg\",\"width\":484,\"height\":684},{\"@type\":\"BreadcrumbList\",\"@id\":\"https:\\\/\\\/pmza.sk\\\/?p=17817#breadcrumb\",\"itemListElement\":[{\"@type\":\"ListItem\",\"position\":1,\"name\":\"Domovsk\u00e1 str\u00e1nka\",\"item\":\"https:\\\/\\\/pmza.sk\\\/\"},{\"@type\":\"ListItem\",\"position\":2,\"name\":\"Nostalgick\u00e1 jazda Rajeckou An\u010dou 8. &#8211; 9. 10. 2016\"}]},{\"@type\":\"WebSite\",\"@id\":\"https:\\\/\\\/pmza.sk\\\/#website\",\"url\":\"https:\\\/\\\/pmza.sk\\\/\",\"name\":\"Pova\u017esk\u00e9 m\u00fazeum\",\"description\":\"Pova\u017esk\u00e9 m\u00fazeum v \u017diline je region\u00e1lne m\u00fazeum so s\u00eddlom v Budat\u00edne. Jeho expoz\u00edcie s\u00fa zameran\u00e9 na dejiny slovensk\u00e9ho umenia, kult\u00fary a dopravy.\",\"publisher\":{\"@id\":\"https:\\\/\\\/pmza.sk\\\/#organization\"},\"potentialAction\":[{\"@type\":\"SearchAction\",\"target\":{\"@type\":\"EntryPoint\",\"urlTemplate\":\"https:\\\/\\\/pmza.sk\\\/?s={search_term_string}\"},\"query-input\":{\"@type\":\"PropertyValueSpecification\",\"valueRequired\":true,\"valueName\":\"search_term_string\"}}],\"inLanguage\":\"sk-SK\"},{\"@type\":\"Organization\",\"@id\":\"https:\\\/\\\/pmza.sk\\\/#organization\",\"name\":\"Pova\u017esk\u00e9 m\u00fazeum\",\"url\":\"https:\\\/\\\/pmza.sk\\\/\",\"logo\":{\"@type\":\"ImageObject\",\"inLanguage\":\"sk-SK\",\"@id\":\"https:\\\/\\\/pmza.sk\\\/#\\\/schema\\\/logo\\\/image\\\/\",\"url\":\"https:\\\/\\\/pmza.sk\\\/wp-content\\\/uploads\\\/2022\\\/01\\\/logo_PM_horizontal.jpg\",\"contentUrl\":\"https:\\\/\\\/pmza.sk\\\/wp-content\\\/uploads\\\/2022\\\/01\\\/logo_PM_horizontal.jpg\",\"width\":231,\"height\":142,\"caption\":\"Pova\u017esk\u00e9 m\u00fazeum\"},\"image\":{\"@id\":\"https:\\\/\\\/pmza.sk\\\/#\\\/schema\\\/logo\\\/image\\\/\"},\"sameAs\":[\"https:\\\/\\\/www.facebook.com\\\/povazskemuzeum\",\"https:\\\/\\\/www.instagram.com\\\/povazskemuzeum\\\/\"]},{\"@type\":\"Person\",\"@id\":\"https:\\\/\\\/pmza.sk\\\/#\\\/schema\\\/person\\\/595e6a2ce731ea94dcd5d7f50a41ae33\",\"name\":\"Pova\u017esk\u00e9 m\u00fazeum\",\"image\":{\"@type\":\"ImageObject\",\"inLanguage\":\"sk-SK\",\"@id\":\"https:\\\/\\\/secure.gravatar.com\\\/avatar\\\/2bb7f1561282132fb5826dfeccc66c7996d11ee392ac6aaf7ced8a1c2027fbb2?s=96&d=mm&r=g\",\"url\":\"https:\\\/\\\/secure.gravatar.com\\\/avatar\\\/2bb7f1561282132fb5826dfeccc66c7996d11ee392ac6aaf7ced8a1c2027fbb2?s=96&d=mm&r=g\",\"contentUrl\":\"https:\\\/\\\/secure.gravatar.com\\\/avatar\\\/2bb7f1561282132fb5826dfeccc66c7996d11ee392ac6aaf7ced8a1c2027fbb2?s=96&d=mm&r=g\",\"caption\":\"Pova\u017esk\u00e9 m\u00fazeum\"}}]}<\/script>\n<!-- \/ Yoast SEO plugin. -->","yoast_head_json":{"title":"Nostalgick\u00e1 jazda Rajeckou An\u010dou 8. - 9. 10. 2016 - Pova\u017esk\u00e9 m\u00fazeum","robots":{"index":"index","follow":"follow","max-snippet":"max-snippet:-1","max-image-preview":"max-image-preview:large","max-video-preview":"max-video-preview:-1"},"canonical":"https:\/\/pmza.sk\/?p=17817","og_locale":"sk_SK","og_type":"article","og_title":"Nostalgick\u00e1 jazda Rajeckou An\u010dou 8. - 9. 10. 2016 - Pova\u017esk\u00e9 m\u00fazeum","og_description":"Pova\u017esk\u00e9 m\u00fazeum v \u017diline v zria\u010fovate\u013eskej p\u00f4sobnosti \u017dilinsk\u00e9ho samospr\u00e1vneho kraja pripravilo v spolupr\u00e1ci so Spolo\u010dnos\u0165ou Pova\u017eskej dr\u00e1hy \u017dilina tradi\u010dn\u00e9 jesenn\u00e9 podujatie Nostalgick\u00e1 jazda Rajeckou An\u010dou. Podujatie sa konalo pri pr\u00edle\u017eitosti v\u00fdro\u010dia otvorenia miestnej \u017eeleznice \u017dilina \u2013 Rajec. Po\u010das v\u00edkendu 8. a\u00a09. okt\u00f3bra jazdili medzi \u017dilinou a\u00a0Rajcom mimoriadne vlaky. Ke\u010f\u017ee sa podujatia nemohol z\u00fa\u010dastni\u0165 motorov\u00fd voze\u0148 [&hellip;]","og_url":"https:\/\/pmza.sk\/?p=17817","og_site_name":"Pova\u017esk\u00e9 m\u00fazeum","article_publisher":"https:\/\/www.facebook.com\/povazskemuzeum","article_published_time":"2016-10-03T06:55:46+00:00","og_image":[{"width":484,"height":684,"url":"https:\/\/pmza.sk\/wp-content\/uploads\/2016\/09\/A4_2016.jpg","type":"image\/jpeg"}],"author":"Pova\u017esk\u00e9 m\u00fazeum","twitter_card":"summary_large_image","twitter_misc":{"Autor":"Pova\u017esk\u00e9 m\u00fazeum","Predpokladan\u00fd \u010das \u010d\u00edtania":"2 min\u00faty"},"schema":{"@context":"https:\/\/schema.org","@graph":[{"@type":"Article","@id":"https:\/\/pmza.sk\/?p=17817#article","isPartOf":{"@id":"https:\/\/pmza.sk\/?p=17817"},"author":{"name":"Pova\u017esk\u00e9 m\u00fazeum","@id":"https:\/\/pmza.sk\/#\/schema\/person\/595e6a2ce731ea94dcd5d7f50a41ae33"},"headline":"Nostalgick\u00e1 jazda Rajeckou An\u010dou 8. &#8211; 9. 10. 2016","datePublished":"2016-10-03T06:55:46+00:00","mainEntityOfPage":{"@id":"https:\/\/pmza.sk\/?p=17817"},"wordCount":310,"publisher":{"@id":"https:\/\/pmza.sk\/#organization"},"image":{"@id":"https:\/\/pmza.sk\/?p=17817#primaryimage"},"thumbnailUrl":"https:\/\/pmza.sk\/wp-content\/uploads\/2016\/09\/A4_2016.jpg","articleSection":["Arch\u00edv 2016"],"inLanguage":"sk-SK"},{"@type":"WebPage","@id":"https:\/\/pmza.sk\/?p=17817","url":"https:\/\/pmza.sk\/?p=17817","name":"Nostalgick\u00e1 jazda Rajeckou An\u010dou 8. - 9. 10. 2016 - Pova\u017esk\u00e9 m\u00fazeum","isPartOf":{"@id":"https:\/\/pmza.sk\/#website"},"primaryImageOfPage":{"@id":"https:\/\/pmza.sk\/?p=17817#primaryimage"},"image":{"@id":"https:\/\/pmza.sk\/?p=17817#primaryimage"},"thumbnailUrl":"https:\/\/pmza.sk\/wp-content\/uploads\/2016\/09\/A4_2016.jpg","datePublished":"2016-10-03T06:55:46+00:00","breadcrumb":{"@id":"https:\/\/pmza.sk\/?p=17817#breadcrumb"},"inLanguage":"sk-SK","potentialAction":[{"@type":"ReadAction","target":["https:\/\/pmza.sk\/?p=17817"]}]},{"@type":"ImageObject","inLanguage":"sk-SK","@id":"https:\/\/pmza.sk\/?p=17817#primaryimage","url":"https:\/\/pmza.sk\/wp-content\/uploads\/2016\/09\/A4_2016.jpg","contentUrl":"https:\/\/pmza.sk\/wp-content\/uploads\/2016\/09\/A4_2016.jpg","width":484,"height":684},{"@type":"BreadcrumbList","@id":"https:\/\/pmza.sk\/?p=17817#breadcrumb","itemListElement":[{"@type":"ListItem","position":1,"name":"Domovsk\u00e1 str\u00e1nka","item":"https:\/\/pmza.sk\/"},{"@type":"ListItem","position":2,"name":"Nostalgick\u00e1 jazda Rajeckou An\u010dou 8. &#8211; 9. 10. 2016"}]},{"@type":"WebSite","@id":"https:\/\/pmza.sk\/#website","url":"https:\/\/pmza.sk\/","name":"Pova\u017esk\u00e9 m\u00fazeum","description":"Pova\u017esk\u00e9 m\u00fazeum v \u017diline je region\u00e1lne m\u00fazeum so s\u00eddlom v Budat\u00edne. Jeho expoz\u00edcie s\u00fa zameran\u00e9 na dejiny slovensk\u00e9ho umenia, kult\u00fary a dopravy.","publisher":{"@id":"https:\/\/pmza.sk\/#organization"},"potentialAction":[{"@type":"SearchAction","target":{"@type":"EntryPoint","urlTemplate":"https:\/\/pmza.sk\/?s={search_term_string}"},"query-input":{"@type":"PropertyValueSpecification","valueRequired":true,"valueName":"search_term_string"}}],"inLanguage":"sk-SK"},{"@type":"Organization","@id":"https:\/\/pmza.sk\/#organization","name":"Pova\u017esk\u00e9 m\u00fazeum","url":"https:\/\/pmza.sk\/","logo":{"@type":"ImageObject","inLanguage":"sk-SK","@id":"https:\/\/pmza.sk\/#\/schema\/logo\/image\/","url":"https:\/\/pmza.sk\/wp-content\/uploads\/2022\/01\/logo_PM_horizontal.jpg","contentUrl":"https:\/\/pmza.sk\/wp-content\/uploads\/2022\/01\/logo_PM_horizontal.jpg","width":231,"height":142,"caption":"Pova\u017esk\u00e9 m\u00fazeum"},"image":{"@id":"https:\/\/pmza.sk\/#\/schema\/logo\/image\/"},"sameAs":["https:\/\/www.facebook.com\/povazskemuzeum","https:\/\/www.instagram.com\/povazskemuzeum\/"]},{"@type":"Person","@id":"https:\/\/pmza.sk\/#\/schema\/person\/595e6a2ce731ea94dcd5d7f50a41ae33","name":"Pova\u017esk\u00e9 m\u00fazeum","image":{"@type":"ImageObject","inLanguage":"sk-SK","@id":"https:\/\/secure.gravatar.com\/avatar\/2bb7f1561282132fb5826dfeccc66c7996d11ee392ac6aaf7ced8a1c2027fbb2?s=96&d=mm&r=g","url":"https:\/\/secure.gravatar.com\/avatar\/2bb7f1561282132fb5826dfeccc66c7996d11ee392ac6aaf7ced8a1c2027fbb2?s=96&d=mm&r=g","contentUrl":"https:\/\/secure.gravatar.com\/avatar\/2bb7f1561282132fb5826dfeccc66c7996d11ee392ac6aaf7ced8a1c2027fbb2?s=96&d=mm&r=g","caption":"Pova\u017esk\u00e9 m\u00fazeum"}}]}},"_links":{"self":[{"href":"https:\/\/pmza.sk\/index.php?rest_route=\/wp\/v2\/posts\/17817","targetHints":{"allow":["GET"]}}],"collection":[{"href":"https:\/\/pmza.sk\/index.php?rest_route=\/wp\/v2\/posts"}],"about":[{"href":"https:\/\/pmza.sk\/index.php?rest_route=\/wp\/v2\/types\/post"}],"author":[{"embeddable":true,"href":"https:\/\/pmza.sk\/index.php?rest_route=\/wp\/v2\/users\/2"}],"replies":[{"embeddable":true,"href":"https:\/\/pmza.sk\/index.php?rest_route=%2Fwp%2Fv2%2Fcomments&post=17817"}],"version-history":[{"count":0,"href":"https:\/\/pmza.sk\/index.php?rest_route=\/wp\/v2\/posts\/17817\/revisions"}],"wp:featuredmedia":[{"embeddable":true,"href":"https:\/\/pmza.sk\/index.php?rest_route=\/wp\/v2\/media\/17816"}],"wp:attachment":[{"href":"https:\/\/pmza.sk\/index.php?rest_route=%2Fwp%2Fv2%2Fmedia&parent=17817"}],"wp:term":[{"taxonomy":"category","embeddable":true,"href":"https:\/\/pmza.sk\/index.php?rest_route=%2Fwp%2Fv2%2Fcategories&post=17817"},{"taxonomy":"post_tag","embeddable":true,"href":"https:\/\/pmza.sk\/index.php?rest_route=%2Fwp%2Fv2%2Ftags&post=17817"}],"curies":[{"name":"wp","href":"https:\/\/api.w.org\/{rel}","templated":true}]}}