{"id":17981,"date":"2016-11-03T08:34:21","date_gmt":"2016-11-03T07:34:21","guid":{"rendered":"https:\/\/pmza.sk.sk\/?p=17981"},"modified":"2016-11-03T08:34:21","modified_gmt":"2016-11-03T07:34:21","slug":"strecno-sa-pripravuje-na-novu-sezonu","status":"publish","type":"post","link":"https:\/\/pmza.sk\/?p=17981","title":{"rendered":"Stre\u010dno sa u\u017e od novembra pripravuje na nov\u00fa sez\u00f3nu"},"content":{"rendered":"<p>Jedna z expoz\u00edci\u00ed Pova\u017esk\u00e9ho m\u00fazea v \u017diline v\u00a0zria\u010fovate\u013eskej p\u00f4sobnosti \u017dilinsk\u00e9ho samospr\u00e1vneho kraja \u2013 zn\u00e1my a\u00a0nav\u0161tevovan\u00fd Hrad Stre\u010dno je<strong> od 1. novembra pre verejnos\u0165 zatvoren\u00fd<\/strong>. N\u00e1v\u0161tevn\u00edkov na hrade vystriedali zamestnanci firmy, ktor\u00e1 zabezpe\u010duje pr\u00e1ce na san\u00e1cii hradn\u00e9ho brala. Pova\u017esk\u00e9 m\u00fazeum tak u\u017e v t\u00fdchto d\u0148och pripravuje hrad na zimn\u00e9 obdobie a pl\u00e1nuje zlep\u0161enie a skvalitnenie slu\u017eieb pre svojich n\u00e1v\u0161tevn\u00edkov v sez\u00f3ne 2017.<\/p>\n<p>Verejnos\u0165 u\u017e bola informovan\u00e1, \u017ee Pova\u017esk\u00e9 m\u00fazeum v \u017diline z\u00edskalo ocenenie \u017diva Award za pr\u00edstup a aktivity pre n\u00e1v\u0161tevn\u00edkov spomedzi 19 m\u00faze\u00ed z\u00a010 kraj\u00edn. Cen\u00edme si toto ocenenie, ktor\u00e9 je odmenou za pr\u00e1cu kolekt\u00edvu hradu Stre\u010dno a cel\u00e9ho m\u00fazea, ktor\u00fa vykon\u00e1vame smerom k n\u00e1v\u0161tevn\u00edkovi. Zachov\u00e1vame odborn\u00fd pr\u00edstup prostredn\u00edctvom expoz\u00edcie, ktor\u00e1 je dokumenta\u010dn\u00e1 a\u00a0vych\u00e1dza z poznatkov archeol\u00f3gie a hist\u00f3rie a podan\u00e1 je n\u00e1v\u0161tevn\u00edkovi zrozumite\u013enou formou prostredn\u00edctvom na\u0161ich sprievodcov.<\/p>\n<p>Pova\u017esk\u00e9 m\u00fazeum v \u017diline realizovalo v mesiaci okt\u00f3ber na hrade Stre\u010dno opravu palis\u00e1d v are\u00e1li stredovekej dediny Paseka. Z prevent\u00edvnych d\u00f4vodov bol pletivov\u00fd plot nahr\u00e1dzan\u00fd novou kolovou hradbou, na ktor\u00fa finan\u010dne prispel zo svojich zdrojov \u017dilinsk\u00fd samospr\u00e1vny kraj. V r\u00e1mci Grantov\u00e9ho syst\u00e9mu Ministerstva kult\u00fary SR z Programu Obnovme si svoj dom z\u00edskalo Pova\u017esk\u00e9 m\u00fazeum finan\u010dn\u00e9 prostriedky na zabezpe\u010denie hradn\u00fdch m\u00farov.<\/p>\n<p>U\u017e teraz sa te\u0161\u00edme sa na nov\u00e9 v\u00fdzvy a mo\u017enosti, ktor\u00e9 n\u00e1m umo\u017enia spr\u00edjemni\u0165 v\u0161etk\u00fdm n\u00e1v\u0161tevu hradu.<\/p>\n<p>&nbsp;<\/p>\n<p><a href=\"https:\/\/pmza.sk\/wp-content\/uploads\/2016\/10\/IMG_1866.jpg\"><img fetchpriority=\"high\" decoding=\"async\" class=\" size-medium wp-image-17977 aligncenter\" src=\"https:\/\/pmza.sk.sk\/wp-content\/uploads\/2016\/10\/IMG_1866-200x300.jpg\" alt=\"img_1866\" width=\"200\" height=\"300\" \/><\/a><\/p>\n<p><a href=\"https:\/\/pmza.sk\/wp-content\/uploads\/2016\/10\/IMG_1867.jpg\"><img decoding=\"async\" class=\"size-medium wp-image-17978 aligncenter\" src=\"https:\/\/pmza.sk.sk\/wp-content\/uploads\/2016\/10\/IMG_1867-300x200.jpg\" alt=\"img_1867\" width=\"300\" height=\"200\" \/><\/a><\/p>\n<p style=\"text-align: center;\"><a href=\"https:\/\/pmza.sk\/wp-content\/uploads\/2016\/10\/IMG_1879.jpg\"><img decoding=\"async\" class=\" size-medium wp-image-17979 aligncenter\" src=\"https:\/\/pmza.sk.sk\/wp-content\/uploads\/2016\/10\/IMG_1879-300x200.jpg\" alt=\"img_1879\" width=\"300\" height=\"200\" \/><\/a><\/p>\n<p style=\"text-align: center;\"><a href=\"https:\/\/pmza.sk\/wp-content\/uploads\/2016\/10\/IMG_1880.jpg\"><img loading=\"lazy\" decoding=\"async\" class=\" size-medium wp-image-17980 aligncenter\" src=\"https:\/\/pmza.sk.sk\/wp-content\/uploads\/2016\/10\/IMG_1880-300x200.jpg\" alt=\"img_1880\" width=\"300\" height=\"200\" \/><\/a><\/p>\n<p style=\"text-align: center;\"><a href=\"https:\/\/pmza.sk\/wp-content\/uploads\/2016\/10\/IMG_1864.jpg\"><img loading=\"lazy\" decoding=\"async\" class=\" size-medium wp-image-17976 aligncenter\" src=\"https:\/\/pmza.sk.sk\/wp-content\/uploads\/2016\/10\/IMG_1864-300x200.jpg\" alt=\"img_1864\" width=\"300\" height=\"200\" \/><\/a><\/p>\n<p style=\"text-align: center;\"><a href=\"https:\/\/pmza.sk\/wp-content\/uploads\/2016\/10\/IMG_1863.jpg\"><img loading=\"lazy\" decoding=\"async\" class=\" size-medium wp-image-17975 aligncenter\" src=\"https:\/\/pmza.sk.sk\/wp-content\/uploads\/2016\/10\/IMG_1863-300x200.jpg\" alt=\"img_1863\" width=\"300\" height=\"200\" \/><\/a><\/p>\n<p style=\"text-align: center;\">\n","protected":false},"excerpt":{"rendered":"<p>Jedna z expoz\u00edci\u00ed Pova\u017esk\u00e9ho m\u00fazea v \u017diline v\u00a0zria\u010fovate\u013eskej p\u00f4sobnosti \u017dilinsk\u00e9ho samospr\u00e1vneho kraja \u2013 zn\u00e1my a\u00a0nav\u0161tevovan\u00fd Hrad Stre\u010dno je od 1. novembra pre verejnos\u0165 zatvoren\u00fd. N\u00e1v\u0161tevn\u00edkov na hrade vystriedali zamestnanci firmy, ktor\u00e1 zabezpe\u010duje pr\u00e1ce na san\u00e1cii hradn\u00e9ho brala. Pova\u017esk\u00e9 m\u00fazeum tak u\u017e v t\u00fdchto d\u0148och pripravuje hrad na zimn\u00e9 obdobie a pl\u00e1nuje zlep\u0161enie a skvalitnenie slu\u017eieb [&hellip;]<\/p>\n","protected":false},"author":2,"featured_media":17975,"comment_status":"closed","ping_status":"closed","sticky":false,"template":"","format":"standard","meta":{"site-sidebar-layout":"default","site-content-layout":"","ast-site-content-layout":"","site-content-style":"default","site-sidebar-style":"default","ast-global-header-display":"","ast-banner-title-visibility":"","ast-main-header-display":"","ast-hfb-above-header-display":"","ast-hfb-below-header-display":"","ast-hfb-mobile-header-display":"","site-post-title":"","ast-breadcrumbs-content":"","ast-featured-img":"","footer-sml-layout":"","theme-transparent-header-meta":"","adv-header-id-meta":"","stick-header-meta":"","header-above-stick-meta":"","header-main-stick-meta":"","header-below-stick-meta":"","astra-migrate-meta-layouts":"default","ast-page-background-enabled":"default","ast-page-background-meta":{"desktop":{"background-color":"var(--ast-global-color-4)","background-image":"","background-repeat":"repeat","background-position":"center center","background-size":"auto","background-attachment":"scroll","background-type":"","background-media":"","overlay-type":"","overlay-color":"","overlay-opacity":"","overlay-gradient":""},"tablet":{"background-color":"","background-image":"","background-repeat":"repeat","background-position":"center center","background-size":"auto","background-attachment":"scroll","background-type":"","background-media":"","overlay-type":"","overlay-color":"","overlay-opacity":"","overlay-gradient":""},"mobile":{"background-color":"","background-image":"","background-repeat":"repeat","background-position":"center center","background-size":"auto","background-attachment":"scroll","background-type":"","background-media":"","overlay-type":"","overlay-color":"","overlay-opacity":"","overlay-gradient":""}},"ast-content-background-meta":{"desktop":{"background-color":"var(--ast-global-color-5)","background-image":"","background-repeat":"repeat","background-position":"center center","background-size":"auto","background-attachment":"scroll","background-type":"","background-media":"","overlay-type":"","overlay-color":"","overlay-opacity":"","overlay-gradient":""},"tablet":{"background-color":"var(--ast-global-color-5)","background-image":"","background-repeat":"repeat","background-position":"center center","background-size":"auto","background-attachment":"scroll","background-type":"","background-media":"","overlay-type":"","overlay-color":"","overlay-opacity":"","overlay-gradient":""},"mobile":{"background-color":"var(--ast-global-color-5)","background-image":"","background-repeat":"repeat","background-position":"center center","background-size":"auto","background-attachment":"scroll","background-type":"","background-media":"","overlay-type":"","overlay-color":"","overlay-opacity":"","overlay-gradient":""}},"footnotes":""},"categories":[50],"tags":[],"class_list":["post-17981","post","type-post","status-publish","format-standard","has-post-thumbnail","hentry","category-archiv-2016"],"yoast_head":"<!-- This site is optimized with the Yoast SEO plugin v27.4 - https:\/\/yoast.com\/product\/yoast-seo-wordpress\/ -->\n<title>Stre\u010dno sa u\u017e od novembra pripravuje na nov\u00fa sez\u00f3nu - Pova\u017esk\u00e9 m\u00fazeum<\/title>\n<meta name=\"robots\" content=\"index, follow, max-snippet:-1, max-image-preview:large, max-video-preview:-1\" \/>\n<link rel=\"canonical\" href=\"https:\/\/pmza.sk\/?p=17981\" \/>\n<meta property=\"og:locale\" content=\"sk_SK\" \/>\n<meta property=\"og:type\" content=\"article\" \/>\n<meta property=\"og:title\" content=\"Stre\u010dno sa u\u017e od novembra pripravuje na nov\u00fa sez\u00f3nu - Pova\u017esk\u00e9 m\u00fazeum\" \/>\n<meta property=\"og:description\" content=\"Jedna z expoz\u00edci\u00ed Pova\u017esk\u00e9ho m\u00fazea v \u017diline v\u00a0zria\u010fovate\u013eskej p\u00f4sobnosti \u017dilinsk\u00e9ho samospr\u00e1vneho kraja \u2013 zn\u00e1my a\u00a0nav\u0161tevovan\u00fd Hrad Stre\u010dno je od 1. novembra pre verejnos\u0165 zatvoren\u00fd. N\u00e1v\u0161tevn\u00edkov na hrade vystriedali zamestnanci firmy, ktor\u00e1 zabezpe\u010duje pr\u00e1ce na san\u00e1cii hradn\u00e9ho brala. Pova\u017esk\u00e9 m\u00fazeum tak u\u017e v t\u00fdchto d\u0148och pripravuje hrad na zimn\u00e9 obdobie a pl\u00e1nuje zlep\u0161enie a skvalitnenie slu\u017eieb [&hellip;]\" \/>\n<meta property=\"og:url\" content=\"https:\/\/pmza.sk\/?p=17981\" \/>\n<meta property=\"og:site_name\" content=\"Pova\u017esk\u00e9 m\u00fazeum\" \/>\n<meta property=\"article:publisher\" content=\"https:\/\/www.facebook.com\/povazskemuzeum\" \/>\n<meta property=\"article:published_time\" content=\"2016-11-03T07:34:21+00:00\" \/>\n<meta property=\"og:image\" content=\"https:\/\/pmza.sk\/wp-content\/uploads\/2016\/10\/IMG_1863.jpg\" \/>\n\t<meta property=\"og:image:width\" content=\"1024\" \/>\n\t<meta property=\"og:image:height\" content=\"683\" \/>\n\t<meta property=\"og:image:type\" content=\"image\/jpeg\" \/>\n<meta name=\"author\" content=\"Pova\u017esk\u00e9 m\u00fazeum\" \/>\n<meta name=\"twitter:card\" content=\"summary_large_image\" \/>\n<meta name=\"twitter:label1\" content=\"Autor\" \/>\n\t<meta name=\"twitter:data1\" content=\"Pova\u017esk\u00e9 m\u00fazeum\" \/>\n\t<meta name=\"twitter:label2\" content=\"Predpokladan\u00fd \u010das \u010d\u00edtania\" \/>\n\t<meta name=\"twitter:data2\" content=\"2 min\u00faty\" \/>\n<script type=\"application\/ld+json\" class=\"yoast-schema-graph\">{\"@context\":\"https:\\\/\\\/schema.org\",\"@graph\":[{\"@type\":\"Article\",\"@id\":\"https:\\\/\\\/pmza.sk\\\/?p=17981#article\",\"isPartOf\":{\"@id\":\"https:\\\/\\\/pmza.sk\\\/?p=17981\"},\"author\":{\"name\":\"Pova\u017esk\u00e9 m\u00fazeum\",\"@id\":\"https:\\\/\\\/pmza.sk\\\/#\\\/schema\\\/person\\\/595e6a2ce731ea94dcd5d7f50a41ae33\"},\"headline\":\"Stre\u010dno sa u\u017e od novembra pripravuje na nov\u00fa sez\u00f3nu\",\"datePublished\":\"2016-11-03T07:34:21+00:00\",\"mainEntityOfPage\":{\"@id\":\"https:\\\/\\\/pmza.sk\\\/?p=17981\"},\"wordCount\":311,\"publisher\":{\"@id\":\"https:\\\/\\\/pmza.sk\\\/#organization\"},\"image\":{\"@id\":\"https:\\\/\\\/pmza.sk\\\/?p=17981#primaryimage\"},\"thumbnailUrl\":\"https:\\\/\\\/pmza.sk\\\/wp-content\\\/uploads\\\/2016\\\/10\\\/IMG_1863.jpg\",\"articleSection\":[\"Arch\u00edv 2016\"],\"inLanguage\":\"sk-SK\"},{\"@type\":\"WebPage\",\"@id\":\"https:\\\/\\\/pmza.sk\\\/?p=17981\",\"url\":\"https:\\\/\\\/pmza.sk\\\/?p=17981\",\"name\":\"Stre\u010dno sa u\u017e od novembra pripravuje na nov\u00fa sez\u00f3nu - Pova\u017esk\u00e9 m\u00fazeum\",\"isPartOf\":{\"@id\":\"https:\\\/\\\/pmza.sk\\\/#website\"},\"primaryImageOfPage\":{\"@id\":\"https:\\\/\\\/pmza.sk\\\/?p=17981#primaryimage\"},\"image\":{\"@id\":\"https:\\\/\\\/pmza.sk\\\/?p=17981#primaryimage\"},\"thumbnailUrl\":\"https:\\\/\\\/pmza.sk\\\/wp-content\\\/uploads\\\/2016\\\/10\\\/IMG_1863.jpg\",\"datePublished\":\"2016-11-03T07:34:21+00:00\",\"breadcrumb\":{\"@id\":\"https:\\\/\\\/pmza.sk\\\/?p=17981#breadcrumb\"},\"inLanguage\":\"sk-SK\",\"potentialAction\":[{\"@type\":\"ReadAction\",\"target\":[\"https:\\\/\\\/pmza.sk\\\/?p=17981\"]}]},{\"@type\":\"ImageObject\",\"inLanguage\":\"sk-SK\",\"@id\":\"https:\\\/\\\/pmza.sk\\\/?p=17981#primaryimage\",\"url\":\"https:\\\/\\\/pmza.sk\\\/wp-content\\\/uploads\\\/2016\\\/10\\\/IMG_1863.jpg\",\"contentUrl\":\"https:\\\/\\\/pmza.sk\\\/wp-content\\\/uploads\\\/2016\\\/10\\\/IMG_1863.jpg\",\"width\":1024,\"height\":683},{\"@type\":\"BreadcrumbList\",\"@id\":\"https:\\\/\\\/pmza.sk\\\/?p=17981#breadcrumb\",\"itemListElement\":[{\"@type\":\"ListItem\",\"position\":1,\"name\":\"Domovsk\u00e1 str\u00e1nka\",\"item\":\"https:\\\/\\\/pmza.sk\\\/\"},{\"@type\":\"ListItem\",\"position\":2,\"name\":\"Stre\u010dno sa u\u017e od novembra pripravuje na nov\u00fa sez\u00f3nu\"}]},{\"@type\":\"WebSite\",\"@id\":\"https:\\\/\\\/pmza.sk\\\/#website\",\"url\":\"https:\\\/\\\/pmza.sk\\\/\",\"name\":\"Pova\u017esk\u00e9 m\u00fazeum\",\"description\":\"Pova\u017esk\u00e9 m\u00fazeum v \u017diline je region\u00e1lne m\u00fazeum so s\u00eddlom v Budat\u00edne. Jeho expoz\u00edcie s\u00fa zameran\u00e9 na dejiny slovensk\u00e9ho umenia, kult\u00fary a dopravy.\",\"publisher\":{\"@id\":\"https:\\\/\\\/pmza.sk\\\/#organization\"},\"potentialAction\":[{\"@type\":\"SearchAction\",\"target\":{\"@type\":\"EntryPoint\",\"urlTemplate\":\"https:\\\/\\\/pmza.sk\\\/?s={search_term_string}\"},\"query-input\":{\"@type\":\"PropertyValueSpecification\",\"valueRequired\":true,\"valueName\":\"search_term_string\"}}],\"inLanguage\":\"sk-SK\"},{\"@type\":\"Organization\",\"@id\":\"https:\\\/\\\/pmza.sk\\\/#organization\",\"name\":\"Pova\u017esk\u00e9 m\u00fazeum\",\"url\":\"https:\\\/\\\/pmza.sk\\\/\",\"logo\":{\"@type\":\"ImageObject\",\"inLanguage\":\"sk-SK\",\"@id\":\"https:\\\/\\\/pmza.sk\\\/#\\\/schema\\\/logo\\\/image\\\/\",\"url\":\"https:\\\/\\\/pmza.sk\\\/wp-content\\\/uploads\\\/2022\\\/01\\\/logo_PM_horizontal.jpg\",\"contentUrl\":\"https:\\\/\\\/pmza.sk\\\/wp-content\\\/uploads\\\/2022\\\/01\\\/logo_PM_horizontal.jpg\",\"width\":231,\"height\":142,\"caption\":\"Pova\u017esk\u00e9 m\u00fazeum\"},\"image\":{\"@id\":\"https:\\\/\\\/pmza.sk\\\/#\\\/schema\\\/logo\\\/image\\\/\"},\"sameAs\":[\"https:\\\/\\\/www.facebook.com\\\/povazskemuzeum\",\"https:\\\/\\\/www.instagram.com\\\/povazskemuzeum\\\/\"]},{\"@type\":\"Person\",\"@id\":\"https:\\\/\\\/pmza.sk\\\/#\\\/schema\\\/person\\\/595e6a2ce731ea94dcd5d7f50a41ae33\",\"name\":\"Pova\u017esk\u00e9 m\u00fazeum\",\"image\":{\"@type\":\"ImageObject\",\"inLanguage\":\"sk-SK\",\"@id\":\"https:\\\/\\\/secure.gravatar.com\\\/avatar\\\/2bb7f1561282132fb5826dfeccc66c7996d11ee392ac6aaf7ced8a1c2027fbb2?s=96&d=mm&r=g\",\"url\":\"https:\\\/\\\/secure.gravatar.com\\\/avatar\\\/2bb7f1561282132fb5826dfeccc66c7996d11ee392ac6aaf7ced8a1c2027fbb2?s=96&d=mm&r=g\",\"contentUrl\":\"https:\\\/\\\/secure.gravatar.com\\\/avatar\\\/2bb7f1561282132fb5826dfeccc66c7996d11ee392ac6aaf7ced8a1c2027fbb2?s=96&d=mm&r=g\",\"caption\":\"Pova\u017esk\u00e9 m\u00fazeum\"}}]}<\/script>\n<!-- \/ Yoast SEO plugin. -->","yoast_head_json":{"title":"Stre\u010dno sa u\u017e od novembra pripravuje na nov\u00fa sez\u00f3nu - Pova\u017esk\u00e9 m\u00fazeum","robots":{"index":"index","follow":"follow","max-snippet":"max-snippet:-1","max-image-preview":"max-image-preview:large","max-video-preview":"max-video-preview:-1"},"canonical":"https:\/\/pmza.sk\/?p=17981","og_locale":"sk_SK","og_type":"article","og_title":"Stre\u010dno sa u\u017e od novembra pripravuje na nov\u00fa sez\u00f3nu - Pova\u017esk\u00e9 m\u00fazeum","og_description":"Jedna z expoz\u00edci\u00ed Pova\u017esk\u00e9ho m\u00fazea v \u017diline v\u00a0zria\u010fovate\u013eskej p\u00f4sobnosti \u017dilinsk\u00e9ho samospr\u00e1vneho kraja \u2013 zn\u00e1my a\u00a0nav\u0161tevovan\u00fd Hrad Stre\u010dno je od 1. novembra pre verejnos\u0165 zatvoren\u00fd. N\u00e1v\u0161tevn\u00edkov na hrade vystriedali zamestnanci firmy, ktor\u00e1 zabezpe\u010duje pr\u00e1ce na san\u00e1cii hradn\u00e9ho brala. Pova\u017esk\u00e9 m\u00fazeum tak u\u017e v t\u00fdchto d\u0148och pripravuje hrad na zimn\u00e9 obdobie a pl\u00e1nuje zlep\u0161enie a skvalitnenie slu\u017eieb [&hellip;]","og_url":"https:\/\/pmza.sk\/?p=17981","og_site_name":"Pova\u017esk\u00e9 m\u00fazeum","article_publisher":"https:\/\/www.facebook.com\/povazskemuzeum","article_published_time":"2016-11-03T07:34:21+00:00","og_image":[{"width":1024,"height":683,"url":"https:\/\/pmza.sk\/wp-content\/uploads\/2016\/10\/IMG_1863.jpg","type":"image\/jpeg"}],"author":"Pova\u017esk\u00e9 m\u00fazeum","twitter_card":"summary_large_image","twitter_misc":{"Autor":"Pova\u017esk\u00e9 m\u00fazeum","Predpokladan\u00fd \u010das \u010d\u00edtania":"2 min\u00faty"},"schema":{"@context":"https:\/\/schema.org","@graph":[{"@type":"Article","@id":"https:\/\/pmza.sk\/?p=17981#article","isPartOf":{"@id":"https:\/\/pmza.sk\/?p=17981"},"author":{"name":"Pova\u017esk\u00e9 m\u00fazeum","@id":"https:\/\/pmza.sk\/#\/schema\/person\/595e6a2ce731ea94dcd5d7f50a41ae33"},"headline":"Stre\u010dno sa u\u017e od novembra pripravuje na nov\u00fa sez\u00f3nu","datePublished":"2016-11-03T07:34:21+00:00","mainEntityOfPage":{"@id":"https:\/\/pmza.sk\/?p=17981"},"wordCount":311,"publisher":{"@id":"https:\/\/pmza.sk\/#organization"},"image":{"@id":"https:\/\/pmza.sk\/?p=17981#primaryimage"},"thumbnailUrl":"https:\/\/pmza.sk\/wp-content\/uploads\/2016\/10\/IMG_1863.jpg","articleSection":["Arch\u00edv 2016"],"inLanguage":"sk-SK"},{"@type":"WebPage","@id":"https:\/\/pmza.sk\/?p=17981","url":"https:\/\/pmza.sk\/?p=17981","name":"Stre\u010dno sa u\u017e od novembra pripravuje na nov\u00fa sez\u00f3nu - Pova\u017esk\u00e9 m\u00fazeum","isPartOf":{"@id":"https:\/\/pmza.sk\/#website"},"primaryImageOfPage":{"@id":"https:\/\/pmza.sk\/?p=17981#primaryimage"},"image":{"@id":"https:\/\/pmza.sk\/?p=17981#primaryimage"},"thumbnailUrl":"https:\/\/pmza.sk\/wp-content\/uploads\/2016\/10\/IMG_1863.jpg","datePublished":"2016-11-03T07:34:21+00:00","breadcrumb":{"@id":"https:\/\/pmza.sk\/?p=17981#breadcrumb"},"inLanguage":"sk-SK","potentialAction":[{"@type":"ReadAction","target":["https:\/\/pmza.sk\/?p=17981"]}]},{"@type":"ImageObject","inLanguage":"sk-SK","@id":"https:\/\/pmza.sk\/?p=17981#primaryimage","url":"https:\/\/pmza.sk\/wp-content\/uploads\/2016\/10\/IMG_1863.jpg","contentUrl":"https:\/\/pmza.sk\/wp-content\/uploads\/2016\/10\/IMG_1863.jpg","width":1024,"height":683},{"@type":"BreadcrumbList","@id":"https:\/\/pmza.sk\/?p=17981#breadcrumb","itemListElement":[{"@type":"ListItem","position":1,"name":"Domovsk\u00e1 str\u00e1nka","item":"https:\/\/pmza.sk\/"},{"@type":"ListItem","position":2,"name":"Stre\u010dno sa u\u017e od novembra pripravuje na nov\u00fa sez\u00f3nu"}]},{"@type":"WebSite","@id":"https:\/\/pmza.sk\/#website","url":"https:\/\/pmza.sk\/","name":"Pova\u017esk\u00e9 m\u00fazeum","description":"Pova\u017esk\u00e9 m\u00fazeum v \u017diline je region\u00e1lne m\u00fazeum so s\u00eddlom v Budat\u00edne. Jeho expoz\u00edcie s\u00fa zameran\u00e9 na dejiny slovensk\u00e9ho umenia, kult\u00fary a dopravy.","publisher":{"@id":"https:\/\/pmza.sk\/#organization"},"potentialAction":[{"@type":"SearchAction","target":{"@type":"EntryPoint","urlTemplate":"https:\/\/pmza.sk\/?s={search_term_string}"},"query-input":{"@type":"PropertyValueSpecification","valueRequired":true,"valueName":"search_term_string"}}],"inLanguage":"sk-SK"},{"@type":"Organization","@id":"https:\/\/pmza.sk\/#organization","name":"Pova\u017esk\u00e9 m\u00fazeum","url":"https:\/\/pmza.sk\/","logo":{"@type":"ImageObject","inLanguage":"sk-SK","@id":"https:\/\/pmza.sk\/#\/schema\/logo\/image\/","url":"https:\/\/pmza.sk\/wp-content\/uploads\/2022\/01\/logo_PM_horizontal.jpg","contentUrl":"https:\/\/pmza.sk\/wp-content\/uploads\/2022\/01\/logo_PM_horizontal.jpg","width":231,"height":142,"caption":"Pova\u017esk\u00e9 m\u00fazeum"},"image":{"@id":"https:\/\/pmza.sk\/#\/schema\/logo\/image\/"},"sameAs":["https:\/\/www.facebook.com\/povazskemuzeum","https:\/\/www.instagram.com\/povazskemuzeum\/"]},{"@type":"Person","@id":"https:\/\/pmza.sk\/#\/schema\/person\/595e6a2ce731ea94dcd5d7f50a41ae33","name":"Pova\u017esk\u00e9 m\u00fazeum","image":{"@type":"ImageObject","inLanguage":"sk-SK","@id":"https:\/\/secure.gravatar.com\/avatar\/2bb7f1561282132fb5826dfeccc66c7996d11ee392ac6aaf7ced8a1c2027fbb2?s=96&d=mm&r=g","url":"https:\/\/secure.gravatar.com\/avatar\/2bb7f1561282132fb5826dfeccc66c7996d11ee392ac6aaf7ced8a1c2027fbb2?s=96&d=mm&r=g","contentUrl":"https:\/\/secure.gravatar.com\/avatar\/2bb7f1561282132fb5826dfeccc66c7996d11ee392ac6aaf7ced8a1c2027fbb2?s=96&d=mm&r=g","caption":"Pova\u017esk\u00e9 m\u00fazeum"}}]}},"_links":{"self":[{"href":"https:\/\/pmza.sk\/index.php?rest_route=\/wp\/v2\/posts\/17981","targetHints":{"allow":["GET"]}}],"collection":[{"href":"https:\/\/pmza.sk\/index.php?rest_route=\/wp\/v2\/posts"}],"about":[{"href":"https:\/\/pmza.sk\/index.php?rest_route=\/wp\/v2\/types\/post"}],"author":[{"embeddable":true,"href":"https:\/\/pmza.sk\/index.php?rest_route=\/wp\/v2\/users\/2"}],"replies":[{"embeddable":true,"href":"https:\/\/pmza.sk\/index.php?rest_route=%2Fwp%2Fv2%2Fcomments&post=17981"}],"version-history":[{"count":0,"href":"https:\/\/pmza.sk\/index.php?rest_route=\/wp\/v2\/posts\/17981\/revisions"}],"wp:featuredmedia":[{"embeddable":true,"href":"https:\/\/pmza.sk\/index.php?rest_route=\/wp\/v2\/media\/17975"}],"wp:attachment":[{"href":"https:\/\/pmza.sk\/index.php?rest_route=%2Fwp%2Fv2%2Fmedia&parent=17981"}],"wp:term":[{"taxonomy":"category","embeddable":true,"href":"https:\/\/pmza.sk\/index.php?rest_route=%2Fwp%2Fv2%2Fcategories&post=17981"},{"taxonomy":"post_tag","embeddable":true,"href":"https:\/\/pmza.sk\/index.php?rest_route=%2Fwp%2Fv2%2Ftags&post=17981"}],"curies":[{"name":"wp","href":"https:\/\/api.w.org\/{rel}","templated":true}]}}