{"id":18004,"date":"2016-10-23T12:05:00","date_gmt":"2016-10-23T10:05:00","guid":{"rendered":"https:\/\/pmza.sk.sk\/?p=18004"},"modified":"2016-10-23T12:05:00","modified_gmt":"2016-10-23T10:05:00","slug":"uhorsky-palatin-juraj-turzo-renesancny-clovek","status":"publish","type":"post","link":"https:\/\/pmza.sk\/?p=18004","title":{"rendered":"Uhorsk\u00fd palat\u00edn  Juraj Turzo \u2013 renesan\u010dn\u00fd \u010dlovek"},"content":{"rendered":"<p>Pova\u017esk\u00e9 m\u00fazeum v\u00a0\u017diline v\u00a0zria\u010fovate\u013eskej p\u00f4sobnosti \u017dilinsk\u00e9ho samospr\u00e1vneho kraja\u00a0<strong>vo \u0161tvrtok 27. okt\u00f3bra 2016 o\u00a013.00 hod.<\/strong>\u00a0v\u00a0Sob\u00e1\u0161nom pal\u00e1ci v\u00a0Byt\u010di pri pr\u00edle\u017eitosti 400. v\u00fdro\u010dia \u00famrtia Juraja Turza\u00a0sl\u00e1vnostne otvor\u00ed st\u00e1lu expoz\u00edciu venovan\u00fa\u00a0<strong>Uhorsk\u00e9mu palat\u00ednovi Jurajovi Turzovi.<\/strong><!--more--><\/p>\n<p>Expoz\u00edcia je reprezentat\u00edvnou pripomienkou jedine\u010dnej historickej osobnosti palat\u00edna Juraja Turza, zd\u00f4raz\u0148uje jeho renesan\u010dn\u00fa osobnos\u0165, ktor\u00e1 sa v\u00fdznamn\u00fdm sp\u00f4sobom zap\u00edsala do politick\u00e9ho, kult\u00farneho a n\u00e1bo\u017eensk\u00e9ho \u017eivota vtedaj\u0161ieho Uhorska.<\/p>\n<p>Pri tejto pr\u00edle\u017eitosti pripravili organiz\u00e1tori odborn\u00fd semin\u00e1r, venovan\u00fd historickej osobnosti palat\u00edna. Rodina Turzovcov, jej p\u00f4vod, hist\u00f3ria a\u00a0geneal\u00f3gia rodu bude prezentovan\u00e1 v\u00a0troch okruhoch:<\/p>\n<p>10.00 \u2013 10.20 <strong>Turzovci z\u00a0poh\u013eadu geneal\u00f3gie a heraldiky<\/strong><\/p>\n<p>\u00a0 \u00a0 \u00a0 \u00a0 \u00a0 \u00a0 \u00a0 \u00a0 \u00a0 \u00a0 \u00a0 \u00a0 \u00a0 \u00a0 Mgr. Michal Jureck\u00fd, historik,\u00a0Pova\u017esk\u00e9 m\u00fazeum v\u00a0\u017diline<\/p>\n<p>10.20 \u2013 10.40 <strong>Juraj Turzo ako historick\u00e1 osobnos\u0165<\/strong><\/p>\n<p>\u00a0 \u00a0 \u00a0 \u00a0 \u00a0 \u00a0 \u00a0 \u00a0 \u00a0 \u00a0 \u00a0 \u00a0 \u00a0 \u00a0 PhDr. Jana Kuruc\u00e1rov\u00e1, riadite\u013eka,\u00a0\u0160t\u00e1tny arch\u00edv v\u00a0\u017diline so s\u00eddlom v\u00a0Byt\u010di<\/p>\n<p>10.40 \u2013 11.00 <strong>15 rokov Zdru\u017eenia na z\u00e1chranu Lietavsk\u00e9ho hradu<\/strong><\/p>\n<p>\u00a0 \u00a0 \u00a0 \u00a0 \u00a0 \u00a0 \u00a0 \u00a0 \u00a0 \u00a0 \u00a0 \u00a0 \u00a0 \u00a0 \u013dubom\u00edr Chobot, v\u00fdkonn\u00fd riadite\u013e,\u00a0Zdru\u017eenie na z\u00e1chranu Lietavsk\u00e9ho hradu<\/p>\n<p>Sl\u00e1vnostn\u00e9 otvorenie v\u00fdstavy sa uskuto\u010dn\u00ed o\u00a013.00 hod. v\u00a0Sob\u00e1\u0161nom pal\u00e1ci v\u00a0Byt\u010di. V\u00a0r\u00e1mci neho Pova\u017esk\u00e9 m\u00fazeum v\u00a0\u017diline predstav\u00ed \u00fa\u010dastn\u00edkom podujatia nov\u00fa publik\u00e1ciu<em>\u00a0<\/em><em>\u201eUhorsk\u00fd palat\u00edn\u00a0 Juraj Turzo \u2013 renesan\u010dn\u00fd \u010dlovek\u201c<\/em>, ktorej vydanie bolo v\u00a0r\u00e1mci vedecko-v\u00fdskumnej a\u00a0prezenta\u010dnej \u010dinnosti podporen\u00e9 dot\u00e1ciou z\u00a0Fondu na podporu umenia a\u00a0z\u00a0finan\u010dn\u00fdch zdrojov \u017dSK.<\/p>\n<p>Samozrejme, po\u010das vernis\u00e1\u017ee bude zabezpe\u010den\u00fd bohat\u00fd kult\u00farny program. Historick\u00fdm Sob\u00e1\u0161nym pal\u00e1com prevedie n\u00e1v\u0161tevn\u00edkov samotn\u00fd palat\u00edn Turzo s\u00a0rodinou, a\u00a0v\u0161etci bud\u00fa ma\u0165 jedine\u010dn\u00fa mo\u017enos\u0165 &#8211; z\u00fa\u010dastni\u0165 sa\u00a0 na svadobnej hostine, ktorej renesan\u010dn\u00fa l\u00edniu stv\u00e1rni historick\u00e1 skupina Fringia. O\u00a0mel\u00f3diu dobovej hudby, skrytej za t\u00f3nmi \u010dembala, sa postar\u00e1 hudobn\u00e9 zoskupenie Tonus Eos zo Z\u00e1kladnej umeleckej \u0161koly v\u00a0Byt\u010di.<\/p>\n<p>St\u00e1la expoz\u00edcia je realizovan\u00e1 s finan\u010dn\u00fdm\u00a0pr\u00edspevkom \u017dilinsk\u00e9ho samospr\u00e1vneho kraja.<\/p>\n","protected":false},"excerpt":{"rendered":"<p>Pova\u017esk\u00e9 m\u00fazeum v\u00a0\u017diline v\u00a0zria\u010fovate\u013eskej p\u00f4sobnosti \u017dilinsk\u00e9ho samospr\u00e1vneho kraja\u00a0vo \u0161tvrtok 27. okt\u00f3bra 2016 o\u00a013.00 hod.\u00a0v\u00a0Sob\u00e1\u0161nom pal\u00e1ci v\u00a0Byt\u010di pri pr\u00edle\u017eitosti 400. v\u00fdro\u010dia \u00famrtia Juraja Turza\u00a0sl\u00e1vnostne otvor\u00ed st\u00e1lu expoz\u00edciu venovan\u00fa\u00a0Uhorsk\u00e9mu palat\u00ednovi Jurajovi Turzovi.<\/p>\n","protected":false},"author":2,"featured_media":18005,"comment_status":"closed","ping_status":"closed","sticky":false,"template":"","format":"standard","meta":{"site-sidebar-layout":"default","site-content-layout":"","ast-site-content-layout":"","site-content-style":"default","site-sidebar-style":"default","ast-global-header-display":"","ast-banner-title-visibility":"","ast-main-header-display":"","ast-hfb-above-header-display":"","ast-hfb-below-header-display":"","ast-hfb-mobile-header-display":"","site-post-title":"","ast-breadcrumbs-content":"","ast-featured-img":"","footer-sml-layout":"","theme-transparent-header-meta":"","adv-header-id-meta":"","stick-header-meta":"","header-above-stick-meta":"","header-main-stick-meta":"","header-below-stick-meta":"","astra-migrate-meta-layouts":"default","ast-page-background-enabled":"default","ast-page-background-meta":{"desktop":{"background-color":"var(--ast-global-color-4)","background-image":"","background-repeat":"repeat","background-position":"center center","background-size":"auto","background-attachment":"scroll","background-type":"","background-media":"","overlay-type":"","overlay-color":"","overlay-opacity":"","overlay-gradient":""},"tablet":{"background-color":"","background-image":"","background-repeat":"repeat","background-position":"center center","background-size":"auto","background-attachment":"scroll","background-type":"","background-media":"","overlay-type":"","overlay-color":"","overlay-opacity":"","overlay-gradient":""},"mobile":{"background-color":"","background-image":"","background-repeat":"repeat","background-position":"center center","background-size":"auto","background-attachment":"scroll","background-type":"","background-media":"","overlay-type":"","overlay-color":"","overlay-opacity":"","overlay-gradient":""}},"ast-content-background-meta":{"desktop":{"background-color":"var(--ast-global-color-5)","background-image":"","background-repeat":"repeat","background-position":"center center","background-size":"auto","background-attachment":"scroll","background-type":"","background-media":"","overlay-type":"","overlay-color":"","overlay-opacity":"","overlay-gradient":""},"tablet":{"background-color":"var(--ast-global-color-5)","background-image":"","background-repeat":"repeat","background-position":"center center","background-size":"auto","background-attachment":"scroll","background-type":"","background-media":"","overlay-type":"","overlay-color":"","overlay-opacity":"","overlay-gradient":""},"mobile":{"background-color":"var(--ast-global-color-5)","background-image":"","background-repeat":"repeat","background-position":"center center","background-size":"auto","background-attachment":"scroll","background-type":"","background-media":"","overlay-type":"","overlay-color":"","overlay-opacity":"","overlay-gradient":""}},"footnotes":""},"categories":[50],"tags":[],"class_list":["post-18004","post","type-post","status-publish","format-standard","has-post-thumbnail","hentry","category-archiv-2016"],"yoast_head":"<!-- This site is optimized with the Yoast SEO plugin v27.4 - https:\/\/yoast.com\/product\/yoast-seo-wordpress\/ -->\n<title>Uhorsk\u00fd palat\u00edn Juraj Turzo \u2013 renesan\u010dn\u00fd \u010dlovek - Pova\u017esk\u00e9 m\u00fazeum<\/title>\n<meta name=\"robots\" content=\"index, follow, max-snippet:-1, max-image-preview:large, max-video-preview:-1\" \/>\n<link rel=\"canonical\" href=\"https:\/\/pmza.sk\/?p=18004\" \/>\n<meta property=\"og:locale\" content=\"sk_SK\" \/>\n<meta property=\"og:type\" content=\"article\" \/>\n<meta property=\"og:title\" content=\"Uhorsk\u00fd palat\u00edn Juraj Turzo \u2013 renesan\u010dn\u00fd \u010dlovek - Pova\u017esk\u00e9 m\u00fazeum\" \/>\n<meta property=\"og:description\" content=\"Pova\u017esk\u00e9 m\u00fazeum v\u00a0\u017diline v\u00a0zria\u010fovate\u013eskej p\u00f4sobnosti \u017dilinsk\u00e9ho samospr\u00e1vneho kraja\u00a0vo \u0161tvrtok 27. okt\u00f3bra 2016 o\u00a013.00 hod.\u00a0v\u00a0Sob\u00e1\u0161nom pal\u00e1ci v\u00a0Byt\u010di pri pr\u00edle\u017eitosti 400. v\u00fdro\u010dia \u00famrtia Juraja Turza\u00a0sl\u00e1vnostne otvor\u00ed st\u00e1lu expoz\u00edciu venovan\u00fa\u00a0Uhorsk\u00e9mu palat\u00ednovi Jurajovi Turzovi.\" \/>\n<meta property=\"og:url\" content=\"https:\/\/pmza.sk\/?p=18004\" \/>\n<meta property=\"og:site_name\" content=\"Pova\u017esk\u00e9 m\u00fazeum\" \/>\n<meta property=\"article:publisher\" content=\"https:\/\/www.facebook.com\/povazskemuzeum\" \/>\n<meta property=\"article:published_time\" content=\"2016-10-23T10:05:00+00:00\" \/>\n<meta property=\"og:image\" content=\"https:\/\/pmza.sk\/wp-content\/uploads\/2016\/10\/Uhorsky-palatin-Juraj-Turzo-\u2013-renesancny-clovek.plagat-scaled-1.jpg\" \/>\n\t<meta property=\"og:image:width\" content=\"1692\" \/>\n\t<meta property=\"og:image:height\" content=\"2560\" \/>\n\t<meta property=\"og:image:type\" content=\"image\/jpeg\" \/>\n<meta name=\"author\" content=\"Pova\u017esk\u00e9 m\u00fazeum\" \/>\n<meta name=\"twitter:card\" content=\"summary_large_image\" \/>\n<meta name=\"twitter:label1\" content=\"Autor\" \/>\n\t<meta name=\"twitter:data1\" content=\"Pova\u017esk\u00e9 m\u00fazeum\" \/>\n\t<meta name=\"twitter:label2\" content=\"Predpokladan\u00fd \u010das \u010d\u00edtania\" \/>\n\t<meta name=\"twitter:data2\" content=\"2 min\u00faty\" \/>\n<script type=\"application\/ld+json\" class=\"yoast-schema-graph\">{\"@context\":\"https:\\\/\\\/schema.org\",\"@graph\":[{\"@type\":\"Article\",\"@id\":\"https:\\\/\\\/pmza.sk\\\/?p=18004#article\",\"isPartOf\":{\"@id\":\"https:\\\/\\\/pmza.sk\\\/?p=18004\"},\"author\":{\"name\":\"Pova\u017esk\u00e9 m\u00fazeum\",\"@id\":\"https:\\\/\\\/pmza.sk\\\/#\\\/schema\\\/person\\\/595e6a2ce731ea94dcd5d7f50a41ae33\"},\"headline\":\"Uhorsk\u00fd palat\u00edn Juraj Turzo \u2013 renesan\u010dn\u00fd \u010dlovek\",\"datePublished\":\"2016-10-23T10:05:00+00:00\",\"mainEntityOfPage\":{\"@id\":\"https:\\\/\\\/pmza.sk\\\/?p=18004\"},\"wordCount\":369,\"publisher\":{\"@id\":\"https:\\\/\\\/pmza.sk\\\/#organization\"},\"image\":{\"@id\":\"https:\\\/\\\/pmza.sk\\\/?p=18004#primaryimage\"},\"thumbnailUrl\":\"https:\\\/\\\/pmza.sk\\\/wp-content\\\/uploads\\\/2016\\\/10\\\/Uhorsky-palatin-Juraj-Turzo-\u2013-renesancny-clovek.plagat-scaled-1.jpg\",\"articleSection\":[\"Arch\u00edv 2016\"],\"inLanguage\":\"sk-SK\"},{\"@type\":\"WebPage\",\"@id\":\"https:\\\/\\\/pmza.sk\\\/?p=18004\",\"url\":\"https:\\\/\\\/pmza.sk\\\/?p=18004\",\"name\":\"Uhorsk\u00fd palat\u00edn Juraj Turzo \u2013 renesan\u010dn\u00fd \u010dlovek - Pova\u017esk\u00e9 m\u00fazeum\",\"isPartOf\":{\"@id\":\"https:\\\/\\\/pmza.sk\\\/#website\"},\"primaryImageOfPage\":{\"@id\":\"https:\\\/\\\/pmza.sk\\\/?p=18004#primaryimage\"},\"image\":{\"@id\":\"https:\\\/\\\/pmza.sk\\\/?p=18004#primaryimage\"},\"thumbnailUrl\":\"https:\\\/\\\/pmza.sk\\\/wp-content\\\/uploads\\\/2016\\\/10\\\/Uhorsky-palatin-Juraj-Turzo-\u2013-renesancny-clovek.plagat-scaled-1.jpg\",\"datePublished\":\"2016-10-23T10:05:00+00:00\",\"breadcrumb\":{\"@id\":\"https:\\\/\\\/pmza.sk\\\/?p=18004#breadcrumb\"},\"inLanguage\":\"sk-SK\",\"potentialAction\":[{\"@type\":\"ReadAction\",\"target\":[\"https:\\\/\\\/pmza.sk\\\/?p=18004\"]}]},{\"@type\":\"ImageObject\",\"inLanguage\":\"sk-SK\",\"@id\":\"https:\\\/\\\/pmza.sk\\\/?p=18004#primaryimage\",\"url\":\"https:\\\/\\\/pmza.sk\\\/wp-content\\\/uploads\\\/2016\\\/10\\\/Uhorsky-palatin-Juraj-Turzo-\u2013-renesancny-clovek.plagat-scaled-1.jpg\",\"contentUrl\":\"https:\\\/\\\/pmza.sk\\\/wp-content\\\/uploads\\\/2016\\\/10\\\/Uhorsky-palatin-Juraj-Turzo-\u2013-renesancny-clovek.plagat-scaled-1.jpg\",\"width\":1692,\"height\":2560},{\"@type\":\"BreadcrumbList\",\"@id\":\"https:\\\/\\\/pmza.sk\\\/?p=18004#breadcrumb\",\"itemListElement\":[{\"@type\":\"ListItem\",\"position\":1,\"name\":\"Domovsk\u00e1 str\u00e1nka\",\"item\":\"https:\\\/\\\/pmza.sk\\\/\"},{\"@type\":\"ListItem\",\"position\":2,\"name\":\"Uhorsk\u00fd palat\u00edn Juraj Turzo \u2013 renesan\u010dn\u00fd \u010dlovek\"}]},{\"@type\":\"WebSite\",\"@id\":\"https:\\\/\\\/pmza.sk\\\/#website\",\"url\":\"https:\\\/\\\/pmza.sk\\\/\",\"name\":\"Pova\u017esk\u00e9 m\u00fazeum\",\"description\":\"Pova\u017esk\u00e9 m\u00fazeum v \u017diline je region\u00e1lne m\u00fazeum so s\u00eddlom v Budat\u00edne. Jeho expoz\u00edcie s\u00fa zameran\u00e9 na dejiny slovensk\u00e9ho umenia, kult\u00fary a dopravy.\",\"publisher\":{\"@id\":\"https:\\\/\\\/pmza.sk\\\/#organization\"},\"potentialAction\":[{\"@type\":\"SearchAction\",\"target\":{\"@type\":\"EntryPoint\",\"urlTemplate\":\"https:\\\/\\\/pmza.sk\\\/?s={search_term_string}\"},\"query-input\":{\"@type\":\"PropertyValueSpecification\",\"valueRequired\":true,\"valueName\":\"search_term_string\"}}],\"inLanguage\":\"sk-SK\"},{\"@type\":\"Organization\",\"@id\":\"https:\\\/\\\/pmza.sk\\\/#organization\",\"name\":\"Pova\u017esk\u00e9 m\u00fazeum\",\"url\":\"https:\\\/\\\/pmza.sk\\\/\",\"logo\":{\"@type\":\"ImageObject\",\"inLanguage\":\"sk-SK\",\"@id\":\"https:\\\/\\\/pmza.sk\\\/#\\\/schema\\\/logo\\\/image\\\/\",\"url\":\"https:\\\/\\\/pmza.sk\\\/wp-content\\\/uploads\\\/2022\\\/01\\\/logo_PM_horizontal.jpg\",\"contentUrl\":\"https:\\\/\\\/pmza.sk\\\/wp-content\\\/uploads\\\/2022\\\/01\\\/logo_PM_horizontal.jpg\",\"width\":231,\"height\":142,\"caption\":\"Pova\u017esk\u00e9 m\u00fazeum\"},\"image\":{\"@id\":\"https:\\\/\\\/pmza.sk\\\/#\\\/schema\\\/logo\\\/image\\\/\"},\"sameAs\":[\"https:\\\/\\\/www.facebook.com\\\/povazskemuzeum\",\"https:\\\/\\\/www.instagram.com\\\/povazskemuzeum\\\/\"]},{\"@type\":\"Person\",\"@id\":\"https:\\\/\\\/pmza.sk\\\/#\\\/schema\\\/person\\\/595e6a2ce731ea94dcd5d7f50a41ae33\",\"name\":\"Pova\u017esk\u00e9 m\u00fazeum\",\"image\":{\"@type\":\"ImageObject\",\"inLanguage\":\"sk-SK\",\"@id\":\"https:\\\/\\\/secure.gravatar.com\\\/avatar\\\/2bb7f1561282132fb5826dfeccc66c7996d11ee392ac6aaf7ced8a1c2027fbb2?s=96&d=mm&r=g\",\"url\":\"https:\\\/\\\/secure.gravatar.com\\\/avatar\\\/2bb7f1561282132fb5826dfeccc66c7996d11ee392ac6aaf7ced8a1c2027fbb2?s=96&d=mm&r=g\",\"contentUrl\":\"https:\\\/\\\/secure.gravatar.com\\\/avatar\\\/2bb7f1561282132fb5826dfeccc66c7996d11ee392ac6aaf7ced8a1c2027fbb2?s=96&d=mm&r=g\",\"caption\":\"Pova\u017esk\u00e9 m\u00fazeum\"}}]}<\/script>\n<!-- \/ Yoast SEO plugin. -->","yoast_head_json":{"title":"Uhorsk\u00fd palat\u00edn Juraj Turzo \u2013 renesan\u010dn\u00fd \u010dlovek - Pova\u017esk\u00e9 m\u00fazeum","robots":{"index":"index","follow":"follow","max-snippet":"max-snippet:-1","max-image-preview":"max-image-preview:large","max-video-preview":"max-video-preview:-1"},"canonical":"https:\/\/pmza.sk\/?p=18004","og_locale":"sk_SK","og_type":"article","og_title":"Uhorsk\u00fd palat\u00edn Juraj Turzo \u2013 renesan\u010dn\u00fd \u010dlovek - Pova\u017esk\u00e9 m\u00fazeum","og_description":"Pova\u017esk\u00e9 m\u00fazeum v\u00a0\u017diline v\u00a0zria\u010fovate\u013eskej p\u00f4sobnosti \u017dilinsk\u00e9ho samospr\u00e1vneho kraja\u00a0vo \u0161tvrtok 27. okt\u00f3bra 2016 o\u00a013.00 hod.\u00a0v\u00a0Sob\u00e1\u0161nom pal\u00e1ci v\u00a0Byt\u010di pri pr\u00edle\u017eitosti 400. v\u00fdro\u010dia \u00famrtia Juraja Turza\u00a0sl\u00e1vnostne otvor\u00ed st\u00e1lu expoz\u00edciu venovan\u00fa\u00a0Uhorsk\u00e9mu palat\u00ednovi Jurajovi Turzovi.","og_url":"https:\/\/pmza.sk\/?p=18004","og_site_name":"Pova\u017esk\u00e9 m\u00fazeum","article_publisher":"https:\/\/www.facebook.com\/povazskemuzeum","article_published_time":"2016-10-23T10:05:00+00:00","og_image":[{"width":1692,"height":2560,"url":"https:\/\/pmza.sk\/wp-content\/uploads\/2016\/10\/Uhorsky-palatin-Juraj-Turzo-\u2013-renesancny-clovek.plagat-scaled-1.jpg","type":"image\/jpeg"}],"author":"Pova\u017esk\u00e9 m\u00fazeum","twitter_card":"summary_large_image","twitter_misc":{"Autor":"Pova\u017esk\u00e9 m\u00fazeum","Predpokladan\u00fd \u010das \u010d\u00edtania":"2 min\u00faty"},"schema":{"@context":"https:\/\/schema.org","@graph":[{"@type":"Article","@id":"https:\/\/pmza.sk\/?p=18004#article","isPartOf":{"@id":"https:\/\/pmza.sk\/?p=18004"},"author":{"name":"Pova\u017esk\u00e9 m\u00fazeum","@id":"https:\/\/pmza.sk\/#\/schema\/person\/595e6a2ce731ea94dcd5d7f50a41ae33"},"headline":"Uhorsk\u00fd palat\u00edn Juraj Turzo \u2013 renesan\u010dn\u00fd \u010dlovek","datePublished":"2016-10-23T10:05:00+00:00","mainEntityOfPage":{"@id":"https:\/\/pmza.sk\/?p=18004"},"wordCount":369,"publisher":{"@id":"https:\/\/pmza.sk\/#organization"},"image":{"@id":"https:\/\/pmza.sk\/?p=18004#primaryimage"},"thumbnailUrl":"https:\/\/pmza.sk\/wp-content\/uploads\/2016\/10\/Uhorsky-palatin-Juraj-Turzo-\u2013-renesancny-clovek.plagat-scaled-1.jpg","articleSection":["Arch\u00edv 2016"],"inLanguage":"sk-SK"},{"@type":"WebPage","@id":"https:\/\/pmza.sk\/?p=18004","url":"https:\/\/pmza.sk\/?p=18004","name":"Uhorsk\u00fd palat\u00edn Juraj Turzo \u2013 renesan\u010dn\u00fd \u010dlovek - Pova\u017esk\u00e9 m\u00fazeum","isPartOf":{"@id":"https:\/\/pmza.sk\/#website"},"primaryImageOfPage":{"@id":"https:\/\/pmza.sk\/?p=18004#primaryimage"},"image":{"@id":"https:\/\/pmza.sk\/?p=18004#primaryimage"},"thumbnailUrl":"https:\/\/pmza.sk\/wp-content\/uploads\/2016\/10\/Uhorsky-palatin-Juraj-Turzo-\u2013-renesancny-clovek.plagat-scaled-1.jpg","datePublished":"2016-10-23T10:05:00+00:00","breadcrumb":{"@id":"https:\/\/pmza.sk\/?p=18004#breadcrumb"},"inLanguage":"sk-SK","potentialAction":[{"@type":"ReadAction","target":["https:\/\/pmza.sk\/?p=18004"]}]},{"@type":"ImageObject","inLanguage":"sk-SK","@id":"https:\/\/pmza.sk\/?p=18004#primaryimage","url":"https:\/\/pmza.sk\/wp-content\/uploads\/2016\/10\/Uhorsky-palatin-Juraj-Turzo-\u2013-renesancny-clovek.plagat-scaled-1.jpg","contentUrl":"https:\/\/pmza.sk\/wp-content\/uploads\/2016\/10\/Uhorsky-palatin-Juraj-Turzo-\u2013-renesancny-clovek.plagat-scaled-1.jpg","width":1692,"height":2560},{"@type":"BreadcrumbList","@id":"https:\/\/pmza.sk\/?p=18004#breadcrumb","itemListElement":[{"@type":"ListItem","position":1,"name":"Domovsk\u00e1 str\u00e1nka","item":"https:\/\/pmza.sk\/"},{"@type":"ListItem","position":2,"name":"Uhorsk\u00fd palat\u00edn Juraj Turzo \u2013 renesan\u010dn\u00fd \u010dlovek"}]},{"@type":"WebSite","@id":"https:\/\/pmza.sk\/#website","url":"https:\/\/pmza.sk\/","name":"Pova\u017esk\u00e9 m\u00fazeum","description":"Pova\u017esk\u00e9 m\u00fazeum v \u017diline je region\u00e1lne m\u00fazeum so s\u00eddlom v Budat\u00edne. Jeho expoz\u00edcie s\u00fa zameran\u00e9 na dejiny slovensk\u00e9ho umenia, kult\u00fary a dopravy.","publisher":{"@id":"https:\/\/pmza.sk\/#organization"},"potentialAction":[{"@type":"SearchAction","target":{"@type":"EntryPoint","urlTemplate":"https:\/\/pmza.sk\/?s={search_term_string}"},"query-input":{"@type":"PropertyValueSpecification","valueRequired":true,"valueName":"search_term_string"}}],"inLanguage":"sk-SK"},{"@type":"Organization","@id":"https:\/\/pmza.sk\/#organization","name":"Pova\u017esk\u00e9 m\u00fazeum","url":"https:\/\/pmza.sk\/","logo":{"@type":"ImageObject","inLanguage":"sk-SK","@id":"https:\/\/pmza.sk\/#\/schema\/logo\/image\/","url":"https:\/\/pmza.sk\/wp-content\/uploads\/2022\/01\/logo_PM_horizontal.jpg","contentUrl":"https:\/\/pmza.sk\/wp-content\/uploads\/2022\/01\/logo_PM_horizontal.jpg","width":231,"height":142,"caption":"Pova\u017esk\u00e9 m\u00fazeum"},"image":{"@id":"https:\/\/pmza.sk\/#\/schema\/logo\/image\/"},"sameAs":["https:\/\/www.facebook.com\/povazskemuzeum","https:\/\/www.instagram.com\/povazskemuzeum\/"]},{"@type":"Person","@id":"https:\/\/pmza.sk\/#\/schema\/person\/595e6a2ce731ea94dcd5d7f50a41ae33","name":"Pova\u017esk\u00e9 m\u00fazeum","image":{"@type":"ImageObject","inLanguage":"sk-SK","@id":"https:\/\/secure.gravatar.com\/avatar\/2bb7f1561282132fb5826dfeccc66c7996d11ee392ac6aaf7ced8a1c2027fbb2?s=96&d=mm&r=g","url":"https:\/\/secure.gravatar.com\/avatar\/2bb7f1561282132fb5826dfeccc66c7996d11ee392ac6aaf7ced8a1c2027fbb2?s=96&d=mm&r=g","contentUrl":"https:\/\/secure.gravatar.com\/avatar\/2bb7f1561282132fb5826dfeccc66c7996d11ee392ac6aaf7ced8a1c2027fbb2?s=96&d=mm&r=g","caption":"Pova\u017esk\u00e9 m\u00fazeum"}}]}},"_links":{"self":[{"href":"https:\/\/pmza.sk\/index.php?rest_route=\/wp\/v2\/posts\/18004","targetHints":{"allow":["GET"]}}],"collection":[{"href":"https:\/\/pmza.sk\/index.php?rest_route=\/wp\/v2\/posts"}],"about":[{"href":"https:\/\/pmza.sk\/index.php?rest_route=\/wp\/v2\/types\/post"}],"author":[{"embeddable":true,"href":"https:\/\/pmza.sk\/index.php?rest_route=\/wp\/v2\/users\/2"}],"replies":[{"embeddable":true,"href":"https:\/\/pmza.sk\/index.php?rest_route=%2Fwp%2Fv2%2Fcomments&post=18004"}],"version-history":[{"count":0,"href":"https:\/\/pmza.sk\/index.php?rest_route=\/wp\/v2\/posts\/18004\/revisions"}],"wp:featuredmedia":[{"embeddable":true,"href":"https:\/\/pmza.sk\/index.php?rest_route=\/wp\/v2\/media\/18005"}],"wp:attachment":[{"href":"https:\/\/pmza.sk\/index.php?rest_route=%2Fwp%2Fv2%2Fmedia&parent=18004"}],"wp:term":[{"taxonomy":"category","embeddable":true,"href":"https:\/\/pmza.sk\/index.php?rest_route=%2Fwp%2Fv2%2Fcategories&post=18004"},{"taxonomy":"post_tag","embeddable":true,"href":"https:\/\/pmza.sk\/index.php?rest_route=%2Fwp%2Fv2%2Ftags&post=18004"}],"curies":[{"name":"wp","href":"https:\/\/api.w.org\/{rel}","templated":true}]}}