{"id":18160,"date":"2016-10-22T18:12:56","date_gmt":"2016-10-22T16:12:56","guid":{"rendered":"https:\/\/pmza.sk.sk\/?p=18160"},"modified":"2016-10-22T18:12:56","modified_gmt":"2016-10-22T16:12:56","slug":"cyklisti-uviedli-do-zivota-novy-usek-bikekie","status":"publish","type":"post","link":"https:\/\/pmza.sk\/?p=18160","title":{"rendered":"Cyklisti uviedli do \u017eivota nov\u00fd \u00fasek BikeKie"},"content":{"rendered":"<p>\u017dupn\u00fd cyklochodn\u00edk BikeKia m\u00e1 op\u00e4\u0165 nov\u00fd vyasfaltovan\u00fd \u00fasek. \u010eal\u0161ie takmer dva kilometre medzi v\u00fdjazdom na Budat\u00ednsky most a\u00a0l\u00e1vkou pri biokoridore upravil \u017dilinsk\u00fd kraj aj v\u010faka podpore a\u00a0spolupr\u00e1ci s\u00a0Nad\u00e1ciou Kia Motors Slovakia v\u00a0celkovej hodnote 156-tis\u00edc eur. V sobotu trasu uviedlo do \u017eivota pribli\u017ene 70 cyklistov, ktor\u00ed absolvovali unik\u00e1tnu Hradn\u00fa cyklojazdu. \u201eZa\u010dali sme na Vodnom diele a\u00a0bikeri mali na v\u00fdber dve cesty. Bu\u010f zvolili krat\u0161iu, a to priamo k\u00a0Budat\u00ednskemu hradu, alebo vyrazili na dlh\u0161\u00ed \u00fasek, ktor\u00fd prech\u00e1dzal okolo hradu Stre\u010dno,\u201c \u00a0informovala na konci Hradnej cyklojazdy ved\u00faca oddelenia cestovn\u00e9ho ruchu \u017dSK Barbora Zigov\u00e1. Pod\u013ea jej slov m\u00e1 BikeKia aktu\u00e1lne u\u017e 3,8 kilometra vyasfaltovan\u00e9ho povrchu a\u00a0vyu\u017ei\u0165 ju teda m\u00f4\u017eu nielen cyklisti, ale aj kor\u010duliari alebo rodi\u010dia s\u00a0de\u0165mi.<\/p>\n<p>Na konci Hradnej cyklojazdy \u010dakal v\u0161etk\u00fdch \u00fa\u010dastn\u00edkov bohat\u00fd program tradi\u010dn\u00e9ho Budat\u00ednskeho r\u00ednku. Zuzana Kme\u0165ov\u00e1, riadite\u013eka Pova\u017esk\u00e9ho m\u00fazea v\u00a0\u017diline, ktor\u00e9 m\u00e1 v\u00a0spr\u00e1ve hrad Budat\u00edn i\u00a0jeho pri\u013eahl\u00fd park, uviedla, \u017ee are\u00e1lom prejde denne mnoho chodcov a\u00a0z\u00e1rove\u0148 cyklistov. \u201e\u017dupa osadila pri vstupoch do parku z\u00a0oboch str\u00e1n s\u010d\u00edta\u010de. V\u010faka nim vieme, \u017ee len za prv\u00fd mesiac, odkedy sme t\u00fato aktivitu elektronicky sledovali, pre\u0161lo parkom viac ako 30-tis\u00edc chodcov,\u201c pribl\u00ed\u017eila Z. Kme\u0165ov\u00e1.<\/p>\n<p>Od roku 2012, odkedy \u017dSK spravuje BikeKiu, investoval do jej \u00fapravy kraj v\u00a0spolupr\u00e1ci s\u00a0automobilkou Kia Motors Slovakia a\u00a0Nad\u00e1ciou Kia Motors Slovakia u\u017e 550-tis\u00edc eur. \u201eOsadili sme cykloturistick\u00e9 zna\u010denie, drobn\u00fa architekt\u00faru, vybudovali sme l\u00e1vku cez biokoridor a\u00a0nain\u0161talovali cyklos\u010d\u00edta\u010de. Okrem asfaltiz\u00e1cie teda rozv\u00edjame cyklochodn\u00edk tak, aby cyklistom pon\u00fakol pohodln\u00fa jazdu jedine\u010dn\u00fdm prostred\u00edm,\u201c dodala B. Zigov\u00e1.<\/p>\n<p style=\"text-align: right;\"><strong>Lenka Z\u00e1tekov\u00e1<br \/>hovorky\u0148a \u017dSK<\/strong><\/p>\n<p style=\"text-align: right;\">\n<p style=\"text-align: center;\"><a href=\"https:\/\/pmza.sk\/wp-content\/uploads\/2016\/10\/ZSK_Podakovanie_od_zupy_prevzali_i_zastupcovia_Nadacie_Kia_Motors_Slovakia.jpg\"><img fetchpriority=\"high\" decoding=\"async\" class=\" size-medium wp-image-18159 aligncenter\" src=\"https:\/\/pmza.sk.sk\/wp-content\/uploads\/2016\/10\/\u017dSK_Po\u010fakovanie_od_\u017eupy_prevzali_i_z\u00e1stupcovia_Nad\u00e1cie_Kia_Motors_Slovakia-300x200.jpg\" alt=\"zsk_podakovanie_od_zupy_prevzali_i_zastupcovia_nadacie_kia_motors_slovakia\" width=\"300\" height=\"200\" \/><\/a><\/p>\n","protected":false},"excerpt":{"rendered":"<p>\u017dupn\u00fd cyklochodn\u00edk BikeKia m\u00e1 op\u00e4\u0165 nov\u00fd vyasfaltovan\u00fd \u00fasek. \u010eal\u0161ie takmer dva kilometre medzi v\u00fdjazdom na Budat\u00ednsky most a\u00a0l\u00e1vkou pri biokoridore upravil \u017dilinsk\u00fd kraj aj v\u010faka podpore a\u00a0spolupr\u00e1ci s\u00a0Nad\u00e1ciou Kia Motors Slovakia v\u00a0celkovej hodnote 156-tis\u00edc eur. V sobotu trasu uviedlo do \u017eivota pribli\u017ene 70 cyklistov, ktor\u00ed absolvovali unik\u00e1tnu Hradn\u00fa cyklojazdu. \u201eZa\u010dali sme na Vodnom diele a\u00a0bikeri [&hellip;]<\/p>\n","protected":false},"author":2,"featured_media":18158,"comment_status":"closed","ping_status":"closed","sticky":false,"template":"","format":"standard","meta":{"site-sidebar-layout":"default","site-content-layout":"","ast-site-content-layout":"","site-content-style":"default","site-sidebar-style":"default","ast-global-header-display":"","ast-banner-title-visibility":"","ast-main-header-display":"","ast-hfb-above-header-display":"","ast-hfb-below-header-display":"","ast-hfb-mobile-header-display":"","site-post-title":"","ast-breadcrumbs-content":"","ast-featured-img":"","footer-sml-layout":"","theme-transparent-header-meta":"","adv-header-id-meta":"","stick-header-meta":"","header-above-stick-meta":"","header-main-stick-meta":"","header-below-stick-meta":"","astra-migrate-meta-layouts":"default","ast-page-background-enabled":"default","ast-page-background-meta":{"desktop":{"background-color":"var(--ast-global-color-4)","background-image":"","background-repeat":"repeat","background-position":"center center","background-size":"auto","background-attachment":"scroll","background-type":"","background-media":"","overlay-type":"","overlay-color":"","overlay-opacity":"","overlay-gradient":""},"tablet":{"background-color":"","background-image":"","background-repeat":"repeat","background-position":"center center","background-size":"auto","background-attachment":"scroll","background-type":"","background-media":"","overlay-type":"","overlay-color":"","overlay-opacity":"","overlay-gradient":""},"mobile":{"background-color":"","background-image":"","background-repeat":"repeat","background-position":"center center","background-size":"auto","background-attachment":"scroll","background-type":"","background-media":"","overlay-type":"","overlay-color":"","overlay-opacity":"","overlay-gradient":""}},"ast-content-background-meta":{"desktop":{"background-color":"var(--ast-global-color-5)","background-image":"","background-repeat":"repeat","background-position":"center center","background-size":"auto","background-attachment":"scroll","background-type":"","background-media":"","overlay-type":"","overlay-color":"","overlay-opacity":"","overlay-gradient":""},"tablet":{"background-color":"var(--ast-global-color-5)","background-image":"","background-repeat":"repeat","background-position":"center center","background-size":"auto","background-attachment":"scroll","background-type":"","background-media":"","overlay-type":"","overlay-color":"","overlay-opacity":"","overlay-gradient":""},"mobile":{"background-color":"var(--ast-global-color-5)","background-image":"","background-repeat":"repeat","background-position":"center center","background-size":"auto","background-attachment":"scroll","background-type":"","background-media":"","overlay-type":"","overlay-color":"","overlay-opacity":"","overlay-gradient":""}},"footnotes":""},"categories":[50],"tags":[],"class_list":["post-18160","post","type-post","status-publish","format-standard","has-post-thumbnail","hentry","category-archiv-2016"],"yoast_head":"<!-- This site is optimized with the Yoast SEO plugin v27.4 - https:\/\/yoast.com\/product\/yoast-seo-wordpress\/ -->\n<title>Cyklisti uviedli do \u017eivota nov\u00fd \u00fasek BikeKie - Pova\u017esk\u00e9 m\u00fazeum<\/title>\n<meta name=\"robots\" content=\"index, follow, max-snippet:-1, max-image-preview:large, max-video-preview:-1\" \/>\n<link rel=\"canonical\" href=\"https:\/\/pmza.sk\/?p=18160\" \/>\n<meta property=\"og:locale\" content=\"sk_SK\" \/>\n<meta property=\"og:type\" content=\"article\" \/>\n<meta property=\"og:title\" content=\"Cyklisti uviedli do \u017eivota nov\u00fd \u00fasek BikeKie - Pova\u017esk\u00e9 m\u00fazeum\" \/>\n<meta property=\"og:description\" content=\"\u017dupn\u00fd cyklochodn\u00edk BikeKia m\u00e1 op\u00e4\u0165 nov\u00fd vyasfaltovan\u00fd \u00fasek. \u010eal\u0161ie takmer dva kilometre medzi v\u00fdjazdom na Budat\u00ednsky most a\u00a0l\u00e1vkou pri biokoridore upravil \u017dilinsk\u00fd kraj aj v\u010faka podpore a\u00a0spolupr\u00e1ci s\u00a0Nad\u00e1ciou Kia Motors Slovakia v\u00a0celkovej hodnote 156-tis\u00edc eur. V sobotu trasu uviedlo do \u017eivota pribli\u017ene 70 cyklistov, ktor\u00ed absolvovali unik\u00e1tnu Hradn\u00fa cyklojazdu. \u201eZa\u010dali sme na Vodnom diele a\u00a0bikeri [&hellip;]\" \/>\n<meta property=\"og:url\" content=\"https:\/\/pmza.sk\/?p=18160\" \/>\n<meta property=\"og:site_name\" content=\"Pova\u017esk\u00e9 m\u00fazeum\" \/>\n<meta property=\"article:publisher\" content=\"https:\/\/www.facebook.com\/povazskemuzeum\" \/>\n<meta property=\"article:published_time\" content=\"2016-10-22T16:12:56+00:00\" \/>\n<meta property=\"og:image\" content=\"https:\/\/pmza.sk\/wp-content\/uploads\/2016\/10\/ZSK_Na_Hradnu_cyklojazdu_vyrazili_mali_i_velki_cyklisti.jpg\" \/>\n\t<meta property=\"og:image:width\" content=\"1024\" \/>\n\t<meta property=\"og:image:height\" content=\"683\" \/>\n\t<meta property=\"og:image:type\" content=\"image\/jpeg\" \/>\n<meta name=\"author\" content=\"Pova\u017esk\u00e9 m\u00fazeum\" \/>\n<meta name=\"twitter:card\" content=\"summary_large_image\" \/>\n<meta name=\"twitter:label1\" content=\"Autor\" \/>\n\t<meta name=\"twitter:data1\" content=\"Pova\u017esk\u00e9 m\u00fazeum\" \/>\n\t<meta name=\"twitter:label2\" content=\"Predpokladan\u00fd \u010das \u010d\u00edtania\" \/>\n\t<meta name=\"twitter:data2\" content=\"2 min\u00faty\" \/>\n<script type=\"application\/ld+json\" class=\"yoast-schema-graph\">{\"@context\":\"https:\\\/\\\/schema.org\",\"@graph\":[{\"@type\":\"Article\",\"@id\":\"https:\\\/\\\/pmza.sk\\\/?p=18160#article\",\"isPartOf\":{\"@id\":\"https:\\\/\\\/pmza.sk\\\/?p=18160\"},\"author\":{\"name\":\"Pova\u017esk\u00e9 m\u00fazeum\",\"@id\":\"https:\\\/\\\/pmza.sk\\\/#\\\/schema\\\/person\\\/595e6a2ce731ea94dcd5d7f50a41ae33\"},\"headline\":\"Cyklisti uviedli do \u017eivota nov\u00fd \u00fasek BikeKie\",\"datePublished\":\"2016-10-22T16:12:56+00:00\",\"mainEntityOfPage\":{\"@id\":\"https:\\\/\\\/pmza.sk\\\/?p=18160\"},\"wordCount\":329,\"publisher\":{\"@id\":\"https:\\\/\\\/pmza.sk\\\/#organization\"},\"image\":{\"@id\":\"https:\\\/\\\/pmza.sk\\\/?p=18160#primaryimage\"},\"thumbnailUrl\":\"https:\\\/\\\/pmza.sk\\\/wp-content\\\/uploads\\\/2016\\\/10\\\/ZSK_Na_Hradnu_cyklojazdu_vyrazili_mali_i_velki_cyklisti.jpg\",\"articleSection\":[\"Arch\u00edv 2016\"],\"inLanguage\":\"sk-SK\"},{\"@type\":\"WebPage\",\"@id\":\"https:\\\/\\\/pmza.sk\\\/?p=18160\",\"url\":\"https:\\\/\\\/pmza.sk\\\/?p=18160\",\"name\":\"Cyklisti uviedli do \u017eivota nov\u00fd \u00fasek BikeKie - Pova\u017esk\u00e9 m\u00fazeum\",\"isPartOf\":{\"@id\":\"https:\\\/\\\/pmza.sk\\\/#website\"},\"primaryImageOfPage\":{\"@id\":\"https:\\\/\\\/pmza.sk\\\/?p=18160#primaryimage\"},\"image\":{\"@id\":\"https:\\\/\\\/pmza.sk\\\/?p=18160#primaryimage\"},\"thumbnailUrl\":\"https:\\\/\\\/pmza.sk\\\/wp-content\\\/uploads\\\/2016\\\/10\\\/ZSK_Na_Hradnu_cyklojazdu_vyrazili_mali_i_velki_cyklisti.jpg\",\"datePublished\":\"2016-10-22T16:12:56+00:00\",\"breadcrumb\":{\"@id\":\"https:\\\/\\\/pmza.sk\\\/?p=18160#breadcrumb\"},\"inLanguage\":\"sk-SK\",\"potentialAction\":[{\"@type\":\"ReadAction\",\"target\":[\"https:\\\/\\\/pmza.sk\\\/?p=18160\"]}]},{\"@type\":\"ImageObject\",\"inLanguage\":\"sk-SK\",\"@id\":\"https:\\\/\\\/pmza.sk\\\/?p=18160#primaryimage\",\"url\":\"https:\\\/\\\/pmza.sk\\\/wp-content\\\/uploads\\\/2016\\\/10\\\/ZSK_Na_Hradnu_cyklojazdu_vyrazili_mali_i_velki_cyklisti.jpg\",\"contentUrl\":\"https:\\\/\\\/pmza.sk\\\/wp-content\\\/uploads\\\/2016\\\/10\\\/ZSK_Na_Hradnu_cyklojazdu_vyrazili_mali_i_velki_cyklisti.jpg\",\"width\":1024,\"height\":683},{\"@type\":\"BreadcrumbList\",\"@id\":\"https:\\\/\\\/pmza.sk\\\/?p=18160#breadcrumb\",\"itemListElement\":[{\"@type\":\"ListItem\",\"position\":1,\"name\":\"Domovsk\u00e1 str\u00e1nka\",\"item\":\"https:\\\/\\\/pmza.sk\\\/\"},{\"@type\":\"ListItem\",\"position\":2,\"name\":\"Cyklisti uviedli do \u017eivota nov\u00fd \u00fasek BikeKie\"}]},{\"@type\":\"WebSite\",\"@id\":\"https:\\\/\\\/pmza.sk\\\/#website\",\"url\":\"https:\\\/\\\/pmza.sk\\\/\",\"name\":\"Pova\u017esk\u00e9 m\u00fazeum\",\"description\":\"Pova\u017esk\u00e9 m\u00fazeum v \u017diline je region\u00e1lne m\u00fazeum so s\u00eddlom v Budat\u00edne. Jeho expoz\u00edcie s\u00fa zameran\u00e9 na dejiny slovensk\u00e9ho umenia, kult\u00fary a dopravy.\",\"publisher\":{\"@id\":\"https:\\\/\\\/pmza.sk\\\/#organization\"},\"potentialAction\":[{\"@type\":\"SearchAction\",\"target\":{\"@type\":\"EntryPoint\",\"urlTemplate\":\"https:\\\/\\\/pmza.sk\\\/?s={search_term_string}\"},\"query-input\":{\"@type\":\"PropertyValueSpecification\",\"valueRequired\":true,\"valueName\":\"search_term_string\"}}],\"inLanguage\":\"sk-SK\"},{\"@type\":\"Organization\",\"@id\":\"https:\\\/\\\/pmza.sk\\\/#organization\",\"name\":\"Pova\u017esk\u00e9 m\u00fazeum\",\"url\":\"https:\\\/\\\/pmza.sk\\\/\",\"logo\":{\"@type\":\"ImageObject\",\"inLanguage\":\"sk-SK\",\"@id\":\"https:\\\/\\\/pmza.sk\\\/#\\\/schema\\\/logo\\\/image\\\/\",\"url\":\"https:\\\/\\\/pmza.sk\\\/wp-content\\\/uploads\\\/2022\\\/01\\\/logo_PM_horizontal.jpg\",\"contentUrl\":\"https:\\\/\\\/pmza.sk\\\/wp-content\\\/uploads\\\/2022\\\/01\\\/logo_PM_horizontal.jpg\",\"width\":231,\"height\":142,\"caption\":\"Pova\u017esk\u00e9 m\u00fazeum\"},\"image\":{\"@id\":\"https:\\\/\\\/pmza.sk\\\/#\\\/schema\\\/logo\\\/image\\\/\"},\"sameAs\":[\"https:\\\/\\\/www.facebook.com\\\/povazskemuzeum\",\"https:\\\/\\\/www.instagram.com\\\/povazskemuzeum\\\/\"]},{\"@type\":\"Person\",\"@id\":\"https:\\\/\\\/pmza.sk\\\/#\\\/schema\\\/person\\\/595e6a2ce731ea94dcd5d7f50a41ae33\",\"name\":\"Pova\u017esk\u00e9 m\u00fazeum\",\"image\":{\"@type\":\"ImageObject\",\"inLanguage\":\"sk-SK\",\"@id\":\"https:\\\/\\\/secure.gravatar.com\\\/avatar\\\/2bb7f1561282132fb5826dfeccc66c7996d11ee392ac6aaf7ced8a1c2027fbb2?s=96&d=mm&r=g\",\"url\":\"https:\\\/\\\/secure.gravatar.com\\\/avatar\\\/2bb7f1561282132fb5826dfeccc66c7996d11ee392ac6aaf7ced8a1c2027fbb2?s=96&d=mm&r=g\",\"contentUrl\":\"https:\\\/\\\/secure.gravatar.com\\\/avatar\\\/2bb7f1561282132fb5826dfeccc66c7996d11ee392ac6aaf7ced8a1c2027fbb2?s=96&d=mm&r=g\",\"caption\":\"Pova\u017esk\u00e9 m\u00fazeum\"}}]}<\/script>\n<!-- \/ Yoast SEO plugin. -->","yoast_head_json":{"title":"Cyklisti uviedli do \u017eivota nov\u00fd \u00fasek BikeKie - Pova\u017esk\u00e9 m\u00fazeum","robots":{"index":"index","follow":"follow","max-snippet":"max-snippet:-1","max-image-preview":"max-image-preview:large","max-video-preview":"max-video-preview:-1"},"canonical":"https:\/\/pmza.sk\/?p=18160","og_locale":"sk_SK","og_type":"article","og_title":"Cyklisti uviedli do \u017eivota nov\u00fd \u00fasek BikeKie - Pova\u017esk\u00e9 m\u00fazeum","og_description":"\u017dupn\u00fd cyklochodn\u00edk BikeKia m\u00e1 op\u00e4\u0165 nov\u00fd vyasfaltovan\u00fd \u00fasek. \u010eal\u0161ie takmer dva kilometre medzi v\u00fdjazdom na Budat\u00ednsky most a\u00a0l\u00e1vkou pri biokoridore upravil \u017dilinsk\u00fd kraj aj v\u010faka podpore a\u00a0spolupr\u00e1ci s\u00a0Nad\u00e1ciou Kia Motors Slovakia v\u00a0celkovej hodnote 156-tis\u00edc eur. V sobotu trasu uviedlo do \u017eivota pribli\u017ene 70 cyklistov, ktor\u00ed absolvovali unik\u00e1tnu Hradn\u00fa cyklojazdu. \u201eZa\u010dali sme na Vodnom diele a\u00a0bikeri [&hellip;]","og_url":"https:\/\/pmza.sk\/?p=18160","og_site_name":"Pova\u017esk\u00e9 m\u00fazeum","article_publisher":"https:\/\/www.facebook.com\/povazskemuzeum","article_published_time":"2016-10-22T16:12:56+00:00","og_image":[{"width":1024,"height":683,"url":"https:\/\/pmza.sk\/wp-content\/uploads\/2016\/10\/ZSK_Na_Hradnu_cyklojazdu_vyrazili_mali_i_velki_cyklisti.jpg","type":"image\/jpeg"}],"author":"Pova\u017esk\u00e9 m\u00fazeum","twitter_card":"summary_large_image","twitter_misc":{"Autor":"Pova\u017esk\u00e9 m\u00fazeum","Predpokladan\u00fd \u010das \u010d\u00edtania":"2 min\u00faty"},"schema":{"@context":"https:\/\/schema.org","@graph":[{"@type":"Article","@id":"https:\/\/pmza.sk\/?p=18160#article","isPartOf":{"@id":"https:\/\/pmza.sk\/?p=18160"},"author":{"name":"Pova\u017esk\u00e9 m\u00fazeum","@id":"https:\/\/pmza.sk\/#\/schema\/person\/595e6a2ce731ea94dcd5d7f50a41ae33"},"headline":"Cyklisti uviedli do \u017eivota nov\u00fd \u00fasek BikeKie","datePublished":"2016-10-22T16:12:56+00:00","mainEntityOfPage":{"@id":"https:\/\/pmza.sk\/?p=18160"},"wordCount":329,"publisher":{"@id":"https:\/\/pmza.sk\/#organization"},"image":{"@id":"https:\/\/pmza.sk\/?p=18160#primaryimage"},"thumbnailUrl":"https:\/\/pmza.sk\/wp-content\/uploads\/2016\/10\/ZSK_Na_Hradnu_cyklojazdu_vyrazili_mali_i_velki_cyklisti.jpg","articleSection":["Arch\u00edv 2016"],"inLanguage":"sk-SK"},{"@type":"WebPage","@id":"https:\/\/pmza.sk\/?p=18160","url":"https:\/\/pmza.sk\/?p=18160","name":"Cyklisti uviedli do \u017eivota nov\u00fd \u00fasek BikeKie - Pova\u017esk\u00e9 m\u00fazeum","isPartOf":{"@id":"https:\/\/pmza.sk\/#website"},"primaryImageOfPage":{"@id":"https:\/\/pmza.sk\/?p=18160#primaryimage"},"image":{"@id":"https:\/\/pmza.sk\/?p=18160#primaryimage"},"thumbnailUrl":"https:\/\/pmza.sk\/wp-content\/uploads\/2016\/10\/ZSK_Na_Hradnu_cyklojazdu_vyrazili_mali_i_velki_cyklisti.jpg","datePublished":"2016-10-22T16:12:56+00:00","breadcrumb":{"@id":"https:\/\/pmza.sk\/?p=18160#breadcrumb"},"inLanguage":"sk-SK","potentialAction":[{"@type":"ReadAction","target":["https:\/\/pmza.sk\/?p=18160"]}]},{"@type":"ImageObject","inLanguage":"sk-SK","@id":"https:\/\/pmza.sk\/?p=18160#primaryimage","url":"https:\/\/pmza.sk\/wp-content\/uploads\/2016\/10\/ZSK_Na_Hradnu_cyklojazdu_vyrazili_mali_i_velki_cyklisti.jpg","contentUrl":"https:\/\/pmza.sk\/wp-content\/uploads\/2016\/10\/ZSK_Na_Hradnu_cyklojazdu_vyrazili_mali_i_velki_cyklisti.jpg","width":1024,"height":683},{"@type":"BreadcrumbList","@id":"https:\/\/pmza.sk\/?p=18160#breadcrumb","itemListElement":[{"@type":"ListItem","position":1,"name":"Domovsk\u00e1 str\u00e1nka","item":"https:\/\/pmza.sk\/"},{"@type":"ListItem","position":2,"name":"Cyklisti uviedli do \u017eivota nov\u00fd \u00fasek BikeKie"}]},{"@type":"WebSite","@id":"https:\/\/pmza.sk\/#website","url":"https:\/\/pmza.sk\/","name":"Pova\u017esk\u00e9 m\u00fazeum","description":"Pova\u017esk\u00e9 m\u00fazeum v \u017diline je region\u00e1lne m\u00fazeum so s\u00eddlom v Budat\u00edne. Jeho expoz\u00edcie s\u00fa zameran\u00e9 na dejiny slovensk\u00e9ho umenia, kult\u00fary a dopravy.","publisher":{"@id":"https:\/\/pmza.sk\/#organization"},"potentialAction":[{"@type":"SearchAction","target":{"@type":"EntryPoint","urlTemplate":"https:\/\/pmza.sk\/?s={search_term_string}"},"query-input":{"@type":"PropertyValueSpecification","valueRequired":true,"valueName":"search_term_string"}}],"inLanguage":"sk-SK"},{"@type":"Organization","@id":"https:\/\/pmza.sk\/#organization","name":"Pova\u017esk\u00e9 m\u00fazeum","url":"https:\/\/pmza.sk\/","logo":{"@type":"ImageObject","inLanguage":"sk-SK","@id":"https:\/\/pmza.sk\/#\/schema\/logo\/image\/","url":"https:\/\/pmza.sk\/wp-content\/uploads\/2022\/01\/logo_PM_horizontal.jpg","contentUrl":"https:\/\/pmza.sk\/wp-content\/uploads\/2022\/01\/logo_PM_horizontal.jpg","width":231,"height":142,"caption":"Pova\u017esk\u00e9 m\u00fazeum"},"image":{"@id":"https:\/\/pmza.sk\/#\/schema\/logo\/image\/"},"sameAs":["https:\/\/www.facebook.com\/povazskemuzeum","https:\/\/www.instagram.com\/povazskemuzeum\/"]},{"@type":"Person","@id":"https:\/\/pmza.sk\/#\/schema\/person\/595e6a2ce731ea94dcd5d7f50a41ae33","name":"Pova\u017esk\u00e9 m\u00fazeum","image":{"@type":"ImageObject","inLanguage":"sk-SK","@id":"https:\/\/secure.gravatar.com\/avatar\/2bb7f1561282132fb5826dfeccc66c7996d11ee392ac6aaf7ced8a1c2027fbb2?s=96&d=mm&r=g","url":"https:\/\/secure.gravatar.com\/avatar\/2bb7f1561282132fb5826dfeccc66c7996d11ee392ac6aaf7ced8a1c2027fbb2?s=96&d=mm&r=g","contentUrl":"https:\/\/secure.gravatar.com\/avatar\/2bb7f1561282132fb5826dfeccc66c7996d11ee392ac6aaf7ced8a1c2027fbb2?s=96&d=mm&r=g","caption":"Pova\u017esk\u00e9 m\u00fazeum"}}]}},"_links":{"self":[{"href":"https:\/\/pmza.sk\/index.php?rest_route=\/wp\/v2\/posts\/18160","targetHints":{"allow":["GET"]}}],"collection":[{"href":"https:\/\/pmza.sk\/index.php?rest_route=\/wp\/v2\/posts"}],"about":[{"href":"https:\/\/pmza.sk\/index.php?rest_route=\/wp\/v2\/types\/post"}],"author":[{"embeddable":true,"href":"https:\/\/pmza.sk\/index.php?rest_route=\/wp\/v2\/users\/2"}],"replies":[{"embeddable":true,"href":"https:\/\/pmza.sk\/index.php?rest_route=%2Fwp%2Fv2%2Fcomments&post=18160"}],"version-history":[{"count":0,"href":"https:\/\/pmza.sk\/index.php?rest_route=\/wp\/v2\/posts\/18160\/revisions"}],"wp:featuredmedia":[{"embeddable":true,"href":"https:\/\/pmza.sk\/index.php?rest_route=\/wp\/v2\/media\/18158"}],"wp:attachment":[{"href":"https:\/\/pmza.sk\/index.php?rest_route=%2Fwp%2Fv2%2Fmedia&parent=18160"}],"wp:term":[{"taxonomy":"category","embeddable":true,"href":"https:\/\/pmza.sk\/index.php?rest_route=%2Fwp%2Fv2%2Fcategories&post=18160"},{"taxonomy":"post_tag","embeddable":true,"href":"https:\/\/pmza.sk\/index.php?rest_route=%2Fwp%2Fv2%2Ftags&post=18160"}],"curies":[{"name":"wp","href":"https:\/\/api.w.org\/{rel}","templated":true}]}}