{"id":18472,"date":"2016-11-18T12:57:34","date_gmt":"2016-11-18T11:57:34","guid":{"rendered":"https:\/\/pmza.sk.sk\/?p=18472"},"modified":"2016-11-18T12:57:34","modified_gmt":"2016-11-18T11:57:34","slug":"kaplnku-navstivila-velvyslankyna-norskeho-kralovstva","status":"publish","type":"post","link":"https:\/\/pmza.sk\/?p=18472","title":{"rendered":"Kaplnku nav\u0161t\u00edvila ve\u013evyslanky\u0148a N\u00f3rskeho kr\u00e1\u013eovstva"},"content":{"rendered":"<p>Priestory obnovenej kaplnky Budat\u00ednskeho hradu nav\u0161t\u00edvila\u00a0v\u00a0pondelok, 7. novembra 2016 ve\u013evyslanky\u0148a N\u00f3rskeho kr\u00e1\u013eovstva na Slovensku, J. E. Inge Magistad.<\/p>\n<p>Hradn\u00e1 kaplnka bola od roku 2003 pre havarijn\u00fd stav pre\u00a0verejnos\u0165 uzavret\u00e1. Spr\u00edstupnen\u00e1 bola na konci j\u00fala tohto roka, spolo\u010dne so zrekon\u0161truovan\u00fdmi priestormi Budat\u00ednskeho hradu. Kaplnka poch\u00e1dza z\u00a0polovice 18. storo\u010dia a\u00a0je zasv\u00e4ten\u00e1 nepo\u0161kvrnen\u00e9mu po\u010datiu Panny M\u00e1rie. \u00a0Najvz\u00e1cnej\u0161ou umeleckou a\u00a0historickou pamiatkou v\u00a0nej je <strong>iluz\u00edvna olt\u00e1rna architekt\u00fara<\/strong>, v ktorej je umiestnen\u00fd olt\u00e1rny obraz Nepo\u0161kvrnen\u00e9ho po\u010datia Panny M\u00e1rie, poch\u00e1dzaj\u00faci od v\u00fdznamn\u00e9ho maliara K. J. Aigena.<\/p>\n<p>Ve\u013evyslanky\u0148a pri svojej n\u00e1v\u0161teve ocenila to, ako sa v\u00a0priebehu dvoch rokov od jej prvej n\u00e1v\u0161tevy kaplnky cel\u00fd priestor zmenil a\u00a0zrekon\u0161truoval. Obdivovala prec\u00edznu pr\u00e1cu re\u0161taur\u00e1torov i\u00a0remeseln\u00edkov. Interi\u00e9r vstupn\u00fdch priestorov do kaplnky je obohaten\u00fd o virtu\u00e1lnu prehliadku cel\u00e9ho are\u00e1lu pre imobiln\u00fdch n\u00e1v\u0161tevn\u00edkov. Ve\u013evyslanky\u0148u zaujala v\u00fdstava fotografi\u00ed, \u201eKorene nevykoren\u00ed\u0161\u201c, pribli\u017euj\u00faca aktivity men\u0161\u00edn \u017eij\u00facich na Slovensku a\u00a0kolekcia fotografi\u00ed, ktor\u00e9 dokumentuj\u00fa hist\u00f3riu a\u00a0rekon\u0161trukciu samotnej stavby. Zauj\u00edmala sa o\u00a0to, ako bude Pova\u017esk\u00e9 m\u00fazeum v\u00a0\u017diline, v\u00a0spr\u00e1ve ktor\u00e9ho kaplnka je, vyu\u017e\u00edva\u0165 priestory a\u00a0\u010do nov\u00e9 a\u00a0zauj\u00edmav\u00e9 v\u00a0nich n\u00e1v\u0161tevn\u00edci n\u00e1jdu. Riadite\u013eka PMZA ju informovala, \u017ee okrem komunitn\u00fdch programov a\u00a0podujat\u00ed, ako s\u00fa koncerty, vzdel\u00e1vacie programy pre ml\u00e1de\u017e a\u00a0in\u00fdch tematicky zameran\u00fdch\u00a0umeleck\u00fdch aktiv\u00edt sa mlad\u00ed \u013eudia zauj\u00edmaj\u00fa aj o\u00a0mo\u017enos\u0165 realiz\u00e1cie sob\u00e1\u0161nych obradov v\u00a0priestoroch kaplnky.<\/p>\n<p>\u017dilinsk\u00fd samospr\u00e1vny kraj zrealizoval \u00a0obnovu hradnej kaplnky Budat\u00ednskeho hradu s podporou Finan\u010dn\u00e9ho mechanizmu EHP a N\u00f3rskeho finan\u010dn\u00e9ho mechanizmu s\u00a0mottom: <strong>otv\u00e1rame pre V\u00e1s Budat\u00ednsky hrad a zachr\u00e1nime srdce Budat\u00ednskeho hradu &#8211; kaplnku<\/strong>. V\u010faka Finan\u010dn\u00e9mu mechanizmu EHP a NFM vznikol v \u017diline nov\u00fd priestor pre \u013eud\u00ed.<\/p>\n<p>&nbsp;<\/p>\n<figure id=\"attachment_18474\" aria-describedby=\"caption-attachment-18474\" style=\"width: 300px\" class=\"wp-caption aligncenter\"><a href=\"https:\/\/pmza.sk\/wp-content\/uploads\/2016\/11\/Kaplnka-velvyslankyna-Norskeho-kralovstva-2015.jpg\"><img fetchpriority=\"high\" decoding=\"async\" class=\"wp-image-18474 size-medium\" src=\"https:\/\/pmza.sk.sk\/wp-content\/uploads\/2016\/11\/Kaplnka-ve\u013evyslanky\u0148a-N\u00f3rskeho-kr\u00e1\u013eovstva-2015-300x218.jpg\" alt=\"kaplnka-velvyslankyna-norskeho-kralovstva-2015\" width=\"300\" height=\"218\" \/><\/a><figcaption id=\"caption-attachment-18474\" class=\"wp-caption-text\">N\u00e1v\u0161teva kaplnky Budat\u00ednskeho hradu &#8211; ve\u013evyslanky\u0148a N\u00f3rskeho kr\u00e1\u013eovstva, J. E. Inge Magistad; r. 2015<\/figcaption><\/figure>\n","protected":false},"excerpt":{"rendered":"<p>Priestory obnovenej kaplnky Budat\u00ednskeho hradu nav\u0161t\u00edvila\u00a0v\u00a0pondelok, 7. novembra 2016 ve\u013evyslanky\u0148a N\u00f3rskeho kr\u00e1\u013eovstva na Slovensku, J. E. Inge Magistad. Hradn\u00e1 kaplnka bola od roku 2003 pre havarijn\u00fd stav pre\u00a0verejnos\u0165 uzavret\u00e1. Spr\u00edstupnen\u00e1 bola na konci j\u00fala tohto roka, spolo\u010dne so zrekon\u0161truovan\u00fdmi priestormi Budat\u00ednskeho hradu. Kaplnka poch\u00e1dza z\u00a0polovice 18. storo\u010dia a\u00a0je zasv\u00e4ten\u00e1 nepo\u0161kvrnen\u00e9mu po\u010datiu Panny M\u00e1rie. \u00a0Najvz\u00e1cnej\u0161ou umeleckou [&hellip;]<\/p>\n","protected":false},"author":2,"featured_media":18475,"comment_status":"closed","ping_status":"closed","sticky":false,"template":"","format":"standard","meta":{"site-sidebar-layout":"default","site-content-layout":"","ast-site-content-layout":"","site-content-style":"default","site-sidebar-style":"default","ast-global-header-display":"","ast-banner-title-visibility":"","ast-main-header-display":"","ast-hfb-above-header-display":"","ast-hfb-below-header-display":"","ast-hfb-mobile-header-display":"","site-post-title":"","ast-breadcrumbs-content":"","ast-featured-img":"","footer-sml-layout":"","theme-transparent-header-meta":"","adv-header-id-meta":"","stick-header-meta":"","header-above-stick-meta":"","header-main-stick-meta":"","header-below-stick-meta":"","astra-migrate-meta-layouts":"default","ast-page-background-enabled":"default","ast-page-background-meta":{"desktop":{"background-color":"var(--ast-global-color-4)","background-image":"","background-repeat":"repeat","background-position":"center center","background-size":"auto","background-attachment":"scroll","background-type":"","background-media":"","overlay-type":"","overlay-color":"","overlay-opacity":"","overlay-gradient":""},"tablet":{"background-color":"","background-image":"","background-repeat":"repeat","background-position":"center center","background-size":"auto","background-attachment":"scroll","background-type":"","background-media":"","overlay-type":"","overlay-color":"","overlay-opacity":"","overlay-gradient":""},"mobile":{"background-color":"","background-image":"","background-repeat":"repeat","background-position":"center center","background-size":"auto","background-attachment":"scroll","background-type":"","background-media":"","overlay-type":"","overlay-color":"","overlay-opacity":"","overlay-gradient":""}},"ast-content-background-meta":{"desktop":{"background-color":"var(--ast-global-color-5)","background-image":"","background-repeat":"repeat","background-position":"center center","background-size":"auto","background-attachment":"scroll","background-type":"","background-media":"","overlay-type":"","overlay-color":"","overlay-opacity":"","overlay-gradient":""},"tablet":{"background-color":"var(--ast-global-color-5)","background-image":"","background-repeat":"repeat","background-position":"center center","background-size":"auto","background-attachment":"scroll","background-type":"","background-media":"","overlay-type":"","overlay-color":"","overlay-opacity":"","overlay-gradient":""},"mobile":{"background-color":"var(--ast-global-color-5)","background-image":"","background-repeat":"repeat","background-position":"center center","background-size":"auto","background-attachment":"scroll","background-type":"","background-media":"","overlay-type":"","overlay-color":"","overlay-opacity":"","overlay-gradient":""}},"footnotes":""},"categories":[50],"tags":[],"class_list":["post-18472","post","type-post","status-publish","format-standard","has-post-thumbnail","hentry","category-archiv-2016"],"yoast_head":"<!-- This site is optimized with the Yoast SEO plugin v27.4 - https:\/\/yoast.com\/product\/yoast-seo-wordpress\/ -->\n<title>Kaplnku nav\u0161t\u00edvila ve\u013evyslanky\u0148a N\u00f3rskeho kr\u00e1\u013eovstva - Pova\u017esk\u00e9 m\u00fazeum<\/title>\n<meta name=\"robots\" content=\"index, follow, max-snippet:-1, max-image-preview:large, max-video-preview:-1\" \/>\n<link rel=\"canonical\" href=\"https:\/\/pmza.sk\/?p=18472\" \/>\n<meta property=\"og:locale\" content=\"sk_SK\" \/>\n<meta property=\"og:type\" content=\"article\" \/>\n<meta property=\"og:title\" content=\"Kaplnku nav\u0161t\u00edvila ve\u013evyslanky\u0148a N\u00f3rskeho kr\u00e1\u013eovstva - Pova\u017esk\u00e9 m\u00fazeum\" \/>\n<meta property=\"og:description\" content=\"Priestory obnovenej kaplnky Budat\u00ednskeho hradu nav\u0161t\u00edvila\u00a0v\u00a0pondelok, 7. novembra 2016 ve\u013evyslanky\u0148a N\u00f3rskeho kr\u00e1\u013eovstva na Slovensku, J. E. Inge Magistad. Hradn\u00e1 kaplnka bola od roku 2003 pre havarijn\u00fd stav pre\u00a0verejnos\u0165 uzavret\u00e1. Spr\u00edstupnen\u00e1 bola na konci j\u00fala tohto roka, spolo\u010dne so zrekon\u0161truovan\u00fdmi priestormi Budat\u00ednskeho hradu. Kaplnka poch\u00e1dza z\u00a0polovice 18. storo\u010dia a\u00a0je zasv\u00e4ten\u00e1 nepo\u0161kvrnen\u00e9mu po\u010datiu Panny M\u00e1rie. \u00a0Najvz\u00e1cnej\u0161ou umeleckou [&hellip;]\" \/>\n<meta property=\"og:url\" content=\"https:\/\/pmza.sk\/?p=18472\" \/>\n<meta property=\"og:site_name\" content=\"Pova\u017esk\u00e9 m\u00fazeum\" \/>\n<meta property=\"article:publisher\" content=\"https:\/\/www.facebook.com\/povazskemuzeum\" \/>\n<meta property=\"article:published_time\" content=\"2016-11-18T11:57:34+00:00\" \/>\n<meta property=\"og:image\" content=\"https:\/\/pmza.sk\/wp-content\/uploads\/2016\/11\/Navsteva-kaplnky-BH-velvyslankyna-Norskeho-kralovstva-nov.-2016-scaled-1.jpg\" \/>\n\t<meta property=\"og:image:width\" content=\"2560\" \/>\n\t<meta property=\"og:image:height\" content=\"1707\" \/>\n\t<meta property=\"og:image:type\" content=\"image\/jpeg\" \/>\n<meta name=\"author\" content=\"Pova\u017esk\u00e9 m\u00fazeum\" \/>\n<meta name=\"twitter:card\" content=\"summary_large_image\" \/>\n<meta name=\"twitter:label1\" content=\"Autor\" \/>\n\t<meta name=\"twitter:data1\" content=\"Pova\u017esk\u00e9 m\u00fazeum\" \/>\n\t<meta name=\"twitter:label2\" content=\"Predpokladan\u00fd \u010das \u010d\u00edtania\" \/>\n\t<meta name=\"twitter:data2\" content=\"2 min\u00faty\" \/>\n<script type=\"application\/ld+json\" class=\"yoast-schema-graph\">{\"@context\":\"https:\\\/\\\/schema.org\",\"@graph\":[{\"@type\":\"Article\",\"@id\":\"https:\\\/\\\/pmza.sk\\\/?p=18472#article\",\"isPartOf\":{\"@id\":\"https:\\\/\\\/pmza.sk\\\/?p=18472\"},\"author\":{\"name\":\"Pova\u017esk\u00e9 m\u00fazeum\",\"@id\":\"https:\\\/\\\/pmza.sk\\\/#\\\/schema\\\/person\\\/595e6a2ce731ea94dcd5d7f50a41ae33\"},\"headline\":\"Kaplnku nav\u0161t\u00edvila ve\u013evyslanky\u0148a N\u00f3rskeho kr\u00e1\u013eovstva\",\"datePublished\":\"2016-11-18T11:57:34+00:00\",\"mainEntityOfPage\":{\"@id\":\"https:\\\/\\\/pmza.sk\\\/?p=18472\"},\"wordCount\":395,\"publisher\":{\"@id\":\"https:\\\/\\\/pmza.sk\\\/#organization\"},\"image\":{\"@id\":\"https:\\\/\\\/pmza.sk\\\/?p=18472#primaryimage\"},\"thumbnailUrl\":\"https:\\\/\\\/pmza.sk\\\/wp-content\\\/uploads\\\/2016\\\/11\\\/Navsteva-kaplnky-BH-velvyslankyna-Norskeho-kralovstva-nov.-2016-scaled-1.jpg\",\"articleSection\":[\"Arch\u00edv 2016\"],\"inLanguage\":\"sk-SK\"},{\"@type\":\"WebPage\",\"@id\":\"https:\\\/\\\/pmza.sk\\\/?p=18472\",\"url\":\"https:\\\/\\\/pmza.sk\\\/?p=18472\",\"name\":\"Kaplnku nav\u0161t\u00edvila ve\u013evyslanky\u0148a N\u00f3rskeho kr\u00e1\u013eovstva - Pova\u017esk\u00e9 m\u00fazeum\",\"isPartOf\":{\"@id\":\"https:\\\/\\\/pmza.sk\\\/#website\"},\"primaryImageOfPage\":{\"@id\":\"https:\\\/\\\/pmza.sk\\\/?p=18472#primaryimage\"},\"image\":{\"@id\":\"https:\\\/\\\/pmza.sk\\\/?p=18472#primaryimage\"},\"thumbnailUrl\":\"https:\\\/\\\/pmza.sk\\\/wp-content\\\/uploads\\\/2016\\\/11\\\/Navsteva-kaplnky-BH-velvyslankyna-Norskeho-kralovstva-nov.-2016-scaled-1.jpg\",\"datePublished\":\"2016-11-18T11:57:34+00:00\",\"breadcrumb\":{\"@id\":\"https:\\\/\\\/pmza.sk\\\/?p=18472#breadcrumb\"},\"inLanguage\":\"sk-SK\",\"potentialAction\":[{\"@type\":\"ReadAction\",\"target\":[\"https:\\\/\\\/pmza.sk\\\/?p=18472\"]}]},{\"@type\":\"ImageObject\",\"inLanguage\":\"sk-SK\",\"@id\":\"https:\\\/\\\/pmza.sk\\\/?p=18472#primaryimage\",\"url\":\"https:\\\/\\\/pmza.sk\\\/wp-content\\\/uploads\\\/2016\\\/11\\\/Navsteva-kaplnky-BH-velvyslankyna-Norskeho-kralovstva-nov.-2016-scaled-1.jpg\",\"contentUrl\":\"https:\\\/\\\/pmza.sk\\\/wp-content\\\/uploads\\\/2016\\\/11\\\/Navsteva-kaplnky-BH-velvyslankyna-Norskeho-kralovstva-nov.-2016-scaled-1.jpg\",\"width\":2560,\"height\":1707},{\"@type\":\"BreadcrumbList\",\"@id\":\"https:\\\/\\\/pmza.sk\\\/?p=18472#breadcrumb\",\"itemListElement\":[{\"@type\":\"ListItem\",\"position\":1,\"name\":\"Domovsk\u00e1 str\u00e1nka\",\"item\":\"https:\\\/\\\/pmza.sk\\\/\"},{\"@type\":\"ListItem\",\"position\":2,\"name\":\"Kaplnku nav\u0161t\u00edvila ve\u013evyslanky\u0148a N\u00f3rskeho kr\u00e1\u013eovstva\"}]},{\"@type\":\"WebSite\",\"@id\":\"https:\\\/\\\/pmza.sk\\\/#website\",\"url\":\"https:\\\/\\\/pmza.sk\\\/\",\"name\":\"Pova\u017esk\u00e9 m\u00fazeum\",\"description\":\"Pova\u017esk\u00e9 m\u00fazeum v \u017diline je region\u00e1lne m\u00fazeum so s\u00eddlom v Budat\u00edne. Jeho expoz\u00edcie s\u00fa zameran\u00e9 na dejiny slovensk\u00e9ho umenia, kult\u00fary a dopravy.\",\"publisher\":{\"@id\":\"https:\\\/\\\/pmza.sk\\\/#organization\"},\"potentialAction\":[{\"@type\":\"SearchAction\",\"target\":{\"@type\":\"EntryPoint\",\"urlTemplate\":\"https:\\\/\\\/pmza.sk\\\/?s={search_term_string}\"},\"query-input\":{\"@type\":\"PropertyValueSpecification\",\"valueRequired\":true,\"valueName\":\"search_term_string\"}}],\"inLanguage\":\"sk-SK\"},{\"@type\":\"Organization\",\"@id\":\"https:\\\/\\\/pmza.sk\\\/#organization\",\"name\":\"Pova\u017esk\u00e9 m\u00fazeum\",\"url\":\"https:\\\/\\\/pmza.sk\\\/\",\"logo\":{\"@type\":\"ImageObject\",\"inLanguage\":\"sk-SK\",\"@id\":\"https:\\\/\\\/pmza.sk\\\/#\\\/schema\\\/logo\\\/image\\\/\",\"url\":\"https:\\\/\\\/pmza.sk\\\/wp-content\\\/uploads\\\/2022\\\/01\\\/logo_PM_horizontal.jpg\",\"contentUrl\":\"https:\\\/\\\/pmza.sk\\\/wp-content\\\/uploads\\\/2022\\\/01\\\/logo_PM_horizontal.jpg\",\"width\":231,\"height\":142,\"caption\":\"Pova\u017esk\u00e9 m\u00fazeum\"},\"image\":{\"@id\":\"https:\\\/\\\/pmza.sk\\\/#\\\/schema\\\/logo\\\/image\\\/\"},\"sameAs\":[\"https:\\\/\\\/www.facebook.com\\\/povazskemuzeum\",\"https:\\\/\\\/www.instagram.com\\\/povazskemuzeum\\\/\"]},{\"@type\":\"Person\",\"@id\":\"https:\\\/\\\/pmza.sk\\\/#\\\/schema\\\/person\\\/595e6a2ce731ea94dcd5d7f50a41ae33\",\"name\":\"Pova\u017esk\u00e9 m\u00fazeum\",\"image\":{\"@type\":\"ImageObject\",\"inLanguage\":\"sk-SK\",\"@id\":\"https:\\\/\\\/secure.gravatar.com\\\/avatar\\\/2bb7f1561282132fb5826dfeccc66c7996d11ee392ac6aaf7ced8a1c2027fbb2?s=96&d=mm&r=g\",\"url\":\"https:\\\/\\\/secure.gravatar.com\\\/avatar\\\/2bb7f1561282132fb5826dfeccc66c7996d11ee392ac6aaf7ced8a1c2027fbb2?s=96&d=mm&r=g\",\"contentUrl\":\"https:\\\/\\\/secure.gravatar.com\\\/avatar\\\/2bb7f1561282132fb5826dfeccc66c7996d11ee392ac6aaf7ced8a1c2027fbb2?s=96&d=mm&r=g\",\"caption\":\"Pova\u017esk\u00e9 m\u00fazeum\"}}]}<\/script>\n<!-- \/ Yoast SEO plugin. -->","yoast_head_json":{"title":"Kaplnku nav\u0161t\u00edvila ve\u013evyslanky\u0148a N\u00f3rskeho kr\u00e1\u013eovstva - Pova\u017esk\u00e9 m\u00fazeum","robots":{"index":"index","follow":"follow","max-snippet":"max-snippet:-1","max-image-preview":"max-image-preview:large","max-video-preview":"max-video-preview:-1"},"canonical":"https:\/\/pmza.sk\/?p=18472","og_locale":"sk_SK","og_type":"article","og_title":"Kaplnku nav\u0161t\u00edvila ve\u013evyslanky\u0148a N\u00f3rskeho kr\u00e1\u013eovstva - Pova\u017esk\u00e9 m\u00fazeum","og_description":"Priestory obnovenej kaplnky Budat\u00ednskeho hradu nav\u0161t\u00edvila\u00a0v\u00a0pondelok, 7. novembra 2016 ve\u013evyslanky\u0148a N\u00f3rskeho kr\u00e1\u013eovstva na Slovensku, J. E. Inge Magistad. Hradn\u00e1 kaplnka bola od roku 2003 pre havarijn\u00fd stav pre\u00a0verejnos\u0165 uzavret\u00e1. Spr\u00edstupnen\u00e1 bola na konci j\u00fala tohto roka, spolo\u010dne so zrekon\u0161truovan\u00fdmi priestormi Budat\u00ednskeho hradu. Kaplnka poch\u00e1dza z\u00a0polovice 18. storo\u010dia a\u00a0je zasv\u00e4ten\u00e1 nepo\u0161kvrnen\u00e9mu po\u010datiu Panny M\u00e1rie. \u00a0Najvz\u00e1cnej\u0161ou umeleckou [&hellip;]","og_url":"https:\/\/pmza.sk\/?p=18472","og_site_name":"Pova\u017esk\u00e9 m\u00fazeum","article_publisher":"https:\/\/www.facebook.com\/povazskemuzeum","article_published_time":"2016-11-18T11:57:34+00:00","og_image":[{"width":2560,"height":1707,"url":"https:\/\/pmza.sk\/wp-content\/uploads\/2016\/11\/Navsteva-kaplnky-BH-velvyslankyna-Norskeho-kralovstva-nov.-2016-scaled-1.jpg","type":"image\/jpeg"}],"author":"Pova\u017esk\u00e9 m\u00fazeum","twitter_card":"summary_large_image","twitter_misc":{"Autor":"Pova\u017esk\u00e9 m\u00fazeum","Predpokladan\u00fd \u010das \u010d\u00edtania":"2 min\u00faty"},"schema":{"@context":"https:\/\/schema.org","@graph":[{"@type":"Article","@id":"https:\/\/pmza.sk\/?p=18472#article","isPartOf":{"@id":"https:\/\/pmza.sk\/?p=18472"},"author":{"name":"Pova\u017esk\u00e9 m\u00fazeum","@id":"https:\/\/pmza.sk\/#\/schema\/person\/595e6a2ce731ea94dcd5d7f50a41ae33"},"headline":"Kaplnku nav\u0161t\u00edvila ve\u013evyslanky\u0148a N\u00f3rskeho kr\u00e1\u013eovstva","datePublished":"2016-11-18T11:57:34+00:00","mainEntityOfPage":{"@id":"https:\/\/pmza.sk\/?p=18472"},"wordCount":395,"publisher":{"@id":"https:\/\/pmza.sk\/#organization"},"image":{"@id":"https:\/\/pmza.sk\/?p=18472#primaryimage"},"thumbnailUrl":"https:\/\/pmza.sk\/wp-content\/uploads\/2016\/11\/Navsteva-kaplnky-BH-velvyslankyna-Norskeho-kralovstva-nov.-2016-scaled-1.jpg","articleSection":["Arch\u00edv 2016"],"inLanguage":"sk-SK"},{"@type":"WebPage","@id":"https:\/\/pmza.sk\/?p=18472","url":"https:\/\/pmza.sk\/?p=18472","name":"Kaplnku nav\u0161t\u00edvila ve\u013evyslanky\u0148a N\u00f3rskeho kr\u00e1\u013eovstva - Pova\u017esk\u00e9 m\u00fazeum","isPartOf":{"@id":"https:\/\/pmza.sk\/#website"},"primaryImageOfPage":{"@id":"https:\/\/pmza.sk\/?p=18472#primaryimage"},"image":{"@id":"https:\/\/pmza.sk\/?p=18472#primaryimage"},"thumbnailUrl":"https:\/\/pmza.sk\/wp-content\/uploads\/2016\/11\/Navsteva-kaplnky-BH-velvyslankyna-Norskeho-kralovstva-nov.-2016-scaled-1.jpg","datePublished":"2016-11-18T11:57:34+00:00","breadcrumb":{"@id":"https:\/\/pmza.sk\/?p=18472#breadcrumb"},"inLanguage":"sk-SK","potentialAction":[{"@type":"ReadAction","target":["https:\/\/pmza.sk\/?p=18472"]}]},{"@type":"ImageObject","inLanguage":"sk-SK","@id":"https:\/\/pmza.sk\/?p=18472#primaryimage","url":"https:\/\/pmza.sk\/wp-content\/uploads\/2016\/11\/Navsteva-kaplnky-BH-velvyslankyna-Norskeho-kralovstva-nov.-2016-scaled-1.jpg","contentUrl":"https:\/\/pmza.sk\/wp-content\/uploads\/2016\/11\/Navsteva-kaplnky-BH-velvyslankyna-Norskeho-kralovstva-nov.-2016-scaled-1.jpg","width":2560,"height":1707},{"@type":"BreadcrumbList","@id":"https:\/\/pmza.sk\/?p=18472#breadcrumb","itemListElement":[{"@type":"ListItem","position":1,"name":"Domovsk\u00e1 str\u00e1nka","item":"https:\/\/pmza.sk\/"},{"@type":"ListItem","position":2,"name":"Kaplnku nav\u0161t\u00edvila ve\u013evyslanky\u0148a N\u00f3rskeho kr\u00e1\u013eovstva"}]},{"@type":"WebSite","@id":"https:\/\/pmza.sk\/#website","url":"https:\/\/pmza.sk\/","name":"Pova\u017esk\u00e9 m\u00fazeum","description":"Pova\u017esk\u00e9 m\u00fazeum v \u017diline je region\u00e1lne m\u00fazeum so s\u00eddlom v Budat\u00edne. Jeho expoz\u00edcie s\u00fa zameran\u00e9 na dejiny slovensk\u00e9ho umenia, kult\u00fary a dopravy.","publisher":{"@id":"https:\/\/pmza.sk\/#organization"},"potentialAction":[{"@type":"SearchAction","target":{"@type":"EntryPoint","urlTemplate":"https:\/\/pmza.sk\/?s={search_term_string}"},"query-input":{"@type":"PropertyValueSpecification","valueRequired":true,"valueName":"search_term_string"}}],"inLanguage":"sk-SK"},{"@type":"Organization","@id":"https:\/\/pmza.sk\/#organization","name":"Pova\u017esk\u00e9 m\u00fazeum","url":"https:\/\/pmza.sk\/","logo":{"@type":"ImageObject","inLanguage":"sk-SK","@id":"https:\/\/pmza.sk\/#\/schema\/logo\/image\/","url":"https:\/\/pmza.sk\/wp-content\/uploads\/2022\/01\/logo_PM_horizontal.jpg","contentUrl":"https:\/\/pmza.sk\/wp-content\/uploads\/2022\/01\/logo_PM_horizontal.jpg","width":231,"height":142,"caption":"Pova\u017esk\u00e9 m\u00fazeum"},"image":{"@id":"https:\/\/pmza.sk\/#\/schema\/logo\/image\/"},"sameAs":["https:\/\/www.facebook.com\/povazskemuzeum","https:\/\/www.instagram.com\/povazskemuzeum\/"]},{"@type":"Person","@id":"https:\/\/pmza.sk\/#\/schema\/person\/595e6a2ce731ea94dcd5d7f50a41ae33","name":"Pova\u017esk\u00e9 m\u00fazeum","image":{"@type":"ImageObject","inLanguage":"sk-SK","@id":"https:\/\/secure.gravatar.com\/avatar\/2bb7f1561282132fb5826dfeccc66c7996d11ee392ac6aaf7ced8a1c2027fbb2?s=96&d=mm&r=g","url":"https:\/\/secure.gravatar.com\/avatar\/2bb7f1561282132fb5826dfeccc66c7996d11ee392ac6aaf7ced8a1c2027fbb2?s=96&d=mm&r=g","contentUrl":"https:\/\/secure.gravatar.com\/avatar\/2bb7f1561282132fb5826dfeccc66c7996d11ee392ac6aaf7ced8a1c2027fbb2?s=96&d=mm&r=g","caption":"Pova\u017esk\u00e9 m\u00fazeum"}}]}},"_links":{"self":[{"href":"https:\/\/pmza.sk\/index.php?rest_route=\/wp\/v2\/posts\/18472","targetHints":{"allow":["GET"]}}],"collection":[{"href":"https:\/\/pmza.sk\/index.php?rest_route=\/wp\/v2\/posts"}],"about":[{"href":"https:\/\/pmza.sk\/index.php?rest_route=\/wp\/v2\/types\/post"}],"author":[{"embeddable":true,"href":"https:\/\/pmza.sk\/index.php?rest_route=\/wp\/v2\/users\/2"}],"replies":[{"embeddable":true,"href":"https:\/\/pmza.sk\/index.php?rest_route=%2Fwp%2Fv2%2Fcomments&post=18472"}],"version-history":[{"count":0,"href":"https:\/\/pmza.sk\/index.php?rest_route=\/wp\/v2\/posts\/18472\/revisions"}],"wp:featuredmedia":[{"embeddable":true,"href":"https:\/\/pmza.sk\/index.php?rest_route=\/wp\/v2\/media\/18475"}],"wp:attachment":[{"href":"https:\/\/pmza.sk\/index.php?rest_route=%2Fwp%2Fv2%2Fmedia&parent=18472"}],"wp:term":[{"taxonomy":"category","embeddable":true,"href":"https:\/\/pmza.sk\/index.php?rest_route=%2Fwp%2Fv2%2Fcategories&post=18472"},{"taxonomy":"post_tag","embeddable":true,"href":"https:\/\/pmza.sk\/index.php?rest_route=%2Fwp%2Fv2%2Ftags&post=18472"}],"curies":[{"name":"wp","href":"https:\/\/api.w.org\/{rel}","templated":true}]}}