{"id":18493,"date":"2016-11-21T10:48:20","date_gmt":"2016-11-21T09:48:20","guid":{"rendered":"https:\/\/pmza.sk.sk\/?p=18493"},"modified":"2016-11-21T10:48:20","modified_gmt":"2016-11-21T09:48:20","slug":"kaplnka-budatinskeho-hradu-ma-novy-organ","status":"publish","type":"post","link":"https:\/\/pmza.sk\/?p=18493","title":{"rendered":"Kaplnka Budat\u00ednskeho hradu m\u00e1 nov\u00fd organ"},"content":{"rendered":"<p>Pova\u017esk\u00e9 m\u00fazeum v\u00a0\u017diline m\u00e1 v\u010faka finan\u010dnej podpore \u017dilinsk\u00e9ho samospr\u00e1vneho kraja od pondelka 21. novembra v hradnej kaplnke nov\u00fd organ zna\u010dky KTR 2s, privezen\u00fd z\u00a0Nemecka \u2013 spo\u013eahliv\u00fd, variabiln\u00fd hudobn\u00fd n\u00e1stroj, ktor\u00fd sa svoj\u00edm zvukom vyrovn\u00e1 historick\u00e9mu n\u00e1stroju.<\/p>\n<p>Kaplnka\u00a0 Budat\u00ednskeho hradu m\u00e1 po rozsiahlej rekon\u0161trukcii od leta vo ve\u017ei\u010dke svoje srdce \u2013 nov\u00fd zvon a\u00a0tento hudobn\u00fd n\u00e1stroj \u2013 organ jej vd\u00fdchne du\u0161u.<\/p>\n<p>Premi\u00e9ru bude ma\u0165 v\u00a0r\u00e1mci programu \u201e<em>Pr\u00edbehy zvonov\u00a0Budat\u00ednskeho hradu<\/em>\u201c, ktor\u00fd uvedieme 8. decembra 2016 o 16. hodine. Vz\u00e1cny nov\u00fd n\u00e1stroj rozozvu\u010d\u00ed \u00a0zn\u00e1ma slovensk\u00e1 organistka, koncertn\u00e1 umelky\u0148a Marta G\u00e1borov\u00e1.<\/p>\n<p>Srde\u010dne V\u00e1s poz\u00fdvame!<\/p>\n<p>&nbsp;<\/p>\n<p><a href=\"https:\/\/pmza.sk\/wp-content\/uploads\/2016\/11\/IMG_1613-scaled-1.jpg\"><img fetchpriority=\"high\" decoding=\"async\" class=\" size-medium wp-image-18497 aligncenter\" src=\"https:\/\/pmza.sk.sk\/wp-content\/uploads\/2016\/11\/IMG_1613-300x200.jpg\" alt=\"img_1613\" width=\"300\" height=\"200\" \/><\/a>\u00a0 <a href=\"https:\/\/pmza.sk\/wp-content\/uploads\/2016\/11\/IMG_1618-scaled-1.jpg\"><img decoding=\"async\" class=\" size-medium wp-image-18495 aligncenter\" src=\"https:\/\/pmza.sk.sk\/wp-content\/uploads\/2016\/11\/IMG_1618-300x200.jpg\" alt=\"img_1618\" width=\"300\" height=\"200\" \/><\/a><\/p>\n<p><a href=\"https:\/\/pmza.sk\/wp-content\/uploads\/2016\/11\/IMG_1622-scaled-1.jpg\"><img decoding=\"async\" class=\" size-medium wp-image-18496 aligncenter\" src=\"https:\/\/pmza.sk.sk\/wp-content\/uploads\/2016\/11\/IMG_1622-200x300.jpg\" alt=\"img_1622\" width=\"200\" height=\"300\" \/><\/a><\/p>\n<p>&nbsp;<\/p>\n","protected":false},"excerpt":{"rendered":"<p>Pova\u017esk\u00e9 m\u00fazeum v\u00a0\u017diline m\u00e1 v\u010faka finan\u010dnej podpore \u017dilinsk\u00e9ho samospr\u00e1vneho kraja od pondelka 21. novembra v hradnej kaplnke nov\u00fd organ zna\u010dky KTR 2s, privezen\u00fd z\u00a0Nemecka \u2013 spo\u013eahliv\u00fd, variabiln\u00fd hudobn\u00fd n\u00e1stroj, ktor\u00fd sa svoj\u00edm zvukom vyrovn\u00e1 historick\u00e9mu n\u00e1stroju. Kaplnka\u00a0 Budat\u00ednskeho hradu m\u00e1 po rozsiahlej rekon\u0161trukcii od leta vo ve\u017ei\u010dke svoje srdce \u2013 nov\u00fd zvon a\u00a0tento hudobn\u00fd n\u00e1stroj [&hellip;]<\/p>\n","protected":false},"author":2,"featured_media":18498,"comment_status":"closed","ping_status":"closed","sticky":false,"template":"","format":"standard","meta":{"site-sidebar-layout":"default","site-content-layout":"","ast-site-content-layout":"","site-content-style":"default","site-sidebar-style":"default","ast-global-header-display":"","ast-banner-title-visibility":"","ast-main-header-display":"","ast-hfb-above-header-display":"","ast-hfb-below-header-display":"","ast-hfb-mobile-header-display":"","site-post-title":"","ast-breadcrumbs-content":"","ast-featured-img":"","footer-sml-layout":"","theme-transparent-header-meta":"","adv-header-id-meta":"","stick-header-meta":"","header-above-stick-meta":"","header-main-stick-meta":"","header-below-stick-meta":"","astra-migrate-meta-layouts":"default","ast-page-background-enabled":"default","ast-page-background-meta":{"desktop":{"background-color":"var(--ast-global-color-4)","background-image":"","background-repeat":"repeat","background-position":"center center","background-size":"auto","background-attachment":"scroll","background-type":"","background-media":"","overlay-type":"","overlay-color":"","overlay-opacity":"","overlay-gradient":""},"tablet":{"background-color":"","background-image":"","background-repeat":"repeat","background-position":"center center","background-size":"auto","background-attachment":"scroll","background-type":"","background-media":"","overlay-type":"","overlay-color":"","overlay-opacity":"","overlay-gradient":""},"mobile":{"background-color":"","background-image":"","background-repeat":"repeat","background-position":"center center","background-size":"auto","background-attachment":"scroll","background-type":"","background-media":"","overlay-type":"","overlay-color":"","overlay-opacity":"","overlay-gradient":""}},"ast-content-background-meta":{"desktop":{"background-color":"var(--ast-global-color-5)","background-image":"","background-repeat":"repeat","background-position":"center center","background-size":"auto","background-attachment":"scroll","background-type":"","background-media":"","overlay-type":"","overlay-color":"","overlay-opacity":"","overlay-gradient":""},"tablet":{"background-color":"var(--ast-global-color-5)","background-image":"","background-repeat":"repeat","background-position":"center center","background-size":"auto","background-attachment":"scroll","background-type":"","background-media":"","overlay-type":"","overlay-color":"","overlay-opacity":"","overlay-gradient":""},"mobile":{"background-color":"var(--ast-global-color-5)","background-image":"","background-repeat":"repeat","background-position":"center center","background-size":"auto","background-attachment":"scroll","background-type":"","background-media":"","overlay-type":"","overlay-color":"","overlay-opacity":"","overlay-gradient":""}},"footnotes":""},"categories":[50],"tags":[],"class_list":["post-18493","post","type-post","status-publish","format-standard","has-post-thumbnail","hentry","category-archiv-2016"],"yoast_head":"<!-- This site is optimized with the Yoast SEO plugin v27.4 - https:\/\/yoast.com\/product\/yoast-seo-wordpress\/ -->\n<title>Kaplnka Budat\u00ednskeho hradu m\u00e1 nov\u00fd organ - Pova\u017esk\u00e9 m\u00fazeum<\/title>\n<meta name=\"robots\" content=\"index, follow, max-snippet:-1, max-image-preview:large, max-video-preview:-1\" \/>\n<link rel=\"canonical\" href=\"https:\/\/pmza.sk\/?p=18493\" \/>\n<meta property=\"og:locale\" content=\"sk_SK\" \/>\n<meta property=\"og:type\" content=\"article\" \/>\n<meta property=\"og:title\" content=\"Kaplnka Budat\u00ednskeho hradu m\u00e1 nov\u00fd organ - Pova\u017esk\u00e9 m\u00fazeum\" \/>\n<meta property=\"og:description\" content=\"Pova\u017esk\u00e9 m\u00fazeum v\u00a0\u017diline m\u00e1 v\u010faka finan\u010dnej podpore \u017dilinsk\u00e9ho samospr\u00e1vneho kraja od pondelka 21. novembra v hradnej kaplnke nov\u00fd organ zna\u010dky KTR 2s, privezen\u00fd z\u00a0Nemecka \u2013 spo\u013eahliv\u00fd, variabiln\u00fd hudobn\u00fd n\u00e1stroj, ktor\u00fd sa svoj\u00edm zvukom vyrovn\u00e1 historick\u00e9mu n\u00e1stroju. Kaplnka\u00a0 Budat\u00ednskeho hradu m\u00e1 po rozsiahlej rekon\u0161trukcii od leta vo ve\u017ei\u010dke svoje srdce \u2013 nov\u00fd zvon a\u00a0tento hudobn\u00fd n\u00e1stroj [&hellip;]\" \/>\n<meta property=\"og:url\" content=\"https:\/\/pmza.sk\/?p=18493\" \/>\n<meta property=\"og:site_name\" content=\"Pova\u017esk\u00e9 m\u00fazeum\" \/>\n<meta property=\"article:publisher\" content=\"https:\/\/www.facebook.com\/povazskemuzeum\" \/>\n<meta property=\"article:published_time\" content=\"2016-11-21T09:48:20+00:00\" \/>\n<meta property=\"og:image\" content=\"https:\/\/pmza.sk\/wp-content\/uploads\/2016\/11\/IMG_1614-scaled-1.jpg\" \/>\n\t<meta property=\"og:image:width\" content=\"1707\" \/>\n\t<meta property=\"og:image:height\" content=\"2560\" \/>\n\t<meta property=\"og:image:type\" content=\"image\/jpeg\" \/>\n<meta name=\"author\" content=\"Pova\u017esk\u00e9 m\u00fazeum\" \/>\n<meta name=\"twitter:card\" content=\"summary_large_image\" \/>\n<meta name=\"twitter:label1\" content=\"Autor\" \/>\n\t<meta name=\"twitter:data1\" content=\"Pova\u017esk\u00e9 m\u00fazeum\" \/>\n\t<meta name=\"twitter:label2\" content=\"Predpokladan\u00fd \u010das \u010d\u00edtania\" \/>\n\t<meta name=\"twitter:data2\" content=\"1 min\u00fata\" \/>\n<script type=\"application\/ld+json\" class=\"yoast-schema-graph\">{\"@context\":\"https:\\\/\\\/schema.org\",\"@graph\":[{\"@type\":\"Article\",\"@id\":\"https:\\\/\\\/pmza.sk\\\/?p=18493#article\",\"isPartOf\":{\"@id\":\"https:\\\/\\\/pmza.sk\\\/?p=18493\"},\"author\":{\"name\":\"Pova\u017esk\u00e9 m\u00fazeum\",\"@id\":\"https:\\\/\\\/pmza.sk\\\/#\\\/schema\\\/person\\\/595e6a2ce731ea94dcd5d7f50a41ae33\"},\"headline\":\"Kaplnka Budat\u00ednskeho hradu m\u00e1 nov\u00fd organ\",\"datePublished\":\"2016-11-21T09:48:20+00:00\",\"mainEntityOfPage\":{\"@id\":\"https:\\\/\\\/pmza.sk\\\/?p=18493\"},\"wordCount\":128,\"publisher\":{\"@id\":\"https:\\\/\\\/pmza.sk\\\/#organization\"},\"image\":{\"@id\":\"https:\\\/\\\/pmza.sk\\\/?p=18493#primaryimage\"},\"thumbnailUrl\":\"https:\\\/\\\/pmza.sk\\\/wp-content\\\/uploads\\\/2016\\\/11\\\/IMG_1614-scaled-1.jpg\",\"articleSection\":[\"Arch\u00edv 2016\"],\"inLanguage\":\"sk-SK\"},{\"@type\":\"WebPage\",\"@id\":\"https:\\\/\\\/pmza.sk\\\/?p=18493\",\"url\":\"https:\\\/\\\/pmza.sk\\\/?p=18493\",\"name\":\"Kaplnka Budat\u00ednskeho hradu m\u00e1 nov\u00fd organ - Pova\u017esk\u00e9 m\u00fazeum\",\"isPartOf\":{\"@id\":\"https:\\\/\\\/pmza.sk\\\/#website\"},\"primaryImageOfPage\":{\"@id\":\"https:\\\/\\\/pmza.sk\\\/?p=18493#primaryimage\"},\"image\":{\"@id\":\"https:\\\/\\\/pmza.sk\\\/?p=18493#primaryimage\"},\"thumbnailUrl\":\"https:\\\/\\\/pmza.sk\\\/wp-content\\\/uploads\\\/2016\\\/11\\\/IMG_1614-scaled-1.jpg\",\"datePublished\":\"2016-11-21T09:48:20+00:00\",\"breadcrumb\":{\"@id\":\"https:\\\/\\\/pmza.sk\\\/?p=18493#breadcrumb\"},\"inLanguage\":\"sk-SK\",\"potentialAction\":[{\"@type\":\"ReadAction\",\"target\":[\"https:\\\/\\\/pmza.sk\\\/?p=18493\"]}]},{\"@type\":\"ImageObject\",\"inLanguage\":\"sk-SK\",\"@id\":\"https:\\\/\\\/pmza.sk\\\/?p=18493#primaryimage\",\"url\":\"https:\\\/\\\/pmza.sk\\\/wp-content\\\/uploads\\\/2016\\\/11\\\/IMG_1614-scaled-1.jpg\",\"contentUrl\":\"https:\\\/\\\/pmza.sk\\\/wp-content\\\/uploads\\\/2016\\\/11\\\/IMG_1614-scaled-1.jpg\",\"width\":1707,\"height\":2560},{\"@type\":\"BreadcrumbList\",\"@id\":\"https:\\\/\\\/pmza.sk\\\/?p=18493#breadcrumb\",\"itemListElement\":[{\"@type\":\"ListItem\",\"position\":1,\"name\":\"Domovsk\u00e1 str\u00e1nka\",\"item\":\"https:\\\/\\\/pmza.sk\\\/\"},{\"@type\":\"ListItem\",\"position\":2,\"name\":\"Kaplnka Budat\u00ednskeho hradu m\u00e1 nov\u00fd organ\"}]},{\"@type\":\"WebSite\",\"@id\":\"https:\\\/\\\/pmza.sk\\\/#website\",\"url\":\"https:\\\/\\\/pmza.sk\\\/\",\"name\":\"Pova\u017esk\u00e9 m\u00fazeum\",\"description\":\"Pova\u017esk\u00e9 m\u00fazeum v \u017diline je region\u00e1lne m\u00fazeum so s\u00eddlom v Budat\u00edne. Jeho expoz\u00edcie s\u00fa zameran\u00e9 na dejiny slovensk\u00e9ho umenia, kult\u00fary a dopravy.\",\"publisher\":{\"@id\":\"https:\\\/\\\/pmza.sk\\\/#organization\"},\"potentialAction\":[{\"@type\":\"SearchAction\",\"target\":{\"@type\":\"EntryPoint\",\"urlTemplate\":\"https:\\\/\\\/pmza.sk\\\/?s={search_term_string}\"},\"query-input\":{\"@type\":\"PropertyValueSpecification\",\"valueRequired\":true,\"valueName\":\"search_term_string\"}}],\"inLanguage\":\"sk-SK\"},{\"@type\":\"Organization\",\"@id\":\"https:\\\/\\\/pmza.sk\\\/#organization\",\"name\":\"Pova\u017esk\u00e9 m\u00fazeum\",\"url\":\"https:\\\/\\\/pmza.sk\\\/\",\"logo\":{\"@type\":\"ImageObject\",\"inLanguage\":\"sk-SK\",\"@id\":\"https:\\\/\\\/pmza.sk\\\/#\\\/schema\\\/logo\\\/image\\\/\",\"url\":\"https:\\\/\\\/pmza.sk\\\/wp-content\\\/uploads\\\/2022\\\/01\\\/logo_PM_horizontal.jpg\",\"contentUrl\":\"https:\\\/\\\/pmza.sk\\\/wp-content\\\/uploads\\\/2022\\\/01\\\/logo_PM_horizontal.jpg\",\"width\":231,\"height\":142,\"caption\":\"Pova\u017esk\u00e9 m\u00fazeum\"},\"image\":{\"@id\":\"https:\\\/\\\/pmza.sk\\\/#\\\/schema\\\/logo\\\/image\\\/\"},\"sameAs\":[\"https:\\\/\\\/www.facebook.com\\\/povazskemuzeum\",\"https:\\\/\\\/www.instagram.com\\\/povazskemuzeum\\\/\"]},{\"@type\":\"Person\",\"@id\":\"https:\\\/\\\/pmza.sk\\\/#\\\/schema\\\/person\\\/595e6a2ce731ea94dcd5d7f50a41ae33\",\"name\":\"Pova\u017esk\u00e9 m\u00fazeum\",\"image\":{\"@type\":\"ImageObject\",\"inLanguage\":\"sk-SK\",\"@id\":\"https:\\\/\\\/secure.gravatar.com\\\/avatar\\\/2bb7f1561282132fb5826dfeccc66c7996d11ee392ac6aaf7ced8a1c2027fbb2?s=96&d=mm&r=g\",\"url\":\"https:\\\/\\\/secure.gravatar.com\\\/avatar\\\/2bb7f1561282132fb5826dfeccc66c7996d11ee392ac6aaf7ced8a1c2027fbb2?s=96&d=mm&r=g\",\"contentUrl\":\"https:\\\/\\\/secure.gravatar.com\\\/avatar\\\/2bb7f1561282132fb5826dfeccc66c7996d11ee392ac6aaf7ced8a1c2027fbb2?s=96&d=mm&r=g\",\"caption\":\"Pova\u017esk\u00e9 m\u00fazeum\"}}]}<\/script>\n<!-- \/ Yoast SEO plugin. -->","yoast_head_json":{"title":"Kaplnka Budat\u00ednskeho hradu m\u00e1 nov\u00fd organ - Pova\u017esk\u00e9 m\u00fazeum","robots":{"index":"index","follow":"follow","max-snippet":"max-snippet:-1","max-image-preview":"max-image-preview:large","max-video-preview":"max-video-preview:-1"},"canonical":"https:\/\/pmza.sk\/?p=18493","og_locale":"sk_SK","og_type":"article","og_title":"Kaplnka Budat\u00ednskeho hradu m\u00e1 nov\u00fd organ - Pova\u017esk\u00e9 m\u00fazeum","og_description":"Pova\u017esk\u00e9 m\u00fazeum v\u00a0\u017diline m\u00e1 v\u010faka finan\u010dnej podpore \u017dilinsk\u00e9ho samospr\u00e1vneho kraja od pondelka 21. novembra v hradnej kaplnke nov\u00fd organ zna\u010dky KTR 2s, privezen\u00fd z\u00a0Nemecka \u2013 spo\u013eahliv\u00fd, variabiln\u00fd hudobn\u00fd n\u00e1stroj, ktor\u00fd sa svoj\u00edm zvukom vyrovn\u00e1 historick\u00e9mu n\u00e1stroju. Kaplnka\u00a0 Budat\u00ednskeho hradu m\u00e1 po rozsiahlej rekon\u0161trukcii od leta vo ve\u017ei\u010dke svoje srdce \u2013 nov\u00fd zvon a\u00a0tento hudobn\u00fd n\u00e1stroj [&hellip;]","og_url":"https:\/\/pmza.sk\/?p=18493","og_site_name":"Pova\u017esk\u00e9 m\u00fazeum","article_publisher":"https:\/\/www.facebook.com\/povazskemuzeum","article_published_time":"2016-11-21T09:48:20+00:00","og_image":[{"width":1707,"height":2560,"url":"https:\/\/pmza.sk\/wp-content\/uploads\/2016\/11\/IMG_1614-scaled-1.jpg","type":"image\/jpeg"}],"author":"Pova\u017esk\u00e9 m\u00fazeum","twitter_card":"summary_large_image","twitter_misc":{"Autor":"Pova\u017esk\u00e9 m\u00fazeum","Predpokladan\u00fd \u010das \u010d\u00edtania":"1 min\u00fata"},"schema":{"@context":"https:\/\/schema.org","@graph":[{"@type":"Article","@id":"https:\/\/pmza.sk\/?p=18493#article","isPartOf":{"@id":"https:\/\/pmza.sk\/?p=18493"},"author":{"name":"Pova\u017esk\u00e9 m\u00fazeum","@id":"https:\/\/pmza.sk\/#\/schema\/person\/595e6a2ce731ea94dcd5d7f50a41ae33"},"headline":"Kaplnka Budat\u00ednskeho hradu m\u00e1 nov\u00fd organ","datePublished":"2016-11-21T09:48:20+00:00","mainEntityOfPage":{"@id":"https:\/\/pmza.sk\/?p=18493"},"wordCount":128,"publisher":{"@id":"https:\/\/pmza.sk\/#organization"},"image":{"@id":"https:\/\/pmza.sk\/?p=18493#primaryimage"},"thumbnailUrl":"https:\/\/pmza.sk\/wp-content\/uploads\/2016\/11\/IMG_1614-scaled-1.jpg","articleSection":["Arch\u00edv 2016"],"inLanguage":"sk-SK"},{"@type":"WebPage","@id":"https:\/\/pmza.sk\/?p=18493","url":"https:\/\/pmza.sk\/?p=18493","name":"Kaplnka Budat\u00ednskeho hradu m\u00e1 nov\u00fd organ - Pova\u017esk\u00e9 m\u00fazeum","isPartOf":{"@id":"https:\/\/pmza.sk\/#website"},"primaryImageOfPage":{"@id":"https:\/\/pmza.sk\/?p=18493#primaryimage"},"image":{"@id":"https:\/\/pmza.sk\/?p=18493#primaryimage"},"thumbnailUrl":"https:\/\/pmza.sk\/wp-content\/uploads\/2016\/11\/IMG_1614-scaled-1.jpg","datePublished":"2016-11-21T09:48:20+00:00","breadcrumb":{"@id":"https:\/\/pmza.sk\/?p=18493#breadcrumb"},"inLanguage":"sk-SK","potentialAction":[{"@type":"ReadAction","target":["https:\/\/pmza.sk\/?p=18493"]}]},{"@type":"ImageObject","inLanguage":"sk-SK","@id":"https:\/\/pmza.sk\/?p=18493#primaryimage","url":"https:\/\/pmza.sk\/wp-content\/uploads\/2016\/11\/IMG_1614-scaled-1.jpg","contentUrl":"https:\/\/pmza.sk\/wp-content\/uploads\/2016\/11\/IMG_1614-scaled-1.jpg","width":1707,"height":2560},{"@type":"BreadcrumbList","@id":"https:\/\/pmza.sk\/?p=18493#breadcrumb","itemListElement":[{"@type":"ListItem","position":1,"name":"Domovsk\u00e1 str\u00e1nka","item":"https:\/\/pmza.sk\/"},{"@type":"ListItem","position":2,"name":"Kaplnka Budat\u00ednskeho hradu m\u00e1 nov\u00fd organ"}]},{"@type":"WebSite","@id":"https:\/\/pmza.sk\/#website","url":"https:\/\/pmza.sk\/","name":"Pova\u017esk\u00e9 m\u00fazeum","description":"Pova\u017esk\u00e9 m\u00fazeum v \u017diline je region\u00e1lne m\u00fazeum so s\u00eddlom v Budat\u00edne. Jeho expoz\u00edcie s\u00fa zameran\u00e9 na dejiny slovensk\u00e9ho umenia, kult\u00fary a dopravy.","publisher":{"@id":"https:\/\/pmza.sk\/#organization"},"potentialAction":[{"@type":"SearchAction","target":{"@type":"EntryPoint","urlTemplate":"https:\/\/pmza.sk\/?s={search_term_string}"},"query-input":{"@type":"PropertyValueSpecification","valueRequired":true,"valueName":"search_term_string"}}],"inLanguage":"sk-SK"},{"@type":"Organization","@id":"https:\/\/pmza.sk\/#organization","name":"Pova\u017esk\u00e9 m\u00fazeum","url":"https:\/\/pmza.sk\/","logo":{"@type":"ImageObject","inLanguage":"sk-SK","@id":"https:\/\/pmza.sk\/#\/schema\/logo\/image\/","url":"https:\/\/pmza.sk\/wp-content\/uploads\/2022\/01\/logo_PM_horizontal.jpg","contentUrl":"https:\/\/pmza.sk\/wp-content\/uploads\/2022\/01\/logo_PM_horizontal.jpg","width":231,"height":142,"caption":"Pova\u017esk\u00e9 m\u00fazeum"},"image":{"@id":"https:\/\/pmza.sk\/#\/schema\/logo\/image\/"},"sameAs":["https:\/\/www.facebook.com\/povazskemuzeum","https:\/\/www.instagram.com\/povazskemuzeum\/"]},{"@type":"Person","@id":"https:\/\/pmza.sk\/#\/schema\/person\/595e6a2ce731ea94dcd5d7f50a41ae33","name":"Pova\u017esk\u00e9 m\u00fazeum","image":{"@type":"ImageObject","inLanguage":"sk-SK","@id":"https:\/\/secure.gravatar.com\/avatar\/2bb7f1561282132fb5826dfeccc66c7996d11ee392ac6aaf7ced8a1c2027fbb2?s=96&d=mm&r=g","url":"https:\/\/secure.gravatar.com\/avatar\/2bb7f1561282132fb5826dfeccc66c7996d11ee392ac6aaf7ced8a1c2027fbb2?s=96&d=mm&r=g","contentUrl":"https:\/\/secure.gravatar.com\/avatar\/2bb7f1561282132fb5826dfeccc66c7996d11ee392ac6aaf7ced8a1c2027fbb2?s=96&d=mm&r=g","caption":"Pova\u017esk\u00e9 m\u00fazeum"}}]}},"_links":{"self":[{"href":"https:\/\/pmza.sk\/index.php?rest_route=\/wp\/v2\/posts\/18493","targetHints":{"allow":["GET"]}}],"collection":[{"href":"https:\/\/pmza.sk\/index.php?rest_route=\/wp\/v2\/posts"}],"about":[{"href":"https:\/\/pmza.sk\/index.php?rest_route=\/wp\/v2\/types\/post"}],"author":[{"embeddable":true,"href":"https:\/\/pmza.sk\/index.php?rest_route=\/wp\/v2\/users\/2"}],"replies":[{"embeddable":true,"href":"https:\/\/pmza.sk\/index.php?rest_route=%2Fwp%2Fv2%2Fcomments&post=18493"}],"version-history":[{"count":0,"href":"https:\/\/pmza.sk\/index.php?rest_route=\/wp\/v2\/posts\/18493\/revisions"}],"wp:featuredmedia":[{"embeddable":true,"href":"https:\/\/pmza.sk\/index.php?rest_route=\/wp\/v2\/media\/18498"}],"wp:attachment":[{"href":"https:\/\/pmza.sk\/index.php?rest_route=%2Fwp%2Fv2%2Fmedia&parent=18493"}],"wp:term":[{"taxonomy":"category","embeddable":true,"href":"https:\/\/pmza.sk\/index.php?rest_route=%2Fwp%2Fv2%2Fcategories&post=18493"},{"taxonomy":"post_tag","embeddable":true,"href":"https:\/\/pmza.sk\/index.php?rest_route=%2Fwp%2Fv2%2Ftags&post=18493"}],"curies":[{"name":"wp","href":"https:\/\/api.w.org\/{rel}","templated":true}]}}