{"id":18506,"date":"2016-11-21T13:18:15","date_gmt":"2016-11-21T12:18:15","guid":{"rendered":"https:\/\/pmza.sk.sk\/?p=18506"},"modified":"2016-11-21T13:18:15","modified_gmt":"2016-11-21T12:18:15","slug":"droty-made-in-slovakia","status":"publish","type":"post","link":"https:\/\/pmza.sk\/?p=18506","title":{"rendered":"Dr\u00f4ty Made In Slovakia"},"content":{"rendered":"<p>Zap\u00e1len\u00edm svie\u010dky v dr\u00f4tenom svietniku otvorila v piatok 18. novembra 2016 riadite\u013eka Pal\u00e1ca kult\u00fary Zaglebia v po\u013eskom meste Dabrowa G\u00f3rnicza v\u00fdstavu Pova\u017esk\u00e9ho m\u00fazea v \u017diline Dr\u00f4ty Made In Slovakia.<\/p>\n<p><a href=\"https:\/\/pmza.sk\/wp-content\/uploads\/2017\/07\/S30C-917071212380-scaled-1.jpg\"><img fetchpriority=\"high\" decoding=\"async\" class=\"alignleft  wp-image-22454\" src=\"https:\/\/pmza.sk.sk\/wp-content\/uploads\/2017\/07\/S30C-917071212380-106x150.jpg\" alt=\"\" width=\"226\" height=\"320\" \/><\/a><\/p>\n<p><span id=\"result_box\" class=\"\" lang=\"sk\"><span class=\"\">V P<\/span><span class=\"\">al\u00e1ci<\/span> kult\u00fary m\u00f4\u017eu n\u00e1v\u0161tevn\u00edci a\u017e do 9. decembra obdivova\u0165 jedine\u010dn\u00e9 dr\u00f4ten\u00e9 <span class=\"\">sochy<\/span><span class=\"\">,<\/span> dekor\u00e1cie, \u00fa\u017eitkov\u00e9 predmety <span class=\"\">a <\/span><span class=\"\">\u0161perky<\/span>, ktor\u00e9 <span class=\"\">predstavuj\u00fa tvorbu <\/span><span class=\"\">s\u00fa\u010dasn\u00fdch<\/span> <span class=\"\">remeseln\u00edkov<\/span> <span class=\"\">a<\/span> <span class=\"\">umelcov<\/span> z cel\u00e9ho Slovenska, ktor\u00ed technologicky aj materi\u00e1lovo nadviazali na tradi\u010dn\u00e9 drot\u00e1rske remeslo a posunuli ho do v\u00fdtvarn\u00fdch pod\u00f4b. Na\u0161i po\u013esk\u00ed susedia tak maj\u00fa mo\u017enos\u0165 zozn\u00e1mi\u0165 sa s \u010das\u0165ou zauj\u00edmavej slovenskej hist\u00f3rie a s\u00fa\u010dasnou v\u00fdtvarnou kult\u00farou.<br \/><\/span><\/p>\n<p>V\u00fdstava je \u010fal\u0161ou\u00a0v\u00a0s\u00e9rii \u00faspe\u0161n\u00fdch prezent\u00e1ci\u00ed pr\u00e1ce Pova\u017esk\u00e9ho m\u00fazea v\u00a0Po\u013esku a\u00a0bola realizovan\u00e1 s\u00a0podporou \u017dilinsk\u00e9ho samospr\u00e1vneho kraja a Slovensk\u00e9ho in\u0161tit\u00fatu vo Var\u0161ave.<\/p>\n<p>&nbsp;<\/p>\n<p><a href=\"https:\/\/pmza.sk\/wp-content\/uploads\/2016\/11\/drytmadeinsloviakia-1.jpg\"><img decoding=\"async\" class=\" size-medium wp-image-18501 aligncenter\" src=\"https:\/\/pmza.sk.sk\/wp-content\/uploads\/2016\/11\/drytmadeinsloviakia-1-300x192.jpg\" alt=\"drytmadeinsloviakia-1\" width=\"300\" height=\"192\" \/><\/a><\/p>\n<p><a href=\"https:\/\/pmza.sk\/wp-content\/uploads\/2016\/11\/drytmadeinsloviakia-5.jpg\"><img decoding=\"async\" class=\" size-medium wp-image-18505 aligncenter\" src=\"https:\/\/pmza.sk.sk\/wp-content\/uploads\/2016\/11\/drytmadeinsloviakia-5-257x300.jpg\" alt=\"drytmadeinsloviakia-5\" width=\"257\" height=\"300\" \/><\/a><\/p>\n<p><a href=\"https:\/\/pmza.sk\/wp-content\/uploads\/2016\/11\/drytmadeinsloviakia-3.jpg\"><img loading=\"lazy\" decoding=\"async\" class=\" size-medium wp-image-18503 aligncenter\" src=\"https:\/\/pmza.sk.sk\/wp-content\/uploads\/2016\/11\/drytmadeinsloviakia-3-300x141.jpg\" alt=\"drytmadeinsloviakia-3\" width=\"300\" height=\"141\" \/><\/a><\/p>\n<p><a href=\"https:\/\/pmza.sk\/wp-content\/uploads\/2016\/11\/drytmadeinsloviakia-4.jpg\"><img loading=\"lazy\" decoding=\"async\" class=\" size-medium wp-image-18504 aligncenter\" src=\"https:\/\/pmza.sk.sk\/wp-content\/uploads\/2016\/11\/drytmadeinsloviakia-4-300x190.jpg\" alt=\"drytmadeinsloviakia-4\" width=\"300\" height=\"190\" \/><\/a><\/p>\n","protected":false},"excerpt":{"rendered":"<p>Zap\u00e1len\u00edm svie\u010dky v dr\u00f4tenom svietniku otvorila v piatok 18. novembra 2016 riadite\u013eka Pal\u00e1ca kult\u00fary Zaglebia v po\u013eskom meste Dabrowa G\u00f3rnicza v\u00fdstavu Pova\u017esk\u00e9ho m\u00fazea v \u017diline Dr\u00f4ty Made In Slovakia. V Pal\u00e1ci kult\u00fary m\u00f4\u017eu n\u00e1v\u0161tevn\u00edci a\u017e do 9. decembra obdivova\u0165 jedine\u010dn\u00e9 dr\u00f4ten\u00e9 sochy, dekor\u00e1cie, \u00fa\u017eitkov\u00e9 predmety a \u0161perky, ktor\u00e9 predstavuj\u00fa tvorbu s\u00fa\u010dasn\u00fdch remeseln\u00edkov a umelcov z [&hellip;]<\/p>\n","protected":false},"author":2,"featured_media":18502,"comment_status":"closed","ping_status":"closed","sticky":false,"template":"","format":"standard","meta":{"site-sidebar-layout":"default","site-content-layout":"","ast-site-content-layout":"","site-content-style":"default","site-sidebar-style":"default","ast-global-header-display":"","ast-banner-title-visibility":"","ast-main-header-display":"","ast-hfb-above-header-display":"","ast-hfb-below-header-display":"","ast-hfb-mobile-header-display":"","site-post-title":"","ast-breadcrumbs-content":"","ast-featured-img":"","footer-sml-layout":"","theme-transparent-header-meta":"","adv-header-id-meta":"","stick-header-meta":"","header-above-stick-meta":"","header-main-stick-meta":"","header-below-stick-meta":"","astra-migrate-meta-layouts":"default","ast-page-background-enabled":"default","ast-page-background-meta":{"desktop":{"background-color":"var(--ast-global-color-4)","background-image":"","background-repeat":"repeat","background-position":"center center","background-size":"auto","background-attachment":"scroll","background-type":"","background-media":"","overlay-type":"","overlay-color":"","overlay-opacity":"","overlay-gradient":""},"tablet":{"background-color":"","background-image":"","background-repeat":"repeat","background-position":"center center","background-size":"auto","background-attachment":"scroll","background-type":"","background-media":"","overlay-type":"","overlay-color":"","overlay-opacity":"","overlay-gradient":""},"mobile":{"background-color":"","background-image":"","background-repeat":"repeat","background-position":"center center","background-size":"auto","background-attachment":"scroll","background-type":"","background-media":"","overlay-type":"","overlay-color":"","overlay-opacity":"","overlay-gradient":""}},"ast-content-background-meta":{"desktop":{"background-color":"var(--ast-global-color-5)","background-image":"","background-repeat":"repeat","background-position":"center center","background-size":"auto","background-attachment":"scroll","background-type":"","background-media":"","overlay-type":"","overlay-color":"","overlay-opacity":"","overlay-gradient":""},"tablet":{"background-color":"var(--ast-global-color-5)","background-image":"","background-repeat":"repeat","background-position":"center center","background-size":"auto","background-attachment":"scroll","background-type":"","background-media":"","overlay-type":"","overlay-color":"","overlay-opacity":"","overlay-gradient":""},"mobile":{"background-color":"var(--ast-global-color-5)","background-image":"","background-repeat":"repeat","background-position":"center center","background-size":"auto","background-attachment":"scroll","background-type":"","background-media":"","overlay-type":"","overlay-color":"","overlay-opacity":"","overlay-gradient":""}},"footnotes":""},"categories":[50],"tags":[],"class_list":["post-18506","post","type-post","status-publish","format-standard","has-post-thumbnail","hentry","category-archiv-2016"],"yoast_head":"<!-- This site is optimized with the Yoast SEO plugin v27.4 - https:\/\/yoast.com\/product\/yoast-seo-wordpress\/ -->\n<title>Dr\u00f4ty Made In Slovakia - Pova\u017esk\u00e9 m\u00fazeum<\/title>\n<meta name=\"robots\" content=\"index, follow, max-snippet:-1, max-image-preview:large, max-video-preview:-1\" \/>\n<link rel=\"canonical\" href=\"https:\/\/pmza.sk\/?p=18506\" \/>\n<meta property=\"og:locale\" content=\"sk_SK\" \/>\n<meta property=\"og:type\" content=\"article\" \/>\n<meta property=\"og:title\" content=\"Dr\u00f4ty Made In Slovakia - Pova\u017esk\u00e9 m\u00fazeum\" \/>\n<meta property=\"og:description\" content=\"Zap\u00e1len\u00edm svie\u010dky v dr\u00f4tenom svietniku otvorila v piatok 18. novembra 2016 riadite\u013eka Pal\u00e1ca kult\u00fary Zaglebia v po\u013eskom meste Dabrowa G\u00f3rnicza v\u00fdstavu Pova\u017esk\u00e9ho m\u00fazea v \u017diline Dr\u00f4ty Made In Slovakia. V Pal\u00e1ci kult\u00fary m\u00f4\u017eu n\u00e1v\u0161tevn\u00edci a\u017e do 9. decembra obdivova\u0165 jedine\u010dn\u00e9 dr\u00f4ten\u00e9 sochy, dekor\u00e1cie, \u00fa\u017eitkov\u00e9 predmety a \u0161perky, ktor\u00e9 predstavuj\u00fa tvorbu s\u00fa\u010dasn\u00fdch remeseln\u00edkov a umelcov z [&hellip;]\" \/>\n<meta property=\"og:url\" content=\"https:\/\/pmza.sk\/?p=18506\" \/>\n<meta property=\"og:site_name\" content=\"Pova\u017esk\u00e9 m\u00fazeum\" \/>\n<meta property=\"article:publisher\" content=\"https:\/\/www.facebook.com\/povazskemuzeum\" \/>\n<meta property=\"article:published_time\" content=\"2016-11-21T12:18:15+00:00\" \/>\n<meta property=\"og:image\" content=\"https:\/\/pmza.sk\/wp-content\/uploads\/2016\/11\/drytmadeinsloviakia-2.jpg\" \/>\n\t<meta property=\"og:image:width\" content=\"860\" \/>\n\t<meta property=\"og:image:height\" content=\"531\" \/>\n\t<meta property=\"og:image:type\" content=\"image\/jpeg\" \/>\n<meta name=\"author\" content=\"Pova\u017esk\u00e9 m\u00fazeum\" \/>\n<meta name=\"twitter:card\" content=\"summary_large_image\" \/>\n<meta name=\"twitter:label1\" content=\"Autor\" \/>\n\t<meta name=\"twitter:data1\" content=\"Pova\u017esk\u00e9 m\u00fazeum\" \/>\n\t<meta name=\"twitter:label2\" content=\"Predpokladan\u00fd \u010das \u010d\u00edtania\" \/>\n\t<meta name=\"twitter:data2\" content=\"1 min\u00fata\" \/>\n<script type=\"application\/ld+json\" class=\"yoast-schema-graph\">{\"@context\":\"https:\\\/\\\/schema.org\",\"@graph\":[{\"@type\":\"Article\",\"@id\":\"https:\\\/\\\/pmza.sk\\\/?p=18506#article\",\"isPartOf\":{\"@id\":\"https:\\\/\\\/pmza.sk\\\/?p=18506\"},\"author\":{\"name\":\"Pova\u017esk\u00e9 m\u00fazeum\",\"@id\":\"https:\\\/\\\/pmza.sk\\\/#\\\/schema\\\/person\\\/595e6a2ce731ea94dcd5d7f50a41ae33\"},\"headline\":\"Dr\u00f4ty Made In Slovakia\",\"datePublished\":\"2016-11-21T12:18:15+00:00\",\"mainEntityOfPage\":{\"@id\":\"https:\\\/\\\/pmza.sk\\\/?p=18506\"},\"wordCount\":178,\"publisher\":{\"@id\":\"https:\\\/\\\/pmza.sk\\\/#organization\"},\"image\":{\"@id\":\"https:\\\/\\\/pmza.sk\\\/?p=18506#primaryimage\"},\"thumbnailUrl\":\"https:\\\/\\\/pmza.sk\\\/wp-content\\\/uploads\\\/2016\\\/11\\\/drytmadeinsloviakia-2.jpg\",\"articleSection\":[\"Arch\u00edv 2016\"],\"inLanguage\":\"sk-SK\"},{\"@type\":\"WebPage\",\"@id\":\"https:\\\/\\\/pmza.sk\\\/?p=18506\",\"url\":\"https:\\\/\\\/pmza.sk\\\/?p=18506\",\"name\":\"Dr\u00f4ty Made In Slovakia - Pova\u017esk\u00e9 m\u00fazeum\",\"isPartOf\":{\"@id\":\"https:\\\/\\\/pmza.sk\\\/#website\"},\"primaryImageOfPage\":{\"@id\":\"https:\\\/\\\/pmza.sk\\\/?p=18506#primaryimage\"},\"image\":{\"@id\":\"https:\\\/\\\/pmza.sk\\\/?p=18506#primaryimage\"},\"thumbnailUrl\":\"https:\\\/\\\/pmza.sk\\\/wp-content\\\/uploads\\\/2016\\\/11\\\/drytmadeinsloviakia-2.jpg\",\"datePublished\":\"2016-11-21T12:18:15+00:00\",\"breadcrumb\":{\"@id\":\"https:\\\/\\\/pmza.sk\\\/?p=18506#breadcrumb\"},\"inLanguage\":\"sk-SK\",\"potentialAction\":[{\"@type\":\"ReadAction\",\"target\":[\"https:\\\/\\\/pmza.sk\\\/?p=18506\"]}]},{\"@type\":\"ImageObject\",\"inLanguage\":\"sk-SK\",\"@id\":\"https:\\\/\\\/pmza.sk\\\/?p=18506#primaryimage\",\"url\":\"https:\\\/\\\/pmza.sk\\\/wp-content\\\/uploads\\\/2016\\\/11\\\/drytmadeinsloviakia-2.jpg\",\"contentUrl\":\"https:\\\/\\\/pmza.sk\\\/wp-content\\\/uploads\\\/2016\\\/11\\\/drytmadeinsloviakia-2.jpg\",\"width\":860,\"height\":531},{\"@type\":\"BreadcrumbList\",\"@id\":\"https:\\\/\\\/pmza.sk\\\/?p=18506#breadcrumb\",\"itemListElement\":[{\"@type\":\"ListItem\",\"position\":1,\"name\":\"Domovsk\u00e1 str\u00e1nka\",\"item\":\"https:\\\/\\\/pmza.sk\\\/\"},{\"@type\":\"ListItem\",\"position\":2,\"name\":\"Dr\u00f4ty Made In Slovakia\"}]},{\"@type\":\"WebSite\",\"@id\":\"https:\\\/\\\/pmza.sk\\\/#website\",\"url\":\"https:\\\/\\\/pmza.sk\\\/\",\"name\":\"Pova\u017esk\u00e9 m\u00fazeum\",\"description\":\"Pova\u017esk\u00e9 m\u00fazeum v \u017diline je region\u00e1lne m\u00fazeum so s\u00eddlom v Budat\u00edne. Jeho expoz\u00edcie s\u00fa zameran\u00e9 na dejiny slovensk\u00e9ho umenia, kult\u00fary a dopravy.\",\"publisher\":{\"@id\":\"https:\\\/\\\/pmza.sk\\\/#organization\"},\"potentialAction\":[{\"@type\":\"SearchAction\",\"target\":{\"@type\":\"EntryPoint\",\"urlTemplate\":\"https:\\\/\\\/pmza.sk\\\/?s={search_term_string}\"},\"query-input\":{\"@type\":\"PropertyValueSpecification\",\"valueRequired\":true,\"valueName\":\"search_term_string\"}}],\"inLanguage\":\"sk-SK\"},{\"@type\":\"Organization\",\"@id\":\"https:\\\/\\\/pmza.sk\\\/#organization\",\"name\":\"Pova\u017esk\u00e9 m\u00fazeum\",\"url\":\"https:\\\/\\\/pmza.sk\\\/\",\"logo\":{\"@type\":\"ImageObject\",\"inLanguage\":\"sk-SK\",\"@id\":\"https:\\\/\\\/pmza.sk\\\/#\\\/schema\\\/logo\\\/image\\\/\",\"url\":\"https:\\\/\\\/pmza.sk\\\/wp-content\\\/uploads\\\/2022\\\/01\\\/logo_PM_horizontal.jpg\",\"contentUrl\":\"https:\\\/\\\/pmza.sk\\\/wp-content\\\/uploads\\\/2022\\\/01\\\/logo_PM_horizontal.jpg\",\"width\":231,\"height\":142,\"caption\":\"Pova\u017esk\u00e9 m\u00fazeum\"},\"image\":{\"@id\":\"https:\\\/\\\/pmza.sk\\\/#\\\/schema\\\/logo\\\/image\\\/\"},\"sameAs\":[\"https:\\\/\\\/www.facebook.com\\\/povazskemuzeum\",\"https:\\\/\\\/www.instagram.com\\\/povazskemuzeum\\\/\"]},{\"@type\":\"Person\",\"@id\":\"https:\\\/\\\/pmza.sk\\\/#\\\/schema\\\/person\\\/595e6a2ce731ea94dcd5d7f50a41ae33\",\"name\":\"Pova\u017esk\u00e9 m\u00fazeum\",\"image\":{\"@type\":\"ImageObject\",\"inLanguage\":\"sk-SK\",\"@id\":\"https:\\\/\\\/secure.gravatar.com\\\/avatar\\\/2bb7f1561282132fb5826dfeccc66c7996d11ee392ac6aaf7ced8a1c2027fbb2?s=96&d=mm&r=g\",\"url\":\"https:\\\/\\\/secure.gravatar.com\\\/avatar\\\/2bb7f1561282132fb5826dfeccc66c7996d11ee392ac6aaf7ced8a1c2027fbb2?s=96&d=mm&r=g\",\"contentUrl\":\"https:\\\/\\\/secure.gravatar.com\\\/avatar\\\/2bb7f1561282132fb5826dfeccc66c7996d11ee392ac6aaf7ced8a1c2027fbb2?s=96&d=mm&r=g\",\"caption\":\"Pova\u017esk\u00e9 m\u00fazeum\"}}]}<\/script>\n<!-- \/ Yoast SEO plugin. -->","yoast_head_json":{"title":"Dr\u00f4ty Made In Slovakia - Pova\u017esk\u00e9 m\u00fazeum","robots":{"index":"index","follow":"follow","max-snippet":"max-snippet:-1","max-image-preview":"max-image-preview:large","max-video-preview":"max-video-preview:-1"},"canonical":"https:\/\/pmza.sk\/?p=18506","og_locale":"sk_SK","og_type":"article","og_title":"Dr\u00f4ty Made In Slovakia - Pova\u017esk\u00e9 m\u00fazeum","og_description":"Zap\u00e1len\u00edm svie\u010dky v dr\u00f4tenom svietniku otvorila v piatok 18. novembra 2016 riadite\u013eka Pal\u00e1ca kult\u00fary Zaglebia v po\u013eskom meste Dabrowa G\u00f3rnicza v\u00fdstavu Pova\u017esk\u00e9ho m\u00fazea v \u017diline Dr\u00f4ty Made In Slovakia. V Pal\u00e1ci kult\u00fary m\u00f4\u017eu n\u00e1v\u0161tevn\u00edci a\u017e do 9. decembra obdivova\u0165 jedine\u010dn\u00e9 dr\u00f4ten\u00e9 sochy, dekor\u00e1cie, \u00fa\u017eitkov\u00e9 predmety a \u0161perky, ktor\u00e9 predstavuj\u00fa tvorbu s\u00fa\u010dasn\u00fdch remeseln\u00edkov a umelcov z [&hellip;]","og_url":"https:\/\/pmza.sk\/?p=18506","og_site_name":"Pova\u017esk\u00e9 m\u00fazeum","article_publisher":"https:\/\/www.facebook.com\/povazskemuzeum","article_published_time":"2016-11-21T12:18:15+00:00","og_image":[{"width":860,"height":531,"url":"https:\/\/pmza.sk\/wp-content\/uploads\/2016\/11\/drytmadeinsloviakia-2.jpg","type":"image\/jpeg"}],"author":"Pova\u017esk\u00e9 m\u00fazeum","twitter_card":"summary_large_image","twitter_misc":{"Autor":"Pova\u017esk\u00e9 m\u00fazeum","Predpokladan\u00fd \u010das \u010d\u00edtania":"1 min\u00fata"},"schema":{"@context":"https:\/\/schema.org","@graph":[{"@type":"Article","@id":"https:\/\/pmza.sk\/?p=18506#article","isPartOf":{"@id":"https:\/\/pmza.sk\/?p=18506"},"author":{"name":"Pova\u017esk\u00e9 m\u00fazeum","@id":"https:\/\/pmza.sk\/#\/schema\/person\/595e6a2ce731ea94dcd5d7f50a41ae33"},"headline":"Dr\u00f4ty Made In Slovakia","datePublished":"2016-11-21T12:18:15+00:00","mainEntityOfPage":{"@id":"https:\/\/pmza.sk\/?p=18506"},"wordCount":178,"publisher":{"@id":"https:\/\/pmza.sk\/#organization"},"image":{"@id":"https:\/\/pmza.sk\/?p=18506#primaryimage"},"thumbnailUrl":"https:\/\/pmza.sk\/wp-content\/uploads\/2016\/11\/drytmadeinsloviakia-2.jpg","articleSection":["Arch\u00edv 2016"],"inLanguage":"sk-SK"},{"@type":"WebPage","@id":"https:\/\/pmza.sk\/?p=18506","url":"https:\/\/pmza.sk\/?p=18506","name":"Dr\u00f4ty Made In Slovakia - Pova\u017esk\u00e9 m\u00fazeum","isPartOf":{"@id":"https:\/\/pmza.sk\/#website"},"primaryImageOfPage":{"@id":"https:\/\/pmza.sk\/?p=18506#primaryimage"},"image":{"@id":"https:\/\/pmza.sk\/?p=18506#primaryimage"},"thumbnailUrl":"https:\/\/pmza.sk\/wp-content\/uploads\/2016\/11\/drytmadeinsloviakia-2.jpg","datePublished":"2016-11-21T12:18:15+00:00","breadcrumb":{"@id":"https:\/\/pmza.sk\/?p=18506#breadcrumb"},"inLanguage":"sk-SK","potentialAction":[{"@type":"ReadAction","target":["https:\/\/pmza.sk\/?p=18506"]}]},{"@type":"ImageObject","inLanguage":"sk-SK","@id":"https:\/\/pmza.sk\/?p=18506#primaryimage","url":"https:\/\/pmza.sk\/wp-content\/uploads\/2016\/11\/drytmadeinsloviakia-2.jpg","contentUrl":"https:\/\/pmza.sk\/wp-content\/uploads\/2016\/11\/drytmadeinsloviakia-2.jpg","width":860,"height":531},{"@type":"BreadcrumbList","@id":"https:\/\/pmza.sk\/?p=18506#breadcrumb","itemListElement":[{"@type":"ListItem","position":1,"name":"Domovsk\u00e1 str\u00e1nka","item":"https:\/\/pmza.sk\/"},{"@type":"ListItem","position":2,"name":"Dr\u00f4ty Made In Slovakia"}]},{"@type":"WebSite","@id":"https:\/\/pmza.sk\/#website","url":"https:\/\/pmza.sk\/","name":"Pova\u017esk\u00e9 m\u00fazeum","description":"Pova\u017esk\u00e9 m\u00fazeum v \u017diline je region\u00e1lne m\u00fazeum so s\u00eddlom v Budat\u00edne. Jeho expoz\u00edcie s\u00fa zameran\u00e9 na dejiny slovensk\u00e9ho umenia, kult\u00fary a dopravy.","publisher":{"@id":"https:\/\/pmza.sk\/#organization"},"potentialAction":[{"@type":"SearchAction","target":{"@type":"EntryPoint","urlTemplate":"https:\/\/pmza.sk\/?s={search_term_string}"},"query-input":{"@type":"PropertyValueSpecification","valueRequired":true,"valueName":"search_term_string"}}],"inLanguage":"sk-SK"},{"@type":"Organization","@id":"https:\/\/pmza.sk\/#organization","name":"Pova\u017esk\u00e9 m\u00fazeum","url":"https:\/\/pmza.sk\/","logo":{"@type":"ImageObject","inLanguage":"sk-SK","@id":"https:\/\/pmza.sk\/#\/schema\/logo\/image\/","url":"https:\/\/pmza.sk\/wp-content\/uploads\/2022\/01\/logo_PM_horizontal.jpg","contentUrl":"https:\/\/pmza.sk\/wp-content\/uploads\/2022\/01\/logo_PM_horizontal.jpg","width":231,"height":142,"caption":"Pova\u017esk\u00e9 m\u00fazeum"},"image":{"@id":"https:\/\/pmza.sk\/#\/schema\/logo\/image\/"},"sameAs":["https:\/\/www.facebook.com\/povazskemuzeum","https:\/\/www.instagram.com\/povazskemuzeum\/"]},{"@type":"Person","@id":"https:\/\/pmza.sk\/#\/schema\/person\/595e6a2ce731ea94dcd5d7f50a41ae33","name":"Pova\u017esk\u00e9 m\u00fazeum","image":{"@type":"ImageObject","inLanguage":"sk-SK","@id":"https:\/\/secure.gravatar.com\/avatar\/2bb7f1561282132fb5826dfeccc66c7996d11ee392ac6aaf7ced8a1c2027fbb2?s=96&d=mm&r=g","url":"https:\/\/secure.gravatar.com\/avatar\/2bb7f1561282132fb5826dfeccc66c7996d11ee392ac6aaf7ced8a1c2027fbb2?s=96&d=mm&r=g","contentUrl":"https:\/\/secure.gravatar.com\/avatar\/2bb7f1561282132fb5826dfeccc66c7996d11ee392ac6aaf7ced8a1c2027fbb2?s=96&d=mm&r=g","caption":"Pova\u017esk\u00e9 m\u00fazeum"}}]}},"_links":{"self":[{"href":"https:\/\/pmza.sk\/index.php?rest_route=\/wp\/v2\/posts\/18506","targetHints":{"allow":["GET"]}}],"collection":[{"href":"https:\/\/pmza.sk\/index.php?rest_route=\/wp\/v2\/posts"}],"about":[{"href":"https:\/\/pmza.sk\/index.php?rest_route=\/wp\/v2\/types\/post"}],"author":[{"embeddable":true,"href":"https:\/\/pmza.sk\/index.php?rest_route=\/wp\/v2\/users\/2"}],"replies":[{"embeddable":true,"href":"https:\/\/pmza.sk\/index.php?rest_route=%2Fwp%2Fv2%2Fcomments&post=18506"}],"version-history":[{"count":0,"href":"https:\/\/pmza.sk\/index.php?rest_route=\/wp\/v2\/posts\/18506\/revisions"}],"wp:featuredmedia":[{"embeddable":true,"href":"https:\/\/pmza.sk\/index.php?rest_route=\/wp\/v2\/media\/18502"}],"wp:attachment":[{"href":"https:\/\/pmza.sk\/index.php?rest_route=%2Fwp%2Fv2%2Fmedia&parent=18506"}],"wp:term":[{"taxonomy":"category","embeddable":true,"href":"https:\/\/pmza.sk\/index.php?rest_route=%2Fwp%2Fv2%2Fcategories&post=18506"},{"taxonomy":"post_tag","embeddable":true,"href":"https:\/\/pmza.sk\/index.php?rest_route=%2Fwp%2Fv2%2Ftags&post=18506"}],"curies":[{"name":"wp","href":"https:\/\/api.w.org\/{rel}","templated":true}]}}