{"id":18604,"date":"2016-12-09T10:55:56","date_gmt":"2016-12-09T09:55:56","guid":{"rendered":"https:\/\/pmza.sk.sk\/?p=18604"},"modified":"2016-12-09T10:55:56","modified_gmt":"2016-12-09T09:55:56","slug":"pribeh-zvonov-z-budatinskeho-hradu","status":"publish","type":"post","link":"https:\/\/pmza.sk\/?p=18604","title":{"rendered":"Pr\u00edbeh zvonov z Budat\u00ednskeho hradu"},"content":{"rendered":"<p>Pova\u017esk\u00e9 m\u00fazeum v\u00a0\u017diline v\u00a0zria\u010fovate\u013eskej p\u00f4sobnosti \u017dilinsk\u00e9ho samospr\u00e1vneho kraja pripravilo na \u0161tvrtok 8. decembra pri pr\u00edle\u017eitosti sviatku Nepo\u0161kvrnen\u00e9ho Po\u010datia Panny M\u00e1rie podujatie Pr\u00edbeh zvonov z\u00a0Budat\u00ednskeho hradu.<a href=\"https:\/\/pmza.sk\/wp-content\/uploads\/2016\/12\/IMG_0811.jpg\"><img fetchpriority=\"high\" decoding=\"async\" class=\" size-medium wp-image-18766 alignright\" src=\"https:\/\/pmza.sk.sk\/wp-content\/uploads\/2016\/12\/IMG_0811-200x300.jpg\" alt=\"img_0811\" width=\"200\" height=\"300\" \/><\/a><\/p>\n<p>V Kaplnke Budat\u00ednskeho hradu sa rozozvu\u010dal nov\u00fd zvon prv\u00fdkr\u00e1t 31. j\u00fala 2016, kedy ohl\u00e1sil do \u0161irok\u00e9ho okolia, \u017ee priestory Kaplnky s\u00fa otvoren\u00e9 pre verejnos\u0165. Interi\u00e9r priestorov ozvl\u00e1\u0161t\u0148uje virtu\u00e1lna prehliadka cel\u00e9ho are\u00e1lu pre imobiln\u00fdch n\u00e1v\u0161tevn\u00edkov a\u00a0tie\u017e v\u00fdstava fotografi\u00ed, \u201eKorene nevykoren\u00ed\u0161\u201c, pribli\u017euj\u00faca aktivity men\u0161\u00edn \u017eij\u00facich na Slovensku.<\/p>\n<p>Zvon zo zrekon\u0161truovanej\u00a0 kaplnky\u00a0 Budat\u00ednskeho\u00a0 hradu bol vyroben\u00fd v\u00a0roku 2016\u00a0 s\u00a0finan\u010dnou podporou \u017dilinskej \u017eupy. Na jednej strane zvonov\u00e9ho pl\u00e1\u0161\u0165a sa nach\u00e1dza n\u00e1pis: Pri pr\u00edle\u017eitosti rekon\u0161trukcie hradnej Kaplnky v\u00a0Budat\u00edne. Z\u00a0druhej strany zvona je na reli\u00e9fe vyobrazen\u00fd J\u00e1n Nepomuck\u00fd. Odliali ho v\u00a0zvonolej\u00e1rskej firme Alb\u00edna Iv\u00e1ka v\u00a0Liptovsk\u00fdch Slia\u010doch na za\u010diatku\u00a0roku 2016.<\/p>\n<p>Kaplnka je remeselne kr\u00e1sne zre\u0161taurovan\u00e1. Najvz\u00e1cnej\u0161ou umeleckou a\u00a0historickou pamiatkou v\u00a0nej je iluz\u00edvna olt\u00e1rna architekt\u00fara, v ktorej je umiestnen\u00fd olt\u00e1rny obraz nepo\u0161kvrnen\u00e9ho po\u010datia Panny M\u00e1rie, poch\u00e1dzaj\u00faci od v\u00fdznamn\u00e9ho maliara Karla Jozefa Aigena. Akademick\u00fd maliar M\u00e1rio Flaugnatti do <a href=\"https:\/\/pmza.sk\/wp-content\/uploads\/2016\/11\/IMG_1614-scaled-1.jpg\"><img decoding=\"async\" class=\" size-medium wp-image-18498 alignleft\" src=\"https:\/\/pmza.sk.sk\/wp-content\/uploads\/2016\/11\/IMG_1614-200x300.jpg\" alt=\"img_1614\" width=\"200\" height=\"300\" \/><\/a>Kaplnky daroval vitr\u00e1\u017e bo\u017eieho oka. Pova\u017esk\u00e9 m\u00fazeum v\u00a0\u017diline m\u00e1 v\u010faka finan\u010dnej podpore \u017dilinsk\u00e9ho samospr\u00e1vneho kraja od 21. novembra v hradnej kaplnke aj nov\u00fd organ zna\u010dky KTR 2s, privezen\u00fd z\u00a0Nemecka \u2013 spo\u013eahliv\u00fd, variabiln\u00fd hudobn\u00fd n\u00e1stroj, ktor\u00fd sa svoj\u00edm zvukom vyrovn\u00e1 historick\u00e9mu n\u00e1stroju.<\/p>\n<p>\u017dilinsk\u00fd samospr\u00e1vny kraj zrealizoval obnovu hradnej kaplnky Budat\u00ednskeho hradu s\u00a0podporou Finan\u010dn\u00e9ho mechanizmu EHP a\u00a0N\u00f3rskeho finan\u010dn\u00e9ho mechanizmu s\u00a0mottom: otv\u00e1rame pre V\u00e1s Budat\u00ednsky hrad a zachr\u00e1nime srdce Budat\u00ednskeho hradu &#8211; kaplnku. V\u010faka tomu vznikol v \u017diline nov\u00fd priestor pre \u013eud\u00ed. Podujatie je jedn\u00fdm z\u00a0t\u00fdch, ktor\u00e9 nap\u013a\u0148aj\u00fa priestory novootvorenej zrekon\u0161truovanej kaplnky aktivitami, ktor\u00e9 kore\u0161ponduj\u00fa s\u00a0ideou a\u00a0zameran\u00edm jej vyu\u017eitia.<\/p>\n<p>Fotografie:<\/p>\n<p><a href=\"https:\/\/pmza.sk\/wp-content\/uploads\/2016\/12\/IMG_2299.jpg\"><img decoding=\"async\" class=\" size-medium wp-image-18768 alignleft\" src=\"https:\/\/pmza.sk.sk\/wp-content\/uploads\/2016\/12\/IMG_2299-300x200.jpg\" alt=\"img_2299\" width=\"300\" height=\"200\" \/><\/a> <a href=\"https:\/\/pmza.sk\/wp-content\/uploads\/2016\/12\/IMG_2304.jpg\"><img loading=\"lazy\" decoding=\"async\" class=\" size-medium wp-image-18769 alignleft\" src=\"https:\/\/pmza.sk.sk\/wp-content\/uploads\/2016\/12\/IMG_2304-300x200.jpg\" alt=\"img_2304\" width=\"300\" height=\"200\" \/><\/a><\/p>\n<p>&nbsp;<\/p>\n<p>&nbsp;<\/p>\n<p>&nbsp;<\/p>\n<p>&nbsp;<\/p>\n<p>&nbsp;<\/p>\n<p>\u00a0Cel\u00fa fotogal\u00e9riu z podujatia n\u00e1jdete <a href=\"https:\/\/pmza.sk.sk\/fotogaleria\/gallery\/pribeh-zvonov-z-budatinskeho-hradu\/#fotogaleria\">TU<\/a>.<\/p>\n<p>&nbsp;<\/p>\n<p>&nbsp;<\/p>\n","protected":false},"excerpt":{"rendered":"<p>Pova\u017esk\u00e9 m\u00fazeum v\u00a0\u017diline v\u00a0zria\u010fovate\u013eskej p\u00f4sobnosti \u017dilinsk\u00e9ho samospr\u00e1vneho kraja pripravilo na \u0161tvrtok 8. decembra pri pr\u00edle\u017eitosti sviatku Nepo\u0161kvrnen\u00e9ho Po\u010datia Panny M\u00e1rie podujatie Pr\u00edbeh zvonov z\u00a0Budat\u00ednskeho hradu. V Kaplnke Budat\u00ednskeho hradu sa rozozvu\u010dal nov\u00fd zvon prv\u00fdkr\u00e1t 31. j\u00fala 2016, kedy ohl\u00e1sil do \u0161irok\u00e9ho okolia, \u017ee priestory Kaplnky s\u00fa otvoren\u00e9 pre verejnos\u0165. Interi\u00e9r priestorov ozvl\u00e1\u0161t\u0148uje virtu\u00e1lna prehliadka cel\u00e9ho [&hellip;]<\/p>\n","protected":false},"author":2,"featured_media":18770,"comment_status":"closed","ping_status":"closed","sticky":false,"template":"","format":"standard","meta":{"site-sidebar-layout":"default","site-content-layout":"","ast-site-content-layout":"","site-content-style":"default","site-sidebar-style":"default","ast-global-header-display":"","ast-banner-title-visibility":"","ast-main-header-display":"","ast-hfb-above-header-display":"","ast-hfb-below-header-display":"","ast-hfb-mobile-header-display":"","site-post-title":"","ast-breadcrumbs-content":"","ast-featured-img":"","footer-sml-layout":"","theme-transparent-header-meta":"","adv-header-id-meta":"","stick-header-meta":"","header-above-stick-meta":"","header-main-stick-meta":"","header-below-stick-meta":"","astra-migrate-meta-layouts":"default","ast-page-background-enabled":"default","ast-page-background-meta":{"desktop":{"background-color":"var(--ast-global-color-4)","background-image":"","background-repeat":"repeat","background-position":"center center","background-size":"auto","background-attachment":"scroll","background-type":"","background-media":"","overlay-type":"","overlay-color":"","overlay-opacity":"","overlay-gradient":""},"tablet":{"background-color":"","background-image":"","background-repeat":"repeat","background-position":"center center","background-size":"auto","background-attachment":"scroll","background-type":"","background-media":"","overlay-type":"","overlay-color":"","overlay-opacity":"","overlay-gradient":""},"mobile":{"background-color":"","background-image":"","background-repeat":"repeat","background-position":"center center","background-size":"auto","background-attachment":"scroll","background-type":"","background-media":"","overlay-type":"","overlay-color":"","overlay-opacity":"","overlay-gradient":""}},"ast-content-background-meta":{"desktop":{"background-color":"var(--ast-global-color-5)","background-image":"","background-repeat":"repeat","background-position":"center center","background-size":"auto","background-attachment":"scroll","background-type":"","background-media":"","overlay-type":"","overlay-color":"","overlay-opacity":"","overlay-gradient":""},"tablet":{"background-color":"var(--ast-global-color-5)","background-image":"","background-repeat":"repeat","background-position":"center center","background-size":"auto","background-attachment":"scroll","background-type":"","background-media":"","overlay-type":"","overlay-color":"","overlay-opacity":"","overlay-gradient":""},"mobile":{"background-color":"var(--ast-global-color-5)","background-image":"","background-repeat":"repeat","background-position":"center center","background-size":"auto","background-attachment":"scroll","background-type":"","background-media":"","overlay-type":"","overlay-color":"","overlay-opacity":"","overlay-gradient":""}},"footnotes":""},"categories":[50],"tags":[],"class_list":["post-18604","post","type-post","status-publish","format-standard","has-post-thumbnail","hentry","category-archiv-2016"],"yoast_head":"<!-- This site is optimized with the Yoast SEO plugin v27.4 - https:\/\/yoast.com\/product\/yoast-seo-wordpress\/ -->\n<title>Pr\u00edbeh zvonov z Budat\u00ednskeho hradu - Pova\u017esk\u00e9 m\u00fazeum<\/title>\n<meta name=\"robots\" content=\"index, follow, max-snippet:-1, max-image-preview:large, max-video-preview:-1\" \/>\n<link rel=\"canonical\" href=\"https:\/\/pmza.sk\/?p=18604\" \/>\n<meta property=\"og:locale\" content=\"sk_SK\" \/>\n<meta property=\"og:type\" content=\"article\" \/>\n<meta property=\"og:title\" content=\"Pr\u00edbeh zvonov z Budat\u00ednskeho hradu - Pova\u017esk\u00e9 m\u00fazeum\" \/>\n<meta property=\"og:description\" content=\"Pova\u017esk\u00e9 m\u00fazeum v\u00a0\u017diline v\u00a0zria\u010fovate\u013eskej p\u00f4sobnosti \u017dilinsk\u00e9ho samospr\u00e1vneho kraja pripravilo na \u0161tvrtok 8. decembra pri pr\u00edle\u017eitosti sviatku Nepo\u0161kvrnen\u00e9ho Po\u010datia Panny M\u00e1rie podujatie Pr\u00edbeh zvonov z\u00a0Budat\u00ednskeho hradu. V Kaplnke Budat\u00ednskeho hradu sa rozozvu\u010dal nov\u00fd zvon prv\u00fdkr\u00e1t 31. j\u00fala 2016, kedy ohl\u00e1sil do \u0161irok\u00e9ho okolia, \u017ee priestory Kaplnky s\u00fa otvoren\u00e9 pre verejnos\u0165. Interi\u00e9r priestorov ozvl\u00e1\u0161t\u0148uje virtu\u00e1lna prehliadka cel\u00e9ho [&hellip;]\" \/>\n<meta property=\"og:url\" content=\"https:\/\/pmza.sk\/?p=18604\" \/>\n<meta property=\"og:site_name\" content=\"Pova\u017esk\u00e9 m\u00fazeum\" \/>\n<meta property=\"article:publisher\" content=\"https:\/\/www.facebook.com\/povazskemuzeum\" \/>\n<meta property=\"article:published_time\" content=\"2016-12-09T09:55:56+00:00\" \/>\n<meta property=\"og:image\" content=\"https:\/\/pmza.sk\/wp-content\/uploads\/2016\/12\/IMG_2317.jpg\" \/>\n\t<meta property=\"og:image:width\" content=\"1024\" \/>\n\t<meta property=\"og:image:height\" content=\"683\" \/>\n\t<meta property=\"og:image:type\" content=\"image\/jpeg\" \/>\n<meta name=\"author\" content=\"Pova\u017esk\u00e9 m\u00fazeum\" \/>\n<meta name=\"twitter:card\" content=\"summary_large_image\" \/>\n<meta name=\"twitter:label1\" content=\"Autor\" \/>\n\t<meta name=\"twitter:data1\" content=\"Pova\u017esk\u00e9 m\u00fazeum\" \/>\n\t<meta name=\"twitter:label2\" content=\"Predpokladan\u00fd \u010das \u010d\u00edtania\" \/>\n\t<meta name=\"twitter:data2\" content=\"2 min\u00faty\" \/>\n<script type=\"application\/ld+json\" class=\"yoast-schema-graph\">{\"@context\":\"https:\\\/\\\/schema.org\",\"@graph\":[{\"@type\":\"Article\",\"@id\":\"https:\\\/\\\/pmza.sk\\\/?p=18604#article\",\"isPartOf\":{\"@id\":\"https:\\\/\\\/pmza.sk\\\/?p=18604\"},\"author\":{\"name\":\"Pova\u017esk\u00e9 m\u00fazeum\",\"@id\":\"https:\\\/\\\/pmza.sk\\\/#\\\/schema\\\/person\\\/595e6a2ce731ea94dcd5d7f50a41ae33\"},\"headline\":\"Pr\u00edbeh zvonov z Budat\u00ednskeho hradu\",\"datePublished\":\"2016-12-09T09:55:56+00:00\",\"mainEntityOfPage\":{\"@id\":\"https:\\\/\\\/pmza.sk\\\/?p=18604\"},\"wordCount\":393,\"publisher\":{\"@id\":\"https:\\\/\\\/pmza.sk\\\/#organization\"},\"image\":{\"@id\":\"https:\\\/\\\/pmza.sk\\\/?p=18604#primaryimage\"},\"thumbnailUrl\":\"https:\\\/\\\/pmza.sk\\\/wp-content\\\/uploads\\\/2016\\\/12\\\/IMG_2317.jpg\",\"articleSection\":[\"Arch\u00edv 2016\"],\"inLanguage\":\"sk-SK\"},{\"@type\":\"WebPage\",\"@id\":\"https:\\\/\\\/pmza.sk\\\/?p=18604\",\"url\":\"https:\\\/\\\/pmza.sk\\\/?p=18604\",\"name\":\"Pr\u00edbeh zvonov z Budat\u00ednskeho hradu - Pova\u017esk\u00e9 m\u00fazeum\",\"isPartOf\":{\"@id\":\"https:\\\/\\\/pmza.sk\\\/#website\"},\"primaryImageOfPage\":{\"@id\":\"https:\\\/\\\/pmza.sk\\\/?p=18604#primaryimage\"},\"image\":{\"@id\":\"https:\\\/\\\/pmza.sk\\\/?p=18604#primaryimage\"},\"thumbnailUrl\":\"https:\\\/\\\/pmza.sk\\\/wp-content\\\/uploads\\\/2016\\\/12\\\/IMG_2317.jpg\",\"datePublished\":\"2016-12-09T09:55:56+00:00\",\"breadcrumb\":{\"@id\":\"https:\\\/\\\/pmza.sk\\\/?p=18604#breadcrumb\"},\"inLanguage\":\"sk-SK\",\"potentialAction\":[{\"@type\":\"ReadAction\",\"target\":[\"https:\\\/\\\/pmza.sk\\\/?p=18604\"]}]},{\"@type\":\"ImageObject\",\"inLanguage\":\"sk-SK\",\"@id\":\"https:\\\/\\\/pmza.sk\\\/?p=18604#primaryimage\",\"url\":\"https:\\\/\\\/pmza.sk\\\/wp-content\\\/uploads\\\/2016\\\/12\\\/IMG_2317.jpg\",\"contentUrl\":\"https:\\\/\\\/pmza.sk\\\/wp-content\\\/uploads\\\/2016\\\/12\\\/IMG_2317.jpg\",\"width\":1024,\"height\":683},{\"@type\":\"BreadcrumbList\",\"@id\":\"https:\\\/\\\/pmza.sk\\\/?p=18604#breadcrumb\",\"itemListElement\":[{\"@type\":\"ListItem\",\"position\":1,\"name\":\"Domovsk\u00e1 str\u00e1nka\",\"item\":\"https:\\\/\\\/pmza.sk\\\/\"},{\"@type\":\"ListItem\",\"position\":2,\"name\":\"Pr\u00edbeh zvonov z Budat\u00ednskeho hradu\"}]},{\"@type\":\"WebSite\",\"@id\":\"https:\\\/\\\/pmza.sk\\\/#website\",\"url\":\"https:\\\/\\\/pmza.sk\\\/\",\"name\":\"Pova\u017esk\u00e9 m\u00fazeum\",\"description\":\"Pova\u017esk\u00e9 m\u00fazeum v \u017diline je region\u00e1lne m\u00fazeum so s\u00eddlom v Budat\u00edne. Jeho expoz\u00edcie s\u00fa zameran\u00e9 na dejiny slovensk\u00e9ho umenia, kult\u00fary a dopravy.\",\"publisher\":{\"@id\":\"https:\\\/\\\/pmza.sk\\\/#organization\"},\"potentialAction\":[{\"@type\":\"SearchAction\",\"target\":{\"@type\":\"EntryPoint\",\"urlTemplate\":\"https:\\\/\\\/pmza.sk\\\/?s={search_term_string}\"},\"query-input\":{\"@type\":\"PropertyValueSpecification\",\"valueRequired\":true,\"valueName\":\"search_term_string\"}}],\"inLanguage\":\"sk-SK\"},{\"@type\":\"Organization\",\"@id\":\"https:\\\/\\\/pmza.sk\\\/#organization\",\"name\":\"Pova\u017esk\u00e9 m\u00fazeum\",\"url\":\"https:\\\/\\\/pmza.sk\\\/\",\"logo\":{\"@type\":\"ImageObject\",\"inLanguage\":\"sk-SK\",\"@id\":\"https:\\\/\\\/pmza.sk\\\/#\\\/schema\\\/logo\\\/image\\\/\",\"url\":\"https:\\\/\\\/pmza.sk\\\/wp-content\\\/uploads\\\/2022\\\/01\\\/logo_PM_horizontal.jpg\",\"contentUrl\":\"https:\\\/\\\/pmza.sk\\\/wp-content\\\/uploads\\\/2022\\\/01\\\/logo_PM_horizontal.jpg\",\"width\":231,\"height\":142,\"caption\":\"Pova\u017esk\u00e9 m\u00fazeum\"},\"image\":{\"@id\":\"https:\\\/\\\/pmza.sk\\\/#\\\/schema\\\/logo\\\/image\\\/\"},\"sameAs\":[\"https:\\\/\\\/www.facebook.com\\\/povazskemuzeum\",\"https:\\\/\\\/www.instagram.com\\\/povazskemuzeum\\\/\"]},{\"@type\":\"Person\",\"@id\":\"https:\\\/\\\/pmza.sk\\\/#\\\/schema\\\/person\\\/595e6a2ce731ea94dcd5d7f50a41ae33\",\"name\":\"Pova\u017esk\u00e9 m\u00fazeum\",\"image\":{\"@type\":\"ImageObject\",\"inLanguage\":\"sk-SK\",\"@id\":\"https:\\\/\\\/secure.gravatar.com\\\/avatar\\\/2bb7f1561282132fb5826dfeccc66c7996d11ee392ac6aaf7ced8a1c2027fbb2?s=96&d=mm&r=g\",\"url\":\"https:\\\/\\\/secure.gravatar.com\\\/avatar\\\/2bb7f1561282132fb5826dfeccc66c7996d11ee392ac6aaf7ced8a1c2027fbb2?s=96&d=mm&r=g\",\"contentUrl\":\"https:\\\/\\\/secure.gravatar.com\\\/avatar\\\/2bb7f1561282132fb5826dfeccc66c7996d11ee392ac6aaf7ced8a1c2027fbb2?s=96&d=mm&r=g\",\"caption\":\"Pova\u017esk\u00e9 m\u00fazeum\"}}]}<\/script>\n<!-- \/ Yoast SEO plugin. -->","yoast_head_json":{"title":"Pr\u00edbeh zvonov z Budat\u00ednskeho hradu - Pova\u017esk\u00e9 m\u00fazeum","robots":{"index":"index","follow":"follow","max-snippet":"max-snippet:-1","max-image-preview":"max-image-preview:large","max-video-preview":"max-video-preview:-1"},"canonical":"https:\/\/pmza.sk\/?p=18604","og_locale":"sk_SK","og_type":"article","og_title":"Pr\u00edbeh zvonov z Budat\u00ednskeho hradu - Pova\u017esk\u00e9 m\u00fazeum","og_description":"Pova\u017esk\u00e9 m\u00fazeum v\u00a0\u017diline v\u00a0zria\u010fovate\u013eskej p\u00f4sobnosti \u017dilinsk\u00e9ho samospr\u00e1vneho kraja pripravilo na \u0161tvrtok 8. decembra pri pr\u00edle\u017eitosti sviatku Nepo\u0161kvrnen\u00e9ho Po\u010datia Panny M\u00e1rie podujatie Pr\u00edbeh zvonov z\u00a0Budat\u00ednskeho hradu. V Kaplnke Budat\u00ednskeho hradu sa rozozvu\u010dal nov\u00fd zvon prv\u00fdkr\u00e1t 31. j\u00fala 2016, kedy ohl\u00e1sil do \u0161irok\u00e9ho okolia, \u017ee priestory Kaplnky s\u00fa otvoren\u00e9 pre verejnos\u0165. Interi\u00e9r priestorov ozvl\u00e1\u0161t\u0148uje virtu\u00e1lna prehliadka cel\u00e9ho [&hellip;]","og_url":"https:\/\/pmza.sk\/?p=18604","og_site_name":"Pova\u017esk\u00e9 m\u00fazeum","article_publisher":"https:\/\/www.facebook.com\/povazskemuzeum","article_published_time":"2016-12-09T09:55:56+00:00","og_image":[{"width":1024,"height":683,"url":"https:\/\/pmza.sk\/wp-content\/uploads\/2016\/12\/IMG_2317.jpg","type":"image\/jpeg"}],"author":"Pova\u017esk\u00e9 m\u00fazeum","twitter_card":"summary_large_image","twitter_misc":{"Autor":"Pova\u017esk\u00e9 m\u00fazeum","Predpokladan\u00fd \u010das \u010d\u00edtania":"2 min\u00faty"},"schema":{"@context":"https:\/\/schema.org","@graph":[{"@type":"Article","@id":"https:\/\/pmza.sk\/?p=18604#article","isPartOf":{"@id":"https:\/\/pmza.sk\/?p=18604"},"author":{"name":"Pova\u017esk\u00e9 m\u00fazeum","@id":"https:\/\/pmza.sk\/#\/schema\/person\/595e6a2ce731ea94dcd5d7f50a41ae33"},"headline":"Pr\u00edbeh zvonov z Budat\u00ednskeho hradu","datePublished":"2016-12-09T09:55:56+00:00","mainEntityOfPage":{"@id":"https:\/\/pmza.sk\/?p=18604"},"wordCount":393,"publisher":{"@id":"https:\/\/pmza.sk\/#organization"},"image":{"@id":"https:\/\/pmza.sk\/?p=18604#primaryimage"},"thumbnailUrl":"https:\/\/pmza.sk\/wp-content\/uploads\/2016\/12\/IMG_2317.jpg","articleSection":["Arch\u00edv 2016"],"inLanguage":"sk-SK"},{"@type":"WebPage","@id":"https:\/\/pmza.sk\/?p=18604","url":"https:\/\/pmza.sk\/?p=18604","name":"Pr\u00edbeh zvonov z Budat\u00ednskeho hradu - Pova\u017esk\u00e9 m\u00fazeum","isPartOf":{"@id":"https:\/\/pmza.sk\/#website"},"primaryImageOfPage":{"@id":"https:\/\/pmza.sk\/?p=18604#primaryimage"},"image":{"@id":"https:\/\/pmza.sk\/?p=18604#primaryimage"},"thumbnailUrl":"https:\/\/pmza.sk\/wp-content\/uploads\/2016\/12\/IMG_2317.jpg","datePublished":"2016-12-09T09:55:56+00:00","breadcrumb":{"@id":"https:\/\/pmza.sk\/?p=18604#breadcrumb"},"inLanguage":"sk-SK","potentialAction":[{"@type":"ReadAction","target":["https:\/\/pmza.sk\/?p=18604"]}]},{"@type":"ImageObject","inLanguage":"sk-SK","@id":"https:\/\/pmza.sk\/?p=18604#primaryimage","url":"https:\/\/pmza.sk\/wp-content\/uploads\/2016\/12\/IMG_2317.jpg","contentUrl":"https:\/\/pmza.sk\/wp-content\/uploads\/2016\/12\/IMG_2317.jpg","width":1024,"height":683},{"@type":"BreadcrumbList","@id":"https:\/\/pmza.sk\/?p=18604#breadcrumb","itemListElement":[{"@type":"ListItem","position":1,"name":"Domovsk\u00e1 str\u00e1nka","item":"https:\/\/pmza.sk\/"},{"@type":"ListItem","position":2,"name":"Pr\u00edbeh zvonov z Budat\u00ednskeho hradu"}]},{"@type":"WebSite","@id":"https:\/\/pmza.sk\/#website","url":"https:\/\/pmza.sk\/","name":"Pova\u017esk\u00e9 m\u00fazeum","description":"Pova\u017esk\u00e9 m\u00fazeum v \u017diline je region\u00e1lne m\u00fazeum so s\u00eddlom v Budat\u00edne. Jeho expoz\u00edcie s\u00fa zameran\u00e9 na dejiny slovensk\u00e9ho umenia, kult\u00fary a dopravy.","publisher":{"@id":"https:\/\/pmza.sk\/#organization"},"potentialAction":[{"@type":"SearchAction","target":{"@type":"EntryPoint","urlTemplate":"https:\/\/pmza.sk\/?s={search_term_string}"},"query-input":{"@type":"PropertyValueSpecification","valueRequired":true,"valueName":"search_term_string"}}],"inLanguage":"sk-SK"},{"@type":"Organization","@id":"https:\/\/pmza.sk\/#organization","name":"Pova\u017esk\u00e9 m\u00fazeum","url":"https:\/\/pmza.sk\/","logo":{"@type":"ImageObject","inLanguage":"sk-SK","@id":"https:\/\/pmza.sk\/#\/schema\/logo\/image\/","url":"https:\/\/pmza.sk\/wp-content\/uploads\/2022\/01\/logo_PM_horizontal.jpg","contentUrl":"https:\/\/pmza.sk\/wp-content\/uploads\/2022\/01\/logo_PM_horizontal.jpg","width":231,"height":142,"caption":"Pova\u017esk\u00e9 m\u00fazeum"},"image":{"@id":"https:\/\/pmza.sk\/#\/schema\/logo\/image\/"},"sameAs":["https:\/\/www.facebook.com\/povazskemuzeum","https:\/\/www.instagram.com\/povazskemuzeum\/"]},{"@type":"Person","@id":"https:\/\/pmza.sk\/#\/schema\/person\/595e6a2ce731ea94dcd5d7f50a41ae33","name":"Pova\u017esk\u00e9 m\u00fazeum","image":{"@type":"ImageObject","inLanguage":"sk-SK","@id":"https:\/\/secure.gravatar.com\/avatar\/2bb7f1561282132fb5826dfeccc66c7996d11ee392ac6aaf7ced8a1c2027fbb2?s=96&d=mm&r=g","url":"https:\/\/secure.gravatar.com\/avatar\/2bb7f1561282132fb5826dfeccc66c7996d11ee392ac6aaf7ced8a1c2027fbb2?s=96&d=mm&r=g","contentUrl":"https:\/\/secure.gravatar.com\/avatar\/2bb7f1561282132fb5826dfeccc66c7996d11ee392ac6aaf7ced8a1c2027fbb2?s=96&d=mm&r=g","caption":"Pova\u017esk\u00e9 m\u00fazeum"}}]}},"_links":{"self":[{"href":"https:\/\/pmza.sk\/index.php?rest_route=\/wp\/v2\/posts\/18604","targetHints":{"allow":["GET"]}}],"collection":[{"href":"https:\/\/pmza.sk\/index.php?rest_route=\/wp\/v2\/posts"}],"about":[{"href":"https:\/\/pmza.sk\/index.php?rest_route=\/wp\/v2\/types\/post"}],"author":[{"embeddable":true,"href":"https:\/\/pmza.sk\/index.php?rest_route=\/wp\/v2\/users\/2"}],"replies":[{"embeddable":true,"href":"https:\/\/pmza.sk\/index.php?rest_route=%2Fwp%2Fv2%2Fcomments&post=18604"}],"version-history":[{"count":0,"href":"https:\/\/pmza.sk\/index.php?rest_route=\/wp\/v2\/posts\/18604\/revisions"}],"wp:featuredmedia":[{"embeddable":true,"href":"https:\/\/pmza.sk\/index.php?rest_route=\/wp\/v2\/media\/18770"}],"wp:attachment":[{"href":"https:\/\/pmza.sk\/index.php?rest_route=%2Fwp%2Fv2%2Fmedia&parent=18604"}],"wp:term":[{"taxonomy":"category","embeddable":true,"href":"https:\/\/pmza.sk\/index.php?rest_route=%2Fwp%2Fv2%2Fcategories&post=18604"},{"taxonomy":"post_tag","embeddable":true,"href":"https:\/\/pmza.sk\/index.php?rest_route=%2Fwp%2Fv2%2Ftags&post=18604"}],"curies":[{"name":"wp","href":"https:\/\/api.w.org\/{rel}","templated":true}]}}