{"id":18740,"date":"2016-12-08T11:50:10","date_gmt":"2016-12-08T10:50:10","guid":{"rendered":"https:\/\/pmza.sk.sk\/?p=18740"},"modified":"2016-12-08T11:50:10","modified_gmt":"2016-12-08T10:50:10","slug":"advent-a-prichod-spasitela-spodobeny-kamenom","status":"publish","type":"post","link":"https:\/\/pmza.sk\/?p=18740","title":{"rendered":"Advent a pr\u00edchod Spasite\u013ea spodoben\u00fd kame\u0148om"},"content":{"rendered":"<p>Pova\u017esk\u00e9 m\u00fazeum v\u00a0\u017diline v\u00a0zria\u010fovate\u013eskej p\u00f4sobnosti \u017dilinsk\u00e9ho samospr\u00e1vneho kraja v\u00a0spolupr\u00e1ci s\u00a0autorom diel V\u00e1s poz\u00fdvaj\u00fa na v\u00fdstavu <strong><em>\u201eAdvent a\u00a0pr\u00edchod Spasite\u013ea spodoben\u00fd kame\u0148om\u201c, <\/em><\/strong>v\u00a0Sob\u00e1\u0161nom pal\u00e1ci v\u00a0Byt\u010di.<\/p>\n<p>Autor v\u00fdstavy \u013dubom\u00edr Je\u017eo stv\u00e1r\u0148uje adventn\u00fa a\u00a0viano\u010dn\u00fa tematiku formou pr\u00edrodn\u00e9ho kame\u0148a inovat\u00edvnymi technikami v\u00fdtvarn\u00e9ho umenia.<\/p>\n<p><em>&#8222;V\u00fdstava je tematicky zameran\u00e1 na adventn\u00e9 a viano\u010dn\u00e9 \u00a0obdobie, ako spomienka na pr\u00edchod Spasite\u013ea. Vo svojich dielach pon\u00fakam poh\u013ead na t\u00fato tematiku v\u00a0netradi\u010dnej r\u00f4znorodej kr\u00e1se kame\u0148ov\u00a0r\u00f4znych druhov v\u00a0podobe \u00a0skulpt\u00far a obrazov s tematikou Nov\u00e9ho z\u00e1kona ,&#8220; <\/em>uviedol autor. \u0160pecifick\u00e9 diela kame\u0148om na kame\u0148 maj\u00fa mo\u017enos\u0165 \u201evidie\u0165\u201c dotykom aj \u013eudia so zrakov\u00fdm postihnut\u00edm.<\/p>\n<p>Vernis\u00e1\u017e v\u00fdstavy je napl\u00e1novan\u00e1 na piatok 9. decembra 2016 o\u00a016.00 hod., ktorou n\u00e1v\u0161tevn\u00edkov formou komentovanej prehliadky prevedie s\u00e1m autor.<\/p>\n<p>V\u00fdstava potrv\u00e1 od 9. decembra 2016 do 8. janu\u00e1ra 2017, utorok \u2013 nede\u013ea od 9.00 hod. do 17.00 hod. (11.30 hod. \u2013 12.00 hod. obedn\u00e1 pauza).<\/p>\n<p>Vstup na v\u00fdstavu a\u00a0do Sob\u00e1\u0161neho pal\u00e1ca v\u00a0Byt\u010di je bezplatn\u00fd.<\/p>\n<p>&nbsp;<\/p>\n<p>Viac sa dozviete na:\u00a0<a href=\"http:\/\/www.malovaneprirodou.sk\/\">www.malovaneprirodou.sk<\/a><\/p>\n","protected":false},"excerpt":{"rendered":"<p>Pova\u017esk\u00e9 m\u00fazeum v\u00a0\u017diline v\u00a0zria\u010fovate\u013eskej p\u00f4sobnosti \u017dilinsk\u00e9ho samospr\u00e1vneho kraja v\u00a0spolupr\u00e1ci s\u00a0autorom diel V\u00e1s poz\u00fdvaj\u00fa na v\u00fdstavu \u201eAdvent a\u00a0pr\u00edchod Spasite\u013ea spodoben\u00fd kame\u0148om\u201c, v\u00a0Sob\u00e1\u0161nom pal\u00e1ci v\u00a0Byt\u010di. Autor v\u00fdstavy \u013dubom\u00edr Je\u017eo stv\u00e1r\u0148uje adventn\u00fa a\u00a0viano\u010dn\u00fa tematiku formou pr\u00edrodn\u00e9ho kame\u0148a inovat\u00edvnymi technikami v\u00fdtvarn\u00e9ho umenia. &#8222;V\u00fdstava je tematicky zameran\u00e1 na adventn\u00e9 a viano\u010dn\u00e9 \u00a0obdobie, ako spomienka na pr\u00edchod Spasite\u013ea. Vo svojich dielach [&hellip;]<\/p>\n","protected":false},"author":2,"featured_media":18762,"comment_status":"closed","ping_status":"closed","sticky":false,"template":"","format":"standard","meta":{"site-sidebar-layout":"default","site-content-layout":"","ast-site-content-layout":"","site-content-style":"default","site-sidebar-style":"default","ast-global-header-display":"","ast-banner-title-visibility":"","ast-main-header-display":"","ast-hfb-above-header-display":"","ast-hfb-below-header-display":"","ast-hfb-mobile-header-display":"","site-post-title":"","ast-breadcrumbs-content":"","ast-featured-img":"","footer-sml-layout":"","theme-transparent-header-meta":"","adv-header-id-meta":"","stick-header-meta":"","header-above-stick-meta":"","header-main-stick-meta":"","header-below-stick-meta":"","astra-migrate-meta-layouts":"default","ast-page-background-enabled":"default","ast-page-background-meta":{"desktop":{"background-color":"var(--ast-global-color-4)","background-image":"","background-repeat":"repeat","background-position":"center center","background-size":"auto","background-attachment":"scroll","background-type":"","background-media":"","overlay-type":"","overlay-color":"","overlay-opacity":"","overlay-gradient":""},"tablet":{"background-color":"","background-image":"","background-repeat":"repeat","background-position":"center center","background-size":"auto","background-attachment":"scroll","background-type":"","background-media":"","overlay-type":"","overlay-color":"","overlay-opacity":"","overlay-gradient":""},"mobile":{"background-color":"","background-image":"","background-repeat":"repeat","background-position":"center center","background-size":"auto","background-attachment":"scroll","background-type":"","background-media":"","overlay-type":"","overlay-color":"","overlay-opacity":"","overlay-gradient":""}},"ast-content-background-meta":{"desktop":{"background-color":"var(--ast-global-color-5)","background-image":"","background-repeat":"repeat","background-position":"center center","background-size":"auto","background-attachment":"scroll","background-type":"","background-media":"","overlay-type":"","overlay-color":"","overlay-opacity":"","overlay-gradient":""},"tablet":{"background-color":"var(--ast-global-color-5)","background-image":"","background-repeat":"repeat","background-position":"center center","background-size":"auto","background-attachment":"scroll","background-type":"","background-media":"","overlay-type":"","overlay-color":"","overlay-opacity":"","overlay-gradient":""},"mobile":{"background-color":"var(--ast-global-color-5)","background-image":"","background-repeat":"repeat","background-position":"center center","background-size":"auto","background-attachment":"scroll","background-type":"","background-media":"","overlay-type":"","overlay-color":"","overlay-opacity":"","overlay-gradient":""}},"footnotes":""},"categories":[50],"tags":[],"class_list":["post-18740","post","type-post","status-publish","format-standard","has-post-thumbnail","hentry","category-archiv-2016"],"yoast_head":"<!-- This site is optimized with the Yoast SEO plugin v27.4 - https:\/\/yoast.com\/product\/yoast-seo-wordpress\/ -->\n<title>Advent a pr\u00edchod Spasite\u013ea spodoben\u00fd kame\u0148om - Pova\u017esk\u00e9 m\u00fazeum<\/title>\n<meta name=\"robots\" content=\"index, follow, max-snippet:-1, max-image-preview:large, max-video-preview:-1\" \/>\n<link rel=\"canonical\" href=\"https:\/\/pmza.sk\/?p=18740\" \/>\n<meta property=\"og:locale\" content=\"sk_SK\" \/>\n<meta property=\"og:type\" content=\"article\" \/>\n<meta property=\"og:title\" content=\"Advent a pr\u00edchod Spasite\u013ea spodoben\u00fd kame\u0148om - Pova\u017esk\u00e9 m\u00fazeum\" \/>\n<meta property=\"og:description\" content=\"Pova\u017esk\u00e9 m\u00fazeum v\u00a0\u017diline v\u00a0zria\u010fovate\u013eskej p\u00f4sobnosti \u017dilinsk\u00e9ho samospr\u00e1vneho kraja v\u00a0spolupr\u00e1ci s\u00a0autorom diel V\u00e1s poz\u00fdvaj\u00fa na v\u00fdstavu \u201eAdvent a\u00a0pr\u00edchod Spasite\u013ea spodoben\u00fd kame\u0148om\u201c, v\u00a0Sob\u00e1\u0161nom pal\u00e1ci v\u00a0Byt\u010di. Autor v\u00fdstavy \u013dubom\u00edr Je\u017eo stv\u00e1r\u0148uje adventn\u00fa a\u00a0viano\u010dn\u00fa tematiku formou pr\u00edrodn\u00e9ho kame\u0148a inovat\u00edvnymi technikami v\u00fdtvarn\u00e9ho umenia. &#8222;V\u00fdstava je tematicky zameran\u00e1 na adventn\u00e9 a viano\u010dn\u00e9 \u00a0obdobie, ako spomienka na pr\u00edchod Spasite\u013ea. Vo svojich dielach [&hellip;]\" \/>\n<meta property=\"og:url\" content=\"https:\/\/pmza.sk\/?p=18740\" \/>\n<meta property=\"og:site_name\" content=\"Pova\u017esk\u00e9 m\u00fazeum\" \/>\n<meta property=\"article:publisher\" content=\"https:\/\/www.facebook.com\/povazskemuzeum\" \/>\n<meta property=\"article:published_time\" content=\"2016-12-08T10:50:10+00:00\" \/>\n<meta property=\"og:image\" content=\"https:\/\/pmza.sk\/wp-content\/uploads\/2016\/12\/Advent-a-prichod-Spasitela-spodobeny-kamenom_mail.jpg\" \/>\n\t<meta property=\"og:image:width\" content=\"764\" \/>\n\t<meta property=\"og:image:height\" content=\"1080\" \/>\n\t<meta property=\"og:image:type\" content=\"image\/jpeg\" \/>\n<meta name=\"author\" content=\"Pova\u017esk\u00e9 m\u00fazeum\" \/>\n<meta name=\"twitter:card\" content=\"summary_large_image\" \/>\n<meta name=\"twitter:label1\" content=\"Autor\" \/>\n\t<meta name=\"twitter:data1\" content=\"Pova\u017esk\u00e9 m\u00fazeum\" \/>\n\t<meta name=\"twitter:label2\" content=\"Predpokladan\u00fd \u010das \u010d\u00edtania\" \/>\n\t<meta name=\"twitter:data2\" content=\"1 min\u00fata\" \/>\n<script type=\"application\/ld+json\" class=\"yoast-schema-graph\">{\"@context\":\"https:\\\/\\\/schema.org\",\"@graph\":[{\"@type\":\"Article\",\"@id\":\"https:\\\/\\\/pmza.sk\\\/?p=18740#article\",\"isPartOf\":{\"@id\":\"https:\\\/\\\/pmza.sk\\\/?p=18740\"},\"author\":{\"name\":\"Pova\u017esk\u00e9 m\u00fazeum\",\"@id\":\"https:\\\/\\\/pmza.sk\\\/#\\\/schema\\\/person\\\/595e6a2ce731ea94dcd5d7f50a41ae33\"},\"headline\":\"Advent a pr\u00edchod Spasite\u013ea spodoben\u00fd kame\u0148om\",\"datePublished\":\"2016-12-08T10:50:10+00:00\",\"mainEntityOfPage\":{\"@id\":\"https:\\\/\\\/pmza.sk\\\/?p=18740\"},\"wordCount\":222,\"publisher\":{\"@id\":\"https:\\\/\\\/pmza.sk\\\/#organization\"},\"image\":{\"@id\":\"https:\\\/\\\/pmza.sk\\\/?p=18740#primaryimage\"},\"thumbnailUrl\":\"https:\\\/\\\/pmza.sk\\\/wp-content\\\/uploads\\\/2016\\\/12\\\/Advent-a-prichod-Spasitela-spodobeny-kamenom_mail.jpg\",\"articleSection\":[\"Arch\u00edv 2016\"],\"inLanguage\":\"sk-SK\"},{\"@type\":\"WebPage\",\"@id\":\"https:\\\/\\\/pmza.sk\\\/?p=18740\",\"url\":\"https:\\\/\\\/pmza.sk\\\/?p=18740\",\"name\":\"Advent a pr\u00edchod Spasite\u013ea spodoben\u00fd kame\u0148om - Pova\u017esk\u00e9 m\u00fazeum\",\"isPartOf\":{\"@id\":\"https:\\\/\\\/pmza.sk\\\/#website\"},\"primaryImageOfPage\":{\"@id\":\"https:\\\/\\\/pmza.sk\\\/?p=18740#primaryimage\"},\"image\":{\"@id\":\"https:\\\/\\\/pmza.sk\\\/?p=18740#primaryimage\"},\"thumbnailUrl\":\"https:\\\/\\\/pmza.sk\\\/wp-content\\\/uploads\\\/2016\\\/12\\\/Advent-a-prichod-Spasitela-spodobeny-kamenom_mail.jpg\",\"datePublished\":\"2016-12-08T10:50:10+00:00\",\"breadcrumb\":{\"@id\":\"https:\\\/\\\/pmza.sk\\\/?p=18740#breadcrumb\"},\"inLanguage\":\"sk-SK\",\"potentialAction\":[{\"@type\":\"ReadAction\",\"target\":[\"https:\\\/\\\/pmza.sk\\\/?p=18740\"]}]},{\"@type\":\"ImageObject\",\"inLanguage\":\"sk-SK\",\"@id\":\"https:\\\/\\\/pmza.sk\\\/?p=18740#primaryimage\",\"url\":\"https:\\\/\\\/pmza.sk\\\/wp-content\\\/uploads\\\/2016\\\/12\\\/Advent-a-prichod-Spasitela-spodobeny-kamenom_mail.jpg\",\"contentUrl\":\"https:\\\/\\\/pmza.sk\\\/wp-content\\\/uploads\\\/2016\\\/12\\\/Advent-a-prichod-Spasitela-spodobeny-kamenom_mail.jpg\",\"width\":764,\"height\":1080},{\"@type\":\"BreadcrumbList\",\"@id\":\"https:\\\/\\\/pmza.sk\\\/?p=18740#breadcrumb\",\"itemListElement\":[{\"@type\":\"ListItem\",\"position\":1,\"name\":\"Domovsk\u00e1 str\u00e1nka\",\"item\":\"https:\\\/\\\/pmza.sk\\\/\"},{\"@type\":\"ListItem\",\"position\":2,\"name\":\"Advent a pr\u00edchod Spasite\u013ea spodoben\u00fd kame\u0148om\"}]},{\"@type\":\"WebSite\",\"@id\":\"https:\\\/\\\/pmza.sk\\\/#website\",\"url\":\"https:\\\/\\\/pmza.sk\\\/\",\"name\":\"Pova\u017esk\u00e9 m\u00fazeum\",\"description\":\"Pova\u017esk\u00e9 m\u00fazeum v \u017diline je region\u00e1lne m\u00fazeum so s\u00eddlom v Budat\u00edne. Jeho expoz\u00edcie s\u00fa zameran\u00e9 na dejiny slovensk\u00e9ho umenia, kult\u00fary a dopravy.\",\"publisher\":{\"@id\":\"https:\\\/\\\/pmza.sk\\\/#organization\"},\"potentialAction\":[{\"@type\":\"SearchAction\",\"target\":{\"@type\":\"EntryPoint\",\"urlTemplate\":\"https:\\\/\\\/pmza.sk\\\/?s={search_term_string}\"},\"query-input\":{\"@type\":\"PropertyValueSpecification\",\"valueRequired\":true,\"valueName\":\"search_term_string\"}}],\"inLanguage\":\"sk-SK\"},{\"@type\":\"Organization\",\"@id\":\"https:\\\/\\\/pmza.sk\\\/#organization\",\"name\":\"Pova\u017esk\u00e9 m\u00fazeum\",\"url\":\"https:\\\/\\\/pmza.sk\\\/\",\"logo\":{\"@type\":\"ImageObject\",\"inLanguage\":\"sk-SK\",\"@id\":\"https:\\\/\\\/pmza.sk\\\/#\\\/schema\\\/logo\\\/image\\\/\",\"url\":\"https:\\\/\\\/pmza.sk\\\/wp-content\\\/uploads\\\/2022\\\/01\\\/logo_PM_horizontal.jpg\",\"contentUrl\":\"https:\\\/\\\/pmza.sk\\\/wp-content\\\/uploads\\\/2022\\\/01\\\/logo_PM_horizontal.jpg\",\"width\":231,\"height\":142,\"caption\":\"Pova\u017esk\u00e9 m\u00fazeum\"},\"image\":{\"@id\":\"https:\\\/\\\/pmza.sk\\\/#\\\/schema\\\/logo\\\/image\\\/\"},\"sameAs\":[\"https:\\\/\\\/www.facebook.com\\\/povazskemuzeum\",\"https:\\\/\\\/www.instagram.com\\\/povazskemuzeum\\\/\"]},{\"@type\":\"Person\",\"@id\":\"https:\\\/\\\/pmza.sk\\\/#\\\/schema\\\/person\\\/595e6a2ce731ea94dcd5d7f50a41ae33\",\"name\":\"Pova\u017esk\u00e9 m\u00fazeum\",\"image\":{\"@type\":\"ImageObject\",\"inLanguage\":\"sk-SK\",\"@id\":\"https:\\\/\\\/secure.gravatar.com\\\/avatar\\\/2bb7f1561282132fb5826dfeccc66c7996d11ee392ac6aaf7ced8a1c2027fbb2?s=96&d=mm&r=g\",\"url\":\"https:\\\/\\\/secure.gravatar.com\\\/avatar\\\/2bb7f1561282132fb5826dfeccc66c7996d11ee392ac6aaf7ced8a1c2027fbb2?s=96&d=mm&r=g\",\"contentUrl\":\"https:\\\/\\\/secure.gravatar.com\\\/avatar\\\/2bb7f1561282132fb5826dfeccc66c7996d11ee392ac6aaf7ced8a1c2027fbb2?s=96&d=mm&r=g\",\"caption\":\"Pova\u017esk\u00e9 m\u00fazeum\"}}]}<\/script>\n<!-- \/ Yoast SEO plugin. -->","yoast_head_json":{"title":"Advent a pr\u00edchod Spasite\u013ea spodoben\u00fd kame\u0148om - Pova\u017esk\u00e9 m\u00fazeum","robots":{"index":"index","follow":"follow","max-snippet":"max-snippet:-1","max-image-preview":"max-image-preview:large","max-video-preview":"max-video-preview:-1"},"canonical":"https:\/\/pmza.sk\/?p=18740","og_locale":"sk_SK","og_type":"article","og_title":"Advent a pr\u00edchod Spasite\u013ea spodoben\u00fd kame\u0148om - Pova\u017esk\u00e9 m\u00fazeum","og_description":"Pova\u017esk\u00e9 m\u00fazeum v\u00a0\u017diline v\u00a0zria\u010fovate\u013eskej p\u00f4sobnosti \u017dilinsk\u00e9ho samospr\u00e1vneho kraja v\u00a0spolupr\u00e1ci s\u00a0autorom diel V\u00e1s poz\u00fdvaj\u00fa na v\u00fdstavu \u201eAdvent a\u00a0pr\u00edchod Spasite\u013ea spodoben\u00fd kame\u0148om\u201c, v\u00a0Sob\u00e1\u0161nom pal\u00e1ci v\u00a0Byt\u010di. Autor v\u00fdstavy \u013dubom\u00edr Je\u017eo stv\u00e1r\u0148uje adventn\u00fa a\u00a0viano\u010dn\u00fa tematiku formou pr\u00edrodn\u00e9ho kame\u0148a inovat\u00edvnymi technikami v\u00fdtvarn\u00e9ho umenia. &#8222;V\u00fdstava je tematicky zameran\u00e1 na adventn\u00e9 a viano\u010dn\u00e9 \u00a0obdobie, ako spomienka na pr\u00edchod Spasite\u013ea. Vo svojich dielach [&hellip;]","og_url":"https:\/\/pmza.sk\/?p=18740","og_site_name":"Pova\u017esk\u00e9 m\u00fazeum","article_publisher":"https:\/\/www.facebook.com\/povazskemuzeum","article_published_time":"2016-12-08T10:50:10+00:00","og_image":[{"width":764,"height":1080,"url":"https:\/\/pmza.sk\/wp-content\/uploads\/2016\/12\/Advent-a-prichod-Spasitela-spodobeny-kamenom_mail.jpg","type":"image\/jpeg"}],"author":"Pova\u017esk\u00e9 m\u00fazeum","twitter_card":"summary_large_image","twitter_misc":{"Autor":"Pova\u017esk\u00e9 m\u00fazeum","Predpokladan\u00fd \u010das \u010d\u00edtania":"1 min\u00fata"},"schema":{"@context":"https:\/\/schema.org","@graph":[{"@type":"Article","@id":"https:\/\/pmza.sk\/?p=18740#article","isPartOf":{"@id":"https:\/\/pmza.sk\/?p=18740"},"author":{"name":"Pova\u017esk\u00e9 m\u00fazeum","@id":"https:\/\/pmza.sk\/#\/schema\/person\/595e6a2ce731ea94dcd5d7f50a41ae33"},"headline":"Advent a pr\u00edchod Spasite\u013ea spodoben\u00fd kame\u0148om","datePublished":"2016-12-08T10:50:10+00:00","mainEntityOfPage":{"@id":"https:\/\/pmza.sk\/?p=18740"},"wordCount":222,"publisher":{"@id":"https:\/\/pmza.sk\/#organization"},"image":{"@id":"https:\/\/pmza.sk\/?p=18740#primaryimage"},"thumbnailUrl":"https:\/\/pmza.sk\/wp-content\/uploads\/2016\/12\/Advent-a-prichod-Spasitela-spodobeny-kamenom_mail.jpg","articleSection":["Arch\u00edv 2016"],"inLanguage":"sk-SK"},{"@type":"WebPage","@id":"https:\/\/pmza.sk\/?p=18740","url":"https:\/\/pmza.sk\/?p=18740","name":"Advent a pr\u00edchod Spasite\u013ea spodoben\u00fd kame\u0148om - Pova\u017esk\u00e9 m\u00fazeum","isPartOf":{"@id":"https:\/\/pmza.sk\/#website"},"primaryImageOfPage":{"@id":"https:\/\/pmza.sk\/?p=18740#primaryimage"},"image":{"@id":"https:\/\/pmza.sk\/?p=18740#primaryimage"},"thumbnailUrl":"https:\/\/pmza.sk\/wp-content\/uploads\/2016\/12\/Advent-a-prichod-Spasitela-spodobeny-kamenom_mail.jpg","datePublished":"2016-12-08T10:50:10+00:00","breadcrumb":{"@id":"https:\/\/pmza.sk\/?p=18740#breadcrumb"},"inLanguage":"sk-SK","potentialAction":[{"@type":"ReadAction","target":["https:\/\/pmza.sk\/?p=18740"]}]},{"@type":"ImageObject","inLanguage":"sk-SK","@id":"https:\/\/pmza.sk\/?p=18740#primaryimage","url":"https:\/\/pmza.sk\/wp-content\/uploads\/2016\/12\/Advent-a-prichod-Spasitela-spodobeny-kamenom_mail.jpg","contentUrl":"https:\/\/pmza.sk\/wp-content\/uploads\/2016\/12\/Advent-a-prichod-Spasitela-spodobeny-kamenom_mail.jpg","width":764,"height":1080},{"@type":"BreadcrumbList","@id":"https:\/\/pmza.sk\/?p=18740#breadcrumb","itemListElement":[{"@type":"ListItem","position":1,"name":"Domovsk\u00e1 str\u00e1nka","item":"https:\/\/pmza.sk\/"},{"@type":"ListItem","position":2,"name":"Advent a pr\u00edchod Spasite\u013ea spodoben\u00fd kame\u0148om"}]},{"@type":"WebSite","@id":"https:\/\/pmza.sk\/#website","url":"https:\/\/pmza.sk\/","name":"Pova\u017esk\u00e9 m\u00fazeum","description":"Pova\u017esk\u00e9 m\u00fazeum v \u017diline je region\u00e1lne m\u00fazeum so s\u00eddlom v Budat\u00edne. Jeho expoz\u00edcie s\u00fa zameran\u00e9 na dejiny slovensk\u00e9ho umenia, kult\u00fary a dopravy.","publisher":{"@id":"https:\/\/pmza.sk\/#organization"},"potentialAction":[{"@type":"SearchAction","target":{"@type":"EntryPoint","urlTemplate":"https:\/\/pmza.sk\/?s={search_term_string}"},"query-input":{"@type":"PropertyValueSpecification","valueRequired":true,"valueName":"search_term_string"}}],"inLanguage":"sk-SK"},{"@type":"Organization","@id":"https:\/\/pmza.sk\/#organization","name":"Pova\u017esk\u00e9 m\u00fazeum","url":"https:\/\/pmza.sk\/","logo":{"@type":"ImageObject","inLanguage":"sk-SK","@id":"https:\/\/pmza.sk\/#\/schema\/logo\/image\/","url":"https:\/\/pmza.sk\/wp-content\/uploads\/2022\/01\/logo_PM_horizontal.jpg","contentUrl":"https:\/\/pmza.sk\/wp-content\/uploads\/2022\/01\/logo_PM_horizontal.jpg","width":231,"height":142,"caption":"Pova\u017esk\u00e9 m\u00fazeum"},"image":{"@id":"https:\/\/pmza.sk\/#\/schema\/logo\/image\/"},"sameAs":["https:\/\/www.facebook.com\/povazskemuzeum","https:\/\/www.instagram.com\/povazskemuzeum\/"]},{"@type":"Person","@id":"https:\/\/pmza.sk\/#\/schema\/person\/595e6a2ce731ea94dcd5d7f50a41ae33","name":"Pova\u017esk\u00e9 m\u00fazeum","image":{"@type":"ImageObject","inLanguage":"sk-SK","@id":"https:\/\/secure.gravatar.com\/avatar\/2bb7f1561282132fb5826dfeccc66c7996d11ee392ac6aaf7ced8a1c2027fbb2?s=96&d=mm&r=g","url":"https:\/\/secure.gravatar.com\/avatar\/2bb7f1561282132fb5826dfeccc66c7996d11ee392ac6aaf7ced8a1c2027fbb2?s=96&d=mm&r=g","contentUrl":"https:\/\/secure.gravatar.com\/avatar\/2bb7f1561282132fb5826dfeccc66c7996d11ee392ac6aaf7ced8a1c2027fbb2?s=96&d=mm&r=g","caption":"Pova\u017esk\u00e9 m\u00fazeum"}}]}},"_links":{"self":[{"href":"https:\/\/pmza.sk\/index.php?rest_route=\/wp\/v2\/posts\/18740","targetHints":{"allow":["GET"]}}],"collection":[{"href":"https:\/\/pmza.sk\/index.php?rest_route=\/wp\/v2\/posts"}],"about":[{"href":"https:\/\/pmza.sk\/index.php?rest_route=\/wp\/v2\/types\/post"}],"author":[{"embeddable":true,"href":"https:\/\/pmza.sk\/index.php?rest_route=\/wp\/v2\/users\/2"}],"replies":[{"embeddable":true,"href":"https:\/\/pmza.sk\/index.php?rest_route=%2Fwp%2Fv2%2Fcomments&post=18740"}],"version-history":[{"count":0,"href":"https:\/\/pmza.sk\/index.php?rest_route=\/wp\/v2\/posts\/18740\/revisions"}],"wp:featuredmedia":[{"embeddable":true,"href":"https:\/\/pmza.sk\/index.php?rest_route=\/wp\/v2\/media\/18762"}],"wp:attachment":[{"href":"https:\/\/pmza.sk\/index.php?rest_route=%2Fwp%2Fv2%2Fmedia&parent=18740"}],"wp:term":[{"taxonomy":"category","embeddable":true,"href":"https:\/\/pmza.sk\/index.php?rest_route=%2Fwp%2Fv2%2Fcategories&post=18740"},{"taxonomy":"post_tag","embeddable":true,"href":"https:\/\/pmza.sk\/index.php?rest_route=%2Fwp%2Fv2%2Ftags&post=18740"}],"curies":[{"name":"wp","href":"https:\/\/api.w.org\/{rel}","templated":true}]}}