{"id":18749,"date":"2016-12-08T12:32:49","date_gmt":"2016-12-08T11:32:49","guid":{"rendered":"https:\/\/pmza.sk.sk\/?p=18749"},"modified":"2016-12-08T12:32:49","modified_gmt":"2016-12-08T11:32:49","slug":"slovencina-pre-zahranicnych-studentov-na-budatinskom-hrade","status":"publish","type":"post","link":"https:\/\/pmza.sk\/?p=18749","title":{"rendered":"Sloven\u010dina pre zahrani\u010dn\u00fdch \u0161tudentov na Budat\u00ednskom hrade"},"content":{"rendered":"<p>Budat\u00ednsky hrad po \u010diasto\u010dnej rekon\u0161trukcii op\u00e4\u0165 o\u017e\u00edva a v\u00edta zvedav\u00fdch n\u00e1v\u0161tevn\u00edkov, aby \u201eza\u017eili\u201c \u010das\u0165 z\u00a0hist\u00f3rie na\u0161ej krajiny, pr\u00edpadne aby str\u00e1vili svoj vo\u013en\u00fd \u010das v pohostinnom prostred\u00ed hradu \u010di v\u00a0jeho n\u00e1dhernom parku.<\/p>\n<p>\u00dastav celo\u017eivotn\u00e9ho vzdel\u00e1vania \u017dilinskej univerzity v \u017diline v spolupr\u00e1ci s\u00a0Pova\u017esk\u00fdm m\u00fazeom v \u017diline vyu\u017eil pohostinnos\u0165 a\u00a0atrakt\u00edvnos\u0165 priestoru Budat\u00ednskeho hradu netradi\u010dne a\u00a0celkom nov\u00e1torsky. \u0160tudenti zo siedmich kraj\u00edn sveta \u2013 zo susedn\u00e9ho Po\u013eska, z\u00a0Nemecka, Franc\u00fazska, \u0160panielska, Portugalska, Turecka a\u00a0aj z\u00a0\u010falekej Braz\u00edlie, ktor\u00ed sa rozhodli roz\u0161\u00edri\u0165 si svoje \u0161t\u00fadium na \u017dilinskej univerzite v\u00a0\u017diline v\u00a0r\u00e1mci programu Erasmus podporovan\u00e9ho Eur\u00f3pskou \u00faniou, mali mo\u017enos\u0165 za\u017ei\u0165 v\u00fdu\u010dbu slovensk\u00e9ho jazyka v in\u0161piruj\u00facom prostred\u00ed hradu spojen\u00fa s jeho prehliadkou. A ke\u010f\u017ee sa tento n\u00e1pad realizoval v\u00a0katar\u00ednsky piatok 25. 11. 2016, nezabudnute\u013en\u00fdm z\u00e1\u017eitkom pre \u0161tudentov bola aj ich \u00fa\u010das\u0165 na divadelnom predstaven\u00ed v podobe dramatiz\u00e1cie povesti o kr\u00e1snej Katar\u00edne.<\/p>\n<p>K\u00a0osobitn\u00fdm cie\u013eom programu Erasmus v\u00a0oblasti celo\u017eivotn\u00e9ho vzdel\u00e1vania patr\u00ed integr\u00e1cia eur\u00f3pskeho priestoru vo vysoko\u0161kolskom vzdel\u00e1van\u00ed a\u00a0posil\u0148ovanie procesu inov\u00e1ci\u00ed vo v\u00fdu\u010dbe. \u00dastav celo\u017eivotn\u00e9ho vzdel\u00e1vania na \u017dilinskej univerzite v\u00a0\u017diline pre Erasmus \u0161tudentov zabezpe\u010duje aj v\u00fdu\u010dbu sloven\u010diny ako cudzieho jazyka. Z\u00e1merom v\u00fdu\u010dby nie je \u0161tudentov nau\u010di\u0165 iba z\u00e1klady sloven\u010diny, ale s\u00fa\u010dasne cez n\u00e1\u0161 jazyk prezentova\u0165 Slovensko ako vyspel\u00fa a\u00a0neoby\u010dajne kr\u00e1snu krajinu s\u00a0trad\u00edciami a\u00a0kult\u00farnym bohatstvom. Preto sa v\u00fdu\u010dba kon\u00e1 aj na netradi\u010dn\u00fdch miestach (v Mestskom divadle, na Stanici \u017dilina-Z\u00e1rie\u010die, v\u00a0kreat\u00edvnom \u0161t\u00fadiu na \u017dilinskej univerzite, na Budat\u00ednskom hrade).<\/p>\n<p>Pova\u017esk\u00e9 m\u00fazeum v\u00a0\u017diline ve\u013emi \u00fastretovo podporilo uveden\u00e9 z\u00e1mery \u00dastavu celo\u017eivotn\u00e9ho vzdel\u00e1vania a\u00a0poskytlo priestor na v\u00fdu\u010dbu \u2013 miestnos\u0165 upraven\u00fa na vzdel\u00e1vacie aktivity vo v\u00fdchodnom pal\u00e1ci. 21 \u0161tudentov absolvovalo dve vyu\u010dovacie hodiny sloven\u010diny. Takto realizovan\u00e1 v\u00fdu\u010dba je pre \u0161tudentov\u00a0 motivuj\u00faca, umo\u017e\u0148uje do v\u00fdu\u010dby vn\u00e1\u0161a\u0165 prvky n\u00e1zornosti a\u00a0originality.<\/p>\n<p>\u0160tudentom sa najviac p\u00e1\u010dila dramatiz\u00e1cia povesti O\u00a0kr\u00e1snej Katar\u00edne a\u00a0odniesli si z\u00a0nej naozaj siln\u00e9 dojmy, o\u00a0ktor\u00fdch s\u00a0nad\u0161en\u00edm rozpr\u00e1vaj\u00fa. Sc\u00e9na bola pripraven\u00e1 v\u00a0rekon\u0161truovanej kaplnke Budat\u00ednskeho hradu. Divadeln\u00ed\u010dky z divadelno-improviza\u010dnej skupiny \u201eKapor na sc\u00e9ne\u201c predviedli dramatiz\u00e1ciu povesti v\u00a0slovensko-anglickej verzii, a\u00a0t\u00fdm sa obohatila v\u00fdu\u010dba aj o\u00a0vysok\u00fa mieru z\u00e1\u017eitkovosti a\u00a0p\u00fatavosti. Navy\u0161e boli \u0161tudenti ako v\u010fa\u010dn\u00e9 publikum priamo zapojen\u00ed do deja, \u010do vnieslo do vzdel\u00e1vacej aktivity aj humor a\u00a0z\u00e1bavu.<\/p>\n<p><a href=\"https:\/\/pmza.sk\/wp-content\/uploads\/2016\/12\/IMG_1752.jpg\"><img fetchpriority=\"high\" decoding=\"async\" class=\" size-medium wp-image-18756 aligncenter\" src=\"https:\/\/pmza.sk.sk\/wp-content\/uploads\/2016\/12\/IMG_1752-300x200.jpg\" alt=\"img_1752\" width=\"300\" height=\"200\" \/><\/a> <a href=\"https:\/\/pmza.sk\/wp-content\/uploads\/2016\/12\/IMG_1721.jpg\"><img decoding=\"async\" class=\" size-medium wp-image-18757 aligncenter\" src=\"https:\/\/pmza.sk.sk\/wp-content\/uploads\/2016\/12\/IMG_1721-300x200.jpg\" alt=\"img_1721\" width=\"300\" height=\"200\" \/><\/a><\/p>\n<p>Prehliadku hradu u\u010dite\u013eka sloven\u010diny Mgr. Jana Trnovcov\u00e1 z\u00e1rove\u0148 tlmo\u010dila aj do angli\u010dtiny. \u0160tudenti si obohatili nielen svoj slovn\u00edk slovensk\u00e9ho jazyka, ale odniesli si aj nezabudnute\u013en\u00e9 z\u00e1\u017eitky. Regi\u00f3n \u017diliny tak mali mo\u017enos\u0165 spozna\u0165 aj z\u00a0poh\u013eadu na jeho hist\u00f3riu. Zauj\u00edmav\u00e1 bola pre nich v\u00fdstava drot\u00e1rskeho umenia a\u00a0prezent\u00e1cia z\u00a0ich poh\u013eadu celkom neobvykl\u00e9ho a\u00a0vo svete jedine\u010dn\u00e9ho drot\u00e1rskeho remesla.<\/p>\n<p>O\u00a0vzdel\u00e1vac\u00edch aktivit\u00e1ch \u00dastavu celo\u017eivotn\u00e9ho vzdel\u00e1vania sa m\u00f4\u017eete informova\u0165 na str\u00e1nke <a href=\"http:\/\/www.ucv.uniza.sk\/\">www.ucv.uniza.sk<\/a><\/p>\n","protected":false},"excerpt":{"rendered":"<p>Budat\u00ednsky hrad po \u010diasto\u010dnej rekon\u0161trukcii op\u00e4\u0165 o\u017e\u00edva a v\u00edta zvedav\u00fdch n\u00e1v\u0161tevn\u00edkov, aby \u201eza\u017eili\u201c \u010das\u0165 z\u00a0hist\u00f3rie na\u0161ej krajiny, pr\u00edpadne aby str\u00e1vili svoj vo\u013en\u00fd \u010das v pohostinnom prostred\u00ed hradu \u010di v\u00a0jeho n\u00e1dhernom parku. \u00dastav celo\u017eivotn\u00e9ho vzdel\u00e1vania \u017dilinskej univerzity v \u017diline v spolupr\u00e1ci s\u00a0Pova\u017esk\u00fdm m\u00fazeom v \u017diline vyu\u017eil pohostinnos\u0165 a\u00a0atrakt\u00edvnos\u0165 priestoru Budat\u00ednskeho hradu netradi\u010dne a\u00a0celkom nov\u00e1torsky. \u0160tudenti zo [&hellip;]<\/p>\n","protected":false},"author":2,"featured_media":18751,"comment_status":"closed","ping_status":"closed","sticky":false,"template":"","format":"standard","meta":{"site-sidebar-layout":"default","site-content-layout":"","ast-site-content-layout":"","site-content-style":"default","site-sidebar-style":"default","ast-global-header-display":"","ast-banner-title-visibility":"","ast-main-header-display":"","ast-hfb-above-header-display":"","ast-hfb-below-header-display":"","ast-hfb-mobile-header-display":"","site-post-title":"","ast-breadcrumbs-content":"","ast-featured-img":"","footer-sml-layout":"","theme-transparent-header-meta":"","adv-header-id-meta":"","stick-header-meta":"","header-above-stick-meta":"","header-main-stick-meta":"","header-below-stick-meta":"","astra-migrate-meta-layouts":"default","ast-page-background-enabled":"default","ast-page-background-meta":{"desktop":{"background-color":"var(--ast-global-color-4)","background-image":"","background-repeat":"repeat","background-position":"center center","background-size":"auto","background-attachment":"scroll","background-type":"","background-media":"","overlay-type":"","overlay-color":"","overlay-opacity":"","overlay-gradient":""},"tablet":{"background-color":"","background-image":"","background-repeat":"repeat","background-position":"center center","background-size":"auto","background-attachment":"scroll","background-type":"","background-media":"","overlay-type":"","overlay-color":"","overlay-opacity":"","overlay-gradient":""},"mobile":{"background-color":"","background-image":"","background-repeat":"repeat","background-position":"center center","background-size":"auto","background-attachment":"scroll","background-type":"","background-media":"","overlay-type":"","overlay-color":"","overlay-opacity":"","overlay-gradient":""}},"ast-content-background-meta":{"desktop":{"background-color":"var(--ast-global-color-5)","background-image":"","background-repeat":"repeat","background-position":"center center","background-size":"auto","background-attachment":"scroll","background-type":"","background-media":"","overlay-type":"","overlay-color":"","overlay-opacity":"","overlay-gradient":""},"tablet":{"background-color":"var(--ast-global-color-5)","background-image":"","background-repeat":"repeat","background-position":"center center","background-size":"auto","background-attachment":"scroll","background-type":"","background-media":"","overlay-type":"","overlay-color":"","overlay-opacity":"","overlay-gradient":""},"mobile":{"background-color":"var(--ast-global-color-5)","background-image":"","background-repeat":"repeat","background-position":"center center","background-size":"auto","background-attachment":"scroll","background-type":"","background-media":"","overlay-type":"","overlay-color":"","overlay-opacity":"","overlay-gradient":""}},"footnotes":""},"categories":[50],"tags":[],"class_list":["post-18749","post","type-post","status-publish","format-standard","has-post-thumbnail","hentry","category-archiv-2016"],"yoast_head":"<!-- This site is optimized with the Yoast SEO plugin v27.4 - https:\/\/yoast.com\/product\/yoast-seo-wordpress\/ -->\n<title>Sloven\u010dina pre zahrani\u010dn\u00fdch \u0161tudentov na Budat\u00ednskom hrade - Pova\u017esk\u00e9 m\u00fazeum<\/title>\n<meta name=\"robots\" content=\"index, follow, max-snippet:-1, max-image-preview:large, max-video-preview:-1\" \/>\n<link rel=\"canonical\" href=\"https:\/\/pmza.sk\/?p=18749\" \/>\n<meta property=\"og:locale\" content=\"sk_SK\" \/>\n<meta property=\"og:type\" content=\"article\" \/>\n<meta property=\"og:title\" content=\"Sloven\u010dina pre zahrani\u010dn\u00fdch \u0161tudentov na Budat\u00ednskom hrade - Pova\u017esk\u00e9 m\u00fazeum\" \/>\n<meta property=\"og:description\" content=\"Budat\u00ednsky hrad po \u010diasto\u010dnej rekon\u0161trukcii op\u00e4\u0165 o\u017e\u00edva a v\u00edta zvedav\u00fdch n\u00e1v\u0161tevn\u00edkov, aby \u201eza\u017eili\u201c \u010das\u0165 z\u00a0hist\u00f3rie na\u0161ej krajiny, pr\u00edpadne aby str\u00e1vili svoj vo\u013en\u00fd \u010das v pohostinnom prostred\u00ed hradu \u010di v\u00a0jeho n\u00e1dhernom parku. \u00dastav celo\u017eivotn\u00e9ho vzdel\u00e1vania \u017dilinskej univerzity v \u017diline v spolupr\u00e1ci s\u00a0Pova\u017esk\u00fdm m\u00fazeom v \u017diline vyu\u017eil pohostinnos\u0165 a\u00a0atrakt\u00edvnos\u0165 priestoru Budat\u00ednskeho hradu netradi\u010dne a\u00a0celkom nov\u00e1torsky. \u0160tudenti zo [&hellip;]\" \/>\n<meta property=\"og:url\" content=\"https:\/\/pmza.sk\/?p=18749\" \/>\n<meta property=\"og:site_name\" content=\"Pova\u017esk\u00e9 m\u00fazeum\" \/>\n<meta property=\"article:publisher\" content=\"https:\/\/www.facebook.com\/povazskemuzeum\" \/>\n<meta property=\"article:published_time\" content=\"2016-12-08T11:32:49+00:00\" \/>\n<meta property=\"og:image\" content=\"https:\/\/pmza.sk\/wp-content\/uploads\/2016\/12\/IMG_1680.jpg\" \/>\n\t<meta property=\"og:image:width\" content=\"1024\" \/>\n\t<meta property=\"og:image:height\" content=\"683\" \/>\n\t<meta property=\"og:image:type\" content=\"image\/jpeg\" \/>\n<meta name=\"author\" content=\"Pova\u017esk\u00e9 m\u00fazeum\" \/>\n<meta name=\"twitter:card\" content=\"summary_large_image\" \/>\n<meta name=\"twitter:label1\" content=\"Autor\" \/>\n\t<meta name=\"twitter:data1\" content=\"Pova\u017esk\u00e9 m\u00fazeum\" \/>\n\t<meta name=\"twitter:label2\" content=\"Predpokladan\u00fd \u010das \u010d\u00edtania\" \/>\n\t<meta name=\"twitter:data2\" content=\"3 min\u00faty\" \/>\n<script type=\"application\/ld+json\" class=\"yoast-schema-graph\">{\"@context\":\"https:\\\/\\\/schema.org\",\"@graph\":[{\"@type\":\"Article\",\"@id\":\"https:\\\/\\\/pmza.sk\\\/?p=18749#article\",\"isPartOf\":{\"@id\":\"https:\\\/\\\/pmza.sk\\\/?p=18749\"},\"author\":{\"name\":\"Pova\u017esk\u00e9 m\u00fazeum\",\"@id\":\"https:\\\/\\\/pmza.sk\\\/#\\\/schema\\\/person\\\/595e6a2ce731ea94dcd5d7f50a41ae33\"},\"headline\":\"Sloven\u010dina pre zahrani\u010dn\u00fdch \u0161tudentov na Budat\u00ednskom hrade\",\"datePublished\":\"2016-12-08T11:32:49+00:00\",\"mainEntityOfPage\":{\"@id\":\"https:\\\/\\\/pmza.sk\\\/?p=18749\"},\"wordCount\":603,\"publisher\":{\"@id\":\"https:\\\/\\\/pmza.sk\\\/#organization\"},\"image\":{\"@id\":\"https:\\\/\\\/pmza.sk\\\/?p=18749#primaryimage\"},\"thumbnailUrl\":\"https:\\\/\\\/pmza.sk\\\/wp-content\\\/uploads\\\/2016\\\/12\\\/IMG_1680.jpg\",\"articleSection\":[\"Arch\u00edv 2016\"],\"inLanguage\":\"sk-SK\"},{\"@type\":\"WebPage\",\"@id\":\"https:\\\/\\\/pmza.sk\\\/?p=18749\",\"url\":\"https:\\\/\\\/pmza.sk\\\/?p=18749\",\"name\":\"Sloven\u010dina pre zahrani\u010dn\u00fdch \u0161tudentov na Budat\u00ednskom hrade - Pova\u017esk\u00e9 m\u00fazeum\",\"isPartOf\":{\"@id\":\"https:\\\/\\\/pmza.sk\\\/#website\"},\"primaryImageOfPage\":{\"@id\":\"https:\\\/\\\/pmza.sk\\\/?p=18749#primaryimage\"},\"image\":{\"@id\":\"https:\\\/\\\/pmza.sk\\\/?p=18749#primaryimage\"},\"thumbnailUrl\":\"https:\\\/\\\/pmza.sk\\\/wp-content\\\/uploads\\\/2016\\\/12\\\/IMG_1680.jpg\",\"datePublished\":\"2016-12-08T11:32:49+00:00\",\"breadcrumb\":{\"@id\":\"https:\\\/\\\/pmza.sk\\\/?p=18749#breadcrumb\"},\"inLanguage\":\"sk-SK\",\"potentialAction\":[{\"@type\":\"ReadAction\",\"target\":[\"https:\\\/\\\/pmza.sk\\\/?p=18749\"]}]},{\"@type\":\"ImageObject\",\"inLanguage\":\"sk-SK\",\"@id\":\"https:\\\/\\\/pmza.sk\\\/?p=18749#primaryimage\",\"url\":\"https:\\\/\\\/pmza.sk\\\/wp-content\\\/uploads\\\/2016\\\/12\\\/IMG_1680.jpg\",\"contentUrl\":\"https:\\\/\\\/pmza.sk\\\/wp-content\\\/uploads\\\/2016\\\/12\\\/IMG_1680.jpg\",\"width\":1024,\"height\":683},{\"@type\":\"BreadcrumbList\",\"@id\":\"https:\\\/\\\/pmza.sk\\\/?p=18749#breadcrumb\",\"itemListElement\":[{\"@type\":\"ListItem\",\"position\":1,\"name\":\"Domovsk\u00e1 str\u00e1nka\",\"item\":\"https:\\\/\\\/pmza.sk\\\/\"},{\"@type\":\"ListItem\",\"position\":2,\"name\":\"Sloven\u010dina pre zahrani\u010dn\u00fdch \u0161tudentov na Budat\u00ednskom hrade\"}]},{\"@type\":\"WebSite\",\"@id\":\"https:\\\/\\\/pmza.sk\\\/#website\",\"url\":\"https:\\\/\\\/pmza.sk\\\/\",\"name\":\"Pova\u017esk\u00e9 m\u00fazeum\",\"description\":\"Pova\u017esk\u00e9 m\u00fazeum v \u017diline je region\u00e1lne m\u00fazeum so s\u00eddlom v Budat\u00edne. Jeho expoz\u00edcie s\u00fa zameran\u00e9 na dejiny slovensk\u00e9ho umenia, kult\u00fary a dopravy.\",\"publisher\":{\"@id\":\"https:\\\/\\\/pmza.sk\\\/#organization\"},\"potentialAction\":[{\"@type\":\"SearchAction\",\"target\":{\"@type\":\"EntryPoint\",\"urlTemplate\":\"https:\\\/\\\/pmza.sk\\\/?s={search_term_string}\"},\"query-input\":{\"@type\":\"PropertyValueSpecification\",\"valueRequired\":true,\"valueName\":\"search_term_string\"}}],\"inLanguage\":\"sk-SK\"},{\"@type\":\"Organization\",\"@id\":\"https:\\\/\\\/pmza.sk\\\/#organization\",\"name\":\"Pova\u017esk\u00e9 m\u00fazeum\",\"url\":\"https:\\\/\\\/pmza.sk\\\/\",\"logo\":{\"@type\":\"ImageObject\",\"inLanguage\":\"sk-SK\",\"@id\":\"https:\\\/\\\/pmza.sk\\\/#\\\/schema\\\/logo\\\/image\\\/\",\"url\":\"https:\\\/\\\/pmza.sk\\\/wp-content\\\/uploads\\\/2022\\\/01\\\/logo_PM_horizontal.jpg\",\"contentUrl\":\"https:\\\/\\\/pmza.sk\\\/wp-content\\\/uploads\\\/2022\\\/01\\\/logo_PM_horizontal.jpg\",\"width\":231,\"height\":142,\"caption\":\"Pova\u017esk\u00e9 m\u00fazeum\"},\"image\":{\"@id\":\"https:\\\/\\\/pmza.sk\\\/#\\\/schema\\\/logo\\\/image\\\/\"},\"sameAs\":[\"https:\\\/\\\/www.facebook.com\\\/povazskemuzeum\",\"https:\\\/\\\/www.instagram.com\\\/povazskemuzeum\\\/\"]},{\"@type\":\"Person\",\"@id\":\"https:\\\/\\\/pmza.sk\\\/#\\\/schema\\\/person\\\/595e6a2ce731ea94dcd5d7f50a41ae33\",\"name\":\"Pova\u017esk\u00e9 m\u00fazeum\",\"image\":{\"@type\":\"ImageObject\",\"inLanguage\":\"sk-SK\",\"@id\":\"https:\\\/\\\/secure.gravatar.com\\\/avatar\\\/2bb7f1561282132fb5826dfeccc66c7996d11ee392ac6aaf7ced8a1c2027fbb2?s=96&d=mm&r=g\",\"url\":\"https:\\\/\\\/secure.gravatar.com\\\/avatar\\\/2bb7f1561282132fb5826dfeccc66c7996d11ee392ac6aaf7ced8a1c2027fbb2?s=96&d=mm&r=g\",\"contentUrl\":\"https:\\\/\\\/secure.gravatar.com\\\/avatar\\\/2bb7f1561282132fb5826dfeccc66c7996d11ee392ac6aaf7ced8a1c2027fbb2?s=96&d=mm&r=g\",\"caption\":\"Pova\u017esk\u00e9 m\u00fazeum\"}}]}<\/script>\n<!-- \/ Yoast SEO plugin. -->","yoast_head_json":{"title":"Sloven\u010dina pre zahrani\u010dn\u00fdch \u0161tudentov na Budat\u00ednskom hrade - Pova\u017esk\u00e9 m\u00fazeum","robots":{"index":"index","follow":"follow","max-snippet":"max-snippet:-1","max-image-preview":"max-image-preview:large","max-video-preview":"max-video-preview:-1"},"canonical":"https:\/\/pmza.sk\/?p=18749","og_locale":"sk_SK","og_type":"article","og_title":"Sloven\u010dina pre zahrani\u010dn\u00fdch \u0161tudentov na Budat\u00ednskom hrade - Pova\u017esk\u00e9 m\u00fazeum","og_description":"Budat\u00ednsky hrad po \u010diasto\u010dnej rekon\u0161trukcii op\u00e4\u0165 o\u017e\u00edva a v\u00edta zvedav\u00fdch n\u00e1v\u0161tevn\u00edkov, aby \u201eza\u017eili\u201c \u010das\u0165 z\u00a0hist\u00f3rie na\u0161ej krajiny, pr\u00edpadne aby str\u00e1vili svoj vo\u013en\u00fd \u010das v pohostinnom prostred\u00ed hradu \u010di v\u00a0jeho n\u00e1dhernom parku. \u00dastav celo\u017eivotn\u00e9ho vzdel\u00e1vania \u017dilinskej univerzity v \u017diline v spolupr\u00e1ci s\u00a0Pova\u017esk\u00fdm m\u00fazeom v \u017diline vyu\u017eil pohostinnos\u0165 a\u00a0atrakt\u00edvnos\u0165 priestoru Budat\u00ednskeho hradu netradi\u010dne a\u00a0celkom nov\u00e1torsky. \u0160tudenti zo [&hellip;]","og_url":"https:\/\/pmza.sk\/?p=18749","og_site_name":"Pova\u017esk\u00e9 m\u00fazeum","article_publisher":"https:\/\/www.facebook.com\/povazskemuzeum","article_published_time":"2016-12-08T11:32:49+00:00","og_image":[{"width":1024,"height":683,"url":"https:\/\/pmza.sk\/wp-content\/uploads\/2016\/12\/IMG_1680.jpg","type":"image\/jpeg"}],"author":"Pova\u017esk\u00e9 m\u00fazeum","twitter_card":"summary_large_image","twitter_misc":{"Autor":"Pova\u017esk\u00e9 m\u00fazeum","Predpokladan\u00fd \u010das \u010d\u00edtania":"3 min\u00faty"},"schema":{"@context":"https:\/\/schema.org","@graph":[{"@type":"Article","@id":"https:\/\/pmza.sk\/?p=18749#article","isPartOf":{"@id":"https:\/\/pmza.sk\/?p=18749"},"author":{"name":"Pova\u017esk\u00e9 m\u00fazeum","@id":"https:\/\/pmza.sk\/#\/schema\/person\/595e6a2ce731ea94dcd5d7f50a41ae33"},"headline":"Sloven\u010dina pre zahrani\u010dn\u00fdch \u0161tudentov na Budat\u00ednskom hrade","datePublished":"2016-12-08T11:32:49+00:00","mainEntityOfPage":{"@id":"https:\/\/pmza.sk\/?p=18749"},"wordCount":603,"publisher":{"@id":"https:\/\/pmza.sk\/#organization"},"image":{"@id":"https:\/\/pmza.sk\/?p=18749#primaryimage"},"thumbnailUrl":"https:\/\/pmza.sk\/wp-content\/uploads\/2016\/12\/IMG_1680.jpg","articleSection":["Arch\u00edv 2016"],"inLanguage":"sk-SK"},{"@type":"WebPage","@id":"https:\/\/pmza.sk\/?p=18749","url":"https:\/\/pmza.sk\/?p=18749","name":"Sloven\u010dina pre zahrani\u010dn\u00fdch \u0161tudentov na Budat\u00ednskom hrade - Pova\u017esk\u00e9 m\u00fazeum","isPartOf":{"@id":"https:\/\/pmza.sk\/#website"},"primaryImageOfPage":{"@id":"https:\/\/pmza.sk\/?p=18749#primaryimage"},"image":{"@id":"https:\/\/pmza.sk\/?p=18749#primaryimage"},"thumbnailUrl":"https:\/\/pmza.sk\/wp-content\/uploads\/2016\/12\/IMG_1680.jpg","datePublished":"2016-12-08T11:32:49+00:00","breadcrumb":{"@id":"https:\/\/pmza.sk\/?p=18749#breadcrumb"},"inLanguage":"sk-SK","potentialAction":[{"@type":"ReadAction","target":["https:\/\/pmza.sk\/?p=18749"]}]},{"@type":"ImageObject","inLanguage":"sk-SK","@id":"https:\/\/pmza.sk\/?p=18749#primaryimage","url":"https:\/\/pmza.sk\/wp-content\/uploads\/2016\/12\/IMG_1680.jpg","contentUrl":"https:\/\/pmza.sk\/wp-content\/uploads\/2016\/12\/IMG_1680.jpg","width":1024,"height":683},{"@type":"BreadcrumbList","@id":"https:\/\/pmza.sk\/?p=18749#breadcrumb","itemListElement":[{"@type":"ListItem","position":1,"name":"Domovsk\u00e1 str\u00e1nka","item":"https:\/\/pmza.sk\/"},{"@type":"ListItem","position":2,"name":"Sloven\u010dina pre zahrani\u010dn\u00fdch \u0161tudentov na Budat\u00ednskom hrade"}]},{"@type":"WebSite","@id":"https:\/\/pmza.sk\/#website","url":"https:\/\/pmza.sk\/","name":"Pova\u017esk\u00e9 m\u00fazeum","description":"Pova\u017esk\u00e9 m\u00fazeum v \u017diline je region\u00e1lne m\u00fazeum so s\u00eddlom v Budat\u00edne. Jeho expoz\u00edcie s\u00fa zameran\u00e9 na dejiny slovensk\u00e9ho umenia, kult\u00fary a dopravy.","publisher":{"@id":"https:\/\/pmza.sk\/#organization"},"potentialAction":[{"@type":"SearchAction","target":{"@type":"EntryPoint","urlTemplate":"https:\/\/pmza.sk\/?s={search_term_string}"},"query-input":{"@type":"PropertyValueSpecification","valueRequired":true,"valueName":"search_term_string"}}],"inLanguage":"sk-SK"},{"@type":"Organization","@id":"https:\/\/pmza.sk\/#organization","name":"Pova\u017esk\u00e9 m\u00fazeum","url":"https:\/\/pmza.sk\/","logo":{"@type":"ImageObject","inLanguage":"sk-SK","@id":"https:\/\/pmza.sk\/#\/schema\/logo\/image\/","url":"https:\/\/pmza.sk\/wp-content\/uploads\/2022\/01\/logo_PM_horizontal.jpg","contentUrl":"https:\/\/pmza.sk\/wp-content\/uploads\/2022\/01\/logo_PM_horizontal.jpg","width":231,"height":142,"caption":"Pova\u017esk\u00e9 m\u00fazeum"},"image":{"@id":"https:\/\/pmza.sk\/#\/schema\/logo\/image\/"},"sameAs":["https:\/\/www.facebook.com\/povazskemuzeum","https:\/\/www.instagram.com\/povazskemuzeum\/"]},{"@type":"Person","@id":"https:\/\/pmza.sk\/#\/schema\/person\/595e6a2ce731ea94dcd5d7f50a41ae33","name":"Pova\u017esk\u00e9 m\u00fazeum","image":{"@type":"ImageObject","inLanguage":"sk-SK","@id":"https:\/\/secure.gravatar.com\/avatar\/2bb7f1561282132fb5826dfeccc66c7996d11ee392ac6aaf7ced8a1c2027fbb2?s=96&d=mm&r=g","url":"https:\/\/secure.gravatar.com\/avatar\/2bb7f1561282132fb5826dfeccc66c7996d11ee392ac6aaf7ced8a1c2027fbb2?s=96&d=mm&r=g","contentUrl":"https:\/\/secure.gravatar.com\/avatar\/2bb7f1561282132fb5826dfeccc66c7996d11ee392ac6aaf7ced8a1c2027fbb2?s=96&d=mm&r=g","caption":"Pova\u017esk\u00e9 m\u00fazeum"}}]}},"_links":{"self":[{"href":"https:\/\/pmza.sk\/index.php?rest_route=\/wp\/v2\/posts\/18749","targetHints":{"allow":["GET"]}}],"collection":[{"href":"https:\/\/pmza.sk\/index.php?rest_route=\/wp\/v2\/posts"}],"about":[{"href":"https:\/\/pmza.sk\/index.php?rest_route=\/wp\/v2\/types\/post"}],"author":[{"embeddable":true,"href":"https:\/\/pmza.sk\/index.php?rest_route=\/wp\/v2\/users\/2"}],"replies":[{"embeddable":true,"href":"https:\/\/pmza.sk\/index.php?rest_route=%2Fwp%2Fv2%2Fcomments&post=18749"}],"version-history":[{"count":0,"href":"https:\/\/pmza.sk\/index.php?rest_route=\/wp\/v2\/posts\/18749\/revisions"}],"wp:featuredmedia":[{"embeddable":true,"href":"https:\/\/pmza.sk\/index.php?rest_route=\/wp\/v2\/media\/18751"}],"wp:attachment":[{"href":"https:\/\/pmza.sk\/index.php?rest_route=%2Fwp%2Fv2%2Fmedia&parent=18749"}],"wp:term":[{"taxonomy":"category","embeddable":true,"href":"https:\/\/pmza.sk\/index.php?rest_route=%2Fwp%2Fv2%2Fcategories&post=18749"},{"taxonomy":"post_tag","embeddable":true,"href":"https:\/\/pmza.sk\/index.php?rest_route=%2Fwp%2Fv2%2Ftags&post=18749"}],"curies":[{"name":"wp","href":"https:\/\/api.w.org\/{rel}","templated":true}]}}