{"id":1926,"date":"2011-02-24T12:41:55","date_gmt":"2011-02-24T11:41:55","guid":{"rendered":"https:\/\/pmza.sk.sk\/?p=1926"},"modified":"2011-02-24T12:41:55","modified_gmt":"2011-02-24T11:41:55","slug":"ako-si-zili-muzi","status":"publish","type":"post","link":"https:\/\/pmza.sk\/?p=1926","title":{"rendered":"Ako si \u017eili mu\u017ei"},"content":{"rendered":"<p><a href=\"https:\/\/pmza.sk\/wp-content\/uploads\/2011\/02\/z-vystavy-klobucnicka-dielna-1.jpg\"><img fetchpriority=\"high\" decoding=\"async\" class=\"alignleft size-medium wp-image-1929\" style=\"border: 2px solid black; margin: 4px;\" title=\"z vystavy - klobucnicka dielna (1)\" src=\"https:\/\/pmza.sk.sk\/wp-content\/uploads\/2011\/02\/z-vystavy-klobucnicka-dielna-1-300x200.jpg\" alt=\"\" width=\"300\" height=\"200\" \/><\/a>Pred dvoma rokmi bola po\u010das\u00a0 letnej sez\u00f3ny v are\u00e1li Budat\u00ednskeho hradu spr\u00edstupnen\u00e1 v\u00fdstava Ako si \u017eili \u017eeny, zameran\u00e1\u00a0 na postavenie \u017eeny ako man\u017eelky, matky, \u017eeny v dom\u00e1cnosti, v neskor\u0161om obdob\u00ed aj \u017eeny pracuj\u00facej \u010di spolo\u010densky akt\u00edvnej. Pova\u017esk\u00e9 m\u00fazeum v \u017diline v s\u00fa\u010dasnosti pripravilo \u010fal\u0161ie pokra\u010dovanie tejto \u00faspe\u0161nej v\u00fdstavy, na ktorej \u00a0sa tentoraz m\u00f4\u017eu n\u00e1v\u0161tevn\u00edci \u00a0zozn\u00e1mi\u0165 so svetom mu\u017eov v minulosti.<!--more--><\/p>\n<p>V\u00fdstava je rozdelen\u00e1 na nieko\u013eko \u010dast\u00ed, ktor\u00e9 dokumentuj\u00fa rodinn\u00fd a spolo\u010densk\u00fd \u017eivot \u0161\u013eachticov, me\u0161\u0165anov a vidieckych mu\u017eov v priebehu nieko\u013ek\u00fdch storo\u010d\u00ed. \u201e<em>Mu\u017ea z radov \u0161\u013eachty pribli\u017euj\u00fa okrem<\/em><em> <\/em><em>olejomalieb zo 17. a 18. storo\u010dia aj vz\u00e1cne odevy ako priliehav\u00fd kab\u00e1t, naz\u00fdvan\u00fd dolom\u00e1n alebo odev poslanca uhorsk\u00e9ho snemu. Ke\u010f\u017ee \u0161\u013eachtic a\u017e do 18. storo\u010dia bol hlavn\u00fdm predstavite\u013eom vojensk\u00e9ho stavu, vystaven\u00e9 s\u00fa aj predmety z jeho vojensk\u00e9ho v\u00fdzbroja<\/em>,\u201d uviedol Michal Jureck\u00fd, jeden z autorov v\u00fdstavy.<\/p>\n<p>Me\u0161tianstvo bolo ve\u013emi v\u00fdznamnou \u00a0zlo\u017ekou soci\u00e1lnej \u0161trukt\u00fary spolo\u010dnosti. Tvorilo tzv. tret\u00ed stav stojaci medzi \u0161\u013eachtou a\u00a0\u013eudom. Me\u0161\u0165ania boli najm\u00e4 remeseln\u00edci, obchodn\u00edci, \u00faradn\u00edci a\u00a0vzdelanci. \u010eal\u0161ia \u010das\u0165 v\u00fdstavy je venovan\u00e1 cechov\u00fdm spolo\u010denstv\u00e1m, ktor\u00e9 mali ochra\u0148ova\u0165 hospod\u00e1rsko-spolo\u010densk\u00fa rovnos\u0165 pr\u00edslu\u0161n\u00edkov ur\u010dit\u00e9ho remesla. Ich \u010dinnos\u0165 dokumentuj\u00fa cechov\u00e9 kni\u017eky, zvol\u00e1vacie tabu\u013eky, pe\u010datidl\u00e1, cechov\u00e9 truhlice a\u00a0\u010fal\u0161ie z\u00e1kladn\u00e9 symboly,\u00a0 ktor\u00fdmi sa cechy prezentovali pred verejnos\u0165ou.<\/p>\n<p>P\u00f4sobenie remeseln\u00edkov v\u00a0meste zachyt\u00e1va aj vybavenie dvoch remeseln\u00edckych dieln\u00ed,\u00a0 obuvn\u00edckej a\u00a0klobu\u010dn\u00edckej. Pr\u00e1ve klob\u00fak bol v\u00a0minulosti neodmyslite\u013enou s\u00fa\u010das\u0165ou mu\u017esk\u00e9ho odevu, ako prvok symbolizuj\u00faci mu\u017ea a\u00a0jeho spolo\u010densk\u00e9 postavenie.<\/p>\n<p>Z\u00a0mu\u017esk\u00e9ho odevu m\u00f4\u017eu n\u00e1v\u0161tevn\u00edci v\u00fdstavy vidie\u0165 napr\u00edklad frak, ktor\u00fd bol najvy\u0161\u0161\u00edm stup\u0148om sl\u00e1vnostn\u00e9ho oble\u010denia mu\u017ea a\u00a0\u017eaket ako oble\u010denie mu\u017ea najvy\u0161\u0161ej \u00farovne pre denn\u00e9 nosenie.<\/p>\n<p>Nako\u013eko len mu\u017ei mali do roku 1920 volebn\u00e9 pr\u00e1vo, mohli by\u0165 len oni volen\u00ed do mestskej samospr\u00e1vy a\u00a0mestsk\u00fdch \u00faradov. Me\u0161\u0165ania, najm\u00e4 \u017eivnostn\u00edci, akt\u00edvne vstupovali nielen do politiky, ale podporovali aj kult\u00faru a\u00a0spolkov\u00fa \u010dinnos\u0165 v\u00a0meste.<\/p>\n<p>Poslednou t\u00e9mou v\u00fdstavy je postavenie vidieckeho mu\u017ea. Najdominantnej\u0161\u00edm prvkom do exkurzu jeho \u017eivota\u00a0 s\u00fa najm\u00e4 uk\u00e1\u017eky mu\u017esk\u00fdch dobov\u00fdch ko\u0161ie\u013e z Rajeckej doliny, pracovn\u00e9 n\u00e1radia s\u00faviace s\u00a0obr\u00e1ban\u00edm p\u00f4dy alebo\u00a0 vala\u0161n\u00edctvom.<\/p>\n<p>V\u00fdstava <strong>Ako si \u017eili mu\u017ei, <\/strong>spr\u00edstupnen\u00e1 verejnosti do 17. apr\u00edla 2011, je skicou\u00a0 \u017eivota mu\u017eov r\u00f4zneho spolo\u010densk\u00e9ho postavenia v\u00a0r\u00f4znych historick\u00fdch etap\u00e1ch. O tom, v\u00a0\u010dom bol odli\u0161n\u00fd, \u0165a\u017e\u0161\u00ed alebo \u013eah\u0161\u00ed od sveta \u017eien, je len na n\u00e1v\u0161tevn\u00edkovi a mo\u017eno na n\u00e1v\u0161tevn\u00ed\u010dkach tejto v\u00fdstavy.<\/p>\n<p>&gt;<a title=\"pozv\u00e1nka na v\u00fdstavu\" href=\"http:\/\/www.pmza.sk\/plag\/ako_si_zili_muzi.jpg\" target=\"_blank\" rel=\"noopener\">pozv\u00e1nka na v\u00fdstavu<\/a>&lt;<\/p>\n","protected":false},"excerpt":{"rendered":"<p>Pred dvoma rokmi bola po\u010das\u00a0 letnej sez\u00f3ny v are\u00e1li Budat\u00ednskeho hradu spr\u00edstupnen\u00e1 v\u00fdstava Ako si \u017eili \u017eeny, zameran\u00e1\u00a0 na postavenie \u017eeny ako man\u017eelky, matky, \u017eeny v dom\u00e1cnosti, v neskor\u0161om obdob\u00ed aj \u017eeny pracuj\u00facej \u010di spolo\u010densky akt\u00edvnej. Pova\u017esk\u00e9 m\u00fazeum v \u017diline v s\u00fa\u010dasnosti pripravilo \u010fal\u0161ie pokra\u010dovanie tejto \u00faspe\u0161nej v\u00fdstavy, na ktorej \u00a0sa tentoraz m\u00f4\u017eu n\u00e1v\u0161tevn\u00edci \u00a0zozn\u00e1mi\u0165 [&hellip;]<\/p>\n","protected":false},"author":1,"featured_media":0,"comment_status":"closed","ping_status":"closed","sticky":false,"template":"","format":"standard","meta":{"site-sidebar-layout":"default","site-content-layout":"","ast-site-content-layout":"","site-content-style":"default","site-sidebar-style":"default","ast-global-header-display":"","ast-banner-title-visibility":"","ast-main-header-display":"","ast-hfb-above-header-display":"","ast-hfb-below-header-display":"","ast-hfb-mobile-header-display":"","site-post-title":"","ast-breadcrumbs-content":"","ast-featured-img":"","footer-sml-layout":"","theme-transparent-header-meta":"","adv-header-id-meta":"","stick-header-meta":"","header-above-stick-meta":"","header-main-stick-meta":"","header-below-stick-meta":"","astra-migrate-meta-layouts":"default","ast-page-background-enabled":"default","ast-page-background-meta":{"desktop":{"background-color":"var(--ast-global-color-4)","background-image":"","background-repeat":"repeat","background-position":"center center","background-size":"auto","background-attachment":"scroll","background-type":"","background-media":"","overlay-type":"","overlay-color":"","overlay-opacity":"","overlay-gradient":""},"tablet":{"background-color":"","background-image":"","background-repeat":"repeat","background-position":"center center","background-size":"auto","background-attachment":"scroll","background-type":"","background-media":"","overlay-type":"","overlay-color":"","overlay-opacity":"","overlay-gradient":""},"mobile":{"background-color":"","background-image":"","background-repeat":"repeat","background-position":"center center","background-size":"auto","background-attachment":"scroll","background-type":"","background-media":"","overlay-type":"","overlay-color":"","overlay-opacity":"","overlay-gradient":""}},"ast-content-background-meta":{"desktop":{"background-color":"var(--ast-global-color-5)","background-image":"","background-repeat":"repeat","background-position":"center center","background-size":"auto","background-attachment":"scroll","background-type":"","background-media":"","overlay-type":"","overlay-color":"","overlay-opacity":"","overlay-gradient":""},"tablet":{"background-color":"var(--ast-global-color-5)","background-image":"","background-repeat":"repeat","background-position":"center center","background-size":"auto","background-attachment":"scroll","background-type":"","background-media":"","overlay-type":"","overlay-color":"","overlay-opacity":"","overlay-gradient":""},"mobile":{"background-color":"var(--ast-global-color-5)","background-image":"","background-repeat":"repeat","background-position":"center center","background-size":"auto","background-attachment":"scroll","background-type":"","background-media":"","overlay-type":"","overlay-color":"","overlay-opacity":"","overlay-gradient":""}},"footnotes":""},"categories":[30],"tags":[],"class_list":["post-1926","post","type-post","status-publish","format-standard","hentry","category-archiv-2011"],"yoast_head":"<!-- This site is optimized with the Yoast SEO plugin v27.4 - https:\/\/yoast.com\/product\/yoast-seo-wordpress\/ -->\n<title>Ako si \u017eili mu\u017ei - Pova\u017esk\u00e9 m\u00fazeum<\/title>\n<meta name=\"robots\" content=\"index, follow, max-snippet:-1, max-image-preview:large, max-video-preview:-1\" \/>\n<link rel=\"canonical\" href=\"https:\/\/pmza.sk\/?p=1926\" \/>\n<meta property=\"og:locale\" content=\"sk_SK\" \/>\n<meta property=\"og:type\" content=\"article\" \/>\n<meta property=\"og:title\" content=\"Ako si \u017eili mu\u017ei - Pova\u017esk\u00e9 m\u00fazeum\" \/>\n<meta property=\"og:description\" content=\"Pred dvoma rokmi bola po\u010das\u00a0 letnej sez\u00f3ny v are\u00e1li Budat\u00ednskeho hradu spr\u00edstupnen\u00e1 v\u00fdstava Ako si \u017eili \u017eeny, zameran\u00e1\u00a0 na postavenie \u017eeny ako man\u017eelky, matky, \u017eeny v dom\u00e1cnosti, v neskor\u0161om obdob\u00ed aj \u017eeny pracuj\u00facej \u010di spolo\u010densky akt\u00edvnej. Pova\u017esk\u00e9 m\u00fazeum v \u017diline v s\u00fa\u010dasnosti pripravilo \u010fal\u0161ie pokra\u010dovanie tejto \u00faspe\u0161nej v\u00fdstavy, na ktorej \u00a0sa tentoraz m\u00f4\u017eu n\u00e1v\u0161tevn\u00edci \u00a0zozn\u00e1mi\u0165 [&hellip;]\" \/>\n<meta property=\"og:url\" content=\"https:\/\/pmza.sk\/?p=1926\" \/>\n<meta property=\"og:site_name\" content=\"Pova\u017esk\u00e9 m\u00fazeum\" \/>\n<meta property=\"article:publisher\" content=\"https:\/\/www.facebook.com\/povazskemuzeum\" \/>\n<meta property=\"article:published_time\" content=\"2011-02-24T11:41:55+00:00\" \/>\n<meta property=\"og:image\" content=\"https:\/\/pmza.sk.sk\/wp-content\/uploads\/2011\/02\/z-vystavy-klobucnicka-dielna-1-300x200.jpg\" \/>\n<meta name=\"author\" content=\"libor\" \/>\n<meta name=\"twitter:card\" content=\"summary_large_image\" \/>\n<meta name=\"twitter:label1\" content=\"Autor\" \/>\n\t<meta name=\"twitter:data1\" content=\"libor\" \/>\n\t<meta name=\"twitter:label2\" content=\"Predpokladan\u00fd \u010das \u010d\u00edtania\" \/>\n\t<meta name=\"twitter:data2\" content=\"3 min\u00faty\" \/>\n<script type=\"application\/ld+json\" class=\"yoast-schema-graph\">{\"@context\":\"https:\\\/\\\/schema.org\",\"@graph\":[{\"@type\":\"Article\",\"@id\":\"https:\\\/\\\/pmza.sk\\\/?p=1926#article\",\"isPartOf\":{\"@id\":\"https:\\\/\\\/pmza.sk\\\/?p=1926\"},\"author\":{\"name\":\"libor\",\"@id\":\"https:\\\/\\\/pmza.sk\\\/#\\\/schema\\\/person\\\/f0b923a9aa8e1f67feef0d7cd9afde35\"},\"headline\":\"Ako si \u017eili mu\u017ei\",\"datePublished\":\"2011-02-24T11:41:55+00:00\",\"mainEntityOfPage\":{\"@id\":\"https:\\\/\\\/pmza.sk\\\/?p=1926\"},\"wordCount\":524,\"publisher\":{\"@id\":\"https:\\\/\\\/pmza.sk\\\/#organization\"},\"image\":{\"@id\":\"https:\\\/\\\/pmza.sk\\\/?p=1926#primaryimage\"},\"thumbnailUrl\":\"http:\\\/\\\/pmza.sk.sk\\\/wp-content\\\/uploads\\\/2011\\\/02\\\/z-vystavy-klobucnicka-dielna-1-300x200.jpg\",\"articleSection\":[\"Arch\u00edv 2011\"],\"inLanguage\":\"sk-SK\"},{\"@type\":\"WebPage\",\"@id\":\"https:\\\/\\\/pmza.sk\\\/?p=1926\",\"url\":\"https:\\\/\\\/pmza.sk\\\/?p=1926\",\"name\":\"Ako si \u017eili mu\u017ei - Pova\u017esk\u00e9 m\u00fazeum\",\"isPartOf\":{\"@id\":\"https:\\\/\\\/pmza.sk\\\/#website\"},\"primaryImageOfPage\":{\"@id\":\"https:\\\/\\\/pmza.sk\\\/?p=1926#primaryimage\"},\"image\":{\"@id\":\"https:\\\/\\\/pmza.sk\\\/?p=1926#primaryimage\"},\"thumbnailUrl\":\"http:\\\/\\\/pmza.sk.sk\\\/wp-content\\\/uploads\\\/2011\\\/02\\\/z-vystavy-klobucnicka-dielna-1-300x200.jpg\",\"datePublished\":\"2011-02-24T11:41:55+00:00\",\"breadcrumb\":{\"@id\":\"https:\\\/\\\/pmza.sk\\\/?p=1926#breadcrumb\"},\"inLanguage\":\"sk-SK\",\"potentialAction\":[{\"@type\":\"ReadAction\",\"target\":[\"https:\\\/\\\/pmza.sk\\\/?p=1926\"]}]},{\"@type\":\"ImageObject\",\"inLanguage\":\"sk-SK\",\"@id\":\"https:\\\/\\\/pmza.sk\\\/?p=1926#primaryimage\",\"url\":\"http:\\\/\\\/pmza.sk.sk\\\/wp-content\\\/uploads\\\/2011\\\/02\\\/z-vystavy-klobucnicka-dielna-1-300x200.jpg\",\"contentUrl\":\"http:\\\/\\\/pmza.sk.sk\\\/wp-content\\\/uploads\\\/2011\\\/02\\\/z-vystavy-klobucnicka-dielna-1-300x200.jpg\"},{\"@type\":\"BreadcrumbList\",\"@id\":\"https:\\\/\\\/pmza.sk\\\/?p=1926#breadcrumb\",\"itemListElement\":[{\"@type\":\"ListItem\",\"position\":1,\"name\":\"Domovsk\u00e1 str\u00e1nka\",\"item\":\"https:\\\/\\\/pmza.sk\\\/\"},{\"@type\":\"ListItem\",\"position\":2,\"name\":\"Ako si \u017eili mu\u017ei\"}]},{\"@type\":\"WebSite\",\"@id\":\"https:\\\/\\\/pmza.sk\\\/#website\",\"url\":\"https:\\\/\\\/pmza.sk\\\/\",\"name\":\"Pova\u017esk\u00e9 m\u00fazeum\",\"description\":\"Pova\u017esk\u00e9 m\u00fazeum v \u017diline je region\u00e1lne m\u00fazeum so s\u00eddlom v Budat\u00edne. Jeho expoz\u00edcie s\u00fa zameran\u00e9 na dejiny slovensk\u00e9ho umenia, kult\u00fary a dopravy.\",\"publisher\":{\"@id\":\"https:\\\/\\\/pmza.sk\\\/#organization\"},\"potentialAction\":[{\"@type\":\"SearchAction\",\"target\":{\"@type\":\"EntryPoint\",\"urlTemplate\":\"https:\\\/\\\/pmza.sk\\\/?s={search_term_string}\"},\"query-input\":{\"@type\":\"PropertyValueSpecification\",\"valueRequired\":true,\"valueName\":\"search_term_string\"}}],\"inLanguage\":\"sk-SK\"},{\"@type\":\"Organization\",\"@id\":\"https:\\\/\\\/pmza.sk\\\/#organization\",\"name\":\"Pova\u017esk\u00e9 m\u00fazeum\",\"url\":\"https:\\\/\\\/pmza.sk\\\/\",\"logo\":{\"@type\":\"ImageObject\",\"inLanguage\":\"sk-SK\",\"@id\":\"https:\\\/\\\/pmza.sk\\\/#\\\/schema\\\/logo\\\/image\\\/\",\"url\":\"https:\\\/\\\/pmza.sk\\\/wp-content\\\/uploads\\\/2022\\\/01\\\/logo_PM_horizontal.jpg\",\"contentUrl\":\"https:\\\/\\\/pmza.sk\\\/wp-content\\\/uploads\\\/2022\\\/01\\\/logo_PM_horizontal.jpg\",\"width\":231,\"height\":142,\"caption\":\"Pova\u017esk\u00e9 m\u00fazeum\"},\"image\":{\"@id\":\"https:\\\/\\\/pmza.sk\\\/#\\\/schema\\\/logo\\\/image\\\/\"},\"sameAs\":[\"https:\\\/\\\/www.facebook.com\\\/povazskemuzeum\",\"https:\\\/\\\/www.instagram.com\\\/povazskemuzeum\\\/\"]},{\"@type\":\"Person\",\"@id\":\"https:\\\/\\\/pmza.sk\\\/#\\\/schema\\\/person\\\/f0b923a9aa8e1f67feef0d7cd9afde35\",\"name\":\"libor\",\"image\":{\"@type\":\"ImageObject\",\"inLanguage\":\"sk-SK\",\"@id\":\"https:\\\/\\\/secure.gravatar.com\\\/avatar\\\/c583dbc698e594aacced1589eb8cf1673bd41d461e8b2ab635484ffc26fee7b0?s=96&d=mm&r=g\",\"url\":\"https:\\\/\\\/secure.gravatar.com\\\/avatar\\\/c583dbc698e594aacced1589eb8cf1673bd41d461e8b2ab635484ffc26fee7b0?s=96&d=mm&r=g\",\"contentUrl\":\"https:\\\/\\\/secure.gravatar.com\\\/avatar\\\/c583dbc698e594aacced1589eb8cf1673bd41d461e8b2ab635484ffc26fee7b0?s=96&d=mm&r=g\",\"caption\":\"libor\"}}]}<\/script>\n<!-- \/ Yoast SEO plugin. -->","yoast_head_json":{"title":"Ako si \u017eili mu\u017ei - Pova\u017esk\u00e9 m\u00fazeum","robots":{"index":"index","follow":"follow","max-snippet":"max-snippet:-1","max-image-preview":"max-image-preview:large","max-video-preview":"max-video-preview:-1"},"canonical":"https:\/\/pmza.sk\/?p=1926","og_locale":"sk_SK","og_type":"article","og_title":"Ako si \u017eili mu\u017ei - Pova\u017esk\u00e9 m\u00fazeum","og_description":"Pred dvoma rokmi bola po\u010das\u00a0 letnej sez\u00f3ny v are\u00e1li Budat\u00ednskeho hradu spr\u00edstupnen\u00e1 v\u00fdstava Ako si \u017eili \u017eeny, zameran\u00e1\u00a0 na postavenie \u017eeny ako man\u017eelky, matky, \u017eeny v dom\u00e1cnosti, v neskor\u0161om obdob\u00ed aj \u017eeny pracuj\u00facej \u010di spolo\u010densky akt\u00edvnej. Pova\u017esk\u00e9 m\u00fazeum v \u017diline v s\u00fa\u010dasnosti pripravilo \u010fal\u0161ie pokra\u010dovanie tejto \u00faspe\u0161nej v\u00fdstavy, na ktorej \u00a0sa tentoraz m\u00f4\u017eu n\u00e1v\u0161tevn\u00edci \u00a0zozn\u00e1mi\u0165 [&hellip;]","og_url":"https:\/\/pmza.sk\/?p=1926","og_site_name":"Pova\u017esk\u00e9 m\u00fazeum","article_publisher":"https:\/\/www.facebook.com\/povazskemuzeum","article_published_time":"2011-02-24T11:41:55+00:00","og_image":[{"url":"https:\/\/pmza.sk.sk\/wp-content\/uploads\/2011\/02\/z-vystavy-klobucnicka-dielna-1-300x200.jpg","type":"","width":"","height":""}],"author":"libor","twitter_card":"summary_large_image","twitter_misc":{"Autor":"libor","Predpokladan\u00fd \u010das \u010d\u00edtania":"3 min\u00faty"},"schema":{"@context":"https:\/\/schema.org","@graph":[{"@type":"Article","@id":"https:\/\/pmza.sk\/?p=1926#article","isPartOf":{"@id":"https:\/\/pmza.sk\/?p=1926"},"author":{"name":"libor","@id":"https:\/\/pmza.sk\/#\/schema\/person\/f0b923a9aa8e1f67feef0d7cd9afde35"},"headline":"Ako si \u017eili mu\u017ei","datePublished":"2011-02-24T11:41:55+00:00","mainEntityOfPage":{"@id":"https:\/\/pmza.sk\/?p=1926"},"wordCount":524,"publisher":{"@id":"https:\/\/pmza.sk\/#organization"},"image":{"@id":"https:\/\/pmza.sk\/?p=1926#primaryimage"},"thumbnailUrl":"https:\/\/pmza.sk.sk\/wp-content\/uploads\/2011\/02\/z-vystavy-klobucnicka-dielna-1-300x200.jpg","articleSection":["Arch\u00edv 2011"],"inLanguage":"sk-SK"},{"@type":"WebPage","@id":"https:\/\/pmza.sk\/?p=1926","url":"https:\/\/pmza.sk\/?p=1926","name":"Ako si \u017eili mu\u017ei - Pova\u017esk\u00e9 m\u00fazeum","isPartOf":{"@id":"https:\/\/pmza.sk\/#website"},"primaryImageOfPage":{"@id":"https:\/\/pmza.sk\/?p=1926#primaryimage"},"image":{"@id":"https:\/\/pmza.sk\/?p=1926#primaryimage"},"thumbnailUrl":"https:\/\/pmza.sk.sk\/wp-content\/uploads\/2011\/02\/z-vystavy-klobucnicka-dielna-1-300x200.jpg","datePublished":"2011-02-24T11:41:55+00:00","breadcrumb":{"@id":"https:\/\/pmza.sk\/?p=1926#breadcrumb"},"inLanguage":"sk-SK","potentialAction":[{"@type":"ReadAction","target":["https:\/\/pmza.sk\/?p=1926"]}]},{"@type":"ImageObject","inLanguage":"sk-SK","@id":"https:\/\/pmza.sk\/?p=1926#primaryimage","url":"https:\/\/pmza.sk.sk\/wp-content\/uploads\/2011\/02\/z-vystavy-klobucnicka-dielna-1-300x200.jpg","contentUrl":"https:\/\/pmza.sk.sk\/wp-content\/uploads\/2011\/02\/z-vystavy-klobucnicka-dielna-1-300x200.jpg"},{"@type":"BreadcrumbList","@id":"https:\/\/pmza.sk\/?p=1926#breadcrumb","itemListElement":[{"@type":"ListItem","position":1,"name":"Domovsk\u00e1 str\u00e1nka","item":"https:\/\/pmza.sk\/"},{"@type":"ListItem","position":2,"name":"Ako si \u017eili mu\u017ei"}]},{"@type":"WebSite","@id":"https:\/\/pmza.sk\/#website","url":"https:\/\/pmza.sk\/","name":"Pova\u017esk\u00e9 m\u00fazeum","description":"Pova\u017esk\u00e9 m\u00fazeum v \u017diline je region\u00e1lne m\u00fazeum so s\u00eddlom v Budat\u00edne. Jeho expoz\u00edcie s\u00fa zameran\u00e9 na dejiny slovensk\u00e9ho umenia, kult\u00fary a dopravy.","publisher":{"@id":"https:\/\/pmza.sk\/#organization"},"potentialAction":[{"@type":"SearchAction","target":{"@type":"EntryPoint","urlTemplate":"https:\/\/pmza.sk\/?s={search_term_string}"},"query-input":{"@type":"PropertyValueSpecification","valueRequired":true,"valueName":"search_term_string"}}],"inLanguage":"sk-SK"},{"@type":"Organization","@id":"https:\/\/pmza.sk\/#organization","name":"Pova\u017esk\u00e9 m\u00fazeum","url":"https:\/\/pmza.sk\/","logo":{"@type":"ImageObject","inLanguage":"sk-SK","@id":"https:\/\/pmza.sk\/#\/schema\/logo\/image\/","url":"https:\/\/pmza.sk\/wp-content\/uploads\/2022\/01\/logo_PM_horizontal.jpg","contentUrl":"https:\/\/pmza.sk\/wp-content\/uploads\/2022\/01\/logo_PM_horizontal.jpg","width":231,"height":142,"caption":"Pova\u017esk\u00e9 m\u00fazeum"},"image":{"@id":"https:\/\/pmza.sk\/#\/schema\/logo\/image\/"},"sameAs":["https:\/\/www.facebook.com\/povazskemuzeum","https:\/\/www.instagram.com\/povazskemuzeum\/"]},{"@type":"Person","@id":"https:\/\/pmza.sk\/#\/schema\/person\/f0b923a9aa8e1f67feef0d7cd9afde35","name":"libor","image":{"@type":"ImageObject","inLanguage":"sk-SK","@id":"https:\/\/secure.gravatar.com\/avatar\/c583dbc698e594aacced1589eb8cf1673bd41d461e8b2ab635484ffc26fee7b0?s=96&d=mm&r=g","url":"https:\/\/secure.gravatar.com\/avatar\/c583dbc698e594aacced1589eb8cf1673bd41d461e8b2ab635484ffc26fee7b0?s=96&d=mm&r=g","contentUrl":"https:\/\/secure.gravatar.com\/avatar\/c583dbc698e594aacced1589eb8cf1673bd41d461e8b2ab635484ffc26fee7b0?s=96&d=mm&r=g","caption":"libor"}}]}},"_links":{"self":[{"href":"https:\/\/pmza.sk\/index.php?rest_route=\/wp\/v2\/posts\/1926","targetHints":{"allow":["GET"]}}],"collection":[{"href":"https:\/\/pmza.sk\/index.php?rest_route=\/wp\/v2\/posts"}],"about":[{"href":"https:\/\/pmza.sk\/index.php?rest_route=\/wp\/v2\/types\/post"}],"author":[{"embeddable":true,"href":"https:\/\/pmza.sk\/index.php?rest_route=\/wp\/v2\/users\/1"}],"replies":[{"embeddable":true,"href":"https:\/\/pmza.sk\/index.php?rest_route=%2Fwp%2Fv2%2Fcomments&post=1926"}],"version-history":[{"count":0,"href":"https:\/\/pmza.sk\/index.php?rest_route=\/wp\/v2\/posts\/1926\/revisions"}],"wp:attachment":[{"href":"https:\/\/pmza.sk\/index.php?rest_route=%2Fwp%2Fv2%2Fmedia&parent=1926"}],"wp:term":[{"taxonomy":"category","embeddable":true,"href":"https:\/\/pmza.sk\/index.php?rest_route=%2Fwp%2Fv2%2Fcategories&post=1926"},{"taxonomy":"post_tag","embeddable":true,"href":"https:\/\/pmza.sk\/index.php?rest_route=%2Fwp%2Fv2%2Ftags&post=1926"}],"curies":[{"name":"wp","href":"https:\/\/api.w.org\/{rel}","templated":true}]}}