{"id":19739,"date":"2017-01-18T11:35:11","date_gmt":"2017-01-18T10:35:11","guid":{"rendered":"https:\/\/pmza.sk.sk\/?p=19739"},"modified":"2017-01-18T11:35:11","modified_gmt":"2017-01-18T10:35:11","slug":"budatinsky-park-navstivilo-viac-ako-70-tisic-ludi","status":"publish","type":"post","link":"https:\/\/pmza.sk\/?p=19739","title":{"rendered":"Budat\u00ednsky park nav\u0161t\u00edvilo viac ako 70-tis\u00edc \u013eud\u00ed"},"content":{"rendered":"<p>\u017dilinsk\u00fd samospr\u00e1vny kraj nain\u0161taloval koncom augusta minul\u00e9ho roka v\u00a0pri\u013eahlom parku n\u00e1rodnej kult\u00farnej pamiatky Budat\u00ednskeho hradu s\u010d\u00edta\u010de meraj\u00face pohyb chodcov. Po\u010das \u0161tyroch mesiacov pre\u0161lo are\u00e1lom Budat\u00ednskeho parku a\u017e 73 360 n\u00e1v\u0161tevn\u00edkov. \u201eJe to \u00fa\u017easn\u00e9 \u010d\u00edslo, ktor\u00e9 jasne hovor\u00ed o\u00a0tom, \u017ee revitaliz\u00e1cia v\u00a0roku 2009 bola tou najlep\u0161ou invest\u00edciou. Obyvatelia\u00a0Budat\u00edna, \u017diliny, ale i\u00a0okolit\u00fdch obc\u00ed a\u00a0miest vyu\u017e\u00edvaj\u00fa tento priestor v\u00a0lete na prech\u00e1dzky, oddych a\u00a0tie\u017e \u0161portovanie. A t\u00fato zimu dokonca pri\u0161li aj be\u017ek\u00e1ri,\u201c pribl\u00ed\u017eil \u017eilinsk\u00fd \u017eupan Juraj Blan\u00e1r.<\/p>\n<p>Aj Budat\u00ednsky park je od roku 1963 n\u00e1rodnou kult\u00farnou pamiatkou a\u00a0jeho centrom je Budat\u00ednsky hrad, ktor\u00fd kraj taktie\u017e postupne renovuje. \u201ePo desiatich rokoch sa n\u00e1m op\u00e4\u0165 podarilo spr\u00edstupni\u0165 viac ako polovicu hradu a\u00a0zrekon\u0161truovali sme i unik\u00e1tnu barokov\u00fa kaplnku. Park je teda prepojen\u00edm hist\u00f3rie a\u00a0modern\u00e9ho miesta pre relax,\u201c dodal J. Blan\u00e1r s\u00a0t\u00fdm, \u017ee v\u00a0obnove \u017eupa pokra\u010duje na\u010falej. \u201eZatia\u013e sme tu investovali viac ako p\u00e4\u0165 mili\u00f3nov eur, no\u00a0\u010dakaj\u00fa n\u00e1s e\u0161te pr\u00e1ce vo vn\u00fatri hradu aj vonku v\u00a0hospod\u00e1rskej budove,\u201c informoval.<\/p>\n<p>Budat\u00edn pon\u00faka okrem oddychu a\u00a0kult\u00farneho vy\u017eitia i jednu z vyh\u013ead\u00e1van\u00fdch cyklotr\u00e1s \u017dilinskej \u017eupy. Zadn\u00e1 br\u00e1na Budat\u00ednskeho parku zavedie turistov na BikeKIU za\u010d\u00ednaj\u00facu priamo na s\u00fatoku riek V\u00e1hu a\u00a0Kysuce.<a href=\"https:\/\/pmza.sk\/wp-content\/uploads\/2017\/01\/ZSK_V-Budatine-zacina-aj-jedna-z-vyhladavanych-cyklotras-Zilinskej-zupy-BikeKIA.jpg\"><img fetchpriority=\"high\" decoding=\"async\" class=\"alignleft  wp-image-19741\" src=\"https:\/\/pmza.sk.sk\/wp-content\/uploads\/2017\/01\/\u017dSK_V-Budat\u00edne-za\u010d\u00edna-aj-jedna-z-vyh\u013ead\u00e1van\u00fdch-cyklotr\u00e1s-\u017dilinskej-\u017eupy-BikeKIA-150x100.jpg\" alt=\"\" width=\"284\" height=\"189\" \/><\/a> \u201eAj tu sme na l\u00e1vke cez biokoridor nain\u0161talovali mera\u010d pohybu cyklistov a minul\u00fd rok ich cez toto miesto pre\u0161lo 58 383. BikeKIA je ob\u013e\u00faben\u00e1 najm\u00e4 pre rodiny s\u00a0de\u0165mi, ke\u010f\u017ee ter\u00e9n je nen\u00e1ro\u010dn\u00fd a\u00a0sp\u00e1ja dve na\u0161e hradn\u00e9 dominanty \u2013 hrady Budat\u00edn a\u00a0Stre\u010dno. Kult\u00farny turizmus je st\u00e1le popul\u00e1rnej\u0161\u00ed, preto ver\u00edm, \u017ee tento rok bude cyklistov zase o\u00a0nie\u010do viac,\u201c zd\u00f4raznil predseda \u017dSK.<\/p>\n<p>Najviac milovn\u00edkov cyklistiky pre\u0161lo BikeKIOU v\u00a0roku 2016 v\u00a0nede\u013eu 22. m\u00e1ja, kedy hranica pokorila rekordn\u00fdch tis\u00edc bikerov. Cyklotrasa je u\u017e vyasfaltovan\u00e1 v d\u013a\u017eke 3,8 kilometra a\u00a0po\u010das piatich rokov, odkedy je v\u00a0spr\u00e1ve \u017dSK, sa \u017eupe podarilo osadi\u0165 i\u00a0nov\u00e9 cykloturistick\u00e9 zna\u010denie, drobn\u00fa architekt\u00faru, vybudova\u0165 l\u00e1vku a\u00a0skr\u00e1\u0161li\u0165 oddychov\u00e9 z\u00f3ny.<\/p>\n<p>&nbsp;<\/p>\n<p style=\"text-align: right;\"><strong>Lenka Z\u00e1tekov\u00e1<br \/>hovorky\u0148a \u017dSK<\/strong><\/p>\n","protected":false},"excerpt":{"rendered":"<p>\u017dilinsk\u00fd samospr\u00e1vny kraj nain\u0161taloval koncom augusta minul\u00e9ho roka v\u00a0pri\u013eahlom parku n\u00e1rodnej kult\u00farnej pamiatky Budat\u00ednskeho hradu s\u010d\u00edta\u010de meraj\u00face pohyb chodcov. Po\u010das \u0161tyroch mesiacov pre\u0161lo are\u00e1lom Budat\u00ednskeho parku a\u017e 73 360 n\u00e1v\u0161tevn\u00edkov. \u201eJe to \u00fa\u017easn\u00e9 \u010d\u00edslo, ktor\u00e9 jasne hovor\u00ed o\u00a0tom, \u017ee revitaliz\u00e1cia v\u00a0roku 2009 bola tou najlep\u0161ou invest\u00edciou. Obyvatelia\u00a0Budat\u00edna, \u017diliny, ale i\u00a0okolit\u00fdch obc\u00ed a\u00a0miest vyu\u017e\u00edvaj\u00fa tento priestor [&hellip;]<\/p>\n","protected":false},"author":2,"featured_media":19742,"comment_status":"closed","ping_status":"closed","sticky":false,"template":"","format":"standard","meta":{"site-sidebar-layout":"default","site-content-layout":"","ast-site-content-layout":"","site-content-style":"default","site-sidebar-style":"default","ast-global-header-display":"","ast-banner-title-visibility":"","ast-main-header-display":"","ast-hfb-above-header-display":"","ast-hfb-below-header-display":"","ast-hfb-mobile-header-display":"","site-post-title":"","ast-breadcrumbs-content":"","ast-featured-img":"","footer-sml-layout":"","theme-transparent-header-meta":"","adv-header-id-meta":"","stick-header-meta":"","header-above-stick-meta":"","header-main-stick-meta":"","header-below-stick-meta":"","astra-migrate-meta-layouts":"default","ast-page-background-enabled":"default","ast-page-background-meta":{"desktop":{"background-color":"var(--ast-global-color-4)","background-image":"","background-repeat":"repeat","background-position":"center center","background-size":"auto","background-attachment":"scroll","background-type":"","background-media":"","overlay-type":"","overlay-color":"","overlay-opacity":"","overlay-gradient":""},"tablet":{"background-color":"","background-image":"","background-repeat":"repeat","background-position":"center center","background-size":"auto","background-attachment":"scroll","background-type":"","background-media":"","overlay-type":"","overlay-color":"","overlay-opacity":"","overlay-gradient":""},"mobile":{"background-color":"","background-image":"","background-repeat":"repeat","background-position":"center center","background-size":"auto","background-attachment":"scroll","background-type":"","background-media":"","overlay-type":"","overlay-color":"","overlay-opacity":"","overlay-gradient":""}},"ast-content-background-meta":{"desktop":{"background-color":"var(--ast-global-color-5)","background-image":"","background-repeat":"repeat","background-position":"center center","background-size":"auto","background-attachment":"scroll","background-type":"","background-media":"","overlay-type":"","overlay-color":"","overlay-opacity":"","overlay-gradient":""},"tablet":{"background-color":"var(--ast-global-color-5)","background-image":"","background-repeat":"repeat","background-position":"center center","background-size":"auto","background-attachment":"scroll","background-type":"","background-media":"","overlay-type":"","overlay-color":"","overlay-opacity":"","overlay-gradient":""},"mobile":{"background-color":"var(--ast-global-color-5)","background-image":"","background-repeat":"repeat","background-position":"center center","background-size":"auto","background-attachment":"scroll","background-type":"","background-media":"","overlay-type":"","overlay-color":"","overlay-opacity":"","overlay-gradient":""}},"footnotes":""},"categories":[31],"tags":[],"class_list":["post-19739","post","type-post","status-publish","format-standard","has-post-thumbnail","hentry","category-aktuality"],"yoast_head":"<!-- This site is optimized with the Yoast SEO plugin v27.4 - https:\/\/yoast.com\/product\/yoast-seo-wordpress\/ -->\n<title>Budat\u00ednsky park nav\u0161t\u00edvilo viac ako 70-tis\u00edc \u013eud\u00ed - Pova\u017esk\u00e9 m\u00fazeum<\/title>\n<meta name=\"robots\" content=\"index, follow, max-snippet:-1, max-image-preview:large, max-video-preview:-1\" \/>\n<link rel=\"canonical\" href=\"https:\/\/pmza.sk\/?p=19739\" \/>\n<meta property=\"og:locale\" content=\"sk_SK\" \/>\n<meta property=\"og:type\" content=\"article\" \/>\n<meta property=\"og:title\" content=\"Budat\u00ednsky park nav\u0161t\u00edvilo viac ako 70-tis\u00edc \u013eud\u00ed - Pova\u017esk\u00e9 m\u00fazeum\" \/>\n<meta property=\"og:description\" content=\"\u017dilinsk\u00fd samospr\u00e1vny kraj nain\u0161taloval koncom augusta minul\u00e9ho roka v\u00a0pri\u013eahlom parku n\u00e1rodnej kult\u00farnej pamiatky Budat\u00ednskeho hradu s\u010d\u00edta\u010de meraj\u00face pohyb chodcov. Po\u010das \u0161tyroch mesiacov pre\u0161lo are\u00e1lom Budat\u00ednskeho parku a\u017e 73 360 n\u00e1v\u0161tevn\u00edkov. \u201eJe to \u00fa\u017easn\u00e9 \u010d\u00edslo, ktor\u00e9 jasne hovor\u00ed o\u00a0tom, \u017ee revitaliz\u00e1cia v\u00a0roku 2009 bola tou najlep\u0161ou invest\u00edciou. Obyvatelia\u00a0Budat\u00edna, \u017diliny, ale i\u00a0okolit\u00fdch obc\u00ed a\u00a0miest vyu\u017e\u00edvaj\u00fa tento priestor [&hellip;]\" \/>\n<meta property=\"og:url\" content=\"https:\/\/pmza.sk\/?p=19739\" \/>\n<meta property=\"og:site_name\" content=\"Pova\u017esk\u00e9 m\u00fazeum\" \/>\n<meta property=\"article:publisher\" content=\"https:\/\/www.facebook.com\/povazskemuzeum\" \/>\n<meta property=\"article:published_time\" content=\"2017-01-18T10:35:11+00:00\" \/>\n<meta property=\"og:image\" content=\"https:\/\/pmza.sk\/wp-content\/uploads\/2017\/01\/ZSK_Centrom-Budatinskeho-parku-je-hrad-a-unikatna-barokova-kaplnka.jpg\" \/>\n\t<meta property=\"og:image:width\" content=\"1024\" \/>\n\t<meta property=\"og:image:height\" content=\"683\" \/>\n\t<meta property=\"og:image:type\" content=\"image\/jpeg\" \/>\n<meta name=\"author\" content=\"Pova\u017esk\u00e9 m\u00fazeum\" \/>\n<meta name=\"twitter:card\" content=\"summary_large_image\" \/>\n<meta name=\"twitter:label1\" content=\"Autor\" \/>\n\t<meta name=\"twitter:data1\" content=\"Pova\u017esk\u00e9 m\u00fazeum\" \/>\n\t<meta name=\"twitter:label2\" content=\"Predpokladan\u00fd \u010das \u010d\u00edtania\" \/>\n\t<meta name=\"twitter:data2\" content=\"2 min\u00faty\" \/>\n<script type=\"application\/ld+json\" class=\"yoast-schema-graph\">{\"@context\":\"https:\\\/\\\/schema.org\",\"@graph\":[{\"@type\":\"Article\",\"@id\":\"https:\\\/\\\/pmza.sk\\\/?p=19739#article\",\"isPartOf\":{\"@id\":\"https:\\\/\\\/pmza.sk\\\/?p=19739\"},\"author\":{\"name\":\"Pova\u017esk\u00e9 m\u00fazeum\",\"@id\":\"https:\\\/\\\/pmza.sk\\\/#\\\/schema\\\/person\\\/595e6a2ce731ea94dcd5d7f50a41ae33\"},\"headline\":\"Budat\u00ednsky park nav\u0161t\u00edvilo viac ako 70-tis\u00edc \u013eud\u00ed\",\"datePublished\":\"2017-01-18T10:35:11+00:00\",\"mainEntityOfPage\":{\"@id\":\"https:\\\/\\\/pmza.sk\\\/?p=19739\"},\"wordCount\":415,\"publisher\":{\"@id\":\"https:\\\/\\\/pmza.sk\\\/#organization\"},\"image\":{\"@id\":\"https:\\\/\\\/pmza.sk\\\/?p=19739#primaryimage\"},\"thumbnailUrl\":\"https:\\\/\\\/pmza.sk\\\/wp-content\\\/uploads\\\/2017\\\/01\\\/ZSK_Centrom-Budatinskeho-parku-je-hrad-a-unikatna-barokova-kaplnka.jpg\",\"articleSection\":[\"Aktuality\"],\"inLanguage\":\"sk-SK\"},{\"@type\":\"WebPage\",\"@id\":\"https:\\\/\\\/pmza.sk\\\/?p=19739\",\"url\":\"https:\\\/\\\/pmza.sk\\\/?p=19739\",\"name\":\"Budat\u00ednsky park nav\u0161t\u00edvilo viac ako 70-tis\u00edc \u013eud\u00ed - Pova\u017esk\u00e9 m\u00fazeum\",\"isPartOf\":{\"@id\":\"https:\\\/\\\/pmza.sk\\\/#website\"},\"primaryImageOfPage\":{\"@id\":\"https:\\\/\\\/pmza.sk\\\/?p=19739#primaryimage\"},\"image\":{\"@id\":\"https:\\\/\\\/pmza.sk\\\/?p=19739#primaryimage\"},\"thumbnailUrl\":\"https:\\\/\\\/pmza.sk\\\/wp-content\\\/uploads\\\/2017\\\/01\\\/ZSK_Centrom-Budatinskeho-parku-je-hrad-a-unikatna-barokova-kaplnka.jpg\",\"datePublished\":\"2017-01-18T10:35:11+00:00\",\"breadcrumb\":{\"@id\":\"https:\\\/\\\/pmza.sk\\\/?p=19739#breadcrumb\"},\"inLanguage\":\"sk-SK\",\"potentialAction\":[{\"@type\":\"ReadAction\",\"target\":[\"https:\\\/\\\/pmza.sk\\\/?p=19739\"]}]},{\"@type\":\"ImageObject\",\"inLanguage\":\"sk-SK\",\"@id\":\"https:\\\/\\\/pmza.sk\\\/?p=19739#primaryimage\",\"url\":\"https:\\\/\\\/pmza.sk\\\/wp-content\\\/uploads\\\/2017\\\/01\\\/ZSK_Centrom-Budatinskeho-parku-je-hrad-a-unikatna-barokova-kaplnka.jpg\",\"contentUrl\":\"https:\\\/\\\/pmza.sk\\\/wp-content\\\/uploads\\\/2017\\\/01\\\/ZSK_Centrom-Budatinskeho-parku-je-hrad-a-unikatna-barokova-kaplnka.jpg\",\"width\":1024,\"height\":683},{\"@type\":\"BreadcrumbList\",\"@id\":\"https:\\\/\\\/pmza.sk\\\/?p=19739#breadcrumb\",\"itemListElement\":[{\"@type\":\"ListItem\",\"position\":1,\"name\":\"Domovsk\u00e1 str\u00e1nka\",\"item\":\"https:\\\/\\\/pmza.sk\\\/\"},{\"@type\":\"ListItem\",\"position\":2,\"name\":\"Budat\u00ednsky park nav\u0161t\u00edvilo viac ako 70-tis\u00edc \u013eud\u00ed\"}]},{\"@type\":\"WebSite\",\"@id\":\"https:\\\/\\\/pmza.sk\\\/#website\",\"url\":\"https:\\\/\\\/pmza.sk\\\/\",\"name\":\"Pova\u017esk\u00e9 m\u00fazeum\",\"description\":\"Pova\u017esk\u00e9 m\u00fazeum v \u017diline je region\u00e1lne m\u00fazeum so s\u00eddlom v Budat\u00edne. Jeho expoz\u00edcie s\u00fa zameran\u00e9 na dejiny slovensk\u00e9ho umenia, kult\u00fary a dopravy.\",\"publisher\":{\"@id\":\"https:\\\/\\\/pmza.sk\\\/#organization\"},\"potentialAction\":[{\"@type\":\"SearchAction\",\"target\":{\"@type\":\"EntryPoint\",\"urlTemplate\":\"https:\\\/\\\/pmza.sk\\\/?s={search_term_string}\"},\"query-input\":{\"@type\":\"PropertyValueSpecification\",\"valueRequired\":true,\"valueName\":\"search_term_string\"}}],\"inLanguage\":\"sk-SK\"},{\"@type\":\"Organization\",\"@id\":\"https:\\\/\\\/pmza.sk\\\/#organization\",\"name\":\"Pova\u017esk\u00e9 m\u00fazeum\",\"url\":\"https:\\\/\\\/pmza.sk\\\/\",\"logo\":{\"@type\":\"ImageObject\",\"inLanguage\":\"sk-SK\",\"@id\":\"https:\\\/\\\/pmza.sk\\\/#\\\/schema\\\/logo\\\/image\\\/\",\"url\":\"https:\\\/\\\/pmza.sk\\\/wp-content\\\/uploads\\\/2022\\\/01\\\/logo_PM_horizontal.jpg\",\"contentUrl\":\"https:\\\/\\\/pmza.sk\\\/wp-content\\\/uploads\\\/2022\\\/01\\\/logo_PM_horizontal.jpg\",\"width\":231,\"height\":142,\"caption\":\"Pova\u017esk\u00e9 m\u00fazeum\"},\"image\":{\"@id\":\"https:\\\/\\\/pmza.sk\\\/#\\\/schema\\\/logo\\\/image\\\/\"},\"sameAs\":[\"https:\\\/\\\/www.facebook.com\\\/povazskemuzeum\",\"https:\\\/\\\/www.instagram.com\\\/povazskemuzeum\\\/\"]},{\"@type\":\"Person\",\"@id\":\"https:\\\/\\\/pmza.sk\\\/#\\\/schema\\\/person\\\/595e6a2ce731ea94dcd5d7f50a41ae33\",\"name\":\"Pova\u017esk\u00e9 m\u00fazeum\",\"image\":{\"@type\":\"ImageObject\",\"inLanguage\":\"sk-SK\",\"@id\":\"https:\\\/\\\/secure.gravatar.com\\\/avatar\\\/2bb7f1561282132fb5826dfeccc66c7996d11ee392ac6aaf7ced8a1c2027fbb2?s=96&d=mm&r=g\",\"url\":\"https:\\\/\\\/secure.gravatar.com\\\/avatar\\\/2bb7f1561282132fb5826dfeccc66c7996d11ee392ac6aaf7ced8a1c2027fbb2?s=96&d=mm&r=g\",\"contentUrl\":\"https:\\\/\\\/secure.gravatar.com\\\/avatar\\\/2bb7f1561282132fb5826dfeccc66c7996d11ee392ac6aaf7ced8a1c2027fbb2?s=96&d=mm&r=g\",\"caption\":\"Pova\u017esk\u00e9 m\u00fazeum\"}}]}<\/script>\n<!-- \/ Yoast SEO plugin. -->","yoast_head_json":{"title":"Budat\u00ednsky park nav\u0161t\u00edvilo viac ako 70-tis\u00edc \u013eud\u00ed - Pova\u017esk\u00e9 m\u00fazeum","robots":{"index":"index","follow":"follow","max-snippet":"max-snippet:-1","max-image-preview":"max-image-preview:large","max-video-preview":"max-video-preview:-1"},"canonical":"https:\/\/pmza.sk\/?p=19739","og_locale":"sk_SK","og_type":"article","og_title":"Budat\u00ednsky park nav\u0161t\u00edvilo viac ako 70-tis\u00edc \u013eud\u00ed - Pova\u017esk\u00e9 m\u00fazeum","og_description":"\u017dilinsk\u00fd samospr\u00e1vny kraj nain\u0161taloval koncom augusta minul\u00e9ho roka v\u00a0pri\u013eahlom parku n\u00e1rodnej kult\u00farnej pamiatky Budat\u00ednskeho hradu s\u010d\u00edta\u010de meraj\u00face pohyb chodcov. Po\u010das \u0161tyroch mesiacov pre\u0161lo are\u00e1lom Budat\u00ednskeho parku a\u017e 73 360 n\u00e1v\u0161tevn\u00edkov. \u201eJe to \u00fa\u017easn\u00e9 \u010d\u00edslo, ktor\u00e9 jasne hovor\u00ed o\u00a0tom, \u017ee revitaliz\u00e1cia v\u00a0roku 2009 bola tou najlep\u0161ou invest\u00edciou. Obyvatelia\u00a0Budat\u00edna, \u017diliny, ale i\u00a0okolit\u00fdch obc\u00ed a\u00a0miest vyu\u017e\u00edvaj\u00fa tento priestor [&hellip;]","og_url":"https:\/\/pmza.sk\/?p=19739","og_site_name":"Pova\u017esk\u00e9 m\u00fazeum","article_publisher":"https:\/\/www.facebook.com\/povazskemuzeum","article_published_time":"2017-01-18T10:35:11+00:00","og_image":[{"width":1024,"height":683,"url":"https:\/\/pmza.sk\/wp-content\/uploads\/2017\/01\/ZSK_Centrom-Budatinskeho-parku-je-hrad-a-unikatna-barokova-kaplnka.jpg","type":"image\/jpeg"}],"author":"Pova\u017esk\u00e9 m\u00fazeum","twitter_card":"summary_large_image","twitter_misc":{"Autor":"Pova\u017esk\u00e9 m\u00fazeum","Predpokladan\u00fd \u010das \u010d\u00edtania":"2 min\u00faty"},"schema":{"@context":"https:\/\/schema.org","@graph":[{"@type":"Article","@id":"https:\/\/pmza.sk\/?p=19739#article","isPartOf":{"@id":"https:\/\/pmza.sk\/?p=19739"},"author":{"name":"Pova\u017esk\u00e9 m\u00fazeum","@id":"https:\/\/pmza.sk\/#\/schema\/person\/595e6a2ce731ea94dcd5d7f50a41ae33"},"headline":"Budat\u00ednsky park nav\u0161t\u00edvilo viac ako 70-tis\u00edc \u013eud\u00ed","datePublished":"2017-01-18T10:35:11+00:00","mainEntityOfPage":{"@id":"https:\/\/pmza.sk\/?p=19739"},"wordCount":415,"publisher":{"@id":"https:\/\/pmza.sk\/#organization"},"image":{"@id":"https:\/\/pmza.sk\/?p=19739#primaryimage"},"thumbnailUrl":"https:\/\/pmza.sk\/wp-content\/uploads\/2017\/01\/ZSK_Centrom-Budatinskeho-parku-je-hrad-a-unikatna-barokova-kaplnka.jpg","articleSection":["Aktuality"],"inLanguage":"sk-SK"},{"@type":"WebPage","@id":"https:\/\/pmza.sk\/?p=19739","url":"https:\/\/pmza.sk\/?p=19739","name":"Budat\u00ednsky park nav\u0161t\u00edvilo viac ako 70-tis\u00edc \u013eud\u00ed - Pova\u017esk\u00e9 m\u00fazeum","isPartOf":{"@id":"https:\/\/pmza.sk\/#website"},"primaryImageOfPage":{"@id":"https:\/\/pmza.sk\/?p=19739#primaryimage"},"image":{"@id":"https:\/\/pmza.sk\/?p=19739#primaryimage"},"thumbnailUrl":"https:\/\/pmza.sk\/wp-content\/uploads\/2017\/01\/ZSK_Centrom-Budatinskeho-parku-je-hrad-a-unikatna-barokova-kaplnka.jpg","datePublished":"2017-01-18T10:35:11+00:00","breadcrumb":{"@id":"https:\/\/pmza.sk\/?p=19739#breadcrumb"},"inLanguage":"sk-SK","potentialAction":[{"@type":"ReadAction","target":["https:\/\/pmza.sk\/?p=19739"]}]},{"@type":"ImageObject","inLanguage":"sk-SK","@id":"https:\/\/pmza.sk\/?p=19739#primaryimage","url":"https:\/\/pmza.sk\/wp-content\/uploads\/2017\/01\/ZSK_Centrom-Budatinskeho-parku-je-hrad-a-unikatna-barokova-kaplnka.jpg","contentUrl":"https:\/\/pmza.sk\/wp-content\/uploads\/2017\/01\/ZSK_Centrom-Budatinskeho-parku-je-hrad-a-unikatna-barokova-kaplnka.jpg","width":1024,"height":683},{"@type":"BreadcrumbList","@id":"https:\/\/pmza.sk\/?p=19739#breadcrumb","itemListElement":[{"@type":"ListItem","position":1,"name":"Domovsk\u00e1 str\u00e1nka","item":"https:\/\/pmza.sk\/"},{"@type":"ListItem","position":2,"name":"Budat\u00ednsky park nav\u0161t\u00edvilo viac ako 70-tis\u00edc \u013eud\u00ed"}]},{"@type":"WebSite","@id":"https:\/\/pmza.sk\/#website","url":"https:\/\/pmza.sk\/","name":"Pova\u017esk\u00e9 m\u00fazeum","description":"Pova\u017esk\u00e9 m\u00fazeum v \u017diline je region\u00e1lne m\u00fazeum so s\u00eddlom v Budat\u00edne. Jeho expoz\u00edcie s\u00fa zameran\u00e9 na dejiny slovensk\u00e9ho umenia, kult\u00fary a dopravy.","publisher":{"@id":"https:\/\/pmza.sk\/#organization"},"potentialAction":[{"@type":"SearchAction","target":{"@type":"EntryPoint","urlTemplate":"https:\/\/pmza.sk\/?s={search_term_string}"},"query-input":{"@type":"PropertyValueSpecification","valueRequired":true,"valueName":"search_term_string"}}],"inLanguage":"sk-SK"},{"@type":"Organization","@id":"https:\/\/pmza.sk\/#organization","name":"Pova\u017esk\u00e9 m\u00fazeum","url":"https:\/\/pmza.sk\/","logo":{"@type":"ImageObject","inLanguage":"sk-SK","@id":"https:\/\/pmza.sk\/#\/schema\/logo\/image\/","url":"https:\/\/pmza.sk\/wp-content\/uploads\/2022\/01\/logo_PM_horizontal.jpg","contentUrl":"https:\/\/pmza.sk\/wp-content\/uploads\/2022\/01\/logo_PM_horizontal.jpg","width":231,"height":142,"caption":"Pova\u017esk\u00e9 m\u00fazeum"},"image":{"@id":"https:\/\/pmza.sk\/#\/schema\/logo\/image\/"},"sameAs":["https:\/\/www.facebook.com\/povazskemuzeum","https:\/\/www.instagram.com\/povazskemuzeum\/"]},{"@type":"Person","@id":"https:\/\/pmza.sk\/#\/schema\/person\/595e6a2ce731ea94dcd5d7f50a41ae33","name":"Pova\u017esk\u00e9 m\u00fazeum","image":{"@type":"ImageObject","inLanguage":"sk-SK","@id":"https:\/\/secure.gravatar.com\/avatar\/2bb7f1561282132fb5826dfeccc66c7996d11ee392ac6aaf7ced8a1c2027fbb2?s=96&d=mm&r=g","url":"https:\/\/secure.gravatar.com\/avatar\/2bb7f1561282132fb5826dfeccc66c7996d11ee392ac6aaf7ced8a1c2027fbb2?s=96&d=mm&r=g","contentUrl":"https:\/\/secure.gravatar.com\/avatar\/2bb7f1561282132fb5826dfeccc66c7996d11ee392ac6aaf7ced8a1c2027fbb2?s=96&d=mm&r=g","caption":"Pova\u017esk\u00e9 m\u00fazeum"}}]}},"_links":{"self":[{"href":"https:\/\/pmza.sk\/index.php?rest_route=\/wp\/v2\/posts\/19739","targetHints":{"allow":["GET"]}}],"collection":[{"href":"https:\/\/pmza.sk\/index.php?rest_route=\/wp\/v2\/posts"}],"about":[{"href":"https:\/\/pmza.sk\/index.php?rest_route=\/wp\/v2\/types\/post"}],"author":[{"embeddable":true,"href":"https:\/\/pmza.sk\/index.php?rest_route=\/wp\/v2\/users\/2"}],"replies":[{"embeddable":true,"href":"https:\/\/pmza.sk\/index.php?rest_route=%2Fwp%2Fv2%2Fcomments&post=19739"}],"version-history":[{"count":0,"href":"https:\/\/pmza.sk\/index.php?rest_route=\/wp\/v2\/posts\/19739\/revisions"}],"wp:featuredmedia":[{"embeddable":true,"href":"https:\/\/pmza.sk\/index.php?rest_route=\/wp\/v2\/media\/19742"}],"wp:attachment":[{"href":"https:\/\/pmza.sk\/index.php?rest_route=%2Fwp%2Fv2%2Fmedia&parent=19739"}],"wp:term":[{"taxonomy":"category","embeddable":true,"href":"https:\/\/pmza.sk\/index.php?rest_route=%2Fwp%2Fv2%2Fcategories&post=19739"},{"taxonomy":"post_tag","embeddable":true,"href":"https:\/\/pmza.sk\/index.php?rest_route=%2Fwp%2Fv2%2Ftags&post=19739"}],"curies":[{"name":"wp","href":"https:\/\/api.w.org\/{rel}","templated":true}]}}