{"id":19797,"date":"2017-01-25T12:58:09","date_gmt":"2017-01-25T11:58:09","guid":{"rendered":"https:\/\/pmza.sk.sk\/?p=19797"},"modified":"2017-01-25T12:58:09","modified_gmt":"2017-01-25T11:58:09","slug":"rekordny-rok-2016-zilinska-zupa-pokorila-kulturny-milion","status":"publish","type":"post","link":"https:\/\/pmza.sk\/?p=19797","title":{"rendered":"Rekordn\u00fd rok 2016 &#8211; \u017dilinsk\u00e1 \u017eupa pokorila kult\u00farny mili\u00f3n"},"content":{"rendered":"<p>Hrady, m\u00faze\u00e1, pr\u00edrodn\u00e9 expoz\u00edcie, gal\u00e9rie \u010di kni\u017enice v\u00a0p\u00f4sobnosti \u017dilinsk\u00e9ho samospr\u00e1vneho kraja pril\u00e1kali v\u00a0minulom roku rekordn\u00fdch 1,7 mil. n\u00e1v\u0161tevn\u00edkov.<\/p>\n<figure id=\"attachment_19801\" aria-describedby=\"caption-attachment-19801\" style=\"width: 144px\" class=\"wp-caption alignright\"><a href=\"https:\/\/pmza.sk\/wp-content\/uploads\/2017\/01\/ZSK_Muzeum-liptovskej-dediny-v-Pribyline-zoznami-navstevnikov-s-tradicnymi-slovenskymi-remeslami.jpg\"><img decoding=\"async\" class=\"wp-image-19801\" title=\"M\u00fazeum liptovskej dediny v Pribyline zozn\u00e1mi n\u00e1v\u0161tevn\u00edkov s tradi\u010dn\u00fdmi slovensk\u00fdmi remeslami\" src=\"https:\/\/pmza.sk.sk\/wp-content\/uploads\/2017\/01\/\u017dSK_M\u00fazeum-liptovskej-dediny-v-Pribyline-zozn\u00e1mi-n\u00e1v\u0161tevn\u00edkov-s-tradi\u010dn\u00fdmi-slovensk\u00fdmi-remeslami-150x113.jpg\" alt=\"M\u00fazeum liptovskej dediny v Pribyline zozn\u00e1mi n\u00e1v\u0161tevn\u00edkov s tradi\u010dn\u00fdmi slovensk\u00fdmi remeslami\" width=\"144\" height=\"108\" \/><\/a><figcaption id=\"caption-attachment-19801\" class=\"wp-caption-text\">M\u00fazeum liptovskej dediny v Pribyline zozn\u00e1mi n\u00e1v\u0161tevn\u00edkov s tradi\u010dn\u00fdmi slovensk\u00fdmi remeslami<\/figcaption><\/figure>\n<p>Informoval o\u00a0tom \u017eilinsk\u00fd \u017eupan Juraj Blan\u00e1r s\u00a0t\u00fdm, \u017ee \u017dSK m\u00e1 v\u00a0p\u00f4sobnosti 22 kult\u00farnych organiz\u00e1ci\u00ed, o\u00a0ktor\u00e9 sa kraj star\u00e1 vo v\u0161etk\u00fdch \u017eupn\u00fdch regi\u00f3noch. \u201eMinul\u00fd rok sme si po\u010das letnej sez\u00f3ny dali za cie\u013e prekro\u010di\u0165 hranicu mili\u00f3n n\u00e1v\u0161tevn\u00edkov a\u00a0po vyhodnoten\u00ed m\u00f4\u017eeme kon\u0161tatova\u0165, \u017ee toto \u010d\u00edslo sme takmer zdvojn\u00e1sobili,\u201c uviedol predseda \u017dSK. Pod\u013ea jeho slov je \u017dilinsk\u00e1 \u017eupa hne\u010f po hlavnom meste Slovenska druh\u00fdm najnav\u0161tevovanej\u0161\u00edm krajom. \u201ePon\u00fakame tradi\u010dn\u00e9 kult\u00farne pamiatky i\u00a0unik\u00e1tne miesta pln\u00e9 z\u00e1\u017eitkov pre v\u0161etky vekov\u00e9 kateg\u00f3rie. V\u00a0ka\u017edom regi\u00f3ne si nad\u0161enci n\u00e1jdu to svoje, a\u00a0preto ka\u017edoro\u010dne do tejto oblasti investujeme mili\u00f3ny eur a\u00a0vytv\u00e1rame nov\u00e9 mo\u017enosti pre kult\u00farny turizmus,\u201c doplnil.<\/p>\n<figure id=\"attachment_19800\" aria-describedby=\"caption-attachment-19800\" style=\"width: 100px\" class=\"wp-caption alignleft\"><a href=\"https:\/\/pmza.sk\/wp-content\/uploads\/2017\/01\/ZSK_Unikatna-uzkorozchodna-zeleznicna-drezina-spaja-Kysuce-s-Oravou.jpg\"><img decoding=\"async\" class=\"wp-image-19800 size-thumbnail\" src=\"https:\/\/pmza.sk.sk\/wp-content\/uploads\/2017\/01\/\u017dSK_Unik\u00e1tna-\u00fazkorozchodn\u00e1-\u017eelezni\u010dn\u00e1-drezina-sp\u00e1ja-Kysuce-s-Oravou-100x150.jpg\" width=\"100\" height=\"150\" \/><\/a><figcaption id=\"caption-attachment-19800\" class=\"wp-caption-text\">Unik\u00e1tna \u00fazkorozchodn\u00e1 \u017eelezni\u010dn\u00e1 drezina sp\u00e1ja Kysuce s Oravou<\/figcaption><\/figure>\n<p>\u017dSK v\u00a0tohtoro\u010dnom \u017eupnom rozpo\u010dte prerozdelil do kult\u00fary 7,7 mil. eur a obnova \u010dak\u00e1 viacero hradov, m\u00faze\u00ed \u010di gal\u00e9ri\u00ed. \u201eV \u017dilinskom kraji si v\u00a0roku 2016 prvenstvo ob\u013e\u00fabenosti udr\u017eal Oravsk\u00fd hrad s\u00a0jedine\u010dn\u00fdmi expoz\u00edciami pohrebn\u00fdch text\u00edli\u00ed rodiny Turzovcov, nasledoval novootvoren\u00fd Budat\u00ednsky hrad s\u00a0pri\u013eahl\u00fdm parkom i\u00a0zrekon\u0161truovanou barokovou kaplnkou a\u00a0\u010fal\u0161\u00ed klenot Horn\u00e9ho Pova\u017eia, hrad Stre\u010dno, so stredovekou dedinou Paseka. Ve\u013ek\u00fd \u00faspech maj\u00fa ka\u017edoro\u010dne tie\u017e na\u0161e\u00a0pr\u00edrodn\u00e9 expoz\u00edcie, ktor\u00e9 priemerne nav\u0161t\u00edvi takmer 50-tis\u00edc turistov,\u201c pribl\u00ed\u017eila riadite\u013eka odboru kult\u00fary Miroslava \u0160ev\u010d\u00edkov\u00e1-\u0160umsk\u00e1.\u00a0Vyh\u013ead\u00e1van\u00e9 je najm\u00e4 M\u00fazeum liptovskej dediny v\u00a0Pribyline, M\u00fazeum kysuckej dediny vo Vychylovke \u010di Historick\u00e1 lesn\u00e1 \u00favra\u0165ov\u00e1 \u017eeleznica sp\u00e1jaj\u00faca z\u00a0oboch str\u00e1n Kysuce i\u00a0Oravu.<\/p>\n<figure id=\"attachment_19802\" aria-describedby=\"caption-attachment-19802\" style=\"width: 149px\" class=\"wp-caption alignright\"><a href=\"https:\/\/pmza.sk\/wp-content\/uploads\/2017\/01\/ZSK_Slanicky-ostrov-umenia-zaujme-kazdorocne-i-vyletnou-plavbou-na-lodi.jpg\"><img decoding=\"async\" class=\"wp-image-19802 \" src=\"https:\/\/pmza.sk.sk\/wp-content\/uploads\/2017\/01\/\u017dSK_Slanick\u00fd-ostrov-umenia-zaujme-ka\u017edoro\u010dne-i-v\u00fdletnou-plavbou-na-lodi-150x113.jpg\" width=\"149\" height=\"112\" \/><\/a><figcaption id=\"caption-attachment-19802\" class=\"wp-caption-text\">Slanick\u00fd ostrov umenia zaujme ka\u017edoro\u010dne i v\u00fdletnou plavbou na lodi<\/figcaption><\/figure>\n<p>Najnav\u0161tevovanej\u0161ou gal\u00e9riou v\u00a0\u017dSK sa v minulom roku stala Oravsk\u00e1 gal\u00e9ria v\u00a0Dolnom Kub\u00edne, z\u00e1rove\u0148 dr\u017eite\u013eka ocenenia Gal\u00e9ria roka 2015. \u201eJej najv\u00e4\u010d\u0161\u00edm l\u00e1kadlom je, samozrejme, expoz\u00edcia na Slanickom ostrove umenia nach\u00e1dzaj\u00facom sa uprostred Oravskej priehrady. Umeleck\u00fd z\u00e1\u017eitok v\u0161ak pon\u00fakaj\u00fa aj na\u0161e gal\u00e9rie v\u00a0\u017diline, Liptovskom Mikul\u00e1\u0161i, Martine a\u00a0O\u0161\u010dadnici, spolu s\u00a0Oravskou gal\u00e9riou si ich priestory pri\u0161lo pozrie\u0165 viac ako 163-tis\u00edc milovn\u00edkov umenia,\u201c informovala M. \u0160ev\u010d\u00edkov\u00e1-\u0160umsk\u00e1.<\/p>\n<figure id=\"attachment_19803\" aria-describedby=\"caption-attachment-19803\" style=\"width: 150px\" class=\"wp-caption alignleft\"><a href=\"https:\/\/pmza.sk\/wp-content\/uploads\/2017\/01\/ZSK_Zname-Slovenske-komorne-divadlo-sidli-v-Narodnom-dome-v-Martine-popularitu-si-udrzalo-aj-v-roku-2016.jpg\"><img loading=\"lazy\" decoding=\"async\" class=\"wp-image-19803 size-thumbnail\" src=\"https:\/\/pmza.sk.sk\/wp-content\/uploads\/2017\/01\/\u017dSK_Zn\u00e1me-Slovensk\u00e9-komorn\u00e9-divadlo-s\u00eddli-v-N\u00e1rodnom-dome-v-Martine-popularitu-si-udr\u017ealo-aj-v-roku-2016-150x96.jpg\" width=\"150\" height=\"96\" \/><\/a><figcaption id=\"caption-attachment-19803\" class=\"wp-caption-text\">Zn\u00e1me Slovensk\u00e9 komorn\u00e9 divadlo s\u00eddli v N\u00e1rodnom dome v Martine, popularitu si udr\u017ealo aj v roku 2016<\/figcaption><\/figure>\n<p>V\u00a0p\u00f4sobnosti \u017eupy s\u00fa taktie\u017e kni\u017enice, zn\u00e1me Slovensk\u00e9 komorn\u00e9 divadlo v\u00a0Martine, prv\u00e9 profesion\u00e1lne b\u00e1bkov\u00e9 divadlo na Slovensku nach\u00e1dzaj\u00face sa v\u00a0\u017diline \u010di krajsk\u00e1 hvezd\u00e1re\u0148. \u201eProstredn\u00edctvom na\u0161ich in\u0161tit\u00faci\u00ed rozv\u00edjame a\u00a0podporujeme kult\u00faru v\u00a0\u017eupn\u00fdch regi\u00f3noch. Nejde v\u0161ak iba o\u00a0pril\u00e1kanie zahrani\u010dn\u00fdch turistov, ale predov\u0161etk\u00fdm o\u00a0udr\u017eiavanie a\u00a0\u0161\u00edrenie trad\u00edci\u00ed medzi na\u0161imi obyvate\u013emi. V\u00a0\u017dilinskom kraji m\u00e1me \u00fa\u017easn\u00e9 dedi\u010dstvo, ktor\u00e9 n\u00e1m tu zanechali predkovia,\u00a0mali by sme ho preto chr\u00e1ni\u0165 a\u00a0uchov\u00e1va\u0165 pre \u010fal\u0161ie gener\u00e1cie,\u201c uzavrel J. Blan\u00e1r.<\/p>\n<p style=\"text-align: right;\"><strong>Lenka Z\u00e1tekov\u00e1<br \/>hovorky\u0148a \u017dSK<\/strong><\/p>\n<p style=\"text-align: right;\"><strong>\u00a0<\/strong><\/p>\n","protected":false},"excerpt":{"rendered":"<p>Hrady, m\u00faze\u00e1, pr\u00edrodn\u00e9 expoz\u00edcie, gal\u00e9rie \u010di kni\u017enice v\u00a0p\u00f4sobnosti \u017dilinsk\u00e9ho samospr\u00e1vneho kraja pril\u00e1kali v\u00a0minulom roku rekordn\u00fdch 1,7 mil. n\u00e1v\u0161tevn\u00edkov. Informoval o\u00a0tom \u017eilinsk\u00fd \u017eupan Juraj Blan\u00e1r s\u00a0t\u00fdm, \u017ee \u017dSK m\u00e1 v\u00a0p\u00f4sobnosti 22 kult\u00farnych organiz\u00e1ci\u00ed, o\u00a0ktor\u00e9 sa kraj star\u00e1 vo v\u0161etk\u00fdch \u017eupn\u00fdch regi\u00f3noch. \u201eMinul\u00fd rok sme si po\u010das letnej sez\u00f3ny dali za cie\u013e prekro\u010di\u0165 hranicu mili\u00f3n n\u00e1v\u0161tevn\u00edkov a\u00a0po [&hellip;]<\/p>\n","protected":false},"author":2,"featured_media":19799,"comment_status":"closed","ping_status":"closed","sticky":false,"template":"","format":"standard","meta":{"site-sidebar-layout":"default","site-content-layout":"","ast-site-content-layout":"","site-content-style":"default","site-sidebar-style":"default","ast-global-header-display":"","ast-banner-title-visibility":"","ast-main-header-display":"","ast-hfb-above-header-display":"","ast-hfb-below-header-display":"","ast-hfb-mobile-header-display":"","site-post-title":"","ast-breadcrumbs-content":"","ast-featured-img":"","footer-sml-layout":"","theme-transparent-header-meta":"","adv-header-id-meta":"","stick-header-meta":"","header-above-stick-meta":"","header-main-stick-meta":"","header-below-stick-meta":"","astra-migrate-meta-layouts":"default","ast-page-background-enabled":"default","ast-page-background-meta":{"desktop":{"background-color":"var(--ast-global-color-4)","background-image":"","background-repeat":"repeat","background-position":"center center","background-size":"auto","background-attachment":"scroll","background-type":"","background-media":"","overlay-type":"","overlay-color":"","overlay-opacity":"","overlay-gradient":""},"tablet":{"background-color":"","background-image":"","background-repeat":"repeat","background-position":"center center","background-size":"auto","background-attachment":"scroll","background-type":"","background-media":"","overlay-type":"","overlay-color":"","overlay-opacity":"","overlay-gradient":""},"mobile":{"background-color":"","background-image":"","background-repeat":"repeat","background-position":"center center","background-size":"auto","background-attachment":"scroll","background-type":"","background-media":"","overlay-type":"","overlay-color":"","overlay-opacity":"","overlay-gradient":""}},"ast-content-background-meta":{"desktop":{"background-color":"var(--ast-global-color-5)","background-image":"","background-repeat":"repeat","background-position":"center center","background-size":"auto","background-attachment":"scroll","background-type":"","background-media":"","overlay-type":"","overlay-color":"","overlay-opacity":"","overlay-gradient":""},"tablet":{"background-color":"var(--ast-global-color-5)","background-image":"","background-repeat":"repeat","background-position":"center center","background-size":"auto","background-attachment":"scroll","background-type":"","background-media":"","overlay-type":"","overlay-color":"","overlay-opacity":"","overlay-gradient":""},"mobile":{"background-color":"var(--ast-global-color-5)","background-image":"","background-repeat":"repeat","background-position":"center center","background-size":"auto","background-attachment":"scroll","background-type":"","background-media":"","overlay-type":"","overlay-color":"","overlay-opacity":"","overlay-gradient":""}},"footnotes":""},"categories":[31],"tags":[],"class_list":["post-19797","post","type-post","status-publish","format-standard","has-post-thumbnail","hentry","category-aktuality"],"yoast_head":"<!-- This site is optimized with the Yoast SEO plugin v27.4 - https:\/\/yoast.com\/product\/yoast-seo-wordpress\/ -->\n<title>Rekordn\u00fd rok 2016 - \u017dilinsk\u00e1 \u017eupa pokorila kult\u00farny mili\u00f3n - Pova\u017esk\u00e9 m\u00fazeum<\/title>\n<meta name=\"robots\" content=\"index, follow, max-snippet:-1, max-image-preview:large, max-video-preview:-1\" \/>\n<link rel=\"canonical\" href=\"https:\/\/pmza.sk\/?p=19797\" \/>\n<meta property=\"og:locale\" content=\"sk_SK\" \/>\n<meta property=\"og:type\" content=\"article\" \/>\n<meta property=\"og:title\" content=\"Rekordn\u00fd rok 2016 - \u017dilinsk\u00e1 \u017eupa pokorila kult\u00farny mili\u00f3n - Pova\u017esk\u00e9 m\u00fazeum\" \/>\n<meta property=\"og:description\" content=\"Hrady, m\u00faze\u00e1, pr\u00edrodn\u00e9 expoz\u00edcie, gal\u00e9rie \u010di kni\u017enice v\u00a0p\u00f4sobnosti \u017dilinsk\u00e9ho samospr\u00e1vneho kraja pril\u00e1kali v\u00a0minulom roku rekordn\u00fdch 1,7 mil. n\u00e1v\u0161tevn\u00edkov. Informoval o\u00a0tom \u017eilinsk\u00fd \u017eupan Juraj Blan\u00e1r s\u00a0t\u00fdm, \u017ee \u017dSK m\u00e1 v\u00a0p\u00f4sobnosti 22 kult\u00farnych organiz\u00e1ci\u00ed, o\u00a0ktor\u00e9 sa kraj star\u00e1 vo v\u0161etk\u00fdch \u017eupn\u00fdch regi\u00f3noch. \u201eMinul\u00fd rok sme si po\u010das letnej sez\u00f3ny dali za cie\u013e prekro\u010di\u0165 hranicu mili\u00f3n n\u00e1v\u0161tevn\u00edkov a\u00a0po [&hellip;]\" \/>\n<meta property=\"og:url\" content=\"https:\/\/pmza.sk\/?p=19797\" \/>\n<meta property=\"og:site_name\" content=\"Pova\u017esk\u00e9 m\u00fazeum\" \/>\n<meta property=\"article:publisher\" content=\"https:\/\/www.facebook.com\/povazskemuzeum\" \/>\n<meta property=\"article:published_time\" content=\"2017-01-25T11:58:09+00:00\" \/>\n<meta property=\"og:image\" content=\"https:\/\/pmza.sk\/wp-content\/uploads\/2017\/01\/ZSK_Novootvoreny-Budatinsky-hrad-laka-tisicky-navstevnikov.jpg\" \/>\n\t<meta property=\"og:image:width\" content=\"1024\" \/>\n\t<meta property=\"og:image:height\" content=\"683\" \/>\n\t<meta property=\"og:image:type\" content=\"image\/jpeg\" \/>\n<meta name=\"author\" content=\"Pova\u017esk\u00e9 m\u00fazeum\" \/>\n<meta name=\"twitter:card\" content=\"summary_large_image\" \/>\n<meta name=\"twitter:label1\" content=\"Autor\" \/>\n\t<meta name=\"twitter:data1\" content=\"Pova\u017esk\u00e9 m\u00fazeum\" \/>\n\t<meta name=\"twitter:label2\" content=\"Predpokladan\u00fd \u010das \u010d\u00edtania\" \/>\n\t<meta name=\"twitter:data2\" content=\"3 min\u00faty\" \/>\n<script type=\"application\/ld+json\" class=\"yoast-schema-graph\">{\"@context\":\"https:\\\/\\\/schema.org\",\"@graph\":[{\"@type\":\"Article\",\"@id\":\"https:\\\/\\\/pmza.sk\\\/?p=19797#article\",\"isPartOf\":{\"@id\":\"https:\\\/\\\/pmza.sk\\\/?p=19797\"},\"author\":{\"name\":\"Pova\u017esk\u00e9 m\u00fazeum\",\"@id\":\"https:\\\/\\\/pmza.sk\\\/#\\\/schema\\\/person\\\/595e6a2ce731ea94dcd5d7f50a41ae33\"},\"headline\":\"Rekordn\u00fd rok 2016 &#8211; \u017dilinsk\u00e1 \u017eupa pokorila kult\u00farny mili\u00f3n\",\"datePublished\":\"2017-01-25T11:58:09+00:00\",\"mainEntityOfPage\":{\"@id\":\"https:\\\/\\\/pmza.sk\\\/?p=19797\"},\"wordCount\":633,\"publisher\":{\"@id\":\"https:\\\/\\\/pmza.sk\\\/#organization\"},\"image\":{\"@id\":\"https:\\\/\\\/pmza.sk\\\/?p=19797#primaryimage\"},\"thumbnailUrl\":\"https:\\\/\\\/pmza.sk\\\/wp-content\\\/uploads\\\/2017\\\/01\\\/ZSK_Novootvoreny-Budatinsky-hrad-laka-tisicky-navstevnikov.jpg\",\"articleSection\":[\"Aktuality\"],\"inLanguage\":\"sk-SK\"},{\"@type\":\"WebPage\",\"@id\":\"https:\\\/\\\/pmza.sk\\\/?p=19797\",\"url\":\"https:\\\/\\\/pmza.sk\\\/?p=19797\",\"name\":\"Rekordn\u00fd rok 2016 - \u017dilinsk\u00e1 \u017eupa pokorila kult\u00farny mili\u00f3n - Pova\u017esk\u00e9 m\u00fazeum\",\"isPartOf\":{\"@id\":\"https:\\\/\\\/pmza.sk\\\/#website\"},\"primaryImageOfPage\":{\"@id\":\"https:\\\/\\\/pmza.sk\\\/?p=19797#primaryimage\"},\"image\":{\"@id\":\"https:\\\/\\\/pmza.sk\\\/?p=19797#primaryimage\"},\"thumbnailUrl\":\"https:\\\/\\\/pmza.sk\\\/wp-content\\\/uploads\\\/2017\\\/01\\\/ZSK_Novootvoreny-Budatinsky-hrad-laka-tisicky-navstevnikov.jpg\",\"datePublished\":\"2017-01-25T11:58:09+00:00\",\"breadcrumb\":{\"@id\":\"https:\\\/\\\/pmza.sk\\\/?p=19797#breadcrumb\"},\"inLanguage\":\"sk-SK\",\"potentialAction\":[{\"@type\":\"ReadAction\",\"target\":[\"https:\\\/\\\/pmza.sk\\\/?p=19797\"]}]},{\"@type\":\"ImageObject\",\"inLanguage\":\"sk-SK\",\"@id\":\"https:\\\/\\\/pmza.sk\\\/?p=19797#primaryimage\",\"url\":\"https:\\\/\\\/pmza.sk\\\/wp-content\\\/uploads\\\/2017\\\/01\\\/ZSK_Novootvoreny-Budatinsky-hrad-laka-tisicky-navstevnikov.jpg\",\"contentUrl\":\"https:\\\/\\\/pmza.sk\\\/wp-content\\\/uploads\\\/2017\\\/01\\\/ZSK_Novootvoreny-Budatinsky-hrad-laka-tisicky-navstevnikov.jpg\",\"width\":1024,\"height\":683},{\"@type\":\"BreadcrumbList\",\"@id\":\"https:\\\/\\\/pmza.sk\\\/?p=19797#breadcrumb\",\"itemListElement\":[{\"@type\":\"ListItem\",\"position\":1,\"name\":\"Domovsk\u00e1 str\u00e1nka\",\"item\":\"https:\\\/\\\/pmza.sk\\\/\"},{\"@type\":\"ListItem\",\"position\":2,\"name\":\"Rekordn\u00fd rok 2016 &#8211; \u017dilinsk\u00e1 \u017eupa pokorila kult\u00farny mili\u00f3n\"}]},{\"@type\":\"WebSite\",\"@id\":\"https:\\\/\\\/pmza.sk\\\/#website\",\"url\":\"https:\\\/\\\/pmza.sk\\\/\",\"name\":\"Pova\u017esk\u00e9 m\u00fazeum\",\"description\":\"Pova\u017esk\u00e9 m\u00fazeum v \u017diline je region\u00e1lne m\u00fazeum so s\u00eddlom v Budat\u00edne. Jeho expoz\u00edcie s\u00fa zameran\u00e9 na dejiny slovensk\u00e9ho umenia, kult\u00fary a dopravy.\",\"publisher\":{\"@id\":\"https:\\\/\\\/pmza.sk\\\/#organization\"},\"potentialAction\":[{\"@type\":\"SearchAction\",\"target\":{\"@type\":\"EntryPoint\",\"urlTemplate\":\"https:\\\/\\\/pmza.sk\\\/?s={search_term_string}\"},\"query-input\":{\"@type\":\"PropertyValueSpecification\",\"valueRequired\":true,\"valueName\":\"search_term_string\"}}],\"inLanguage\":\"sk-SK\"},{\"@type\":\"Organization\",\"@id\":\"https:\\\/\\\/pmza.sk\\\/#organization\",\"name\":\"Pova\u017esk\u00e9 m\u00fazeum\",\"url\":\"https:\\\/\\\/pmza.sk\\\/\",\"logo\":{\"@type\":\"ImageObject\",\"inLanguage\":\"sk-SK\",\"@id\":\"https:\\\/\\\/pmza.sk\\\/#\\\/schema\\\/logo\\\/image\\\/\",\"url\":\"https:\\\/\\\/pmza.sk\\\/wp-content\\\/uploads\\\/2022\\\/01\\\/logo_PM_horizontal.jpg\",\"contentUrl\":\"https:\\\/\\\/pmza.sk\\\/wp-content\\\/uploads\\\/2022\\\/01\\\/logo_PM_horizontal.jpg\",\"width\":231,\"height\":142,\"caption\":\"Pova\u017esk\u00e9 m\u00fazeum\"},\"image\":{\"@id\":\"https:\\\/\\\/pmza.sk\\\/#\\\/schema\\\/logo\\\/image\\\/\"},\"sameAs\":[\"https:\\\/\\\/www.facebook.com\\\/povazskemuzeum\",\"https:\\\/\\\/www.instagram.com\\\/povazskemuzeum\\\/\"]},{\"@type\":\"Person\",\"@id\":\"https:\\\/\\\/pmza.sk\\\/#\\\/schema\\\/person\\\/595e6a2ce731ea94dcd5d7f50a41ae33\",\"name\":\"Pova\u017esk\u00e9 m\u00fazeum\",\"image\":{\"@type\":\"ImageObject\",\"inLanguage\":\"sk-SK\",\"@id\":\"https:\\\/\\\/secure.gravatar.com\\\/avatar\\\/2bb7f1561282132fb5826dfeccc66c7996d11ee392ac6aaf7ced8a1c2027fbb2?s=96&d=mm&r=g\",\"url\":\"https:\\\/\\\/secure.gravatar.com\\\/avatar\\\/2bb7f1561282132fb5826dfeccc66c7996d11ee392ac6aaf7ced8a1c2027fbb2?s=96&d=mm&r=g\",\"contentUrl\":\"https:\\\/\\\/secure.gravatar.com\\\/avatar\\\/2bb7f1561282132fb5826dfeccc66c7996d11ee392ac6aaf7ced8a1c2027fbb2?s=96&d=mm&r=g\",\"caption\":\"Pova\u017esk\u00e9 m\u00fazeum\"}}]}<\/script>\n<!-- \/ Yoast SEO plugin. -->","yoast_head_json":{"title":"Rekordn\u00fd rok 2016 - \u017dilinsk\u00e1 \u017eupa pokorila kult\u00farny mili\u00f3n - Pova\u017esk\u00e9 m\u00fazeum","robots":{"index":"index","follow":"follow","max-snippet":"max-snippet:-1","max-image-preview":"max-image-preview:large","max-video-preview":"max-video-preview:-1"},"canonical":"https:\/\/pmza.sk\/?p=19797","og_locale":"sk_SK","og_type":"article","og_title":"Rekordn\u00fd rok 2016 - \u017dilinsk\u00e1 \u017eupa pokorila kult\u00farny mili\u00f3n - Pova\u017esk\u00e9 m\u00fazeum","og_description":"Hrady, m\u00faze\u00e1, pr\u00edrodn\u00e9 expoz\u00edcie, gal\u00e9rie \u010di kni\u017enice v\u00a0p\u00f4sobnosti \u017dilinsk\u00e9ho samospr\u00e1vneho kraja pril\u00e1kali v\u00a0minulom roku rekordn\u00fdch 1,7 mil. n\u00e1v\u0161tevn\u00edkov. Informoval o\u00a0tom \u017eilinsk\u00fd \u017eupan Juraj Blan\u00e1r s\u00a0t\u00fdm, \u017ee \u017dSK m\u00e1 v\u00a0p\u00f4sobnosti 22 kult\u00farnych organiz\u00e1ci\u00ed, o\u00a0ktor\u00e9 sa kraj star\u00e1 vo v\u0161etk\u00fdch \u017eupn\u00fdch regi\u00f3noch. \u201eMinul\u00fd rok sme si po\u010das letnej sez\u00f3ny dali za cie\u013e prekro\u010di\u0165 hranicu mili\u00f3n n\u00e1v\u0161tevn\u00edkov a\u00a0po [&hellip;]","og_url":"https:\/\/pmza.sk\/?p=19797","og_site_name":"Pova\u017esk\u00e9 m\u00fazeum","article_publisher":"https:\/\/www.facebook.com\/povazskemuzeum","article_published_time":"2017-01-25T11:58:09+00:00","og_image":[{"width":1024,"height":683,"url":"https:\/\/pmza.sk\/wp-content\/uploads\/2017\/01\/ZSK_Novootvoreny-Budatinsky-hrad-laka-tisicky-navstevnikov.jpg","type":"image\/jpeg"}],"author":"Pova\u017esk\u00e9 m\u00fazeum","twitter_card":"summary_large_image","twitter_misc":{"Autor":"Pova\u017esk\u00e9 m\u00fazeum","Predpokladan\u00fd \u010das \u010d\u00edtania":"3 min\u00faty"},"schema":{"@context":"https:\/\/schema.org","@graph":[{"@type":"Article","@id":"https:\/\/pmza.sk\/?p=19797#article","isPartOf":{"@id":"https:\/\/pmza.sk\/?p=19797"},"author":{"name":"Pova\u017esk\u00e9 m\u00fazeum","@id":"https:\/\/pmza.sk\/#\/schema\/person\/595e6a2ce731ea94dcd5d7f50a41ae33"},"headline":"Rekordn\u00fd rok 2016 &#8211; \u017dilinsk\u00e1 \u017eupa pokorila kult\u00farny mili\u00f3n","datePublished":"2017-01-25T11:58:09+00:00","mainEntityOfPage":{"@id":"https:\/\/pmza.sk\/?p=19797"},"wordCount":633,"publisher":{"@id":"https:\/\/pmza.sk\/#organization"},"image":{"@id":"https:\/\/pmza.sk\/?p=19797#primaryimage"},"thumbnailUrl":"https:\/\/pmza.sk\/wp-content\/uploads\/2017\/01\/ZSK_Novootvoreny-Budatinsky-hrad-laka-tisicky-navstevnikov.jpg","articleSection":["Aktuality"],"inLanguage":"sk-SK"},{"@type":"WebPage","@id":"https:\/\/pmza.sk\/?p=19797","url":"https:\/\/pmza.sk\/?p=19797","name":"Rekordn\u00fd rok 2016 - \u017dilinsk\u00e1 \u017eupa pokorila kult\u00farny mili\u00f3n - Pova\u017esk\u00e9 m\u00fazeum","isPartOf":{"@id":"https:\/\/pmza.sk\/#website"},"primaryImageOfPage":{"@id":"https:\/\/pmza.sk\/?p=19797#primaryimage"},"image":{"@id":"https:\/\/pmza.sk\/?p=19797#primaryimage"},"thumbnailUrl":"https:\/\/pmza.sk\/wp-content\/uploads\/2017\/01\/ZSK_Novootvoreny-Budatinsky-hrad-laka-tisicky-navstevnikov.jpg","datePublished":"2017-01-25T11:58:09+00:00","breadcrumb":{"@id":"https:\/\/pmza.sk\/?p=19797#breadcrumb"},"inLanguage":"sk-SK","potentialAction":[{"@type":"ReadAction","target":["https:\/\/pmza.sk\/?p=19797"]}]},{"@type":"ImageObject","inLanguage":"sk-SK","@id":"https:\/\/pmza.sk\/?p=19797#primaryimage","url":"https:\/\/pmza.sk\/wp-content\/uploads\/2017\/01\/ZSK_Novootvoreny-Budatinsky-hrad-laka-tisicky-navstevnikov.jpg","contentUrl":"https:\/\/pmza.sk\/wp-content\/uploads\/2017\/01\/ZSK_Novootvoreny-Budatinsky-hrad-laka-tisicky-navstevnikov.jpg","width":1024,"height":683},{"@type":"BreadcrumbList","@id":"https:\/\/pmza.sk\/?p=19797#breadcrumb","itemListElement":[{"@type":"ListItem","position":1,"name":"Domovsk\u00e1 str\u00e1nka","item":"https:\/\/pmza.sk\/"},{"@type":"ListItem","position":2,"name":"Rekordn\u00fd rok 2016 &#8211; \u017dilinsk\u00e1 \u017eupa pokorila kult\u00farny mili\u00f3n"}]},{"@type":"WebSite","@id":"https:\/\/pmza.sk\/#website","url":"https:\/\/pmza.sk\/","name":"Pova\u017esk\u00e9 m\u00fazeum","description":"Pova\u017esk\u00e9 m\u00fazeum v \u017diline je region\u00e1lne m\u00fazeum so s\u00eddlom v Budat\u00edne. Jeho expoz\u00edcie s\u00fa zameran\u00e9 na dejiny slovensk\u00e9ho umenia, kult\u00fary a dopravy.","publisher":{"@id":"https:\/\/pmza.sk\/#organization"},"potentialAction":[{"@type":"SearchAction","target":{"@type":"EntryPoint","urlTemplate":"https:\/\/pmza.sk\/?s={search_term_string}"},"query-input":{"@type":"PropertyValueSpecification","valueRequired":true,"valueName":"search_term_string"}}],"inLanguage":"sk-SK"},{"@type":"Organization","@id":"https:\/\/pmza.sk\/#organization","name":"Pova\u017esk\u00e9 m\u00fazeum","url":"https:\/\/pmza.sk\/","logo":{"@type":"ImageObject","inLanguage":"sk-SK","@id":"https:\/\/pmza.sk\/#\/schema\/logo\/image\/","url":"https:\/\/pmza.sk\/wp-content\/uploads\/2022\/01\/logo_PM_horizontal.jpg","contentUrl":"https:\/\/pmza.sk\/wp-content\/uploads\/2022\/01\/logo_PM_horizontal.jpg","width":231,"height":142,"caption":"Pova\u017esk\u00e9 m\u00fazeum"},"image":{"@id":"https:\/\/pmza.sk\/#\/schema\/logo\/image\/"},"sameAs":["https:\/\/www.facebook.com\/povazskemuzeum","https:\/\/www.instagram.com\/povazskemuzeum\/"]},{"@type":"Person","@id":"https:\/\/pmza.sk\/#\/schema\/person\/595e6a2ce731ea94dcd5d7f50a41ae33","name":"Pova\u017esk\u00e9 m\u00fazeum","image":{"@type":"ImageObject","inLanguage":"sk-SK","@id":"https:\/\/secure.gravatar.com\/avatar\/2bb7f1561282132fb5826dfeccc66c7996d11ee392ac6aaf7ced8a1c2027fbb2?s=96&d=mm&r=g","url":"https:\/\/secure.gravatar.com\/avatar\/2bb7f1561282132fb5826dfeccc66c7996d11ee392ac6aaf7ced8a1c2027fbb2?s=96&d=mm&r=g","contentUrl":"https:\/\/secure.gravatar.com\/avatar\/2bb7f1561282132fb5826dfeccc66c7996d11ee392ac6aaf7ced8a1c2027fbb2?s=96&d=mm&r=g","caption":"Pova\u017esk\u00e9 m\u00fazeum"}}]}},"_links":{"self":[{"href":"https:\/\/pmza.sk\/index.php?rest_route=\/wp\/v2\/posts\/19797","targetHints":{"allow":["GET"]}}],"collection":[{"href":"https:\/\/pmza.sk\/index.php?rest_route=\/wp\/v2\/posts"}],"about":[{"href":"https:\/\/pmza.sk\/index.php?rest_route=\/wp\/v2\/types\/post"}],"author":[{"embeddable":true,"href":"https:\/\/pmza.sk\/index.php?rest_route=\/wp\/v2\/users\/2"}],"replies":[{"embeddable":true,"href":"https:\/\/pmza.sk\/index.php?rest_route=%2Fwp%2Fv2%2Fcomments&post=19797"}],"version-history":[{"count":0,"href":"https:\/\/pmza.sk\/index.php?rest_route=\/wp\/v2\/posts\/19797\/revisions"}],"wp:featuredmedia":[{"embeddable":true,"href":"https:\/\/pmza.sk\/index.php?rest_route=\/wp\/v2\/media\/19799"}],"wp:attachment":[{"href":"https:\/\/pmza.sk\/index.php?rest_route=%2Fwp%2Fv2%2Fmedia&parent=19797"}],"wp:term":[{"taxonomy":"category","embeddable":true,"href":"https:\/\/pmza.sk\/index.php?rest_route=%2Fwp%2Fv2%2Fcategories&post=19797"},{"taxonomy":"post_tag","embeddable":true,"href":"https:\/\/pmza.sk\/index.php?rest_route=%2Fwp%2Fv2%2Ftags&post=19797"}],"curies":[{"name":"wp","href":"https:\/\/api.w.org\/{rel}","templated":true}]}}