{"id":19806,"date":"2017-01-25T15:07:38","date_gmt":"2017-01-25T14:07:38","guid":{"rendered":"https:\/\/pmza.sk.sk\/?p=19806"},"modified":"2017-01-25T15:07:38","modified_gmt":"2017-01-25T14:07:38","slug":"gejza-caki-posledny-majitel-budatinskeho-hradu","status":"publish","type":"post","link":"https:\/\/pmza.sk\/?p=19806","title":{"rendered":"Gejza \u010c\u00e1ki &#8211; posledn\u00fd majite\u013e Budat\u00ednskeho hradu"},"content":{"rendered":"<p>V 1907 sa stal jedin\u00fdm vlastn\u00edkom Budat\u00ednskeho hradu gr\u00f3f Gejza \u010c\u00e1ki. Spolu s\u00a0man\u017eelkou Al\u017ebetou, ktor\u00e1 sa narodila v\u00a0Debrec\u00edne (zomrela v\u00a0Par\u00ed\u017ei) mali jedin\u00fa dc\u00e9ru Nat\u00e1liu, ktor\u00e1 sa narodila v\u00a0roku 1908 v\u00a0Hodkovciach.<\/p>\n<p>Gr\u00f3f Gejza sa a\u017e po smrti svojej man\u017eelky zo \u017diliny ods\u0165ahoval do Franc\u00fazska za dc\u00e9rou Nat\u00e1liou, ktor\u00e1 sa tam v\u00a0roku 1937 vydala za Jeana Montesquiou \u2013 Fezensac.<\/p>\n<p>Rekon\u0161trukcia Budat\u00ednskeho hradu sa za\u010dala niekedy okolo roku 1914. Bohu\u017eia\u013e, vojna preru\u0161ila stavebn\u00fa \u010dinnos\u0165 a\u00a0a\u017e po skon\u010den\u00ed 1. svetovej vojny obnova hradu pokra\u010dovala pod\u013ea projektu viedensk\u00e9ho architekta Luxa. Stavbu realizoval stavebn\u00edk J. M. Murko z\u00a0Novej Bane, ktor\u00fd nesk\u00f4r realizoval aj \u00fapravy na Spi\u0161skom hrade. Rekon\u0161trukcia sa t\u00fdkala asan\u00e1cie barokov\u00e9ho ka\u0161tie\u013ea (v\u00a0roku 1915). V\u00a0r\u00e1mci toho bol postaven\u00fd nov\u00fd pal\u00e1c a\u00a0n\u00e1ro\u017en\u00e9 ve\u017ei\u010dky a\u00a0do\u0161lo i\u00a0k \u00faprav\u00e1m miestnost\u00ed okolo ve\u017ee. Rovnako bola obnoven\u00e1 dne\u0161n\u00e1 jed\u00e1le\u0148 v hrade a\u00a0miestnosti pod \u0148ou.<\/p>\n<p>Gr\u00f3f \u010c\u00e1ki vybavil obnoven\u00e9 \u010dasti hradu nov\u00fdmi technol\u00f3giami &#8211; elektrinou, centr\u00e1lnym k\u00faren\u00edm, jed\u00e1lensk\u00fdm v\u00fd\u0165ahom a\u00a0podobne.<\/p>\n<p>Zauj\u00edmav\u00e9 je, \u017ee gr\u00f3f vlastnil automobil, pravdepodobne zna\u010dky Sunbeam -Talbot-Darracq, model z\u00a0roku v\u00fdroby 1929. \u00a0Nav\u0161tevoval svojich pr\u00edbuzn\u00fdch a zn\u00e1mych po celom Slovensku.<\/p>\n<p>V\u00a0m\u00fazeu sa dodnes zachovala kore\u0161pondencia jeho dc\u00e9ry N\u00e1t\u00e1lie \u010c\u00e1kiovej, p\u00edsan\u00e1 po ma\u010farsky. Po gr\u00f3fovi zostali v\u00a0m\u00fazeu predov\u0161etk\u00fdm obrazy r\u00f4znych pr\u00edslu\u0161n\u00edkov rodu \u010c\u00e1ki, ve\u013ek\u00e9 pl\u00e1tna s\u00a0antickou tematikou, ale i niektor\u00e9 predmety dennej potreby, ktor\u00e9 s\u00fa s\u00fa\u010das\u0165ou expoz\u00edcie. A\u00a0v\u00a0minulom roku m\u00fazeum z\u00edskalo nasp\u00e4\u0165 skri\u0148u, ktor\u00e1 poch\u00e1dza z\u00a0hradu.<\/p>\n<p><a href=\"http:\/\/www.floowie.com\/sk\/citaj\/muza-2-2016#\/strana\/30\/zvacsenie\/100\/\">Spomienky Budat\u00edn\u010danov &#8211; \u010dl\u00e1nok v el. \u010dasopise M\u00daZA 2\/2016<\/a><\/p>\n","protected":false},"excerpt":{"rendered":"<p>V 1907 sa stal jedin\u00fdm vlastn\u00edkom Budat\u00ednskeho hradu gr\u00f3f Gejza \u010c\u00e1ki. Spolu s\u00a0man\u017eelkou Al\u017ebetou, ktor\u00e1 sa narodila v\u00a0Debrec\u00edne (zomrela v\u00a0Par\u00ed\u017ei) mali jedin\u00fa dc\u00e9ru Nat\u00e1liu, ktor\u00e1 sa narodila v\u00a0roku 1908 v\u00a0Hodkovciach. Gr\u00f3f Gejza sa a\u017e po smrti svojej man\u017eelky zo \u017diliny ods\u0165ahoval do Franc\u00fazska za dc\u00e9rou Nat\u00e1liou, ktor\u00e1 sa tam v\u00a0roku 1937 vydala za Jeana Montesquiou [&hellip;]<\/p>\n","protected":false},"author":2,"featured_media":19812,"comment_status":"closed","ping_status":"closed","sticky":false,"template":"","format":"standard","meta":{"site-sidebar-layout":"default","site-content-layout":"","ast-site-content-layout":"","site-content-style":"default","site-sidebar-style":"default","ast-global-header-display":"","ast-banner-title-visibility":"","ast-main-header-display":"","ast-hfb-above-header-display":"","ast-hfb-below-header-display":"","ast-hfb-mobile-header-display":"","site-post-title":"","ast-breadcrumbs-content":"","ast-featured-img":"","footer-sml-layout":"","theme-transparent-header-meta":"","adv-header-id-meta":"","stick-header-meta":"","header-above-stick-meta":"","header-main-stick-meta":"","header-below-stick-meta":"","astra-migrate-meta-layouts":"default","ast-page-background-enabled":"default","ast-page-background-meta":{"desktop":{"background-color":"var(--ast-global-color-4)","background-image":"","background-repeat":"repeat","background-position":"center center","background-size":"auto","background-attachment":"scroll","background-type":"","background-media":"","overlay-type":"","overlay-color":"","overlay-opacity":"","overlay-gradient":""},"tablet":{"background-color":"","background-image":"","background-repeat":"repeat","background-position":"center center","background-size":"auto","background-attachment":"scroll","background-type":"","background-media":"","overlay-type":"","overlay-color":"","overlay-opacity":"","overlay-gradient":""},"mobile":{"background-color":"","background-image":"","background-repeat":"repeat","background-position":"center center","background-size":"auto","background-attachment":"scroll","background-type":"","background-media":"","overlay-type":"","overlay-color":"","overlay-opacity":"","overlay-gradient":""}},"ast-content-background-meta":{"desktop":{"background-color":"var(--ast-global-color-5)","background-image":"","background-repeat":"repeat","background-position":"center center","background-size":"auto","background-attachment":"scroll","background-type":"","background-media":"","overlay-type":"","overlay-color":"","overlay-opacity":"","overlay-gradient":""},"tablet":{"background-color":"var(--ast-global-color-5)","background-image":"","background-repeat":"repeat","background-position":"center center","background-size":"auto","background-attachment":"scroll","background-type":"","background-media":"","overlay-type":"","overlay-color":"","overlay-opacity":"","overlay-gradient":""},"mobile":{"background-color":"var(--ast-global-color-5)","background-image":"","background-repeat":"repeat","background-position":"center center","background-size":"auto","background-attachment":"scroll","background-type":"","background-media":"","overlay-type":"","overlay-color":"","overlay-opacity":"","overlay-gradient":""}},"footnotes":""},"categories":[31],"tags":[],"class_list":["post-19806","post","type-post","status-publish","format-standard","has-post-thumbnail","hentry","category-aktuality"],"yoast_head":"<!-- This site is optimized with the Yoast SEO plugin v27.4 - https:\/\/yoast.com\/product\/yoast-seo-wordpress\/ -->\n<title>Gejza \u010c\u00e1ki - posledn\u00fd majite\u013e Budat\u00ednskeho hradu - Pova\u017esk\u00e9 m\u00fazeum<\/title>\n<meta name=\"robots\" content=\"index, follow, max-snippet:-1, max-image-preview:large, max-video-preview:-1\" \/>\n<link rel=\"canonical\" href=\"https:\/\/pmza.sk\/?p=19806\" \/>\n<meta property=\"og:locale\" content=\"sk_SK\" \/>\n<meta property=\"og:type\" content=\"article\" \/>\n<meta property=\"og:title\" content=\"Gejza \u010c\u00e1ki - posledn\u00fd majite\u013e Budat\u00ednskeho hradu - Pova\u017esk\u00e9 m\u00fazeum\" \/>\n<meta property=\"og:description\" content=\"V 1907 sa stal jedin\u00fdm vlastn\u00edkom Budat\u00ednskeho hradu gr\u00f3f Gejza \u010c\u00e1ki. Spolu s\u00a0man\u017eelkou Al\u017ebetou, ktor\u00e1 sa narodila v\u00a0Debrec\u00edne (zomrela v\u00a0Par\u00ed\u017ei) mali jedin\u00fa dc\u00e9ru Nat\u00e1liu, ktor\u00e1 sa narodila v\u00a0roku 1908 v\u00a0Hodkovciach. Gr\u00f3f Gejza sa a\u017e po smrti svojej man\u017eelky zo \u017diliny ods\u0165ahoval do Franc\u00fazska za dc\u00e9rou Nat\u00e1liou, ktor\u00e1 sa tam v\u00a0roku 1937 vydala za Jeana Montesquiou [&hellip;]\" \/>\n<meta property=\"og:url\" content=\"https:\/\/pmza.sk\/?p=19806\" \/>\n<meta property=\"og:site_name\" content=\"Pova\u017esk\u00e9 m\u00fazeum\" \/>\n<meta property=\"article:publisher\" content=\"https:\/\/www.facebook.com\/povazskemuzeum\" \/>\n<meta property=\"article:published_time\" content=\"2017-01-25T14:07:38+00:00\" \/>\n<meta property=\"og:image\" content=\"https:\/\/pmza.sk\/wp-content\/uploads\/2017\/01\/caki.jpg\" \/>\n\t<meta property=\"og:image:width\" content=\"652\" \/>\n\t<meta property=\"og:image:height\" content=\"684\" \/>\n\t<meta property=\"og:image:type\" content=\"image\/jpeg\" \/>\n<meta name=\"author\" content=\"Pova\u017esk\u00e9 m\u00fazeum\" \/>\n<meta name=\"twitter:card\" content=\"summary_large_image\" \/>\n<meta name=\"twitter:label1\" content=\"Autor\" \/>\n\t<meta name=\"twitter:data1\" content=\"Pova\u017esk\u00e9 m\u00fazeum\" \/>\n\t<meta name=\"twitter:label2\" content=\"Predpokladan\u00fd \u010das \u010d\u00edtania\" \/>\n\t<meta name=\"twitter:data2\" content=\"2 min\u00faty\" \/>\n<script type=\"application\/ld+json\" class=\"yoast-schema-graph\">{\"@context\":\"https:\\\/\\\/schema.org\",\"@graph\":[{\"@type\":\"Article\",\"@id\":\"https:\\\/\\\/pmza.sk\\\/?p=19806#article\",\"isPartOf\":{\"@id\":\"https:\\\/\\\/pmza.sk\\\/?p=19806\"},\"author\":{\"name\":\"Pova\u017esk\u00e9 m\u00fazeum\",\"@id\":\"https:\\\/\\\/pmza.sk\\\/#\\\/schema\\\/person\\\/595e6a2ce731ea94dcd5d7f50a41ae33\"},\"headline\":\"Gejza \u010c\u00e1ki &#8211; posledn\u00fd majite\u013e Budat\u00ednskeho hradu\",\"datePublished\":\"2017-01-25T14:07:38+00:00\",\"mainEntityOfPage\":{\"@id\":\"https:\\\/\\\/pmza.sk\\\/?p=19806\"},\"wordCount\":335,\"publisher\":{\"@id\":\"https:\\\/\\\/pmza.sk\\\/#organization\"},\"image\":{\"@id\":\"https:\\\/\\\/pmza.sk\\\/?p=19806#primaryimage\"},\"thumbnailUrl\":\"https:\\\/\\\/pmza.sk\\\/wp-content\\\/uploads\\\/2017\\\/01\\\/caki.jpg\",\"articleSection\":[\"Aktuality\"],\"inLanguage\":\"sk-SK\"},{\"@type\":\"WebPage\",\"@id\":\"https:\\\/\\\/pmza.sk\\\/?p=19806\",\"url\":\"https:\\\/\\\/pmza.sk\\\/?p=19806\",\"name\":\"Gejza \u010c\u00e1ki - posledn\u00fd majite\u013e Budat\u00ednskeho hradu - Pova\u017esk\u00e9 m\u00fazeum\",\"isPartOf\":{\"@id\":\"https:\\\/\\\/pmza.sk\\\/#website\"},\"primaryImageOfPage\":{\"@id\":\"https:\\\/\\\/pmza.sk\\\/?p=19806#primaryimage\"},\"image\":{\"@id\":\"https:\\\/\\\/pmza.sk\\\/?p=19806#primaryimage\"},\"thumbnailUrl\":\"https:\\\/\\\/pmza.sk\\\/wp-content\\\/uploads\\\/2017\\\/01\\\/caki.jpg\",\"datePublished\":\"2017-01-25T14:07:38+00:00\",\"breadcrumb\":{\"@id\":\"https:\\\/\\\/pmza.sk\\\/?p=19806#breadcrumb\"},\"inLanguage\":\"sk-SK\",\"potentialAction\":[{\"@type\":\"ReadAction\",\"target\":[\"https:\\\/\\\/pmza.sk\\\/?p=19806\"]}]},{\"@type\":\"ImageObject\",\"inLanguage\":\"sk-SK\",\"@id\":\"https:\\\/\\\/pmza.sk\\\/?p=19806#primaryimage\",\"url\":\"https:\\\/\\\/pmza.sk\\\/wp-content\\\/uploads\\\/2017\\\/01\\\/caki.jpg\",\"contentUrl\":\"https:\\\/\\\/pmza.sk\\\/wp-content\\\/uploads\\\/2017\\\/01\\\/caki.jpg\",\"width\":652,\"height\":684},{\"@type\":\"BreadcrumbList\",\"@id\":\"https:\\\/\\\/pmza.sk\\\/?p=19806#breadcrumb\",\"itemListElement\":[{\"@type\":\"ListItem\",\"position\":1,\"name\":\"Domovsk\u00e1 str\u00e1nka\",\"item\":\"https:\\\/\\\/pmza.sk\\\/\"},{\"@type\":\"ListItem\",\"position\":2,\"name\":\"Gejza \u010c\u00e1ki &#8211; posledn\u00fd majite\u013e Budat\u00ednskeho hradu\"}]},{\"@type\":\"WebSite\",\"@id\":\"https:\\\/\\\/pmza.sk\\\/#website\",\"url\":\"https:\\\/\\\/pmza.sk\\\/\",\"name\":\"Pova\u017esk\u00e9 m\u00fazeum\",\"description\":\"Pova\u017esk\u00e9 m\u00fazeum v \u017diline je region\u00e1lne m\u00fazeum so s\u00eddlom v Budat\u00edne. Jeho expoz\u00edcie s\u00fa zameran\u00e9 na dejiny slovensk\u00e9ho umenia, kult\u00fary a dopravy.\",\"publisher\":{\"@id\":\"https:\\\/\\\/pmza.sk\\\/#organization\"},\"potentialAction\":[{\"@type\":\"SearchAction\",\"target\":{\"@type\":\"EntryPoint\",\"urlTemplate\":\"https:\\\/\\\/pmza.sk\\\/?s={search_term_string}\"},\"query-input\":{\"@type\":\"PropertyValueSpecification\",\"valueRequired\":true,\"valueName\":\"search_term_string\"}}],\"inLanguage\":\"sk-SK\"},{\"@type\":\"Organization\",\"@id\":\"https:\\\/\\\/pmza.sk\\\/#organization\",\"name\":\"Pova\u017esk\u00e9 m\u00fazeum\",\"url\":\"https:\\\/\\\/pmza.sk\\\/\",\"logo\":{\"@type\":\"ImageObject\",\"inLanguage\":\"sk-SK\",\"@id\":\"https:\\\/\\\/pmza.sk\\\/#\\\/schema\\\/logo\\\/image\\\/\",\"url\":\"https:\\\/\\\/pmza.sk\\\/wp-content\\\/uploads\\\/2022\\\/01\\\/logo_PM_horizontal.jpg\",\"contentUrl\":\"https:\\\/\\\/pmza.sk\\\/wp-content\\\/uploads\\\/2022\\\/01\\\/logo_PM_horizontal.jpg\",\"width\":231,\"height\":142,\"caption\":\"Pova\u017esk\u00e9 m\u00fazeum\"},\"image\":{\"@id\":\"https:\\\/\\\/pmza.sk\\\/#\\\/schema\\\/logo\\\/image\\\/\"},\"sameAs\":[\"https:\\\/\\\/www.facebook.com\\\/povazskemuzeum\",\"https:\\\/\\\/www.instagram.com\\\/povazskemuzeum\\\/\"]},{\"@type\":\"Person\",\"@id\":\"https:\\\/\\\/pmza.sk\\\/#\\\/schema\\\/person\\\/595e6a2ce731ea94dcd5d7f50a41ae33\",\"name\":\"Pova\u017esk\u00e9 m\u00fazeum\",\"image\":{\"@type\":\"ImageObject\",\"inLanguage\":\"sk-SK\",\"@id\":\"https:\\\/\\\/secure.gravatar.com\\\/avatar\\\/2bb7f1561282132fb5826dfeccc66c7996d11ee392ac6aaf7ced8a1c2027fbb2?s=96&d=mm&r=g\",\"url\":\"https:\\\/\\\/secure.gravatar.com\\\/avatar\\\/2bb7f1561282132fb5826dfeccc66c7996d11ee392ac6aaf7ced8a1c2027fbb2?s=96&d=mm&r=g\",\"contentUrl\":\"https:\\\/\\\/secure.gravatar.com\\\/avatar\\\/2bb7f1561282132fb5826dfeccc66c7996d11ee392ac6aaf7ced8a1c2027fbb2?s=96&d=mm&r=g\",\"caption\":\"Pova\u017esk\u00e9 m\u00fazeum\"}}]}<\/script>\n<!-- \/ Yoast SEO plugin. -->","yoast_head_json":{"title":"Gejza \u010c\u00e1ki - posledn\u00fd majite\u013e Budat\u00ednskeho hradu - Pova\u017esk\u00e9 m\u00fazeum","robots":{"index":"index","follow":"follow","max-snippet":"max-snippet:-1","max-image-preview":"max-image-preview:large","max-video-preview":"max-video-preview:-1"},"canonical":"https:\/\/pmza.sk\/?p=19806","og_locale":"sk_SK","og_type":"article","og_title":"Gejza \u010c\u00e1ki - posledn\u00fd majite\u013e Budat\u00ednskeho hradu - Pova\u017esk\u00e9 m\u00fazeum","og_description":"V 1907 sa stal jedin\u00fdm vlastn\u00edkom Budat\u00ednskeho hradu gr\u00f3f Gejza \u010c\u00e1ki. Spolu s\u00a0man\u017eelkou Al\u017ebetou, ktor\u00e1 sa narodila v\u00a0Debrec\u00edne (zomrela v\u00a0Par\u00ed\u017ei) mali jedin\u00fa dc\u00e9ru Nat\u00e1liu, ktor\u00e1 sa narodila v\u00a0roku 1908 v\u00a0Hodkovciach. Gr\u00f3f Gejza sa a\u017e po smrti svojej man\u017eelky zo \u017diliny ods\u0165ahoval do Franc\u00fazska za dc\u00e9rou Nat\u00e1liou, ktor\u00e1 sa tam v\u00a0roku 1937 vydala za Jeana Montesquiou [&hellip;]","og_url":"https:\/\/pmza.sk\/?p=19806","og_site_name":"Pova\u017esk\u00e9 m\u00fazeum","article_publisher":"https:\/\/www.facebook.com\/povazskemuzeum","article_published_time":"2017-01-25T14:07:38+00:00","og_image":[{"width":652,"height":684,"url":"https:\/\/pmza.sk\/wp-content\/uploads\/2017\/01\/caki.jpg","type":"image\/jpeg"}],"author":"Pova\u017esk\u00e9 m\u00fazeum","twitter_card":"summary_large_image","twitter_misc":{"Autor":"Pova\u017esk\u00e9 m\u00fazeum","Predpokladan\u00fd \u010das \u010d\u00edtania":"2 min\u00faty"},"schema":{"@context":"https:\/\/schema.org","@graph":[{"@type":"Article","@id":"https:\/\/pmza.sk\/?p=19806#article","isPartOf":{"@id":"https:\/\/pmza.sk\/?p=19806"},"author":{"name":"Pova\u017esk\u00e9 m\u00fazeum","@id":"https:\/\/pmza.sk\/#\/schema\/person\/595e6a2ce731ea94dcd5d7f50a41ae33"},"headline":"Gejza \u010c\u00e1ki &#8211; posledn\u00fd majite\u013e Budat\u00ednskeho hradu","datePublished":"2017-01-25T14:07:38+00:00","mainEntityOfPage":{"@id":"https:\/\/pmza.sk\/?p=19806"},"wordCount":335,"publisher":{"@id":"https:\/\/pmza.sk\/#organization"},"image":{"@id":"https:\/\/pmza.sk\/?p=19806#primaryimage"},"thumbnailUrl":"https:\/\/pmza.sk\/wp-content\/uploads\/2017\/01\/caki.jpg","articleSection":["Aktuality"],"inLanguage":"sk-SK"},{"@type":"WebPage","@id":"https:\/\/pmza.sk\/?p=19806","url":"https:\/\/pmza.sk\/?p=19806","name":"Gejza \u010c\u00e1ki - posledn\u00fd majite\u013e Budat\u00ednskeho hradu - Pova\u017esk\u00e9 m\u00fazeum","isPartOf":{"@id":"https:\/\/pmza.sk\/#website"},"primaryImageOfPage":{"@id":"https:\/\/pmza.sk\/?p=19806#primaryimage"},"image":{"@id":"https:\/\/pmza.sk\/?p=19806#primaryimage"},"thumbnailUrl":"https:\/\/pmza.sk\/wp-content\/uploads\/2017\/01\/caki.jpg","datePublished":"2017-01-25T14:07:38+00:00","breadcrumb":{"@id":"https:\/\/pmza.sk\/?p=19806#breadcrumb"},"inLanguage":"sk-SK","potentialAction":[{"@type":"ReadAction","target":["https:\/\/pmza.sk\/?p=19806"]}]},{"@type":"ImageObject","inLanguage":"sk-SK","@id":"https:\/\/pmza.sk\/?p=19806#primaryimage","url":"https:\/\/pmza.sk\/wp-content\/uploads\/2017\/01\/caki.jpg","contentUrl":"https:\/\/pmza.sk\/wp-content\/uploads\/2017\/01\/caki.jpg","width":652,"height":684},{"@type":"BreadcrumbList","@id":"https:\/\/pmza.sk\/?p=19806#breadcrumb","itemListElement":[{"@type":"ListItem","position":1,"name":"Domovsk\u00e1 str\u00e1nka","item":"https:\/\/pmza.sk\/"},{"@type":"ListItem","position":2,"name":"Gejza \u010c\u00e1ki &#8211; posledn\u00fd majite\u013e Budat\u00ednskeho hradu"}]},{"@type":"WebSite","@id":"https:\/\/pmza.sk\/#website","url":"https:\/\/pmza.sk\/","name":"Pova\u017esk\u00e9 m\u00fazeum","description":"Pova\u017esk\u00e9 m\u00fazeum v \u017diline je region\u00e1lne m\u00fazeum so s\u00eddlom v Budat\u00edne. Jeho expoz\u00edcie s\u00fa zameran\u00e9 na dejiny slovensk\u00e9ho umenia, kult\u00fary a dopravy.","publisher":{"@id":"https:\/\/pmza.sk\/#organization"},"potentialAction":[{"@type":"SearchAction","target":{"@type":"EntryPoint","urlTemplate":"https:\/\/pmza.sk\/?s={search_term_string}"},"query-input":{"@type":"PropertyValueSpecification","valueRequired":true,"valueName":"search_term_string"}}],"inLanguage":"sk-SK"},{"@type":"Organization","@id":"https:\/\/pmza.sk\/#organization","name":"Pova\u017esk\u00e9 m\u00fazeum","url":"https:\/\/pmza.sk\/","logo":{"@type":"ImageObject","inLanguage":"sk-SK","@id":"https:\/\/pmza.sk\/#\/schema\/logo\/image\/","url":"https:\/\/pmza.sk\/wp-content\/uploads\/2022\/01\/logo_PM_horizontal.jpg","contentUrl":"https:\/\/pmza.sk\/wp-content\/uploads\/2022\/01\/logo_PM_horizontal.jpg","width":231,"height":142,"caption":"Pova\u017esk\u00e9 m\u00fazeum"},"image":{"@id":"https:\/\/pmza.sk\/#\/schema\/logo\/image\/"},"sameAs":["https:\/\/www.facebook.com\/povazskemuzeum","https:\/\/www.instagram.com\/povazskemuzeum\/"]},{"@type":"Person","@id":"https:\/\/pmza.sk\/#\/schema\/person\/595e6a2ce731ea94dcd5d7f50a41ae33","name":"Pova\u017esk\u00e9 m\u00fazeum","image":{"@type":"ImageObject","inLanguage":"sk-SK","@id":"https:\/\/secure.gravatar.com\/avatar\/2bb7f1561282132fb5826dfeccc66c7996d11ee392ac6aaf7ced8a1c2027fbb2?s=96&d=mm&r=g","url":"https:\/\/secure.gravatar.com\/avatar\/2bb7f1561282132fb5826dfeccc66c7996d11ee392ac6aaf7ced8a1c2027fbb2?s=96&d=mm&r=g","contentUrl":"https:\/\/secure.gravatar.com\/avatar\/2bb7f1561282132fb5826dfeccc66c7996d11ee392ac6aaf7ced8a1c2027fbb2?s=96&d=mm&r=g","caption":"Pova\u017esk\u00e9 m\u00fazeum"}}]}},"_links":{"self":[{"href":"https:\/\/pmza.sk\/index.php?rest_route=\/wp\/v2\/posts\/19806","targetHints":{"allow":["GET"]}}],"collection":[{"href":"https:\/\/pmza.sk\/index.php?rest_route=\/wp\/v2\/posts"}],"about":[{"href":"https:\/\/pmza.sk\/index.php?rest_route=\/wp\/v2\/types\/post"}],"author":[{"embeddable":true,"href":"https:\/\/pmza.sk\/index.php?rest_route=\/wp\/v2\/users\/2"}],"replies":[{"embeddable":true,"href":"https:\/\/pmza.sk\/index.php?rest_route=%2Fwp%2Fv2%2Fcomments&post=19806"}],"version-history":[{"count":0,"href":"https:\/\/pmza.sk\/index.php?rest_route=\/wp\/v2\/posts\/19806\/revisions"}],"wp:featuredmedia":[{"embeddable":true,"href":"https:\/\/pmza.sk\/index.php?rest_route=\/wp\/v2\/media\/19812"}],"wp:attachment":[{"href":"https:\/\/pmza.sk\/index.php?rest_route=%2Fwp%2Fv2%2Fmedia&parent=19806"}],"wp:term":[{"taxonomy":"category","embeddable":true,"href":"https:\/\/pmza.sk\/index.php?rest_route=%2Fwp%2Fv2%2Fcategories&post=19806"},{"taxonomy":"post_tag","embeddable":true,"href":"https:\/\/pmza.sk\/index.php?rest_route=%2Fwp%2Fv2%2Ftags&post=19806"}],"curies":[{"name":"wp","href":"https:\/\/api.w.org\/{rel}","templated":true}]}}