{"id":19823,"date":"2017-01-29T08:20:35","date_gmt":"2017-01-29T07:20:35","guid":{"rendered":"https:\/\/pmza.sk.sk\/?p=19823"},"modified":"2017-01-29T08:20:35","modified_gmt":"2017-01-29T07:20:35","slug":"gaspar-sunog-ii-dalsia-osobnost-budatinskeho-hradu","status":"publish","type":"post","link":"https:\/\/pmza.sk\/?p=19823","title":{"rendered":"Ga\u0161par Su\u0148og II. &#8211; \u010fal\u0161ia osobnos\u0165 Budat\u00ednskeho hradu"},"content":{"rendered":"<p>Mimoriadnou osobnos\u0165ou dej\u00edn Budat\u00ednskeho hradu bol Ga\u0161par Su\u0148og II.<\/p>\n<p>\u0160tudoval na univerzite vo Wittenbergu spolu s\u00a0Imrichom Turzom. Ke\u010f\u017ee si vraj viac u\u017e\u00edval bezstarostn\u00fd \u0161tudentsk\u00fd \u017eivot, nedosahoval tak\u00e9 \u0161tudijn\u00e9 v\u00fdsledky ako Imrich. Napokon v\u0161ak ukon\u010dil \u0161t\u00fadium filozofie z\u00edskan\u00edm titulu magistra.<\/p>\n<p>V\u00a01623 sa o\u017eenil so Zuzanou B\u00e1nfiovou a\u00a0st\u00e1l na strane Gabriela Betlena. Postupne za\u010dala jeho politick\u00e1 kari\u00e9ra st\u00fapa\u0165. V\u00a01635 sa stal kr\u00e1\u013eovsk\u00fdm radcom, nesk\u00f4r kapit\u00e1nom pevnosti Smederevo (v\u00a0dne\u0161nom Srbsku). Tejto hodnosti sa v\u0161ak vzdal a\u00a0stal sa \u017eupanom Gemerskej stolice. Postupne z\u00edskaval viacer\u00e9 majetky, medzi ktor\u00fdmi boli majetky v\u00a0Bor\u0161odskej stolici alebo Beckovsk\u00e9 panstvo. Medzi majetkami, ktor\u00e9 zdedil, sa nach\u00e1dzal aj Budat\u00ednsky hrad, na ktorom \u017eil aj s rodinou. Medzi\u010dasom konvertoval na katol\u00edcku vieru. Jeho s\u00faperom bol aj Franti\u0161ek Ve\u0161el\u00e9ni, s\u00a0ktor\u00fdm s\u00faperil o\u00a0obce na Kysuciach. Zomrel v\u00a0roku 1659.<\/p>\n<p>Pod\u013ea legendy dal zamurova\u0165 do v\u00fdklenku ve\u017ee Budat\u00ednskeho hradu svoju dc\u00e9ru Katar\u00ednu Su\u0148ogov\u00fa, a\u017e k\u00fdm nes\u00fahlasila so sob\u00e1\u0161om s\u00a0ove\u013ea star\u0161\u00edm J\u00e1nom Jaku\u0161i\u010dom.<\/p>\n","protected":false},"excerpt":{"rendered":"<p>Mimoriadnou osobnos\u0165ou dej\u00edn Budat\u00ednskeho hradu bol Ga\u0161par Su\u0148og II. \u0160tudoval na univerzite vo Wittenbergu spolu s\u00a0Imrichom Turzom. Ke\u010f\u017ee si vraj viac u\u017e\u00edval bezstarostn\u00fd \u0161tudentsk\u00fd \u017eivot, nedosahoval tak\u00e9 \u0161tudijn\u00e9 v\u00fdsledky ako Imrich. Napokon v\u0161ak ukon\u010dil \u0161t\u00fadium filozofie z\u00edskan\u00edm titulu magistra. V\u00a01623 sa o\u017eenil so Zuzanou B\u00e1nfiovou a\u00a0st\u00e1l na strane Gabriela Betlena. Postupne za\u010dala jeho politick\u00e1 kari\u00e9ra [&hellip;]<\/p>\n","protected":false},"author":2,"featured_media":19822,"comment_status":"closed","ping_status":"closed","sticky":false,"template":"","format":"standard","meta":{"site-sidebar-layout":"default","site-content-layout":"","ast-site-content-layout":"","site-content-style":"default","site-sidebar-style":"default","ast-global-header-display":"","ast-banner-title-visibility":"","ast-main-header-display":"","ast-hfb-above-header-display":"","ast-hfb-below-header-display":"","ast-hfb-mobile-header-display":"","site-post-title":"","ast-breadcrumbs-content":"","ast-featured-img":"","footer-sml-layout":"","theme-transparent-header-meta":"","adv-header-id-meta":"","stick-header-meta":"","header-above-stick-meta":"","header-main-stick-meta":"","header-below-stick-meta":"","astra-migrate-meta-layouts":"default","ast-page-background-enabled":"default","ast-page-background-meta":{"desktop":{"background-color":"var(--ast-global-color-4)","background-image":"","background-repeat":"repeat","background-position":"center center","background-size":"auto","background-attachment":"scroll","background-type":"","background-media":"","overlay-type":"","overlay-color":"","overlay-opacity":"","overlay-gradient":""},"tablet":{"background-color":"","background-image":"","background-repeat":"repeat","background-position":"center center","background-size":"auto","background-attachment":"scroll","background-type":"","background-media":"","overlay-type":"","overlay-color":"","overlay-opacity":"","overlay-gradient":""},"mobile":{"background-color":"","background-image":"","background-repeat":"repeat","background-position":"center center","background-size":"auto","background-attachment":"scroll","background-type":"","background-media":"","overlay-type":"","overlay-color":"","overlay-opacity":"","overlay-gradient":""}},"ast-content-background-meta":{"desktop":{"background-color":"var(--ast-global-color-5)","background-image":"","background-repeat":"repeat","background-position":"center center","background-size":"auto","background-attachment":"scroll","background-type":"","background-media":"","overlay-type":"","overlay-color":"","overlay-opacity":"","overlay-gradient":""},"tablet":{"background-color":"var(--ast-global-color-5)","background-image":"","background-repeat":"repeat","background-position":"center center","background-size":"auto","background-attachment":"scroll","background-type":"","background-media":"","overlay-type":"","overlay-color":"","overlay-opacity":"","overlay-gradient":""},"mobile":{"background-color":"var(--ast-global-color-5)","background-image":"","background-repeat":"repeat","background-position":"center center","background-size":"auto","background-attachment":"scroll","background-type":"","background-media":"","overlay-type":"","overlay-color":"","overlay-opacity":"","overlay-gradient":""}},"footnotes":""},"categories":[31],"tags":[],"class_list":["post-19823","post","type-post","status-publish","format-standard","has-post-thumbnail","hentry","category-aktuality"],"yoast_head":"<!-- This site is optimized with the Yoast SEO plugin v27.4 - https:\/\/yoast.com\/product\/yoast-seo-wordpress\/ -->\n<title>Ga\u0161par Su\u0148og II. - \u010fal\u0161ia osobnos\u0165 Budat\u00ednskeho hradu - Pova\u017esk\u00e9 m\u00fazeum<\/title>\n<meta name=\"robots\" content=\"index, follow, max-snippet:-1, max-image-preview:large, max-video-preview:-1\" \/>\n<link rel=\"canonical\" href=\"https:\/\/pmza.sk\/?p=19823\" \/>\n<meta property=\"og:locale\" content=\"sk_SK\" \/>\n<meta property=\"og:type\" content=\"article\" \/>\n<meta property=\"og:title\" content=\"Ga\u0161par Su\u0148og II. - \u010fal\u0161ia osobnos\u0165 Budat\u00ednskeho hradu - Pova\u017esk\u00e9 m\u00fazeum\" \/>\n<meta property=\"og:description\" content=\"Mimoriadnou osobnos\u0165ou dej\u00edn Budat\u00ednskeho hradu bol Ga\u0161par Su\u0148og II. \u0160tudoval na univerzite vo Wittenbergu spolu s\u00a0Imrichom Turzom. Ke\u010f\u017ee si vraj viac u\u017e\u00edval bezstarostn\u00fd \u0161tudentsk\u00fd \u017eivot, nedosahoval tak\u00e9 \u0161tudijn\u00e9 v\u00fdsledky ako Imrich. Napokon v\u0161ak ukon\u010dil \u0161t\u00fadium filozofie z\u00edskan\u00edm titulu magistra. V\u00a01623 sa o\u017eenil so Zuzanou B\u00e1nfiovou a\u00a0st\u00e1l na strane Gabriela Betlena. Postupne za\u010dala jeho politick\u00e1 kari\u00e9ra [&hellip;]\" \/>\n<meta property=\"og:url\" content=\"https:\/\/pmza.sk\/?p=19823\" \/>\n<meta property=\"og:site_name\" content=\"Pova\u017esk\u00e9 m\u00fazeum\" \/>\n<meta property=\"article:publisher\" content=\"https:\/\/www.facebook.com\/povazskemuzeum\" \/>\n<meta property=\"article:published_time\" content=\"2017-01-29T07:20:35+00:00\" \/>\n<meta property=\"og:image\" content=\"https:\/\/pmza.sk\/wp-content\/uploads\/2017\/01\/szunyogh_gaspar.jpg\" \/>\n\t<meta property=\"og:image:width\" content=\"856\" \/>\n\t<meta property=\"og:image:height\" content=\"1137\" \/>\n\t<meta property=\"og:image:type\" content=\"image\/jpeg\" \/>\n<meta name=\"author\" content=\"Pova\u017esk\u00e9 m\u00fazeum\" \/>\n<meta name=\"twitter:card\" content=\"summary_large_image\" \/>\n<meta name=\"twitter:label1\" content=\"Autor\" \/>\n\t<meta name=\"twitter:data1\" content=\"Pova\u017esk\u00e9 m\u00fazeum\" \/>\n\t<meta name=\"twitter:label2\" content=\"Predpokladan\u00fd \u010das \u010d\u00edtania\" \/>\n\t<meta name=\"twitter:data2\" content=\"1 min\u00fata\" \/>\n<script type=\"application\/ld+json\" class=\"yoast-schema-graph\">{\"@context\":\"https:\\\/\\\/schema.org\",\"@graph\":[{\"@type\":\"Article\",\"@id\":\"https:\\\/\\\/pmza.sk\\\/?p=19823#article\",\"isPartOf\":{\"@id\":\"https:\\\/\\\/pmza.sk\\\/?p=19823\"},\"author\":{\"name\":\"Pova\u017esk\u00e9 m\u00fazeum\",\"@id\":\"https:\\\/\\\/pmza.sk\\\/#\\\/schema\\\/person\\\/595e6a2ce731ea94dcd5d7f50a41ae33\"},\"headline\":\"Ga\u0161par Su\u0148og II. &#8211; \u010fal\u0161ia osobnos\u0165 Budat\u00ednskeho hradu\",\"datePublished\":\"2017-01-29T07:20:35+00:00\",\"mainEntityOfPage\":{\"@id\":\"https:\\\/\\\/pmza.sk\\\/?p=19823\"},\"wordCount\":219,\"publisher\":{\"@id\":\"https:\\\/\\\/pmza.sk\\\/#organization\"},\"image\":{\"@id\":\"https:\\\/\\\/pmza.sk\\\/?p=19823#primaryimage\"},\"thumbnailUrl\":\"https:\\\/\\\/pmza.sk\\\/wp-content\\\/uploads\\\/2017\\\/01\\\/szunyogh_gaspar.jpg\",\"articleSection\":[\"Aktuality\"],\"inLanguage\":\"sk-SK\"},{\"@type\":\"WebPage\",\"@id\":\"https:\\\/\\\/pmza.sk\\\/?p=19823\",\"url\":\"https:\\\/\\\/pmza.sk\\\/?p=19823\",\"name\":\"Ga\u0161par Su\u0148og II. - \u010fal\u0161ia osobnos\u0165 Budat\u00ednskeho hradu - Pova\u017esk\u00e9 m\u00fazeum\",\"isPartOf\":{\"@id\":\"https:\\\/\\\/pmza.sk\\\/#website\"},\"primaryImageOfPage\":{\"@id\":\"https:\\\/\\\/pmza.sk\\\/?p=19823#primaryimage\"},\"image\":{\"@id\":\"https:\\\/\\\/pmza.sk\\\/?p=19823#primaryimage\"},\"thumbnailUrl\":\"https:\\\/\\\/pmza.sk\\\/wp-content\\\/uploads\\\/2017\\\/01\\\/szunyogh_gaspar.jpg\",\"datePublished\":\"2017-01-29T07:20:35+00:00\",\"breadcrumb\":{\"@id\":\"https:\\\/\\\/pmza.sk\\\/?p=19823#breadcrumb\"},\"inLanguage\":\"sk-SK\",\"potentialAction\":[{\"@type\":\"ReadAction\",\"target\":[\"https:\\\/\\\/pmza.sk\\\/?p=19823\"]}]},{\"@type\":\"ImageObject\",\"inLanguage\":\"sk-SK\",\"@id\":\"https:\\\/\\\/pmza.sk\\\/?p=19823#primaryimage\",\"url\":\"https:\\\/\\\/pmza.sk\\\/wp-content\\\/uploads\\\/2017\\\/01\\\/szunyogh_gaspar.jpg\",\"contentUrl\":\"https:\\\/\\\/pmza.sk\\\/wp-content\\\/uploads\\\/2017\\\/01\\\/szunyogh_gaspar.jpg\",\"width\":856,\"height\":1137},{\"@type\":\"BreadcrumbList\",\"@id\":\"https:\\\/\\\/pmza.sk\\\/?p=19823#breadcrumb\",\"itemListElement\":[{\"@type\":\"ListItem\",\"position\":1,\"name\":\"Domovsk\u00e1 str\u00e1nka\",\"item\":\"https:\\\/\\\/pmza.sk\\\/\"},{\"@type\":\"ListItem\",\"position\":2,\"name\":\"Ga\u0161par Su\u0148og II. &#8211; \u010fal\u0161ia osobnos\u0165 Budat\u00ednskeho hradu\"}]},{\"@type\":\"WebSite\",\"@id\":\"https:\\\/\\\/pmza.sk\\\/#website\",\"url\":\"https:\\\/\\\/pmza.sk\\\/\",\"name\":\"Pova\u017esk\u00e9 m\u00fazeum\",\"description\":\"Pova\u017esk\u00e9 m\u00fazeum v \u017diline je region\u00e1lne m\u00fazeum so s\u00eddlom v Budat\u00edne. Jeho expoz\u00edcie s\u00fa zameran\u00e9 na dejiny slovensk\u00e9ho umenia, kult\u00fary a dopravy.\",\"publisher\":{\"@id\":\"https:\\\/\\\/pmza.sk\\\/#organization\"},\"potentialAction\":[{\"@type\":\"SearchAction\",\"target\":{\"@type\":\"EntryPoint\",\"urlTemplate\":\"https:\\\/\\\/pmza.sk\\\/?s={search_term_string}\"},\"query-input\":{\"@type\":\"PropertyValueSpecification\",\"valueRequired\":true,\"valueName\":\"search_term_string\"}}],\"inLanguage\":\"sk-SK\"},{\"@type\":\"Organization\",\"@id\":\"https:\\\/\\\/pmza.sk\\\/#organization\",\"name\":\"Pova\u017esk\u00e9 m\u00fazeum\",\"url\":\"https:\\\/\\\/pmza.sk\\\/\",\"logo\":{\"@type\":\"ImageObject\",\"inLanguage\":\"sk-SK\",\"@id\":\"https:\\\/\\\/pmza.sk\\\/#\\\/schema\\\/logo\\\/image\\\/\",\"url\":\"https:\\\/\\\/pmza.sk\\\/wp-content\\\/uploads\\\/2022\\\/01\\\/logo_PM_horizontal.jpg\",\"contentUrl\":\"https:\\\/\\\/pmza.sk\\\/wp-content\\\/uploads\\\/2022\\\/01\\\/logo_PM_horizontal.jpg\",\"width\":231,\"height\":142,\"caption\":\"Pova\u017esk\u00e9 m\u00fazeum\"},\"image\":{\"@id\":\"https:\\\/\\\/pmza.sk\\\/#\\\/schema\\\/logo\\\/image\\\/\"},\"sameAs\":[\"https:\\\/\\\/www.facebook.com\\\/povazskemuzeum\",\"https:\\\/\\\/www.instagram.com\\\/povazskemuzeum\\\/\"]},{\"@type\":\"Person\",\"@id\":\"https:\\\/\\\/pmza.sk\\\/#\\\/schema\\\/person\\\/595e6a2ce731ea94dcd5d7f50a41ae33\",\"name\":\"Pova\u017esk\u00e9 m\u00fazeum\",\"image\":{\"@type\":\"ImageObject\",\"inLanguage\":\"sk-SK\",\"@id\":\"https:\\\/\\\/secure.gravatar.com\\\/avatar\\\/2bb7f1561282132fb5826dfeccc66c7996d11ee392ac6aaf7ced8a1c2027fbb2?s=96&d=mm&r=g\",\"url\":\"https:\\\/\\\/secure.gravatar.com\\\/avatar\\\/2bb7f1561282132fb5826dfeccc66c7996d11ee392ac6aaf7ced8a1c2027fbb2?s=96&d=mm&r=g\",\"contentUrl\":\"https:\\\/\\\/secure.gravatar.com\\\/avatar\\\/2bb7f1561282132fb5826dfeccc66c7996d11ee392ac6aaf7ced8a1c2027fbb2?s=96&d=mm&r=g\",\"caption\":\"Pova\u017esk\u00e9 m\u00fazeum\"}}]}<\/script>\n<!-- \/ Yoast SEO plugin. -->","yoast_head_json":{"title":"Ga\u0161par Su\u0148og II. - \u010fal\u0161ia osobnos\u0165 Budat\u00ednskeho hradu - Pova\u017esk\u00e9 m\u00fazeum","robots":{"index":"index","follow":"follow","max-snippet":"max-snippet:-1","max-image-preview":"max-image-preview:large","max-video-preview":"max-video-preview:-1"},"canonical":"https:\/\/pmza.sk\/?p=19823","og_locale":"sk_SK","og_type":"article","og_title":"Ga\u0161par Su\u0148og II. - \u010fal\u0161ia osobnos\u0165 Budat\u00ednskeho hradu - Pova\u017esk\u00e9 m\u00fazeum","og_description":"Mimoriadnou osobnos\u0165ou dej\u00edn Budat\u00ednskeho hradu bol Ga\u0161par Su\u0148og II. \u0160tudoval na univerzite vo Wittenbergu spolu s\u00a0Imrichom Turzom. Ke\u010f\u017ee si vraj viac u\u017e\u00edval bezstarostn\u00fd \u0161tudentsk\u00fd \u017eivot, nedosahoval tak\u00e9 \u0161tudijn\u00e9 v\u00fdsledky ako Imrich. Napokon v\u0161ak ukon\u010dil \u0161t\u00fadium filozofie z\u00edskan\u00edm titulu magistra. V\u00a01623 sa o\u017eenil so Zuzanou B\u00e1nfiovou a\u00a0st\u00e1l na strane Gabriela Betlena. Postupne za\u010dala jeho politick\u00e1 kari\u00e9ra [&hellip;]","og_url":"https:\/\/pmza.sk\/?p=19823","og_site_name":"Pova\u017esk\u00e9 m\u00fazeum","article_publisher":"https:\/\/www.facebook.com\/povazskemuzeum","article_published_time":"2017-01-29T07:20:35+00:00","og_image":[{"width":856,"height":1137,"url":"https:\/\/pmza.sk\/wp-content\/uploads\/2017\/01\/szunyogh_gaspar.jpg","type":"image\/jpeg"}],"author":"Pova\u017esk\u00e9 m\u00fazeum","twitter_card":"summary_large_image","twitter_misc":{"Autor":"Pova\u017esk\u00e9 m\u00fazeum","Predpokladan\u00fd \u010das \u010d\u00edtania":"1 min\u00fata"},"schema":{"@context":"https:\/\/schema.org","@graph":[{"@type":"Article","@id":"https:\/\/pmza.sk\/?p=19823#article","isPartOf":{"@id":"https:\/\/pmza.sk\/?p=19823"},"author":{"name":"Pova\u017esk\u00e9 m\u00fazeum","@id":"https:\/\/pmza.sk\/#\/schema\/person\/595e6a2ce731ea94dcd5d7f50a41ae33"},"headline":"Ga\u0161par Su\u0148og II. &#8211; \u010fal\u0161ia osobnos\u0165 Budat\u00ednskeho hradu","datePublished":"2017-01-29T07:20:35+00:00","mainEntityOfPage":{"@id":"https:\/\/pmza.sk\/?p=19823"},"wordCount":219,"publisher":{"@id":"https:\/\/pmza.sk\/#organization"},"image":{"@id":"https:\/\/pmza.sk\/?p=19823#primaryimage"},"thumbnailUrl":"https:\/\/pmza.sk\/wp-content\/uploads\/2017\/01\/szunyogh_gaspar.jpg","articleSection":["Aktuality"],"inLanguage":"sk-SK"},{"@type":"WebPage","@id":"https:\/\/pmza.sk\/?p=19823","url":"https:\/\/pmza.sk\/?p=19823","name":"Ga\u0161par Su\u0148og II. - \u010fal\u0161ia osobnos\u0165 Budat\u00ednskeho hradu - Pova\u017esk\u00e9 m\u00fazeum","isPartOf":{"@id":"https:\/\/pmza.sk\/#website"},"primaryImageOfPage":{"@id":"https:\/\/pmza.sk\/?p=19823#primaryimage"},"image":{"@id":"https:\/\/pmza.sk\/?p=19823#primaryimage"},"thumbnailUrl":"https:\/\/pmza.sk\/wp-content\/uploads\/2017\/01\/szunyogh_gaspar.jpg","datePublished":"2017-01-29T07:20:35+00:00","breadcrumb":{"@id":"https:\/\/pmza.sk\/?p=19823#breadcrumb"},"inLanguage":"sk-SK","potentialAction":[{"@type":"ReadAction","target":["https:\/\/pmza.sk\/?p=19823"]}]},{"@type":"ImageObject","inLanguage":"sk-SK","@id":"https:\/\/pmza.sk\/?p=19823#primaryimage","url":"https:\/\/pmza.sk\/wp-content\/uploads\/2017\/01\/szunyogh_gaspar.jpg","contentUrl":"https:\/\/pmza.sk\/wp-content\/uploads\/2017\/01\/szunyogh_gaspar.jpg","width":856,"height":1137},{"@type":"BreadcrumbList","@id":"https:\/\/pmza.sk\/?p=19823#breadcrumb","itemListElement":[{"@type":"ListItem","position":1,"name":"Domovsk\u00e1 str\u00e1nka","item":"https:\/\/pmza.sk\/"},{"@type":"ListItem","position":2,"name":"Ga\u0161par Su\u0148og II. &#8211; \u010fal\u0161ia osobnos\u0165 Budat\u00ednskeho hradu"}]},{"@type":"WebSite","@id":"https:\/\/pmza.sk\/#website","url":"https:\/\/pmza.sk\/","name":"Pova\u017esk\u00e9 m\u00fazeum","description":"Pova\u017esk\u00e9 m\u00fazeum v \u017diline je region\u00e1lne m\u00fazeum so s\u00eddlom v Budat\u00edne. Jeho expoz\u00edcie s\u00fa zameran\u00e9 na dejiny slovensk\u00e9ho umenia, kult\u00fary a dopravy.","publisher":{"@id":"https:\/\/pmza.sk\/#organization"},"potentialAction":[{"@type":"SearchAction","target":{"@type":"EntryPoint","urlTemplate":"https:\/\/pmza.sk\/?s={search_term_string}"},"query-input":{"@type":"PropertyValueSpecification","valueRequired":true,"valueName":"search_term_string"}}],"inLanguage":"sk-SK"},{"@type":"Organization","@id":"https:\/\/pmza.sk\/#organization","name":"Pova\u017esk\u00e9 m\u00fazeum","url":"https:\/\/pmza.sk\/","logo":{"@type":"ImageObject","inLanguage":"sk-SK","@id":"https:\/\/pmza.sk\/#\/schema\/logo\/image\/","url":"https:\/\/pmza.sk\/wp-content\/uploads\/2022\/01\/logo_PM_horizontal.jpg","contentUrl":"https:\/\/pmza.sk\/wp-content\/uploads\/2022\/01\/logo_PM_horizontal.jpg","width":231,"height":142,"caption":"Pova\u017esk\u00e9 m\u00fazeum"},"image":{"@id":"https:\/\/pmza.sk\/#\/schema\/logo\/image\/"},"sameAs":["https:\/\/www.facebook.com\/povazskemuzeum","https:\/\/www.instagram.com\/povazskemuzeum\/"]},{"@type":"Person","@id":"https:\/\/pmza.sk\/#\/schema\/person\/595e6a2ce731ea94dcd5d7f50a41ae33","name":"Pova\u017esk\u00e9 m\u00fazeum","image":{"@type":"ImageObject","inLanguage":"sk-SK","@id":"https:\/\/secure.gravatar.com\/avatar\/2bb7f1561282132fb5826dfeccc66c7996d11ee392ac6aaf7ced8a1c2027fbb2?s=96&d=mm&r=g","url":"https:\/\/secure.gravatar.com\/avatar\/2bb7f1561282132fb5826dfeccc66c7996d11ee392ac6aaf7ced8a1c2027fbb2?s=96&d=mm&r=g","contentUrl":"https:\/\/secure.gravatar.com\/avatar\/2bb7f1561282132fb5826dfeccc66c7996d11ee392ac6aaf7ced8a1c2027fbb2?s=96&d=mm&r=g","caption":"Pova\u017esk\u00e9 m\u00fazeum"}}]}},"_links":{"self":[{"href":"https:\/\/pmza.sk\/index.php?rest_route=\/wp\/v2\/posts\/19823","targetHints":{"allow":["GET"]}}],"collection":[{"href":"https:\/\/pmza.sk\/index.php?rest_route=\/wp\/v2\/posts"}],"about":[{"href":"https:\/\/pmza.sk\/index.php?rest_route=\/wp\/v2\/types\/post"}],"author":[{"embeddable":true,"href":"https:\/\/pmza.sk\/index.php?rest_route=\/wp\/v2\/users\/2"}],"replies":[{"embeddable":true,"href":"https:\/\/pmza.sk\/index.php?rest_route=%2Fwp%2Fv2%2Fcomments&post=19823"}],"version-history":[{"count":0,"href":"https:\/\/pmza.sk\/index.php?rest_route=\/wp\/v2\/posts\/19823\/revisions"}],"wp:featuredmedia":[{"embeddable":true,"href":"https:\/\/pmza.sk\/index.php?rest_route=\/wp\/v2\/media\/19822"}],"wp:attachment":[{"href":"https:\/\/pmza.sk\/index.php?rest_route=%2Fwp%2Fv2%2Fmedia&parent=19823"}],"wp:term":[{"taxonomy":"category","embeddable":true,"href":"https:\/\/pmza.sk\/index.php?rest_route=%2Fwp%2Fv2%2Fcategories&post=19823"},{"taxonomy":"post_tag","embeddable":true,"href":"https:\/\/pmza.sk\/index.php?rest_route=%2Fwp%2Fv2%2Ftags&post=19823"}],"curies":[{"name":"wp","href":"https:\/\/api.w.org\/{rel}","templated":true}]}}