{"id":19835,"date":"2017-01-31T13:57:12","date_gmt":"2017-01-31T12:57:12","guid":{"rendered":"https:\/\/pmza.sk.sk\/?p=19835"},"modified":"2017-01-31T13:57:12","modified_gmt":"2017-01-31T12:57:12","slug":"zupa-ziskala-dalsi-grant-obnova-hradu-pokracuje","status":"publish","type":"post","link":"https:\/\/pmza.sk\/?p=19835","title":{"rendered":"\u017dupa z\u00edskala \u010fal\u0161\u00ed grant. Obnova hradu pokra\u010duje."},"content":{"rendered":"<p>\u017dilinsk\u00fd samospr\u00e1vny kraj z\u00edskal nav\u00fd\u0161enie projektov\u00e9ho grantu na rekon\u0161trukciu Budat\u00ednskeho hradu. \u201eLen pred \u0161iestimi mesiacmi sme ukon\u010dili pr\u00e1ce vo vn\u00fatri hradu, ktor\u00fd sme tak po desa\u0165ro\u010d\u00ed mohli op\u00e4\u0165 otvori\u0165 pre n\u00e1v\u0161tevn\u00edkov, a\u00a0hne\u010f na za\u010diatku nov\u00e9ho roka pri\u0161la skvel\u00e1 spr\u00e1va o\u00a0nav\u00fd\u0161en\u00ed grantu. V\u010faka finan\u010dnej dot\u00e1cii z\u00a0n\u00f3rskych fondov m\u00f4\u017eeme tak pokra\u010dova\u0165 v\u00a0obnove na\u0161ej jedine\u010dnej n\u00e1rodnej kult\u00farnej pamiatky,\u201c informoval predseda \u017dSK Juraj Blan\u00e1r. Pod\u013ea jeho slov nov\u00fa tv\u00e1r dostane \u010das\u0165 hradu oproti kaplnke nach\u00e1dzaj\u00faca sa pod terasou.<\/p>\n<figure id=\"attachment_19833\" aria-describedby=\"caption-attachment-19833\" style=\"width: 278px\" class=\"wp-caption alignleft\"><a href=\"https:\/\/pmza.sk\/wp-content\/uploads\/2017\/01\/ZSK_Hradny-areal-v-Budatine-pocas-prvej-rekonstrukcie.jpg\"><img fetchpriority=\"high\" decoding=\"async\" class=\"wp-image-19833 \" src=\"https:\/\/pmza.sk.sk\/wp-content\/uploads\/2017\/01\/\u017dSK_Hradn\u00fd-are\u00e1l-v-Budat\u00edne-po\u010das-prvej-rekon\u0161trukcie-150x100.jpg\" width=\"278\" height=\"185\" \/><\/a><figcaption id=\"caption-attachment-19833\" class=\"wp-caption-text\">Hradn\u00fd are\u00e1l v Budat\u00edne po\u010das prvej rekon\u0161trukcie<\/figcaption><\/figure>\n<p>Projekt po\u010d\u00edta s\u00a0n\u00e1kladmi vo v\u00fd\u0161ke 117-tis\u00edc eur, pri\u010dom dot\u00e1cia pokryje v\u00fddavky v\u00a0hodnote 100-tis\u00edc eur a\u00a0zvy\u0161ok dofinancuje kraj. V nov\u00fdch priestoroch vznikne unik\u00e1tna v\u00fdstavn\u00e1 miestnos\u0165 s\u00a0pr\u00edru\u010dn\u00fdm depozitom.<\/p>\n<p>\u201eAj v\u010faka n\u00f3rskemu finan\u010dn\u00e9mu mechanizmu sme minul\u00fd rok zrekon\u0161truovali barokov\u00fa kaplnku v Budat\u00edne a\u00a0v\u00a0roku 2009 sme taktie\u017e obnovili najv\u00fdznamnej\u0161iu renesan\u010dn\u00fa pamiatku v\u00a0strednej Eur\u00f3pe \u2013 Sob\u00e1\u0161ny pal\u00e1c v\u00a0Byt\u010di. Pal\u00e1c je dnes skvostom Horn\u00e9ho Pova\u017eia a\u00a0na\u0161\u00edm cie\u013eom je postupne takto zrenovova\u0165 aj cel\u00fd Budat\u00ednsky hrad,\u201c pribl\u00ed\u017eil J. Blan\u00e1r.<\/p>\n<p>Doteraz sa \u017eupe podarilo vr\u00e1ti\u0165 \u017eivot do Budat\u00ednskeho parku, hradnej ve\u017ee, kaplnky a\u00a0\u010dasti vn\u00fatorn\u00fdch priestorov samotn\u00e9ho hradu. Invest\u00edcie boli vo v\u00fd\u0161ke viac ako p\u00e4\u0165 mili\u00f3nov eur. Na obnovu e\u0161te \u010dak\u00e1 hospod\u00e1rska budova a\u00a0\u010fal\u0161ie interi\u00e9ry.<\/p>\n<p style=\"text-align: right;\"><strong>Lenka Z\u00e1tekov\u00e1<br \/>hovorky\u0148a \u017dSK<\/strong><\/p>\n","protected":false},"excerpt":{"rendered":"<p>\u017dilinsk\u00fd samospr\u00e1vny kraj z\u00edskal nav\u00fd\u0161enie projektov\u00e9ho grantu na rekon\u0161trukciu Budat\u00ednskeho hradu. \u201eLen pred \u0161iestimi mesiacmi sme ukon\u010dili pr\u00e1ce vo vn\u00fatri hradu, ktor\u00fd sme tak po desa\u0165ro\u010d\u00ed mohli op\u00e4\u0165 otvori\u0165 pre n\u00e1v\u0161tevn\u00edkov, a\u00a0hne\u010f na za\u010diatku nov\u00e9ho roka pri\u0161la skvel\u00e1 spr\u00e1va o\u00a0nav\u00fd\u0161en\u00ed grantu. V\u010faka finan\u010dnej dot\u00e1cii z\u00a0n\u00f3rskych fondov m\u00f4\u017eeme tak pokra\u010dova\u0165 v\u00a0obnove na\u0161ej jedine\u010dnej n\u00e1rodnej kult\u00farnej pamiatky,\u201c [&hellip;]<\/p>\n","protected":false},"author":2,"featured_media":19834,"comment_status":"closed","ping_status":"closed","sticky":false,"template":"","format":"standard","meta":{"site-sidebar-layout":"default","site-content-layout":"","ast-site-content-layout":"","site-content-style":"default","site-sidebar-style":"default","ast-global-header-display":"","ast-banner-title-visibility":"","ast-main-header-display":"","ast-hfb-above-header-display":"","ast-hfb-below-header-display":"","ast-hfb-mobile-header-display":"","site-post-title":"","ast-breadcrumbs-content":"","ast-featured-img":"","footer-sml-layout":"","theme-transparent-header-meta":"","adv-header-id-meta":"","stick-header-meta":"","header-above-stick-meta":"","header-main-stick-meta":"","header-below-stick-meta":"","astra-migrate-meta-layouts":"default","ast-page-background-enabled":"default","ast-page-background-meta":{"desktop":{"background-color":"var(--ast-global-color-4)","background-image":"","background-repeat":"repeat","background-position":"center center","background-size":"auto","background-attachment":"scroll","background-type":"","background-media":"","overlay-type":"","overlay-color":"","overlay-opacity":"","overlay-gradient":""},"tablet":{"background-color":"","background-image":"","background-repeat":"repeat","background-position":"center center","background-size":"auto","background-attachment":"scroll","background-type":"","background-media":"","overlay-type":"","overlay-color":"","overlay-opacity":"","overlay-gradient":""},"mobile":{"background-color":"","background-image":"","background-repeat":"repeat","background-position":"center center","background-size":"auto","background-attachment":"scroll","background-type":"","background-media":"","overlay-type":"","overlay-color":"","overlay-opacity":"","overlay-gradient":""}},"ast-content-background-meta":{"desktop":{"background-color":"var(--ast-global-color-5)","background-image":"","background-repeat":"repeat","background-position":"center center","background-size":"auto","background-attachment":"scroll","background-type":"","background-media":"","overlay-type":"","overlay-color":"","overlay-opacity":"","overlay-gradient":""},"tablet":{"background-color":"var(--ast-global-color-5)","background-image":"","background-repeat":"repeat","background-position":"center center","background-size":"auto","background-attachment":"scroll","background-type":"","background-media":"","overlay-type":"","overlay-color":"","overlay-opacity":"","overlay-gradient":""},"mobile":{"background-color":"var(--ast-global-color-5)","background-image":"","background-repeat":"repeat","background-position":"center center","background-size":"auto","background-attachment":"scroll","background-type":"","background-media":"","overlay-type":"","overlay-color":"","overlay-opacity":"","overlay-gradient":""}},"footnotes":""},"categories":[31],"tags":[],"class_list":["post-19835","post","type-post","status-publish","format-standard","has-post-thumbnail","hentry","category-aktuality"],"yoast_head":"<!-- This site is optimized with the Yoast SEO plugin v27.4 - https:\/\/yoast.com\/product\/yoast-seo-wordpress\/ -->\n<title>\u017dupa z\u00edskala \u010fal\u0161\u00ed grant. Obnova hradu pokra\u010duje. - Pova\u017esk\u00e9 m\u00fazeum<\/title>\n<meta name=\"robots\" content=\"index, follow, max-snippet:-1, max-image-preview:large, max-video-preview:-1\" \/>\n<link rel=\"canonical\" href=\"https:\/\/pmza.sk\/?p=19835\" \/>\n<meta property=\"og:locale\" content=\"sk_SK\" \/>\n<meta property=\"og:type\" content=\"article\" \/>\n<meta property=\"og:title\" content=\"\u017dupa z\u00edskala \u010fal\u0161\u00ed grant. Obnova hradu pokra\u010duje. - Pova\u017esk\u00e9 m\u00fazeum\" \/>\n<meta property=\"og:description\" content=\"\u017dilinsk\u00fd samospr\u00e1vny kraj z\u00edskal nav\u00fd\u0161enie projektov\u00e9ho grantu na rekon\u0161trukciu Budat\u00ednskeho hradu. \u201eLen pred \u0161iestimi mesiacmi sme ukon\u010dili pr\u00e1ce vo vn\u00fatri hradu, ktor\u00fd sme tak po desa\u0165ro\u010d\u00ed mohli op\u00e4\u0165 otvori\u0165 pre n\u00e1v\u0161tevn\u00edkov, a\u00a0hne\u010f na za\u010diatku nov\u00e9ho roka pri\u0161la skvel\u00e1 spr\u00e1va o\u00a0nav\u00fd\u0161en\u00ed grantu. V\u010faka finan\u010dnej dot\u00e1cii z\u00a0n\u00f3rskych fondov m\u00f4\u017eeme tak pokra\u010dova\u0165 v\u00a0obnove na\u0161ej jedine\u010dnej n\u00e1rodnej kult\u00farnej pamiatky,\u201c [&hellip;]\" \/>\n<meta property=\"og:url\" content=\"https:\/\/pmza.sk\/?p=19835\" \/>\n<meta property=\"og:site_name\" content=\"Pova\u017esk\u00e9 m\u00fazeum\" \/>\n<meta property=\"article:publisher\" content=\"https:\/\/www.facebook.com\/povazskemuzeum\" \/>\n<meta property=\"article:published_time\" content=\"2017-01-31T12:57:12+00:00\" \/>\n<meta property=\"og:image\" content=\"https:\/\/pmza.sk\/wp-content\/uploads\/2017\/01\/ZSK_Do-obnovy-Budatinskeho-hradu-investovala-zupa-uz-viac-ako-pat-milionov-eur.jpg\" \/>\n\t<meta property=\"og:image:width\" content=\"1024\" \/>\n\t<meta property=\"og:image:height\" content=\"683\" \/>\n\t<meta property=\"og:image:type\" content=\"image\/jpeg\" \/>\n<meta name=\"author\" content=\"Pova\u017esk\u00e9 m\u00fazeum\" \/>\n<meta name=\"twitter:card\" content=\"summary_large_image\" \/>\n<meta name=\"twitter:label1\" content=\"Autor\" \/>\n\t<meta name=\"twitter:data1\" content=\"Pova\u017esk\u00e9 m\u00fazeum\" \/>\n\t<meta name=\"twitter:label2\" content=\"Predpokladan\u00fd \u010das \u010d\u00edtania\" \/>\n\t<meta name=\"twitter:data2\" content=\"1 min\u00fata\" \/>\n<script type=\"application\/ld+json\" class=\"yoast-schema-graph\">{\"@context\":\"https:\\\/\\\/schema.org\",\"@graph\":[{\"@type\":\"Article\",\"@id\":\"https:\\\/\\\/pmza.sk\\\/?p=19835#article\",\"isPartOf\":{\"@id\":\"https:\\\/\\\/pmza.sk\\\/?p=19835\"},\"author\":{\"name\":\"Pova\u017esk\u00e9 m\u00fazeum\",\"@id\":\"https:\\\/\\\/pmza.sk\\\/#\\\/schema\\\/person\\\/595e6a2ce731ea94dcd5d7f50a41ae33\"},\"headline\":\"\u017dupa z\u00edskala \u010fal\u0161\u00ed grant. Obnova hradu pokra\u010duje.\",\"datePublished\":\"2017-01-31T12:57:12+00:00\",\"mainEntityOfPage\":{\"@id\":\"https:\\\/\\\/pmza.sk\\\/?p=19835\"},\"wordCount\":308,\"publisher\":{\"@id\":\"https:\\\/\\\/pmza.sk\\\/#organization\"},\"image\":{\"@id\":\"https:\\\/\\\/pmza.sk\\\/?p=19835#primaryimage\"},\"thumbnailUrl\":\"https:\\\/\\\/pmza.sk\\\/wp-content\\\/uploads\\\/2017\\\/01\\\/ZSK_Do-obnovy-Budatinskeho-hradu-investovala-zupa-uz-viac-ako-pat-milionov-eur.jpg\",\"articleSection\":[\"Aktuality\"],\"inLanguage\":\"sk-SK\"},{\"@type\":\"WebPage\",\"@id\":\"https:\\\/\\\/pmza.sk\\\/?p=19835\",\"url\":\"https:\\\/\\\/pmza.sk\\\/?p=19835\",\"name\":\"\u017dupa z\u00edskala \u010fal\u0161\u00ed grant. Obnova hradu pokra\u010duje. - Pova\u017esk\u00e9 m\u00fazeum\",\"isPartOf\":{\"@id\":\"https:\\\/\\\/pmza.sk\\\/#website\"},\"primaryImageOfPage\":{\"@id\":\"https:\\\/\\\/pmza.sk\\\/?p=19835#primaryimage\"},\"image\":{\"@id\":\"https:\\\/\\\/pmza.sk\\\/?p=19835#primaryimage\"},\"thumbnailUrl\":\"https:\\\/\\\/pmza.sk\\\/wp-content\\\/uploads\\\/2017\\\/01\\\/ZSK_Do-obnovy-Budatinskeho-hradu-investovala-zupa-uz-viac-ako-pat-milionov-eur.jpg\",\"datePublished\":\"2017-01-31T12:57:12+00:00\",\"breadcrumb\":{\"@id\":\"https:\\\/\\\/pmza.sk\\\/?p=19835#breadcrumb\"},\"inLanguage\":\"sk-SK\",\"potentialAction\":[{\"@type\":\"ReadAction\",\"target\":[\"https:\\\/\\\/pmza.sk\\\/?p=19835\"]}]},{\"@type\":\"ImageObject\",\"inLanguage\":\"sk-SK\",\"@id\":\"https:\\\/\\\/pmza.sk\\\/?p=19835#primaryimage\",\"url\":\"https:\\\/\\\/pmza.sk\\\/wp-content\\\/uploads\\\/2017\\\/01\\\/ZSK_Do-obnovy-Budatinskeho-hradu-investovala-zupa-uz-viac-ako-pat-milionov-eur.jpg\",\"contentUrl\":\"https:\\\/\\\/pmza.sk\\\/wp-content\\\/uploads\\\/2017\\\/01\\\/ZSK_Do-obnovy-Budatinskeho-hradu-investovala-zupa-uz-viac-ako-pat-milionov-eur.jpg\",\"width\":1024,\"height\":683},{\"@type\":\"BreadcrumbList\",\"@id\":\"https:\\\/\\\/pmza.sk\\\/?p=19835#breadcrumb\",\"itemListElement\":[{\"@type\":\"ListItem\",\"position\":1,\"name\":\"Domovsk\u00e1 str\u00e1nka\",\"item\":\"https:\\\/\\\/pmza.sk\\\/\"},{\"@type\":\"ListItem\",\"position\":2,\"name\":\"\u017dupa z\u00edskala \u010fal\u0161\u00ed grant. Obnova hradu pokra\u010duje.\"}]},{\"@type\":\"WebSite\",\"@id\":\"https:\\\/\\\/pmza.sk\\\/#website\",\"url\":\"https:\\\/\\\/pmza.sk\\\/\",\"name\":\"Pova\u017esk\u00e9 m\u00fazeum\",\"description\":\"Pova\u017esk\u00e9 m\u00fazeum v \u017diline je region\u00e1lne m\u00fazeum so s\u00eddlom v Budat\u00edne. Jeho expoz\u00edcie s\u00fa zameran\u00e9 na dejiny slovensk\u00e9ho umenia, kult\u00fary a dopravy.\",\"publisher\":{\"@id\":\"https:\\\/\\\/pmza.sk\\\/#organization\"},\"potentialAction\":[{\"@type\":\"SearchAction\",\"target\":{\"@type\":\"EntryPoint\",\"urlTemplate\":\"https:\\\/\\\/pmza.sk\\\/?s={search_term_string}\"},\"query-input\":{\"@type\":\"PropertyValueSpecification\",\"valueRequired\":true,\"valueName\":\"search_term_string\"}}],\"inLanguage\":\"sk-SK\"},{\"@type\":\"Organization\",\"@id\":\"https:\\\/\\\/pmza.sk\\\/#organization\",\"name\":\"Pova\u017esk\u00e9 m\u00fazeum\",\"url\":\"https:\\\/\\\/pmza.sk\\\/\",\"logo\":{\"@type\":\"ImageObject\",\"inLanguage\":\"sk-SK\",\"@id\":\"https:\\\/\\\/pmza.sk\\\/#\\\/schema\\\/logo\\\/image\\\/\",\"url\":\"https:\\\/\\\/pmza.sk\\\/wp-content\\\/uploads\\\/2022\\\/01\\\/logo_PM_horizontal.jpg\",\"contentUrl\":\"https:\\\/\\\/pmza.sk\\\/wp-content\\\/uploads\\\/2022\\\/01\\\/logo_PM_horizontal.jpg\",\"width\":231,\"height\":142,\"caption\":\"Pova\u017esk\u00e9 m\u00fazeum\"},\"image\":{\"@id\":\"https:\\\/\\\/pmza.sk\\\/#\\\/schema\\\/logo\\\/image\\\/\"},\"sameAs\":[\"https:\\\/\\\/www.facebook.com\\\/povazskemuzeum\",\"https:\\\/\\\/www.instagram.com\\\/povazskemuzeum\\\/\"]},{\"@type\":\"Person\",\"@id\":\"https:\\\/\\\/pmza.sk\\\/#\\\/schema\\\/person\\\/595e6a2ce731ea94dcd5d7f50a41ae33\",\"name\":\"Pova\u017esk\u00e9 m\u00fazeum\",\"image\":{\"@type\":\"ImageObject\",\"inLanguage\":\"sk-SK\",\"@id\":\"https:\\\/\\\/secure.gravatar.com\\\/avatar\\\/2bb7f1561282132fb5826dfeccc66c7996d11ee392ac6aaf7ced8a1c2027fbb2?s=96&d=mm&r=g\",\"url\":\"https:\\\/\\\/secure.gravatar.com\\\/avatar\\\/2bb7f1561282132fb5826dfeccc66c7996d11ee392ac6aaf7ced8a1c2027fbb2?s=96&d=mm&r=g\",\"contentUrl\":\"https:\\\/\\\/secure.gravatar.com\\\/avatar\\\/2bb7f1561282132fb5826dfeccc66c7996d11ee392ac6aaf7ced8a1c2027fbb2?s=96&d=mm&r=g\",\"caption\":\"Pova\u017esk\u00e9 m\u00fazeum\"}}]}<\/script>\n<!-- \/ Yoast SEO plugin. -->","yoast_head_json":{"title":"\u017dupa z\u00edskala \u010fal\u0161\u00ed grant. Obnova hradu pokra\u010duje. - Pova\u017esk\u00e9 m\u00fazeum","robots":{"index":"index","follow":"follow","max-snippet":"max-snippet:-1","max-image-preview":"max-image-preview:large","max-video-preview":"max-video-preview:-1"},"canonical":"https:\/\/pmza.sk\/?p=19835","og_locale":"sk_SK","og_type":"article","og_title":"\u017dupa z\u00edskala \u010fal\u0161\u00ed grant. Obnova hradu pokra\u010duje. - Pova\u017esk\u00e9 m\u00fazeum","og_description":"\u017dilinsk\u00fd samospr\u00e1vny kraj z\u00edskal nav\u00fd\u0161enie projektov\u00e9ho grantu na rekon\u0161trukciu Budat\u00ednskeho hradu. \u201eLen pred \u0161iestimi mesiacmi sme ukon\u010dili pr\u00e1ce vo vn\u00fatri hradu, ktor\u00fd sme tak po desa\u0165ro\u010d\u00ed mohli op\u00e4\u0165 otvori\u0165 pre n\u00e1v\u0161tevn\u00edkov, a\u00a0hne\u010f na za\u010diatku nov\u00e9ho roka pri\u0161la skvel\u00e1 spr\u00e1va o\u00a0nav\u00fd\u0161en\u00ed grantu. V\u010faka finan\u010dnej dot\u00e1cii z\u00a0n\u00f3rskych fondov m\u00f4\u017eeme tak pokra\u010dova\u0165 v\u00a0obnove na\u0161ej jedine\u010dnej n\u00e1rodnej kult\u00farnej pamiatky,\u201c [&hellip;]","og_url":"https:\/\/pmza.sk\/?p=19835","og_site_name":"Pova\u017esk\u00e9 m\u00fazeum","article_publisher":"https:\/\/www.facebook.com\/povazskemuzeum","article_published_time":"2017-01-31T12:57:12+00:00","og_image":[{"width":1024,"height":683,"url":"https:\/\/pmza.sk\/wp-content\/uploads\/2017\/01\/ZSK_Do-obnovy-Budatinskeho-hradu-investovala-zupa-uz-viac-ako-pat-milionov-eur.jpg","type":"image\/jpeg"}],"author":"Pova\u017esk\u00e9 m\u00fazeum","twitter_card":"summary_large_image","twitter_misc":{"Autor":"Pova\u017esk\u00e9 m\u00fazeum","Predpokladan\u00fd \u010das \u010d\u00edtania":"1 min\u00fata"},"schema":{"@context":"https:\/\/schema.org","@graph":[{"@type":"Article","@id":"https:\/\/pmza.sk\/?p=19835#article","isPartOf":{"@id":"https:\/\/pmza.sk\/?p=19835"},"author":{"name":"Pova\u017esk\u00e9 m\u00fazeum","@id":"https:\/\/pmza.sk\/#\/schema\/person\/595e6a2ce731ea94dcd5d7f50a41ae33"},"headline":"\u017dupa z\u00edskala \u010fal\u0161\u00ed grant. Obnova hradu pokra\u010duje.","datePublished":"2017-01-31T12:57:12+00:00","mainEntityOfPage":{"@id":"https:\/\/pmza.sk\/?p=19835"},"wordCount":308,"publisher":{"@id":"https:\/\/pmza.sk\/#organization"},"image":{"@id":"https:\/\/pmza.sk\/?p=19835#primaryimage"},"thumbnailUrl":"https:\/\/pmza.sk\/wp-content\/uploads\/2017\/01\/ZSK_Do-obnovy-Budatinskeho-hradu-investovala-zupa-uz-viac-ako-pat-milionov-eur.jpg","articleSection":["Aktuality"],"inLanguage":"sk-SK"},{"@type":"WebPage","@id":"https:\/\/pmza.sk\/?p=19835","url":"https:\/\/pmza.sk\/?p=19835","name":"\u017dupa z\u00edskala \u010fal\u0161\u00ed grant. Obnova hradu pokra\u010duje. - Pova\u017esk\u00e9 m\u00fazeum","isPartOf":{"@id":"https:\/\/pmza.sk\/#website"},"primaryImageOfPage":{"@id":"https:\/\/pmza.sk\/?p=19835#primaryimage"},"image":{"@id":"https:\/\/pmza.sk\/?p=19835#primaryimage"},"thumbnailUrl":"https:\/\/pmza.sk\/wp-content\/uploads\/2017\/01\/ZSK_Do-obnovy-Budatinskeho-hradu-investovala-zupa-uz-viac-ako-pat-milionov-eur.jpg","datePublished":"2017-01-31T12:57:12+00:00","breadcrumb":{"@id":"https:\/\/pmza.sk\/?p=19835#breadcrumb"},"inLanguage":"sk-SK","potentialAction":[{"@type":"ReadAction","target":["https:\/\/pmza.sk\/?p=19835"]}]},{"@type":"ImageObject","inLanguage":"sk-SK","@id":"https:\/\/pmza.sk\/?p=19835#primaryimage","url":"https:\/\/pmza.sk\/wp-content\/uploads\/2017\/01\/ZSK_Do-obnovy-Budatinskeho-hradu-investovala-zupa-uz-viac-ako-pat-milionov-eur.jpg","contentUrl":"https:\/\/pmza.sk\/wp-content\/uploads\/2017\/01\/ZSK_Do-obnovy-Budatinskeho-hradu-investovala-zupa-uz-viac-ako-pat-milionov-eur.jpg","width":1024,"height":683},{"@type":"BreadcrumbList","@id":"https:\/\/pmza.sk\/?p=19835#breadcrumb","itemListElement":[{"@type":"ListItem","position":1,"name":"Domovsk\u00e1 str\u00e1nka","item":"https:\/\/pmza.sk\/"},{"@type":"ListItem","position":2,"name":"\u017dupa z\u00edskala \u010fal\u0161\u00ed grant. Obnova hradu pokra\u010duje."}]},{"@type":"WebSite","@id":"https:\/\/pmza.sk\/#website","url":"https:\/\/pmza.sk\/","name":"Pova\u017esk\u00e9 m\u00fazeum","description":"Pova\u017esk\u00e9 m\u00fazeum v \u017diline je region\u00e1lne m\u00fazeum so s\u00eddlom v Budat\u00edne. Jeho expoz\u00edcie s\u00fa zameran\u00e9 na dejiny slovensk\u00e9ho umenia, kult\u00fary a dopravy.","publisher":{"@id":"https:\/\/pmza.sk\/#organization"},"potentialAction":[{"@type":"SearchAction","target":{"@type":"EntryPoint","urlTemplate":"https:\/\/pmza.sk\/?s={search_term_string}"},"query-input":{"@type":"PropertyValueSpecification","valueRequired":true,"valueName":"search_term_string"}}],"inLanguage":"sk-SK"},{"@type":"Organization","@id":"https:\/\/pmza.sk\/#organization","name":"Pova\u017esk\u00e9 m\u00fazeum","url":"https:\/\/pmza.sk\/","logo":{"@type":"ImageObject","inLanguage":"sk-SK","@id":"https:\/\/pmza.sk\/#\/schema\/logo\/image\/","url":"https:\/\/pmza.sk\/wp-content\/uploads\/2022\/01\/logo_PM_horizontal.jpg","contentUrl":"https:\/\/pmza.sk\/wp-content\/uploads\/2022\/01\/logo_PM_horizontal.jpg","width":231,"height":142,"caption":"Pova\u017esk\u00e9 m\u00fazeum"},"image":{"@id":"https:\/\/pmza.sk\/#\/schema\/logo\/image\/"},"sameAs":["https:\/\/www.facebook.com\/povazskemuzeum","https:\/\/www.instagram.com\/povazskemuzeum\/"]},{"@type":"Person","@id":"https:\/\/pmza.sk\/#\/schema\/person\/595e6a2ce731ea94dcd5d7f50a41ae33","name":"Pova\u017esk\u00e9 m\u00fazeum","image":{"@type":"ImageObject","inLanguage":"sk-SK","@id":"https:\/\/secure.gravatar.com\/avatar\/2bb7f1561282132fb5826dfeccc66c7996d11ee392ac6aaf7ced8a1c2027fbb2?s=96&d=mm&r=g","url":"https:\/\/secure.gravatar.com\/avatar\/2bb7f1561282132fb5826dfeccc66c7996d11ee392ac6aaf7ced8a1c2027fbb2?s=96&d=mm&r=g","contentUrl":"https:\/\/secure.gravatar.com\/avatar\/2bb7f1561282132fb5826dfeccc66c7996d11ee392ac6aaf7ced8a1c2027fbb2?s=96&d=mm&r=g","caption":"Pova\u017esk\u00e9 m\u00fazeum"}}]}},"_links":{"self":[{"href":"https:\/\/pmza.sk\/index.php?rest_route=\/wp\/v2\/posts\/19835","targetHints":{"allow":["GET"]}}],"collection":[{"href":"https:\/\/pmza.sk\/index.php?rest_route=\/wp\/v2\/posts"}],"about":[{"href":"https:\/\/pmza.sk\/index.php?rest_route=\/wp\/v2\/types\/post"}],"author":[{"embeddable":true,"href":"https:\/\/pmza.sk\/index.php?rest_route=\/wp\/v2\/users\/2"}],"replies":[{"embeddable":true,"href":"https:\/\/pmza.sk\/index.php?rest_route=%2Fwp%2Fv2%2Fcomments&post=19835"}],"version-history":[{"count":0,"href":"https:\/\/pmza.sk\/index.php?rest_route=\/wp\/v2\/posts\/19835\/revisions"}],"wp:featuredmedia":[{"embeddable":true,"href":"https:\/\/pmza.sk\/index.php?rest_route=\/wp\/v2\/media\/19834"}],"wp:attachment":[{"href":"https:\/\/pmza.sk\/index.php?rest_route=%2Fwp%2Fv2%2Fmedia&parent=19835"}],"wp:term":[{"taxonomy":"category","embeddable":true,"href":"https:\/\/pmza.sk\/index.php?rest_route=%2Fwp%2Fv2%2Fcategories&post=19835"},{"taxonomy":"post_tag","embeddable":true,"href":"https:\/\/pmza.sk\/index.php?rest_route=%2Fwp%2Fv2%2Ftags&post=19835"}],"curies":[{"name":"wp","href":"https:\/\/api.w.org\/{rel}","templated":true}]}}