{"id":19844,"date":"2017-02-01T14:13:01","date_gmt":"2017-02-01T13:13:01","guid":{"rendered":"https:\/\/pmza.sk.sk\/?p=19844"},"modified":"2017-02-01T14:13:01","modified_gmt":"2017-02-01T13:13:01","slug":"kulturny-februar-uzavru-tradicne-fasiangove-oslavy","status":"publish","type":"post","link":"https:\/\/pmza.sk\/?p=19844","title":{"rendered":"Kult\u00farny febru\u00e1r uzavr\u00fa tradi\u010dn\u00e9 fa\u0161iangov\u00e9 oslavy"},"content":{"rendered":"<p>Aj vo febru\u00e1ri maj\u00fa m\u00faze\u00e1, gal\u00e9rie, divadl\u00e1, kult\u00farne stredisk\u00e1, kni\u017enice \u010di hvezd\u00e1re\u0148 v\u00a0p\u00f4sobnosti \u017dilinsk\u00e9ho samospr\u00e1vneho kraja pripraven\u00fa l\u00e1kav\u00fa ponuku podujat\u00ed pre n\u00e1v\u0161tevn\u00edkov i\u00a0obyvate\u013eov \u017dilinskej \u017eupy.<\/p>\n<p>Kysuck\u00e1 kni\u017enica v\u00a0\u010cadci je zn\u00e1ma nielen \u0161irok\u00fdm v\u00fdberom kni\u017en\u00fdch publik\u00e1ci\u00ed, ale tie\u017e mno\u017estvom s\u00fa\u0165a\u017e\u00ed, v\u00fdstav a\u00a0predn\u00e1\u0161ok, ktor\u00e9 po\u010das roka organizuje pre deti i\u00a0dospel\u00fdch. Najnov\u0161ie jej priestory obohat\u00ed putovn\u00e1 v\u00fdstava detskej kni\u017enej tvorby a\u00a0ilustr\u00e1ci\u00ed najkraj\u0161\u00edch eur\u00f3pskych rozpr\u00e1vok. \u201eOd 6. febru\u00e1ra sa m\u00f4\u017eu z\u00e1ujemcovia te\u0161i\u0165 na knihy vydan\u00e9 v\u00a0r\u00f4znych krajin\u00e1ch Eur\u00f3py v\u00a0mnoh\u00fdch eur\u00f3pskych jazykoch s\u00a0n\u00e1dhern\u00fdmi ilustr\u00e1ciami zahrani\u010dn\u00fdch autorov,\u201c uviedla riadite\u013eka odboru kult\u00fary \u017dSK Miroslava \u0160ev\u010d\u00edkov\u00e1-\u0160umsk\u00e1.<\/p>\n<p>Na umenie a\u00a0vizu\u00e1lne z\u00e1\u017eitky l\u00e1ka zase Turiec. V\u00a0klubov\u00fdch priestoroch Tur\u010dianskeho kult\u00farneho strediska za\u010d\u00edna 7. febru\u00e1ra unik\u00e1tna v\u00fdstava \u201eZ \u013eudovej kult\u00fary Turca \u2013 MODROTLA\u010c\u201c. Viac ako \u0161tyristoro\u010dn\u00e1 trad\u00edcia v\u00fdroby jedine\u010dn\u00fdch vzorov prinesie uk\u00e1\u017eky foriem, matr\u00edc, vzorkovn\u00edkov a\u00a0krojov\u00fdch s\u00fa\u010dast\u00ed z\u00a0modrotla\u010de. \u201eO dva t\u00fd\u017edne nesk\u00f4r poz\u00fdvame op\u00e4\u0165 do Martina, do na\u0161ej Tur\u010dianskej gal\u00e9rie. Vo \u0161tvrtok 23. febru\u00e1ra sa o\u00a017-tej uskuto\u010dn\u00ed vernis\u00e1\u017e v\u00fdnimo\u010dn\u00e9ho umelca, Ivana \u0160tub\u0148u. V\u00fdstava s\u013eubuje netradi\u010dn\u00e9 prepojenie \u013eudov\u00fdch trad\u00edci\u00ed s\u00a0hrou fant\u00e1zie a potrv\u00e1 a\u017e do polovice apr\u00edla,\u201c informovala riadite\u013eka odboru kult\u00fary \u017dSK.<\/p>\n<p>Ako \u010falej uviedla, febru\u00e1r bude tie\u017e v\u00a0znamen\u00ed \u013e\u00fabostn\u00fdch pr\u00edbehov, na ktor\u00e9 s\u00fa pamiatky \u017dilinskej \u017eupy obzvl\u00e1\u0161\u0165 bohat\u00e9. \u201eAzda najzn\u00e1mej\u0161\u00edm symbolom l\u00e1sky je Sob\u00e1\u0161ny pal\u00e1c v\u00a0Byt\u010di, ktor\u00fd sa n\u00e1m podarilo zrekon\u0161truova\u0165 a\u00a0vr\u00e1ti\u0165 mu jeho noblesu. V\u00a0nede\u013eu 12. febru\u00e1ra sa stane centrom zamilovan\u00fdch, pre ktor\u00fdch pripravilo Pova\u017esk\u00e9 m\u00fazeum valent\u00ednsky koncert MUSICA TEMPORIS a\u00a0divadeln\u00e9 zn\u00e1zornenie \u013e\u00fabostnej kore\u0161pondencie Juraja Turza a Al\u017ebety Czoborovej,\u201c pribl\u00ed\u017eila M. \u0160ev\u010d\u00edkov\u00e1-\u0160umsk\u00e1 s\u00a0t\u00fdm, \u017ee n\u00e1v\u0161tevn\u00edci si bud\u00fa m\u00f4c\u0165 nap\u00edsa\u0165 i\u00a0vlastn\u00e9 \u013e\u00fabostn\u00e9 listy a\u00a0symbolicky uzamkn\u00fa\u0165 svoju l\u00e1sku. Horn\u00e9 Pova\u017eie v\u0161ak pripravilo program aj v\u00a0centre krajsk\u00e9ho mesta. Priamo v\u00a0priestoroch foyer \u017dilinsk\u00e9ho samospr\u00e1vneho kraja bud\u00fa od 17. 2. do 10. 3. vystavova\u0165 svoje pr\u00e1ce jubiluj\u00face \u010dlenky Klubu pali\u010dkovej \u010dipky Gracia.<\/p>\n<p>Interakt\u00edvnu pr\u00edrodovedn\u00fa v\u00fdstavu sa vo febru\u00e1ri oplat\u00ed nav\u0161t\u00edvi\u0165 vo Florinovom dome v\u00a0spr\u00e1ve Oravsk\u00e9ho m\u00fazea P. O. Hviezdoslava v\u00a0Dolnom Kub\u00edne. \u201eDeti aj rodi\u010dia bud\u00fa vtiahnut\u00ed do ru\u0161n\u00e9ho \u017eivota na stromoch a\u00a0\u010dak\u00e1 ich prehliadka rozmanit\u00fdch ekosyst\u00e9mov a\u00a0ich v\u00fdznamu pre Zem. V\u00fdstava potrv\u00e1 od 12. febru\u00e1ra a\u017e do 2. apr\u00edla,\u201c doplnila riadite\u013eka odboru kult\u00fary. Z\u00e1\u017eitok pon\u00fakne aj Liptovsk\u00e1 gal\u00e9ria G. F. Belopotock\u00e9ho v\u00a0Liptovskom Mikul\u00e1\u0161i. V spolo\u010dnosti vz\u00e1cnych obrazov a\u00a0umeleck\u00fdch diel vyst\u00fapi 24. febru\u00e1ra klav\u00edrne trio Bogacz s\u00a0hos\u0165om Martinom Soch\u00e1\u0148om.<\/p>\n<p>Koniec mesiaca bude patri\u0165 fa\u0161iangov\u00fdm oslav\u00e1m. Te\u0161i\u0165 sa m\u00f4\u017eu v\u0161etci milovn\u00edci folkl\u00f3ru a\u00a0slovensk\u00fdch trad\u00edci\u00ed. V\u00a0Liptovskom Mikul\u00e1\u0161i sprievod mestom za\u010dne u\u017e 17. febru\u00e1ra v\u00a0r\u00e9\u017eii Liptovsk\u00e9ho kult\u00farneho strediska. Nefal\u0161ovan\u00fa atmosf\u00e9ru fa\u0161iangov priprav\u00ed i\u00a0Oravsk\u00fd hrad, kde pochovaj\u00fa basu 19. febru\u00e1ra. N\u00e1v\u0161tevn\u00edci tak m\u00f4\u017eu spoji\u0165 prehliadku klenotu Oravy s\u00a0p\u00fatav\u00fdm programom, ktor\u00fd za\u017eij\u00fa len raz za rok. V\u00a0mask\u00e1ch sa folkloristi vyber\u00fa mestom aj na Kysuciach. Kysuck\u00e9 kult\u00farne stredisko pripravuje fa\u0161iangov\u00fd sprievod ulicami\u00a0\u010cadce na 28. febru\u00e1ra.<\/p>\n<p style=\"text-align: right;\"><strong>Lenka Z\u00e1tekov\u00e1<br \/>hovorky\u0148a \u017dSK<\/strong><\/p>\n","protected":false},"excerpt":{"rendered":"<p>Aj vo febru\u00e1ri maj\u00fa m\u00faze\u00e1, gal\u00e9rie, divadl\u00e1, kult\u00farne stredisk\u00e1, kni\u017enice \u010di hvezd\u00e1re\u0148 v\u00a0p\u00f4sobnosti \u017dilinsk\u00e9ho samospr\u00e1vneho kraja pripraven\u00fa l\u00e1kav\u00fa ponuku podujat\u00ed pre n\u00e1v\u0161tevn\u00edkov i\u00a0obyvate\u013eov \u017dilinskej \u017eupy. Kysuck\u00e1 kni\u017enica v\u00a0\u010cadci je zn\u00e1ma nielen \u0161irok\u00fdm v\u00fdberom kni\u017en\u00fdch publik\u00e1ci\u00ed, ale tie\u017e mno\u017estvom s\u00fa\u0165a\u017e\u00ed, v\u00fdstav a\u00a0predn\u00e1\u0161ok, ktor\u00e9 po\u010das roka organizuje pre deti i\u00a0dospel\u00fdch. Najnov\u0161ie jej priestory obohat\u00ed putovn\u00e1 v\u00fdstava detskej [&hellip;]<\/p>\n","protected":false},"author":2,"featured_media":19843,"comment_status":"closed","ping_status":"closed","sticky":false,"template":"","format":"standard","meta":{"site-sidebar-layout":"default","site-content-layout":"","ast-site-content-layout":"","site-content-style":"default","site-sidebar-style":"default","ast-global-header-display":"","ast-banner-title-visibility":"","ast-main-header-display":"","ast-hfb-above-header-display":"","ast-hfb-below-header-display":"","ast-hfb-mobile-header-display":"","site-post-title":"","ast-breadcrumbs-content":"","ast-featured-img":"","footer-sml-layout":"","theme-transparent-header-meta":"","adv-header-id-meta":"","stick-header-meta":"","header-above-stick-meta":"","header-main-stick-meta":"","header-below-stick-meta":"","astra-migrate-meta-layouts":"default","ast-page-background-enabled":"default","ast-page-background-meta":{"desktop":{"background-color":"var(--ast-global-color-4)","background-image":"","background-repeat":"repeat","background-position":"center center","background-size":"auto","background-attachment":"scroll","background-type":"","background-media":"","overlay-type":"","overlay-color":"","overlay-opacity":"","overlay-gradient":""},"tablet":{"background-color":"","background-image":"","background-repeat":"repeat","background-position":"center center","background-size":"auto","background-attachment":"scroll","background-type":"","background-media":"","overlay-type":"","overlay-color":"","overlay-opacity":"","overlay-gradient":""},"mobile":{"background-color":"","background-image":"","background-repeat":"repeat","background-position":"center center","background-size":"auto","background-attachment":"scroll","background-type":"","background-media":"","overlay-type":"","overlay-color":"","overlay-opacity":"","overlay-gradient":""}},"ast-content-background-meta":{"desktop":{"background-color":"var(--ast-global-color-5)","background-image":"","background-repeat":"repeat","background-position":"center center","background-size":"auto","background-attachment":"scroll","background-type":"","background-media":"","overlay-type":"","overlay-color":"","overlay-opacity":"","overlay-gradient":""},"tablet":{"background-color":"var(--ast-global-color-5)","background-image":"","background-repeat":"repeat","background-position":"center center","background-size":"auto","background-attachment":"scroll","background-type":"","background-media":"","overlay-type":"","overlay-color":"","overlay-opacity":"","overlay-gradient":""},"mobile":{"background-color":"var(--ast-global-color-5)","background-image":"","background-repeat":"repeat","background-position":"center center","background-size":"auto","background-attachment":"scroll","background-type":"","background-media":"","overlay-type":"","overlay-color":"","overlay-opacity":"","overlay-gradient":""}},"footnotes":""},"categories":[31],"tags":[],"class_list":["post-19844","post","type-post","status-publish","format-standard","has-post-thumbnail","hentry","category-aktuality"],"yoast_head":"<!-- This site is optimized with the Yoast SEO plugin v27.4 - https:\/\/yoast.com\/product\/yoast-seo-wordpress\/ -->\n<title>Kult\u00farny febru\u00e1r uzavr\u00fa tradi\u010dn\u00e9 fa\u0161iangov\u00e9 oslavy - Pova\u017esk\u00e9 m\u00fazeum<\/title>\n<meta name=\"robots\" content=\"index, follow, max-snippet:-1, max-image-preview:large, max-video-preview:-1\" \/>\n<link rel=\"canonical\" href=\"https:\/\/pmza.sk\/?p=19844\" \/>\n<meta property=\"og:locale\" content=\"sk_SK\" \/>\n<meta property=\"og:type\" content=\"article\" \/>\n<meta property=\"og:title\" content=\"Kult\u00farny febru\u00e1r uzavr\u00fa tradi\u010dn\u00e9 fa\u0161iangov\u00e9 oslavy - Pova\u017esk\u00e9 m\u00fazeum\" \/>\n<meta property=\"og:description\" content=\"Aj vo febru\u00e1ri maj\u00fa m\u00faze\u00e1, gal\u00e9rie, divadl\u00e1, kult\u00farne stredisk\u00e1, kni\u017enice \u010di hvezd\u00e1re\u0148 v\u00a0p\u00f4sobnosti \u017dilinsk\u00e9ho samospr\u00e1vneho kraja pripraven\u00fa l\u00e1kav\u00fa ponuku podujat\u00ed pre n\u00e1v\u0161tevn\u00edkov i\u00a0obyvate\u013eov \u017dilinskej \u017eupy. Kysuck\u00e1 kni\u017enica v\u00a0\u010cadci je zn\u00e1ma nielen \u0161irok\u00fdm v\u00fdberom kni\u017en\u00fdch publik\u00e1ci\u00ed, ale tie\u017e mno\u017estvom s\u00fa\u0165a\u017e\u00ed, v\u00fdstav a\u00a0predn\u00e1\u0161ok, ktor\u00e9 po\u010das roka organizuje pre deti i\u00a0dospel\u00fdch. Najnov\u0161ie jej priestory obohat\u00ed putovn\u00e1 v\u00fdstava detskej [&hellip;]\" \/>\n<meta property=\"og:url\" content=\"https:\/\/pmza.sk\/?p=19844\" \/>\n<meta property=\"og:site_name\" content=\"Pova\u017esk\u00e9 m\u00fazeum\" \/>\n<meta property=\"article:publisher\" content=\"https:\/\/www.facebook.com\/povazskemuzeum\" \/>\n<meta property=\"article:published_time\" content=\"2017-02-01T13:13:01+00:00\" \/>\n<meta property=\"og:image\" content=\"https:\/\/pmza.sk\/wp-content\/uploads\/2017\/02\/ZSK_Tradicne-fasiangove-oslavy-si-nenechajte-ujst-uz-od-polovice-februara.jpg\" \/>\n\t<meta property=\"og:image:width\" content=\"1920\" \/>\n\t<meta property=\"og:image:height\" content=\"1080\" \/>\n\t<meta property=\"og:image:type\" content=\"image\/jpeg\" \/>\n<meta name=\"author\" content=\"Pova\u017esk\u00e9 m\u00fazeum\" \/>\n<meta name=\"twitter:card\" content=\"summary_large_image\" \/>\n<meta name=\"twitter:label1\" content=\"Autor\" \/>\n\t<meta name=\"twitter:data1\" content=\"Pova\u017esk\u00e9 m\u00fazeum\" \/>\n\t<meta name=\"twitter:label2\" content=\"Predpokladan\u00fd \u010das \u010d\u00edtania\" \/>\n\t<meta name=\"twitter:data2\" content=\"3 min\u00faty\" \/>\n<script type=\"application\/ld+json\" class=\"yoast-schema-graph\">{\"@context\":\"https:\\\/\\\/schema.org\",\"@graph\":[{\"@type\":\"Article\",\"@id\":\"https:\\\/\\\/pmza.sk\\\/?p=19844#article\",\"isPartOf\":{\"@id\":\"https:\\\/\\\/pmza.sk\\\/?p=19844\"},\"author\":{\"name\":\"Pova\u017esk\u00e9 m\u00fazeum\",\"@id\":\"https:\\\/\\\/pmza.sk\\\/#\\\/schema\\\/person\\\/595e6a2ce731ea94dcd5d7f50a41ae33\"},\"headline\":\"Kult\u00farny febru\u00e1r uzavr\u00fa tradi\u010dn\u00e9 fa\u0161iangov\u00e9 oslavy\",\"datePublished\":\"2017-02-01T13:13:01+00:00\",\"mainEntityOfPage\":{\"@id\":\"https:\\\/\\\/pmza.sk\\\/?p=19844\"},\"wordCount\":664,\"publisher\":{\"@id\":\"https:\\\/\\\/pmza.sk\\\/#organization\"},\"image\":{\"@id\":\"https:\\\/\\\/pmza.sk\\\/?p=19844#primaryimage\"},\"thumbnailUrl\":\"https:\\\/\\\/pmza.sk\\\/wp-content\\\/uploads\\\/2017\\\/02\\\/ZSK_Tradicne-fasiangove-oslavy-si-nenechajte-ujst-uz-od-polovice-februara.jpg\",\"articleSection\":[\"Aktuality\"],\"inLanguage\":\"sk-SK\"},{\"@type\":\"WebPage\",\"@id\":\"https:\\\/\\\/pmza.sk\\\/?p=19844\",\"url\":\"https:\\\/\\\/pmza.sk\\\/?p=19844\",\"name\":\"Kult\u00farny febru\u00e1r uzavr\u00fa tradi\u010dn\u00e9 fa\u0161iangov\u00e9 oslavy - Pova\u017esk\u00e9 m\u00fazeum\",\"isPartOf\":{\"@id\":\"https:\\\/\\\/pmza.sk\\\/#website\"},\"primaryImageOfPage\":{\"@id\":\"https:\\\/\\\/pmza.sk\\\/?p=19844#primaryimage\"},\"image\":{\"@id\":\"https:\\\/\\\/pmza.sk\\\/?p=19844#primaryimage\"},\"thumbnailUrl\":\"https:\\\/\\\/pmza.sk\\\/wp-content\\\/uploads\\\/2017\\\/02\\\/ZSK_Tradicne-fasiangove-oslavy-si-nenechajte-ujst-uz-od-polovice-februara.jpg\",\"datePublished\":\"2017-02-01T13:13:01+00:00\",\"breadcrumb\":{\"@id\":\"https:\\\/\\\/pmza.sk\\\/?p=19844#breadcrumb\"},\"inLanguage\":\"sk-SK\",\"potentialAction\":[{\"@type\":\"ReadAction\",\"target\":[\"https:\\\/\\\/pmza.sk\\\/?p=19844\"]}]},{\"@type\":\"ImageObject\",\"inLanguage\":\"sk-SK\",\"@id\":\"https:\\\/\\\/pmza.sk\\\/?p=19844#primaryimage\",\"url\":\"https:\\\/\\\/pmza.sk\\\/wp-content\\\/uploads\\\/2017\\\/02\\\/ZSK_Tradicne-fasiangove-oslavy-si-nenechajte-ujst-uz-od-polovice-februara.jpg\",\"contentUrl\":\"https:\\\/\\\/pmza.sk\\\/wp-content\\\/uploads\\\/2017\\\/02\\\/ZSK_Tradicne-fasiangove-oslavy-si-nenechajte-ujst-uz-od-polovice-februara.jpg\",\"width\":1920,\"height\":1080},{\"@type\":\"BreadcrumbList\",\"@id\":\"https:\\\/\\\/pmza.sk\\\/?p=19844#breadcrumb\",\"itemListElement\":[{\"@type\":\"ListItem\",\"position\":1,\"name\":\"Domovsk\u00e1 str\u00e1nka\",\"item\":\"https:\\\/\\\/pmza.sk\\\/\"},{\"@type\":\"ListItem\",\"position\":2,\"name\":\"Kult\u00farny febru\u00e1r uzavr\u00fa tradi\u010dn\u00e9 fa\u0161iangov\u00e9 oslavy\"}]},{\"@type\":\"WebSite\",\"@id\":\"https:\\\/\\\/pmza.sk\\\/#website\",\"url\":\"https:\\\/\\\/pmza.sk\\\/\",\"name\":\"Pova\u017esk\u00e9 m\u00fazeum\",\"description\":\"Pova\u017esk\u00e9 m\u00fazeum v \u017diline je region\u00e1lne m\u00fazeum so s\u00eddlom v Budat\u00edne. Jeho expoz\u00edcie s\u00fa zameran\u00e9 na dejiny slovensk\u00e9ho umenia, kult\u00fary a dopravy.\",\"publisher\":{\"@id\":\"https:\\\/\\\/pmza.sk\\\/#organization\"},\"potentialAction\":[{\"@type\":\"SearchAction\",\"target\":{\"@type\":\"EntryPoint\",\"urlTemplate\":\"https:\\\/\\\/pmza.sk\\\/?s={search_term_string}\"},\"query-input\":{\"@type\":\"PropertyValueSpecification\",\"valueRequired\":true,\"valueName\":\"search_term_string\"}}],\"inLanguage\":\"sk-SK\"},{\"@type\":\"Organization\",\"@id\":\"https:\\\/\\\/pmza.sk\\\/#organization\",\"name\":\"Pova\u017esk\u00e9 m\u00fazeum\",\"url\":\"https:\\\/\\\/pmza.sk\\\/\",\"logo\":{\"@type\":\"ImageObject\",\"inLanguage\":\"sk-SK\",\"@id\":\"https:\\\/\\\/pmza.sk\\\/#\\\/schema\\\/logo\\\/image\\\/\",\"url\":\"https:\\\/\\\/pmza.sk\\\/wp-content\\\/uploads\\\/2022\\\/01\\\/logo_PM_horizontal.jpg\",\"contentUrl\":\"https:\\\/\\\/pmza.sk\\\/wp-content\\\/uploads\\\/2022\\\/01\\\/logo_PM_horizontal.jpg\",\"width\":231,\"height\":142,\"caption\":\"Pova\u017esk\u00e9 m\u00fazeum\"},\"image\":{\"@id\":\"https:\\\/\\\/pmza.sk\\\/#\\\/schema\\\/logo\\\/image\\\/\"},\"sameAs\":[\"https:\\\/\\\/www.facebook.com\\\/povazskemuzeum\",\"https:\\\/\\\/www.instagram.com\\\/povazskemuzeum\\\/\"]},{\"@type\":\"Person\",\"@id\":\"https:\\\/\\\/pmza.sk\\\/#\\\/schema\\\/person\\\/595e6a2ce731ea94dcd5d7f50a41ae33\",\"name\":\"Pova\u017esk\u00e9 m\u00fazeum\",\"image\":{\"@type\":\"ImageObject\",\"inLanguage\":\"sk-SK\",\"@id\":\"https:\\\/\\\/secure.gravatar.com\\\/avatar\\\/2bb7f1561282132fb5826dfeccc66c7996d11ee392ac6aaf7ced8a1c2027fbb2?s=96&d=mm&r=g\",\"url\":\"https:\\\/\\\/secure.gravatar.com\\\/avatar\\\/2bb7f1561282132fb5826dfeccc66c7996d11ee392ac6aaf7ced8a1c2027fbb2?s=96&d=mm&r=g\",\"contentUrl\":\"https:\\\/\\\/secure.gravatar.com\\\/avatar\\\/2bb7f1561282132fb5826dfeccc66c7996d11ee392ac6aaf7ced8a1c2027fbb2?s=96&d=mm&r=g\",\"caption\":\"Pova\u017esk\u00e9 m\u00fazeum\"}}]}<\/script>\n<!-- \/ Yoast SEO plugin. -->","yoast_head_json":{"title":"Kult\u00farny febru\u00e1r uzavr\u00fa tradi\u010dn\u00e9 fa\u0161iangov\u00e9 oslavy - Pova\u017esk\u00e9 m\u00fazeum","robots":{"index":"index","follow":"follow","max-snippet":"max-snippet:-1","max-image-preview":"max-image-preview:large","max-video-preview":"max-video-preview:-1"},"canonical":"https:\/\/pmza.sk\/?p=19844","og_locale":"sk_SK","og_type":"article","og_title":"Kult\u00farny febru\u00e1r uzavr\u00fa tradi\u010dn\u00e9 fa\u0161iangov\u00e9 oslavy - Pova\u017esk\u00e9 m\u00fazeum","og_description":"Aj vo febru\u00e1ri maj\u00fa m\u00faze\u00e1, gal\u00e9rie, divadl\u00e1, kult\u00farne stredisk\u00e1, kni\u017enice \u010di hvezd\u00e1re\u0148 v\u00a0p\u00f4sobnosti \u017dilinsk\u00e9ho samospr\u00e1vneho kraja pripraven\u00fa l\u00e1kav\u00fa ponuku podujat\u00ed pre n\u00e1v\u0161tevn\u00edkov i\u00a0obyvate\u013eov \u017dilinskej \u017eupy. Kysuck\u00e1 kni\u017enica v\u00a0\u010cadci je zn\u00e1ma nielen \u0161irok\u00fdm v\u00fdberom kni\u017en\u00fdch publik\u00e1ci\u00ed, ale tie\u017e mno\u017estvom s\u00fa\u0165a\u017e\u00ed, v\u00fdstav a\u00a0predn\u00e1\u0161ok, ktor\u00e9 po\u010das roka organizuje pre deti i\u00a0dospel\u00fdch. Najnov\u0161ie jej priestory obohat\u00ed putovn\u00e1 v\u00fdstava detskej [&hellip;]","og_url":"https:\/\/pmza.sk\/?p=19844","og_site_name":"Pova\u017esk\u00e9 m\u00fazeum","article_publisher":"https:\/\/www.facebook.com\/povazskemuzeum","article_published_time":"2017-02-01T13:13:01+00:00","og_image":[{"width":1920,"height":1080,"url":"https:\/\/pmza.sk\/wp-content\/uploads\/2017\/02\/ZSK_Tradicne-fasiangove-oslavy-si-nenechajte-ujst-uz-od-polovice-februara.jpg","type":"image\/jpeg"}],"author":"Pova\u017esk\u00e9 m\u00fazeum","twitter_card":"summary_large_image","twitter_misc":{"Autor":"Pova\u017esk\u00e9 m\u00fazeum","Predpokladan\u00fd \u010das \u010d\u00edtania":"3 min\u00faty"},"schema":{"@context":"https:\/\/schema.org","@graph":[{"@type":"Article","@id":"https:\/\/pmza.sk\/?p=19844#article","isPartOf":{"@id":"https:\/\/pmza.sk\/?p=19844"},"author":{"name":"Pova\u017esk\u00e9 m\u00fazeum","@id":"https:\/\/pmza.sk\/#\/schema\/person\/595e6a2ce731ea94dcd5d7f50a41ae33"},"headline":"Kult\u00farny febru\u00e1r uzavr\u00fa tradi\u010dn\u00e9 fa\u0161iangov\u00e9 oslavy","datePublished":"2017-02-01T13:13:01+00:00","mainEntityOfPage":{"@id":"https:\/\/pmza.sk\/?p=19844"},"wordCount":664,"publisher":{"@id":"https:\/\/pmza.sk\/#organization"},"image":{"@id":"https:\/\/pmza.sk\/?p=19844#primaryimage"},"thumbnailUrl":"https:\/\/pmza.sk\/wp-content\/uploads\/2017\/02\/ZSK_Tradicne-fasiangove-oslavy-si-nenechajte-ujst-uz-od-polovice-februara.jpg","articleSection":["Aktuality"],"inLanguage":"sk-SK"},{"@type":"WebPage","@id":"https:\/\/pmza.sk\/?p=19844","url":"https:\/\/pmza.sk\/?p=19844","name":"Kult\u00farny febru\u00e1r uzavr\u00fa tradi\u010dn\u00e9 fa\u0161iangov\u00e9 oslavy - Pova\u017esk\u00e9 m\u00fazeum","isPartOf":{"@id":"https:\/\/pmza.sk\/#website"},"primaryImageOfPage":{"@id":"https:\/\/pmza.sk\/?p=19844#primaryimage"},"image":{"@id":"https:\/\/pmza.sk\/?p=19844#primaryimage"},"thumbnailUrl":"https:\/\/pmza.sk\/wp-content\/uploads\/2017\/02\/ZSK_Tradicne-fasiangove-oslavy-si-nenechajte-ujst-uz-od-polovice-februara.jpg","datePublished":"2017-02-01T13:13:01+00:00","breadcrumb":{"@id":"https:\/\/pmza.sk\/?p=19844#breadcrumb"},"inLanguage":"sk-SK","potentialAction":[{"@type":"ReadAction","target":["https:\/\/pmza.sk\/?p=19844"]}]},{"@type":"ImageObject","inLanguage":"sk-SK","@id":"https:\/\/pmza.sk\/?p=19844#primaryimage","url":"https:\/\/pmza.sk\/wp-content\/uploads\/2017\/02\/ZSK_Tradicne-fasiangove-oslavy-si-nenechajte-ujst-uz-od-polovice-februara.jpg","contentUrl":"https:\/\/pmza.sk\/wp-content\/uploads\/2017\/02\/ZSK_Tradicne-fasiangove-oslavy-si-nenechajte-ujst-uz-od-polovice-februara.jpg","width":1920,"height":1080},{"@type":"BreadcrumbList","@id":"https:\/\/pmza.sk\/?p=19844#breadcrumb","itemListElement":[{"@type":"ListItem","position":1,"name":"Domovsk\u00e1 str\u00e1nka","item":"https:\/\/pmza.sk\/"},{"@type":"ListItem","position":2,"name":"Kult\u00farny febru\u00e1r uzavr\u00fa tradi\u010dn\u00e9 fa\u0161iangov\u00e9 oslavy"}]},{"@type":"WebSite","@id":"https:\/\/pmza.sk\/#website","url":"https:\/\/pmza.sk\/","name":"Pova\u017esk\u00e9 m\u00fazeum","description":"Pova\u017esk\u00e9 m\u00fazeum v \u017diline je region\u00e1lne m\u00fazeum so s\u00eddlom v Budat\u00edne. Jeho expoz\u00edcie s\u00fa zameran\u00e9 na dejiny slovensk\u00e9ho umenia, kult\u00fary a dopravy.","publisher":{"@id":"https:\/\/pmza.sk\/#organization"},"potentialAction":[{"@type":"SearchAction","target":{"@type":"EntryPoint","urlTemplate":"https:\/\/pmza.sk\/?s={search_term_string}"},"query-input":{"@type":"PropertyValueSpecification","valueRequired":true,"valueName":"search_term_string"}}],"inLanguage":"sk-SK"},{"@type":"Organization","@id":"https:\/\/pmza.sk\/#organization","name":"Pova\u017esk\u00e9 m\u00fazeum","url":"https:\/\/pmza.sk\/","logo":{"@type":"ImageObject","inLanguage":"sk-SK","@id":"https:\/\/pmza.sk\/#\/schema\/logo\/image\/","url":"https:\/\/pmza.sk\/wp-content\/uploads\/2022\/01\/logo_PM_horizontal.jpg","contentUrl":"https:\/\/pmza.sk\/wp-content\/uploads\/2022\/01\/logo_PM_horizontal.jpg","width":231,"height":142,"caption":"Pova\u017esk\u00e9 m\u00fazeum"},"image":{"@id":"https:\/\/pmza.sk\/#\/schema\/logo\/image\/"},"sameAs":["https:\/\/www.facebook.com\/povazskemuzeum","https:\/\/www.instagram.com\/povazskemuzeum\/"]},{"@type":"Person","@id":"https:\/\/pmza.sk\/#\/schema\/person\/595e6a2ce731ea94dcd5d7f50a41ae33","name":"Pova\u017esk\u00e9 m\u00fazeum","image":{"@type":"ImageObject","inLanguage":"sk-SK","@id":"https:\/\/secure.gravatar.com\/avatar\/2bb7f1561282132fb5826dfeccc66c7996d11ee392ac6aaf7ced8a1c2027fbb2?s=96&d=mm&r=g","url":"https:\/\/secure.gravatar.com\/avatar\/2bb7f1561282132fb5826dfeccc66c7996d11ee392ac6aaf7ced8a1c2027fbb2?s=96&d=mm&r=g","contentUrl":"https:\/\/secure.gravatar.com\/avatar\/2bb7f1561282132fb5826dfeccc66c7996d11ee392ac6aaf7ced8a1c2027fbb2?s=96&d=mm&r=g","caption":"Pova\u017esk\u00e9 m\u00fazeum"}}]}},"_links":{"self":[{"href":"https:\/\/pmza.sk\/index.php?rest_route=\/wp\/v2\/posts\/19844","targetHints":{"allow":["GET"]}}],"collection":[{"href":"https:\/\/pmza.sk\/index.php?rest_route=\/wp\/v2\/posts"}],"about":[{"href":"https:\/\/pmza.sk\/index.php?rest_route=\/wp\/v2\/types\/post"}],"author":[{"embeddable":true,"href":"https:\/\/pmza.sk\/index.php?rest_route=\/wp\/v2\/users\/2"}],"replies":[{"embeddable":true,"href":"https:\/\/pmza.sk\/index.php?rest_route=%2Fwp%2Fv2%2Fcomments&post=19844"}],"version-history":[{"count":0,"href":"https:\/\/pmza.sk\/index.php?rest_route=\/wp\/v2\/posts\/19844\/revisions"}],"wp:featuredmedia":[{"embeddable":true,"href":"https:\/\/pmza.sk\/index.php?rest_route=\/wp\/v2\/media\/19843"}],"wp:attachment":[{"href":"https:\/\/pmza.sk\/index.php?rest_route=%2Fwp%2Fv2%2Fmedia&parent=19844"}],"wp:term":[{"taxonomy":"category","embeddable":true,"href":"https:\/\/pmza.sk\/index.php?rest_route=%2Fwp%2Fv2%2Fcategories&post=19844"},{"taxonomy":"post_tag","embeddable":true,"href":"https:\/\/pmza.sk\/index.php?rest_route=%2Fwp%2Fv2%2Ftags&post=19844"}],"curies":[{"name":"wp","href":"https:\/\/api.w.org\/{rel}","templated":true}]}}