{"id":19856,"date":"2017-02-20T16:17:35","date_gmt":"2017-02-20T15:17:35","guid":{"rendered":"https:\/\/pmza.sk.sk\/?p=19856"},"modified":"2017-02-20T16:17:35","modified_gmt":"2017-02-20T15:17:35","slug":"fasiangy-v-muzeu","status":"publish","type":"post","link":"https:\/\/pmza.sk\/?p=19856","title":{"rendered":"Fa\u0161iangy v m\u00fazeu"},"content":{"rendered":"<p>Pova\u017esk\u00e9 m\u00fazeum v\u00a0\u017diline v\u00a0zria\u010fovate\u013eskej p\u00f4sobnosti \u017dilinsk\u00e9ho samospr\u00e1vneho kraja pripravilo na koniec febru\u00e1ra vo svojich expoz\u00edci\u00e1ch dve tradi\u010dn\u00e9 fa\u0161iangov\u00e9 podujatia. V\u00a0r\u00e1zovitej obci \u010ci\u010dmany v\u00a0Rajeckej doline sa st\u00e1le akt\u00edvne udr\u017eiava trad\u00edcia fa\u0161iangov\u00fdch poch\u00f4dzok, ktorou sa zachov\u00e1vaj\u00fa a\u00a0udr\u017eiavaj\u00fa zvyky na\u0161ich predkov. Nebude tomu inak ani tento rok. Krojovan\u00fd sprievod obcou sa zastav\u00ed pri ka\u017edom dome a\u00a0\u201ema\u0161kary\u201c spevom a\u00a0tancom pote\u0161ia ka\u017ed\u00e9ho obyvate\u013ea \u010di n\u00e1v\u0161tevn\u00edka, ktor\u00fd sa bude chcie\u0165 zabavi\u0165. V\u00a0Radenovom dome bud\u00fa \u010daka\u0165 pracovn\u00edci m\u00fazea, ktor\u00ed nielen po\u010dastuj\u00fa fa\u0161iangovn\u00edkov, ale aj ochotne predstavia Turo\u0148a. Ak ste e\u0161te nevideli t\u00fato fa\u0161iangov\u00fa maskovan\u00fa postavu, tak\u00fa typick\u00fa pre t\u00fato oblas\u0165 Slovenska, pr\u00ed\u010fte v\u00a0sobotu dopoludnia (poch\u00f4dzka za\u010d\u00edna o\u00a011.30 hod.) do \u010ci\u010dmian!<\/p>\n<p><a href=\"https:\/\/pmza.sk\/wp-content\/uploads\/2017\/02\/fasiangy_cicmany_www.jpg\">PLAG\u00c1T &#8211; FA\u0160IANGY V \u010cI\u010cMANOCH<\/a><\/p>\n<p>V\u00a0nede\u013eu 26. febru\u00e1ra sa aj n\u00e1v\u0161tevn\u00edci Budat\u00ednskeho hradu a\u00a0parku bud\u00fa m\u00f4c\u0165 zabavi\u0165 pri tradi\u010dn\u00fdch fa\u0161iangov\u00fdch tancoch a\u00a0spevoch z\u00a0okolia \u017diliny s\u00a0folkl\u00f3rnymi s\u00fabormi, ktor\u00e9 zachov\u00e1vaj\u00fa zvyky z\u00a0Pova\u017esk\u00e9ho Chlmca a\u00a0\u0160tiavnika. Nebud\u00fa ch\u00fdba\u0165 tradi\u010dn\u00e9 n\u00e1poje a jedl\u00e1 ako medovina, f\u00e1nky, \u0161i\u0161ky, chlieb s\u00a0mas\u0165ou a\u00a0cibu\u013eou. Fa\u0161iangov\u00e1 z\u00e1bava spojen\u00e1 s ochutn\u00e1vkami jed\u00e1l bude na ju\u017enej terase Budat\u00ednskeho hradu v\u00a0nede\u013eu od 13.00h a\u00a0v\u00a0programe sa predstavia folkl\u00f3rne s\u00fabory Opr\u00e1\u0161en\u00e9 krpce zo \u017diliny a\u00a0\u0160tiavni\u010dan zo \u0160tiavnika.<\/p>\n<p><a href=\"https:\/\/pmza.sk\/wp-content\/uploads\/2017\/02\/fasiangy_budatin_www.jpg\">PLAG\u00c1T &#8211; FA\u0160IANGY V BUDAT\u00cdNE<\/a><\/p>\n<p>\u201eU\u017e sa fa\u0161iang kr\u00e1ti, u\u017e sa nenavr\u00e1ti\u201c &#8211; nev\u00e1hajte a\u00a0zapojte sa s\u00a0nami do v\u00edru fa\u0161iangov\u00e9ho veselia. Je to jedine\u010dn\u00e1 a\u00a0mil\u00e1 pr\u00edle\u017eitos\u0165 pripomen\u00fa\u0165 si tradi\u010dn\u00e9 zvyky na\u0161ich predkov, ktor\u00e9 tvorili neoddelite\u013en\u00fa s\u00fa\u010das\u0165 ich \u017eivota v\u00a0minulosti.<\/p>\n<figure id=\"attachment_19860\" aria-describedby=\"caption-attachment-19860\" style=\"width: 348px\" class=\"wp-caption aligncenter\"><a href=\"https:\/\/pmza.sk\/wp-content\/uploads\/2017\/02\/fasiangy-Fackov-scaled-1.jpg\"><img fetchpriority=\"high\" decoding=\"async\" class=\"wp-image-19860\" src=\"https:\/\/pmza.sk.sk\/wp-content\/uploads\/2017\/02\/fa\u0161iangy-Fa\u010dkov-144x150.jpg\" width=\"348\" height=\"363\" \/><\/a><figcaption id=\"caption-attachment-19860\" class=\"wp-caption-text\">Fa\u0161iang vo Fa\u010dkove<\/figcaption><\/figure>\n<p>&nbsp;<\/p>\n<p>POVES\u0164 O TURO\u0147OVI<\/p>\n<p>\u010ci\u010dmianska poves\u0165 o Turo\u0148ovi poch\u00e1dza z d\u00f4b tureck\u00fdch n\u00e1jazdov, kedy sa podarilo dedin\u010danom za pomoci masiek zhotoven\u00fdch z ov\u010dej ko\u017ee a zvoncov (pripom\u00ednaj\u00facich tura \u2013 stadia\u013e \u201eTuro\u0148\u201d) zahna\u0165 pover\u010div\u00fdch tureck\u00fdch \u00fato\u010dn\u00edkov a zabr\u00e1ni\u0165 tak vyrabovaniu a vyp\u00e1leniu obce. Na z\u00e1klade povesti \u00a0vznikol fa\u0161iangov\u00fd zvyk \u2013 \u201echodenie s Turo\u0148om\u201d.<\/p>\n","protected":false},"excerpt":{"rendered":"<p>Pova\u017esk\u00e9 m\u00fazeum v\u00a0\u017diline v\u00a0zria\u010fovate\u013eskej p\u00f4sobnosti \u017dilinsk\u00e9ho samospr\u00e1vneho kraja pripravilo na koniec febru\u00e1ra vo svojich expoz\u00edci\u00e1ch dve tradi\u010dn\u00e9 fa\u0161iangov\u00e9 podujatia. V\u00a0r\u00e1zovitej obci \u010ci\u010dmany v\u00a0Rajeckej doline sa st\u00e1le akt\u00edvne udr\u017eiava trad\u00edcia fa\u0161iangov\u00fdch poch\u00f4dzok, ktorou sa zachov\u00e1vaj\u00fa a\u00a0udr\u017eiavaj\u00fa zvyky na\u0161ich predkov. Nebude tomu inak ani tento rok. Krojovan\u00fd sprievod obcou sa zastav\u00ed pri ka\u017edom dome a\u00a0\u201ema\u0161kary\u201c spevom a\u00a0tancom [&hellip;]<\/p>\n","protected":false},"author":2,"featured_media":19861,"comment_status":"closed","ping_status":"closed","sticky":false,"template":"","format":"standard","meta":{"site-sidebar-layout":"default","site-content-layout":"","ast-site-content-layout":"","site-content-style":"default","site-sidebar-style":"default","ast-global-header-display":"","ast-banner-title-visibility":"","ast-main-header-display":"","ast-hfb-above-header-display":"","ast-hfb-below-header-display":"","ast-hfb-mobile-header-display":"","site-post-title":"","ast-breadcrumbs-content":"","ast-featured-img":"","footer-sml-layout":"","theme-transparent-header-meta":"","adv-header-id-meta":"","stick-header-meta":"","header-above-stick-meta":"","header-main-stick-meta":"","header-below-stick-meta":"","astra-migrate-meta-layouts":"default","ast-page-background-enabled":"default","ast-page-background-meta":{"desktop":{"background-color":"var(--ast-global-color-4)","background-image":"","background-repeat":"repeat","background-position":"center center","background-size":"auto","background-attachment":"scroll","background-type":"","background-media":"","overlay-type":"","overlay-color":"","overlay-opacity":"","overlay-gradient":""},"tablet":{"background-color":"","background-image":"","background-repeat":"repeat","background-position":"center center","background-size":"auto","background-attachment":"scroll","background-type":"","background-media":"","overlay-type":"","overlay-color":"","overlay-opacity":"","overlay-gradient":""},"mobile":{"background-color":"","background-image":"","background-repeat":"repeat","background-position":"center center","background-size":"auto","background-attachment":"scroll","background-type":"","background-media":"","overlay-type":"","overlay-color":"","overlay-opacity":"","overlay-gradient":""}},"ast-content-background-meta":{"desktop":{"background-color":"var(--ast-global-color-5)","background-image":"","background-repeat":"repeat","background-position":"center center","background-size":"auto","background-attachment":"scroll","background-type":"","background-media":"","overlay-type":"","overlay-color":"","overlay-opacity":"","overlay-gradient":""},"tablet":{"background-color":"var(--ast-global-color-5)","background-image":"","background-repeat":"repeat","background-position":"center center","background-size":"auto","background-attachment":"scroll","background-type":"","background-media":"","overlay-type":"","overlay-color":"","overlay-opacity":"","overlay-gradient":""},"mobile":{"background-color":"var(--ast-global-color-5)","background-image":"","background-repeat":"repeat","background-position":"center center","background-size":"auto","background-attachment":"scroll","background-type":"","background-media":"","overlay-type":"","overlay-color":"","overlay-opacity":"","overlay-gradient":""}},"footnotes":""},"categories":[31],"tags":[],"class_list":["post-19856","post","type-post","status-publish","format-standard","has-post-thumbnail","hentry","category-aktuality"],"yoast_head":"<!-- This site is optimized with the Yoast SEO plugin v27.4 - https:\/\/yoast.com\/product\/yoast-seo-wordpress\/ -->\n<title>Fa\u0161iangy v m\u00fazeu - Pova\u017esk\u00e9 m\u00fazeum<\/title>\n<meta name=\"robots\" content=\"index, follow, max-snippet:-1, max-image-preview:large, max-video-preview:-1\" \/>\n<link rel=\"canonical\" href=\"https:\/\/pmza.sk\/?p=19856\" \/>\n<meta property=\"og:locale\" content=\"sk_SK\" \/>\n<meta property=\"og:type\" content=\"article\" \/>\n<meta property=\"og:title\" content=\"Fa\u0161iangy v m\u00fazeu - Pova\u017esk\u00e9 m\u00fazeum\" \/>\n<meta property=\"og:description\" content=\"Pova\u017esk\u00e9 m\u00fazeum v\u00a0\u017diline v\u00a0zria\u010fovate\u013eskej p\u00f4sobnosti \u017dilinsk\u00e9ho samospr\u00e1vneho kraja pripravilo na koniec febru\u00e1ra vo svojich expoz\u00edci\u00e1ch dve tradi\u010dn\u00e9 fa\u0161iangov\u00e9 podujatia. V\u00a0r\u00e1zovitej obci \u010ci\u010dmany v\u00a0Rajeckej doline sa st\u00e1le akt\u00edvne udr\u017eiava trad\u00edcia fa\u0161iangov\u00fdch poch\u00f4dzok, ktorou sa zachov\u00e1vaj\u00fa a\u00a0udr\u017eiavaj\u00fa zvyky na\u0161ich predkov. Nebude tomu inak ani tento rok. Krojovan\u00fd sprievod obcou sa zastav\u00ed pri ka\u017edom dome a\u00a0\u201ema\u0161kary\u201c spevom a\u00a0tancom [&hellip;]\" \/>\n<meta property=\"og:url\" content=\"https:\/\/pmza.sk\/?p=19856\" \/>\n<meta property=\"og:site_name\" content=\"Pova\u017esk\u00e9 m\u00fazeum\" \/>\n<meta property=\"article:publisher\" content=\"https:\/\/www.facebook.com\/povazskemuzeum\" \/>\n<meta property=\"article:published_time\" content=\"2017-02-20T15:17:35+00:00\" \/>\n<meta property=\"og:image\" content=\"https:\/\/pmza.sk\/wp-content\/uploads\/2017\/02\/Fasiangy-v-Budatine-scaled-1.jpg\" \/>\n\t<meta property=\"og:image:width\" content=\"2560\" \/>\n\t<meta property=\"og:image:height\" content=\"1920\" \/>\n\t<meta property=\"og:image:type\" content=\"image\/jpeg\" \/>\n<meta name=\"author\" content=\"Pova\u017esk\u00e9 m\u00fazeum\" \/>\n<meta name=\"twitter:card\" content=\"summary_large_image\" \/>\n<meta name=\"twitter:label1\" content=\"Autor\" \/>\n\t<meta name=\"twitter:data1\" content=\"Pova\u017esk\u00e9 m\u00fazeum\" \/>\n\t<meta name=\"twitter:label2\" content=\"Predpokladan\u00fd \u010das \u010d\u00edtania\" \/>\n\t<meta name=\"twitter:data2\" content=\"2 min\u00faty\" \/>\n<script type=\"application\/ld+json\" class=\"yoast-schema-graph\">{\"@context\":\"https:\\\/\\\/schema.org\",\"@graph\":[{\"@type\":\"Article\",\"@id\":\"https:\\\/\\\/pmza.sk\\\/?p=19856#article\",\"isPartOf\":{\"@id\":\"https:\\\/\\\/pmza.sk\\\/?p=19856\"},\"author\":{\"name\":\"Pova\u017esk\u00e9 m\u00fazeum\",\"@id\":\"https:\\\/\\\/pmza.sk\\\/#\\\/schema\\\/person\\\/595e6a2ce731ea94dcd5d7f50a41ae33\"},\"headline\":\"Fa\u0161iangy v m\u00fazeu\",\"datePublished\":\"2017-02-20T15:17:35+00:00\",\"mainEntityOfPage\":{\"@id\":\"https:\\\/\\\/pmza.sk\\\/?p=19856\"},\"wordCount\":430,\"publisher\":{\"@id\":\"https:\\\/\\\/pmza.sk\\\/#organization\"},\"image\":{\"@id\":\"https:\\\/\\\/pmza.sk\\\/?p=19856#primaryimage\"},\"thumbnailUrl\":\"https:\\\/\\\/pmza.sk\\\/wp-content\\\/uploads\\\/2017\\\/02\\\/Fasiangy-v-Budatine-scaled-1.jpg\",\"articleSection\":[\"Aktuality\"],\"inLanguage\":\"sk-SK\"},{\"@type\":\"WebPage\",\"@id\":\"https:\\\/\\\/pmza.sk\\\/?p=19856\",\"url\":\"https:\\\/\\\/pmza.sk\\\/?p=19856\",\"name\":\"Fa\u0161iangy v m\u00fazeu - Pova\u017esk\u00e9 m\u00fazeum\",\"isPartOf\":{\"@id\":\"https:\\\/\\\/pmza.sk\\\/#website\"},\"primaryImageOfPage\":{\"@id\":\"https:\\\/\\\/pmza.sk\\\/?p=19856#primaryimage\"},\"image\":{\"@id\":\"https:\\\/\\\/pmza.sk\\\/?p=19856#primaryimage\"},\"thumbnailUrl\":\"https:\\\/\\\/pmza.sk\\\/wp-content\\\/uploads\\\/2017\\\/02\\\/Fasiangy-v-Budatine-scaled-1.jpg\",\"datePublished\":\"2017-02-20T15:17:35+00:00\",\"breadcrumb\":{\"@id\":\"https:\\\/\\\/pmza.sk\\\/?p=19856#breadcrumb\"},\"inLanguage\":\"sk-SK\",\"potentialAction\":[{\"@type\":\"ReadAction\",\"target\":[\"https:\\\/\\\/pmza.sk\\\/?p=19856\"]}]},{\"@type\":\"ImageObject\",\"inLanguage\":\"sk-SK\",\"@id\":\"https:\\\/\\\/pmza.sk\\\/?p=19856#primaryimage\",\"url\":\"https:\\\/\\\/pmza.sk\\\/wp-content\\\/uploads\\\/2017\\\/02\\\/Fasiangy-v-Budatine-scaled-1.jpg\",\"contentUrl\":\"https:\\\/\\\/pmza.sk\\\/wp-content\\\/uploads\\\/2017\\\/02\\\/Fasiangy-v-Budatine-scaled-1.jpg\",\"width\":2560,\"height\":1920},{\"@type\":\"BreadcrumbList\",\"@id\":\"https:\\\/\\\/pmza.sk\\\/?p=19856#breadcrumb\",\"itemListElement\":[{\"@type\":\"ListItem\",\"position\":1,\"name\":\"Domovsk\u00e1 str\u00e1nka\",\"item\":\"https:\\\/\\\/pmza.sk\\\/\"},{\"@type\":\"ListItem\",\"position\":2,\"name\":\"Fa\u0161iangy v m\u00fazeu\"}]},{\"@type\":\"WebSite\",\"@id\":\"https:\\\/\\\/pmza.sk\\\/#website\",\"url\":\"https:\\\/\\\/pmza.sk\\\/\",\"name\":\"Pova\u017esk\u00e9 m\u00fazeum\",\"description\":\"Pova\u017esk\u00e9 m\u00fazeum v \u017diline je region\u00e1lne m\u00fazeum so s\u00eddlom v Budat\u00edne. Jeho expoz\u00edcie s\u00fa zameran\u00e9 na dejiny slovensk\u00e9ho umenia, kult\u00fary a dopravy.\",\"publisher\":{\"@id\":\"https:\\\/\\\/pmza.sk\\\/#organization\"},\"potentialAction\":[{\"@type\":\"SearchAction\",\"target\":{\"@type\":\"EntryPoint\",\"urlTemplate\":\"https:\\\/\\\/pmza.sk\\\/?s={search_term_string}\"},\"query-input\":{\"@type\":\"PropertyValueSpecification\",\"valueRequired\":true,\"valueName\":\"search_term_string\"}}],\"inLanguage\":\"sk-SK\"},{\"@type\":\"Organization\",\"@id\":\"https:\\\/\\\/pmza.sk\\\/#organization\",\"name\":\"Pova\u017esk\u00e9 m\u00fazeum\",\"url\":\"https:\\\/\\\/pmza.sk\\\/\",\"logo\":{\"@type\":\"ImageObject\",\"inLanguage\":\"sk-SK\",\"@id\":\"https:\\\/\\\/pmza.sk\\\/#\\\/schema\\\/logo\\\/image\\\/\",\"url\":\"https:\\\/\\\/pmza.sk\\\/wp-content\\\/uploads\\\/2022\\\/01\\\/logo_PM_horizontal.jpg\",\"contentUrl\":\"https:\\\/\\\/pmza.sk\\\/wp-content\\\/uploads\\\/2022\\\/01\\\/logo_PM_horizontal.jpg\",\"width\":231,\"height\":142,\"caption\":\"Pova\u017esk\u00e9 m\u00fazeum\"},\"image\":{\"@id\":\"https:\\\/\\\/pmza.sk\\\/#\\\/schema\\\/logo\\\/image\\\/\"},\"sameAs\":[\"https:\\\/\\\/www.facebook.com\\\/povazskemuzeum\",\"https:\\\/\\\/www.instagram.com\\\/povazskemuzeum\\\/\"]},{\"@type\":\"Person\",\"@id\":\"https:\\\/\\\/pmza.sk\\\/#\\\/schema\\\/person\\\/595e6a2ce731ea94dcd5d7f50a41ae33\",\"name\":\"Pova\u017esk\u00e9 m\u00fazeum\",\"image\":{\"@type\":\"ImageObject\",\"inLanguage\":\"sk-SK\",\"@id\":\"https:\\\/\\\/secure.gravatar.com\\\/avatar\\\/2bb7f1561282132fb5826dfeccc66c7996d11ee392ac6aaf7ced8a1c2027fbb2?s=96&d=mm&r=g\",\"url\":\"https:\\\/\\\/secure.gravatar.com\\\/avatar\\\/2bb7f1561282132fb5826dfeccc66c7996d11ee392ac6aaf7ced8a1c2027fbb2?s=96&d=mm&r=g\",\"contentUrl\":\"https:\\\/\\\/secure.gravatar.com\\\/avatar\\\/2bb7f1561282132fb5826dfeccc66c7996d11ee392ac6aaf7ced8a1c2027fbb2?s=96&d=mm&r=g\",\"caption\":\"Pova\u017esk\u00e9 m\u00fazeum\"}}]}<\/script>\n<!-- \/ Yoast SEO plugin. -->","yoast_head_json":{"title":"Fa\u0161iangy v m\u00fazeu - Pova\u017esk\u00e9 m\u00fazeum","robots":{"index":"index","follow":"follow","max-snippet":"max-snippet:-1","max-image-preview":"max-image-preview:large","max-video-preview":"max-video-preview:-1"},"canonical":"https:\/\/pmza.sk\/?p=19856","og_locale":"sk_SK","og_type":"article","og_title":"Fa\u0161iangy v m\u00fazeu - Pova\u017esk\u00e9 m\u00fazeum","og_description":"Pova\u017esk\u00e9 m\u00fazeum v\u00a0\u017diline v\u00a0zria\u010fovate\u013eskej p\u00f4sobnosti \u017dilinsk\u00e9ho samospr\u00e1vneho kraja pripravilo na koniec febru\u00e1ra vo svojich expoz\u00edci\u00e1ch dve tradi\u010dn\u00e9 fa\u0161iangov\u00e9 podujatia. V\u00a0r\u00e1zovitej obci \u010ci\u010dmany v\u00a0Rajeckej doline sa st\u00e1le akt\u00edvne udr\u017eiava trad\u00edcia fa\u0161iangov\u00fdch poch\u00f4dzok, ktorou sa zachov\u00e1vaj\u00fa a\u00a0udr\u017eiavaj\u00fa zvyky na\u0161ich predkov. Nebude tomu inak ani tento rok. Krojovan\u00fd sprievod obcou sa zastav\u00ed pri ka\u017edom dome a\u00a0\u201ema\u0161kary\u201c spevom a\u00a0tancom [&hellip;]","og_url":"https:\/\/pmza.sk\/?p=19856","og_site_name":"Pova\u017esk\u00e9 m\u00fazeum","article_publisher":"https:\/\/www.facebook.com\/povazskemuzeum","article_published_time":"2017-02-20T15:17:35+00:00","og_image":[{"width":2560,"height":1920,"url":"https:\/\/pmza.sk\/wp-content\/uploads\/2017\/02\/Fasiangy-v-Budatine-scaled-1.jpg","type":"image\/jpeg"}],"author":"Pova\u017esk\u00e9 m\u00fazeum","twitter_card":"summary_large_image","twitter_misc":{"Autor":"Pova\u017esk\u00e9 m\u00fazeum","Predpokladan\u00fd \u010das \u010d\u00edtania":"2 min\u00faty"},"schema":{"@context":"https:\/\/schema.org","@graph":[{"@type":"Article","@id":"https:\/\/pmza.sk\/?p=19856#article","isPartOf":{"@id":"https:\/\/pmza.sk\/?p=19856"},"author":{"name":"Pova\u017esk\u00e9 m\u00fazeum","@id":"https:\/\/pmza.sk\/#\/schema\/person\/595e6a2ce731ea94dcd5d7f50a41ae33"},"headline":"Fa\u0161iangy v m\u00fazeu","datePublished":"2017-02-20T15:17:35+00:00","mainEntityOfPage":{"@id":"https:\/\/pmza.sk\/?p=19856"},"wordCount":430,"publisher":{"@id":"https:\/\/pmza.sk\/#organization"},"image":{"@id":"https:\/\/pmza.sk\/?p=19856#primaryimage"},"thumbnailUrl":"https:\/\/pmza.sk\/wp-content\/uploads\/2017\/02\/Fasiangy-v-Budatine-scaled-1.jpg","articleSection":["Aktuality"],"inLanguage":"sk-SK"},{"@type":"WebPage","@id":"https:\/\/pmza.sk\/?p=19856","url":"https:\/\/pmza.sk\/?p=19856","name":"Fa\u0161iangy v m\u00fazeu - Pova\u017esk\u00e9 m\u00fazeum","isPartOf":{"@id":"https:\/\/pmza.sk\/#website"},"primaryImageOfPage":{"@id":"https:\/\/pmza.sk\/?p=19856#primaryimage"},"image":{"@id":"https:\/\/pmza.sk\/?p=19856#primaryimage"},"thumbnailUrl":"https:\/\/pmza.sk\/wp-content\/uploads\/2017\/02\/Fasiangy-v-Budatine-scaled-1.jpg","datePublished":"2017-02-20T15:17:35+00:00","breadcrumb":{"@id":"https:\/\/pmza.sk\/?p=19856#breadcrumb"},"inLanguage":"sk-SK","potentialAction":[{"@type":"ReadAction","target":["https:\/\/pmza.sk\/?p=19856"]}]},{"@type":"ImageObject","inLanguage":"sk-SK","@id":"https:\/\/pmza.sk\/?p=19856#primaryimage","url":"https:\/\/pmza.sk\/wp-content\/uploads\/2017\/02\/Fasiangy-v-Budatine-scaled-1.jpg","contentUrl":"https:\/\/pmza.sk\/wp-content\/uploads\/2017\/02\/Fasiangy-v-Budatine-scaled-1.jpg","width":2560,"height":1920},{"@type":"BreadcrumbList","@id":"https:\/\/pmza.sk\/?p=19856#breadcrumb","itemListElement":[{"@type":"ListItem","position":1,"name":"Domovsk\u00e1 str\u00e1nka","item":"https:\/\/pmza.sk\/"},{"@type":"ListItem","position":2,"name":"Fa\u0161iangy v m\u00fazeu"}]},{"@type":"WebSite","@id":"https:\/\/pmza.sk\/#website","url":"https:\/\/pmza.sk\/","name":"Pova\u017esk\u00e9 m\u00fazeum","description":"Pova\u017esk\u00e9 m\u00fazeum v \u017diline je region\u00e1lne m\u00fazeum so s\u00eddlom v Budat\u00edne. Jeho expoz\u00edcie s\u00fa zameran\u00e9 na dejiny slovensk\u00e9ho umenia, kult\u00fary a dopravy.","publisher":{"@id":"https:\/\/pmza.sk\/#organization"},"potentialAction":[{"@type":"SearchAction","target":{"@type":"EntryPoint","urlTemplate":"https:\/\/pmza.sk\/?s={search_term_string}"},"query-input":{"@type":"PropertyValueSpecification","valueRequired":true,"valueName":"search_term_string"}}],"inLanguage":"sk-SK"},{"@type":"Organization","@id":"https:\/\/pmza.sk\/#organization","name":"Pova\u017esk\u00e9 m\u00fazeum","url":"https:\/\/pmza.sk\/","logo":{"@type":"ImageObject","inLanguage":"sk-SK","@id":"https:\/\/pmza.sk\/#\/schema\/logo\/image\/","url":"https:\/\/pmza.sk\/wp-content\/uploads\/2022\/01\/logo_PM_horizontal.jpg","contentUrl":"https:\/\/pmza.sk\/wp-content\/uploads\/2022\/01\/logo_PM_horizontal.jpg","width":231,"height":142,"caption":"Pova\u017esk\u00e9 m\u00fazeum"},"image":{"@id":"https:\/\/pmza.sk\/#\/schema\/logo\/image\/"},"sameAs":["https:\/\/www.facebook.com\/povazskemuzeum","https:\/\/www.instagram.com\/povazskemuzeum\/"]},{"@type":"Person","@id":"https:\/\/pmza.sk\/#\/schema\/person\/595e6a2ce731ea94dcd5d7f50a41ae33","name":"Pova\u017esk\u00e9 m\u00fazeum","image":{"@type":"ImageObject","inLanguage":"sk-SK","@id":"https:\/\/secure.gravatar.com\/avatar\/2bb7f1561282132fb5826dfeccc66c7996d11ee392ac6aaf7ced8a1c2027fbb2?s=96&d=mm&r=g","url":"https:\/\/secure.gravatar.com\/avatar\/2bb7f1561282132fb5826dfeccc66c7996d11ee392ac6aaf7ced8a1c2027fbb2?s=96&d=mm&r=g","contentUrl":"https:\/\/secure.gravatar.com\/avatar\/2bb7f1561282132fb5826dfeccc66c7996d11ee392ac6aaf7ced8a1c2027fbb2?s=96&d=mm&r=g","caption":"Pova\u017esk\u00e9 m\u00fazeum"}}]}},"_links":{"self":[{"href":"https:\/\/pmza.sk\/index.php?rest_route=\/wp\/v2\/posts\/19856","targetHints":{"allow":["GET"]}}],"collection":[{"href":"https:\/\/pmza.sk\/index.php?rest_route=\/wp\/v2\/posts"}],"about":[{"href":"https:\/\/pmza.sk\/index.php?rest_route=\/wp\/v2\/types\/post"}],"author":[{"embeddable":true,"href":"https:\/\/pmza.sk\/index.php?rest_route=\/wp\/v2\/users\/2"}],"replies":[{"embeddable":true,"href":"https:\/\/pmza.sk\/index.php?rest_route=%2Fwp%2Fv2%2Fcomments&post=19856"}],"version-history":[{"count":0,"href":"https:\/\/pmza.sk\/index.php?rest_route=\/wp\/v2\/posts\/19856\/revisions"}],"wp:featuredmedia":[{"embeddable":true,"href":"https:\/\/pmza.sk\/index.php?rest_route=\/wp\/v2\/media\/19861"}],"wp:attachment":[{"href":"https:\/\/pmza.sk\/index.php?rest_route=%2Fwp%2Fv2%2Fmedia&parent=19856"}],"wp:term":[{"taxonomy":"category","embeddable":true,"href":"https:\/\/pmza.sk\/index.php?rest_route=%2Fwp%2Fv2%2Fcategories&post=19856"},{"taxonomy":"post_tag","embeddable":true,"href":"https:\/\/pmza.sk\/index.php?rest_route=%2Fwp%2Fv2%2Ftags&post=19856"}],"curies":[{"name":"wp","href":"https:\/\/api.w.org\/{rel}","templated":true}]}}