{"id":20108,"date":"2017-02-21T09:27:35","date_gmt":"2017-02-21T08:27:35","guid":{"rendered":"https:\/\/pmza.sk.sk\/?p=20108"},"modified":"2017-02-21T09:27:35","modified_gmt":"2017-02-21T08:27:35","slug":"zilinsky-kraj-opat-uspesny-eurofondy-ozivia-dalsiu-cast-bohatej-historie","status":"publish","type":"post","link":"https:\/\/pmza.sk\/?p=20108","title":{"rendered":"\u017dilinsk\u00fd kraj op\u00e4\u0165 \u00faspe\u0161n\u00fd. Eurofondy o\u017eivia \u010fal\u0161iu \u010das\u0165 bohatej hist\u00f3rie."},"content":{"rendered":"<p>V\u00a0r\u00e1mci programu eur\u00f3pskych projektov slovensko-po\u013eskej spolupr\u00e1ce schv\u00e1lil monitorovac\u00ed v\u00fdbor INTERREG \u0161tyri podan\u00e9 \u017eiadosti \u017dilinsk\u00e9ho samospr\u00e1vneho kraja. \u017dupa z\u00edska mili\u00f3n eur na rekon\u0161trukciu hospod\u00e1rskej budovy Budat\u00ednskeho hradu,\u00a0viac ako 360-tis\u00edc eur na obnovu unik\u00e1tnej \u017eelezni\u010dky v\u00a0are\u00e1li M\u00fazea Liptovskej dediny v\u00a0Pribyline a\u00a0takmer 780-tis\u00edc eur do rozvoja Oravsk\u00e9ho hradu. \u201eVe\u013emi ma te\u0161\u00ed, \u017ee sa n\u00e1m podarilo znovu uspie\u0165 a\u00a0z\u00edskali sme \u010fal\u0161ie financie pre na\u0161e historick\u00e9 pamiatky. V\u010faka eurofondom m\u00f4\u017eeme modernizova\u0165 a\u00a0d\u00e1va\u0165 na\u0161im kult\u00farnym klenotom pr\u00ed\u0165a\u017eliv\u00fa tv\u00e1r,\u201c uviedol predseda \u017dSK Juraj Blan\u00e1r.<\/p>\n<figure id=\"attachment_20106\" aria-describedby=\"caption-attachment-20106\" style=\"width: 150px\" class=\"wp-caption alignleft\"><a href=\"https:\/\/pmza.sk\/wp-content\/uploads\/2017\/02\/ZSK_V-Muzeu-Liptovskej-dediny-v-Pribyline-spojazdnia-unikatnu-lesnu-zeleznicku.jpg\"><img decoding=\"async\" class=\"wp-image-20106 size-thumbnail\" src=\"https:\/\/pmza.sk.sk\/wp-content\/uploads\/2017\/02\/\u017dSK_V-M\u00fazeu-Liptovskej-dediny-v-Pribyline-spojazdnia-unik\u00e1tnu-lesn\u00fa-\u017eelezni\u010dku-150x113.jpg\" width=\"150\" height=\"113\" \/><\/a><figcaption id=\"caption-attachment-20106\" class=\"wp-caption-text\">V M\u00fazeu Liptovskej dediny v Pribyline spojazdnia unik\u00e1tnu lesn\u00fa \u017eelezni\u010dku<\/figcaption><\/figure>\n<p>Pod\u013ea slov riadite\u013eky odboru kult\u00fary \u017dSK Miroslavy \u0160ev\u010d\u00edkovej-\u0160umskej umo\u017enia eurofondy spojazdni\u0165 Pova\u017esk\u00fa \u00fazkorozchodn\u00fa lesn\u00fa \u017eeleznicu nach\u00e1dzaj\u00facu sa v\u00a0M\u00fazeu Liptovskej dediny v\u00a0Pribyline. \u201eDoteraz mohli n\u00e1v\u0161tevn\u00edci vidie\u0165 len statick\u00fa expoz\u00edciu ko\u013eajov\u00fdch vozidiel a\u00a0historick\u00fdch dreven\u00fdch stavieb. Lesn\u00e1 \u017eelezni\u010dka pon\u00fakne \u00faplne nov\u00fd z\u00e1\u017eitok prep\u00e1jaj\u00faci obe tieto expoz\u00edcie. Po\u010d\u00edtame tie\u017e s\u00a0\u00fapravou dvoch n\u00e1stup\u00ed\u0161\u0165 a\u00a0po\u010das cesty, ktor\u00e1 bude pripom\u00edna\u0165 skuto\u010dn\u00fa lesn\u00fa \u017eeleznicu, prejd\u00fa cestuj\u00faci po origin\u00e1lnom oce\u013eovom moste,\u201c informovala riadite\u013eka o projekte.<\/p>\n<figure id=\"attachment_20107\" aria-describedby=\"caption-attachment-20107\" style=\"width: 150px\" class=\"wp-caption alignright\"><a href=\"https:\/\/pmza.sk\/wp-content\/uploads\/2017\/02\/ZSK_Zupe-sa-podarilo-ziskat-financie-na-pokracujucu-rekonstrukciu-Budatinskeho-hradu.jpg\"><img decoding=\"async\" class=\"wp-image-20107 size-thumbnail\" src=\"https:\/\/pmza.sk.sk\/wp-content\/uploads\/2017\/02\/\u017dSK_\u017dupe-sa-podarilo-z\u00edska\u0165-financie-na-pokra\u010duj\u00facu-rekon\u0161trukciu-Budat\u00ednskeho-hradu-150x100.jpg\" width=\"150\" height=\"100\" \/><\/a><figcaption id=\"caption-attachment-20107\" class=\"wp-caption-text\">\u017dupe sa podarilo z\u00edska\u0165 financie na pokra\u010duj\u00facu rekon\u0161trukciu Budat\u00ednskeho hradu<\/figcaption><\/figure>\n<p>Financie schv\u00e1lili \u017eupe i\u00a0na pokra\u010duj\u00facu obnovu stredovek\u00e9ho Budat\u00ednskeho hradu. \u201eO invest\u00edciu na rekon\u0161trukciu hospod\u00e1rskej budovy sme sa sna\u017eili u\u017e v\u00a0minulosti, no neuspeli sme. Teraz sa n\u00e1m to podarilo a\u00a0\u010dak\u00e1 n\u00e1s nov\u00e1 etapa obnovy,\u201c pribl\u00ed\u017eila M. \u0160ev\u010d\u00edkov\u00e1-\u0160umsk\u00e1. Pod\u013ea jej slov Pova\u017esk\u00e9 m\u00fazeum roz\u0161\u00edri v\u00a0historick\u00fdch priestoroch expoz\u00edciu drot\u00e1rskeho remesla v\u00a0jeho p\u00f4vodn\u00fdch i\u00a0umeleck\u00fdch prejavoch. Ako tie\u017e dodal \u017eilinsk\u00fd \u017eupan, tento projekt bude pokra\u010dovan\u00edm \u00faspe\u0161n\u00e9ho \u010derpania eurofondov v Budat\u00edne. \u201eHrad je klenotom Horn\u00e9ho Pova\u017eia a\u00a0ak u\u017e zapo\u010d\u00edtam aj t\u00fato posledn\u00fa invest\u00edciu, z\u00a0eurofondov sa n\u00e1m podarilo na jeho obnovu z\u00edska\u0165 p\u00e4\u0165 mili\u00f3nov eur a\u00a0\u010fal\u0161\u00ed mili\u00f3n sme dofinancovali z\u00a0n\u00e1\u0161ho rozpo\u010dtu. N\u00e1v\u0161tevn\u00edci tu n\u00e1jdu jedine\u010dn\u00fd zrevitalizovan\u00fd park, v\u00fdnimo\u010dn\u00fa barokov\u00fa kaplnku, zmodernizovan\u00e9 vn\u00fatorn\u00e9 expoz\u00edcie a\u00a0hradn\u00fa ve\u017eu. K\u00a0tomu pribudne hospod\u00e1rska budova a\u00a0Budat\u00ednsky hrad op\u00e4\u0165 za\u017eiari,\u201c zd\u00f4raznil J. Blan\u00e1r.<\/p>\n<figure id=\"attachment_20105\" aria-describedby=\"caption-attachment-20105\" style=\"width: 150px\" class=\"wp-caption alignleft\"><a href=\"https:\/\/pmza.sk\/wp-content\/uploads\/2017\/02\/ZSK_Uspesne-bolo-i-Oravske-muzeum.-Oravsky-hrad-caka-obnova-fary..jpg\"><img decoding=\"async\" class=\"wp-image-20105 size-thumbnail\" src=\"https:\/\/pmza.sk.sk\/wp-content\/uploads\/2017\/02\/\u017dSK_\u00daspe\u0161n\u00e9-bolo-i-Oravsk\u00e9-m\u00fazeum.-Oravsk\u00fd-hrad-\u010dak\u00e1-obnova-fary.-150x126.jpg\" width=\"150\" height=\"126\" \/><\/a><figcaption id=\"caption-attachment-20105\" class=\"wp-caption-text\">\u00daspe\u0161n\u00e9 bolo i Oravsk\u00e9 m\u00fazeum. Oravsk\u00fd hrad \u010dak\u00e1 obnova fary.<\/figcaption><\/figure>\n<p>V\u00a0r\u00e1mci slovensko-po\u013eskej spolupr\u00e1ce z\u00edskalo finan\u010dn\u00fa podporu i Oravsk\u00e9 m\u00fazeum v\u00a0Dolnom Kub\u00edne v\u00a0p\u00f4sobnosti \u017dilinskej \u017eupy. \u201eO eurofondy \u017eiadaj\u00fa rovnako na\u0161e in\u0161tit\u00facie, ktor\u00fdch projekty spolufinancujeme a\u00a0aj takouto formou rozv\u00edjame kult\u00farny turizmus. Na n\u00e1dvor\u00ed Oravsk\u00e9ho hradu vznikne rekon\u0161trukciou historickej budovy fary z\u00a018. storo\u010dia multimedi\u00e1lne pr\u00edrodovedn\u00e9 m\u00fazeum,\u201c podotkol J. Blan\u00e1r. Ako \u010falej vysvetlila riadite\u013eka Oravsk\u00e9ho m\u00fazea M\u00e1ria Jagne\u0161\u00e1kov\u00e1, m\u00fazeum turistom pribl\u00ed\u017ei nev\u0161edn\u00fa \u010das\u0165 pr\u00edrody, ktorou s\u00fa ra\u0161elinisk\u00e1, s cie\u013eom zabezpe\u010di\u0165 ochranu, ale tie\u017e prezent\u00e1ciu a\u00a0spr\u00edstupnenie tohto unik\u00e1tneho pr\u00edrodn\u00e9ho dedi\u010dstva. \u201eExpoz\u00edcie bud\u00fa interakt\u00edvne a\u00a0audiovizu\u00e1lne, tak\u017ee zaujm\u00fa aj mlad\u0161\u00edch n\u00e1v\u0161tevn\u00edkov. Vytvor\u00edme napr\u00edklad origin\u00e1lnu mapu ra\u0161elin\u00edsk, ve\u013ek\u00fd model z\u00e1konom chr\u00e1nenej rosi\u010dky a pripraven\u00e9 bud\u00fa i\u00a0mikroskopy ur\u010den\u00e9 na r\u00f4zne experimenty. Expoz\u00edcia bude vybaven\u00e1 modern\u00fdmi technol\u00f3giami, no zvonku zachov\u00e1me historick\u00fd vzh\u013ead budovy,\u201c doplnila M. Jagne\u0161\u00e1kov\u00e1.<\/p>\n<p style=\"text-align: right;\"><strong>Lenka Z\u00e1tekov\u00e1<br \/>hovorky\u0148a \u017dSK<\/strong><\/p>\n","protected":false},"excerpt":{"rendered":"<p>V\u00a0r\u00e1mci programu eur\u00f3pskych projektov slovensko-po\u013eskej spolupr\u00e1ce schv\u00e1lil monitorovac\u00ed v\u00fdbor INTERREG \u0161tyri podan\u00e9 \u017eiadosti \u017dilinsk\u00e9ho samospr\u00e1vneho kraja. \u017dupa z\u00edska mili\u00f3n eur na rekon\u0161trukciu hospod\u00e1rskej budovy Budat\u00ednskeho hradu,\u00a0viac ako 360-tis\u00edc eur na obnovu unik\u00e1tnej \u017eelezni\u010dky v\u00a0are\u00e1li M\u00fazea Liptovskej dediny v\u00a0Pribyline a\u00a0takmer 780-tis\u00edc eur do rozvoja Oravsk\u00e9ho hradu. \u201eVe\u013emi ma te\u0161\u00ed, \u017ee sa n\u00e1m podarilo znovu uspie\u0165 a\u00a0z\u00edskali [&hellip;]<\/p>\n","protected":false},"author":2,"featured_media":20107,"comment_status":"closed","ping_status":"closed","sticky":false,"template":"","format":"standard","meta":{"site-sidebar-layout":"default","site-content-layout":"","ast-site-content-layout":"","site-content-style":"default","site-sidebar-style":"default","ast-global-header-display":"","ast-banner-title-visibility":"","ast-main-header-display":"","ast-hfb-above-header-display":"","ast-hfb-below-header-display":"","ast-hfb-mobile-header-display":"","site-post-title":"","ast-breadcrumbs-content":"","ast-featured-img":"","footer-sml-layout":"","theme-transparent-header-meta":"","adv-header-id-meta":"","stick-header-meta":"","header-above-stick-meta":"","header-main-stick-meta":"","header-below-stick-meta":"","astra-migrate-meta-layouts":"default","ast-page-background-enabled":"default","ast-page-background-meta":{"desktop":{"background-color":"var(--ast-global-color-4)","background-image":"","background-repeat":"repeat","background-position":"center center","background-size":"auto","background-attachment":"scroll","background-type":"","background-media":"","overlay-type":"","overlay-color":"","overlay-opacity":"","overlay-gradient":""},"tablet":{"background-color":"","background-image":"","background-repeat":"repeat","background-position":"center center","background-size":"auto","background-attachment":"scroll","background-type":"","background-media":"","overlay-type":"","overlay-color":"","overlay-opacity":"","overlay-gradient":""},"mobile":{"background-color":"","background-image":"","background-repeat":"repeat","background-position":"center center","background-size":"auto","background-attachment":"scroll","background-type":"","background-media":"","overlay-type":"","overlay-color":"","overlay-opacity":"","overlay-gradient":""}},"ast-content-background-meta":{"desktop":{"background-color":"var(--ast-global-color-5)","background-image":"","background-repeat":"repeat","background-position":"center center","background-size":"auto","background-attachment":"scroll","background-type":"","background-media":"","overlay-type":"","overlay-color":"","overlay-opacity":"","overlay-gradient":""},"tablet":{"background-color":"var(--ast-global-color-5)","background-image":"","background-repeat":"repeat","background-position":"center center","background-size":"auto","background-attachment":"scroll","background-type":"","background-media":"","overlay-type":"","overlay-color":"","overlay-opacity":"","overlay-gradient":""},"mobile":{"background-color":"var(--ast-global-color-5)","background-image":"","background-repeat":"repeat","background-position":"center center","background-size":"auto","background-attachment":"scroll","background-type":"","background-media":"","overlay-type":"","overlay-color":"","overlay-opacity":"","overlay-gradient":""}},"footnotes":""},"categories":[31],"tags":[],"class_list":["post-20108","post","type-post","status-publish","format-standard","has-post-thumbnail","hentry","category-aktuality"],"yoast_head":"<!-- This site is optimized with the Yoast SEO plugin v27.4 - https:\/\/yoast.com\/product\/yoast-seo-wordpress\/ -->\n<title>\u017dilinsk\u00fd kraj op\u00e4\u0165 \u00faspe\u0161n\u00fd. Eurofondy o\u017eivia \u010fal\u0161iu \u010das\u0165 bohatej hist\u00f3rie. - Pova\u017esk\u00e9 m\u00fazeum<\/title>\n<meta name=\"robots\" content=\"index, follow, max-snippet:-1, max-image-preview:large, max-video-preview:-1\" \/>\n<link rel=\"canonical\" href=\"https:\/\/pmza.sk\/?p=20108\" \/>\n<meta property=\"og:locale\" content=\"sk_SK\" \/>\n<meta property=\"og:type\" content=\"article\" \/>\n<meta property=\"og:title\" content=\"\u017dilinsk\u00fd kraj op\u00e4\u0165 \u00faspe\u0161n\u00fd. Eurofondy o\u017eivia \u010fal\u0161iu \u010das\u0165 bohatej hist\u00f3rie. - Pova\u017esk\u00e9 m\u00fazeum\" \/>\n<meta property=\"og:description\" content=\"V\u00a0r\u00e1mci programu eur\u00f3pskych projektov slovensko-po\u013eskej spolupr\u00e1ce schv\u00e1lil monitorovac\u00ed v\u00fdbor INTERREG \u0161tyri podan\u00e9 \u017eiadosti \u017dilinsk\u00e9ho samospr\u00e1vneho kraja. \u017dupa z\u00edska mili\u00f3n eur na rekon\u0161trukciu hospod\u00e1rskej budovy Budat\u00ednskeho hradu,\u00a0viac ako 360-tis\u00edc eur na obnovu unik\u00e1tnej \u017eelezni\u010dky v\u00a0are\u00e1li M\u00fazea Liptovskej dediny v\u00a0Pribyline a\u00a0takmer 780-tis\u00edc eur do rozvoja Oravsk\u00e9ho hradu. \u201eVe\u013emi ma te\u0161\u00ed, \u017ee sa n\u00e1m podarilo znovu uspie\u0165 a\u00a0z\u00edskali [&hellip;]\" \/>\n<meta property=\"og:url\" content=\"https:\/\/pmza.sk\/?p=20108\" \/>\n<meta property=\"og:site_name\" content=\"Pova\u017esk\u00e9 m\u00fazeum\" \/>\n<meta property=\"article:publisher\" content=\"https:\/\/www.facebook.com\/povazskemuzeum\" \/>\n<meta property=\"article:published_time\" content=\"2017-02-21T08:27:35+00:00\" \/>\n<meta property=\"og:image\" content=\"https:\/\/pmza.sk\/wp-content\/uploads\/2017\/02\/ZSK_Zupe-sa-podarilo-ziskat-financie-na-pokracujucu-rekonstrukciu-Budatinskeho-hradu.jpg\" \/>\n\t<meta property=\"og:image:width\" content=\"1024\" \/>\n\t<meta property=\"og:image:height\" content=\"683\" \/>\n\t<meta property=\"og:image:type\" content=\"image\/jpeg\" \/>\n<meta name=\"author\" content=\"Pova\u017esk\u00e9 m\u00fazeum\" \/>\n<meta name=\"twitter:card\" content=\"summary_large_image\" \/>\n<meta name=\"twitter:label1\" content=\"Autor\" \/>\n\t<meta name=\"twitter:data1\" content=\"Pova\u017esk\u00e9 m\u00fazeum\" \/>\n\t<meta name=\"twitter:label2\" content=\"Predpokladan\u00fd \u010das \u010d\u00edtania\" \/>\n\t<meta name=\"twitter:data2\" content=\"3 min\u00faty\" \/>\n<script type=\"application\/ld+json\" class=\"yoast-schema-graph\">{\"@context\":\"https:\\\/\\\/schema.org\",\"@graph\":[{\"@type\":\"Article\",\"@id\":\"https:\\\/\\\/pmza.sk\\\/?p=20108#article\",\"isPartOf\":{\"@id\":\"https:\\\/\\\/pmza.sk\\\/?p=20108\"},\"author\":{\"name\":\"Pova\u017esk\u00e9 m\u00fazeum\",\"@id\":\"https:\\\/\\\/pmza.sk\\\/#\\\/schema\\\/person\\\/595e6a2ce731ea94dcd5d7f50a41ae33\"},\"headline\":\"\u017dilinsk\u00fd kraj op\u00e4\u0165 \u00faspe\u0161n\u00fd. Eurofondy o\u017eivia \u010fal\u0161iu \u010das\u0165 bohatej hist\u00f3rie.\",\"datePublished\":\"2017-02-21T08:27:35+00:00\",\"mainEntityOfPage\":{\"@id\":\"https:\\\/\\\/pmza.sk\\\/?p=20108\"},\"wordCount\":679,\"publisher\":{\"@id\":\"https:\\\/\\\/pmza.sk\\\/#organization\"},\"image\":{\"@id\":\"https:\\\/\\\/pmza.sk\\\/?p=20108#primaryimage\"},\"thumbnailUrl\":\"https:\\\/\\\/pmza.sk\\\/wp-content\\\/uploads\\\/2017\\\/02\\\/ZSK_Zupe-sa-podarilo-ziskat-financie-na-pokracujucu-rekonstrukciu-Budatinskeho-hradu.jpg\",\"articleSection\":[\"Aktuality\"],\"inLanguage\":\"sk-SK\"},{\"@type\":\"WebPage\",\"@id\":\"https:\\\/\\\/pmza.sk\\\/?p=20108\",\"url\":\"https:\\\/\\\/pmza.sk\\\/?p=20108\",\"name\":\"\u017dilinsk\u00fd kraj op\u00e4\u0165 \u00faspe\u0161n\u00fd. Eurofondy o\u017eivia \u010fal\u0161iu \u010das\u0165 bohatej hist\u00f3rie. - Pova\u017esk\u00e9 m\u00fazeum\",\"isPartOf\":{\"@id\":\"https:\\\/\\\/pmza.sk\\\/#website\"},\"primaryImageOfPage\":{\"@id\":\"https:\\\/\\\/pmza.sk\\\/?p=20108#primaryimage\"},\"image\":{\"@id\":\"https:\\\/\\\/pmza.sk\\\/?p=20108#primaryimage\"},\"thumbnailUrl\":\"https:\\\/\\\/pmza.sk\\\/wp-content\\\/uploads\\\/2017\\\/02\\\/ZSK_Zupe-sa-podarilo-ziskat-financie-na-pokracujucu-rekonstrukciu-Budatinskeho-hradu.jpg\",\"datePublished\":\"2017-02-21T08:27:35+00:00\",\"breadcrumb\":{\"@id\":\"https:\\\/\\\/pmza.sk\\\/?p=20108#breadcrumb\"},\"inLanguage\":\"sk-SK\",\"potentialAction\":[{\"@type\":\"ReadAction\",\"target\":[\"https:\\\/\\\/pmza.sk\\\/?p=20108\"]}]},{\"@type\":\"ImageObject\",\"inLanguage\":\"sk-SK\",\"@id\":\"https:\\\/\\\/pmza.sk\\\/?p=20108#primaryimage\",\"url\":\"https:\\\/\\\/pmza.sk\\\/wp-content\\\/uploads\\\/2017\\\/02\\\/ZSK_Zupe-sa-podarilo-ziskat-financie-na-pokracujucu-rekonstrukciu-Budatinskeho-hradu.jpg\",\"contentUrl\":\"https:\\\/\\\/pmza.sk\\\/wp-content\\\/uploads\\\/2017\\\/02\\\/ZSK_Zupe-sa-podarilo-ziskat-financie-na-pokracujucu-rekonstrukciu-Budatinskeho-hradu.jpg\",\"width\":1024,\"height\":683},{\"@type\":\"BreadcrumbList\",\"@id\":\"https:\\\/\\\/pmza.sk\\\/?p=20108#breadcrumb\",\"itemListElement\":[{\"@type\":\"ListItem\",\"position\":1,\"name\":\"Domovsk\u00e1 str\u00e1nka\",\"item\":\"https:\\\/\\\/pmza.sk\\\/\"},{\"@type\":\"ListItem\",\"position\":2,\"name\":\"\u017dilinsk\u00fd kraj op\u00e4\u0165 \u00faspe\u0161n\u00fd. Eurofondy o\u017eivia \u010fal\u0161iu \u010das\u0165 bohatej hist\u00f3rie.\"}]},{\"@type\":\"WebSite\",\"@id\":\"https:\\\/\\\/pmza.sk\\\/#website\",\"url\":\"https:\\\/\\\/pmza.sk\\\/\",\"name\":\"Pova\u017esk\u00e9 m\u00fazeum\",\"description\":\"Pova\u017esk\u00e9 m\u00fazeum v \u017diline je region\u00e1lne m\u00fazeum so s\u00eddlom v Budat\u00edne. Jeho expoz\u00edcie s\u00fa zameran\u00e9 na dejiny slovensk\u00e9ho umenia, kult\u00fary a dopravy.\",\"publisher\":{\"@id\":\"https:\\\/\\\/pmza.sk\\\/#organization\"},\"potentialAction\":[{\"@type\":\"SearchAction\",\"target\":{\"@type\":\"EntryPoint\",\"urlTemplate\":\"https:\\\/\\\/pmza.sk\\\/?s={search_term_string}\"},\"query-input\":{\"@type\":\"PropertyValueSpecification\",\"valueRequired\":true,\"valueName\":\"search_term_string\"}}],\"inLanguage\":\"sk-SK\"},{\"@type\":\"Organization\",\"@id\":\"https:\\\/\\\/pmza.sk\\\/#organization\",\"name\":\"Pova\u017esk\u00e9 m\u00fazeum\",\"url\":\"https:\\\/\\\/pmza.sk\\\/\",\"logo\":{\"@type\":\"ImageObject\",\"inLanguage\":\"sk-SK\",\"@id\":\"https:\\\/\\\/pmza.sk\\\/#\\\/schema\\\/logo\\\/image\\\/\",\"url\":\"https:\\\/\\\/pmza.sk\\\/wp-content\\\/uploads\\\/2022\\\/01\\\/logo_PM_horizontal.jpg\",\"contentUrl\":\"https:\\\/\\\/pmza.sk\\\/wp-content\\\/uploads\\\/2022\\\/01\\\/logo_PM_horizontal.jpg\",\"width\":231,\"height\":142,\"caption\":\"Pova\u017esk\u00e9 m\u00fazeum\"},\"image\":{\"@id\":\"https:\\\/\\\/pmza.sk\\\/#\\\/schema\\\/logo\\\/image\\\/\"},\"sameAs\":[\"https:\\\/\\\/www.facebook.com\\\/povazskemuzeum\",\"https:\\\/\\\/www.instagram.com\\\/povazskemuzeum\\\/\"]},{\"@type\":\"Person\",\"@id\":\"https:\\\/\\\/pmza.sk\\\/#\\\/schema\\\/person\\\/595e6a2ce731ea94dcd5d7f50a41ae33\",\"name\":\"Pova\u017esk\u00e9 m\u00fazeum\",\"image\":{\"@type\":\"ImageObject\",\"inLanguage\":\"sk-SK\",\"@id\":\"https:\\\/\\\/secure.gravatar.com\\\/avatar\\\/2bb7f1561282132fb5826dfeccc66c7996d11ee392ac6aaf7ced8a1c2027fbb2?s=96&d=mm&r=g\",\"url\":\"https:\\\/\\\/secure.gravatar.com\\\/avatar\\\/2bb7f1561282132fb5826dfeccc66c7996d11ee392ac6aaf7ced8a1c2027fbb2?s=96&d=mm&r=g\",\"contentUrl\":\"https:\\\/\\\/secure.gravatar.com\\\/avatar\\\/2bb7f1561282132fb5826dfeccc66c7996d11ee392ac6aaf7ced8a1c2027fbb2?s=96&d=mm&r=g\",\"caption\":\"Pova\u017esk\u00e9 m\u00fazeum\"}}]}<\/script>\n<!-- \/ Yoast SEO plugin. -->","yoast_head_json":{"title":"\u017dilinsk\u00fd kraj op\u00e4\u0165 \u00faspe\u0161n\u00fd. Eurofondy o\u017eivia \u010fal\u0161iu \u010das\u0165 bohatej hist\u00f3rie. - Pova\u017esk\u00e9 m\u00fazeum","robots":{"index":"index","follow":"follow","max-snippet":"max-snippet:-1","max-image-preview":"max-image-preview:large","max-video-preview":"max-video-preview:-1"},"canonical":"https:\/\/pmza.sk\/?p=20108","og_locale":"sk_SK","og_type":"article","og_title":"\u017dilinsk\u00fd kraj op\u00e4\u0165 \u00faspe\u0161n\u00fd. Eurofondy o\u017eivia \u010fal\u0161iu \u010das\u0165 bohatej hist\u00f3rie. - Pova\u017esk\u00e9 m\u00fazeum","og_description":"V\u00a0r\u00e1mci programu eur\u00f3pskych projektov slovensko-po\u013eskej spolupr\u00e1ce schv\u00e1lil monitorovac\u00ed v\u00fdbor INTERREG \u0161tyri podan\u00e9 \u017eiadosti \u017dilinsk\u00e9ho samospr\u00e1vneho kraja. \u017dupa z\u00edska mili\u00f3n eur na rekon\u0161trukciu hospod\u00e1rskej budovy Budat\u00ednskeho hradu,\u00a0viac ako 360-tis\u00edc eur na obnovu unik\u00e1tnej \u017eelezni\u010dky v\u00a0are\u00e1li M\u00fazea Liptovskej dediny v\u00a0Pribyline a\u00a0takmer 780-tis\u00edc eur do rozvoja Oravsk\u00e9ho hradu. \u201eVe\u013emi ma te\u0161\u00ed, \u017ee sa n\u00e1m podarilo znovu uspie\u0165 a\u00a0z\u00edskali [&hellip;]","og_url":"https:\/\/pmza.sk\/?p=20108","og_site_name":"Pova\u017esk\u00e9 m\u00fazeum","article_publisher":"https:\/\/www.facebook.com\/povazskemuzeum","article_published_time":"2017-02-21T08:27:35+00:00","og_image":[{"width":1024,"height":683,"url":"https:\/\/pmza.sk\/wp-content\/uploads\/2017\/02\/ZSK_Zupe-sa-podarilo-ziskat-financie-na-pokracujucu-rekonstrukciu-Budatinskeho-hradu.jpg","type":"image\/jpeg"}],"author":"Pova\u017esk\u00e9 m\u00fazeum","twitter_card":"summary_large_image","twitter_misc":{"Autor":"Pova\u017esk\u00e9 m\u00fazeum","Predpokladan\u00fd \u010das \u010d\u00edtania":"3 min\u00faty"},"schema":{"@context":"https:\/\/schema.org","@graph":[{"@type":"Article","@id":"https:\/\/pmza.sk\/?p=20108#article","isPartOf":{"@id":"https:\/\/pmza.sk\/?p=20108"},"author":{"name":"Pova\u017esk\u00e9 m\u00fazeum","@id":"https:\/\/pmza.sk\/#\/schema\/person\/595e6a2ce731ea94dcd5d7f50a41ae33"},"headline":"\u017dilinsk\u00fd kraj op\u00e4\u0165 \u00faspe\u0161n\u00fd. Eurofondy o\u017eivia \u010fal\u0161iu \u010das\u0165 bohatej hist\u00f3rie.","datePublished":"2017-02-21T08:27:35+00:00","mainEntityOfPage":{"@id":"https:\/\/pmza.sk\/?p=20108"},"wordCount":679,"publisher":{"@id":"https:\/\/pmza.sk\/#organization"},"image":{"@id":"https:\/\/pmza.sk\/?p=20108#primaryimage"},"thumbnailUrl":"https:\/\/pmza.sk\/wp-content\/uploads\/2017\/02\/ZSK_Zupe-sa-podarilo-ziskat-financie-na-pokracujucu-rekonstrukciu-Budatinskeho-hradu.jpg","articleSection":["Aktuality"],"inLanguage":"sk-SK"},{"@type":"WebPage","@id":"https:\/\/pmza.sk\/?p=20108","url":"https:\/\/pmza.sk\/?p=20108","name":"\u017dilinsk\u00fd kraj op\u00e4\u0165 \u00faspe\u0161n\u00fd. Eurofondy o\u017eivia \u010fal\u0161iu \u010das\u0165 bohatej hist\u00f3rie. - Pova\u017esk\u00e9 m\u00fazeum","isPartOf":{"@id":"https:\/\/pmza.sk\/#website"},"primaryImageOfPage":{"@id":"https:\/\/pmza.sk\/?p=20108#primaryimage"},"image":{"@id":"https:\/\/pmza.sk\/?p=20108#primaryimage"},"thumbnailUrl":"https:\/\/pmza.sk\/wp-content\/uploads\/2017\/02\/ZSK_Zupe-sa-podarilo-ziskat-financie-na-pokracujucu-rekonstrukciu-Budatinskeho-hradu.jpg","datePublished":"2017-02-21T08:27:35+00:00","breadcrumb":{"@id":"https:\/\/pmza.sk\/?p=20108#breadcrumb"},"inLanguage":"sk-SK","potentialAction":[{"@type":"ReadAction","target":["https:\/\/pmza.sk\/?p=20108"]}]},{"@type":"ImageObject","inLanguage":"sk-SK","@id":"https:\/\/pmza.sk\/?p=20108#primaryimage","url":"https:\/\/pmza.sk\/wp-content\/uploads\/2017\/02\/ZSK_Zupe-sa-podarilo-ziskat-financie-na-pokracujucu-rekonstrukciu-Budatinskeho-hradu.jpg","contentUrl":"https:\/\/pmza.sk\/wp-content\/uploads\/2017\/02\/ZSK_Zupe-sa-podarilo-ziskat-financie-na-pokracujucu-rekonstrukciu-Budatinskeho-hradu.jpg","width":1024,"height":683},{"@type":"BreadcrumbList","@id":"https:\/\/pmza.sk\/?p=20108#breadcrumb","itemListElement":[{"@type":"ListItem","position":1,"name":"Domovsk\u00e1 str\u00e1nka","item":"https:\/\/pmza.sk\/"},{"@type":"ListItem","position":2,"name":"\u017dilinsk\u00fd kraj op\u00e4\u0165 \u00faspe\u0161n\u00fd. Eurofondy o\u017eivia \u010fal\u0161iu \u010das\u0165 bohatej hist\u00f3rie."}]},{"@type":"WebSite","@id":"https:\/\/pmza.sk\/#website","url":"https:\/\/pmza.sk\/","name":"Pova\u017esk\u00e9 m\u00fazeum","description":"Pova\u017esk\u00e9 m\u00fazeum v \u017diline je region\u00e1lne m\u00fazeum so s\u00eddlom v Budat\u00edne. Jeho expoz\u00edcie s\u00fa zameran\u00e9 na dejiny slovensk\u00e9ho umenia, kult\u00fary a dopravy.","publisher":{"@id":"https:\/\/pmza.sk\/#organization"},"potentialAction":[{"@type":"SearchAction","target":{"@type":"EntryPoint","urlTemplate":"https:\/\/pmza.sk\/?s={search_term_string}"},"query-input":{"@type":"PropertyValueSpecification","valueRequired":true,"valueName":"search_term_string"}}],"inLanguage":"sk-SK"},{"@type":"Organization","@id":"https:\/\/pmza.sk\/#organization","name":"Pova\u017esk\u00e9 m\u00fazeum","url":"https:\/\/pmza.sk\/","logo":{"@type":"ImageObject","inLanguage":"sk-SK","@id":"https:\/\/pmza.sk\/#\/schema\/logo\/image\/","url":"https:\/\/pmza.sk\/wp-content\/uploads\/2022\/01\/logo_PM_horizontal.jpg","contentUrl":"https:\/\/pmza.sk\/wp-content\/uploads\/2022\/01\/logo_PM_horizontal.jpg","width":231,"height":142,"caption":"Pova\u017esk\u00e9 m\u00fazeum"},"image":{"@id":"https:\/\/pmza.sk\/#\/schema\/logo\/image\/"},"sameAs":["https:\/\/www.facebook.com\/povazskemuzeum","https:\/\/www.instagram.com\/povazskemuzeum\/"]},{"@type":"Person","@id":"https:\/\/pmza.sk\/#\/schema\/person\/595e6a2ce731ea94dcd5d7f50a41ae33","name":"Pova\u017esk\u00e9 m\u00fazeum","image":{"@type":"ImageObject","inLanguage":"sk-SK","@id":"https:\/\/secure.gravatar.com\/avatar\/2bb7f1561282132fb5826dfeccc66c7996d11ee392ac6aaf7ced8a1c2027fbb2?s=96&d=mm&r=g","url":"https:\/\/secure.gravatar.com\/avatar\/2bb7f1561282132fb5826dfeccc66c7996d11ee392ac6aaf7ced8a1c2027fbb2?s=96&d=mm&r=g","contentUrl":"https:\/\/secure.gravatar.com\/avatar\/2bb7f1561282132fb5826dfeccc66c7996d11ee392ac6aaf7ced8a1c2027fbb2?s=96&d=mm&r=g","caption":"Pova\u017esk\u00e9 m\u00fazeum"}}]}},"_links":{"self":[{"href":"https:\/\/pmza.sk\/index.php?rest_route=\/wp\/v2\/posts\/20108","targetHints":{"allow":["GET"]}}],"collection":[{"href":"https:\/\/pmza.sk\/index.php?rest_route=\/wp\/v2\/posts"}],"about":[{"href":"https:\/\/pmza.sk\/index.php?rest_route=\/wp\/v2\/types\/post"}],"author":[{"embeddable":true,"href":"https:\/\/pmza.sk\/index.php?rest_route=\/wp\/v2\/users\/2"}],"replies":[{"embeddable":true,"href":"https:\/\/pmza.sk\/index.php?rest_route=%2Fwp%2Fv2%2Fcomments&post=20108"}],"version-history":[{"count":0,"href":"https:\/\/pmza.sk\/index.php?rest_route=\/wp\/v2\/posts\/20108\/revisions"}],"wp:featuredmedia":[{"embeddable":true,"href":"https:\/\/pmza.sk\/index.php?rest_route=\/wp\/v2\/media\/20107"}],"wp:attachment":[{"href":"https:\/\/pmza.sk\/index.php?rest_route=%2Fwp%2Fv2%2Fmedia&parent=20108"}],"wp:term":[{"taxonomy":"category","embeddable":true,"href":"https:\/\/pmza.sk\/index.php?rest_route=%2Fwp%2Fv2%2Fcategories&post=20108"},{"taxonomy":"post_tag","embeddable":true,"href":"https:\/\/pmza.sk\/index.php?rest_route=%2Fwp%2Fv2%2Ftags&post=20108"}],"curies":[{"name":"wp","href":"https:\/\/api.w.org\/{rel}","templated":true}]}}