{"id":20332,"date":"2017-01-26T06:13:51","date_gmt":"2017-01-26T05:13:51","guid":{"rendered":"https:\/\/pmza.sk.sk\/?p=20332"},"modified":"2017-01-26T06:13:51","modified_gmt":"2017-01-26T05:13:51","slug":"konferencia-dejiny-cestnej-dopravy-na-slovensku-ii","status":"publish","type":"post","link":"https:\/\/pmza.sk\/?p=20332","title":{"rendered":"Konferencia Dejiny cestnej dopravy na Slovensku II"},"content":{"rendered":"<p>Pova\u017esk\u00e9 m\u00fazeum v\u00a0\u017diline poz\u00fdva v\u0161etk\u00fdch z\u00e1ujemcov na odborn\u00fa konferenciu na t\u00e9mu dejiny cestnej dopravy na Slovensku. Uskuto\u010dn\u00ed sa 9. febru\u00e1ra 2017 na Budat\u00ednskom hrade. Je to u\u017e druh\u00e1 konferencia na t\u00fato t\u00e9mu, prv\u00fa sme zorganizovali v\u00a0roku 2014. U\u017e vtedy sme si uvedomili, \u017ee ide o\u00a0\u0161irok\u00fd tematick\u00fd okruh, ktor\u00fd \u010diastkovo sk\u00fama viacero historikov a\u00a0odborn\u00fdch pracovn\u00edkov m\u00faze\u00ed na Slovensku. Ke\u010f\u017ee pr\u00e1ve Pova\u017esk\u00e9 m\u00fazeum je celoslovensky \u0161pecializovan\u00e9 m\u00fazeum pre oblas\u0165 dej\u00edn dopravy na Slovensku, je na\u0161\u00edm cie\u013eom poznatky s\u00fastre\u010fova\u0165 a\u00a0prezentova\u0165 verejnosti. A\u00a0sn\u00e1\u010f sa kolekt\u00edvu v\u00e1\u017een\u00fdch spolupracovn\u00edkov, i\u00a0t\u00fdch, ktor\u00ed vyst\u00fapia na konferencii, podar\u00ed v\u00a0bud\u00facnosti vyda\u0165 aj komplexn\u00fa publik\u00e1ciu o\u00a0dejin\u00e1ch cestnej dopravy na Slovensku. T\u00e9my jednotliv\u00fdch pr\u00edspevkov s\u00fa ve\u013emi l\u00e1kav\u00e9 a\u00a0n\u00e1jdete ich v\u00a0prilo\u017eenom programe.\u00a0Projekt &#8222;Konferencia a zborn\u00edk\u00a0Dejiny cestnej dopravy na Slovensku II&#8220; podporil z\u00a0verejn\u00fdch zdrojov\u00a0Fond na podporu umenia \u2013\u00a0hlavn\u00fd partner projektu a je\u00a0spolufinancovan\u00fd s finan\u010dnou\u00a0podporou\u00a0\u017dilinsk\u00e9ho samospr\u00e1vneho\u00a0kraja.<\/p>\n<p><a href=\"https:\/\/pmza.sk.sk\/wp-content\/uploads\/2017\/01\/POZV%C3%81NKA-1.pdf\">Program konferencie<\/a><\/p>\n<p>Pre vysok\u00fd z\u00e1ujem odpor\u00fa\u010dame vopred nahl\u00e1si\u0165 svoju \u00fa\u010das\u0165 a obed na e-mail <a href=\"mailto:bielikova@pmza.sk\">bielikova@pmza.sk<\/a>.<\/p>\n<p><a href=\"https:\/\/pmza.sk.sk\/wp-content\/uploads\/2016\/09\/SDM-_-FPU_logo1_modre.jpg\"><img decoding=\"async\" class=\"size-thumbnail wp-image-17625 aligncenter\" src=\"https:\/\/pmza.sk.sk\/wp-content\/uploads\/2016\/09\/SDM-_-FPU_logo1_modre-150x150.jpg\" alt=\"\" width=\"150\" height=\"150\" \/><\/a><\/p>\n<p>&nbsp;<\/p>\n","protected":false},"excerpt":{"rendered":"<p>Pova\u017esk\u00e9 m\u00fazeum v\u00a0\u017diline poz\u00fdva v\u0161etk\u00fdch z\u00e1ujemcov na odborn\u00fa konferenciu na t\u00e9mu dejiny cestnej dopravy na Slovensku. Uskuto\u010dn\u00ed sa 9. febru\u00e1ra 2017 na Budat\u00ednskom hrade. Je to u\u017e druh\u00e1 konferencia na t\u00fato t\u00e9mu, prv\u00fa sme zorganizovali v\u00a0roku 2014. U\u017e vtedy sme si uvedomili, \u017ee ide o\u00a0\u0161irok\u00fd tematick\u00fd okruh, ktor\u00fd \u010diastkovo sk\u00fama viacero historikov a\u00a0odborn\u00fdch pracovn\u00edkov m\u00faze\u00ed [&hellip;]<\/p>\n","protected":false},"author":2,"featured_media":20335,"comment_status":"closed","ping_status":"closed","sticky":false,"template":"","format":"standard","meta":{"site-sidebar-layout":"default","site-content-layout":"","ast-site-content-layout":"","site-content-style":"default","site-sidebar-style":"default","ast-global-header-display":"","ast-banner-title-visibility":"","ast-main-header-display":"","ast-hfb-above-header-display":"","ast-hfb-below-header-display":"","ast-hfb-mobile-header-display":"","site-post-title":"","ast-breadcrumbs-content":"","ast-featured-img":"","footer-sml-layout":"","theme-transparent-header-meta":"","adv-header-id-meta":"","stick-header-meta":"","header-above-stick-meta":"","header-main-stick-meta":"","header-below-stick-meta":"","astra-migrate-meta-layouts":"default","ast-page-background-enabled":"default","ast-page-background-meta":{"desktop":{"background-color":"var(--ast-global-color-4)","background-image":"","background-repeat":"repeat","background-position":"center center","background-size":"auto","background-attachment":"scroll","background-type":"","background-media":"","overlay-type":"","overlay-color":"","overlay-opacity":"","overlay-gradient":""},"tablet":{"background-color":"","background-image":"","background-repeat":"repeat","background-position":"center center","background-size":"auto","background-attachment":"scroll","background-type":"","background-media":"","overlay-type":"","overlay-color":"","overlay-opacity":"","overlay-gradient":""},"mobile":{"background-color":"","background-image":"","background-repeat":"repeat","background-position":"center center","background-size":"auto","background-attachment":"scroll","background-type":"","background-media":"","overlay-type":"","overlay-color":"","overlay-opacity":"","overlay-gradient":""}},"ast-content-background-meta":{"desktop":{"background-color":"var(--ast-global-color-5)","background-image":"","background-repeat":"repeat","background-position":"center center","background-size":"auto","background-attachment":"scroll","background-type":"","background-media":"","overlay-type":"","overlay-color":"","overlay-opacity":"","overlay-gradient":""},"tablet":{"background-color":"var(--ast-global-color-5)","background-image":"","background-repeat":"repeat","background-position":"center center","background-size":"auto","background-attachment":"scroll","background-type":"","background-media":"","overlay-type":"","overlay-color":"","overlay-opacity":"","overlay-gradient":""},"mobile":{"background-color":"var(--ast-global-color-5)","background-image":"","background-repeat":"repeat","background-position":"center center","background-size":"auto","background-attachment":"scroll","background-type":"","background-media":"","overlay-type":"","overlay-color":"","overlay-opacity":"","overlay-gradient":""}},"footnotes":""},"categories":[31],"tags":[],"class_list":["post-20332","post","type-post","status-publish","format-standard","has-post-thumbnail","hentry","category-aktuality"],"yoast_head":"<!-- This site is optimized with the Yoast SEO plugin v27.4 - https:\/\/yoast.com\/product\/yoast-seo-wordpress\/ -->\n<title>Konferencia Dejiny cestnej dopravy na Slovensku II - Pova\u017esk\u00e9 m\u00fazeum<\/title>\n<meta name=\"robots\" content=\"index, follow, max-snippet:-1, max-image-preview:large, max-video-preview:-1\" \/>\n<link rel=\"canonical\" href=\"https:\/\/pmza.sk\/?p=20332\" \/>\n<meta property=\"og:locale\" content=\"sk_SK\" \/>\n<meta property=\"og:type\" content=\"article\" \/>\n<meta property=\"og:title\" content=\"Konferencia Dejiny cestnej dopravy na Slovensku II - Pova\u017esk\u00e9 m\u00fazeum\" \/>\n<meta property=\"og:description\" content=\"Pova\u017esk\u00e9 m\u00fazeum v\u00a0\u017diline poz\u00fdva v\u0161etk\u00fdch z\u00e1ujemcov na odborn\u00fa konferenciu na t\u00e9mu dejiny cestnej dopravy na Slovensku. Uskuto\u010dn\u00ed sa 9. febru\u00e1ra 2017 na Budat\u00ednskom hrade. Je to u\u017e druh\u00e1 konferencia na t\u00fato t\u00e9mu, prv\u00fa sme zorganizovali v\u00a0roku 2014. U\u017e vtedy sme si uvedomili, \u017ee ide o\u00a0\u0161irok\u00fd tematick\u00fd okruh, ktor\u00fd \u010diastkovo sk\u00fama viacero historikov a\u00a0odborn\u00fdch pracovn\u00edkov m\u00faze\u00ed [&hellip;]\" \/>\n<meta property=\"og:url\" content=\"https:\/\/pmza.sk\/?p=20332\" \/>\n<meta property=\"og:site_name\" content=\"Pova\u017esk\u00e9 m\u00fazeum\" \/>\n<meta property=\"article:publisher\" content=\"https:\/\/www.facebook.com\/povazskemuzeum\" \/>\n<meta property=\"article:published_time\" content=\"2017-01-26T05:13:51+00:00\" \/>\n<meta property=\"og:image\" content=\"https:\/\/pmza.sk\/wp-content\/uploads\/2017\/03\/vuz-fecamp.jpg\" \/>\n\t<meta property=\"og:image:width\" content=\"326\" \/>\n\t<meta property=\"og:image:height\" content=\"217\" \/>\n\t<meta property=\"og:image:type\" content=\"image\/jpeg\" \/>\n<meta name=\"author\" content=\"Pova\u017esk\u00e9 m\u00fazeum\" \/>\n<meta name=\"twitter:card\" content=\"summary_large_image\" \/>\n<meta name=\"twitter:label1\" content=\"Autor\" \/>\n\t<meta name=\"twitter:data1\" content=\"Pova\u017esk\u00e9 m\u00fazeum\" \/>\n\t<meta name=\"twitter:label2\" content=\"Predpokladan\u00fd \u010das \u010d\u00edtania\" \/>\n\t<meta name=\"twitter:data2\" content=\"1 min\u00fata\" \/>\n<script type=\"application\/ld+json\" class=\"yoast-schema-graph\">{\"@context\":\"https:\\\/\\\/schema.org\",\"@graph\":[{\"@type\":\"Article\",\"@id\":\"https:\\\/\\\/pmza.sk\\\/?p=20332#article\",\"isPartOf\":{\"@id\":\"https:\\\/\\\/pmza.sk\\\/?p=20332\"},\"author\":{\"name\":\"Pova\u017esk\u00e9 m\u00fazeum\",\"@id\":\"https:\\\/\\\/pmza.sk\\\/#\\\/schema\\\/person\\\/595e6a2ce731ea94dcd5d7f50a41ae33\"},\"headline\":\"Konferencia Dejiny cestnej dopravy na Slovensku II\",\"datePublished\":\"2017-01-26T05:13:51+00:00\",\"mainEntityOfPage\":{\"@id\":\"https:\\\/\\\/pmza.sk\\\/?p=20332\"},\"wordCount\":222,\"publisher\":{\"@id\":\"https:\\\/\\\/pmza.sk\\\/#organization\"},\"image\":{\"@id\":\"https:\\\/\\\/pmza.sk\\\/?p=20332#primaryimage\"},\"thumbnailUrl\":\"https:\\\/\\\/pmza.sk\\\/wp-content\\\/uploads\\\/2017\\\/03\\\/vuz-fecamp.jpg\",\"articleSection\":[\"Aktuality\"],\"inLanguage\":\"sk-SK\"},{\"@type\":\"WebPage\",\"@id\":\"https:\\\/\\\/pmza.sk\\\/?p=20332\",\"url\":\"https:\\\/\\\/pmza.sk\\\/?p=20332\",\"name\":\"Konferencia Dejiny cestnej dopravy na Slovensku II - Pova\u017esk\u00e9 m\u00fazeum\",\"isPartOf\":{\"@id\":\"https:\\\/\\\/pmza.sk\\\/#website\"},\"primaryImageOfPage\":{\"@id\":\"https:\\\/\\\/pmza.sk\\\/?p=20332#primaryimage\"},\"image\":{\"@id\":\"https:\\\/\\\/pmza.sk\\\/?p=20332#primaryimage\"},\"thumbnailUrl\":\"https:\\\/\\\/pmza.sk\\\/wp-content\\\/uploads\\\/2017\\\/03\\\/vuz-fecamp.jpg\",\"datePublished\":\"2017-01-26T05:13:51+00:00\",\"breadcrumb\":{\"@id\":\"https:\\\/\\\/pmza.sk\\\/?p=20332#breadcrumb\"},\"inLanguage\":\"sk-SK\",\"potentialAction\":[{\"@type\":\"ReadAction\",\"target\":[\"https:\\\/\\\/pmza.sk\\\/?p=20332\"]}]},{\"@type\":\"ImageObject\",\"inLanguage\":\"sk-SK\",\"@id\":\"https:\\\/\\\/pmza.sk\\\/?p=20332#primaryimage\",\"url\":\"https:\\\/\\\/pmza.sk\\\/wp-content\\\/uploads\\\/2017\\\/03\\\/vuz-fecamp.jpg\",\"contentUrl\":\"https:\\\/\\\/pmza.sk\\\/wp-content\\\/uploads\\\/2017\\\/03\\\/vuz-fecamp.jpg\",\"width\":326,\"height\":217},{\"@type\":\"BreadcrumbList\",\"@id\":\"https:\\\/\\\/pmza.sk\\\/?p=20332#breadcrumb\",\"itemListElement\":[{\"@type\":\"ListItem\",\"position\":1,\"name\":\"Domovsk\u00e1 str\u00e1nka\",\"item\":\"https:\\\/\\\/pmza.sk\\\/\"},{\"@type\":\"ListItem\",\"position\":2,\"name\":\"Konferencia Dejiny cestnej dopravy na Slovensku II\"}]},{\"@type\":\"WebSite\",\"@id\":\"https:\\\/\\\/pmza.sk\\\/#website\",\"url\":\"https:\\\/\\\/pmza.sk\\\/\",\"name\":\"Pova\u017esk\u00e9 m\u00fazeum\",\"description\":\"Pova\u017esk\u00e9 m\u00fazeum v \u017diline je region\u00e1lne m\u00fazeum so s\u00eddlom v Budat\u00edne. Jeho expoz\u00edcie s\u00fa zameran\u00e9 na dejiny slovensk\u00e9ho umenia, kult\u00fary a dopravy.\",\"publisher\":{\"@id\":\"https:\\\/\\\/pmza.sk\\\/#organization\"},\"potentialAction\":[{\"@type\":\"SearchAction\",\"target\":{\"@type\":\"EntryPoint\",\"urlTemplate\":\"https:\\\/\\\/pmza.sk\\\/?s={search_term_string}\"},\"query-input\":{\"@type\":\"PropertyValueSpecification\",\"valueRequired\":true,\"valueName\":\"search_term_string\"}}],\"inLanguage\":\"sk-SK\"},{\"@type\":\"Organization\",\"@id\":\"https:\\\/\\\/pmza.sk\\\/#organization\",\"name\":\"Pova\u017esk\u00e9 m\u00fazeum\",\"url\":\"https:\\\/\\\/pmza.sk\\\/\",\"logo\":{\"@type\":\"ImageObject\",\"inLanguage\":\"sk-SK\",\"@id\":\"https:\\\/\\\/pmza.sk\\\/#\\\/schema\\\/logo\\\/image\\\/\",\"url\":\"https:\\\/\\\/pmza.sk\\\/wp-content\\\/uploads\\\/2022\\\/01\\\/logo_PM_horizontal.jpg\",\"contentUrl\":\"https:\\\/\\\/pmza.sk\\\/wp-content\\\/uploads\\\/2022\\\/01\\\/logo_PM_horizontal.jpg\",\"width\":231,\"height\":142,\"caption\":\"Pova\u017esk\u00e9 m\u00fazeum\"},\"image\":{\"@id\":\"https:\\\/\\\/pmza.sk\\\/#\\\/schema\\\/logo\\\/image\\\/\"},\"sameAs\":[\"https:\\\/\\\/www.facebook.com\\\/povazskemuzeum\",\"https:\\\/\\\/www.instagram.com\\\/povazskemuzeum\\\/\"]},{\"@type\":\"Person\",\"@id\":\"https:\\\/\\\/pmza.sk\\\/#\\\/schema\\\/person\\\/595e6a2ce731ea94dcd5d7f50a41ae33\",\"name\":\"Pova\u017esk\u00e9 m\u00fazeum\",\"image\":{\"@type\":\"ImageObject\",\"inLanguage\":\"sk-SK\",\"@id\":\"https:\\\/\\\/secure.gravatar.com\\\/avatar\\\/2bb7f1561282132fb5826dfeccc66c7996d11ee392ac6aaf7ced8a1c2027fbb2?s=96&d=mm&r=g\",\"url\":\"https:\\\/\\\/secure.gravatar.com\\\/avatar\\\/2bb7f1561282132fb5826dfeccc66c7996d11ee392ac6aaf7ced8a1c2027fbb2?s=96&d=mm&r=g\",\"contentUrl\":\"https:\\\/\\\/secure.gravatar.com\\\/avatar\\\/2bb7f1561282132fb5826dfeccc66c7996d11ee392ac6aaf7ced8a1c2027fbb2?s=96&d=mm&r=g\",\"caption\":\"Pova\u017esk\u00e9 m\u00fazeum\"}}]}<\/script>\n<!-- \/ Yoast SEO plugin. -->","yoast_head_json":{"title":"Konferencia Dejiny cestnej dopravy na Slovensku II - Pova\u017esk\u00e9 m\u00fazeum","robots":{"index":"index","follow":"follow","max-snippet":"max-snippet:-1","max-image-preview":"max-image-preview:large","max-video-preview":"max-video-preview:-1"},"canonical":"https:\/\/pmza.sk\/?p=20332","og_locale":"sk_SK","og_type":"article","og_title":"Konferencia Dejiny cestnej dopravy na Slovensku II - Pova\u017esk\u00e9 m\u00fazeum","og_description":"Pova\u017esk\u00e9 m\u00fazeum v\u00a0\u017diline poz\u00fdva v\u0161etk\u00fdch z\u00e1ujemcov na odborn\u00fa konferenciu na t\u00e9mu dejiny cestnej dopravy na Slovensku. Uskuto\u010dn\u00ed sa 9. febru\u00e1ra 2017 na Budat\u00ednskom hrade. Je to u\u017e druh\u00e1 konferencia na t\u00fato t\u00e9mu, prv\u00fa sme zorganizovali v\u00a0roku 2014. U\u017e vtedy sme si uvedomili, \u017ee ide o\u00a0\u0161irok\u00fd tematick\u00fd okruh, ktor\u00fd \u010diastkovo sk\u00fama viacero historikov a\u00a0odborn\u00fdch pracovn\u00edkov m\u00faze\u00ed [&hellip;]","og_url":"https:\/\/pmza.sk\/?p=20332","og_site_name":"Pova\u017esk\u00e9 m\u00fazeum","article_publisher":"https:\/\/www.facebook.com\/povazskemuzeum","article_published_time":"2017-01-26T05:13:51+00:00","og_image":[{"width":326,"height":217,"url":"https:\/\/pmza.sk\/wp-content\/uploads\/2017\/03\/vuz-fecamp.jpg","type":"image\/jpeg"}],"author":"Pova\u017esk\u00e9 m\u00fazeum","twitter_card":"summary_large_image","twitter_misc":{"Autor":"Pova\u017esk\u00e9 m\u00fazeum","Predpokladan\u00fd \u010das \u010d\u00edtania":"1 min\u00fata"},"schema":{"@context":"https:\/\/schema.org","@graph":[{"@type":"Article","@id":"https:\/\/pmza.sk\/?p=20332#article","isPartOf":{"@id":"https:\/\/pmza.sk\/?p=20332"},"author":{"name":"Pova\u017esk\u00e9 m\u00fazeum","@id":"https:\/\/pmza.sk\/#\/schema\/person\/595e6a2ce731ea94dcd5d7f50a41ae33"},"headline":"Konferencia Dejiny cestnej dopravy na Slovensku II","datePublished":"2017-01-26T05:13:51+00:00","mainEntityOfPage":{"@id":"https:\/\/pmza.sk\/?p=20332"},"wordCount":222,"publisher":{"@id":"https:\/\/pmza.sk\/#organization"},"image":{"@id":"https:\/\/pmza.sk\/?p=20332#primaryimage"},"thumbnailUrl":"https:\/\/pmza.sk\/wp-content\/uploads\/2017\/03\/vuz-fecamp.jpg","articleSection":["Aktuality"],"inLanguage":"sk-SK"},{"@type":"WebPage","@id":"https:\/\/pmza.sk\/?p=20332","url":"https:\/\/pmza.sk\/?p=20332","name":"Konferencia Dejiny cestnej dopravy na Slovensku II - Pova\u017esk\u00e9 m\u00fazeum","isPartOf":{"@id":"https:\/\/pmza.sk\/#website"},"primaryImageOfPage":{"@id":"https:\/\/pmza.sk\/?p=20332#primaryimage"},"image":{"@id":"https:\/\/pmza.sk\/?p=20332#primaryimage"},"thumbnailUrl":"https:\/\/pmza.sk\/wp-content\/uploads\/2017\/03\/vuz-fecamp.jpg","datePublished":"2017-01-26T05:13:51+00:00","breadcrumb":{"@id":"https:\/\/pmza.sk\/?p=20332#breadcrumb"},"inLanguage":"sk-SK","potentialAction":[{"@type":"ReadAction","target":["https:\/\/pmza.sk\/?p=20332"]}]},{"@type":"ImageObject","inLanguage":"sk-SK","@id":"https:\/\/pmza.sk\/?p=20332#primaryimage","url":"https:\/\/pmza.sk\/wp-content\/uploads\/2017\/03\/vuz-fecamp.jpg","contentUrl":"https:\/\/pmza.sk\/wp-content\/uploads\/2017\/03\/vuz-fecamp.jpg","width":326,"height":217},{"@type":"BreadcrumbList","@id":"https:\/\/pmza.sk\/?p=20332#breadcrumb","itemListElement":[{"@type":"ListItem","position":1,"name":"Domovsk\u00e1 str\u00e1nka","item":"https:\/\/pmza.sk\/"},{"@type":"ListItem","position":2,"name":"Konferencia Dejiny cestnej dopravy na Slovensku II"}]},{"@type":"WebSite","@id":"https:\/\/pmza.sk\/#website","url":"https:\/\/pmza.sk\/","name":"Pova\u017esk\u00e9 m\u00fazeum","description":"Pova\u017esk\u00e9 m\u00fazeum v \u017diline je region\u00e1lne m\u00fazeum so s\u00eddlom v Budat\u00edne. Jeho expoz\u00edcie s\u00fa zameran\u00e9 na dejiny slovensk\u00e9ho umenia, kult\u00fary a dopravy.","publisher":{"@id":"https:\/\/pmza.sk\/#organization"},"potentialAction":[{"@type":"SearchAction","target":{"@type":"EntryPoint","urlTemplate":"https:\/\/pmza.sk\/?s={search_term_string}"},"query-input":{"@type":"PropertyValueSpecification","valueRequired":true,"valueName":"search_term_string"}}],"inLanguage":"sk-SK"},{"@type":"Organization","@id":"https:\/\/pmza.sk\/#organization","name":"Pova\u017esk\u00e9 m\u00fazeum","url":"https:\/\/pmza.sk\/","logo":{"@type":"ImageObject","inLanguage":"sk-SK","@id":"https:\/\/pmza.sk\/#\/schema\/logo\/image\/","url":"https:\/\/pmza.sk\/wp-content\/uploads\/2022\/01\/logo_PM_horizontal.jpg","contentUrl":"https:\/\/pmza.sk\/wp-content\/uploads\/2022\/01\/logo_PM_horizontal.jpg","width":231,"height":142,"caption":"Pova\u017esk\u00e9 m\u00fazeum"},"image":{"@id":"https:\/\/pmza.sk\/#\/schema\/logo\/image\/"},"sameAs":["https:\/\/www.facebook.com\/povazskemuzeum","https:\/\/www.instagram.com\/povazskemuzeum\/"]},{"@type":"Person","@id":"https:\/\/pmza.sk\/#\/schema\/person\/595e6a2ce731ea94dcd5d7f50a41ae33","name":"Pova\u017esk\u00e9 m\u00fazeum","image":{"@type":"ImageObject","inLanguage":"sk-SK","@id":"https:\/\/secure.gravatar.com\/avatar\/2bb7f1561282132fb5826dfeccc66c7996d11ee392ac6aaf7ced8a1c2027fbb2?s=96&d=mm&r=g","url":"https:\/\/secure.gravatar.com\/avatar\/2bb7f1561282132fb5826dfeccc66c7996d11ee392ac6aaf7ced8a1c2027fbb2?s=96&d=mm&r=g","contentUrl":"https:\/\/secure.gravatar.com\/avatar\/2bb7f1561282132fb5826dfeccc66c7996d11ee392ac6aaf7ced8a1c2027fbb2?s=96&d=mm&r=g","caption":"Pova\u017esk\u00e9 m\u00fazeum"}}]}},"_links":{"self":[{"href":"https:\/\/pmza.sk\/index.php?rest_route=\/wp\/v2\/posts\/20332","targetHints":{"allow":["GET"]}}],"collection":[{"href":"https:\/\/pmza.sk\/index.php?rest_route=\/wp\/v2\/posts"}],"about":[{"href":"https:\/\/pmza.sk\/index.php?rest_route=\/wp\/v2\/types\/post"}],"author":[{"embeddable":true,"href":"https:\/\/pmza.sk\/index.php?rest_route=\/wp\/v2\/users\/2"}],"replies":[{"embeddable":true,"href":"https:\/\/pmza.sk\/index.php?rest_route=%2Fwp%2Fv2%2Fcomments&post=20332"}],"version-history":[{"count":0,"href":"https:\/\/pmza.sk\/index.php?rest_route=\/wp\/v2\/posts\/20332\/revisions"}],"wp:featuredmedia":[{"embeddable":true,"href":"https:\/\/pmza.sk\/index.php?rest_route=\/wp\/v2\/media\/20335"}],"wp:attachment":[{"href":"https:\/\/pmza.sk\/index.php?rest_route=%2Fwp%2Fv2%2Fmedia&parent=20332"}],"wp:term":[{"taxonomy":"category","embeddable":true,"href":"https:\/\/pmza.sk\/index.php?rest_route=%2Fwp%2Fv2%2Fcategories&post=20332"},{"taxonomy":"post_tag","embeddable":true,"href":"https:\/\/pmza.sk\/index.php?rest_route=%2Fwp%2Fv2%2Ftags&post=20332"}],"curies":[{"name":"wp","href":"https:\/\/api.w.org\/{rel}","templated":true}]}}