{"id":2041,"date":"2011-03-03T16:50:03","date_gmt":"2011-03-03T15:50:03","guid":{"rendered":"https:\/\/pmza.sk.sk\/?p=2041"},"modified":"2011-03-03T16:50:03","modified_gmt":"2011-03-03T15:50:03","slug":"hrad-strecno-sa-tesi-na-novu-sezonu","status":"publish","type":"post","link":"https:\/\/pmza.sk\/?p=2041","title":{"rendered":"Hrad Stre\u010dno sa te\u0161\u00ed na nov\u00fa sez\u00f3nu"},"content":{"rendered":"<p><a href=\"https:\/\/pmza.sk\/wp-content\/uploads\/2011\/03\/foto-z-kaplnky-hradu.jpg\"><img fetchpriority=\"high\" decoding=\"async\" class=\"alignleft size-medium wp-image-2042\" style=\"border: 2px solid black; margin: 4px;\" title=\"foto z kaplnky hradu\" src=\"https:\/\/pmza.sk.sk\/wp-content\/uploads\/2011\/03\/foto-z-kaplnky-hradu-300x199.jpg\" alt=\"\" width=\"300\" height=\"199\" \/><\/a>Hrad Stre\u010dno, vyh\u013ead\u00e1van\u00e1 slovensk\u00e1 turistick\u00e1 destin\u00e1cia, po druh\u00fdkr\u00e1t po\u010das svojej takmer tridsa\u0165ro\u010dnej sez\u00f3nnej prev\u00e1dzky, otv\u00e1ra svoje br\u00e1ny a expoz\u00edcie s\u00favisiace s\u00a0hist\u00f3riou hradu a\u00a0\u017eilinsk\u00e9ho regi\u00f3nu u\u017e \u00a0po\u010das marcov\u00fdch v\u00edkendov. \u201e<em>Expoz\u00edcia Odhalen\u00e1 minulos\u0165 od roku 2008 sprostredk\u00fava dejiny \u017diliny a jej \u0161ir\u0161ieho okolia od doby kamennej a\u017e po novovek. Expoz\u00edcia venovan\u00e1 patr\u00f3nke hradu \u017dofii Bosniakovej pribli\u017euje charizmatick\u00fa osobnos\u0165 a dobr\u00e9 skutky man\u017eelky Franti\u0161ka Ve\u0161el\u00e9niho,\u00a0 v\u00fdznamn\u00e9ho uhorsk\u00e9ho pod\u017eupana a\u00a0majite\u013ea hradu Stre\u010dno,<\/em>\u201c uviedol Boris Schubert, riadite\u013e Pova\u017esk\u00e9ho m\u00fazea v\u00a0\u017diline.<!--more-->Od apr\u00edla bude spr\u00edstupnen\u00e1 \u010fal\u0161ia expoz\u00edcia, a to Kov\u00e1\u010dska diel\u0148a, ktor\u00e1 dokumentuje stredovek\u00e9 kov\u00e1\u010dske remeslo, so zauj\u00edmav\u00fdmi expon\u00e1tmi kov\u00e1\u010dskej pece a\u00a0vybavenia dobovej dielne.<\/p>\n<p>N\u00e1v\u0161tevn\u00edci hradu si m\u00f4\u017eu vychutna\u0165 nielen nov\u00e9 expoz\u00edcie. Programov\u00e1 produkcia celej turistiskej sez\u00f3ny je bohat\u00e1 a\u00a0atrakt\u00edvna. Na n\u00e1v\u0161tevn\u00edkov \u010dakaj\u00fa tradi\u010dn\u00e9 v\u00fdstavy umelcov na hrade, ob\u013e\u00faben\u00e9 no\u010dn\u00e9 stra\u0161ideln\u00e9 prehliadky, podujatia pre deti, \u00a0j\u00fanov\u00e1 Hradn\u00e1 \u0161kola zameran\u00e1\u00a0 na pribl\u00ed\u017eenie\u00a0 historick\u00fdch remeseln\u00edckych zru\u010dnost\u00ed alebo osved\u010den\u00e9 Letn\u00e9 pr\u00edbehy hradu. \u201e<em>Novinkou bud\u00fa \u010deskoslovensk\u00e9 dni s\u00a0bohat\u00fdm kult\u00farnym programom, ktor\u00e9 s\u00fa s\u00fa\u010das\u0165ou projektu cezhrani\u010dnej spolupr\u00e1ce s\u00a0\u010desk\u00fdm partnerom &#8211; hradom Hukvaldy<\/em>,\u201c dodala Katr\u00edna Rep\u00e1\u0148ov\u00e1, spr\u00e1vky\u0148a hradu Stre\u010dno.<\/p>\n<p>Hrad Stre\u010dno sa u\u017e teraz te\u0161\u00ed na nov\u00fa sez\u00f3nu, \u0161peci\u00e1lne na marcov\u00e9 v\u00edkendy a\u00a0od apr\u00edla 2011 na ka\u017edodenn\u00e9 stretnutia aj prostredn\u00edctvom\u00a0 nov\u00fdch v\u00fdstav a\u00a0podujat\u00ed. Organiz\u00e1torom je \u017dilinsk\u00fd samospr\u00e1vny kraj a Pova\u017esk\u00e9 m\u00fazeum v\u00a0\u017diline.<\/p>\n<p><a href=\"https:\/\/pmza.sk.sk\/?page_id=44\" target=\"_blank\" rel=\"noopener\">Otv\u00e1racie hodiny a vstupn\u00e9 na hrad Stre\u010dno<\/a><\/p>\n<p><a href=\"https:\/\/pmza.sk.sk\/?page_id=46\" target=\"_blank\" rel=\"noopener\">Program na hrade Stre\u010dno v roku 2011<\/a><\/p>\n","protected":false},"excerpt":{"rendered":"<p>Hrad Stre\u010dno, vyh\u013ead\u00e1van\u00e1 slovensk\u00e1 turistick\u00e1 destin\u00e1cia, po druh\u00fdkr\u00e1t po\u010das svojej takmer tridsa\u0165ro\u010dnej sez\u00f3nnej prev\u00e1dzky, otv\u00e1ra svoje br\u00e1ny a expoz\u00edcie s\u00favisiace s\u00a0hist\u00f3riou hradu a\u00a0\u017eilinsk\u00e9ho regi\u00f3nu u\u017e \u00a0po\u010das marcov\u00fdch v\u00edkendov. \u201eExpoz\u00edcia Odhalen\u00e1 minulos\u0165 od roku 2008 sprostredk\u00fava dejiny \u017diliny a jej \u0161ir\u0161ieho okolia od doby kamennej a\u017e po novovek. Expoz\u00edcia venovan\u00e1 patr\u00f3nke hradu \u017dofii Bosniakovej pribli\u017euje charizmatick\u00fa [&hellip;]<\/p>\n","protected":false},"author":1,"featured_media":0,"comment_status":"closed","ping_status":"closed","sticky":false,"template":"","format":"standard","meta":{"site-sidebar-layout":"default","site-content-layout":"","ast-site-content-layout":"","site-content-style":"default","site-sidebar-style":"default","ast-global-header-display":"","ast-banner-title-visibility":"","ast-main-header-display":"","ast-hfb-above-header-display":"","ast-hfb-below-header-display":"","ast-hfb-mobile-header-display":"","site-post-title":"","ast-breadcrumbs-content":"","ast-featured-img":"","footer-sml-layout":"","theme-transparent-header-meta":"","adv-header-id-meta":"","stick-header-meta":"","header-above-stick-meta":"","header-main-stick-meta":"","header-below-stick-meta":"","astra-migrate-meta-layouts":"default","ast-page-background-enabled":"default","ast-page-background-meta":{"desktop":{"background-color":"var(--ast-global-color-4)","background-image":"","background-repeat":"repeat","background-position":"center center","background-size":"auto","background-attachment":"scroll","background-type":"","background-media":"","overlay-type":"","overlay-color":"","overlay-opacity":"","overlay-gradient":""},"tablet":{"background-color":"","background-image":"","background-repeat":"repeat","background-position":"center center","background-size":"auto","background-attachment":"scroll","background-type":"","background-media":"","overlay-type":"","overlay-color":"","overlay-opacity":"","overlay-gradient":""},"mobile":{"background-color":"","background-image":"","background-repeat":"repeat","background-position":"center center","background-size":"auto","background-attachment":"scroll","background-type":"","background-media":"","overlay-type":"","overlay-color":"","overlay-opacity":"","overlay-gradient":""}},"ast-content-background-meta":{"desktop":{"background-color":"var(--ast-global-color-5)","background-image":"","background-repeat":"repeat","background-position":"center center","background-size":"auto","background-attachment":"scroll","background-type":"","background-media":"","overlay-type":"","overlay-color":"","overlay-opacity":"","overlay-gradient":""},"tablet":{"background-color":"var(--ast-global-color-5)","background-image":"","background-repeat":"repeat","background-position":"center center","background-size":"auto","background-attachment":"scroll","background-type":"","background-media":"","overlay-type":"","overlay-color":"","overlay-opacity":"","overlay-gradient":""},"mobile":{"background-color":"var(--ast-global-color-5)","background-image":"","background-repeat":"repeat","background-position":"center center","background-size":"auto","background-attachment":"scroll","background-type":"","background-media":"","overlay-type":"","overlay-color":"","overlay-opacity":"","overlay-gradient":""}},"footnotes":""},"categories":[30],"tags":[],"class_list":["post-2041","post","type-post","status-publish","format-standard","hentry","category-archiv-2011"],"yoast_head":"<!-- This site is optimized with the Yoast SEO plugin v27.4 - https:\/\/yoast.com\/product\/yoast-seo-wordpress\/ -->\n<title>Hrad Stre\u010dno sa te\u0161\u00ed na nov\u00fa sez\u00f3nu - Pova\u017esk\u00e9 m\u00fazeum<\/title>\n<meta name=\"robots\" content=\"index, follow, max-snippet:-1, max-image-preview:large, max-video-preview:-1\" \/>\n<link rel=\"canonical\" href=\"https:\/\/pmza.sk\/?p=2041\" \/>\n<meta property=\"og:locale\" content=\"sk_SK\" \/>\n<meta property=\"og:type\" content=\"article\" \/>\n<meta property=\"og:title\" content=\"Hrad Stre\u010dno sa te\u0161\u00ed na nov\u00fa sez\u00f3nu - Pova\u017esk\u00e9 m\u00fazeum\" \/>\n<meta property=\"og:description\" content=\"Hrad Stre\u010dno, vyh\u013ead\u00e1van\u00e1 slovensk\u00e1 turistick\u00e1 destin\u00e1cia, po druh\u00fdkr\u00e1t po\u010das svojej takmer tridsa\u0165ro\u010dnej sez\u00f3nnej prev\u00e1dzky, otv\u00e1ra svoje br\u00e1ny a expoz\u00edcie s\u00favisiace s\u00a0hist\u00f3riou hradu a\u00a0\u017eilinsk\u00e9ho regi\u00f3nu u\u017e \u00a0po\u010das marcov\u00fdch v\u00edkendov. \u201eExpoz\u00edcia Odhalen\u00e1 minulos\u0165 od roku 2008 sprostredk\u00fava dejiny \u017diliny a jej \u0161ir\u0161ieho okolia od doby kamennej a\u017e po novovek. Expoz\u00edcia venovan\u00e1 patr\u00f3nke hradu \u017dofii Bosniakovej pribli\u017euje charizmatick\u00fa [&hellip;]\" \/>\n<meta property=\"og:url\" content=\"https:\/\/pmza.sk\/?p=2041\" \/>\n<meta property=\"og:site_name\" content=\"Pova\u017esk\u00e9 m\u00fazeum\" \/>\n<meta property=\"article:publisher\" content=\"https:\/\/www.facebook.com\/povazskemuzeum\" \/>\n<meta property=\"article:published_time\" content=\"2011-03-03T15:50:03+00:00\" \/>\n<meta property=\"og:image\" content=\"https:\/\/pmza.sk.sk\/wp-content\/uploads\/2011\/03\/foto-z-kaplnky-hradu-300x199.jpg\" \/>\n<meta name=\"author\" content=\"libor\" \/>\n<meta name=\"twitter:card\" content=\"summary_large_image\" \/>\n<meta name=\"twitter:label1\" content=\"Autor\" \/>\n\t<meta name=\"twitter:data1\" content=\"libor\" \/>\n\t<meta name=\"twitter:label2\" content=\"Predpokladan\u00fd \u010das \u010d\u00edtania\" \/>\n\t<meta name=\"twitter:data2\" content=\"2 min\u00faty\" \/>\n<script type=\"application\/ld+json\" class=\"yoast-schema-graph\">{\"@context\":\"https:\\\/\\\/schema.org\",\"@graph\":[{\"@type\":\"Article\",\"@id\":\"https:\\\/\\\/pmza.sk\\\/?p=2041#article\",\"isPartOf\":{\"@id\":\"https:\\\/\\\/pmza.sk\\\/?p=2041\"},\"author\":{\"name\":\"libor\",\"@id\":\"https:\\\/\\\/pmza.sk\\\/#\\\/schema\\\/person\\\/f0b923a9aa8e1f67feef0d7cd9afde35\"},\"headline\":\"Hrad Stre\u010dno sa te\u0161\u00ed na nov\u00fa sez\u00f3nu\",\"datePublished\":\"2011-03-03T15:50:03+00:00\",\"mainEntityOfPage\":{\"@id\":\"https:\\\/\\\/pmza.sk\\\/?p=2041\"},\"wordCount\":332,\"publisher\":{\"@id\":\"https:\\\/\\\/pmza.sk\\\/#organization\"},\"image\":{\"@id\":\"https:\\\/\\\/pmza.sk\\\/?p=2041#primaryimage\"},\"thumbnailUrl\":\"http:\\\/\\\/pmza.sk.sk\\\/wp-content\\\/uploads\\\/2011\\\/03\\\/foto-z-kaplnky-hradu-300x199.jpg\",\"articleSection\":[\"Arch\u00edv 2011\"],\"inLanguage\":\"sk-SK\"},{\"@type\":\"WebPage\",\"@id\":\"https:\\\/\\\/pmza.sk\\\/?p=2041\",\"url\":\"https:\\\/\\\/pmza.sk\\\/?p=2041\",\"name\":\"Hrad Stre\u010dno sa te\u0161\u00ed na nov\u00fa sez\u00f3nu - Pova\u017esk\u00e9 m\u00fazeum\",\"isPartOf\":{\"@id\":\"https:\\\/\\\/pmza.sk\\\/#website\"},\"primaryImageOfPage\":{\"@id\":\"https:\\\/\\\/pmza.sk\\\/?p=2041#primaryimage\"},\"image\":{\"@id\":\"https:\\\/\\\/pmza.sk\\\/?p=2041#primaryimage\"},\"thumbnailUrl\":\"http:\\\/\\\/pmza.sk.sk\\\/wp-content\\\/uploads\\\/2011\\\/03\\\/foto-z-kaplnky-hradu-300x199.jpg\",\"datePublished\":\"2011-03-03T15:50:03+00:00\",\"breadcrumb\":{\"@id\":\"https:\\\/\\\/pmza.sk\\\/?p=2041#breadcrumb\"},\"inLanguage\":\"sk-SK\",\"potentialAction\":[{\"@type\":\"ReadAction\",\"target\":[\"https:\\\/\\\/pmza.sk\\\/?p=2041\"]}]},{\"@type\":\"ImageObject\",\"inLanguage\":\"sk-SK\",\"@id\":\"https:\\\/\\\/pmza.sk\\\/?p=2041#primaryimage\",\"url\":\"http:\\\/\\\/pmza.sk.sk\\\/wp-content\\\/uploads\\\/2011\\\/03\\\/foto-z-kaplnky-hradu-300x199.jpg\",\"contentUrl\":\"http:\\\/\\\/pmza.sk.sk\\\/wp-content\\\/uploads\\\/2011\\\/03\\\/foto-z-kaplnky-hradu-300x199.jpg\"},{\"@type\":\"BreadcrumbList\",\"@id\":\"https:\\\/\\\/pmza.sk\\\/?p=2041#breadcrumb\",\"itemListElement\":[{\"@type\":\"ListItem\",\"position\":1,\"name\":\"Domovsk\u00e1 str\u00e1nka\",\"item\":\"https:\\\/\\\/pmza.sk\\\/\"},{\"@type\":\"ListItem\",\"position\":2,\"name\":\"Hrad Stre\u010dno sa te\u0161\u00ed na nov\u00fa sez\u00f3nu\"}]},{\"@type\":\"WebSite\",\"@id\":\"https:\\\/\\\/pmza.sk\\\/#website\",\"url\":\"https:\\\/\\\/pmza.sk\\\/\",\"name\":\"Pova\u017esk\u00e9 m\u00fazeum\",\"description\":\"Pova\u017esk\u00e9 m\u00fazeum v \u017diline je region\u00e1lne m\u00fazeum so s\u00eddlom v Budat\u00edne. Jeho expoz\u00edcie s\u00fa zameran\u00e9 na dejiny slovensk\u00e9ho umenia, kult\u00fary a dopravy.\",\"publisher\":{\"@id\":\"https:\\\/\\\/pmza.sk\\\/#organization\"},\"potentialAction\":[{\"@type\":\"SearchAction\",\"target\":{\"@type\":\"EntryPoint\",\"urlTemplate\":\"https:\\\/\\\/pmza.sk\\\/?s={search_term_string}\"},\"query-input\":{\"@type\":\"PropertyValueSpecification\",\"valueRequired\":true,\"valueName\":\"search_term_string\"}}],\"inLanguage\":\"sk-SK\"},{\"@type\":\"Organization\",\"@id\":\"https:\\\/\\\/pmza.sk\\\/#organization\",\"name\":\"Pova\u017esk\u00e9 m\u00fazeum\",\"url\":\"https:\\\/\\\/pmza.sk\\\/\",\"logo\":{\"@type\":\"ImageObject\",\"inLanguage\":\"sk-SK\",\"@id\":\"https:\\\/\\\/pmza.sk\\\/#\\\/schema\\\/logo\\\/image\\\/\",\"url\":\"https:\\\/\\\/pmza.sk\\\/wp-content\\\/uploads\\\/2022\\\/01\\\/logo_PM_horizontal.jpg\",\"contentUrl\":\"https:\\\/\\\/pmza.sk\\\/wp-content\\\/uploads\\\/2022\\\/01\\\/logo_PM_horizontal.jpg\",\"width\":231,\"height\":142,\"caption\":\"Pova\u017esk\u00e9 m\u00fazeum\"},\"image\":{\"@id\":\"https:\\\/\\\/pmza.sk\\\/#\\\/schema\\\/logo\\\/image\\\/\"},\"sameAs\":[\"https:\\\/\\\/www.facebook.com\\\/povazskemuzeum\",\"https:\\\/\\\/www.instagram.com\\\/povazskemuzeum\\\/\"]},{\"@type\":\"Person\",\"@id\":\"https:\\\/\\\/pmza.sk\\\/#\\\/schema\\\/person\\\/f0b923a9aa8e1f67feef0d7cd9afde35\",\"name\":\"libor\",\"image\":{\"@type\":\"ImageObject\",\"inLanguage\":\"sk-SK\",\"@id\":\"https:\\\/\\\/secure.gravatar.com\\\/avatar\\\/c583dbc698e594aacced1589eb8cf1673bd41d461e8b2ab635484ffc26fee7b0?s=96&d=mm&r=g\",\"url\":\"https:\\\/\\\/secure.gravatar.com\\\/avatar\\\/c583dbc698e594aacced1589eb8cf1673bd41d461e8b2ab635484ffc26fee7b0?s=96&d=mm&r=g\",\"contentUrl\":\"https:\\\/\\\/secure.gravatar.com\\\/avatar\\\/c583dbc698e594aacced1589eb8cf1673bd41d461e8b2ab635484ffc26fee7b0?s=96&d=mm&r=g\",\"caption\":\"libor\"}}]}<\/script>\n<!-- \/ Yoast SEO plugin. -->","yoast_head_json":{"title":"Hrad Stre\u010dno sa te\u0161\u00ed na nov\u00fa sez\u00f3nu - Pova\u017esk\u00e9 m\u00fazeum","robots":{"index":"index","follow":"follow","max-snippet":"max-snippet:-1","max-image-preview":"max-image-preview:large","max-video-preview":"max-video-preview:-1"},"canonical":"https:\/\/pmza.sk\/?p=2041","og_locale":"sk_SK","og_type":"article","og_title":"Hrad Stre\u010dno sa te\u0161\u00ed na nov\u00fa sez\u00f3nu - Pova\u017esk\u00e9 m\u00fazeum","og_description":"Hrad Stre\u010dno, vyh\u013ead\u00e1van\u00e1 slovensk\u00e1 turistick\u00e1 destin\u00e1cia, po druh\u00fdkr\u00e1t po\u010das svojej takmer tridsa\u0165ro\u010dnej sez\u00f3nnej prev\u00e1dzky, otv\u00e1ra svoje br\u00e1ny a expoz\u00edcie s\u00favisiace s\u00a0hist\u00f3riou hradu a\u00a0\u017eilinsk\u00e9ho regi\u00f3nu u\u017e \u00a0po\u010das marcov\u00fdch v\u00edkendov. \u201eExpoz\u00edcia Odhalen\u00e1 minulos\u0165 od roku 2008 sprostredk\u00fava dejiny \u017diliny a jej \u0161ir\u0161ieho okolia od doby kamennej a\u017e po novovek. Expoz\u00edcia venovan\u00e1 patr\u00f3nke hradu \u017dofii Bosniakovej pribli\u017euje charizmatick\u00fa [&hellip;]","og_url":"https:\/\/pmza.sk\/?p=2041","og_site_name":"Pova\u017esk\u00e9 m\u00fazeum","article_publisher":"https:\/\/www.facebook.com\/povazskemuzeum","article_published_time":"2011-03-03T15:50:03+00:00","og_image":[{"url":"https:\/\/pmza.sk.sk\/wp-content\/uploads\/2011\/03\/foto-z-kaplnky-hradu-300x199.jpg","type":"","width":"","height":""}],"author":"libor","twitter_card":"summary_large_image","twitter_misc":{"Autor":"libor","Predpokladan\u00fd \u010das \u010d\u00edtania":"2 min\u00faty"},"schema":{"@context":"https:\/\/schema.org","@graph":[{"@type":"Article","@id":"https:\/\/pmza.sk\/?p=2041#article","isPartOf":{"@id":"https:\/\/pmza.sk\/?p=2041"},"author":{"name":"libor","@id":"https:\/\/pmza.sk\/#\/schema\/person\/f0b923a9aa8e1f67feef0d7cd9afde35"},"headline":"Hrad Stre\u010dno sa te\u0161\u00ed na nov\u00fa sez\u00f3nu","datePublished":"2011-03-03T15:50:03+00:00","mainEntityOfPage":{"@id":"https:\/\/pmza.sk\/?p=2041"},"wordCount":332,"publisher":{"@id":"https:\/\/pmza.sk\/#organization"},"image":{"@id":"https:\/\/pmza.sk\/?p=2041#primaryimage"},"thumbnailUrl":"https:\/\/pmza.sk.sk\/wp-content\/uploads\/2011\/03\/foto-z-kaplnky-hradu-300x199.jpg","articleSection":["Arch\u00edv 2011"],"inLanguage":"sk-SK"},{"@type":"WebPage","@id":"https:\/\/pmza.sk\/?p=2041","url":"https:\/\/pmza.sk\/?p=2041","name":"Hrad Stre\u010dno sa te\u0161\u00ed na nov\u00fa sez\u00f3nu - Pova\u017esk\u00e9 m\u00fazeum","isPartOf":{"@id":"https:\/\/pmza.sk\/#website"},"primaryImageOfPage":{"@id":"https:\/\/pmza.sk\/?p=2041#primaryimage"},"image":{"@id":"https:\/\/pmza.sk\/?p=2041#primaryimage"},"thumbnailUrl":"https:\/\/pmza.sk.sk\/wp-content\/uploads\/2011\/03\/foto-z-kaplnky-hradu-300x199.jpg","datePublished":"2011-03-03T15:50:03+00:00","breadcrumb":{"@id":"https:\/\/pmza.sk\/?p=2041#breadcrumb"},"inLanguage":"sk-SK","potentialAction":[{"@type":"ReadAction","target":["https:\/\/pmza.sk\/?p=2041"]}]},{"@type":"ImageObject","inLanguage":"sk-SK","@id":"https:\/\/pmza.sk\/?p=2041#primaryimage","url":"https:\/\/pmza.sk.sk\/wp-content\/uploads\/2011\/03\/foto-z-kaplnky-hradu-300x199.jpg","contentUrl":"https:\/\/pmza.sk.sk\/wp-content\/uploads\/2011\/03\/foto-z-kaplnky-hradu-300x199.jpg"},{"@type":"BreadcrumbList","@id":"https:\/\/pmza.sk\/?p=2041#breadcrumb","itemListElement":[{"@type":"ListItem","position":1,"name":"Domovsk\u00e1 str\u00e1nka","item":"https:\/\/pmza.sk\/"},{"@type":"ListItem","position":2,"name":"Hrad Stre\u010dno sa te\u0161\u00ed na nov\u00fa sez\u00f3nu"}]},{"@type":"WebSite","@id":"https:\/\/pmza.sk\/#website","url":"https:\/\/pmza.sk\/","name":"Pova\u017esk\u00e9 m\u00fazeum","description":"Pova\u017esk\u00e9 m\u00fazeum v \u017diline je region\u00e1lne m\u00fazeum so s\u00eddlom v Budat\u00edne. Jeho expoz\u00edcie s\u00fa zameran\u00e9 na dejiny slovensk\u00e9ho umenia, kult\u00fary a dopravy.","publisher":{"@id":"https:\/\/pmza.sk\/#organization"},"potentialAction":[{"@type":"SearchAction","target":{"@type":"EntryPoint","urlTemplate":"https:\/\/pmza.sk\/?s={search_term_string}"},"query-input":{"@type":"PropertyValueSpecification","valueRequired":true,"valueName":"search_term_string"}}],"inLanguage":"sk-SK"},{"@type":"Organization","@id":"https:\/\/pmza.sk\/#organization","name":"Pova\u017esk\u00e9 m\u00fazeum","url":"https:\/\/pmza.sk\/","logo":{"@type":"ImageObject","inLanguage":"sk-SK","@id":"https:\/\/pmza.sk\/#\/schema\/logo\/image\/","url":"https:\/\/pmza.sk\/wp-content\/uploads\/2022\/01\/logo_PM_horizontal.jpg","contentUrl":"https:\/\/pmza.sk\/wp-content\/uploads\/2022\/01\/logo_PM_horizontal.jpg","width":231,"height":142,"caption":"Pova\u017esk\u00e9 m\u00fazeum"},"image":{"@id":"https:\/\/pmza.sk\/#\/schema\/logo\/image\/"},"sameAs":["https:\/\/www.facebook.com\/povazskemuzeum","https:\/\/www.instagram.com\/povazskemuzeum\/"]},{"@type":"Person","@id":"https:\/\/pmza.sk\/#\/schema\/person\/f0b923a9aa8e1f67feef0d7cd9afde35","name":"libor","image":{"@type":"ImageObject","inLanguage":"sk-SK","@id":"https:\/\/secure.gravatar.com\/avatar\/c583dbc698e594aacced1589eb8cf1673bd41d461e8b2ab635484ffc26fee7b0?s=96&d=mm&r=g","url":"https:\/\/secure.gravatar.com\/avatar\/c583dbc698e594aacced1589eb8cf1673bd41d461e8b2ab635484ffc26fee7b0?s=96&d=mm&r=g","contentUrl":"https:\/\/secure.gravatar.com\/avatar\/c583dbc698e594aacced1589eb8cf1673bd41d461e8b2ab635484ffc26fee7b0?s=96&d=mm&r=g","caption":"libor"}}]}},"_links":{"self":[{"href":"https:\/\/pmza.sk\/index.php?rest_route=\/wp\/v2\/posts\/2041","targetHints":{"allow":["GET"]}}],"collection":[{"href":"https:\/\/pmza.sk\/index.php?rest_route=\/wp\/v2\/posts"}],"about":[{"href":"https:\/\/pmza.sk\/index.php?rest_route=\/wp\/v2\/types\/post"}],"author":[{"embeddable":true,"href":"https:\/\/pmza.sk\/index.php?rest_route=\/wp\/v2\/users\/1"}],"replies":[{"embeddable":true,"href":"https:\/\/pmza.sk\/index.php?rest_route=%2Fwp%2Fv2%2Fcomments&post=2041"}],"version-history":[{"count":0,"href":"https:\/\/pmza.sk\/index.php?rest_route=\/wp\/v2\/posts\/2041\/revisions"}],"wp:attachment":[{"href":"https:\/\/pmza.sk\/index.php?rest_route=%2Fwp%2Fv2%2Fmedia&parent=2041"}],"wp:term":[{"taxonomy":"category","embeddable":true,"href":"https:\/\/pmza.sk\/index.php?rest_route=%2Fwp%2Fv2%2Fcategories&post=2041"},{"taxonomy":"post_tag","embeddable":true,"href":"https:\/\/pmza.sk\/index.php?rest_route=%2Fwp%2Fv2%2Ftags&post=2041"}],"curies":[{"name":"wp","href":"https:\/\/api.w.org\/{rel}","templated":true}]}}