{"id":20443,"date":"2017-08-04T08:56:11","date_gmt":"2017-08-04T06:56:11","guid":{"rendered":"https:\/\/pmza.sk.sk\/?p=20443"},"modified":"2017-08-04T08:56:11","modified_gmt":"2017-08-04T06:56:11","slug":"posledny-svedok-doby-ladovej","status":"publish","type":"post","link":"https:\/\/pmza.sk\/?p=20443","title":{"rendered":"Svedok poslednej doby \u013eadovej"},"content":{"rendered":"<p>Medzin\u00e1rodn\u00fd de\u0148 vt\u00e1ctva, ktor\u00fd pripad\u00e1 na 1. apr\u00edla, sa oslavuje u\u017e viac ako 100 rokov a\u00a0patr\u00ed k\u00a0 \u0161peci\u00e1lnym stredoeur\u00f3pskym sviatkom. Oslavy pr\u00edchodu jari, pr\u00edletu s\u0165ahovav\u00fdch vt\u00e1kov a preb\u00fadzaj\u00facej sa pr\u00edrody ustanovil v \u010dasoch Rak\u00fasko-Uhorska zn\u00e1my pr\u00edrodovedec poch\u00e1dzaj\u00faci zo Slovenska Oto Herman u\u017e v roku 1900.<\/p>\n<p>Pova\u017esk\u00e9 m\u00fazeum v\u00a0\u017diline pr\u00e1ve v\u00a0tento de\u0148 otvor\u00ed jedine\u010dn\u00fa v\u00fdstavu venovan\u00fa vz\u00e1cnemu hluch\u00e1\u0148ovi h\u00f4rnemu v\u00a0priestoroch hradu Stre\u010dno. Hluch\u00e1\u0148 h\u00f4rny napriek svojej dlhej evolu\u010dnej hist\u00f3rii \u010del\u00ed v s\u00fa\u010dasnosti hrozb\u00e1m vyhynutia. Z\u00e1padn\u00e9 Karpaty so zvy\u0161kami horsk\u00fdch pralesov s\u00fa posledn\u00fdmi ba\u0161tami jeho rodu na Slovensku. V\u00fdstava sa formou trojrozmernej in\u0161tal\u00e1cie, pri pou\u017eit\u00ed modern\u00fdch materi\u00e1lov, pok\u00fasi \u010do najautentickej\u0161ie pribl\u00ed\u017ei\u0165 atmosf\u00e9ru prostredia, ktor\u00e9 poskytuje jemu, ako aj \u010fal\u0161\u00edm, dnes u\u017e vz\u00e1cnym kurovit\u00fdm vt\u00e1kom, podmienky na pre\u017eitie.<\/p>\n<p>Autori v\u00fdstavy: RNDr. Ladislav Hl\u00f4\u0161ka, PhD. (Pova\u017esk\u00e9 m\u00fazeum v \u017diline) a doc., Ing. Miroslav Saniga, CSc. (\u00dastav ekol\u00f3gie lesa SAV vo Zvolene)<\/p>\n<p>&nbsp;<\/p>\n<p><a href=\"https:\/\/pmza.sk\/wp-content\/uploads\/2017\/03\/DSC_5228-5-scaled-1.jpg\"><img decoding=\"async\" class=\"alignleft  wp-image-20439\" src=\"https:\/\/pmza.sk.sk\/wp-content\/uploads\/2017\/03\/DSC_5228-5-150x100.jpg\" alt=\"\" width=\"167\" height=\"111\" \/><\/a><a href=\"https:\/\/pmza.sk\/wp-content\/uploads\/2017\/03\/Hluchan-horny-4-Western-Capercaillie-scaled-1.jpg\"><img decoding=\"async\" class=\"alignleft  wp-image-20442\" src=\"https:\/\/pmza.sk.sk\/wp-content\/uploads\/2017\/03\/Hluch\u00e1\u0148-h\u00f4rny-4-Western-Capercaillie-150x100.jpg\" alt=\"\" width=\"167\" height=\"111\" \/><\/a><a href=\"https:\/\/pmza.sk\/wp-content\/uploads\/2017\/03\/Hluchan-horny-1-scaled-1.jpg\"><img decoding=\"async\" class=\"alignleft  wp-image-20441\" src=\"https:\/\/pmza.sk.sk\/wp-content\/uploads\/2017\/03\/Hluch\u00e1\u0148-h\u00f4rny-1-150x100.jpg\" alt=\"\" width=\"167\" height=\"111\" \/><\/a><\/p>\n<p>&nbsp;<\/p>\n<p>&nbsp;<\/p>\n<p>&nbsp;<\/p>\n<p><a href=\"https:\/\/pmza.sk\/wp-content\/uploads\/2016\/12\/hluchan_www.jpg\"><img loading=\"lazy\" decoding=\"async\" class=\"wp-image-20507 alignright\" src=\"https:\/\/pmza.sk.sk\/wp-content\/uploads\/2016\/12\/hluchan_www-106x150.jpg\" alt=\"\" width=\"217\" height=\"307\" \/><\/a>Hrad Stre\u010dno bude od 1. apr\u00edla otvoren\u00fd denne od 9.00 do 18.00 hod., posledn\u00fd vstup o 17.00 hod.<\/p>\n<p>Vstupn\u00e9 na hrad:<\/p>\n<div><strong>z\u00e1kladn\u00e9:<\/strong> 5 \u20ac<\/div>\n<div><strong>z\u013eavnen\u00e9<\/strong> (deti od 6 do 15 rokov, \u0161tudenti, d\u00f4chodcovia, \u0164ZP, vojnov\u00ed veter\u00e1ni): 3 \u20ac<\/div>\n<div><strong>skupinov\u00e9 z\u00e1jazdy \u2013 matersk\u00e9 \u0161koly:<\/strong> 0,50 \u20ac \/ os.<\/div>\n<div><strong>rodinn\u00e9<\/strong> (2 rodi\u010dia a 2 deti od 6 do 15 rokov): 13 \u20ac<\/div>\n<div><strong>deti do 6 rokov:<\/strong> bezplatne<\/div>\n<div><strong>pedagogick\u00fd dozor<\/strong> nad 15 os\u00f4b a ved\u00faci z\u00e1jazdov: bezplatne<\/div>\n<div><strong>s<\/strong><strong>kupina dospel\u00fdch nad 20 os\u00f4b:<\/strong> z\u013eava 10%\u00a0(zo z\u00e1kladn\u00e9ho vstupn\u00e9ho)<\/div>\n<div><strong>Vstupn\u00e9 mimo otv\u00e1rac\u00edch hod\u00edn:<\/strong> pr\u00edplatok 100 % (vstup mo\u017en\u00fd len na z\u00e1klade objedn\u00e1vky a len pre skupiny nad 10 os\u00f4b).<\/div>\n","protected":false},"excerpt":{"rendered":"<p>Medzin\u00e1rodn\u00fd de\u0148 vt\u00e1ctva, ktor\u00fd pripad\u00e1 na 1. apr\u00edla, sa oslavuje u\u017e viac ako 100 rokov a\u00a0patr\u00ed k\u00a0 \u0161peci\u00e1lnym stredoeur\u00f3pskym sviatkom. Oslavy pr\u00edchodu jari, pr\u00edletu s\u0165ahovav\u00fdch vt\u00e1kov a preb\u00fadzaj\u00facej sa pr\u00edrody ustanovil v \u010dasoch Rak\u00fasko-Uhorska zn\u00e1my pr\u00edrodovedec poch\u00e1dzaj\u00faci zo Slovenska Oto Herman u\u017e v roku 1900. Pova\u017esk\u00e9 m\u00fazeum v\u00a0\u017diline pr\u00e1ve v\u00a0tento de\u0148 otvor\u00ed jedine\u010dn\u00fa v\u00fdstavu venovan\u00fa [&hellip;]<\/p>\n","protected":false},"author":2,"featured_media":20440,"comment_status":"closed","ping_status":"closed","sticky":false,"template":"","format":"standard","meta":{"site-sidebar-layout":"default","site-content-layout":"","ast-site-content-layout":"","site-content-style":"default","site-sidebar-style":"default","ast-global-header-display":"","ast-banner-title-visibility":"","ast-main-header-display":"","ast-hfb-above-header-display":"","ast-hfb-below-header-display":"","ast-hfb-mobile-header-display":"","site-post-title":"","ast-breadcrumbs-content":"","ast-featured-img":"","footer-sml-layout":"","theme-transparent-header-meta":"","adv-header-id-meta":"","stick-header-meta":"","header-above-stick-meta":"","header-main-stick-meta":"","header-below-stick-meta":"","astra-migrate-meta-layouts":"default","ast-page-background-enabled":"default","ast-page-background-meta":{"desktop":{"background-color":"var(--ast-global-color-4)","background-image":"","background-repeat":"repeat","background-position":"center center","background-size":"auto","background-attachment":"scroll","background-type":"","background-media":"","overlay-type":"","overlay-color":"","overlay-opacity":"","overlay-gradient":""},"tablet":{"background-color":"","background-image":"","background-repeat":"repeat","background-position":"center center","background-size":"auto","background-attachment":"scroll","background-type":"","background-media":"","overlay-type":"","overlay-color":"","overlay-opacity":"","overlay-gradient":""},"mobile":{"background-color":"","background-image":"","background-repeat":"repeat","background-position":"center center","background-size":"auto","background-attachment":"scroll","background-type":"","background-media":"","overlay-type":"","overlay-color":"","overlay-opacity":"","overlay-gradient":""}},"ast-content-background-meta":{"desktop":{"background-color":"var(--ast-global-color-5)","background-image":"","background-repeat":"repeat","background-position":"center center","background-size":"auto","background-attachment":"scroll","background-type":"","background-media":"","overlay-type":"","overlay-color":"","overlay-opacity":"","overlay-gradient":""},"tablet":{"background-color":"var(--ast-global-color-5)","background-image":"","background-repeat":"repeat","background-position":"center center","background-size":"auto","background-attachment":"scroll","background-type":"","background-media":"","overlay-type":"","overlay-color":"","overlay-opacity":"","overlay-gradient":""},"mobile":{"background-color":"var(--ast-global-color-5)","background-image":"","background-repeat":"repeat","background-position":"center center","background-size":"auto","background-attachment":"scroll","background-type":"","background-media":"","overlay-type":"","overlay-color":"","overlay-opacity":"","overlay-gradient":""}},"footnotes":""},"categories":[31],"tags":[],"class_list":["post-20443","post","type-post","status-publish","format-standard","has-post-thumbnail","hentry","category-aktuality"],"yoast_head":"<!-- This site is optimized with the Yoast SEO plugin v27.4 - https:\/\/yoast.com\/product\/yoast-seo-wordpress\/ -->\n<title>Svedok poslednej doby \u013eadovej - Pova\u017esk\u00e9 m\u00fazeum<\/title>\n<meta name=\"robots\" content=\"index, follow, max-snippet:-1, max-image-preview:large, max-video-preview:-1\" \/>\n<link rel=\"canonical\" href=\"https:\/\/pmza.sk\/?p=20443\" \/>\n<meta property=\"og:locale\" content=\"sk_SK\" \/>\n<meta property=\"og:type\" content=\"article\" \/>\n<meta property=\"og:title\" content=\"Svedok poslednej doby \u013eadovej - Pova\u017esk\u00e9 m\u00fazeum\" \/>\n<meta property=\"og:description\" content=\"Medzin\u00e1rodn\u00fd de\u0148 vt\u00e1ctva, ktor\u00fd pripad\u00e1 na 1. apr\u00edla, sa oslavuje u\u017e viac ako 100 rokov a\u00a0patr\u00ed k\u00a0 \u0161peci\u00e1lnym stredoeur\u00f3pskym sviatkom. Oslavy pr\u00edchodu jari, pr\u00edletu s\u0165ahovav\u00fdch vt\u00e1kov a preb\u00fadzaj\u00facej sa pr\u00edrody ustanovil v \u010dasoch Rak\u00fasko-Uhorska zn\u00e1my pr\u00edrodovedec poch\u00e1dzaj\u00faci zo Slovenska Oto Herman u\u017e v roku 1900. Pova\u017esk\u00e9 m\u00fazeum v\u00a0\u017diline pr\u00e1ve v\u00a0tento de\u0148 otvor\u00ed jedine\u010dn\u00fa v\u00fdstavu venovan\u00fa [&hellip;]\" \/>\n<meta property=\"og:url\" content=\"https:\/\/pmza.sk\/?p=20443\" \/>\n<meta property=\"og:site_name\" content=\"Pova\u017esk\u00e9 m\u00fazeum\" \/>\n<meta property=\"article:publisher\" content=\"https:\/\/www.facebook.com\/povazskemuzeum\" \/>\n<meta property=\"article:published_time\" content=\"2017-08-04T06:56:11+00:00\" \/>\n<meta property=\"og:image\" content=\"https:\/\/pmza.sk\/wp-content\/uploads\/2017\/03\/DSC_5249-scaled-1.jpg\" \/>\n\t<meta property=\"og:image:width\" content=\"2560\" \/>\n\t<meta property=\"og:image:height\" content=\"1709\" \/>\n\t<meta property=\"og:image:type\" content=\"image\/jpeg\" \/>\n<meta name=\"author\" content=\"Pova\u017esk\u00e9 m\u00fazeum\" \/>\n<meta name=\"twitter:card\" content=\"summary_large_image\" \/>\n<meta name=\"twitter:label1\" content=\"Autor\" \/>\n\t<meta name=\"twitter:data1\" content=\"Pova\u017esk\u00e9 m\u00fazeum\" \/>\n\t<meta name=\"twitter:label2\" content=\"Predpokladan\u00fd \u010das \u010d\u00edtania\" \/>\n\t<meta name=\"twitter:data2\" content=\"1 min\u00fata\" \/>\n<script type=\"application\/ld+json\" class=\"yoast-schema-graph\">{\"@context\":\"https:\\\/\\\/schema.org\",\"@graph\":[{\"@type\":\"Article\",\"@id\":\"https:\\\/\\\/pmza.sk\\\/?p=20443#article\",\"isPartOf\":{\"@id\":\"https:\\\/\\\/pmza.sk\\\/?p=20443\"},\"author\":{\"name\":\"Pova\u017esk\u00e9 m\u00fazeum\",\"@id\":\"https:\\\/\\\/pmza.sk\\\/#\\\/schema\\\/person\\\/595e6a2ce731ea94dcd5d7f50a41ae33\"},\"headline\":\"Svedok poslednej doby \u013eadovej\",\"datePublished\":\"2017-08-04T06:56:11+00:00\",\"mainEntityOfPage\":{\"@id\":\"https:\\\/\\\/pmza.sk\\\/?p=20443\"},\"wordCount\":306,\"publisher\":{\"@id\":\"https:\\\/\\\/pmza.sk\\\/#organization\"},\"image\":{\"@id\":\"https:\\\/\\\/pmza.sk\\\/?p=20443#primaryimage\"},\"thumbnailUrl\":\"https:\\\/\\\/pmza.sk\\\/wp-content\\\/uploads\\\/2017\\\/03\\\/DSC_5249-scaled-1.jpg\",\"articleSection\":[\"Aktuality\"],\"inLanguage\":\"sk-SK\"},{\"@type\":\"WebPage\",\"@id\":\"https:\\\/\\\/pmza.sk\\\/?p=20443\",\"url\":\"https:\\\/\\\/pmza.sk\\\/?p=20443\",\"name\":\"Svedok poslednej doby \u013eadovej - Pova\u017esk\u00e9 m\u00fazeum\",\"isPartOf\":{\"@id\":\"https:\\\/\\\/pmza.sk\\\/#website\"},\"primaryImageOfPage\":{\"@id\":\"https:\\\/\\\/pmza.sk\\\/?p=20443#primaryimage\"},\"image\":{\"@id\":\"https:\\\/\\\/pmza.sk\\\/?p=20443#primaryimage\"},\"thumbnailUrl\":\"https:\\\/\\\/pmza.sk\\\/wp-content\\\/uploads\\\/2017\\\/03\\\/DSC_5249-scaled-1.jpg\",\"datePublished\":\"2017-08-04T06:56:11+00:00\",\"breadcrumb\":{\"@id\":\"https:\\\/\\\/pmza.sk\\\/?p=20443#breadcrumb\"},\"inLanguage\":\"sk-SK\",\"potentialAction\":[{\"@type\":\"ReadAction\",\"target\":[\"https:\\\/\\\/pmza.sk\\\/?p=20443\"]}]},{\"@type\":\"ImageObject\",\"inLanguage\":\"sk-SK\",\"@id\":\"https:\\\/\\\/pmza.sk\\\/?p=20443#primaryimage\",\"url\":\"https:\\\/\\\/pmza.sk\\\/wp-content\\\/uploads\\\/2017\\\/03\\\/DSC_5249-scaled-1.jpg\",\"contentUrl\":\"https:\\\/\\\/pmza.sk\\\/wp-content\\\/uploads\\\/2017\\\/03\\\/DSC_5249-scaled-1.jpg\",\"width\":2560,\"height\":1709},{\"@type\":\"BreadcrumbList\",\"@id\":\"https:\\\/\\\/pmza.sk\\\/?p=20443#breadcrumb\",\"itemListElement\":[{\"@type\":\"ListItem\",\"position\":1,\"name\":\"Domovsk\u00e1 str\u00e1nka\",\"item\":\"https:\\\/\\\/pmza.sk\\\/\"},{\"@type\":\"ListItem\",\"position\":2,\"name\":\"Svedok poslednej doby \u013eadovej\"}]},{\"@type\":\"WebSite\",\"@id\":\"https:\\\/\\\/pmza.sk\\\/#website\",\"url\":\"https:\\\/\\\/pmza.sk\\\/\",\"name\":\"Pova\u017esk\u00e9 m\u00fazeum\",\"description\":\"Pova\u017esk\u00e9 m\u00fazeum v \u017diline je region\u00e1lne m\u00fazeum so s\u00eddlom v Budat\u00edne. Jeho expoz\u00edcie s\u00fa zameran\u00e9 na dejiny slovensk\u00e9ho umenia, kult\u00fary a dopravy.\",\"publisher\":{\"@id\":\"https:\\\/\\\/pmza.sk\\\/#organization\"},\"potentialAction\":[{\"@type\":\"SearchAction\",\"target\":{\"@type\":\"EntryPoint\",\"urlTemplate\":\"https:\\\/\\\/pmza.sk\\\/?s={search_term_string}\"},\"query-input\":{\"@type\":\"PropertyValueSpecification\",\"valueRequired\":true,\"valueName\":\"search_term_string\"}}],\"inLanguage\":\"sk-SK\"},{\"@type\":\"Organization\",\"@id\":\"https:\\\/\\\/pmza.sk\\\/#organization\",\"name\":\"Pova\u017esk\u00e9 m\u00fazeum\",\"url\":\"https:\\\/\\\/pmza.sk\\\/\",\"logo\":{\"@type\":\"ImageObject\",\"inLanguage\":\"sk-SK\",\"@id\":\"https:\\\/\\\/pmza.sk\\\/#\\\/schema\\\/logo\\\/image\\\/\",\"url\":\"https:\\\/\\\/pmza.sk\\\/wp-content\\\/uploads\\\/2022\\\/01\\\/logo_PM_horizontal.jpg\",\"contentUrl\":\"https:\\\/\\\/pmza.sk\\\/wp-content\\\/uploads\\\/2022\\\/01\\\/logo_PM_horizontal.jpg\",\"width\":231,\"height\":142,\"caption\":\"Pova\u017esk\u00e9 m\u00fazeum\"},\"image\":{\"@id\":\"https:\\\/\\\/pmza.sk\\\/#\\\/schema\\\/logo\\\/image\\\/\"},\"sameAs\":[\"https:\\\/\\\/www.facebook.com\\\/povazskemuzeum\",\"https:\\\/\\\/www.instagram.com\\\/povazskemuzeum\\\/\"]},{\"@type\":\"Person\",\"@id\":\"https:\\\/\\\/pmza.sk\\\/#\\\/schema\\\/person\\\/595e6a2ce731ea94dcd5d7f50a41ae33\",\"name\":\"Pova\u017esk\u00e9 m\u00fazeum\",\"image\":{\"@type\":\"ImageObject\",\"inLanguage\":\"sk-SK\",\"@id\":\"https:\\\/\\\/secure.gravatar.com\\\/avatar\\\/2bb7f1561282132fb5826dfeccc66c7996d11ee392ac6aaf7ced8a1c2027fbb2?s=96&d=mm&r=g\",\"url\":\"https:\\\/\\\/secure.gravatar.com\\\/avatar\\\/2bb7f1561282132fb5826dfeccc66c7996d11ee392ac6aaf7ced8a1c2027fbb2?s=96&d=mm&r=g\",\"contentUrl\":\"https:\\\/\\\/secure.gravatar.com\\\/avatar\\\/2bb7f1561282132fb5826dfeccc66c7996d11ee392ac6aaf7ced8a1c2027fbb2?s=96&d=mm&r=g\",\"caption\":\"Pova\u017esk\u00e9 m\u00fazeum\"}}]}<\/script>\n<!-- \/ Yoast SEO plugin. -->","yoast_head_json":{"title":"Svedok poslednej doby \u013eadovej - Pova\u017esk\u00e9 m\u00fazeum","robots":{"index":"index","follow":"follow","max-snippet":"max-snippet:-1","max-image-preview":"max-image-preview:large","max-video-preview":"max-video-preview:-1"},"canonical":"https:\/\/pmza.sk\/?p=20443","og_locale":"sk_SK","og_type":"article","og_title":"Svedok poslednej doby \u013eadovej - Pova\u017esk\u00e9 m\u00fazeum","og_description":"Medzin\u00e1rodn\u00fd de\u0148 vt\u00e1ctva, ktor\u00fd pripad\u00e1 na 1. apr\u00edla, sa oslavuje u\u017e viac ako 100 rokov a\u00a0patr\u00ed k\u00a0 \u0161peci\u00e1lnym stredoeur\u00f3pskym sviatkom. Oslavy pr\u00edchodu jari, pr\u00edletu s\u0165ahovav\u00fdch vt\u00e1kov a preb\u00fadzaj\u00facej sa pr\u00edrody ustanovil v \u010dasoch Rak\u00fasko-Uhorska zn\u00e1my pr\u00edrodovedec poch\u00e1dzaj\u00faci zo Slovenska Oto Herman u\u017e v roku 1900. Pova\u017esk\u00e9 m\u00fazeum v\u00a0\u017diline pr\u00e1ve v\u00a0tento de\u0148 otvor\u00ed jedine\u010dn\u00fa v\u00fdstavu venovan\u00fa [&hellip;]","og_url":"https:\/\/pmza.sk\/?p=20443","og_site_name":"Pova\u017esk\u00e9 m\u00fazeum","article_publisher":"https:\/\/www.facebook.com\/povazskemuzeum","article_published_time":"2017-08-04T06:56:11+00:00","og_image":[{"width":2560,"height":1709,"url":"https:\/\/pmza.sk\/wp-content\/uploads\/2017\/03\/DSC_5249-scaled-1.jpg","type":"image\/jpeg"}],"author":"Pova\u017esk\u00e9 m\u00fazeum","twitter_card":"summary_large_image","twitter_misc":{"Autor":"Pova\u017esk\u00e9 m\u00fazeum","Predpokladan\u00fd \u010das \u010d\u00edtania":"1 min\u00fata"},"schema":{"@context":"https:\/\/schema.org","@graph":[{"@type":"Article","@id":"https:\/\/pmza.sk\/?p=20443#article","isPartOf":{"@id":"https:\/\/pmza.sk\/?p=20443"},"author":{"name":"Pova\u017esk\u00e9 m\u00fazeum","@id":"https:\/\/pmza.sk\/#\/schema\/person\/595e6a2ce731ea94dcd5d7f50a41ae33"},"headline":"Svedok poslednej doby \u013eadovej","datePublished":"2017-08-04T06:56:11+00:00","mainEntityOfPage":{"@id":"https:\/\/pmza.sk\/?p=20443"},"wordCount":306,"publisher":{"@id":"https:\/\/pmza.sk\/#organization"},"image":{"@id":"https:\/\/pmza.sk\/?p=20443#primaryimage"},"thumbnailUrl":"https:\/\/pmza.sk\/wp-content\/uploads\/2017\/03\/DSC_5249-scaled-1.jpg","articleSection":["Aktuality"],"inLanguage":"sk-SK"},{"@type":"WebPage","@id":"https:\/\/pmza.sk\/?p=20443","url":"https:\/\/pmza.sk\/?p=20443","name":"Svedok poslednej doby \u013eadovej - Pova\u017esk\u00e9 m\u00fazeum","isPartOf":{"@id":"https:\/\/pmza.sk\/#website"},"primaryImageOfPage":{"@id":"https:\/\/pmza.sk\/?p=20443#primaryimage"},"image":{"@id":"https:\/\/pmza.sk\/?p=20443#primaryimage"},"thumbnailUrl":"https:\/\/pmza.sk\/wp-content\/uploads\/2017\/03\/DSC_5249-scaled-1.jpg","datePublished":"2017-08-04T06:56:11+00:00","breadcrumb":{"@id":"https:\/\/pmza.sk\/?p=20443#breadcrumb"},"inLanguage":"sk-SK","potentialAction":[{"@type":"ReadAction","target":["https:\/\/pmza.sk\/?p=20443"]}]},{"@type":"ImageObject","inLanguage":"sk-SK","@id":"https:\/\/pmza.sk\/?p=20443#primaryimage","url":"https:\/\/pmza.sk\/wp-content\/uploads\/2017\/03\/DSC_5249-scaled-1.jpg","contentUrl":"https:\/\/pmza.sk\/wp-content\/uploads\/2017\/03\/DSC_5249-scaled-1.jpg","width":2560,"height":1709},{"@type":"BreadcrumbList","@id":"https:\/\/pmza.sk\/?p=20443#breadcrumb","itemListElement":[{"@type":"ListItem","position":1,"name":"Domovsk\u00e1 str\u00e1nka","item":"https:\/\/pmza.sk\/"},{"@type":"ListItem","position":2,"name":"Svedok poslednej doby \u013eadovej"}]},{"@type":"WebSite","@id":"https:\/\/pmza.sk\/#website","url":"https:\/\/pmza.sk\/","name":"Pova\u017esk\u00e9 m\u00fazeum","description":"Pova\u017esk\u00e9 m\u00fazeum v \u017diline je region\u00e1lne m\u00fazeum so s\u00eddlom v Budat\u00edne. Jeho expoz\u00edcie s\u00fa zameran\u00e9 na dejiny slovensk\u00e9ho umenia, kult\u00fary a dopravy.","publisher":{"@id":"https:\/\/pmza.sk\/#organization"},"potentialAction":[{"@type":"SearchAction","target":{"@type":"EntryPoint","urlTemplate":"https:\/\/pmza.sk\/?s={search_term_string}"},"query-input":{"@type":"PropertyValueSpecification","valueRequired":true,"valueName":"search_term_string"}}],"inLanguage":"sk-SK"},{"@type":"Organization","@id":"https:\/\/pmza.sk\/#organization","name":"Pova\u017esk\u00e9 m\u00fazeum","url":"https:\/\/pmza.sk\/","logo":{"@type":"ImageObject","inLanguage":"sk-SK","@id":"https:\/\/pmza.sk\/#\/schema\/logo\/image\/","url":"https:\/\/pmza.sk\/wp-content\/uploads\/2022\/01\/logo_PM_horizontal.jpg","contentUrl":"https:\/\/pmza.sk\/wp-content\/uploads\/2022\/01\/logo_PM_horizontal.jpg","width":231,"height":142,"caption":"Pova\u017esk\u00e9 m\u00fazeum"},"image":{"@id":"https:\/\/pmza.sk\/#\/schema\/logo\/image\/"},"sameAs":["https:\/\/www.facebook.com\/povazskemuzeum","https:\/\/www.instagram.com\/povazskemuzeum\/"]},{"@type":"Person","@id":"https:\/\/pmza.sk\/#\/schema\/person\/595e6a2ce731ea94dcd5d7f50a41ae33","name":"Pova\u017esk\u00e9 m\u00fazeum","image":{"@type":"ImageObject","inLanguage":"sk-SK","@id":"https:\/\/secure.gravatar.com\/avatar\/2bb7f1561282132fb5826dfeccc66c7996d11ee392ac6aaf7ced8a1c2027fbb2?s=96&d=mm&r=g","url":"https:\/\/secure.gravatar.com\/avatar\/2bb7f1561282132fb5826dfeccc66c7996d11ee392ac6aaf7ced8a1c2027fbb2?s=96&d=mm&r=g","contentUrl":"https:\/\/secure.gravatar.com\/avatar\/2bb7f1561282132fb5826dfeccc66c7996d11ee392ac6aaf7ced8a1c2027fbb2?s=96&d=mm&r=g","caption":"Pova\u017esk\u00e9 m\u00fazeum"}}]}},"_links":{"self":[{"href":"https:\/\/pmza.sk\/index.php?rest_route=\/wp\/v2\/posts\/20443","targetHints":{"allow":["GET"]}}],"collection":[{"href":"https:\/\/pmza.sk\/index.php?rest_route=\/wp\/v2\/posts"}],"about":[{"href":"https:\/\/pmza.sk\/index.php?rest_route=\/wp\/v2\/types\/post"}],"author":[{"embeddable":true,"href":"https:\/\/pmza.sk\/index.php?rest_route=\/wp\/v2\/users\/2"}],"replies":[{"embeddable":true,"href":"https:\/\/pmza.sk\/index.php?rest_route=%2Fwp%2Fv2%2Fcomments&post=20443"}],"version-history":[{"count":0,"href":"https:\/\/pmza.sk\/index.php?rest_route=\/wp\/v2\/posts\/20443\/revisions"}],"wp:featuredmedia":[{"embeddable":true,"href":"https:\/\/pmza.sk\/index.php?rest_route=\/wp\/v2\/media\/20440"}],"wp:attachment":[{"href":"https:\/\/pmza.sk\/index.php?rest_route=%2Fwp%2Fv2%2Fmedia&parent=20443"}],"wp:term":[{"taxonomy":"category","embeddable":true,"href":"https:\/\/pmza.sk\/index.php?rest_route=%2Fwp%2Fv2%2Fcategories&post=20443"},{"taxonomy":"post_tag","embeddable":true,"href":"https:\/\/pmza.sk\/index.php?rest_route=%2Fwp%2Fv2%2Ftags&post=20443"}],"curies":[{"name":"wp","href":"https:\/\/api.w.org\/{rel}","templated":true}]}}