{"id":20447,"date":"2017-03-20T09:37:25","date_gmt":"2017-03-20T08:37:25","guid":{"rendered":"https:\/\/pmza.sk.sk\/?p=20447"},"modified":"2017-03-20T09:37:25","modified_gmt":"2017-03-20T08:37:25","slug":"hlasujte-za-knihu-horneho-povazia","status":"publish","type":"post","link":"https:\/\/pmza.sk\/?p=20447","title":{"rendered":"Hlasujte za Knihu Horn\u00e9ho Pova\u017eia"},"content":{"rendered":"<p>Pova\u017esk\u00e9 m\u00fazeum v \u017diline sa aj tento rok zapojilo do s\u00fa\u0165a\u017ee vyhlasovanej Krajskou kni\u017enicou v \u017diline &#8211; Kniha Horn\u00e9ho Pova\u017eia. Za rok 2016 sme nominovali tieto publik\u00e1cie:<\/p>\n<p><strong>Budat\u00ednsky hrad<\/strong><\/p>\n<p><a href=\"https:\/\/pmza.sk.sk\/wp-content\/uploads\/2017\/03\/^6568AF8047CB4038C30103C632E82524ECF47618B571065B1B^pimgpsh_fullsize_distr.jpg\"><img decoding=\"async\" class=\"alignleft size-thumbnail wp-image-20449\" src=\"https:\/\/pmza.sk.sk\/wp-content\/uploads\/2017\/03\/^6568AF8047CB4038C30103C632E82524ECF47618B571065B1B^pimgpsh_fullsize_distr-150x150.jpg\" alt=\"\" width=\"150\" height=\"150\" \/><\/a>zostavil: Mgr. Michal Jureck\u00fd<br \/>grafick\u00fd dizajn: Milo Fabian<br \/>Autori fotografi\u00ed: Michal Pi\u0161n\u00fd, Anna Kuchar\u010d\u00edkov\u00e1<br \/>Vydalo Pova\u017esk\u00e9 m\u00fazeum v \u017diline, 2016<br \/>68 str\u00e1n, farebn\u00e9 fotografie, slovensk\u00e9 a anglick\u00e9 texty<\/p>\n<p>Katal\u00f3g. Prevedie n\u00e1v\u0161tevn\u00edka expoz\u00edciou v Budat\u00ednskom hrade (drot\u00e1rstvo, dejiny \u017diliny, historick\u00fd n\u00e1bytok, historick\u00e9 mapy, obrazy a hodiny), ako aj cel\u00fdm are\u00e1lom s parkom a kaplnkou.\u00a0V \u00favode nech\u00fdba stru\u010dn\u00e1 hist\u00f3ria hradu, gro publik\u00e1cie s\u00fa v\u0161ak kvalitn\u00e9 fotografick\u00e9 z\u00e1bery zachyt\u00e1vaj\u00face\u00a0interi\u00e9r a exteri\u00e9r hradu, ako aj detailn\u00e9 z\u00e1bery na vystaven\u00e9 expon\u00e1ty.<\/p>\n<p>&nbsp;<\/p>\n<p><strong>Po ko\u013eajniciach do Rajca<\/strong><\/p>\n<p><a href=\"https:\/\/pmza.sk\/wp-content\/uploads\/2017\/03\/Po-kolajniciach-do-Rajca.jpg\"><img decoding=\"async\" class=\"alignleft  wp-image-20451\" src=\"https:\/\/pmza.sk.sk\/wp-content\/uploads\/2017\/03\/Po-ko\u013eajniciach-do-Rajca-105x150.jpg\" alt=\"\" width=\"129\" height=\"184\" \/><\/a>zostavil: Mgr. Peter \u0160imko, PhD.<br \/>Vydalo Pova\u017esk\u00e9 m\u00fazeum v\u00a0\u017diline, \u017dilina 2016,<br \/> 84 str\u00e1n, farebn\u00e9 a\u00a0\u010dieno-biele fotografie, anglick\u00e9 resum\u00e9.<br \/>Autori textu: Peter \u0160imko, Du\u0161an Lichner<br \/>Spolupr\u00e1ca: Petr Hoffman, Ond\u0159ej \u0158epka, Lum\u00edr Kunc, Jozef Feiler, Jozef Remenec, Mari\u00e1n Ziman a \u010fal\u0161\u00ed<\/p>\n<p>Odborn\u00e1 publik\u00e1cia pln\u00ed jednak funkciu odbornej monografie, popisuje v\u00fdvoj \u017eelezenice \u017dilina \u2013 Rajec od jej postavenia v roku 1899 po s\u00fa\u010dasnos\u0165, a jednak je sprievodcom pre n\u00e1v\u0161tevn\u00edkov Rajeckej doliny, ktor\u00ed vyu\u017eij\u00fa vl\u00e1\u010dik na cestu za jej kr\u00e1sami. Odborn\u00e1 i populariza\u010dn\u00e1 \u010das\u0165 s\u00fa doplnen\u00e9 o mno\u017estvo cenn\u00fdch historick\u00fdch i s\u00fa\u010dasn\u00fdch fotografi\u00ed.<\/p>\n<p>Ako je mo\u017en\u00e9, \u017ee v priebehu necel\u00e9ho roka sa podarilo postavi\u0165 cel\u00fa miestnu \u017eeleznicu? Ako vyzerali stanice po jej postaven\u00ed? Ak\u00e9 typy \u017eelezni\u010dn\u00fdch vozidiel jazdili na trati? Ak\u00e9 pracovn\u00e9 poz\u00edcie zabezpe\u010dovali prev\u00e1dzku? Ak\u00e9 pamiatky m\u00f4\u017eete nav\u0161t\u00edvi\u0165 v okol\u00ed a s\u00fa dostupn\u00e9 po \u017eeleznici? Toto a mnoho \u010fal\u0161ieho sa dozviete v publik\u00e1cii.<\/p>\n<p>Vydanie publik\u00e1cie \u00a0podporili \u017dilinsk\u00fd samospr\u00e1vny kraj \u2013 Pova\u017esk\u00e9 m\u00fazeum v \u017diline, Mesto \u017dilina, spolo\u010dnosti Logisped a Cement\u00e1re\u0148 Lietavsk\u00e1 L\u00fa\u010dka.<\/p>\n<p><strong>\u00a0<\/strong><\/p>\n<p><strong>Uhorsk\u00fd palat\u00edn Juraj Turzo \u2013 renesan\u010dn\u00fd \u010dlovek<\/strong><\/p>\n<p><a href=\"https:\/\/pmza.sk.sk\/wp-content\/uploads\/2017\/03\/^E8F025DB7B15EB61EA075740687A0B52B83ADADC4544FB835F^pimgpsh_fullsize_distr.jpg\"><img decoding=\"async\" class=\"alignleft size-thumbnail wp-image-20450\" src=\"https:\/\/pmza.sk.sk\/wp-content\/uploads\/2017\/03\/^E8F025DB7B15EB61EA075740687A0B52B83ADADC4544FB835F^pimgpsh_fullsize_distr-150x150.jpg\" alt=\"\" width=\"150\" height=\"150\" \/><\/a>zostavil: Michal Jureck\u00fd<br \/> Vydalo Pova\u017esk\u00e9 m\u00fazeum v\u00a0\u017diline, \u017dilina 2016, <br \/> 54 str\u00e1n, farebn\u00e9 a\u00a0\u010dieno-biele fotografie, anglick\u00e9 resum\u00e9<br \/>obrazovo-textov\u00e1 bro\u017e\u00fara \u00a0<\/p>\n<p>Publik\u00e1cia v sebe sp\u00e1ja funkciu sprievodcu k expoz\u00edcii venovanej Jurajovi Turzovi v Sob\u00e1\u0161nom pal\u00e1ci v Byt\u010di, funkciu obrazovej publik\u00e1cie o Jurajovi Turzovi a s n\u00edm sp\u00e4t\u00fdch s\u00eddel, obrazov a dokumentov a funkciu textov\u00e9ho v\u00fdstupu zo semin\u00e1ra na t\u00e9mu Juraj Turzo, ktor\u00fd sa uskuto\u010dnil\u00a027. okt\u00f3bra 2016 \u00a0v\u00a0priestoroch Sob\u00e1\u0161neho pal\u00e1ca v\u00a0Byt\u010di.<\/p>\n<p>Juraj Turzo v\u00a0sebe sp\u00e1ja \u0161\u013eachtica, politika, vojvodcu, stavite\u013ea, vzdelanca i\u00a0umelca. Na semin\u00e1ri vyst\u00fapili Michal Jureck\u00fd, historik Pova\u017esk\u00e9ho m\u00fazea v\u00a0\u017diline, Jana Kuruc\u00e1rov\u00e1, riadite\u013eka \u0160t\u00e1tneho arch\u00edvu v\u00a0\u017diline so s\u00eddlom v\u00a0Byt\u010di, ktor\u00e1 sa dlhodobo venuje osobnosti Juraja Turza a\u00a0Oravsk\u00e9mu komposesor\u00e1tu a\u00a0\u013dubom\u00edr Chobot, v\u00fdkonn\u00fd riadite\u013e Zdru\u017eenia za z\u00e1chranu Lietavsk\u00e9ho hradu, <a href=\"https:\/\/pmza.sk.sk\/wp-content\/uploads\/2016\/09\/SDM-_-FPU_logo1_modre.jpg\"><img loading=\"lazy\" decoding=\"async\" class=\"wp-image-17625 alignright\" src=\"https:\/\/pmza.sk.sk\/wp-content\/uploads\/2016\/09\/SDM-_-FPU_logo1_modre-150x150.jpg\" alt=\"\" width=\"100\" height=\"100\" \/><\/a>jedn\u00e9ho z\u00a0hlavn\u00fdch s\u00eddel Turzovcov. Semin\u00e1r priniesol \u010fal\u0161\u00ed poh\u013ead na osobnos\u0165 Juraja Turza. Pr\u00edspevky z\u00a0tohto semin\u00e1ra s\u00fa hlavnou textovou \u010das\u0165ou publik\u00e1cie. Projekt Uhorsk\u00fd palat\u00edn Juraj Turzo \u2013 renesan\u010dn\u00fd \u010dlovek je podporen\u00fd z\u00a0verejn\u00fdch zdrojov poskytnut\u00fdch Fondom na podporu umenia a\u00a0spolufinancovan\u00fd s\u00a0podporou \u017dilinsk\u00e9ho samospr\u00e1vneho kraja.<\/p>\n<p>&nbsp;<\/p>\n<p>V\u00e1\u0161 hlas odovzd\u00e1te vyplnen\u00edm hlasovacieho l\u00edstka <a href=\"http:\/\/www.krajskakniznicazilina.sk\/downloads\/hlas2016.doc\" target=\"_blank\" rel=\"nofollow noopener\">http:\/\/www.krajskakniznicazilina.sk\/downloads\/hlas2016.doc<\/a> a jeho zaslan\u00edm na mailov\u00fa adresu knihahornehopovazia@gmail.com. \u010eakujeme za ka\u017ed\u00fd hlas. Hlasovanie je mo\u017en\u00e9 do 7. apr\u00edla 2017. Vyhl\u00e1senie v\u00fdsledkov s\u00fa\u0165a\u017ee bude 24. apr\u00edla 2017. Podmienky s\u00fa\u0165a\u017ee: <a href=\"http:\/\/www.krajskakniznicazilina.sk\/downloads\/khp2017pravidla.pdf\" target=\"_blank\" rel=\"nofollow noopener\">http:\/\/www.krajskakniznicazilina.sk\/dow\u2026\/khp2017pravidla.pdf<\/a><\/p>\n<p>&nbsp;<\/p>\n","protected":false},"excerpt":{"rendered":"<p>Pova\u017esk\u00e9 m\u00fazeum v \u017diline sa aj tento rok zapojilo do s\u00fa\u0165a\u017ee vyhlasovanej Krajskou kni\u017enicou v \u017diline &#8211; Kniha Horn\u00e9ho Pova\u017eia. Za rok 2016 sme nominovali tieto publik\u00e1cie: Budat\u00ednsky hrad zostavil: Mgr. Michal Jureck\u00fdgrafick\u00fd dizajn: Milo FabianAutori fotografi\u00ed: Michal Pi\u0161n\u00fd, Anna Kuchar\u010d\u00edkov\u00e1Vydalo Pova\u017esk\u00e9 m\u00fazeum v \u017diline, 201668 str\u00e1n, farebn\u00e9 fotografie, slovensk\u00e9 a anglick\u00e9 texty Katal\u00f3g. Prevedie [&hellip;]<\/p>\n","protected":false},"author":2,"featured_media":20449,"comment_status":"closed","ping_status":"closed","sticky":false,"template":"","format":"standard","meta":{"site-sidebar-layout":"default","site-content-layout":"","ast-site-content-layout":"","site-content-style":"default","site-sidebar-style":"default","ast-global-header-display":"","ast-banner-title-visibility":"","ast-main-header-display":"","ast-hfb-above-header-display":"","ast-hfb-below-header-display":"","ast-hfb-mobile-header-display":"","site-post-title":"","ast-breadcrumbs-content":"","ast-featured-img":"","footer-sml-layout":"","theme-transparent-header-meta":"","adv-header-id-meta":"","stick-header-meta":"","header-above-stick-meta":"","header-main-stick-meta":"","header-below-stick-meta":"","astra-migrate-meta-layouts":"default","ast-page-background-enabled":"default","ast-page-background-meta":{"desktop":{"background-color":"var(--ast-global-color-4)","background-image":"","background-repeat":"repeat","background-position":"center center","background-size":"auto","background-attachment":"scroll","background-type":"","background-media":"","overlay-type":"","overlay-color":"","overlay-opacity":"","overlay-gradient":""},"tablet":{"background-color":"","background-image":"","background-repeat":"repeat","background-position":"center center","background-size":"auto","background-attachment":"scroll","background-type":"","background-media":"","overlay-type":"","overlay-color":"","overlay-opacity":"","overlay-gradient":""},"mobile":{"background-color":"","background-image":"","background-repeat":"repeat","background-position":"center center","background-size":"auto","background-attachment":"scroll","background-type":"","background-media":"","overlay-type":"","overlay-color":"","overlay-opacity":"","overlay-gradient":""}},"ast-content-background-meta":{"desktop":{"background-color":"var(--ast-global-color-5)","background-image":"","background-repeat":"repeat","background-position":"center center","background-size":"auto","background-attachment":"scroll","background-type":"","background-media":"","overlay-type":"","overlay-color":"","overlay-opacity":"","overlay-gradient":""},"tablet":{"background-color":"var(--ast-global-color-5)","background-image":"","background-repeat":"repeat","background-position":"center center","background-size":"auto","background-attachment":"scroll","background-type":"","background-media":"","overlay-type":"","overlay-color":"","overlay-opacity":"","overlay-gradient":""},"mobile":{"background-color":"var(--ast-global-color-5)","background-image":"","background-repeat":"repeat","background-position":"center center","background-size":"auto","background-attachment":"scroll","background-type":"","background-media":"","overlay-type":"","overlay-color":"","overlay-opacity":"","overlay-gradient":""}},"footnotes":""},"categories":[31],"tags":[],"class_list":["post-20447","post","type-post","status-publish","format-standard","has-post-thumbnail","hentry","category-aktuality"],"yoast_head":"<!-- This site is optimized with the Yoast SEO plugin v27.4 - https:\/\/yoast.com\/product\/yoast-seo-wordpress\/ -->\n<title>Hlasujte za Knihu Horn\u00e9ho Pova\u017eia - Pova\u017esk\u00e9 m\u00fazeum<\/title>\n<meta name=\"robots\" content=\"index, follow, max-snippet:-1, max-image-preview:large, max-video-preview:-1\" \/>\n<link rel=\"canonical\" href=\"https:\/\/pmza.sk\/?p=20447\" \/>\n<meta property=\"og:locale\" content=\"sk_SK\" \/>\n<meta property=\"og:type\" content=\"article\" \/>\n<meta property=\"og:title\" content=\"Hlasujte za Knihu Horn\u00e9ho Pova\u017eia - Pova\u017esk\u00e9 m\u00fazeum\" \/>\n<meta property=\"og:description\" content=\"Pova\u017esk\u00e9 m\u00fazeum v \u017diline sa aj tento rok zapojilo do s\u00fa\u0165a\u017ee vyhlasovanej Krajskou kni\u017enicou v \u017diline &#8211; Kniha Horn\u00e9ho Pova\u017eia. Za rok 2016 sme nominovali tieto publik\u00e1cie: Budat\u00ednsky hrad zostavil: Mgr. Michal Jureck\u00fdgrafick\u00fd dizajn: Milo FabianAutori fotografi\u00ed: Michal Pi\u0161n\u00fd, Anna Kuchar\u010d\u00edkov\u00e1Vydalo Pova\u017esk\u00e9 m\u00fazeum v \u017diline, 201668 str\u00e1n, farebn\u00e9 fotografie, slovensk\u00e9 a anglick\u00e9 texty Katal\u00f3g. Prevedie [&hellip;]\" \/>\n<meta property=\"og:url\" content=\"https:\/\/pmza.sk\/?p=20447\" \/>\n<meta property=\"og:site_name\" content=\"Pova\u017esk\u00e9 m\u00fazeum\" \/>\n<meta property=\"article:publisher\" content=\"https:\/\/www.facebook.com\/povazskemuzeum\" \/>\n<meta property=\"article:published_time\" content=\"2017-03-20T08:37:25+00:00\" \/>\n<meta property=\"og:image\" content=\"https:\/\/pmza.sk\/wp-content\/uploads\/2017\/03\/6568AF8047CB4038C30103C632E82524ECF47618B571065B1Bpimgpsh_fullsize_distr.jpg\" \/>\n\t<meta property=\"og:image:width\" content=\"2480\" \/>\n\t<meta property=\"og:image:height\" content=\"2480\" \/>\n\t<meta property=\"og:image:type\" content=\"image\/jpeg\" \/>\n<meta name=\"author\" content=\"Pova\u017esk\u00e9 m\u00fazeum\" \/>\n<meta name=\"twitter:card\" content=\"summary_large_image\" \/>\n<meta name=\"twitter:label1\" content=\"Autor\" \/>\n\t<meta name=\"twitter:data1\" content=\"Pova\u017esk\u00e9 m\u00fazeum\" \/>\n\t<meta name=\"twitter:label2\" content=\"Predpokladan\u00fd \u010das \u010d\u00edtania\" \/>\n\t<meta name=\"twitter:data2\" content=\"3 min\u00faty\" \/>\n<script type=\"application\/ld+json\" class=\"yoast-schema-graph\">{\"@context\":\"https:\\\/\\\/schema.org\",\"@graph\":[{\"@type\":\"Article\",\"@id\":\"https:\\\/\\\/pmza.sk\\\/?p=20447#article\",\"isPartOf\":{\"@id\":\"https:\\\/\\\/pmza.sk\\\/?p=20447\"},\"author\":{\"name\":\"Pova\u017esk\u00e9 m\u00fazeum\",\"@id\":\"https:\\\/\\\/pmza.sk\\\/#\\\/schema\\\/person\\\/595e6a2ce731ea94dcd5d7f50a41ae33\"},\"headline\":\"Hlasujte za Knihu Horn\u00e9ho Pova\u017eia\",\"datePublished\":\"2017-03-20T08:37:25+00:00\",\"mainEntityOfPage\":{\"@id\":\"https:\\\/\\\/pmza.sk\\\/?p=20447\"},\"wordCount\":645,\"publisher\":{\"@id\":\"https:\\\/\\\/pmza.sk\\\/#organization\"},\"image\":{\"@id\":\"https:\\\/\\\/pmza.sk\\\/?p=20447#primaryimage\"},\"thumbnailUrl\":\"https:\\\/\\\/pmza.sk\\\/wp-content\\\/uploads\\\/2017\\\/03\\\/^6568AF8047CB4038C30103C632E82524ECF47618B571065B1B^pimgpsh_fullsize_distr.jpg\",\"articleSection\":[\"Aktuality\"],\"inLanguage\":\"sk-SK\"},{\"@type\":\"WebPage\",\"@id\":\"https:\\\/\\\/pmza.sk\\\/?p=20447\",\"url\":\"https:\\\/\\\/pmza.sk\\\/?p=20447\",\"name\":\"Hlasujte za Knihu Horn\u00e9ho Pova\u017eia - Pova\u017esk\u00e9 m\u00fazeum\",\"isPartOf\":{\"@id\":\"https:\\\/\\\/pmza.sk\\\/#website\"},\"primaryImageOfPage\":{\"@id\":\"https:\\\/\\\/pmza.sk\\\/?p=20447#primaryimage\"},\"image\":{\"@id\":\"https:\\\/\\\/pmza.sk\\\/?p=20447#primaryimage\"},\"thumbnailUrl\":\"https:\\\/\\\/pmza.sk\\\/wp-content\\\/uploads\\\/2017\\\/03\\\/^6568AF8047CB4038C30103C632E82524ECF47618B571065B1B^pimgpsh_fullsize_distr.jpg\",\"datePublished\":\"2017-03-20T08:37:25+00:00\",\"breadcrumb\":{\"@id\":\"https:\\\/\\\/pmza.sk\\\/?p=20447#breadcrumb\"},\"inLanguage\":\"sk-SK\",\"potentialAction\":[{\"@type\":\"ReadAction\",\"target\":[\"https:\\\/\\\/pmza.sk\\\/?p=20447\"]}]},{\"@type\":\"ImageObject\",\"inLanguage\":\"sk-SK\",\"@id\":\"https:\\\/\\\/pmza.sk\\\/?p=20447#primaryimage\",\"url\":\"https:\\\/\\\/pmza.sk\\\/wp-content\\\/uploads\\\/2017\\\/03\\\/^6568AF8047CB4038C30103C632E82524ECF47618B571065B1B^pimgpsh_fullsize_distr.jpg\",\"contentUrl\":\"https:\\\/\\\/pmza.sk\\\/wp-content\\\/uploads\\\/2017\\\/03\\\/^6568AF8047CB4038C30103C632E82524ECF47618B571065B1B^pimgpsh_fullsize_distr.jpg\",\"width\":2480,\"height\":2480},{\"@type\":\"BreadcrumbList\",\"@id\":\"https:\\\/\\\/pmza.sk\\\/?p=20447#breadcrumb\",\"itemListElement\":[{\"@type\":\"ListItem\",\"position\":1,\"name\":\"Domovsk\u00e1 str\u00e1nka\",\"item\":\"https:\\\/\\\/pmza.sk\\\/\"},{\"@type\":\"ListItem\",\"position\":2,\"name\":\"Hlasujte za Knihu Horn\u00e9ho Pova\u017eia\"}]},{\"@type\":\"WebSite\",\"@id\":\"https:\\\/\\\/pmza.sk\\\/#website\",\"url\":\"https:\\\/\\\/pmza.sk\\\/\",\"name\":\"Pova\u017esk\u00e9 m\u00fazeum\",\"description\":\"Pova\u017esk\u00e9 m\u00fazeum v \u017diline je region\u00e1lne m\u00fazeum so s\u00eddlom v Budat\u00edne. Jeho expoz\u00edcie s\u00fa zameran\u00e9 na dejiny slovensk\u00e9ho umenia, kult\u00fary a dopravy.\",\"publisher\":{\"@id\":\"https:\\\/\\\/pmza.sk\\\/#organization\"},\"potentialAction\":[{\"@type\":\"SearchAction\",\"target\":{\"@type\":\"EntryPoint\",\"urlTemplate\":\"https:\\\/\\\/pmza.sk\\\/?s={search_term_string}\"},\"query-input\":{\"@type\":\"PropertyValueSpecification\",\"valueRequired\":true,\"valueName\":\"search_term_string\"}}],\"inLanguage\":\"sk-SK\"},{\"@type\":\"Organization\",\"@id\":\"https:\\\/\\\/pmza.sk\\\/#organization\",\"name\":\"Pova\u017esk\u00e9 m\u00fazeum\",\"url\":\"https:\\\/\\\/pmza.sk\\\/\",\"logo\":{\"@type\":\"ImageObject\",\"inLanguage\":\"sk-SK\",\"@id\":\"https:\\\/\\\/pmza.sk\\\/#\\\/schema\\\/logo\\\/image\\\/\",\"url\":\"https:\\\/\\\/pmza.sk\\\/wp-content\\\/uploads\\\/2022\\\/01\\\/logo_PM_horizontal.jpg\",\"contentUrl\":\"https:\\\/\\\/pmza.sk\\\/wp-content\\\/uploads\\\/2022\\\/01\\\/logo_PM_horizontal.jpg\",\"width\":231,\"height\":142,\"caption\":\"Pova\u017esk\u00e9 m\u00fazeum\"},\"image\":{\"@id\":\"https:\\\/\\\/pmza.sk\\\/#\\\/schema\\\/logo\\\/image\\\/\"},\"sameAs\":[\"https:\\\/\\\/www.facebook.com\\\/povazskemuzeum\",\"https:\\\/\\\/www.instagram.com\\\/povazskemuzeum\\\/\"]},{\"@type\":\"Person\",\"@id\":\"https:\\\/\\\/pmza.sk\\\/#\\\/schema\\\/person\\\/595e6a2ce731ea94dcd5d7f50a41ae33\",\"name\":\"Pova\u017esk\u00e9 m\u00fazeum\",\"image\":{\"@type\":\"ImageObject\",\"inLanguage\":\"sk-SK\",\"@id\":\"https:\\\/\\\/secure.gravatar.com\\\/avatar\\\/2bb7f1561282132fb5826dfeccc66c7996d11ee392ac6aaf7ced8a1c2027fbb2?s=96&d=mm&r=g\",\"url\":\"https:\\\/\\\/secure.gravatar.com\\\/avatar\\\/2bb7f1561282132fb5826dfeccc66c7996d11ee392ac6aaf7ced8a1c2027fbb2?s=96&d=mm&r=g\",\"contentUrl\":\"https:\\\/\\\/secure.gravatar.com\\\/avatar\\\/2bb7f1561282132fb5826dfeccc66c7996d11ee392ac6aaf7ced8a1c2027fbb2?s=96&d=mm&r=g\",\"caption\":\"Pova\u017esk\u00e9 m\u00fazeum\"}}]}<\/script>\n<!-- \/ Yoast SEO plugin. -->","yoast_head_json":{"title":"Hlasujte za Knihu Horn\u00e9ho Pova\u017eia - Pova\u017esk\u00e9 m\u00fazeum","robots":{"index":"index","follow":"follow","max-snippet":"max-snippet:-1","max-image-preview":"max-image-preview:large","max-video-preview":"max-video-preview:-1"},"canonical":"https:\/\/pmza.sk\/?p=20447","og_locale":"sk_SK","og_type":"article","og_title":"Hlasujte za Knihu Horn\u00e9ho Pova\u017eia - Pova\u017esk\u00e9 m\u00fazeum","og_description":"Pova\u017esk\u00e9 m\u00fazeum v \u017diline sa aj tento rok zapojilo do s\u00fa\u0165a\u017ee vyhlasovanej Krajskou kni\u017enicou v \u017diline &#8211; Kniha Horn\u00e9ho Pova\u017eia. Za rok 2016 sme nominovali tieto publik\u00e1cie: Budat\u00ednsky hrad zostavil: Mgr. Michal Jureck\u00fdgrafick\u00fd dizajn: Milo FabianAutori fotografi\u00ed: Michal Pi\u0161n\u00fd, Anna Kuchar\u010d\u00edkov\u00e1Vydalo Pova\u017esk\u00e9 m\u00fazeum v \u017diline, 201668 str\u00e1n, farebn\u00e9 fotografie, slovensk\u00e9 a anglick\u00e9 texty Katal\u00f3g. Prevedie [&hellip;]","og_url":"https:\/\/pmza.sk\/?p=20447","og_site_name":"Pova\u017esk\u00e9 m\u00fazeum","article_publisher":"https:\/\/www.facebook.com\/povazskemuzeum","article_published_time":"2017-03-20T08:37:25+00:00","og_image":[{"width":2480,"height":2480,"url":"https:\/\/pmza.sk\/wp-content\/uploads\/2017\/03\/^6568AF8047CB4038C30103C632E82524ECF47618B571065B1B^pimgpsh_fullsize_distr.jpg","type":"image\/jpeg"}],"author":"Pova\u017esk\u00e9 m\u00fazeum","twitter_card":"summary_large_image","twitter_misc":{"Autor":"Pova\u017esk\u00e9 m\u00fazeum","Predpokladan\u00fd \u010das \u010d\u00edtania":"3 min\u00faty"},"schema":{"@context":"https:\/\/schema.org","@graph":[{"@type":"Article","@id":"https:\/\/pmza.sk\/?p=20447#article","isPartOf":{"@id":"https:\/\/pmza.sk\/?p=20447"},"author":{"name":"Pova\u017esk\u00e9 m\u00fazeum","@id":"https:\/\/pmza.sk\/#\/schema\/person\/595e6a2ce731ea94dcd5d7f50a41ae33"},"headline":"Hlasujte za Knihu Horn\u00e9ho Pova\u017eia","datePublished":"2017-03-20T08:37:25+00:00","mainEntityOfPage":{"@id":"https:\/\/pmza.sk\/?p=20447"},"wordCount":645,"publisher":{"@id":"https:\/\/pmza.sk\/#organization"},"image":{"@id":"https:\/\/pmza.sk\/?p=20447#primaryimage"},"thumbnailUrl":"https:\/\/pmza.sk\/wp-content\/uploads\/2017\/03\/^6568AF8047CB4038C30103C632E82524ECF47618B571065B1B^pimgpsh_fullsize_distr.jpg","articleSection":["Aktuality"],"inLanguage":"sk-SK"},{"@type":"WebPage","@id":"https:\/\/pmza.sk\/?p=20447","url":"https:\/\/pmza.sk\/?p=20447","name":"Hlasujte za Knihu Horn\u00e9ho Pova\u017eia - Pova\u017esk\u00e9 m\u00fazeum","isPartOf":{"@id":"https:\/\/pmza.sk\/#website"},"primaryImageOfPage":{"@id":"https:\/\/pmza.sk\/?p=20447#primaryimage"},"image":{"@id":"https:\/\/pmza.sk\/?p=20447#primaryimage"},"thumbnailUrl":"https:\/\/pmza.sk\/wp-content\/uploads\/2017\/03\/^6568AF8047CB4038C30103C632E82524ECF47618B571065B1B^pimgpsh_fullsize_distr.jpg","datePublished":"2017-03-20T08:37:25+00:00","breadcrumb":{"@id":"https:\/\/pmza.sk\/?p=20447#breadcrumb"},"inLanguage":"sk-SK","potentialAction":[{"@type":"ReadAction","target":["https:\/\/pmza.sk\/?p=20447"]}]},{"@type":"ImageObject","inLanguage":"sk-SK","@id":"https:\/\/pmza.sk\/?p=20447#primaryimage","url":"https:\/\/pmza.sk\/wp-content\/uploads\/2017\/03\/^6568AF8047CB4038C30103C632E82524ECF47618B571065B1B^pimgpsh_fullsize_distr.jpg","contentUrl":"https:\/\/pmza.sk\/wp-content\/uploads\/2017\/03\/^6568AF8047CB4038C30103C632E82524ECF47618B571065B1B^pimgpsh_fullsize_distr.jpg","width":2480,"height":2480},{"@type":"BreadcrumbList","@id":"https:\/\/pmza.sk\/?p=20447#breadcrumb","itemListElement":[{"@type":"ListItem","position":1,"name":"Domovsk\u00e1 str\u00e1nka","item":"https:\/\/pmza.sk\/"},{"@type":"ListItem","position":2,"name":"Hlasujte za Knihu Horn\u00e9ho Pova\u017eia"}]},{"@type":"WebSite","@id":"https:\/\/pmza.sk\/#website","url":"https:\/\/pmza.sk\/","name":"Pova\u017esk\u00e9 m\u00fazeum","description":"Pova\u017esk\u00e9 m\u00fazeum v \u017diline je region\u00e1lne m\u00fazeum so s\u00eddlom v Budat\u00edne. Jeho expoz\u00edcie s\u00fa zameran\u00e9 na dejiny slovensk\u00e9ho umenia, kult\u00fary a dopravy.","publisher":{"@id":"https:\/\/pmza.sk\/#organization"},"potentialAction":[{"@type":"SearchAction","target":{"@type":"EntryPoint","urlTemplate":"https:\/\/pmza.sk\/?s={search_term_string}"},"query-input":{"@type":"PropertyValueSpecification","valueRequired":true,"valueName":"search_term_string"}}],"inLanguage":"sk-SK"},{"@type":"Organization","@id":"https:\/\/pmza.sk\/#organization","name":"Pova\u017esk\u00e9 m\u00fazeum","url":"https:\/\/pmza.sk\/","logo":{"@type":"ImageObject","inLanguage":"sk-SK","@id":"https:\/\/pmza.sk\/#\/schema\/logo\/image\/","url":"https:\/\/pmza.sk\/wp-content\/uploads\/2022\/01\/logo_PM_horizontal.jpg","contentUrl":"https:\/\/pmza.sk\/wp-content\/uploads\/2022\/01\/logo_PM_horizontal.jpg","width":231,"height":142,"caption":"Pova\u017esk\u00e9 m\u00fazeum"},"image":{"@id":"https:\/\/pmza.sk\/#\/schema\/logo\/image\/"},"sameAs":["https:\/\/www.facebook.com\/povazskemuzeum","https:\/\/www.instagram.com\/povazskemuzeum\/"]},{"@type":"Person","@id":"https:\/\/pmza.sk\/#\/schema\/person\/595e6a2ce731ea94dcd5d7f50a41ae33","name":"Pova\u017esk\u00e9 m\u00fazeum","image":{"@type":"ImageObject","inLanguage":"sk-SK","@id":"https:\/\/secure.gravatar.com\/avatar\/2bb7f1561282132fb5826dfeccc66c7996d11ee392ac6aaf7ced8a1c2027fbb2?s=96&d=mm&r=g","url":"https:\/\/secure.gravatar.com\/avatar\/2bb7f1561282132fb5826dfeccc66c7996d11ee392ac6aaf7ced8a1c2027fbb2?s=96&d=mm&r=g","contentUrl":"https:\/\/secure.gravatar.com\/avatar\/2bb7f1561282132fb5826dfeccc66c7996d11ee392ac6aaf7ced8a1c2027fbb2?s=96&d=mm&r=g","caption":"Pova\u017esk\u00e9 m\u00fazeum"}}]}},"_links":{"self":[{"href":"https:\/\/pmza.sk\/index.php?rest_route=\/wp\/v2\/posts\/20447","targetHints":{"allow":["GET"]}}],"collection":[{"href":"https:\/\/pmza.sk\/index.php?rest_route=\/wp\/v2\/posts"}],"about":[{"href":"https:\/\/pmza.sk\/index.php?rest_route=\/wp\/v2\/types\/post"}],"author":[{"embeddable":true,"href":"https:\/\/pmza.sk\/index.php?rest_route=\/wp\/v2\/users\/2"}],"replies":[{"embeddable":true,"href":"https:\/\/pmza.sk\/index.php?rest_route=%2Fwp%2Fv2%2Fcomments&post=20447"}],"version-history":[{"count":0,"href":"https:\/\/pmza.sk\/index.php?rest_route=\/wp\/v2\/posts\/20447\/revisions"}],"wp:featuredmedia":[{"embeddable":true,"href":"https:\/\/pmza.sk\/index.php?rest_route=\/wp\/v2\/media\/20449"}],"wp:attachment":[{"href":"https:\/\/pmza.sk\/index.php?rest_route=%2Fwp%2Fv2%2Fmedia&parent=20447"}],"wp:term":[{"taxonomy":"category","embeddable":true,"href":"https:\/\/pmza.sk\/index.php?rest_route=%2Fwp%2Fv2%2Fcategories&post=20447"},{"taxonomy":"post_tag","embeddable":true,"href":"https:\/\/pmza.sk\/index.php?rest_route=%2Fwp%2Fv2%2Ftags&post=20447"}],"curies":[{"name":"wp","href":"https:\/\/api.w.org\/{rel}","templated":true}]}}