{"id":20455,"date":"2017-02-17T10:59:57","date_gmt":"2017-02-17T09:59:57","guid":{"rendered":"https:\/\/pmza.sk.sk\/?p=20455"},"modified":"2017-02-17T10:59:57","modified_gmt":"2017-02-17T09:59:57","slug":"konferencia-na-temu-dejin-cestnej-dopravy-bola-uspesna","status":"publish","type":"post","link":"https:\/\/pmza.sk\/?p=20455","title":{"rendered":"Konferencia na t\u00e9mu dej\u00edn cestnej dopravy bola \u00faspe\u0161n\u00e1"},"content":{"rendered":"<p>Pova\u017esk\u00e9 m\u00fazeum v\u00a0\u017diline usporiadalo d\u0148a 9. febru\u00e1ra 2017 v\u00a0porad\u00ed druh\u00fa konferenciu venovan\u00fa dejin\u00e1m cestnej dopravy na Slovensku.\u00a0 Na svojej p\u00f4de priv\u00edtalo 16 odborn\u00edkov v\u00a0oblasti hist\u00f3rie, ktor\u00ed predniesli odborn\u00e9 pr\u00edspevky na dan\u00fa t\u00e9mu vypl\u00fdvaj\u00facu z celoslovenskej \u0161pecializ\u00e1cie Pova\u017esk\u00e9ho m\u00fazea. Prv\u00e1 konferencia sa uskuto\u010dnila v\u00a0septembri 2014 v\u00a0Sob\u00e1\u0161nom pal\u00e1ci v\u00a0Byt\u010di.<\/p>\n<p>\u201eU\u017e vtedy sme si uvedomili, \u017ee cestn\u00e1 doprava, ako najstar\u0161\u00ed druh dopravy v dejin\u00e1ch \u013eudstva, je mnohospektr\u00e1lna t\u00e9ma. Mnoho \u013eud\u00ed z vedeckej, m\u00fazejnej i ostatnej odbornej obce sa jej uskuto\u010dnen\u00edm a vydan\u00edm prv\u00e9ho zborn\u00edka presved\u010dilo, \u017ee n\u00e1\u0161 z\u00e1ujem o t\u00e9mu je seri\u00f3zny a n\u00e1\u0161 pr\u00edstup akceptovate\u013en\u00fd. A mo\u017eno sme ich aj motivovali k pokra\u010dovaniu vlastn\u00fdch v\u00fdskumov a ich n\u00e1slednej prezent\u00e1cii na 2. konferencii,\u201c uviedol historik PMZA pre oblas\u0165 dopravy Peter \u0160imko.<\/p>\n<p>Konferencia bola atrakt\u00edvna nielen pre odborn\u00fa, ale i\u00a0laick\u00fa verejnos\u0165, pote\u0161uj\u00facou bola hojn\u00e1 \u00fa\u010das\u0165 a\u00a0kvalita spracovania t\u00e9m. Pr\u00edspevky pojedn\u00e1vali o\u00a0cest\u00e1ch a\u00a0ich dolo\u017een\u00ed hmotn\u00fdmi n\u00e1lezmi z\u00a0obdobia praveku \u010di stredoveku, \u00a0o\u00a0stredovek\u00fdch mestsk\u00fdch a krajinsk\u00fdch br\u00e1nach \u010di m\u00fdtniciach. Novovek\u00e9 cesty n\u00e1m napomohli poodhali\u0165 mapov\u00e9 pramene \u010di pr\u00e1ca Mateja Bela. Zauj\u00edmav\u00e9 boli tie\u017e pr\u00edspevky o\u00a0dobov\u00fdch dopravn\u00fdch prostriedkoch \u2013 vozoch, bri\u010dk\u00e1ch a\u00a0ko\u010doch \u010di mostoch na Orave. Z\u00a0obdobia 20. storo\u010dia sme sa dozvedeli o\u00a0stavbe jedn\u00e9ho vybran\u00e9ho \u00faseku cesty, o\u00a0programe stavby ciest za 1. Slovenskej republiky, o\u00a0\u010derpac\u00edch staniciach, o\u00a0motocykloch vyr\u00e1ban\u00fdch v\u00a0Pova\u017eskej Bystrici a\u00a0ich dodnes zachovan\u00fdch exempl\u00e1roch \u2013 m\u00fazejn\u00fdch zbierkach, ako aj o\u00a0reflexii automobilizmu v\u00a0dobovej reklame.<\/p>\n<p>\u201eOkrem odborn\u00fdch pracovn\u00edkov m\u00faze\u00ed, zast\u00fapenie mali r\u00f4zni b\u00e1datelia, av\u0161ak najviac n\u00e1s prekvapilo zast\u00fapenie vedeck\u00fdch pracovn\u00edkov slovensk\u00fdch univerz\u00edt a Slovenskej akad\u00e9mie vied. V\u0161etk\u00fdm akt\u00edvnym \u00fa\u010dastn\u00edkom sa chceme \u00faprimne po\u010fakova\u0165 a z\u00e1rove\u0148 ich aj motivova\u0165 do bud\u00facnosti k pr\u00edprave \u010fal\u0161\u00edch hodnotn\u00fdch pr\u00edspevkov,\u201c dodal \u0160imko.<\/p>\n<p>Z\u00a0konferencie bude v\u00a0bl\u00edzkej bud\u00facnosti vydan\u00fd zborn\u00edk.<\/p>\n<p>Projekt \u201eKonferencia a\u00a0zborn\u00edk Dejiny cestnej dopravy na Slovensku\u201c je financovan\u00fd z\u00a0verejn\u00fdch zdrojov poskytnut\u00fdch Fondom na podporu umenia a\u00a0spolufinancovan\u00fd s\u00a0podporou \u017dilinsk\u00e9ho samospr\u00e1vneho kraja.<\/p>\n<p><a href=\"https:\/\/pmza.sk.sk\/wp-content\/uploads\/2016\/09\/SDM-_-FPU_logo1_modre.jpg\"><img decoding=\"async\" class=\"alignleft  wp-image-17625\" src=\"https:\/\/pmza.sk.sk\/wp-content\/uploads\/2016\/09\/SDM-_-FPU_logo1_modre-150x150.jpg\" alt=\"\" width=\"202\" height=\"202\" \/><\/a><\/p>\n<p>&nbsp;<\/p>\n<p>&nbsp;<\/p>\n<p>&nbsp;<\/p>\n<p>&nbsp;<\/p>\n<p>&nbsp;<\/p>\n<p>&nbsp;<\/p>\n<p><a href=\"https:\/\/pmza.sk.sk\/fotogaleria\/gallery\/konferencia-dejiny-cestnej-dopravy-na-slovensku-ii\/\">FOTOGAL\u00c9RIA<\/a><\/p>\n","protected":false},"excerpt":{"rendered":"<p>Pova\u017esk\u00e9 m\u00fazeum v\u00a0\u017diline usporiadalo d\u0148a 9. febru\u00e1ra 2017 v\u00a0porad\u00ed druh\u00fa konferenciu venovan\u00fa dejin\u00e1m cestnej dopravy na Slovensku.\u00a0 Na svojej p\u00f4de priv\u00edtalo 16 odborn\u00edkov v\u00a0oblasti hist\u00f3rie, ktor\u00ed predniesli odborn\u00e9 pr\u00edspevky na dan\u00fa t\u00e9mu vypl\u00fdvaj\u00facu z celoslovenskej \u0161pecializ\u00e1cie Pova\u017esk\u00e9ho m\u00fazea. Prv\u00e1 konferencia sa uskuto\u010dnila v\u00a0septembri 2014 v\u00a0Sob\u00e1\u0161nom pal\u00e1ci v\u00a0Byt\u010di. \u201eU\u017e vtedy sme si uvedomili, \u017ee cestn\u00e1 doprava, [&hellip;]<\/p>\n","protected":false},"author":2,"featured_media":19909,"comment_status":"closed","ping_status":"closed","sticky":false,"template":"","format":"standard","meta":{"site-sidebar-layout":"default","site-content-layout":"","ast-site-content-layout":"","site-content-style":"default","site-sidebar-style":"default","ast-global-header-display":"","ast-banner-title-visibility":"","ast-main-header-display":"","ast-hfb-above-header-display":"","ast-hfb-below-header-display":"","ast-hfb-mobile-header-display":"","site-post-title":"","ast-breadcrumbs-content":"","ast-featured-img":"","footer-sml-layout":"","theme-transparent-header-meta":"","adv-header-id-meta":"","stick-header-meta":"","header-above-stick-meta":"","header-main-stick-meta":"","header-below-stick-meta":"","astra-migrate-meta-layouts":"default","ast-page-background-enabled":"default","ast-page-background-meta":{"desktop":{"background-color":"var(--ast-global-color-4)","background-image":"","background-repeat":"repeat","background-position":"center center","background-size":"auto","background-attachment":"scroll","background-type":"","background-media":"","overlay-type":"","overlay-color":"","overlay-opacity":"","overlay-gradient":""},"tablet":{"background-color":"","background-image":"","background-repeat":"repeat","background-position":"center center","background-size":"auto","background-attachment":"scroll","background-type":"","background-media":"","overlay-type":"","overlay-color":"","overlay-opacity":"","overlay-gradient":""},"mobile":{"background-color":"","background-image":"","background-repeat":"repeat","background-position":"center center","background-size":"auto","background-attachment":"scroll","background-type":"","background-media":"","overlay-type":"","overlay-color":"","overlay-opacity":"","overlay-gradient":""}},"ast-content-background-meta":{"desktop":{"background-color":"var(--ast-global-color-5)","background-image":"","background-repeat":"repeat","background-position":"center center","background-size":"auto","background-attachment":"scroll","background-type":"","background-media":"","overlay-type":"","overlay-color":"","overlay-opacity":"","overlay-gradient":""},"tablet":{"background-color":"var(--ast-global-color-5)","background-image":"","background-repeat":"repeat","background-position":"center center","background-size":"auto","background-attachment":"scroll","background-type":"","background-media":"","overlay-type":"","overlay-color":"","overlay-opacity":"","overlay-gradient":""},"mobile":{"background-color":"var(--ast-global-color-5)","background-image":"","background-repeat":"repeat","background-position":"center center","background-size":"auto","background-attachment":"scroll","background-type":"","background-media":"","overlay-type":"","overlay-color":"","overlay-opacity":"","overlay-gradient":""}},"footnotes":""},"categories":[31],"tags":[],"class_list":["post-20455","post","type-post","status-publish","format-standard","has-post-thumbnail","hentry","category-aktuality"],"yoast_head":"<!-- This site is optimized with the Yoast SEO plugin v27.4 - https:\/\/yoast.com\/product\/yoast-seo-wordpress\/ -->\n<title>Konferencia na t\u00e9mu dej\u00edn cestnej dopravy bola \u00faspe\u0161n\u00e1 - Pova\u017esk\u00e9 m\u00fazeum<\/title>\n<meta name=\"robots\" content=\"index, follow, max-snippet:-1, max-image-preview:large, max-video-preview:-1\" \/>\n<link rel=\"canonical\" href=\"https:\/\/pmza.sk\/?p=20455\" \/>\n<meta property=\"og:locale\" content=\"sk_SK\" \/>\n<meta property=\"og:type\" content=\"article\" \/>\n<meta property=\"og:title\" content=\"Konferencia na t\u00e9mu dej\u00edn cestnej dopravy bola \u00faspe\u0161n\u00e1 - Pova\u017esk\u00e9 m\u00fazeum\" \/>\n<meta property=\"og:description\" content=\"Pova\u017esk\u00e9 m\u00fazeum v\u00a0\u017diline usporiadalo d\u0148a 9. febru\u00e1ra 2017 v\u00a0porad\u00ed druh\u00fa konferenciu venovan\u00fa dejin\u00e1m cestnej dopravy na Slovensku.\u00a0 Na svojej p\u00f4de priv\u00edtalo 16 odborn\u00edkov v\u00a0oblasti hist\u00f3rie, ktor\u00ed predniesli odborn\u00e9 pr\u00edspevky na dan\u00fa t\u00e9mu vypl\u00fdvaj\u00facu z celoslovenskej \u0161pecializ\u00e1cie Pova\u017esk\u00e9ho m\u00fazea. Prv\u00e1 konferencia sa uskuto\u010dnila v\u00a0septembri 2014 v\u00a0Sob\u00e1\u0161nom pal\u00e1ci v\u00a0Byt\u010di. \u201eU\u017e vtedy sme si uvedomili, \u017ee cestn\u00e1 doprava, [&hellip;]\" \/>\n<meta property=\"og:url\" content=\"https:\/\/pmza.sk\/?p=20455\" \/>\n<meta property=\"og:site_name\" content=\"Pova\u017esk\u00e9 m\u00fazeum\" \/>\n<meta property=\"article:publisher\" content=\"https:\/\/www.facebook.com\/povazskemuzeum\" \/>\n<meta property=\"article:published_time\" content=\"2017-02-17T09:59:57+00:00\" \/>\n<meta property=\"og:image\" content=\"https:\/\/pmza.sk\/wp-content\/uploads\/2017\/02\/IMG_2907.jpg\" \/>\n\t<meta property=\"og:image:width\" content=\"1024\" \/>\n\t<meta property=\"og:image:height\" content=\"683\" \/>\n\t<meta property=\"og:image:type\" content=\"image\/jpeg\" \/>\n<meta name=\"author\" content=\"Pova\u017esk\u00e9 m\u00fazeum\" \/>\n<meta name=\"twitter:card\" content=\"summary_large_image\" \/>\n<meta name=\"twitter:label1\" content=\"Autor\" \/>\n\t<meta name=\"twitter:data1\" content=\"Pova\u017esk\u00e9 m\u00fazeum\" \/>\n\t<meta name=\"twitter:label2\" content=\"Predpokladan\u00fd \u010das \u010d\u00edtania\" \/>\n\t<meta name=\"twitter:data2\" content=\"2 min\u00faty\" \/>\n<script type=\"application\/ld+json\" class=\"yoast-schema-graph\">{\"@context\":\"https:\\\/\\\/schema.org\",\"@graph\":[{\"@type\":\"Article\",\"@id\":\"https:\\\/\\\/pmza.sk\\\/?p=20455#article\",\"isPartOf\":{\"@id\":\"https:\\\/\\\/pmza.sk\\\/?p=20455\"},\"author\":{\"name\":\"Pova\u017esk\u00e9 m\u00fazeum\",\"@id\":\"https:\\\/\\\/pmza.sk\\\/#\\\/schema\\\/person\\\/595e6a2ce731ea94dcd5d7f50a41ae33\"},\"headline\":\"Konferencia na t\u00e9mu dej\u00edn cestnej dopravy bola \u00faspe\u0161n\u00e1\",\"datePublished\":\"2017-02-17T09:59:57+00:00\",\"mainEntityOfPage\":{\"@id\":\"https:\\\/\\\/pmza.sk\\\/?p=20455\"},\"wordCount\":434,\"publisher\":{\"@id\":\"https:\\\/\\\/pmza.sk\\\/#organization\"},\"image\":{\"@id\":\"https:\\\/\\\/pmza.sk\\\/?p=20455#primaryimage\"},\"thumbnailUrl\":\"https:\\\/\\\/pmza.sk\\\/wp-content\\\/uploads\\\/2017\\\/02\\\/IMG_2907.jpg\",\"articleSection\":[\"Aktuality\"],\"inLanguage\":\"sk-SK\"},{\"@type\":\"WebPage\",\"@id\":\"https:\\\/\\\/pmza.sk\\\/?p=20455\",\"url\":\"https:\\\/\\\/pmza.sk\\\/?p=20455\",\"name\":\"Konferencia na t\u00e9mu dej\u00edn cestnej dopravy bola \u00faspe\u0161n\u00e1 - Pova\u017esk\u00e9 m\u00fazeum\",\"isPartOf\":{\"@id\":\"https:\\\/\\\/pmza.sk\\\/#website\"},\"primaryImageOfPage\":{\"@id\":\"https:\\\/\\\/pmza.sk\\\/?p=20455#primaryimage\"},\"image\":{\"@id\":\"https:\\\/\\\/pmza.sk\\\/?p=20455#primaryimage\"},\"thumbnailUrl\":\"https:\\\/\\\/pmza.sk\\\/wp-content\\\/uploads\\\/2017\\\/02\\\/IMG_2907.jpg\",\"datePublished\":\"2017-02-17T09:59:57+00:00\",\"breadcrumb\":{\"@id\":\"https:\\\/\\\/pmza.sk\\\/?p=20455#breadcrumb\"},\"inLanguage\":\"sk-SK\",\"potentialAction\":[{\"@type\":\"ReadAction\",\"target\":[\"https:\\\/\\\/pmza.sk\\\/?p=20455\"]}]},{\"@type\":\"ImageObject\",\"inLanguage\":\"sk-SK\",\"@id\":\"https:\\\/\\\/pmza.sk\\\/?p=20455#primaryimage\",\"url\":\"https:\\\/\\\/pmza.sk\\\/wp-content\\\/uploads\\\/2017\\\/02\\\/IMG_2907.jpg\",\"contentUrl\":\"https:\\\/\\\/pmza.sk\\\/wp-content\\\/uploads\\\/2017\\\/02\\\/IMG_2907.jpg\",\"width\":1024,\"height\":683},{\"@type\":\"BreadcrumbList\",\"@id\":\"https:\\\/\\\/pmza.sk\\\/?p=20455#breadcrumb\",\"itemListElement\":[{\"@type\":\"ListItem\",\"position\":1,\"name\":\"Domovsk\u00e1 str\u00e1nka\",\"item\":\"https:\\\/\\\/pmza.sk\\\/\"},{\"@type\":\"ListItem\",\"position\":2,\"name\":\"Konferencia na t\u00e9mu dej\u00edn cestnej dopravy bola \u00faspe\u0161n\u00e1\"}]},{\"@type\":\"WebSite\",\"@id\":\"https:\\\/\\\/pmza.sk\\\/#website\",\"url\":\"https:\\\/\\\/pmza.sk\\\/\",\"name\":\"Pova\u017esk\u00e9 m\u00fazeum\",\"description\":\"Pova\u017esk\u00e9 m\u00fazeum v \u017diline je region\u00e1lne m\u00fazeum so s\u00eddlom v Budat\u00edne. Jeho expoz\u00edcie s\u00fa zameran\u00e9 na dejiny slovensk\u00e9ho umenia, kult\u00fary a dopravy.\",\"publisher\":{\"@id\":\"https:\\\/\\\/pmza.sk\\\/#organization\"},\"potentialAction\":[{\"@type\":\"SearchAction\",\"target\":{\"@type\":\"EntryPoint\",\"urlTemplate\":\"https:\\\/\\\/pmza.sk\\\/?s={search_term_string}\"},\"query-input\":{\"@type\":\"PropertyValueSpecification\",\"valueRequired\":true,\"valueName\":\"search_term_string\"}}],\"inLanguage\":\"sk-SK\"},{\"@type\":\"Organization\",\"@id\":\"https:\\\/\\\/pmza.sk\\\/#organization\",\"name\":\"Pova\u017esk\u00e9 m\u00fazeum\",\"url\":\"https:\\\/\\\/pmza.sk\\\/\",\"logo\":{\"@type\":\"ImageObject\",\"inLanguage\":\"sk-SK\",\"@id\":\"https:\\\/\\\/pmza.sk\\\/#\\\/schema\\\/logo\\\/image\\\/\",\"url\":\"https:\\\/\\\/pmza.sk\\\/wp-content\\\/uploads\\\/2022\\\/01\\\/logo_PM_horizontal.jpg\",\"contentUrl\":\"https:\\\/\\\/pmza.sk\\\/wp-content\\\/uploads\\\/2022\\\/01\\\/logo_PM_horizontal.jpg\",\"width\":231,\"height\":142,\"caption\":\"Pova\u017esk\u00e9 m\u00fazeum\"},\"image\":{\"@id\":\"https:\\\/\\\/pmza.sk\\\/#\\\/schema\\\/logo\\\/image\\\/\"},\"sameAs\":[\"https:\\\/\\\/www.facebook.com\\\/povazskemuzeum\",\"https:\\\/\\\/www.instagram.com\\\/povazskemuzeum\\\/\"]},{\"@type\":\"Person\",\"@id\":\"https:\\\/\\\/pmza.sk\\\/#\\\/schema\\\/person\\\/595e6a2ce731ea94dcd5d7f50a41ae33\",\"name\":\"Pova\u017esk\u00e9 m\u00fazeum\",\"image\":{\"@type\":\"ImageObject\",\"inLanguage\":\"sk-SK\",\"@id\":\"https:\\\/\\\/secure.gravatar.com\\\/avatar\\\/2bb7f1561282132fb5826dfeccc66c7996d11ee392ac6aaf7ced8a1c2027fbb2?s=96&d=mm&r=g\",\"url\":\"https:\\\/\\\/secure.gravatar.com\\\/avatar\\\/2bb7f1561282132fb5826dfeccc66c7996d11ee392ac6aaf7ced8a1c2027fbb2?s=96&d=mm&r=g\",\"contentUrl\":\"https:\\\/\\\/secure.gravatar.com\\\/avatar\\\/2bb7f1561282132fb5826dfeccc66c7996d11ee392ac6aaf7ced8a1c2027fbb2?s=96&d=mm&r=g\",\"caption\":\"Pova\u017esk\u00e9 m\u00fazeum\"}}]}<\/script>\n<!-- \/ Yoast SEO plugin. -->","yoast_head_json":{"title":"Konferencia na t\u00e9mu dej\u00edn cestnej dopravy bola \u00faspe\u0161n\u00e1 - Pova\u017esk\u00e9 m\u00fazeum","robots":{"index":"index","follow":"follow","max-snippet":"max-snippet:-1","max-image-preview":"max-image-preview:large","max-video-preview":"max-video-preview:-1"},"canonical":"https:\/\/pmza.sk\/?p=20455","og_locale":"sk_SK","og_type":"article","og_title":"Konferencia na t\u00e9mu dej\u00edn cestnej dopravy bola \u00faspe\u0161n\u00e1 - Pova\u017esk\u00e9 m\u00fazeum","og_description":"Pova\u017esk\u00e9 m\u00fazeum v\u00a0\u017diline usporiadalo d\u0148a 9. febru\u00e1ra 2017 v\u00a0porad\u00ed druh\u00fa konferenciu venovan\u00fa dejin\u00e1m cestnej dopravy na Slovensku.\u00a0 Na svojej p\u00f4de priv\u00edtalo 16 odborn\u00edkov v\u00a0oblasti hist\u00f3rie, ktor\u00ed predniesli odborn\u00e9 pr\u00edspevky na dan\u00fa t\u00e9mu vypl\u00fdvaj\u00facu z celoslovenskej \u0161pecializ\u00e1cie Pova\u017esk\u00e9ho m\u00fazea. Prv\u00e1 konferencia sa uskuto\u010dnila v\u00a0septembri 2014 v\u00a0Sob\u00e1\u0161nom pal\u00e1ci v\u00a0Byt\u010di. \u201eU\u017e vtedy sme si uvedomili, \u017ee cestn\u00e1 doprava, [&hellip;]","og_url":"https:\/\/pmza.sk\/?p=20455","og_site_name":"Pova\u017esk\u00e9 m\u00fazeum","article_publisher":"https:\/\/www.facebook.com\/povazskemuzeum","article_published_time":"2017-02-17T09:59:57+00:00","og_image":[{"width":1024,"height":683,"url":"https:\/\/pmza.sk\/wp-content\/uploads\/2017\/02\/IMG_2907.jpg","type":"image\/jpeg"}],"author":"Pova\u017esk\u00e9 m\u00fazeum","twitter_card":"summary_large_image","twitter_misc":{"Autor":"Pova\u017esk\u00e9 m\u00fazeum","Predpokladan\u00fd \u010das \u010d\u00edtania":"2 min\u00faty"},"schema":{"@context":"https:\/\/schema.org","@graph":[{"@type":"Article","@id":"https:\/\/pmza.sk\/?p=20455#article","isPartOf":{"@id":"https:\/\/pmza.sk\/?p=20455"},"author":{"name":"Pova\u017esk\u00e9 m\u00fazeum","@id":"https:\/\/pmza.sk\/#\/schema\/person\/595e6a2ce731ea94dcd5d7f50a41ae33"},"headline":"Konferencia na t\u00e9mu dej\u00edn cestnej dopravy bola \u00faspe\u0161n\u00e1","datePublished":"2017-02-17T09:59:57+00:00","mainEntityOfPage":{"@id":"https:\/\/pmza.sk\/?p=20455"},"wordCount":434,"publisher":{"@id":"https:\/\/pmza.sk\/#organization"},"image":{"@id":"https:\/\/pmza.sk\/?p=20455#primaryimage"},"thumbnailUrl":"https:\/\/pmza.sk\/wp-content\/uploads\/2017\/02\/IMG_2907.jpg","articleSection":["Aktuality"],"inLanguage":"sk-SK"},{"@type":"WebPage","@id":"https:\/\/pmza.sk\/?p=20455","url":"https:\/\/pmza.sk\/?p=20455","name":"Konferencia na t\u00e9mu dej\u00edn cestnej dopravy bola \u00faspe\u0161n\u00e1 - Pova\u017esk\u00e9 m\u00fazeum","isPartOf":{"@id":"https:\/\/pmza.sk\/#website"},"primaryImageOfPage":{"@id":"https:\/\/pmza.sk\/?p=20455#primaryimage"},"image":{"@id":"https:\/\/pmza.sk\/?p=20455#primaryimage"},"thumbnailUrl":"https:\/\/pmza.sk\/wp-content\/uploads\/2017\/02\/IMG_2907.jpg","datePublished":"2017-02-17T09:59:57+00:00","breadcrumb":{"@id":"https:\/\/pmza.sk\/?p=20455#breadcrumb"},"inLanguage":"sk-SK","potentialAction":[{"@type":"ReadAction","target":["https:\/\/pmza.sk\/?p=20455"]}]},{"@type":"ImageObject","inLanguage":"sk-SK","@id":"https:\/\/pmza.sk\/?p=20455#primaryimage","url":"https:\/\/pmza.sk\/wp-content\/uploads\/2017\/02\/IMG_2907.jpg","contentUrl":"https:\/\/pmza.sk\/wp-content\/uploads\/2017\/02\/IMG_2907.jpg","width":1024,"height":683},{"@type":"BreadcrumbList","@id":"https:\/\/pmza.sk\/?p=20455#breadcrumb","itemListElement":[{"@type":"ListItem","position":1,"name":"Domovsk\u00e1 str\u00e1nka","item":"https:\/\/pmza.sk\/"},{"@type":"ListItem","position":2,"name":"Konferencia na t\u00e9mu dej\u00edn cestnej dopravy bola \u00faspe\u0161n\u00e1"}]},{"@type":"WebSite","@id":"https:\/\/pmza.sk\/#website","url":"https:\/\/pmza.sk\/","name":"Pova\u017esk\u00e9 m\u00fazeum","description":"Pova\u017esk\u00e9 m\u00fazeum v \u017diline je region\u00e1lne m\u00fazeum so s\u00eddlom v Budat\u00edne. Jeho expoz\u00edcie s\u00fa zameran\u00e9 na dejiny slovensk\u00e9ho umenia, kult\u00fary a dopravy.","publisher":{"@id":"https:\/\/pmza.sk\/#organization"},"potentialAction":[{"@type":"SearchAction","target":{"@type":"EntryPoint","urlTemplate":"https:\/\/pmza.sk\/?s={search_term_string}"},"query-input":{"@type":"PropertyValueSpecification","valueRequired":true,"valueName":"search_term_string"}}],"inLanguage":"sk-SK"},{"@type":"Organization","@id":"https:\/\/pmza.sk\/#organization","name":"Pova\u017esk\u00e9 m\u00fazeum","url":"https:\/\/pmza.sk\/","logo":{"@type":"ImageObject","inLanguage":"sk-SK","@id":"https:\/\/pmza.sk\/#\/schema\/logo\/image\/","url":"https:\/\/pmza.sk\/wp-content\/uploads\/2022\/01\/logo_PM_horizontal.jpg","contentUrl":"https:\/\/pmza.sk\/wp-content\/uploads\/2022\/01\/logo_PM_horizontal.jpg","width":231,"height":142,"caption":"Pova\u017esk\u00e9 m\u00fazeum"},"image":{"@id":"https:\/\/pmza.sk\/#\/schema\/logo\/image\/"},"sameAs":["https:\/\/www.facebook.com\/povazskemuzeum","https:\/\/www.instagram.com\/povazskemuzeum\/"]},{"@type":"Person","@id":"https:\/\/pmza.sk\/#\/schema\/person\/595e6a2ce731ea94dcd5d7f50a41ae33","name":"Pova\u017esk\u00e9 m\u00fazeum","image":{"@type":"ImageObject","inLanguage":"sk-SK","@id":"https:\/\/secure.gravatar.com\/avatar\/2bb7f1561282132fb5826dfeccc66c7996d11ee392ac6aaf7ced8a1c2027fbb2?s=96&d=mm&r=g","url":"https:\/\/secure.gravatar.com\/avatar\/2bb7f1561282132fb5826dfeccc66c7996d11ee392ac6aaf7ced8a1c2027fbb2?s=96&d=mm&r=g","contentUrl":"https:\/\/secure.gravatar.com\/avatar\/2bb7f1561282132fb5826dfeccc66c7996d11ee392ac6aaf7ced8a1c2027fbb2?s=96&d=mm&r=g","caption":"Pova\u017esk\u00e9 m\u00fazeum"}}]}},"_links":{"self":[{"href":"https:\/\/pmza.sk\/index.php?rest_route=\/wp\/v2\/posts\/20455","targetHints":{"allow":["GET"]}}],"collection":[{"href":"https:\/\/pmza.sk\/index.php?rest_route=\/wp\/v2\/posts"}],"about":[{"href":"https:\/\/pmza.sk\/index.php?rest_route=\/wp\/v2\/types\/post"}],"author":[{"embeddable":true,"href":"https:\/\/pmza.sk\/index.php?rest_route=\/wp\/v2\/users\/2"}],"replies":[{"embeddable":true,"href":"https:\/\/pmza.sk\/index.php?rest_route=%2Fwp%2Fv2%2Fcomments&post=20455"}],"version-history":[{"count":0,"href":"https:\/\/pmza.sk\/index.php?rest_route=\/wp\/v2\/posts\/20455\/revisions"}],"wp:featuredmedia":[{"embeddable":true,"href":"https:\/\/pmza.sk\/index.php?rest_route=\/wp\/v2\/media\/19909"}],"wp:attachment":[{"href":"https:\/\/pmza.sk\/index.php?rest_route=%2Fwp%2Fv2%2Fmedia&parent=20455"}],"wp:term":[{"taxonomy":"category","embeddable":true,"href":"https:\/\/pmza.sk\/index.php?rest_route=%2Fwp%2Fv2%2Fcategories&post=20455"},{"taxonomy":"post_tag","embeddable":true,"href":"https:\/\/pmza.sk\/index.php?rest_route=%2Fwp%2Fv2%2Ftags&post=20455"}],"curies":[{"name":"wp","href":"https:\/\/api.w.org\/{rel}","templated":true}]}}