{"id":20482,"date":"2017-03-22T12:31:22","date_gmt":"2017-03-22T11:31:22","guid":{"rendered":"https:\/\/pmza.sk.sk\/?p=20482"},"modified":"2017-03-22T12:31:22","modified_gmt":"2017-03-22T11:31:22","slug":"bikekia-laka-na-jar-plnu-cyklozazitkov","status":"publish","type":"post","link":"https:\/\/pmza.sk\/?p=20482","title":{"rendered":"BikeKIA l\u00e1ka na jar pln\u00fa cykloz\u00e1\u017eitkov"},"content":{"rendered":"<p>S\u00a0pr\u00edchodom prv\u00fdch jarn\u00fdch dn\u00ed otv\u00e1ra \u017dilinsk\u00fd kraj aj nov\u00fa cyklistick\u00fa sez\u00f3nu. Na ob\u013e\u00fabenom cyklochodn\u00edku BikeKIA pripravila \u017eupa bohat\u00fd program pre v\u0161etk\u00fdch milovn\u00edkov tohto \u0161portu. \u201ePrv\u00fd prechod trasou sp\u00e1jaj\u00facou na\u0161e unik\u00e1tne dominanty \u2013 hrad Stre\u010dno a\u00a0hrad Budat\u00edn, sa uskuto\u010dn\u00ed u\u017e v\u00a0sobotu 8. apr\u00edla. Cyklisti od\u0161tartuj\u00fa zo zadn\u00e9ho vchodu do Budat\u00ednskeho parku na s\u00fatoku riek V\u00e1hu a\u00a0Kysuce a\u00a0spolo\u010dne prejdeme a\u017e do Stre\u010dna. Trasa je nen\u00e1ro\u010dn\u00e1, preto ver\u00edm, \u017ee sa k\u00a0n\u00e1m pridaj\u00fa mal\u00ed aj ve\u013ek\u00ed cyklisti,\u201c informoval predseda \u017dSK Juraj Blan\u00e1r s\u00a0t\u00fdm, \u017ee prv\u00fa \u010das\u0165 m\u00f4\u017eu absolvova\u0165 tie\u017e kor\u010duliari. \u201eZa posledn\u00fdch p\u00e4\u0165 rokov sa n\u00e1m podarilo vyasfaltova\u0165 u\u017e viac ako \u0161tyri kilometre a vytvorili sme tu jedine\u010dn\u00fd priestor pre cyklistov, kor\u010duliarov \u010di mami\u010dky s\u00a0ko\u010d\u00edkmi. Otvori\u0165 nov\u00fa sez\u00f3nu tak s\u00a0nami m\u00f4\u017eu v\u0161etci,\u201c uviedol \u017eilinsk\u00fd \u017eupan.<\/p>\n<p>Pod\u013ea slov ved\u00facej oddelenia cestovn\u00e9ho ruchu \u017dSK Barbory Zigovej, jar 2017 prinesie na ob\u013e\u00faben\u00fd cyklochodn\u00edk i \u010fal\u0161ie dve podujatia. \u201e\u010cak\u00e1 n\u00e1s prvom\u00e1jov\u00e1 cyklojazda a\u00a0ke\u010f\u017ee v\u00a0m\u00e1ji oslavuj\u00fa svoj de\u0148 v\u0161etky mami\u010dky, pripravili sme pre ne 14. 5. v\u00fdnimo\u010dn\u00fa \u0160portov\u00fa chv\u00ed\u013eku pre mamu. V\u00a0aktivit\u00e1ch budeme pokra\u010dova\u0165 tie\u017e v\u00a0lete, \u0161portovci sa teda maj\u00fa na \u010do te\u0161i\u0165,\u201c pribl\u00ed\u017eila B. Zigov\u00e1.<\/p>\n<p>Jar na BikeKII bude spojen\u00e1 aj\u00a0so s\u00fa\u0165a\u017eou Prejdi v\u0161etky trasy, objav krajsk\u00e9 kr\u00e1sy. \u201eChceme na\u0161ich obyvate\u013eov motivova\u0165, aby vysadli na bicykel a\u00a0vyrazili spozn\u00e1va\u0165 n\u00e1\u0161 kraj. Fotky, ktor\u00e9 n\u00e1m zo svojich cyklov\u00fdletov po\u0161l\u00fa, zarad\u00edme do s\u00fa\u0165a\u017ee a\u00a0ka\u017ed\u00fd mesiac vyhodnot\u00edme tie najlep\u0161ie z\u00a0nich,\u201c doplnila ved\u00faca oddelenia cestovn\u00e9ho ruchu \u017dSK. \u017dilinsk\u00fd \u017eupan \u010falej dodal, \u017ee \u017dilinsk\u00fd kraj je rajom pre cyklistov, preto o\u010dak\u00e1va, \u017ee fotky bud\u00fa zachyt\u00e1va\u0165 v\u0161etky \u017eupn\u00e9 regi\u00f3ny. \u201eM\u00e1me viac ako 2.400 kilometrov zna\u010den\u00fdch cyklotr\u00e1s na Kysuciach, Turci, Liptove, Orave i\u00a0Hornom Pova\u017e\u00ed. Cyklistika sa stala ve\u013emi popul\u00e1rnou a\u00a0na\u0161\u00edm cie\u013eom je na\u010falej pre \u0148u vytv\u00e1ra\u0165 v\u00a0\u017dilinskej \u017eupe \u010do najlep\u0161ie podmienky, pracujeme preto aj na budovan\u00ed nov\u00fdch cyklotr\u00e1s. Z\u00a0Budat\u00edna povedie chodn\u00edk na hranicu s\u00a0Tren\u010dianskym krajom, nov\u00e9 kilometre pribudn\u00fa v\u00a0Rajeckej doline a\u00a0prepoji\u0165 chceme tie\u017e regi\u00f3n Turca s\u00a0Horn\u00fdm Pova\u017e\u00edm. P\u00f4jde o\u00a0v\u00fdnimo\u010dn\u00e9 projekty,\u201c zd\u00f4raznil predseda \u017dSK.<\/p>\n<p>&nbsp;<\/p>\n<p style=\"text-align: right;\"><strong>Lenka Z\u00e1tekov\u00e1<br \/>hovorky\u0148a \u017dSK<\/strong><\/p>\n<p style=\"text-align: left;\"><a href=\"https:\/\/pmza.sk\/wp-content\/uploads\/2017\/03\/ZSK_Zupa-vyasfaltovala-uz-viac-ako-styri-kilometre-oblubenej-cyklotrasy.jpg\"><img decoding=\"async\" class=\"alignleft  wp-image-20481\" src=\"https:\/\/pmza.sk.sk\/wp-content\/uploads\/2017\/03\/\u017dSK_\u017dupa-vyasfaltovala-u\u017e-viac-ako-\u0161tyri-kilometre-ob\u013e\u00fabenej-cyklotrasy-150x100.jpg\" alt=\"\" width=\"185\" height=\"123\" \/><\/a><a href=\"https:\/\/pmza.sk\/wp-content\/uploads\/2017\/03\/ZSK_BikeKIA-laka-malych-i-velkych.jpg\"><img decoding=\"async\" class=\"alignleft  wp-image-20479\" src=\"https:\/\/pmza.sk.sk\/wp-content\/uploads\/2017\/03\/\u017dSK_BikeKIA-l\u00e1ka-mal\u00fdch-i-ve\u013ek\u00fdch-150x100.jpg\" alt=\"\" width=\"185\" height=\"123\" \/><\/a><\/p>\n","protected":false},"excerpt":{"rendered":"<p>S\u00a0pr\u00edchodom prv\u00fdch jarn\u00fdch dn\u00ed otv\u00e1ra \u017dilinsk\u00fd kraj aj nov\u00fa cyklistick\u00fa sez\u00f3nu. Na ob\u013e\u00fabenom cyklochodn\u00edku BikeKIA pripravila \u017eupa bohat\u00fd program pre v\u0161etk\u00fdch milovn\u00edkov tohto \u0161portu. \u201ePrv\u00fd prechod trasou sp\u00e1jaj\u00facou na\u0161e unik\u00e1tne dominanty \u2013 hrad Stre\u010dno a\u00a0hrad Budat\u00edn, sa uskuto\u010dn\u00ed u\u017e v\u00a0sobotu 8. apr\u00edla. Cyklisti od\u0161tartuj\u00fa zo zadn\u00e9ho vchodu do Budat\u00ednskeho parku na s\u00fatoku riek V\u00e1hu a\u00a0Kysuce [&hellip;]<\/p>\n","protected":false},"author":2,"featured_media":20480,"comment_status":"closed","ping_status":"closed","sticky":false,"template":"","format":"standard","meta":{"site-sidebar-layout":"default","site-content-layout":"","ast-site-content-layout":"","site-content-style":"default","site-sidebar-style":"default","ast-global-header-display":"","ast-banner-title-visibility":"","ast-main-header-display":"","ast-hfb-above-header-display":"","ast-hfb-below-header-display":"","ast-hfb-mobile-header-display":"","site-post-title":"","ast-breadcrumbs-content":"","ast-featured-img":"","footer-sml-layout":"","theme-transparent-header-meta":"","adv-header-id-meta":"","stick-header-meta":"","header-above-stick-meta":"","header-main-stick-meta":"","header-below-stick-meta":"","astra-migrate-meta-layouts":"default","ast-page-background-enabled":"default","ast-page-background-meta":{"desktop":{"background-color":"var(--ast-global-color-4)","background-image":"","background-repeat":"repeat","background-position":"center center","background-size":"auto","background-attachment":"scroll","background-type":"","background-media":"","overlay-type":"","overlay-color":"","overlay-opacity":"","overlay-gradient":""},"tablet":{"background-color":"","background-image":"","background-repeat":"repeat","background-position":"center center","background-size":"auto","background-attachment":"scroll","background-type":"","background-media":"","overlay-type":"","overlay-color":"","overlay-opacity":"","overlay-gradient":""},"mobile":{"background-color":"","background-image":"","background-repeat":"repeat","background-position":"center center","background-size":"auto","background-attachment":"scroll","background-type":"","background-media":"","overlay-type":"","overlay-color":"","overlay-opacity":"","overlay-gradient":""}},"ast-content-background-meta":{"desktop":{"background-color":"var(--ast-global-color-5)","background-image":"","background-repeat":"repeat","background-position":"center center","background-size":"auto","background-attachment":"scroll","background-type":"","background-media":"","overlay-type":"","overlay-color":"","overlay-opacity":"","overlay-gradient":""},"tablet":{"background-color":"var(--ast-global-color-5)","background-image":"","background-repeat":"repeat","background-position":"center center","background-size":"auto","background-attachment":"scroll","background-type":"","background-media":"","overlay-type":"","overlay-color":"","overlay-opacity":"","overlay-gradient":""},"mobile":{"background-color":"var(--ast-global-color-5)","background-image":"","background-repeat":"repeat","background-position":"center center","background-size":"auto","background-attachment":"scroll","background-type":"","background-media":"","overlay-type":"","overlay-color":"","overlay-opacity":"","overlay-gradient":""}},"footnotes":""},"categories":[31],"tags":[],"class_list":["post-20482","post","type-post","status-publish","format-standard","has-post-thumbnail","hentry","category-aktuality"],"yoast_head":"<!-- This site is optimized with the Yoast SEO plugin v27.4 - https:\/\/yoast.com\/product\/yoast-seo-wordpress\/ -->\n<title>BikeKIA l\u00e1ka na jar pln\u00fa cykloz\u00e1\u017eitkov - Pova\u017esk\u00e9 m\u00fazeum<\/title>\n<meta name=\"robots\" content=\"index, follow, max-snippet:-1, max-image-preview:large, max-video-preview:-1\" \/>\n<link rel=\"canonical\" href=\"https:\/\/pmza.sk\/?p=20482\" \/>\n<meta property=\"og:locale\" content=\"sk_SK\" \/>\n<meta property=\"og:type\" content=\"article\" \/>\n<meta property=\"og:title\" content=\"BikeKIA l\u00e1ka na jar pln\u00fa cykloz\u00e1\u017eitkov - Pova\u017esk\u00e9 m\u00fazeum\" \/>\n<meta property=\"og:description\" content=\"S\u00a0pr\u00edchodom prv\u00fdch jarn\u00fdch dn\u00ed otv\u00e1ra \u017dilinsk\u00fd kraj aj nov\u00fa cyklistick\u00fa sez\u00f3nu. Na ob\u013e\u00fabenom cyklochodn\u00edku BikeKIA pripravila \u017eupa bohat\u00fd program pre v\u0161etk\u00fdch milovn\u00edkov tohto \u0161portu. \u201ePrv\u00fd prechod trasou sp\u00e1jaj\u00facou na\u0161e unik\u00e1tne dominanty \u2013 hrad Stre\u010dno a\u00a0hrad Budat\u00edn, sa uskuto\u010dn\u00ed u\u017e v\u00a0sobotu 8. apr\u00edla. Cyklisti od\u0161tartuj\u00fa zo zadn\u00e9ho vchodu do Budat\u00ednskeho parku na s\u00fatoku riek V\u00e1hu a\u00a0Kysuce [&hellip;]\" \/>\n<meta property=\"og:url\" content=\"https:\/\/pmza.sk\/?p=20482\" \/>\n<meta property=\"og:site_name\" content=\"Pova\u017esk\u00e9 m\u00fazeum\" \/>\n<meta property=\"article:publisher\" content=\"https:\/\/www.facebook.com\/povazskemuzeum\" \/>\n<meta property=\"article:published_time\" content=\"2017-03-22T11:31:22+00:00\" \/>\n<meta property=\"og:image\" content=\"https:\/\/pmza.sk\/wp-content\/uploads\/2017\/03\/ZSK_Prve-otvorenie-cyklosezony-odstartuju-cyklisti-z-Budatina-zaciatkom-aprila.jpg\" \/>\n\t<meta property=\"og:image:width\" content=\"1024\" \/>\n\t<meta property=\"og:image:height\" content=\"683\" \/>\n\t<meta property=\"og:image:type\" content=\"image\/jpeg\" \/>\n<meta name=\"author\" content=\"Pova\u017esk\u00e9 m\u00fazeum\" \/>\n<meta name=\"twitter:card\" content=\"summary_large_image\" \/>\n<meta name=\"twitter:label1\" content=\"Autor\" \/>\n\t<meta name=\"twitter:data1\" content=\"Pova\u017esk\u00e9 m\u00fazeum\" \/>\n\t<meta name=\"twitter:label2\" content=\"Predpokladan\u00fd \u010das \u010d\u00edtania\" \/>\n\t<meta name=\"twitter:data2\" content=\"2 min\u00faty\" \/>\n<script type=\"application\/ld+json\" class=\"yoast-schema-graph\">{\"@context\":\"https:\\\/\\\/schema.org\",\"@graph\":[{\"@type\":\"Article\",\"@id\":\"https:\\\/\\\/pmza.sk\\\/?p=20482#article\",\"isPartOf\":{\"@id\":\"https:\\\/\\\/pmza.sk\\\/?p=20482\"},\"author\":{\"name\":\"Pova\u017esk\u00e9 m\u00fazeum\",\"@id\":\"https:\\\/\\\/pmza.sk\\\/#\\\/schema\\\/person\\\/595e6a2ce731ea94dcd5d7f50a41ae33\"},\"headline\":\"BikeKIA l\u00e1ka na jar pln\u00fa cykloz\u00e1\u017eitkov\",\"datePublished\":\"2017-03-22T11:31:22+00:00\",\"mainEntityOfPage\":{\"@id\":\"https:\\\/\\\/pmza.sk\\\/?p=20482\"},\"wordCount\":450,\"publisher\":{\"@id\":\"https:\\\/\\\/pmza.sk\\\/#organization\"},\"image\":{\"@id\":\"https:\\\/\\\/pmza.sk\\\/?p=20482#primaryimage\"},\"thumbnailUrl\":\"https:\\\/\\\/pmza.sk\\\/wp-content\\\/uploads\\\/2017\\\/03\\\/ZSK_Prve-otvorenie-cyklosezony-odstartuju-cyklisti-z-Budatina-zaciatkom-aprila.jpg\",\"articleSection\":[\"Aktuality\"],\"inLanguage\":\"sk-SK\"},{\"@type\":\"WebPage\",\"@id\":\"https:\\\/\\\/pmza.sk\\\/?p=20482\",\"url\":\"https:\\\/\\\/pmza.sk\\\/?p=20482\",\"name\":\"BikeKIA l\u00e1ka na jar pln\u00fa cykloz\u00e1\u017eitkov - Pova\u017esk\u00e9 m\u00fazeum\",\"isPartOf\":{\"@id\":\"https:\\\/\\\/pmza.sk\\\/#website\"},\"primaryImageOfPage\":{\"@id\":\"https:\\\/\\\/pmza.sk\\\/?p=20482#primaryimage\"},\"image\":{\"@id\":\"https:\\\/\\\/pmza.sk\\\/?p=20482#primaryimage\"},\"thumbnailUrl\":\"https:\\\/\\\/pmza.sk\\\/wp-content\\\/uploads\\\/2017\\\/03\\\/ZSK_Prve-otvorenie-cyklosezony-odstartuju-cyklisti-z-Budatina-zaciatkom-aprila.jpg\",\"datePublished\":\"2017-03-22T11:31:22+00:00\",\"breadcrumb\":{\"@id\":\"https:\\\/\\\/pmza.sk\\\/?p=20482#breadcrumb\"},\"inLanguage\":\"sk-SK\",\"potentialAction\":[{\"@type\":\"ReadAction\",\"target\":[\"https:\\\/\\\/pmza.sk\\\/?p=20482\"]}]},{\"@type\":\"ImageObject\",\"inLanguage\":\"sk-SK\",\"@id\":\"https:\\\/\\\/pmza.sk\\\/?p=20482#primaryimage\",\"url\":\"https:\\\/\\\/pmza.sk\\\/wp-content\\\/uploads\\\/2017\\\/03\\\/ZSK_Prve-otvorenie-cyklosezony-odstartuju-cyklisti-z-Budatina-zaciatkom-aprila.jpg\",\"contentUrl\":\"https:\\\/\\\/pmza.sk\\\/wp-content\\\/uploads\\\/2017\\\/03\\\/ZSK_Prve-otvorenie-cyklosezony-odstartuju-cyklisti-z-Budatina-zaciatkom-aprila.jpg\",\"width\":1024,\"height\":683},{\"@type\":\"BreadcrumbList\",\"@id\":\"https:\\\/\\\/pmza.sk\\\/?p=20482#breadcrumb\",\"itemListElement\":[{\"@type\":\"ListItem\",\"position\":1,\"name\":\"Domovsk\u00e1 str\u00e1nka\",\"item\":\"https:\\\/\\\/pmza.sk\\\/\"},{\"@type\":\"ListItem\",\"position\":2,\"name\":\"BikeKIA l\u00e1ka na jar pln\u00fa cykloz\u00e1\u017eitkov\"}]},{\"@type\":\"WebSite\",\"@id\":\"https:\\\/\\\/pmza.sk\\\/#website\",\"url\":\"https:\\\/\\\/pmza.sk\\\/\",\"name\":\"Pova\u017esk\u00e9 m\u00fazeum\",\"description\":\"Pova\u017esk\u00e9 m\u00fazeum v \u017diline je region\u00e1lne m\u00fazeum so s\u00eddlom v Budat\u00edne. Jeho expoz\u00edcie s\u00fa zameran\u00e9 na dejiny slovensk\u00e9ho umenia, kult\u00fary a dopravy.\",\"publisher\":{\"@id\":\"https:\\\/\\\/pmza.sk\\\/#organization\"},\"potentialAction\":[{\"@type\":\"SearchAction\",\"target\":{\"@type\":\"EntryPoint\",\"urlTemplate\":\"https:\\\/\\\/pmza.sk\\\/?s={search_term_string}\"},\"query-input\":{\"@type\":\"PropertyValueSpecification\",\"valueRequired\":true,\"valueName\":\"search_term_string\"}}],\"inLanguage\":\"sk-SK\"},{\"@type\":\"Organization\",\"@id\":\"https:\\\/\\\/pmza.sk\\\/#organization\",\"name\":\"Pova\u017esk\u00e9 m\u00fazeum\",\"url\":\"https:\\\/\\\/pmza.sk\\\/\",\"logo\":{\"@type\":\"ImageObject\",\"inLanguage\":\"sk-SK\",\"@id\":\"https:\\\/\\\/pmza.sk\\\/#\\\/schema\\\/logo\\\/image\\\/\",\"url\":\"https:\\\/\\\/pmza.sk\\\/wp-content\\\/uploads\\\/2022\\\/01\\\/logo_PM_horizontal.jpg\",\"contentUrl\":\"https:\\\/\\\/pmza.sk\\\/wp-content\\\/uploads\\\/2022\\\/01\\\/logo_PM_horizontal.jpg\",\"width\":231,\"height\":142,\"caption\":\"Pova\u017esk\u00e9 m\u00fazeum\"},\"image\":{\"@id\":\"https:\\\/\\\/pmza.sk\\\/#\\\/schema\\\/logo\\\/image\\\/\"},\"sameAs\":[\"https:\\\/\\\/www.facebook.com\\\/povazskemuzeum\",\"https:\\\/\\\/www.instagram.com\\\/povazskemuzeum\\\/\"]},{\"@type\":\"Person\",\"@id\":\"https:\\\/\\\/pmza.sk\\\/#\\\/schema\\\/person\\\/595e6a2ce731ea94dcd5d7f50a41ae33\",\"name\":\"Pova\u017esk\u00e9 m\u00fazeum\",\"image\":{\"@type\":\"ImageObject\",\"inLanguage\":\"sk-SK\",\"@id\":\"https:\\\/\\\/secure.gravatar.com\\\/avatar\\\/2bb7f1561282132fb5826dfeccc66c7996d11ee392ac6aaf7ced8a1c2027fbb2?s=96&d=mm&r=g\",\"url\":\"https:\\\/\\\/secure.gravatar.com\\\/avatar\\\/2bb7f1561282132fb5826dfeccc66c7996d11ee392ac6aaf7ced8a1c2027fbb2?s=96&d=mm&r=g\",\"contentUrl\":\"https:\\\/\\\/secure.gravatar.com\\\/avatar\\\/2bb7f1561282132fb5826dfeccc66c7996d11ee392ac6aaf7ced8a1c2027fbb2?s=96&d=mm&r=g\",\"caption\":\"Pova\u017esk\u00e9 m\u00fazeum\"}}]}<\/script>\n<!-- \/ Yoast SEO plugin. -->","yoast_head_json":{"title":"BikeKIA l\u00e1ka na jar pln\u00fa cykloz\u00e1\u017eitkov - Pova\u017esk\u00e9 m\u00fazeum","robots":{"index":"index","follow":"follow","max-snippet":"max-snippet:-1","max-image-preview":"max-image-preview:large","max-video-preview":"max-video-preview:-1"},"canonical":"https:\/\/pmza.sk\/?p=20482","og_locale":"sk_SK","og_type":"article","og_title":"BikeKIA l\u00e1ka na jar pln\u00fa cykloz\u00e1\u017eitkov - Pova\u017esk\u00e9 m\u00fazeum","og_description":"S\u00a0pr\u00edchodom prv\u00fdch jarn\u00fdch dn\u00ed otv\u00e1ra \u017dilinsk\u00fd kraj aj nov\u00fa cyklistick\u00fa sez\u00f3nu. Na ob\u013e\u00fabenom cyklochodn\u00edku BikeKIA pripravila \u017eupa bohat\u00fd program pre v\u0161etk\u00fdch milovn\u00edkov tohto \u0161portu. \u201ePrv\u00fd prechod trasou sp\u00e1jaj\u00facou na\u0161e unik\u00e1tne dominanty \u2013 hrad Stre\u010dno a\u00a0hrad Budat\u00edn, sa uskuto\u010dn\u00ed u\u017e v\u00a0sobotu 8. apr\u00edla. Cyklisti od\u0161tartuj\u00fa zo zadn\u00e9ho vchodu do Budat\u00ednskeho parku na s\u00fatoku riek V\u00e1hu a\u00a0Kysuce [&hellip;]","og_url":"https:\/\/pmza.sk\/?p=20482","og_site_name":"Pova\u017esk\u00e9 m\u00fazeum","article_publisher":"https:\/\/www.facebook.com\/povazskemuzeum","article_published_time":"2017-03-22T11:31:22+00:00","og_image":[{"width":1024,"height":683,"url":"https:\/\/pmza.sk\/wp-content\/uploads\/2017\/03\/ZSK_Prve-otvorenie-cyklosezony-odstartuju-cyklisti-z-Budatina-zaciatkom-aprila.jpg","type":"image\/jpeg"}],"author":"Pova\u017esk\u00e9 m\u00fazeum","twitter_card":"summary_large_image","twitter_misc":{"Autor":"Pova\u017esk\u00e9 m\u00fazeum","Predpokladan\u00fd \u010das \u010d\u00edtania":"2 min\u00faty"},"schema":{"@context":"https:\/\/schema.org","@graph":[{"@type":"Article","@id":"https:\/\/pmza.sk\/?p=20482#article","isPartOf":{"@id":"https:\/\/pmza.sk\/?p=20482"},"author":{"name":"Pova\u017esk\u00e9 m\u00fazeum","@id":"https:\/\/pmza.sk\/#\/schema\/person\/595e6a2ce731ea94dcd5d7f50a41ae33"},"headline":"BikeKIA l\u00e1ka na jar pln\u00fa cykloz\u00e1\u017eitkov","datePublished":"2017-03-22T11:31:22+00:00","mainEntityOfPage":{"@id":"https:\/\/pmza.sk\/?p=20482"},"wordCount":450,"publisher":{"@id":"https:\/\/pmza.sk\/#organization"},"image":{"@id":"https:\/\/pmza.sk\/?p=20482#primaryimage"},"thumbnailUrl":"https:\/\/pmza.sk\/wp-content\/uploads\/2017\/03\/ZSK_Prve-otvorenie-cyklosezony-odstartuju-cyklisti-z-Budatina-zaciatkom-aprila.jpg","articleSection":["Aktuality"],"inLanguage":"sk-SK"},{"@type":"WebPage","@id":"https:\/\/pmza.sk\/?p=20482","url":"https:\/\/pmza.sk\/?p=20482","name":"BikeKIA l\u00e1ka na jar pln\u00fa cykloz\u00e1\u017eitkov - Pova\u017esk\u00e9 m\u00fazeum","isPartOf":{"@id":"https:\/\/pmza.sk\/#website"},"primaryImageOfPage":{"@id":"https:\/\/pmza.sk\/?p=20482#primaryimage"},"image":{"@id":"https:\/\/pmza.sk\/?p=20482#primaryimage"},"thumbnailUrl":"https:\/\/pmza.sk\/wp-content\/uploads\/2017\/03\/ZSK_Prve-otvorenie-cyklosezony-odstartuju-cyklisti-z-Budatina-zaciatkom-aprila.jpg","datePublished":"2017-03-22T11:31:22+00:00","breadcrumb":{"@id":"https:\/\/pmza.sk\/?p=20482#breadcrumb"},"inLanguage":"sk-SK","potentialAction":[{"@type":"ReadAction","target":["https:\/\/pmza.sk\/?p=20482"]}]},{"@type":"ImageObject","inLanguage":"sk-SK","@id":"https:\/\/pmza.sk\/?p=20482#primaryimage","url":"https:\/\/pmza.sk\/wp-content\/uploads\/2017\/03\/ZSK_Prve-otvorenie-cyklosezony-odstartuju-cyklisti-z-Budatina-zaciatkom-aprila.jpg","contentUrl":"https:\/\/pmza.sk\/wp-content\/uploads\/2017\/03\/ZSK_Prve-otvorenie-cyklosezony-odstartuju-cyklisti-z-Budatina-zaciatkom-aprila.jpg","width":1024,"height":683},{"@type":"BreadcrumbList","@id":"https:\/\/pmza.sk\/?p=20482#breadcrumb","itemListElement":[{"@type":"ListItem","position":1,"name":"Domovsk\u00e1 str\u00e1nka","item":"https:\/\/pmza.sk\/"},{"@type":"ListItem","position":2,"name":"BikeKIA l\u00e1ka na jar pln\u00fa cykloz\u00e1\u017eitkov"}]},{"@type":"WebSite","@id":"https:\/\/pmza.sk\/#website","url":"https:\/\/pmza.sk\/","name":"Pova\u017esk\u00e9 m\u00fazeum","description":"Pova\u017esk\u00e9 m\u00fazeum v \u017diline je region\u00e1lne m\u00fazeum so s\u00eddlom v Budat\u00edne. Jeho expoz\u00edcie s\u00fa zameran\u00e9 na dejiny slovensk\u00e9ho umenia, kult\u00fary a dopravy.","publisher":{"@id":"https:\/\/pmza.sk\/#organization"},"potentialAction":[{"@type":"SearchAction","target":{"@type":"EntryPoint","urlTemplate":"https:\/\/pmza.sk\/?s={search_term_string}"},"query-input":{"@type":"PropertyValueSpecification","valueRequired":true,"valueName":"search_term_string"}}],"inLanguage":"sk-SK"},{"@type":"Organization","@id":"https:\/\/pmza.sk\/#organization","name":"Pova\u017esk\u00e9 m\u00fazeum","url":"https:\/\/pmza.sk\/","logo":{"@type":"ImageObject","inLanguage":"sk-SK","@id":"https:\/\/pmza.sk\/#\/schema\/logo\/image\/","url":"https:\/\/pmza.sk\/wp-content\/uploads\/2022\/01\/logo_PM_horizontal.jpg","contentUrl":"https:\/\/pmza.sk\/wp-content\/uploads\/2022\/01\/logo_PM_horizontal.jpg","width":231,"height":142,"caption":"Pova\u017esk\u00e9 m\u00fazeum"},"image":{"@id":"https:\/\/pmza.sk\/#\/schema\/logo\/image\/"},"sameAs":["https:\/\/www.facebook.com\/povazskemuzeum","https:\/\/www.instagram.com\/povazskemuzeum\/"]},{"@type":"Person","@id":"https:\/\/pmza.sk\/#\/schema\/person\/595e6a2ce731ea94dcd5d7f50a41ae33","name":"Pova\u017esk\u00e9 m\u00fazeum","image":{"@type":"ImageObject","inLanguage":"sk-SK","@id":"https:\/\/secure.gravatar.com\/avatar\/2bb7f1561282132fb5826dfeccc66c7996d11ee392ac6aaf7ced8a1c2027fbb2?s=96&d=mm&r=g","url":"https:\/\/secure.gravatar.com\/avatar\/2bb7f1561282132fb5826dfeccc66c7996d11ee392ac6aaf7ced8a1c2027fbb2?s=96&d=mm&r=g","contentUrl":"https:\/\/secure.gravatar.com\/avatar\/2bb7f1561282132fb5826dfeccc66c7996d11ee392ac6aaf7ced8a1c2027fbb2?s=96&d=mm&r=g","caption":"Pova\u017esk\u00e9 m\u00fazeum"}}]}},"_links":{"self":[{"href":"https:\/\/pmza.sk\/index.php?rest_route=\/wp\/v2\/posts\/20482","targetHints":{"allow":["GET"]}}],"collection":[{"href":"https:\/\/pmza.sk\/index.php?rest_route=\/wp\/v2\/posts"}],"about":[{"href":"https:\/\/pmza.sk\/index.php?rest_route=\/wp\/v2\/types\/post"}],"author":[{"embeddable":true,"href":"https:\/\/pmza.sk\/index.php?rest_route=\/wp\/v2\/users\/2"}],"replies":[{"embeddable":true,"href":"https:\/\/pmza.sk\/index.php?rest_route=%2Fwp%2Fv2%2Fcomments&post=20482"}],"version-history":[{"count":0,"href":"https:\/\/pmza.sk\/index.php?rest_route=\/wp\/v2\/posts\/20482\/revisions"}],"wp:featuredmedia":[{"embeddable":true,"href":"https:\/\/pmza.sk\/index.php?rest_route=\/wp\/v2\/media\/20480"}],"wp:attachment":[{"href":"https:\/\/pmza.sk\/index.php?rest_route=%2Fwp%2Fv2%2Fmedia&parent=20482"}],"wp:term":[{"taxonomy":"category","embeddable":true,"href":"https:\/\/pmza.sk\/index.php?rest_route=%2Fwp%2Fv2%2Fcategories&post=20482"},{"taxonomy":"post_tag","embeddable":true,"href":"https:\/\/pmza.sk\/index.php?rest_route=%2Fwp%2Fv2%2Ftags&post=20482"}],"curies":[{"name":"wp","href":"https:\/\/api.w.org\/{rel}","templated":true}]}}