{"id":20497,"date":"2017-03-22T08:41:41","date_gmt":"2017-03-22T07:41:41","guid":{"rendered":"https:\/\/pmza.sk.sk\/?p=20497"},"modified":"2017-03-22T08:41:41","modified_gmt":"2017-03-22T07:41:41","slug":"budatinsky-platan-na-deviatom-mieste-v-prestiznej-europskej-ankete","status":"publish","type":"post","link":"https:\/\/pmza.sk\/?p=20497","title":{"rendered":"Budat\u00ednsky platan na deviatom mieste v prest\u00ed\u017enej eur\u00f3pskej ankete"},"content":{"rendered":"<p>V\u00a0utorok 21. marca sa pri pr\u00edle\u017eitosti Medzin\u00e1rodn\u00e9ho d\u0148a lesov uskuto\u010dnilo v\u00a0Bruseli sl\u00e1vnostn\u00e9 vyhl\u00e1senie Eur\u00f3pskeho stromu roka. V\u00ed\u0165azom ankety sa stal po\u013esk\u00fd Dub Jozef s\u00a0po\u010dtom hlasov 17 597, n\u00e1\u0161 Budat\u00ednsky platan obsadil s\u00a06 022 hlasmi deviatu prie\u010dku.<\/p>\n<p>Platan javorolist\u00fd z\u00a0Budat\u00ednskeho parku reprezentoval Slovensko v\u00a0medzin\u00e1rodnom kole s\u00fa\u0165a\u017ee Eur\u00f3psky strom roka 2017 po tom, ako sa stal v\u00ed\u0165azom ankety Strom roka 2016. Hlasovanie o Eur\u00f3psky strom roka prebiehalo vo febru\u00e1ri a\u00a0my touto cestou\u00a0 chceme po\u010fakova\u0165 v\u0161etk\u00fdm, ktor\u00ed v ankete Eur\u00f3psky strom roka zahlasovali za n\u00e1\u0161 strom.<\/p>\n<p>Sl\u00e1vnostn\u00e9 vyhl\u00e1senie Eur\u00f3pskeho stromu roka 2017 organizovala asoci\u00e1cia nad\u00e1ci\u00ed Environmental Partnership Association zameran\u00e1 na podporu aktiv\u00edt smeruj\u00facich k ochrane \u017eivotn\u00e9ho prostredia, European Landowners&#8216; Organization a\u00a0TetraPak s\u00a0podporou Juhomoravsk\u00e9ho kraja a Mendelovej univerzity v Brne. V r\u00e1mci Eur\u00f3py hlasovalo v ankete 62 784 \u013eud\u00ed.<\/p>\n<p>V\u00fdsledky ankety n\u00e1jdete <a href=\"https:\/\/www.treeoftheyear.org\/ETY-2\/Uvod.aspx\">TU<\/a><\/p>\n","protected":false},"excerpt":{"rendered":"<p>V\u00a0utorok 21. marca sa pri pr\u00edle\u017eitosti Medzin\u00e1rodn\u00e9ho d\u0148a lesov uskuto\u010dnilo v\u00a0Bruseli sl\u00e1vnostn\u00e9 vyhl\u00e1senie Eur\u00f3pskeho stromu roka. V\u00ed\u0165azom ankety sa stal po\u013esk\u00fd Dub Jozef s\u00a0po\u010dtom hlasov 17 597, n\u00e1\u0161 Budat\u00ednsky platan obsadil s\u00a06 022 hlasmi deviatu prie\u010dku. Platan javorolist\u00fd z\u00a0Budat\u00ednskeho parku reprezentoval Slovensko v\u00a0medzin\u00e1rodnom kole s\u00fa\u0165a\u017ee Eur\u00f3psky strom roka 2017 po tom, ako sa stal v\u00ed\u0165azom [&hellip;]<\/p>\n","protected":false},"author":2,"featured_media":19828,"comment_status":"closed","ping_status":"closed","sticky":false,"template":"","format":"standard","meta":{"site-sidebar-layout":"default","site-content-layout":"","ast-site-content-layout":"","site-content-style":"default","site-sidebar-style":"default","ast-global-header-display":"","ast-banner-title-visibility":"","ast-main-header-display":"","ast-hfb-above-header-display":"","ast-hfb-below-header-display":"","ast-hfb-mobile-header-display":"","site-post-title":"","ast-breadcrumbs-content":"","ast-featured-img":"","footer-sml-layout":"","theme-transparent-header-meta":"","adv-header-id-meta":"","stick-header-meta":"","header-above-stick-meta":"","header-main-stick-meta":"","header-below-stick-meta":"","astra-migrate-meta-layouts":"default","ast-page-background-enabled":"default","ast-page-background-meta":{"desktop":{"background-color":"var(--ast-global-color-4)","background-image":"","background-repeat":"repeat","background-position":"center center","background-size":"auto","background-attachment":"scroll","background-type":"","background-media":"","overlay-type":"","overlay-color":"","overlay-opacity":"","overlay-gradient":""},"tablet":{"background-color":"","background-image":"","background-repeat":"repeat","background-position":"center center","background-size":"auto","background-attachment":"scroll","background-type":"","background-media":"","overlay-type":"","overlay-color":"","overlay-opacity":"","overlay-gradient":""},"mobile":{"background-color":"","background-image":"","background-repeat":"repeat","background-position":"center center","background-size":"auto","background-attachment":"scroll","background-type":"","background-media":"","overlay-type":"","overlay-color":"","overlay-opacity":"","overlay-gradient":""}},"ast-content-background-meta":{"desktop":{"background-color":"var(--ast-global-color-5)","background-image":"","background-repeat":"repeat","background-position":"center center","background-size":"auto","background-attachment":"scroll","background-type":"","background-media":"","overlay-type":"","overlay-color":"","overlay-opacity":"","overlay-gradient":""},"tablet":{"background-color":"var(--ast-global-color-5)","background-image":"","background-repeat":"repeat","background-position":"center center","background-size":"auto","background-attachment":"scroll","background-type":"","background-media":"","overlay-type":"","overlay-color":"","overlay-opacity":"","overlay-gradient":""},"mobile":{"background-color":"var(--ast-global-color-5)","background-image":"","background-repeat":"repeat","background-position":"center center","background-size":"auto","background-attachment":"scroll","background-type":"","background-media":"","overlay-type":"","overlay-color":"","overlay-opacity":"","overlay-gradient":""}},"footnotes":""},"categories":[31],"tags":[],"class_list":["post-20497","post","type-post","status-publish","format-standard","has-post-thumbnail","hentry","category-aktuality"],"yoast_head":"<!-- This site is optimized with the Yoast SEO plugin v27.4 - https:\/\/yoast.com\/product\/yoast-seo-wordpress\/ -->\n<title>Budat\u00ednsky platan na deviatom mieste v prest\u00ed\u017enej eur\u00f3pskej ankete - Pova\u017esk\u00e9 m\u00fazeum<\/title>\n<meta name=\"robots\" content=\"index, follow, max-snippet:-1, max-image-preview:large, max-video-preview:-1\" \/>\n<link rel=\"canonical\" href=\"https:\/\/pmza.sk\/?p=20497\" \/>\n<meta property=\"og:locale\" content=\"sk_SK\" \/>\n<meta property=\"og:type\" content=\"article\" \/>\n<meta property=\"og:title\" content=\"Budat\u00ednsky platan na deviatom mieste v prest\u00ed\u017enej eur\u00f3pskej ankete - Pova\u017esk\u00e9 m\u00fazeum\" \/>\n<meta property=\"og:description\" content=\"V\u00a0utorok 21. marca sa pri pr\u00edle\u017eitosti Medzin\u00e1rodn\u00e9ho d\u0148a lesov uskuto\u010dnilo v\u00a0Bruseli sl\u00e1vnostn\u00e9 vyhl\u00e1senie Eur\u00f3pskeho stromu roka. V\u00ed\u0165azom ankety sa stal po\u013esk\u00fd Dub Jozef s\u00a0po\u010dtom hlasov 17 597, n\u00e1\u0161 Budat\u00ednsky platan obsadil s\u00a06 022 hlasmi deviatu prie\u010dku. Platan javorolist\u00fd z\u00a0Budat\u00ednskeho parku reprezentoval Slovensko v\u00a0medzin\u00e1rodnom kole s\u00fa\u0165a\u017ee Eur\u00f3psky strom roka 2017 po tom, ako sa stal v\u00ed\u0165azom [&hellip;]\" \/>\n<meta property=\"og:url\" content=\"https:\/\/pmza.sk\/?p=20497\" \/>\n<meta property=\"og:site_name\" content=\"Pova\u017esk\u00e9 m\u00fazeum\" \/>\n<meta property=\"article:publisher\" content=\"https:\/\/www.facebook.com\/povazskemuzeum\" \/>\n<meta property=\"article:published_time\" content=\"2017-03-22T07:41:41+00:00\" \/>\n<meta property=\"og:image\" content=\"https:\/\/pmza.sk\/wp-content\/uploads\/2017\/01\/platan-zo-sutaze.jpg\" \/>\n\t<meta property=\"og:image:width\" content=\"870\" \/>\n\t<meta property=\"og:image:height\" content=\"652\" \/>\n\t<meta property=\"og:image:type\" content=\"image\/jpeg\" \/>\n<meta name=\"author\" content=\"Pova\u017esk\u00e9 m\u00fazeum\" \/>\n<meta name=\"twitter:card\" content=\"summary_large_image\" \/>\n<meta name=\"twitter:label1\" content=\"Autor\" \/>\n\t<meta name=\"twitter:data1\" content=\"Pova\u017esk\u00e9 m\u00fazeum\" \/>\n\t<meta name=\"twitter:label2\" content=\"Predpokladan\u00fd \u010das \u010d\u00edtania\" \/>\n\t<meta name=\"twitter:data2\" content=\"1 min\u00fata\" \/>\n<script type=\"application\/ld+json\" class=\"yoast-schema-graph\">{\"@context\":\"https:\\\/\\\/schema.org\",\"@graph\":[{\"@type\":\"Article\",\"@id\":\"https:\\\/\\\/pmza.sk\\\/?p=20497#article\",\"isPartOf\":{\"@id\":\"https:\\\/\\\/pmza.sk\\\/?p=20497\"},\"author\":{\"name\":\"Pova\u017esk\u00e9 m\u00fazeum\",\"@id\":\"https:\\\/\\\/pmza.sk\\\/#\\\/schema\\\/person\\\/595e6a2ce731ea94dcd5d7f50a41ae33\"},\"headline\":\"Budat\u00ednsky platan na deviatom mieste v prest\u00ed\u017enej eur\u00f3pskej ankete\",\"datePublished\":\"2017-03-22T07:41:41+00:00\",\"mainEntityOfPage\":{\"@id\":\"https:\\\/\\\/pmza.sk\\\/?p=20497\"},\"wordCount\":179,\"publisher\":{\"@id\":\"https:\\\/\\\/pmza.sk\\\/#organization\"},\"image\":{\"@id\":\"https:\\\/\\\/pmza.sk\\\/?p=20497#primaryimage\"},\"thumbnailUrl\":\"https:\\\/\\\/pmza.sk\\\/wp-content\\\/uploads\\\/2017\\\/01\\\/platan-zo-sutaze.jpg\",\"articleSection\":[\"Aktuality\"],\"inLanguage\":\"sk-SK\"},{\"@type\":\"WebPage\",\"@id\":\"https:\\\/\\\/pmza.sk\\\/?p=20497\",\"url\":\"https:\\\/\\\/pmza.sk\\\/?p=20497\",\"name\":\"Budat\u00ednsky platan na deviatom mieste v prest\u00ed\u017enej eur\u00f3pskej ankete - Pova\u017esk\u00e9 m\u00fazeum\",\"isPartOf\":{\"@id\":\"https:\\\/\\\/pmza.sk\\\/#website\"},\"primaryImageOfPage\":{\"@id\":\"https:\\\/\\\/pmza.sk\\\/?p=20497#primaryimage\"},\"image\":{\"@id\":\"https:\\\/\\\/pmza.sk\\\/?p=20497#primaryimage\"},\"thumbnailUrl\":\"https:\\\/\\\/pmza.sk\\\/wp-content\\\/uploads\\\/2017\\\/01\\\/platan-zo-sutaze.jpg\",\"datePublished\":\"2017-03-22T07:41:41+00:00\",\"breadcrumb\":{\"@id\":\"https:\\\/\\\/pmza.sk\\\/?p=20497#breadcrumb\"},\"inLanguage\":\"sk-SK\",\"potentialAction\":[{\"@type\":\"ReadAction\",\"target\":[\"https:\\\/\\\/pmza.sk\\\/?p=20497\"]}]},{\"@type\":\"ImageObject\",\"inLanguage\":\"sk-SK\",\"@id\":\"https:\\\/\\\/pmza.sk\\\/?p=20497#primaryimage\",\"url\":\"https:\\\/\\\/pmza.sk\\\/wp-content\\\/uploads\\\/2017\\\/01\\\/platan-zo-sutaze.jpg\",\"contentUrl\":\"https:\\\/\\\/pmza.sk\\\/wp-content\\\/uploads\\\/2017\\\/01\\\/platan-zo-sutaze.jpg\",\"width\":870,\"height\":652},{\"@type\":\"BreadcrumbList\",\"@id\":\"https:\\\/\\\/pmza.sk\\\/?p=20497#breadcrumb\",\"itemListElement\":[{\"@type\":\"ListItem\",\"position\":1,\"name\":\"Domovsk\u00e1 str\u00e1nka\",\"item\":\"https:\\\/\\\/pmza.sk\\\/\"},{\"@type\":\"ListItem\",\"position\":2,\"name\":\"Budat\u00ednsky platan na deviatom mieste v prest\u00ed\u017enej eur\u00f3pskej ankete\"}]},{\"@type\":\"WebSite\",\"@id\":\"https:\\\/\\\/pmza.sk\\\/#website\",\"url\":\"https:\\\/\\\/pmza.sk\\\/\",\"name\":\"Pova\u017esk\u00e9 m\u00fazeum\",\"description\":\"Pova\u017esk\u00e9 m\u00fazeum v \u017diline je region\u00e1lne m\u00fazeum so s\u00eddlom v Budat\u00edne. Jeho expoz\u00edcie s\u00fa zameran\u00e9 na dejiny slovensk\u00e9ho umenia, kult\u00fary a dopravy.\",\"publisher\":{\"@id\":\"https:\\\/\\\/pmza.sk\\\/#organization\"},\"potentialAction\":[{\"@type\":\"SearchAction\",\"target\":{\"@type\":\"EntryPoint\",\"urlTemplate\":\"https:\\\/\\\/pmza.sk\\\/?s={search_term_string}\"},\"query-input\":{\"@type\":\"PropertyValueSpecification\",\"valueRequired\":true,\"valueName\":\"search_term_string\"}}],\"inLanguage\":\"sk-SK\"},{\"@type\":\"Organization\",\"@id\":\"https:\\\/\\\/pmza.sk\\\/#organization\",\"name\":\"Pova\u017esk\u00e9 m\u00fazeum\",\"url\":\"https:\\\/\\\/pmza.sk\\\/\",\"logo\":{\"@type\":\"ImageObject\",\"inLanguage\":\"sk-SK\",\"@id\":\"https:\\\/\\\/pmza.sk\\\/#\\\/schema\\\/logo\\\/image\\\/\",\"url\":\"https:\\\/\\\/pmza.sk\\\/wp-content\\\/uploads\\\/2022\\\/01\\\/logo_PM_horizontal.jpg\",\"contentUrl\":\"https:\\\/\\\/pmza.sk\\\/wp-content\\\/uploads\\\/2022\\\/01\\\/logo_PM_horizontal.jpg\",\"width\":231,\"height\":142,\"caption\":\"Pova\u017esk\u00e9 m\u00fazeum\"},\"image\":{\"@id\":\"https:\\\/\\\/pmza.sk\\\/#\\\/schema\\\/logo\\\/image\\\/\"},\"sameAs\":[\"https:\\\/\\\/www.facebook.com\\\/povazskemuzeum\",\"https:\\\/\\\/www.instagram.com\\\/povazskemuzeum\\\/\"]},{\"@type\":\"Person\",\"@id\":\"https:\\\/\\\/pmza.sk\\\/#\\\/schema\\\/person\\\/595e6a2ce731ea94dcd5d7f50a41ae33\",\"name\":\"Pova\u017esk\u00e9 m\u00fazeum\",\"image\":{\"@type\":\"ImageObject\",\"inLanguage\":\"sk-SK\",\"@id\":\"https:\\\/\\\/secure.gravatar.com\\\/avatar\\\/2bb7f1561282132fb5826dfeccc66c7996d11ee392ac6aaf7ced8a1c2027fbb2?s=96&d=mm&r=g\",\"url\":\"https:\\\/\\\/secure.gravatar.com\\\/avatar\\\/2bb7f1561282132fb5826dfeccc66c7996d11ee392ac6aaf7ced8a1c2027fbb2?s=96&d=mm&r=g\",\"contentUrl\":\"https:\\\/\\\/secure.gravatar.com\\\/avatar\\\/2bb7f1561282132fb5826dfeccc66c7996d11ee392ac6aaf7ced8a1c2027fbb2?s=96&d=mm&r=g\",\"caption\":\"Pova\u017esk\u00e9 m\u00fazeum\"}}]}<\/script>\n<!-- \/ Yoast SEO plugin. -->","yoast_head_json":{"title":"Budat\u00ednsky platan na deviatom mieste v prest\u00ed\u017enej eur\u00f3pskej ankete - Pova\u017esk\u00e9 m\u00fazeum","robots":{"index":"index","follow":"follow","max-snippet":"max-snippet:-1","max-image-preview":"max-image-preview:large","max-video-preview":"max-video-preview:-1"},"canonical":"https:\/\/pmza.sk\/?p=20497","og_locale":"sk_SK","og_type":"article","og_title":"Budat\u00ednsky platan na deviatom mieste v prest\u00ed\u017enej eur\u00f3pskej ankete - Pova\u017esk\u00e9 m\u00fazeum","og_description":"V\u00a0utorok 21. marca sa pri pr\u00edle\u017eitosti Medzin\u00e1rodn\u00e9ho d\u0148a lesov uskuto\u010dnilo v\u00a0Bruseli sl\u00e1vnostn\u00e9 vyhl\u00e1senie Eur\u00f3pskeho stromu roka. V\u00ed\u0165azom ankety sa stal po\u013esk\u00fd Dub Jozef s\u00a0po\u010dtom hlasov 17 597, n\u00e1\u0161 Budat\u00ednsky platan obsadil s\u00a06 022 hlasmi deviatu prie\u010dku. Platan javorolist\u00fd z\u00a0Budat\u00ednskeho parku reprezentoval Slovensko v\u00a0medzin\u00e1rodnom kole s\u00fa\u0165a\u017ee Eur\u00f3psky strom roka 2017 po tom, ako sa stal v\u00ed\u0165azom [&hellip;]","og_url":"https:\/\/pmza.sk\/?p=20497","og_site_name":"Pova\u017esk\u00e9 m\u00fazeum","article_publisher":"https:\/\/www.facebook.com\/povazskemuzeum","article_published_time":"2017-03-22T07:41:41+00:00","og_image":[{"width":870,"height":652,"url":"https:\/\/pmza.sk\/wp-content\/uploads\/2017\/01\/platan-zo-sutaze.jpg","type":"image\/jpeg"}],"author":"Pova\u017esk\u00e9 m\u00fazeum","twitter_card":"summary_large_image","twitter_misc":{"Autor":"Pova\u017esk\u00e9 m\u00fazeum","Predpokladan\u00fd \u010das \u010d\u00edtania":"1 min\u00fata"},"schema":{"@context":"https:\/\/schema.org","@graph":[{"@type":"Article","@id":"https:\/\/pmza.sk\/?p=20497#article","isPartOf":{"@id":"https:\/\/pmza.sk\/?p=20497"},"author":{"name":"Pova\u017esk\u00e9 m\u00fazeum","@id":"https:\/\/pmza.sk\/#\/schema\/person\/595e6a2ce731ea94dcd5d7f50a41ae33"},"headline":"Budat\u00ednsky platan na deviatom mieste v prest\u00ed\u017enej eur\u00f3pskej ankete","datePublished":"2017-03-22T07:41:41+00:00","mainEntityOfPage":{"@id":"https:\/\/pmza.sk\/?p=20497"},"wordCount":179,"publisher":{"@id":"https:\/\/pmza.sk\/#organization"},"image":{"@id":"https:\/\/pmza.sk\/?p=20497#primaryimage"},"thumbnailUrl":"https:\/\/pmza.sk\/wp-content\/uploads\/2017\/01\/platan-zo-sutaze.jpg","articleSection":["Aktuality"],"inLanguage":"sk-SK"},{"@type":"WebPage","@id":"https:\/\/pmza.sk\/?p=20497","url":"https:\/\/pmza.sk\/?p=20497","name":"Budat\u00ednsky platan na deviatom mieste v prest\u00ed\u017enej eur\u00f3pskej ankete - Pova\u017esk\u00e9 m\u00fazeum","isPartOf":{"@id":"https:\/\/pmza.sk\/#website"},"primaryImageOfPage":{"@id":"https:\/\/pmza.sk\/?p=20497#primaryimage"},"image":{"@id":"https:\/\/pmza.sk\/?p=20497#primaryimage"},"thumbnailUrl":"https:\/\/pmza.sk\/wp-content\/uploads\/2017\/01\/platan-zo-sutaze.jpg","datePublished":"2017-03-22T07:41:41+00:00","breadcrumb":{"@id":"https:\/\/pmza.sk\/?p=20497#breadcrumb"},"inLanguage":"sk-SK","potentialAction":[{"@type":"ReadAction","target":["https:\/\/pmza.sk\/?p=20497"]}]},{"@type":"ImageObject","inLanguage":"sk-SK","@id":"https:\/\/pmza.sk\/?p=20497#primaryimage","url":"https:\/\/pmza.sk\/wp-content\/uploads\/2017\/01\/platan-zo-sutaze.jpg","contentUrl":"https:\/\/pmza.sk\/wp-content\/uploads\/2017\/01\/platan-zo-sutaze.jpg","width":870,"height":652},{"@type":"BreadcrumbList","@id":"https:\/\/pmza.sk\/?p=20497#breadcrumb","itemListElement":[{"@type":"ListItem","position":1,"name":"Domovsk\u00e1 str\u00e1nka","item":"https:\/\/pmza.sk\/"},{"@type":"ListItem","position":2,"name":"Budat\u00ednsky platan na deviatom mieste v prest\u00ed\u017enej eur\u00f3pskej ankete"}]},{"@type":"WebSite","@id":"https:\/\/pmza.sk\/#website","url":"https:\/\/pmza.sk\/","name":"Pova\u017esk\u00e9 m\u00fazeum","description":"Pova\u017esk\u00e9 m\u00fazeum v \u017diline je region\u00e1lne m\u00fazeum so s\u00eddlom v Budat\u00edne. Jeho expoz\u00edcie s\u00fa zameran\u00e9 na dejiny slovensk\u00e9ho umenia, kult\u00fary a dopravy.","publisher":{"@id":"https:\/\/pmza.sk\/#organization"},"potentialAction":[{"@type":"SearchAction","target":{"@type":"EntryPoint","urlTemplate":"https:\/\/pmza.sk\/?s={search_term_string}"},"query-input":{"@type":"PropertyValueSpecification","valueRequired":true,"valueName":"search_term_string"}}],"inLanguage":"sk-SK"},{"@type":"Organization","@id":"https:\/\/pmza.sk\/#organization","name":"Pova\u017esk\u00e9 m\u00fazeum","url":"https:\/\/pmza.sk\/","logo":{"@type":"ImageObject","inLanguage":"sk-SK","@id":"https:\/\/pmza.sk\/#\/schema\/logo\/image\/","url":"https:\/\/pmza.sk\/wp-content\/uploads\/2022\/01\/logo_PM_horizontal.jpg","contentUrl":"https:\/\/pmza.sk\/wp-content\/uploads\/2022\/01\/logo_PM_horizontal.jpg","width":231,"height":142,"caption":"Pova\u017esk\u00e9 m\u00fazeum"},"image":{"@id":"https:\/\/pmza.sk\/#\/schema\/logo\/image\/"},"sameAs":["https:\/\/www.facebook.com\/povazskemuzeum","https:\/\/www.instagram.com\/povazskemuzeum\/"]},{"@type":"Person","@id":"https:\/\/pmza.sk\/#\/schema\/person\/595e6a2ce731ea94dcd5d7f50a41ae33","name":"Pova\u017esk\u00e9 m\u00fazeum","image":{"@type":"ImageObject","inLanguage":"sk-SK","@id":"https:\/\/secure.gravatar.com\/avatar\/2bb7f1561282132fb5826dfeccc66c7996d11ee392ac6aaf7ced8a1c2027fbb2?s=96&d=mm&r=g","url":"https:\/\/secure.gravatar.com\/avatar\/2bb7f1561282132fb5826dfeccc66c7996d11ee392ac6aaf7ced8a1c2027fbb2?s=96&d=mm&r=g","contentUrl":"https:\/\/secure.gravatar.com\/avatar\/2bb7f1561282132fb5826dfeccc66c7996d11ee392ac6aaf7ced8a1c2027fbb2?s=96&d=mm&r=g","caption":"Pova\u017esk\u00e9 m\u00fazeum"}}]}},"_links":{"self":[{"href":"https:\/\/pmza.sk\/index.php?rest_route=\/wp\/v2\/posts\/20497","targetHints":{"allow":["GET"]}}],"collection":[{"href":"https:\/\/pmza.sk\/index.php?rest_route=\/wp\/v2\/posts"}],"about":[{"href":"https:\/\/pmza.sk\/index.php?rest_route=\/wp\/v2\/types\/post"}],"author":[{"embeddable":true,"href":"https:\/\/pmza.sk\/index.php?rest_route=\/wp\/v2\/users\/2"}],"replies":[{"embeddable":true,"href":"https:\/\/pmza.sk\/index.php?rest_route=%2Fwp%2Fv2%2Fcomments&post=20497"}],"version-history":[{"count":0,"href":"https:\/\/pmza.sk\/index.php?rest_route=\/wp\/v2\/posts\/20497\/revisions"}],"wp:featuredmedia":[{"embeddable":true,"href":"https:\/\/pmza.sk\/index.php?rest_route=\/wp\/v2\/media\/19828"}],"wp:attachment":[{"href":"https:\/\/pmza.sk\/index.php?rest_route=%2Fwp%2Fv2%2Fmedia&parent=20497"}],"wp:term":[{"taxonomy":"category","embeddable":true,"href":"https:\/\/pmza.sk\/index.php?rest_route=%2Fwp%2Fv2%2Fcategories&post=20497"},{"taxonomy":"post_tag","embeddable":true,"href":"https:\/\/pmza.sk\/index.php?rest_route=%2Fwp%2Fv2%2Ftags&post=20497"}],"curies":[{"name":"wp","href":"https:\/\/api.w.org\/{rel}","templated":true}]}}