{"id":20592,"date":"2017-03-31T09:01:29","date_gmt":"2017-03-31T07:01:29","guid":{"rendered":"https:\/\/pmza.sk.sk\/?p=20592"},"modified":"2017-03-31T09:01:29","modified_gmt":"2017-03-31T07:01:29","slug":"aj-budatinska-veza-ziari-modrou","status":"publish","type":"post","link":"https:\/\/pmza.sk\/?p=20592","title":{"rendered":"Aj Budat\u00ednska ve\u017ea \u017eiari modrou"},"content":{"rendered":"<p><strong>\u017dilinsk\u00e1 radnica, Burianova ve\u017ea a\u00a0Budat\u00ednska ve\u017ea sa v\u00a0nede\u013eu 2. apr\u00edla 2017 zahalia do modrej farby. Mesto \u017dilina takouto formou vyjadr\u00ed svoju solidaritu s\u00a0\u013eu\u010fmi trpiacimi autizmom a\u00a0zapoj\u00ed sa do Svetov\u00e9ho d\u0148a povedomia o\u00a0autizme.<\/strong><\/p>\n<p>Svetov\u00fd de\u0148 povedomia o\u00a0autizme si na celom svete pripom\u00edname u\u017e od roku 2008, kedy sa prv\u00fd kr\u00e1t uskuto\u010dnil. Po\u010das tohto d\u0148a sa organiz\u00e1tori sna\u017eia informova\u0165 a\u00a0obozn\u00e1mi\u0165 verejnos\u0165 s\u00a0problematikou autizmu. S\u00fa\u010das\u0165ou tohto podujatia je aj vysvietenie v\u00fdznamn\u00fdch budov a pam\u00e4tihodnost\u00ed modrou farbou po celom svete.<\/p>\n<p>Modr\u00e1 farba je \u00fastrednou farbou celosvetovej kampane\u00a0 <strong>LIGHT\u00a0 IT\u00a0 UP\u00a0 BLUE \u2013 VYSVIE\u0164ME TO NA MODRO<\/strong>, za ktorou stoj\u00ed v\u00fdznamn\u00e1 svetov\u00e1 organiz\u00e1cia Autism Speak. Organiz\u00e1cia p\u00f4sobiaca na \u00fazem\u00ed \u017diliny <strong>SPOSA \u2013 \u017dR<\/strong> (Spolo\u010dnos\u0165 na pomoc osob\u00e1m s\u00a0autizmom \u2013 \u017dilinsk\u00fd regi\u00f3n) sa do tejto kampane zapoj\u00ed u\u017e po piatykr\u00e1t spolo\u010dne s\u00a0mestom \u017dilina a\u00a0Pova\u017esk\u00fdm m\u00fazeom.<\/p>\n<p>Modr\u00e1 sa z\u00e1rove\u0148 stala farbou komunik\u00e1cie a symbolom autizmu, v\u00fdvinovej poruchy, ktor\u00e1 ovplyv\u0148uje v\u00a0s\u00fa\u010dasnosti viac ako 67 mili\u00f3nov \u013eud\u00ed na celom svete. Na Slovensku trp\u00ed autizmom pribli\u017ene 1 \u2013 2% popul\u00e1cie, pri\u010dom postihuje 4-kr\u00e1t \u010dastej\u0161ie chlapcov ako diev\u010dat\u00e1.<\/p>\n<p><strong>\u00a0<\/strong><\/p>\n<p style=\"text-align: right;\"><strong>PhDr. Pavol \u010corba<br \/>hovorca mesta<\/strong><\/p>\n<p style=\"text-align: right;\">\u00a0<\/p>\n<p style=\"text-align: left;\">Fotografie z minul\u00e9ho roka &#8211; autor Adri\u00e1n Vavro Photography<br \/><a href=\"https:\/\/pmza.sk\/wp-content\/uploads\/2016\/04\/MG_7235-Adrian-Vavro-Photography.jpg\"><img decoding=\"async\" class=\"alignleft  wp-image-15398\" src=\"https:\/\/pmza.sk.sk\/wp-content\/uploads\/2016\/04\/MG_7235-Adri\u00e1n-Vavro-Photography-150x150.jpg\" alt=\"\" width=\"204\" height=\"204\" \/><\/a><a href=\"https:\/\/pmza.sk\/wp-content\/uploads\/2016\/04\/MG_7233-Adrian-Vavro-Photography.jpg\"><img decoding=\"async\" class=\"alignleft  wp-image-15397\" src=\"https:\/\/pmza.sk.sk\/wp-content\/uploads\/2016\/04\/MG_7233-Adri\u00e1n-Vavro-Photography-150x150.jpg\" alt=\"\" width=\"205\" height=\"205\" \/><\/a><a href=\"https:\/\/pmza.sk\/wp-content\/uploads\/2016\/04\/MG_7230-Adrian-Vavro-Photography.jpg\"><img decoding=\"async\" class=\"alignleft  wp-image-15396\" src=\"https:\/\/pmza.sk.sk\/wp-content\/uploads\/2016\/04\/MG_7230-Adri\u00e1n-Vavro-Photography-150x150.jpg\" alt=\"\" width=\"204\" height=\"204\" \/><\/a><a href=\"https:\/\/pmza.sk\/wp-content\/uploads\/2016\/04\/IMG_7511-Adrian-Vavro-Photography.jpg\"><img loading=\"lazy\" decoding=\"async\" class=\"alignleft  wp-image-15428\" src=\"https:\/\/pmza.sk.sk\/wp-content\/uploads\/2016\/04\/IMG_7511-Adri\u00e1n-Vavro-Photography-150x150.jpg\" alt=\"\" width=\"203\" height=\"203\" \/><\/a><\/p>\n","protected":false},"excerpt":{"rendered":"<p>\u017dilinsk\u00e1 radnica, Burianova ve\u017ea a\u00a0Budat\u00ednska ve\u017ea sa v\u00a0nede\u013eu 2. apr\u00edla 2017 zahalia do modrej farby. Mesto \u017dilina takouto formou vyjadr\u00ed svoju solidaritu s\u00a0\u013eu\u010fmi trpiacimi autizmom a\u00a0zapoj\u00ed sa do Svetov\u00e9ho d\u0148a povedomia o\u00a0autizme. Svetov\u00fd de\u0148 povedomia o\u00a0autizme si na celom svete pripom\u00edname u\u017e od roku 2008, kedy sa prv\u00fd kr\u00e1t uskuto\u010dnil. Po\u010das tohto d\u0148a sa organiz\u00e1tori [&hellip;]<\/p>\n","protected":false},"author":2,"featured_media":15428,"comment_status":"closed","ping_status":"closed","sticky":false,"template":"","format":"standard","meta":{"site-sidebar-layout":"default","site-content-layout":"","ast-site-content-layout":"","site-content-style":"default","site-sidebar-style":"default","ast-global-header-display":"","ast-banner-title-visibility":"","ast-main-header-display":"","ast-hfb-above-header-display":"","ast-hfb-below-header-display":"","ast-hfb-mobile-header-display":"","site-post-title":"","ast-breadcrumbs-content":"","ast-featured-img":"","footer-sml-layout":"","theme-transparent-header-meta":"","adv-header-id-meta":"","stick-header-meta":"","header-above-stick-meta":"","header-main-stick-meta":"","header-below-stick-meta":"","astra-migrate-meta-layouts":"default","ast-page-background-enabled":"default","ast-page-background-meta":{"desktop":{"background-color":"var(--ast-global-color-4)","background-image":"","background-repeat":"repeat","background-position":"center center","background-size":"auto","background-attachment":"scroll","background-type":"","background-media":"","overlay-type":"","overlay-color":"","overlay-opacity":"","overlay-gradient":""},"tablet":{"background-color":"","background-image":"","background-repeat":"repeat","background-position":"center center","background-size":"auto","background-attachment":"scroll","background-type":"","background-media":"","overlay-type":"","overlay-color":"","overlay-opacity":"","overlay-gradient":""},"mobile":{"background-color":"","background-image":"","background-repeat":"repeat","background-position":"center center","background-size":"auto","background-attachment":"scroll","background-type":"","background-media":"","overlay-type":"","overlay-color":"","overlay-opacity":"","overlay-gradient":""}},"ast-content-background-meta":{"desktop":{"background-color":"var(--ast-global-color-5)","background-image":"","background-repeat":"repeat","background-position":"center center","background-size":"auto","background-attachment":"scroll","background-type":"","background-media":"","overlay-type":"","overlay-color":"","overlay-opacity":"","overlay-gradient":""},"tablet":{"background-color":"var(--ast-global-color-5)","background-image":"","background-repeat":"repeat","background-position":"center center","background-size":"auto","background-attachment":"scroll","background-type":"","background-media":"","overlay-type":"","overlay-color":"","overlay-opacity":"","overlay-gradient":""},"mobile":{"background-color":"var(--ast-global-color-5)","background-image":"","background-repeat":"repeat","background-position":"center center","background-size":"auto","background-attachment":"scroll","background-type":"","background-media":"","overlay-type":"","overlay-color":"","overlay-opacity":"","overlay-gradient":""}},"footnotes":""},"categories":[31],"tags":[],"class_list":["post-20592","post","type-post","status-publish","format-standard","has-post-thumbnail","hentry","category-aktuality"],"yoast_head":"<!-- This site is optimized with the Yoast SEO plugin v27.4 - https:\/\/yoast.com\/product\/yoast-seo-wordpress\/ -->\n<title>Aj Budat\u00ednska ve\u017ea \u017eiari modrou - Pova\u017esk\u00e9 m\u00fazeum<\/title>\n<meta name=\"robots\" content=\"index, follow, max-snippet:-1, max-image-preview:large, max-video-preview:-1\" \/>\n<link rel=\"canonical\" href=\"https:\/\/pmza.sk\/?p=20592\" \/>\n<meta property=\"og:locale\" content=\"sk_SK\" \/>\n<meta property=\"og:type\" content=\"article\" \/>\n<meta property=\"og:title\" content=\"Aj Budat\u00ednska ve\u017ea \u017eiari modrou - Pova\u017esk\u00e9 m\u00fazeum\" \/>\n<meta property=\"og:description\" content=\"\u017dilinsk\u00e1 radnica, Burianova ve\u017ea a\u00a0Budat\u00ednska ve\u017ea sa v\u00a0nede\u013eu 2. apr\u00edla 2017 zahalia do modrej farby. Mesto \u017dilina takouto formou vyjadr\u00ed svoju solidaritu s\u00a0\u013eu\u010fmi trpiacimi autizmom a\u00a0zapoj\u00ed sa do Svetov\u00e9ho d\u0148a povedomia o\u00a0autizme. Svetov\u00fd de\u0148 povedomia o\u00a0autizme si na celom svete pripom\u00edname u\u017e od roku 2008, kedy sa prv\u00fd kr\u00e1t uskuto\u010dnil. Po\u010das tohto d\u0148a sa organiz\u00e1tori [&hellip;]\" \/>\n<meta property=\"og:url\" content=\"https:\/\/pmza.sk\/?p=20592\" \/>\n<meta property=\"og:site_name\" content=\"Pova\u017esk\u00e9 m\u00fazeum\" \/>\n<meta property=\"article:publisher\" content=\"https:\/\/www.facebook.com\/povazskemuzeum\" \/>\n<meta property=\"article:published_time\" content=\"2017-03-31T07:01:29+00:00\" \/>\n<meta property=\"og:image\" content=\"https:\/\/pmza.sk\/wp-content\/uploads\/2016\/04\/IMG_7511-Adrian-Vavro-Photography.jpg\" \/>\n\t<meta property=\"og:image:width\" content=\"1024\" \/>\n\t<meta property=\"og:image:height\" content=\"683\" \/>\n\t<meta property=\"og:image:type\" content=\"image\/jpeg\" \/>\n<meta name=\"author\" content=\"Pova\u017esk\u00e9 m\u00fazeum\" \/>\n<meta name=\"twitter:card\" content=\"summary_large_image\" \/>\n<meta name=\"twitter:label1\" content=\"Autor\" \/>\n\t<meta name=\"twitter:data1\" content=\"Pova\u017esk\u00e9 m\u00fazeum\" \/>\n\t<meta name=\"twitter:label2\" content=\"Predpokladan\u00fd \u010das \u010d\u00edtania\" \/>\n\t<meta name=\"twitter:data2\" content=\"1 min\u00fata\" \/>\n<script type=\"application\/ld+json\" class=\"yoast-schema-graph\">{\"@context\":\"https:\\\/\\\/schema.org\",\"@graph\":[{\"@type\":\"Article\",\"@id\":\"https:\\\/\\\/pmza.sk\\\/?p=20592#article\",\"isPartOf\":{\"@id\":\"https:\\\/\\\/pmza.sk\\\/?p=20592\"},\"author\":{\"name\":\"Pova\u017esk\u00e9 m\u00fazeum\",\"@id\":\"https:\\\/\\\/pmza.sk\\\/#\\\/schema\\\/person\\\/595e6a2ce731ea94dcd5d7f50a41ae33\"},\"headline\":\"Aj Budat\u00ednska ve\u017ea \u017eiari modrou\",\"datePublished\":\"2017-03-31T07:01:29+00:00\",\"mainEntityOfPage\":{\"@id\":\"https:\\\/\\\/pmza.sk\\\/?p=20592\"},\"wordCount\":237,\"publisher\":{\"@id\":\"https:\\\/\\\/pmza.sk\\\/#organization\"},\"image\":{\"@id\":\"https:\\\/\\\/pmza.sk\\\/?p=20592#primaryimage\"},\"thumbnailUrl\":\"https:\\\/\\\/pmza.sk\\\/wp-content\\\/uploads\\\/2016\\\/04\\\/IMG_7511-Adrian-Vavro-Photography.jpg\",\"articleSection\":[\"Aktuality\"],\"inLanguage\":\"sk-SK\"},{\"@type\":\"WebPage\",\"@id\":\"https:\\\/\\\/pmza.sk\\\/?p=20592\",\"url\":\"https:\\\/\\\/pmza.sk\\\/?p=20592\",\"name\":\"Aj Budat\u00ednska ve\u017ea \u017eiari modrou - Pova\u017esk\u00e9 m\u00fazeum\",\"isPartOf\":{\"@id\":\"https:\\\/\\\/pmza.sk\\\/#website\"},\"primaryImageOfPage\":{\"@id\":\"https:\\\/\\\/pmza.sk\\\/?p=20592#primaryimage\"},\"image\":{\"@id\":\"https:\\\/\\\/pmza.sk\\\/?p=20592#primaryimage\"},\"thumbnailUrl\":\"https:\\\/\\\/pmza.sk\\\/wp-content\\\/uploads\\\/2016\\\/04\\\/IMG_7511-Adrian-Vavro-Photography.jpg\",\"datePublished\":\"2017-03-31T07:01:29+00:00\",\"breadcrumb\":{\"@id\":\"https:\\\/\\\/pmza.sk\\\/?p=20592#breadcrumb\"},\"inLanguage\":\"sk-SK\",\"potentialAction\":[{\"@type\":\"ReadAction\",\"target\":[\"https:\\\/\\\/pmza.sk\\\/?p=20592\"]}]},{\"@type\":\"ImageObject\",\"inLanguage\":\"sk-SK\",\"@id\":\"https:\\\/\\\/pmza.sk\\\/?p=20592#primaryimage\",\"url\":\"https:\\\/\\\/pmza.sk\\\/wp-content\\\/uploads\\\/2016\\\/04\\\/IMG_7511-Adrian-Vavro-Photography.jpg\",\"contentUrl\":\"https:\\\/\\\/pmza.sk\\\/wp-content\\\/uploads\\\/2016\\\/04\\\/IMG_7511-Adrian-Vavro-Photography.jpg\",\"width\":1024,\"height\":683},{\"@type\":\"BreadcrumbList\",\"@id\":\"https:\\\/\\\/pmza.sk\\\/?p=20592#breadcrumb\",\"itemListElement\":[{\"@type\":\"ListItem\",\"position\":1,\"name\":\"Domovsk\u00e1 str\u00e1nka\",\"item\":\"https:\\\/\\\/pmza.sk\\\/\"},{\"@type\":\"ListItem\",\"position\":2,\"name\":\"Aj Budat\u00ednska ve\u017ea \u017eiari modrou\"}]},{\"@type\":\"WebSite\",\"@id\":\"https:\\\/\\\/pmza.sk\\\/#website\",\"url\":\"https:\\\/\\\/pmza.sk\\\/\",\"name\":\"Pova\u017esk\u00e9 m\u00fazeum\",\"description\":\"Pova\u017esk\u00e9 m\u00fazeum v \u017diline je region\u00e1lne m\u00fazeum so s\u00eddlom v Budat\u00edne. Jeho expoz\u00edcie s\u00fa zameran\u00e9 na dejiny slovensk\u00e9ho umenia, kult\u00fary a dopravy.\",\"publisher\":{\"@id\":\"https:\\\/\\\/pmza.sk\\\/#organization\"},\"potentialAction\":[{\"@type\":\"SearchAction\",\"target\":{\"@type\":\"EntryPoint\",\"urlTemplate\":\"https:\\\/\\\/pmza.sk\\\/?s={search_term_string}\"},\"query-input\":{\"@type\":\"PropertyValueSpecification\",\"valueRequired\":true,\"valueName\":\"search_term_string\"}}],\"inLanguage\":\"sk-SK\"},{\"@type\":\"Organization\",\"@id\":\"https:\\\/\\\/pmza.sk\\\/#organization\",\"name\":\"Pova\u017esk\u00e9 m\u00fazeum\",\"url\":\"https:\\\/\\\/pmza.sk\\\/\",\"logo\":{\"@type\":\"ImageObject\",\"inLanguage\":\"sk-SK\",\"@id\":\"https:\\\/\\\/pmza.sk\\\/#\\\/schema\\\/logo\\\/image\\\/\",\"url\":\"https:\\\/\\\/pmza.sk\\\/wp-content\\\/uploads\\\/2022\\\/01\\\/logo_PM_horizontal.jpg\",\"contentUrl\":\"https:\\\/\\\/pmza.sk\\\/wp-content\\\/uploads\\\/2022\\\/01\\\/logo_PM_horizontal.jpg\",\"width\":231,\"height\":142,\"caption\":\"Pova\u017esk\u00e9 m\u00fazeum\"},\"image\":{\"@id\":\"https:\\\/\\\/pmza.sk\\\/#\\\/schema\\\/logo\\\/image\\\/\"},\"sameAs\":[\"https:\\\/\\\/www.facebook.com\\\/povazskemuzeum\",\"https:\\\/\\\/www.instagram.com\\\/povazskemuzeum\\\/\"]},{\"@type\":\"Person\",\"@id\":\"https:\\\/\\\/pmza.sk\\\/#\\\/schema\\\/person\\\/595e6a2ce731ea94dcd5d7f50a41ae33\",\"name\":\"Pova\u017esk\u00e9 m\u00fazeum\",\"image\":{\"@type\":\"ImageObject\",\"inLanguage\":\"sk-SK\",\"@id\":\"https:\\\/\\\/secure.gravatar.com\\\/avatar\\\/2bb7f1561282132fb5826dfeccc66c7996d11ee392ac6aaf7ced8a1c2027fbb2?s=96&d=mm&r=g\",\"url\":\"https:\\\/\\\/secure.gravatar.com\\\/avatar\\\/2bb7f1561282132fb5826dfeccc66c7996d11ee392ac6aaf7ced8a1c2027fbb2?s=96&d=mm&r=g\",\"contentUrl\":\"https:\\\/\\\/secure.gravatar.com\\\/avatar\\\/2bb7f1561282132fb5826dfeccc66c7996d11ee392ac6aaf7ced8a1c2027fbb2?s=96&d=mm&r=g\",\"caption\":\"Pova\u017esk\u00e9 m\u00fazeum\"}}]}<\/script>\n<!-- \/ Yoast SEO plugin. -->","yoast_head_json":{"title":"Aj Budat\u00ednska ve\u017ea \u017eiari modrou - Pova\u017esk\u00e9 m\u00fazeum","robots":{"index":"index","follow":"follow","max-snippet":"max-snippet:-1","max-image-preview":"max-image-preview:large","max-video-preview":"max-video-preview:-1"},"canonical":"https:\/\/pmza.sk\/?p=20592","og_locale":"sk_SK","og_type":"article","og_title":"Aj Budat\u00ednska ve\u017ea \u017eiari modrou - Pova\u017esk\u00e9 m\u00fazeum","og_description":"\u017dilinsk\u00e1 radnica, Burianova ve\u017ea a\u00a0Budat\u00ednska ve\u017ea sa v\u00a0nede\u013eu 2. apr\u00edla 2017 zahalia do modrej farby. Mesto \u017dilina takouto formou vyjadr\u00ed svoju solidaritu s\u00a0\u013eu\u010fmi trpiacimi autizmom a\u00a0zapoj\u00ed sa do Svetov\u00e9ho d\u0148a povedomia o\u00a0autizme. Svetov\u00fd de\u0148 povedomia o\u00a0autizme si na celom svete pripom\u00edname u\u017e od roku 2008, kedy sa prv\u00fd kr\u00e1t uskuto\u010dnil. Po\u010das tohto d\u0148a sa organiz\u00e1tori [&hellip;]","og_url":"https:\/\/pmza.sk\/?p=20592","og_site_name":"Pova\u017esk\u00e9 m\u00fazeum","article_publisher":"https:\/\/www.facebook.com\/povazskemuzeum","article_published_time":"2017-03-31T07:01:29+00:00","og_image":[{"width":1024,"height":683,"url":"https:\/\/pmza.sk\/wp-content\/uploads\/2016\/04\/IMG_7511-Adrian-Vavro-Photography.jpg","type":"image\/jpeg"}],"author":"Pova\u017esk\u00e9 m\u00fazeum","twitter_card":"summary_large_image","twitter_misc":{"Autor":"Pova\u017esk\u00e9 m\u00fazeum","Predpokladan\u00fd \u010das \u010d\u00edtania":"1 min\u00fata"},"schema":{"@context":"https:\/\/schema.org","@graph":[{"@type":"Article","@id":"https:\/\/pmza.sk\/?p=20592#article","isPartOf":{"@id":"https:\/\/pmza.sk\/?p=20592"},"author":{"name":"Pova\u017esk\u00e9 m\u00fazeum","@id":"https:\/\/pmza.sk\/#\/schema\/person\/595e6a2ce731ea94dcd5d7f50a41ae33"},"headline":"Aj Budat\u00ednska ve\u017ea \u017eiari modrou","datePublished":"2017-03-31T07:01:29+00:00","mainEntityOfPage":{"@id":"https:\/\/pmza.sk\/?p=20592"},"wordCount":237,"publisher":{"@id":"https:\/\/pmza.sk\/#organization"},"image":{"@id":"https:\/\/pmza.sk\/?p=20592#primaryimage"},"thumbnailUrl":"https:\/\/pmza.sk\/wp-content\/uploads\/2016\/04\/IMG_7511-Adrian-Vavro-Photography.jpg","articleSection":["Aktuality"],"inLanguage":"sk-SK"},{"@type":"WebPage","@id":"https:\/\/pmza.sk\/?p=20592","url":"https:\/\/pmza.sk\/?p=20592","name":"Aj Budat\u00ednska ve\u017ea \u017eiari modrou - Pova\u017esk\u00e9 m\u00fazeum","isPartOf":{"@id":"https:\/\/pmza.sk\/#website"},"primaryImageOfPage":{"@id":"https:\/\/pmza.sk\/?p=20592#primaryimage"},"image":{"@id":"https:\/\/pmza.sk\/?p=20592#primaryimage"},"thumbnailUrl":"https:\/\/pmza.sk\/wp-content\/uploads\/2016\/04\/IMG_7511-Adrian-Vavro-Photography.jpg","datePublished":"2017-03-31T07:01:29+00:00","breadcrumb":{"@id":"https:\/\/pmza.sk\/?p=20592#breadcrumb"},"inLanguage":"sk-SK","potentialAction":[{"@type":"ReadAction","target":["https:\/\/pmza.sk\/?p=20592"]}]},{"@type":"ImageObject","inLanguage":"sk-SK","@id":"https:\/\/pmza.sk\/?p=20592#primaryimage","url":"https:\/\/pmza.sk\/wp-content\/uploads\/2016\/04\/IMG_7511-Adrian-Vavro-Photography.jpg","contentUrl":"https:\/\/pmza.sk\/wp-content\/uploads\/2016\/04\/IMG_7511-Adrian-Vavro-Photography.jpg","width":1024,"height":683},{"@type":"BreadcrumbList","@id":"https:\/\/pmza.sk\/?p=20592#breadcrumb","itemListElement":[{"@type":"ListItem","position":1,"name":"Domovsk\u00e1 str\u00e1nka","item":"https:\/\/pmza.sk\/"},{"@type":"ListItem","position":2,"name":"Aj Budat\u00ednska ve\u017ea \u017eiari modrou"}]},{"@type":"WebSite","@id":"https:\/\/pmza.sk\/#website","url":"https:\/\/pmza.sk\/","name":"Pova\u017esk\u00e9 m\u00fazeum","description":"Pova\u017esk\u00e9 m\u00fazeum v \u017diline je region\u00e1lne m\u00fazeum so s\u00eddlom v Budat\u00edne. Jeho expoz\u00edcie s\u00fa zameran\u00e9 na dejiny slovensk\u00e9ho umenia, kult\u00fary a dopravy.","publisher":{"@id":"https:\/\/pmza.sk\/#organization"},"potentialAction":[{"@type":"SearchAction","target":{"@type":"EntryPoint","urlTemplate":"https:\/\/pmza.sk\/?s={search_term_string}"},"query-input":{"@type":"PropertyValueSpecification","valueRequired":true,"valueName":"search_term_string"}}],"inLanguage":"sk-SK"},{"@type":"Organization","@id":"https:\/\/pmza.sk\/#organization","name":"Pova\u017esk\u00e9 m\u00fazeum","url":"https:\/\/pmza.sk\/","logo":{"@type":"ImageObject","inLanguage":"sk-SK","@id":"https:\/\/pmza.sk\/#\/schema\/logo\/image\/","url":"https:\/\/pmza.sk\/wp-content\/uploads\/2022\/01\/logo_PM_horizontal.jpg","contentUrl":"https:\/\/pmza.sk\/wp-content\/uploads\/2022\/01\/logo_PM_horizontal.jpg","width":231,"height":142,"caption":"Pova\u017esk\u00e9 m\u00fazeum"},"image":{"@id":"https:\/\/pmza.sk\/#\/schema\/logo\/image\/"},"sameAs":["https:\/\/www.facebook.com\/povazskemuzeum","https:\/\/www.instagram.com\/povazskemuzeum\/"]},{"@type":"Person","@id":"https:\/\/pmza.sk\/#\/schema\/person\/595e6a2ce731ea94dcd5d7f50a41ae33","name":"Pova\u017esk\u00e9 m\u00fazeum","image":{"@type":"ImageObject","inLanguage":"sk-SK","@id":"https:\/\/secure.gravatar.com\/avatar\/2bb7f1561282132fb5826dfeccc66c7996d11ee392ac6aaf7ced8a1c2027fbb2?s=96&d=mm&r=g","url":"https:\/\/secure.gravatar.com\/avatar\/2bb7f1561282132fb5826dfeccc66c7996d11ee392ac6aaf7ced8a1c2027fbb2?s=96&d=mm&r=g","contentUrl":"https:\/\/secure.gravatar.com\/avatar\/2bb7f1561282132fb5826dfeccc66c7996d11ee392ac6aaf7ced8a1c2027fbb2?s=96&d=mm&r=g","caption":"Pova\u017esk\u00e9 m\u00fazeum"}}]}},"_links":{"self":[{"href":"https:\/\/pmza.sk\/index.php?rest_route=\/wp\/v2\/posts\/20592","targetHints":{"allow":["GET"]}}],"collection":[{"href":"https:\/\/pmza.sk\/index.php?rest_route=\/wp\/v2\/posts"}],"about":[{"href":"https:\/\/pmza.sk\/index.php?rest_route=\/wp\/v2\/types\/post"}],"author":[{"embeddable":true,"href":"https:\/\/pmza.sk\/index.php?rest_route=\/wp\/v2\/users\/2"}],"replies":[{"embeddable":true,"href":"https:\/\/pmza.sk\/index.php?rest_route=%2Fwp%2Fv2%2Fcomments&post=20592"}],"version-history":[{"count":0,"href":"https:\/\/pmza.sk\/index.php?rest_route=\/wp\/v2\/posts\/20592\/revisions"}],"wp:featuredmedia":[{"embeddable":true,"href":"https:\/\/pmza.sk\/index.php?rest_route=\/wp\/v2\/media\/15428"}],"wp:attachment":[{"href":"https:\/\/pmza.sk\/index.php?rest_route=%2Fwp%2Fv2%2Fmedia&parent=20592"}],"wp:term":[{"taxonomy":"category","embeddable":true,"href":"https:\/\/pmza.sk\/index.php?rest_route=%2Fwp%2Fv2%2Fcategories&post=20592"},{"taxonomy":"post_tag","embeddable":true,"href":"https:\/\/pmza.sk\/index.php?rest_route=%2Fwp%2Fv2%2Ftags&post=20592"}],"curies":[{"name":"wp","href":"https:\/\/api.w.org\/{rel}","templated":true}]}}