{"id":20773,"date":"2017-04-06T13:35:15","date_gmt":"2017-04-06T11:35:15","guid":{"rendered":"https:\/\/pmza.sk.sk\/?p=20773"},"modified":"2017-04-06T13:35:15","modified_gmt":"2017-04-06T11:35:15","slug":"otvaracie-hodiny-expozicii-pocas-velkej-noci-2017","status":"publish","type":"post","link":"https:\/\/pmza.sk\/?p=20773","title":{"rendered":"Otv\u00e1racie hodiny expoz\u00edci\u00ed po\u010das Ve\u013ekej noci 2017"},"content":{"rendered":"<p>Pova\u017esk\u00e9 m\u00fazeum v\u00a0\u017diline v\u00a0zria\u010fovate\u013eskej p\u00f4sobnosti \u017dilinsk\u00e9ho samospr\u00e1vneho kraja otvor\u00ed po\u010das ve\u013ekono\u010dn\u00fdch sviatkov tri svoje expoz\u00edcie pre verejnos\u0165 <strong>mimoriadne aj na Ve\u013ek\u00fd piatok (14. 4.) i\u00a0Ve\u013ekono\u010dn\u00fd pondelok (17. 4.)<\/strong>. N\u00e1v\u0161tevn\u00edkom tak spr\u00edstupn\u00edme expoz\u00edciu v\u00a0Budat\u00ednskom hrade, Radenov dom v\u00a0\u010ci\u010dmanoch a\u00a0hrad Stre\u010dno. Pova\u017esk\u00e9 m\u00fazeum tak vych\u00e1dza v\u00a0\u00fastrety v\u0161etk\u00fdm pr\u00e1zdninuj\u00facim a\u00a0dovolenkuj\u00facim n\u00e1v\u0161tevn\u00edkom, ktor\u00ed svoj vo\u013en\u00fd \u010das radi tr\u00e1via spozn\u00e1van\u00edm kult\u00farnych pamiatok, hradov a\u00a0m\u00faze\u00ed.<\/p>\n<p>Expoz\u00edcia J\u00e1no\u0161\u00edk a\u00a0Terchov\u00e1 v\u00a0Terchovej, M\u00fazeum dopravy Rajeck\u00e9 Teplice a\u00a0Sob\u00e1\u0161ny pal\u00e1c v\u00a0Byt\u010di bud\u00fa po\u010das Ve\u013ekej noci otvoren\u00e9 iba cez v\u00edkend.<\/p>\n<p>&nbsp;<\/p>\n<p><strong>Budat\u00ednsky hrad a kaplnka<\/strong><\/p>\n<p>PI, SO, NE, PO: 9.00 \u2013 17.00 hod. (posledn\u00fd vstup 16.40 hod.)<\/p>\n<p><strong>\u00a0<\/strong><\/p>\n<p><strong>Hrad Stre\u010dno<\/strong><\/p>\n<p>PI, SO, NE, PO: 9.00 \u2013 18.00 hod. (posledn\u00fd vstup 17.00 hod.)<\/p>\n<p><strong>\u00a0<\/strong><\/p>\n<p><strong>O\u013dA \u010ci\u010dmany<\/strong><\/p>\n<p>PI, PO: 9.00 \u2013 12.00, 12.30 \u2013 16.00 hod. (posledn\u00fd vstup o\u00a015.30 hod.)<\/p>\n<p>SO, NE: 8.00 \u2013 12.00, 12.30 \u2013 17.00\u00a0hod. (posledn\u00fd vstup o\u00a016.30 hod.)<\/p>\n<p><strong>\u00a0<\/strong><\/p>\n<p><strong>\u00a0<\/strong><\/p>\n<p><strong>\u00a0<\/strong><\/p>\n<p><strong>M\u00fazeum dopravy Rajeck\u00e9 Teplice<\/strong><\/p>\n<p>SO, NE: 9.30 \u2013 11.30, 12.00 &#8211; 16.30 hod. (posledn\u00fd vstup o\u00a016.00 hod.)<\/p>\n<p><span style=\"color: #ff0000;\">PI, PO &#8211; zatvoren\u00e9<\/span><\/p>\n<p><strong>J\u00e1no\u0161\u00edk a\u00a0Terchov\u00e1<\/strong><\/p>\n<p>SO, NE: 9.00 &#8211; 13.00, 13.30 \u2013 16.00 hod. (posledn\u00fd vstup o\u00a015.30 hod.)<\/p>\n<p><span style=\"color: #ff0000;\">PI, PO &#8211; zatvoren\u00e9<\/span><\/p>\n<p><strong>Sob\u00e1\u0161ny pal\u00e1c v Byt\u010di<\/strong><\/p>\n<p>SO, NE: 9.00 \u2013 17.00 hod. (posledn\u00fd vstup o\u00a016.00 hod.)<br \/> <span style=\"color: #ff0000;\">PI, PO &#8211; zatvoren\u00e9<\/span><\/p>\n<p>&nbsp;<\/p>\n","protected":false},"excerpt":{"rendered":"<p>Pova\u017esk\u00e9 m\u00fazeum v\u00a0\u017diline v\u00a0zria\u010fovate\u013eskej p\u00f4sobnosti \u017dilinsk\u00e9ho samospr\u00e1vneho kraja otvor\u00ed po\u010das ve\u013ekono\u010dn\u00fdch sviatkov tri svoje expoz\u00edcie pre verejnos\u0165 mimoriadne aj na Ve\u013ek\u00fd piatok (14. 4.) i\u00a0Ve\u013ekono\u010dn\u00fd pondelok (17. 4.). N\u00e1v\u0161tevn\u00edkom tak spr\u00edstupn\u00edme expoz\u00edciu v\u00a0Budat\u00ednskom hrade, Radenov dom v\u00a0\u010ci\u010dmanoch a\u00a0hrad Stre\u010dno. Pova\u017esk\u00e9 m\u00fazeum tak vych\u00e1dza v\u00a0\u00fastrety v\u0161etk\u00fdm pr\u00e1zdninuj\u00facim a\u00a0dovolenkuj\u00facim n\u00e1v\u0161tevn\u00edkom, ktor\u00ed svoj vo\u013en\u00fd \u010das radi tr\u00e1via spozn\u00e1van\u00edm [&hellip;]<\/p>\n","protected":false},"author":2,"featured_media":20626,"comment_status":"closed","ping_status":"closed","sticky":false,"template":"","format":"standard","meta":{"site-sidebar-layout":"default","site-content-layout":"","ast-site-content-layout":"","site-content-style":"default","site-sidebar-style":"default","ast-global-header-display":"","ast-banner-title-visibility":"","ast-main-header-display":"","ast-hfb-above-header-display":"","ast-hfb-below-header-display":"","ast-hfb-mobile-header-display":"","site-post-title":"","ast-breadcrumbs-content":"","ast-featured-img":"","footer-sml-layout":"","theme-transparent-header-meta":"","adv-header-id-meta":"","stick-header-meta":"","header-above-stick-meta":"","header-main-stick-meta":"","header-below-stick-meta":"","astra-migrate-meta-layouts":"default","ast-page-background-enabled":"default","ast-page-background-meta":{"desktop":{"background-color":"var(--ast-global-color-4)","background-image":"","background-repeat":"repeat","background-position":"center center","background-size":"auto","background-attachment":"scroll","background-type":"","background-media":"","overlay-type":"","overlay-color":"","overlay-opacity":"","overlay-gradient":""},"tablet":{"background-color":"","background-image":"","background-repeat":"repeat","background-position":"center center","background-size":"auto","background-attachment":"scroll","background-type":"","background-media":"","overlay-type":"","overlay-color":"","overlay-opacity":"","overlay-gradient":""},"mobile":{"background-color":"","background-image":"","background-repeat":"repeat","background-position":"center center","background-size":"auto","background-attachment":"scroll","background-type":"","background-media":"","overlay-type":"","overlay-color":"","overlay-opacity":"","overlay-gradient":""}},"ast-content-background-meta":{"desktop":{"background-color":"var(--ast-global-color-5)","background-image":"","background-repeat":"repeat","background-position":"center center","background-size":"auto","background-attachment":"scroll","background-type":"","background-media":"","overlay-type":"","overlay-color":"","overlay-opacity":"","overlay-gradient":""},"tablet":{"background-color":"var(--ast-global-color-5)","background-image":"","background-repeat":"repeat","background-position":"center center","background-size":"auto","background-attachment":"scroll","background-type":"","background-media":"","overlay-type":"","overlay-color":"","overlay-opacity":"","overlay-gradient":""},"mobile":{"background-color":"var(--ast-global-color-5)","background-image":"","background-repeat":"repeat","background-position":"center center","background-size":"auto","background-attachment":"scroll","background-type":"","background-media":"","overlay-type":"","overlay-color":"","overlay-opacity":"","overlay-gradient":""}},"footnotes":""},"categories":[31],"tags":[],"class_list":["post-20773","post","type-post","status-publish","format-standard","has-post-thumbnail","hentry","category-aktuality"],"yoast_head":"<!-- This site is optimized with the Yoast SEO plugin v27.4 - https:\/\/yoast.com\/product\/yoast-seo-wordpress\/ -->\n<title>Otv\u00e1racie hodiny expoz\u00edci\u00ed po\u010das Ve\u013ekej noci 2017 - Pova\u017esk\u00e9 m\u00fazeum<\/title>\n<meta name=\"robots\" content=\"index, follow, max-snippet:-1, max-image-preview:large, max-video-preview:-1\" \/>\n<link rel=\"canonical\" href=\"https:\/\/pmza.sk\/?p=20773\" \/>\n<meta property=\"og:locale\" content=\"sk_SK\" \/>\n<meta property=\"og:type\" content=\"article\" \/>\n<meta property=\"og:title\" content=\"Otv\u00e1racie hodiny expoz\u00edci\u00ed po\u010das Ve\u013ekej noci 2017 - Pova\u017esk\u00e9 m\u00fazeum\" \/>\n<meta property=\"og:description\" content=\"Pova\u017esk\u00e9 m\u00fazeum v\u00a0\u017diline v\u00a0zria\u010fovate\u013eskej p\u00f4sobnosti \u017dilinsk\u00e9ho samospr\u00e1vneho kraja otvor\u00ed po\u010das ve\u013ekono\u010dn\u00fdch sviatkov tri svoje expoz\u00edcie pre verejnos\u0165 mimoriadne aj na Ve\u013ek\u00fd piatok (14. 4.) i\u00a0Ve\u013ekono\u010dn\u00fd pondelok (17. 4.). N\u00e1v\u0161tevn\u00edkom tak spr\u00edstupn\u00edme expoz\u00edciu v\u00a0Budat\u00ednskom hrade, Radenov dom v\u00a0\u010ci\u010dmanoch a\u00a0hrad Stre\u010dno. Pova\u017esk\u00e9 m\u00fazeum tak vych\u00e1dza v\u00a0\u00fastrety v\u0161etk\u00fdm pr\u00e1zdninuj\u00facim a\u00a0dovolenkuj\u00facim n\u00e1v\u0161tevn\u00edkom, ktor\u00ed svoj vo\u013en\u00fd \u010das radi tr\u00e1via spozn\u00e1van\u00edm [&hellip;]\" \/>\n<meta property=\"og:url\" content=\"https:\/\/pmza.sk\/?p=20773\" \/>\n<meta property=\"og:site_name\" content=\"Pova\u017esk\u00e9 m\u00fazeum\" \/>\n<meta property=\"article:publisher\" content=\"https:\/\/www.facebook.com\/povazskemuzeum\" \/>\n<meta property=\"article:published_time\" content=\"2017-04-06T11:35:15+00:00\" \/>\n<meta property=\"og:image\" content=\"https:\/\/pmza.sk\/wp-content\/uploads\/2017\/04\/IMG_0795.jpg\" \/>\n\t<meta property=\"og:image:width\" content=\"1024\" \/>\n\t<meta property=\"og:image:height\" content=\"683\" \/>\n\t<meta property=\"og:image:type\" content=\"image\/jpeg\" \/>\n<meta name=\"author\" content=\"Pova\u017esk\u00e9 m\u00fazeum\" \/>\n<meta name=\"twitter:card\" content=\"summary_large_image\" \/>\n<meta name=\"twitter:label1\" content=\"Autor\" \/>\n\t<meta name=\"twitter:data1\" content=\"Pova\u017esk\u00e9 m\u00fazeum\" \/>\n\t<meta name=\"twitter:label2\" content=\"Predpokladan\u00fd \u010das \u010d\u00edtania\" \/>\n\t<meta name=\"twitter:data2\" content=\"1 min\u00fata\" \/>\n<script type=\"application\/ld+json\" class=\"yoast-schema-graph\">{\"@context\":\"https:\\\/\\\/schema.org\",\"@graph\":[{\"@type\":\"Article\",\"@id\":\"https:\\\/\\\/pmza.sk\\\/?p=20773#article\",\"isPartOf\":{\"@id\":\"https:\\\/\\\/pmza.sk\\\/?p=20773\"},\"author\":{\"name\":\"Pova\u017esk\u00e9 m\u00fazeum\",\"@id\":\"https:\\\/\\\/pmza.sk\\\/#\\\/schema\\\/person\\\/595e6a2ce731ea94dcd5d7f50a41ae33\"},\"headline\":\"Otv\u00e1racie hodiny expoz\u00edci\u00ed po\u010das Ve\u013ekej noci 2017\",\"datePublished\":\"2017-04-06T11:35:15+00:00\",\"mainEntityOfPage\":{\"@id\":\"https:\\\/\\\/pmza.sk\\\/?p=20773\"},\"wordCount\":244,\"publisher\":{\"@id\":\"https:\\\/\\\/pmza.sk\\\/#organization\"},\"image\":{\"@id\":\"https:\\\/\\\/pmza.sk\\\/?p=20773#primaryimage\"},\"thumbnailUrl\":\"https:\\\/\\\/pmza.sk\\\/wp-content\\\/uploads\\\/2017\\\/04\\\/IMG_0795.jpg\",\"articleSection\":[\"Aktuality\"],\"inLanguage\":\"sk-SK\"},{\"@type\":\"WebPage\",\"@id\":\"https:\\\/\\\/pmza.sk\\\/?p=20773\",\"url\":\"https:\\\/\\\/pmza.sk\\\/?p=20773\",\"name\":\"Otv\u00e1racie hodiny expoz\u00edci\u00ed po\u010das Ve\u013ekej noci 2017 - Pova\u017esk\u00e9 m\u00fazeum\",\"isPartOf\":{\"@id\":\"https:\\\/\\\/pmza.sk\\\/#website\"},\"primaryImageOfPage\":{\"@id\":\"https:\\\/\\\/pmza.sk\\\/?p=20773#primaryimage\"},\"image\":{\"@id\":\"https:\\\/\\\/pmza.sk\\\/?p=20773#primaryimage\"},\"thumbnailUrl\":\"https:\\\/\\\/pmza.sk\\\/wp-content\\\/uploads\\\/2017\\\/04\\\/IMG_0795.jpg\",\"datePublished\":\"2017-04-06T11:35:15+00:00\",\"breadcrumb\":{\"@id\":\"https:\\\/\\\/pmza.sk\\\/?p=20773#breadcrumb\"},\"inLanguage\":\"sk-SK\",\"potentialAction\":[{\"@type\":\"ReadAction\",\"target\":[\"https:\\\/\\\/pmza.sk\\\/?p=20773\"]}]},{\"@type\":\"ImageObject\",\"inLanguage\":\"sk-SK\",\"@id\":\"https:\\\/\\\/pmza.sk\\\/?p=20773#primaryimage\",\"url\":\"https:\\\/\\\/pmza.sk\\\/wp-content\\\/uploads\\\/2017\\\/04\\\/IMG_0795.jpg\",\"contentUrl\":\"https:\\\/\\\/pmza.sk\\\/wp-content\\\/uploads\\\/2017\\\/04\\\/IMG_0795.jpg\",\"width\":1024,\"height\":683},{\"@type\":\"BreadcrumbList\",\"@id\":\"https:\\\/\\\/pmza.sk\\\/?p=20773#breadcrumb\",\"itemListElement\":[{\"@type\":\"ListItem\",\"position\":1,\"name\":\"Domovsk\u00e1 str\u00e1nka\",\"item\":\"https:\\\/\\\/pmza.sk\\\/\"},{\"@type\":\"ListItem\",\"position\":2,\"name\":\"Otv\u00e1racie hodiny expoz\u00edci\u00ed po\u010das Ve\u013ekej noci 2017\"}]},{\"@type\":\"WebSite\",\"@id\":\"https:\\\/\\\/pmza.sk\\\/#website\",\"url\":\"https:\\\/\\\/pmza.sk\\\/\",\"name\":\"Pova\u017esk\u00e9 m\u00fazeum\",\"description\":\"Pova\u017esk\u00e9 m\u00fazeum v \u017diline je region\u00e1lne m\u00fazeum so s\u00eddlom v Budat\u00edne. Jeho expoz\u00edcie s\u00fa zameran\u00e9 na dejiny slovensk\u00e9ho umenia, kult\u00fary a dopravy.\",\"publisher\":{\"@id\":\"https:\\\/\\\/pmza.sk\\\/#organization\"},\"potentialAction\":[{\"@type\":\"SearchAction\",\"target\":{\"@type\":\"EntryPoint\",\"urlTemplate\":\"https:\\\/\\\/pmza.sk\\\/?s={search_term_string}\"},\"query-input\":{\"@type\":\"PropertyValueSpecification\",\"valueRequired\":true,\"valueName\":\"search_term_string\"}}],\"inLanguage\":\"sk-SK\"},{\"@type\":\"Organization\",\"@id\":\"https:\\\/\\\/pmza.sk\\\/#organization\",\"name\":\"Pova\u017esk\u00e9 m\u00fazeum\",\"url\":\"https:\\\/\\\/pmza.sk\\\/\",\"logo\":{\"@type\":\"ImageObject\",\"inLanguage\":\"sk-SK\",\"@id\":\"https:\\\/\\\/pmza.sk\\\/#\\\/schema\\\/logo\\\/image\\\/\",\"url\":\"https:\\\/\\\/pmza.sk\\\/wp-content\\\/uploads\\\/2022\\\/01\\\/logo_PM_horizontal.jpg\",\"contentUrl\":\"https:\\\/\\\/pmza.sk\\\/wp-content\\\/uploads\\\/2022\\\/01\\\/logo_PM_horizontal.jpg\",\"width\":231,\"height\":142,\"caption\":\"Pova\u017esk\u00e9 m\u00fazeum\"},\"image\":{\"@id\":\"https:\\\/\\\/pmza.sk\\\/#\\\/schema\\\/logo\\\/image\\\/\"},\"sameAs\":[\"https:\\\/\\\/www.facebook.com\\\/povazskemuzeum\",\"https:\\\/\\\/www.instagram.com\\\/povazskemuzeum\\\/\"]},{\"@type\":\"Person\",\"@id\":\"https:\\\/\\\/pmza.sk\\\/#\\\/schema\\\/person\\\/595e6a2ce731ea94dcd5d7f50a41ae33\",\"name\":\"Pova\u017esk\u00e9 m\u00fazeum\",\"image\":{\"@type\":\"ImageObject\",\"inLanguage\":\"sk-SK\",\"@id\":\"https:\\\/\\\/secure.gravatar.com\\\/avatar\\\/2bb7f1561282132fb5826dfeccc66c7996d11ee392ac6aaf7ced8a1c2027fbb2?s=96&d=mm&r=g\",\"url\":\"https:\\\/\\\/secure.gravatar.com\\\/avatar\\\/2bb7f1561282132fb5826dfeccc66c7996d11ee392ac6aaf7ced8a1c2027fbb2?s=96&d=mm&r=g\",\"contentUrl\":\"https:\\\/\\\/secure.gravatar.com\\\/avatar\\\/2bb7f1561282132fb5826dfeccc66c7996d11ee392ac6aaf7ced8a1c2027fbb2?s=96&d=mm&r=g\",\"caption\":\"Pova\u017esk\u00e9 m\u00fazeum\"}}]}<\/script>\n<!-- \/ Yoast SEO plugin. -->","yoast_head_json":{"title":"Otv\u00e1racie hodiny expoz\u00edci\u00ed po\u010das Ve\u013ekej noci 2017 - Pova\u017esk\u00e9 m\u00fazeum","robots":{"index":"index","follow":"follow","max-snippet":"max-snippet:-1","max-image-preview":"max-image-preview:large","max-video-preview":"max-video-preview:-1"},"canonical":"https:\/\/pmza.sk\/?p=20773","og_locale":"sk_SK","og_type":"article","og_title":"Otv\u00e1racie hodiny expoz\u00edci\u00ed po\u010das Ve\u013ekej noci 2017 - Pova\u017esk\u00e9 m\u00fazeum","og_description":"Pova\u017esk\u00e9 m\u00fazeum v\u00a0\u017diline v\u00a0zria\u010fovate\u013eskej p\u00f4sobnosti \u017dilinsk\u00e9ho samospr\u00e1vneho kraja otvor\u00ed po\u010das ve\u013ekono\u010dn\u00fdch sviatkov tri svoje expoz\u00edcie pre verejnos\u0165 mimoriadne aj na Ve\u013ek\u00fd piatok (14. 4.) i\u00a0Ve\u013ekono\u010dn\u00fd pondelok (17. 4.). N\u00e1v\u0161tevn\u00edkom tak spr\u00edstupn\u00edme expoz\u00edciu v\u00a0Budat\u00ednskom hrade, Radenov dom v\u00a0\u010ci\u010dmanoch a\u00a0hrad Stre\u010dno. Pova\u017esk\u00e9 m\u00fazeum tak vych\u00e1dza v\u00a0\u00fastrety v\u0161etk\u00fdm pr\u00e1zdninuj\u00facim a\u00a0dovolenkuj\u00facim n\u00e1v\u0161tevn\u00edkom, ktor\u00ed svoj vo\u013en\u00fd \u010das radi tr\u00e1via spozn\u00e1van\u00edm [&hellip;]","og_url":"https:\/\/pmza.sk\/?p=20773","og_site_name":"Pova\u017esk\u00e9 m\u00fazeum","article_publisher":"https:\/\/www.facebook.com\/povazskemuzeum","article_published_time":"2017-04-06T11:35:15+00:00","og_image":[{"width":1024,"height":683,"url":"https:\/\/pmza.sk\/wp-content\/uploads\/2017\/04\/IMG_0795.jpg","type":"image\/jpeg"}],"author":"Pova\u017esk\u00e9 m\u00fazeum","twitter_card":"summary_large_image","twitter_misc":{"Autor":"Pova\u017esk\u00e9 m\u00fazeum","Predpokladan\u00fd \u010das \u010d\u00edtania":"1 min\u00fata"},"schema":{"@context":"https:\/\/schema.org","@graph":[{"@type":"Article","@id":"https:\/\/pmza.sk\/?p=20773#article","isPartOf":{"@id":"https:\/\/pmza.sk\/?p=20773"},"author":{"name":"Pova\u017esk\u00e9 m\u00fazeum","@id":"https:\/\/pmza.sk\/#\/schema\/person\/595e6a2ce731ea94dcd5d7f50a41ae33"},"headline":"Otv\u00e1racie hodiny expoz\u00edci\u00ed po\u010das Ve\u013ekej noci 2017","datePublished":"2017-04-06T11:35:15+00:00","mainEntityOfPage":{"@id":"https:\/\/pmza.sk\/?p=20773"},"wordCount":244,"publisher":{"@id":"https:\/\/pmza.sk\/#organization"},"image":{"@id":"https:\/\/pmza.sk\/?p=20773#primaryimage"},"thumbnailUrl":"https:\/\/pmza.sk\/wp-content\/uploads\/2017\/04\/IMG_0795.jpg","articleSection":["Aktuality"],"inLanguage":"sk-SK"},{"@type":"WebPage","@id":"https:\/\/pmza.sk\/?p=20773","url":"https:\/\/pmza.sk\/?p=20773","name":"Otv\u00e1racie hodiny expoz\u00edci\u00ed po\u010das Ve\u013ekej noci 2017 - Pova\u017esk\u00e9 m\u00fazeum","isPartOf":{"@id":"https:\/\/pmza.sk\/#website"},"primaryImageOfPage":{"@id":"https:\/\/pmza.sk\/?p=20773#primaryimage"},"image":{"@id":"https:\/\/pmza.sk\/?p=20773#primaryimage"},"thumbnailUrl":"https:\/\/pmza.sk\/wp-content\/uploads\/2017\/04\/IMG_0795.jpg","datePublished":"2017-04-06T11:35:15+00:00","breadcrumb":{"@id":"https:\/\/pmza.sk\/?p=20773#breadcrumb"},"inLanguage":"sk-SK","potentialAction":[{"@type":"ReadAction","target":["https:\/\/pmza.sk\/?p=20773"]}]},{"@type":"ImageObject","inLanguage":"sk-SK","@id":"https:\/\/pmza.sk\/?p=20773#primaryimage","url":"https:\/\/pmza.sk\/wp-content\/uploads\/2017\/04\/IMG_0795.jpg","contentUrl":"https:\/\/pmza.sk\/wp-content\/uploads\/2017\/04\/IMG_0795.jpg","width":1024,"height":683},{"@type":"BreadcrumbList","@id":"https:\/\/pmza.sk\/?p=20773#breadcrumb","itemListElement":[{"@type":"ListItem","position":1,"name":"Domovsk\u00e1 str\u00e1nka","item":"https:\/\/pmza.sk\/"},{"@type":"ListItem","position":2,"name":"Otv\u00e1racie hodiny expoz\u00edci\u00ed po\u010das Ve\u013ekej noci 2017"}]},{"@type":"WebSite","@id":"https:\/\/pmza.sk\/#website","url":"https:\/\/pmza.sk\/","name":"Pova\u017esk\u00e9 m\u00fazeum","description":"Pova\u017esk\u00e9 m\u00fazeum v \u017diline je region\u00e1lne m\u00fazeum so s\u00eddlom v Budat\u00edne. Jeho expoz\u00edcie s\u00fa zameran\u00e9 na dejiny slovensk\u00e9ho umenia, kult\u00fary a dopravy.","publisher":{"@id":"https:\/\/pmza.sk\/#organization"},"potentialAction":[{"@type":"SearchAction","target":{"@type":"EntryPoint","urlTemplate":"https:\/\/pmza.sk\/?s={search_term_string}"},"query-input":{"@type":"PropertyValueSpecification","valueRequired":true,"valueName":"search_term_string"}}],"inLanguage":"sk-SK"},{"@type":"Organization","@id":"https:\/\/pmza.sk\/#organization","name":"Pova\u017esk\u00e9 m\u00fazeum","url":"https:\/\/pmza.sk\/","logo":{"@type":"ImageObject","inLanguage":"sk-SK","@id":"https:\/\/pmza.sk\/#\/schema\/logo\/image\/","url":"https:\/\/pmza.sk\/wp-content\/uploads\/2022\/01\/logo_PM_horizontal.jpg","contentUrl":"https:\/\/pmza.sk\/wp-content\/uploads\/2022\/01\/logo_PM_horizontal.jpg","width":231,"height":142,"caption":"Pova\u017esk\u00e9 m\u00fazeum"},"image":{"@id":"https:\/\/pmza.sk\/#\/schema\/logo\/image\/"},"sameAs":["https:\/\/www.facebook.com\/povazskemuzeum","https:\/\/www.instagram.com\/povazskemuzeum\/"]},{"@type":"Person","@id":"https:\/\/pmza.sk\/#\/schema\/person\/595e6a2ce731ea94dcd5d7f50a41ae33","name":"Pova\u017esk\u00e9 m\u00fazeum","image":{"@type":"ImageObject","inLanguage":"sk-SK","@id":"https:\/\/secure.gravatar.com\/avatar\/2bb7f1561282132fb5826dfeccc66c7996d11ee392ac6aaf7ced8a1c2027fbb2?s=96&d=mm&r=g","url":"https:\/\/secure.gravatar.com\/avatar\/2bb7f1561282132fb5826dfeccc66c7996d11ee392ac6aaf7ced8a1c2027fbb2?s=96&d=mm&r=g","contentUrl":"https:\/\/secure.gravatar.com\/avatar\/2bb7f1561282132fb5826dfeccc66c7996d11ee392ac6aaf7ced8a1c2027fbb2?s=96&d=mm&r=g","caption":"Pova\u017esk\u00e9 m\u00fazeum"}}]}},"_links":{"self":[{"href":"https:\/\/pmza.sk\/index.php?rest_route=\/wp\/v2\/posts\/20773","targetHints":{"allow":["GET"]}}],"collection":[{"href":"https:\/\/pmza.sk\/index.php?rest_route=\/wp\/v2\/posts"}],"about":[{"href":"https:\/\/pmza.sk\/index.php?rest_route=\/wp\/v2\/types\/post"}],"author":[{"embeddable":true,"href":"https:\/\/pmza.sk\/index.php?rest_route=\/wp\/v2\/users\/2"}],"replies":[{"embeddable":true,"href":"https:\/\/pmza.sk\/index.php?rest_route=%2Fwp%2Fv2%2Fcomments&post=20773"}],"version-history":[{"count":0,"href":"https:\/\/pmza.sk\/index.php?rest_route=\/wp\/v2\/posts\/20773\/revisions"}],"wp:featuredmedia":[{"embeddable":true,"href":"https:\/\/pmza.sk\/index.php?rest_route=\/wp\/v2\/media\/20626"}],"wp:attachment":[{"href":"https:\/\/pmza.sk\/index.php?rest_route=%2Fwp%2Fv2%2Fmedia&parent=20773"}],"wp:term":[{"taxonomy":"category","embeddable":true,"href":"https:\/\/pmza.sk\/index.php?rest_route=%2Fwp%2Fv2%2Fcategories&post=20773"},{"taxonomy":"post_tag","embeddable":true,"href":"https:\/\/pmza.sk\/index.php?rest_route=%2Fwp%2Fv2%2Ftags&post=20773"}],"curies":[{"name":"wp","href":"https:\/\/api.w.org\/{rel}","templated":true}]}}