{"id":20877,"date":"2017-04-11T15:32:10","date_gmt":"2017-04-11T13:32:10","guid":{"rendered":"https:\/\/pmza.sk.sk\/?p=20877"},"modified":"2017-04-11T15:32:10","modified_gmt":"2017-04-11T13:32:10","slug":"muzeum-dopravy-je-tu-uz-tri-roky","status":"publish","type":"post","link":"https:\/\/pmza.sk\/?p=20877","title":{"rendered":"M\u00fazeum dopravy v\u00edta n\u00e1v\u0161tevn\u00edkov u\u017e tri roky"},"content":{"rendered":"<p>M\u00fazeum dopravy, ktor\u00e9 je s\u00fa\u010das\u0165ou Pova\u017esk\u00e9ho m\u00fazea v \u017diline, je prierezovo zameran\u00e9 na dejiny dopravy na Slovensku od najstar\u0161\u00edch \u010dias po s\u00fa\u010dasnos\u0165.<\/p>\n<p>\u010co sa plochy t\u00fdka, je to s\u00edce najmen\u0161ia expoz\u00edcia Pova\u017esk\u00e9ho m\u00fazea, nach\u00e1dza sa v nej v\u0161ak vy\u0161e 300 expon\u00e1tov. Ich po\u010det sa od otvorenia podarilo zvy\u0161ova\u0165 v\u010faka darom n\u00e1v\u0161tevn\u00edkov, ale aj n\u00e1kupom zbierkov\u00fdch predmetov, ktor\u00e9 sa financovali z grantov. Najstar\u0161ie expon\u00e1ty dokumentuj\u00fa po\u010diatky dopravy v praveku, ve\u013emi cenn\u00fdm a jedn\u00fdm z najstar\u0161\u00edch expon\u00e1tov je medirytina, zachyt\u00e1vaj\u00faca veslice <a href=\"https:\/\/pmza.sk\/wp-content\/uploads\/2017\/01\/DSC_0009.jpg\"><img decoding=\"async\" class=\"size-thumbnail wp-image-19725 alignright\" src=\"https:\/\/pmza.sk.sk\/wp-content\/uploads\/2017\/01\/DSC_0009-150x100.jpg\" alt=\"\" width=\"150\" height=\"100\" \/><\/a>na Dunaji pri Kom\u00e1rne z roku 1598. Najrozmernej\u0161\u00edm expon\u00e1tom je stroj na pr\u00edpravu asfaltu, ktor\u00fd sa pou\u017e\u00edval pri stavbe ciest a ktor\u00fd m\u00fazeum zak\u00fapilo v minulom roku, rovnako ako zbierku poh\u013eadn\u00edc s mot\u00edvom automobilov, autobusov a \u010fal\u0161\u00edch zariaden\u00ed cestnej dopravy. Z n\u00e1\u0161ho depozit\u00e1ra sme predned\u00e1vnom vystavili 6-miestne \u0161\u013eachtick\u00e9 sane pre konsk\u00fd po\u0165ah zo za\u010diatku 20. storo\u010dia, ktor\u00e9 vtedy sl\u00fa\u017eili ako be\u017en\u00fd dopravn\u00fd prostriedok v zimnom obdob\u00ed.<\/p>\n<p>M\u00fazeum vydalo v minulom roku publik\u00e1ciu Po ko\u013eajniciach do Rajca, ktor\u00e1 mapuje dejiny miestnej <a href=\"https:\/\/pmza.sk\/wp-content\/uploads\/2017\/03\/Po-kolajniciach-do-Rajca.jpg\"><img decoding=\"async\" class=\"alignleft size-thumbnail wp-image-20451\" src=\"https:\/\/pmza.sk.sk\/wp-content\/uploads\/2017\/03\/Po-ko\u013eajniciach-do-Rajca-105x150.jpg\" alt=\"\" width=\"105\" height=\"150\" \/><\/a>\u017eeleznice \u017dilina \u2013 Rajec. 9. febru\u00e1ra 2017 sme pripravili druh\u00fa konferenciu na t\u00e9mu Dejiny cestnej dopravy na Slovensku. V s\u00fa\u010dasnosti je v pr\u00edprave zborn\u00edk z tejto konferencie. Pote\u0161ila n\u00e1s \u00fa\u010das\u0165 na tejto konferencii. N\u00e1kup expon\u00e1tov a uskuto\u010dnenie konferencie sa podarilo zrealizova\u0165 v\u010faka podpore z verejn\u00fdch zdrojov Fondu na podporu umenia. V\u00fddatn\u00fa pomoc pri vydan\u00ed publik\u00e1cie Po ko\u013eajniciach do Rajca poskytli Mesto \u017dilina a spolo\u010dnosti Logisped, s. r. o. \u017dilina, Cement\u00e1re\u0148 Lietavsk\u00e1 L\u00fa\u010dka, a. s. Len v\u010faka takejto nezi\u0161tnej podpore je mo\u017en\u00e9 rozv\u00edja\u0165 na\u0161e aktivity.<\/p>\n<p>Program v m\u00fazeu dopravy nie je zameran\u00fd len na klasick\u00e9 prehliadky. Pripravuj\u00fa sa interakt\u00edvne vyu\u010dovacie hodiny k t\u00e9mam o dejin\u00e1ch dopravy v dejepise, pre deti s\u00fa pripraven\u00e9 hrav\u00e9 formy tr\u00e1venia \u010dasu ako oma\u013eov\u00e1nky \u010di s\u00fa\u0165a\u017ee. Vyh\u013ead\u00e1van\u00fdm je podujatie Nostalgick\u00e1 jazda Rajeckou An\u010dou, ka\u017edoro\u010dne organizovan\u00e9 spolo\u010dne s OZ Spolo\u010dnos\u0165 Pova\u017eskej dr\u00e1hy \u017dilina. Prostredn\u00edctvom tabletu alebo smartf\u00f3nu si n\u00e1v\u0161tevn\u00edk dok\u00e1\u017ee vyh\u013eada\u0165 popisy k jednotliv\u00fdm expon\u00e1tom na z\u00e1klade QR k\u00f3dov.<\/p>\n<p>V s\u00fa\u010dasnosti pracujeme na roz\u0161\u00edren\u00ed priestorov m\u00fazea o \u010fal\u0161\u00edch 83 m2, \u010d\u00edm by sa mala plocha pre vystaven\u00e9 expon\u00e1ty zdvojn\u00e1sobi\u0165. Sme u\u017e v napoly \u201erozbehnutom vlaku\u201c, kedy m\u00e1me priestory prevzat\u00e9, av\u0161ak h\u013ead\u00e1me zdroje na dofinancovanie ich adapt\u00e1cie na m\u00fazejn\u00e9 \u00fa\u010dely. Ak sa podar\u00ed z\u00edska\u0165 potrebn\u00fa pomoc, bud\u00fa verejnosti spr\u00edstupnen\u00e9 v 2. polroku 2017.<\/p>\n","protected":false},"excerpt":{"rendered":"<p>M\u00fazeum dopravy, ktor\u00e9 je s\u00fa\u010das\u0165ou Pova\u017esk\u00e9ho m\u00fazea v \u017diline, je prierezovo zameran\u00e9 na dejiny dopravy na Slovensku od najstar\u0161\u00edch \u010dias po s\u00fa\u010dasnos\u0165. \u010co sa plochy t\u00fdka, je to s\u00edce najmen\u0161ia expoz\u00edcia Pova\u017esk\u00e9ho m\u00fazea, nach\u00e1dza sa v nej v\u0161ak vy\u0161e 300 expon\u00e1tov. Ich po\u010det sa od otvorenia podarilo zvy\u0161ova\u0165 v\u010faka darom n\u00e1v\u0161tevn\u00edkov, ale aj n\u00e1kupom zbierkov\u00fdch [&hellip;]<\/p>\n","protected":false},"author":2,"featured_media":20896,"comment_status":"closed","ping_status":"closed","sticky":false,"template":"","format":"standard","meta":{"site-sidebar-layout":"default","site-content-layout":"","ast-site-content-layout":"","site-content-style":"default","site-sidebar-style":"default","ast-global-header-display":"","ast-banner-title-visibility":"","ast-main-header-display":"","ast-hfb-above-header-display":"","ast-hfb-below-header-display":"","ast-hfb-mobile-header-display":"","site-post-title":"","ast-breadcrumbs-content":"","ast-featured-img":"","footer-sml-layout":"","theme-transparent-header-meta":"","adv-header-id-meta":"","stick-header-meta":"","header-above-stick-meta":"","header-main-stick-meta":"","header-below-stick-meta":"","astra-migrate-meta-layouts":"default","ast-page-background-enabled":"default","ast-page-background-meta":{"desktop":{"background-color":"var(--ast-global-color-4)","background-image":"","background-repeat":"repeat","background-position":"center center","background-size":"auto","background-attachment":"scroll","background-type":"","background-media":"","overlay-type":"","overlay-color":"","overlay-opacity":"","overlay-gradient":""},"tablet":{"background-color":"","background-image":"","background-repeat":"repeat","background-position":"center center","background-size":"auto","background-attachment":"scroll","background-type":"","background-media":"","overlay-type":"","overlay-color":"","overlay-opacity":"","overlay-gradient":""},"mobile":{"background-color":"","background-image":"","background-repeat":"repeat","background-position":"center center","background-size":"auto","background-attachment":"scroll","background-type":"","background-media":"","overlay-type":"","overlay-color":"","overlay-opacity":"","overlay-gradient":""}},"ast-content-background-meta":{"desktop":{"background-color":"var(--ast-global-color-5)","background-image":"","background-repeat":"repeat","background-position":"center center","background-size":"auto","background-attachment":"scroll","background-type":"","background-media":"","overlay-type":"","overlay-color":"","overlay-opacity":"","overlay-gradient":""},"tablet":{"background-color":"var(--ast-global-color-5)","background-image":"","background-repeat":"repeat","background-position":"center center","background-size":"auto","background-attachment":"scroll","background-type":"","background-media":"","overlay-type":"","overlay-color":"","overlay-opacity":"","overlay-gradient":""},"mobile":{"background-color":"var(--ast-global-color-5)","background-image":"","background-repeat":"repeat","background-position":"center center","background-size":"auto","background-attachment":"scroll","background-type":"","background-media":"","overlay-type":"","overlay-color":"","overlay-opacity":"","overlay-gradient":""}},"footnotes":""},"categories":[31],"tags":[],"class_list":["post-20877","post","type-post","status-publish","format-standard","has-post-thumbnail","hentry","category-aktuality"],"yoast_head":"<!-- This site is optimized with the Yoast SEO plugin v27.4 - https:\/\/yoast.com\/product\/yoast-seo-wordpress\/ -->\n<title>M\u00fazeum dopravy v\u00edta n\u00e1v\u0161tevn\u00edkov u\u017e tri roky - Pova\u017esk\u00e9 m\u00fazeum<\/title>\n<meta name=\"robots\" content=\"index, follow, max-snippet:-1, max-image-preview:large, max-video-preview:-1\" \/>\n<link rel=\"canonical\" href=\"https:\/\/pmza.sk\/?p=20877\" \/>\n<meta property=\"og:locale\" content=\"sk_SK\" \/>\n<meta property=\"og:type\" content=\"article\" \/>\n<meta property=\"og:title\" content=\"M\u00fazeum dopravy v\u00edta n\u00e1v\u0161tevn\u00edkov u\u017e tri roky - Pova\u017esk\u00e9 m\u00fazeum\" \/>\n<meta property=\"og:description\" content=\"M\u00fazeum dopravy, ktor\u00e9 je s\u00fa\u010das\u0165ou Pova\u017esk\u00e9ho m\u00fazea v \u017diline, je prierezovo zameran\u00e9 na dejiny dopravy na Slovensku od najstar\u0161\u00edch \u010dias po s\u00fa\u010dasnos\u0165. \u010co sa plochy t\u00fdka, je to s\u00edce najmen\u0161ia expoz\u00edcia Pova\u017esk\u00e9ho m\u00fazea, nach\u00e1dza sa v nej v\u0161ak vy\u0161e 300 expon\u00e1tov. Ich po\u010det sa od otvorenia podarilo zvy\u0161ova\u0165 v\u010faka darom n\u00e1v\u0161tevn\u00edkov, ale aj n\u00e1kupom zbierkov\u00fdch [&hellip;]\" \/>\n<meta property=\"og:url\" content=\"https:\/\/pmza.sk\/?p=20877\" \/>\n<meta property=\"og:site_name\" content=\"Pova\u017esk\u00e9 m\u00fazeum\" \/>\n<meta property=\"article:publisher\" content=\"https:\/\/www.facebook.com\/povazskemuzeum\" \/>\n<meta property=\"article:published_time\" content=\"2017-04-11T13:32:10+00:00\" \/>\n<meta property=\"og:image\" content=\"https:\/\/pmza.sk\/wp-content\/uploads\/2017\/04\/sane.jpg\" \/>\n\t<meta property=\"og:image:width\" content=\"1632\" \/>\n\t<meta property=\"og:image:height\" content=\"918\" \/>\n\t<meta property=\"og:image:type\" content=\"image\/jpeg\" \/>\n<meta name=\"author\" content=\"Pova\u017esk\u00e9 m\u00fazeum\" \/>\n<meta name=\"twitter:card\" content=\"summary_large_image\" \/>\n<meta name=\"twitter:label1\" content=\"Autor\" \/>\n\t<meta name=\"twitter:data1\" content=\"Pova\u017esk\u00e9 m\u00fazeum\" \/>\n\t<meta name=\"twitter:label2\" content=\"Predpokladan\u00fd \u010das \u010d\u00edtania\" \/>\n\t<meta name=\"twitter:data2\" content=\"2 min\u00faty\" \/>\n<script type=\"application\/ld+json\" class=\"yoast-schema-graph\">{\"@context\":\"https:\\\/\\\/schema.org\",\"@graph\":[{\"@type\":\"Article\",\"@id\":\"https:\\\/\\\/pmza.sk\\\/?p=20877#article\",\"isPartOf\":{\"@id\":\"https:\\\/\\\/pmza.sk\\\/?p=20877\"},\"author\":{\"name\":\"Pova\u017esk\u00e9 m\u00fazeum\",\"@id\":\"https:\\\/\\\/pmza.sk\\\/#\\\/schema\\\/person\\\/595e6a2ce731ea94dcd5d7f50a41ae33\"},\"headline\":\"M\u00fazeum dopravy v\u00edta n\u00e1v\u0161tevn\u00edkov u\u017e tri roky\",\"datePublished\":\"2017-04-11T13:32:10+00:00\",\"mainEntityOfPage\":{\"@id\":\"https:\\\/\\\/pmza.sk\\\/?p=20877\"},\"wordCount\":493,\"publisher\":{\"@id\":\"https:\\\/\\\/pmza.sk\\\/#organization\"},\"image\":{\"@id\":\"https:\\\/\\\/pmza.sk\\\/?p=20877#primaryimage\"},\"thumbnailUrl\":\"https:\\\/\\\/pmza.sk\\\/wp-content\\\/uploads\\\/2017\\\/04\\\/sane.jpg\",\"articleSection\":[\"Aktuality\"],\"inLanguage\":\"sk-SK\"},{\"@type\":\"WebPage\",\"@id\":\"https:\\\/\\\/pmza.sk\\\/?p=20877\",\"url\":\"https:\\\/\\\/pmza.sk\\\/?p=20877\",\"name\":\"M\u00fazeum dopravy v\u00edta n\u00e1v\u0161tevn\u00edkov u\u017e tri roky - Pova\u017esk\u00e9 m\u00fazeum\",\"isPartOf\":{\"@id\":\"https:\\\/\\\/pmza.sk\\\/#website\"},\"primaryImageOfPage\":{\"@id\":\"https:\\\/\\\/pmza.sk\\\/?p=20877#primaryimage\"},\"image\":{\"@id\":\"https:\\\/\\\/pmza.sk\\\/?p=20877#primaryimage\"},\"thumbnailUrl\":\"https:\\\/\\\/pmza.sk\\\/wp-content\\\/uploads\\\/2017\\\/04\\\/sane.jpg\",\"datePublished\":\"2017-04-11T13:32:10+00:00\",\"breadcrumb\":{\"@id\":\"https:\\\/\\\/pmza.sk\\\/?p=20877#breadcrumb\"},\"inLanguage\":\"sk-SK\",\"potentialAction\":[{\"@type\":\"ReadAction\",\"target\":[\"https:\\\/\\\/pmza.sk\\\/?p=20877\"]}]},{\"@type\":\"ImageObject\",\"inLanguage\":\"sk-SK\",\"@id\":\"https:\\\/\\\/pmza.sk\\\/?p=20877#primaryimage\",\"url\":\"https:\\\/\\\/pmza.sk\\\/wp-content\\\/uploads\\\/2017\\\/04\\\/sane.jpg\",\"contentUrl\":\"https:\\\/\\\/pmza.sk\\\/wp-content\\\/uploads\\\/2017\\\/04\\\/sane.jpg\",\"width\":1632,\"height\":918},{\"@type\":\"BreadcrumbList\",\"@id\":\"https:\\\/\\\/pmza.sk\\\/?p=20877#breadcrumb\",\"itemListElement\":[{\"@type\":\"ListItem\",\"position\":1,\"name\":\"Domovsk\u00e1 str\u00e1nka\",\"item\":\"https:\\\/\\\/pmza.sk\\\/\"},{\"@type\":\"ListItem\",\"position\":2,\"name\":\"M\u00fazeum dopravy v\u00edta n\u00e1v\u0161tevn\u00edkov u\u017e tri roky\"}]},{\"@type\":\"WebSite\",\"@id\":\"https:\\\/\\\/pmza.sk\\\/#website\",\"url\":\"https:\\\/\\\/pmza.sk\\\/\",\"name\":\"Pova\u017esk\u00e9 m\u00fazeum\",\"description\":\"Pova\u017esk\u00e9 m\u00fazeum v \u017diline je region\u00e1lne m\u00fazeum so s\u00eddlom v Budat\u00edne. Jeho expoz\u00edcie s\u00fa zameran\u00e9 na dejiny slovensk\u00e9ho umenia, kult\u00fary a dopravy.\",\"publisher\":{\"@id\":\"https:\\\/\\\/pmza.sk\\\/#organization\"},\"potentialAction\":[{\"@type\":\"SearchAction\",\"target\":{\"@type\":\"EntryPoint\",\"urlTemplate\":\"https:\\\/\\\/pmza.sk\\\/?s={search_term_string}\"},\"query-input\":{\"@type\":\"PropertyValueSpecification\",\"valueRequired\":true,\"valueName\":\"search_term_string\"}}],\"inLanguage\":\"sk-SK\"},{\"@type\":\"Organization\",\"@id\":\"https:\\\/\\\/pmza.sk\\\/#organization\",\"name\":\"Pova\u017esk\u00e9 m\u00fazeum\",\"url\":\"https:\\\/\\\/pmza.sk\\\/\",\"logo\":{\"@type\":\"ImageObject\",\"inLanguage\":\"sk-SK\",\"@id\":\"https:\\\/\\\/pmza.sk\\\/#\\\/schema\\\/logo\\\/image\\\/\",\"url\":\"https:\\\/\\\/pmza.sk\\\/wp-content\\\/uploads\\\/2022\\\/01\\\/logo_PM_horizontal.jpg\",\"contentUrl\":\"https:\\\/\\\/pmza.sk\\\/wp-content\\\/uploads\\\/2022\\\/01\\\/logo_PM_horizontal.jpg\",\"width\":231,\"height\":142,\"caption\":\"Pova\u017esk\u00e9 m\u00fazeum\"},\"image\":{\"@id\":\"https:\\\/\\\/pmza.sk\\\/#\\\/schema\\\/logo\\\/image\\\/\"},\"sameAs\":[\"https:\\\/\\\/www.facebook.com\\\/povazskemuzeum\",\"https:\\\/\\\/www.instagram.com\\\/povazskemuzeum\\\/\"]},{\"@type\":\"Person\",\"@id\":\"https:\\\/\\\/pmza.sk\\\/#\\\/schema\\\/person\\\/595e6a2ce731ea94dcd5d7f50a41ae33\",\"name\":\"Pova\u017esk\u00e9 m\u00fazeum\",\"image\":{\"@type\":\"ImageObject\",\"inLanguage\":\"sk-SK\",\"@id\":\"https:\\\/\\\/secure.gravatar.com\\\/avatar\\\/2bb7f1561282132fb5826dfeccc66c7996d11ee392ac6aaf7ced8a1c2027fbb2?s=96&d=mm&r=g\",\"url\":\"https:\\\/\\\/secure.gravatar.com\\\/avatar\\\/2bb7f1561282132fb5826dfeccc66c7996d11ee392ac6aaf7ced8a1c2027fbb2?s=96&d=mm&r=g\",\"contentUrl\":\"https:\\\/\\\/secure.gravatar.com\\\/avatar\\\/2bb7f1561282132fb5826dfeccc66c7996d11ee392ac6aaf7ced8a1c2027fbb2?s=96&d=mm&r=g\",\"caption\":\"Pova\u017esk\u00e9 m\u00fazeum\"}}]}<\/script>\n<!-- \/ Yoast SEO plugin. -->","yoast_head_json":{"title":"M\u00fazeum dopravy v\u00edta n\u00e1v\u0161tevn\u00edkov u\u017e tri roky - Pova\u017esk\u00e9 m\u00fazeum","robots":{"index":"index","follow":"follow","max-snippet":"max-snippet:-1","max-image-preview":"max-image-preview:large","max-video-preview":"max-video-preview:-1"},"canonical":"https:\/\/pmza.sk\/?p=20877","og_locale":"sk_SK","og_type":"article","og_title":"M\u00fazeum dopravy v\u00edta n\u00e1v\u0161tevn\u00edkov u\u017e tri roky - Pova\u017esk\u00e9 m\u00fazeum","og_description":"M\u00fazeum dopravy, ktor\u00e9 je s\u00fa\u010das\u0165ou Pova\u017esk\u00e9ho m\u00fazea v \u017diline, je prierezovo zameran\u00e9 na dejiny dopravy na Slovensku od najstar\u0161\u00edch \u010dias po s\u00fa\u010dasnos\u0165. \u010co sa plochy t\u00fdka, je to s\u00edce najmen\u0161ia expoz\u00edcia Pova\u017esk\u00e9ho m\u00fazea, nach\u00e1dza sa v nej v\u0161ak vy\u0161e 300 expon\u00e1tov. Ich po\u010det sa od otvorenia podarilo zvy\u0161ova\u0165 v\u010faka darom n\u00e1v\u0161tevn\u00edkov, ale aj n\u00e1kupom zbierkov\u00fdch [&hellip;]","og_url":"https:\/\/pmza.sk\/?p=20877","og_site_name":"Pova\u017esk\u00e9 m\u00fazeum","article_publisher":"https:\/\/www.facebook.com\/povazskemuzeum","article_published_time":"2017-04-11T13:32:10+00:00","og_image":[{"width":1632,"height":918,"url":"https:\/\/pmza.sk\/wp-content\/uploads\/2017\/04\/sane.jpg","type":"image\/jpeg"}],"author":"Pova\u017esk\u00e9 m\u00fazeum","twitter_card":"summary_large_image","twitter_misc":{"Autor":"Pova\u017esk\u00e9 m\u00fazeum","Predpokladan\u00fd \u010das \u010d\u00edtania":"2 min\u00faty"},"schema":{"@context":"https:\/\/schema.org","@graph":[{"@type":"Article","@id":"https:\/\/pmza.sk\/?p=20877#article","isPartOf":{"@id":"https:\/\/pmza.sk\/?p=20877"},"author":{"name":"Pova\u017esk\u00e9 m\u00fazeum","@id":"https:\/\/pmza.sk\/#\/schema\/person\/595e6a2ce731ea94dcd5d7f50a41ae33"},"headline":"M\u00fazeum dopravy v\u00edta n\u00e1v\u0161tevn\u00edkov u\u017e tri roky","datePublished":"2017-04-11T13:32:10+00:00","mainEntityOfPage":{"@id":"https:\/\/pmza.sk\/?p=20877"},"wordCount":493,"publisher":{"@id":"https:\/\/pmza.sk\/#organization"},"image":{"@id":"https:\/\/pmza.sk\/?p=20877#primaryimage"},"thumbnailUrl":"https:\/\/pmza.sk\/wp-content\/uploads\/2017\/04\/sane.jpg","articleSection":["Aktuality"],"inLanguage":"sk-SK"},{"@type":"WebPage","@id":"https:\/\/pmza.sk\/?p=20877","url":"https:\/\/pmza.sk\/?p=20877","name":"M\u00fazeum dopravy v\u00edta n\u00e1v\u0161tevn\u00edkov u\u017e tri roky - Pova\u017esk\u00e9 m\u00fazeum","isPartOf":{"@id":"https:\/\/pmza.sk\/#website"},"primaryImageOfPage":{"@id":"https:\/\/pmza.sk\/?p=20877#primaryimage"},"image":{"@id":"https:\/\/pmza.sk\/?p=20877#primaryimage"},"thumbnailUrl":"https:\/\/pmza.sk\/wp-content\/uploads\/2017\/04\/sane.jpg","datePublished":"2017-04-11T13:32:10+00:00","breadcrumb":{"@id":"https:\/\/pmza.sk\/?p=20877#breadcrumb"},"inLanguage":"sk-SK","potentialAction":[{"@type":"ReadAction","target":["https:\/\/pmza.sk\/?p=20877"]}]},{"@type":"ImageObject","inLanguage":"sk-SK","@id":"https:\/\/pmza.sk\/?p=20877#primaryimage","url":"https:\/\/pmza.sk\/wp-content\/uploads\/2017\/04\/sane.jpg","contentUrl":"https:\/\/pmza.sk\/wp-content\/uploads\/2017\/04\/sane.jpg","width":1632,"height":918},{"@type":"BreadcrumbList","@id":"https:\/\/pmza.sk\/?p=20877#breadcrumb","itemListElement":[{"@type":"ListItem","position":1,"name":"Domovsk\u00e1 str\u00e1nka","item":"https:\/\/pmza.sk\/"},{"@type":"ListItem","position":2,"name":"M\u00fazeum dopravy v\u00edta n\u00e1v\u0161tevn\u00edkov u\u017e tri roky"}]},{"@type":"WebSite","@id":"https:\/\/pmza.sk\/#website","url":"https:\/\/pmza.sk\/","name":"Pova\u017esk\u00e9 m\u00fazeum","description":"Pova\u017esk\u00e9 m\u00fazeum v \u017diline je region\u00e1lne m\u00fazeum so s\u00eddlom v Budat\u00edne. Jeho expoz\u00edcie s\u00fa zameran\u00e9 na dejiny slovensk\u00e9ho umenia, kult\u00fary a dopravy.","publisher":{"@id":"https:\/\/pmza.sk\/#organization"},"potentialAction":[{"@type":"SearchAction","target":{"@type":"EntryPoint","urlTemplate":"https:\/\/pmza.sk\/?s={search_term_string}"},"query-input":{"@type":"PropertyValueSpecification","valueRequired":true,"valueName":"search_term_string"}}],"inLanguage":"sk-SK"},{"@type":"Organization","@id":"https:\/\/pmza.sk\/#organization","name":"Pova\u017esk\u00e9 m\u00fazeum","url":"https:\/\/pmza.sk\/","logo":{"@type":"ImageObject","inLanguage":"sk-SK","@id":"https:\/\/pmza.sk\/#\/schema\/logo\/image\/","url":"https:\/\/pmza.sk\/wp-content\/uploads\/2022\/01\/logo_PM_horizontal.jpg","contentUrl":"https:\/\/pmza.sk\/wp-content\/uploads\/2022\/01\/logo_PM_horizontal.jpg","width":231,"height":142,"caption":"Pova\u017esk\u00e9 m\u00fazeum"},"image":{"@id":"https:\/\/pmza.sk\/#\/schema\/logo\/image\/"},"sameAs":["https:\/\/www.facebook.com\/povazskemuzeum","https:\/\/www.instagram.com\/povazskemuzeum\/"]},{"@type":"Person","@id":"https:\/\/pmza.sk\/#\/schema\/person\/595e6a2ce731ea94dcd5d7f50a41ae33","name":"Pova\u017esk\u00e9 m\u00fazeum","image":{"@type":"ImageObject","inLanguage":"sk-SK","@id":"https:\/\/secure.gravatar.com\/avatar\/2bb7f1561282132fb5826dfeccc66c7996d11ee392ac6aaf7ced8a1c2027fbb2?s=96&d=mm&r=g","url":"https:\/\/secure.gravatar.com\/avatar\/2bb7f1561282132fb5826dfeccc66c7996d11ee392ac6aaf7ced8a1c2027fbb2?s=96&d=mm&r=g","contentUrl":"https:\/\/secure.gravatar.com\/avatar\/2bb7f1561282132fb5826dfeccc66c7996d11ee392ac6aaf7ced8a1c2027fbb2?s=96&d=mm&r=g","caption":"Pova\u017esk\u00e9 m\u00fazeum"}}]}},"_links":{"self":[{"href":"https:\/\/pmza.sk\/index.php?rest_route=\/wp\/v2\/posts\/20877","targetHints":{"allow":["GET"]}}],"collection":[{"href":"https:\/\/pmza.sk\/index.php?rest_route=\/wp\/v2\/posts"}],"about":[{"href":"https:\/\/pmza.sk\/index.php?rest_route=\/wp\/v2\/types\/post"}],"author":[{"embeddable":true,"href":"https:\/\/pmza.sk\/index.php?rest_route=\/wp\/v2\/users\/2"}],"replies":[{"embeddable":true,"href":"https:\/\/pmza.sk\/index.php?rest_route=%2Fwp%2Fv2%2Fcomments&post=20877"}],"version-history":[{"count":0,"href":"https:\/\/pmza.sk\/index.php?rest_route=\/wp\/v2\/posts\/20877\/revisions"}],"wp:featuredmedia":[{"embeddable":true,"href":"https:\/\/pmza.sk\/index.php?rest_route=\/wp\/v2\/media\/20896"}],"wp:attachment":[{"href":"https:\/\/pmza.sk\/index.php?rest_route=%2Fwp%2Fv2%2Fmedia&parent=20877"}],"wp:term":[{"taxonomy":"category","embeddable":true,"href":"https:\/\/pmza.sk\/index.php?rest_route=%2Fwp%2Fv2%2Fcategories&post=20877"},{"taxonomy":"post_tag","embeddable":true,"href":"https:\/\/pmza.sk\/index.php?rest_route=%2Fwp%2Fv2%2Ftags&post=20877"}],"curies":[{"name":"wp","href":"https:\/\/api.w.org\/{rel}","templated":true}]}}