{"id":20887,"date":"2017-04-12T08:55:43","date_gmt":"2017-04-12T06:55:43","guid":{"rendered":"https:\/\/pmza.sk.sk\/?p=20887"},"modified":"2017-04-12T08:55:43","modified_gmt":"2017-04-12T06:55:43","slug":"veltrh-cestovneho-ruchu-v-zabrze","status":"publish","type":"post","link":"https:\/\/pmza.sk\/?p=20887","title":{"rendered":"Ve\u013etrh cestovn\u00e9ho ruchu v Zabrze"},"content":{"rendered":"<p>Pova\u017esk\u00e9 m\u00fazeum v\u00a0\u017diline sa po prv\u00fdkr\u00e1t predstavilo u\u00a0susedov v\u00a0Po\u013esku, na 9. ro\u010dn\u00edku Medzin\u00e1rodn\u00e9ho ve\u013etrhu cestovn\u00e9ho ruchu a\u00a0priemyslovej turistiky v\u00a0Zabrze. \u017dilinsk\u00fd kraj v\u00a0hale MOSiR v\u00a0d\u0148och 6. -8. apr\u00edla 2017 zastupovalo i\u00a0Oravsk\u00e9 m\u00fazeum v\u00a0Dolnom Kub\u00edne, zo Slovenska sa n\u00e1v\u0161tevn\u00edkom predstavili i\u00a0kolegovia z\u00a0Hradu Star\u00e1 \u013dubov\u0148a. Budat\u00ednsky hrad bol prezentovan\u00fd v\u00a0spolo\u010dnom st\u00e1nku s\u00a0kolegami z\u00a0KOCR. V\u0161etk\u00fdch n\u00e1v\u0161tevn\u00edkov zaujalo spojenie hradu a\u00a0jedine\u010dn\u00e9ho fenom\u00e9nu drot\u00e1rstva \u2013 zosobnen\u00e9ho v\u00a0predve\u013ekono\u010dnom obdob\u00ed prekr\u00e1sne zdoben\u00fdmi odr\u00f4tovan\u00fdmi vaj\u00ed\u010dkami.<\/p>\n<p>**********<\/p>\n<p>W tegorocznej edycji bra\u0142o udzia\u0142 ponad 80 wystawc\u00f3w i przedstawicieli instytucji dziedzictwa przemys\u0142owego, muze\u00f3w oraz miast i region\u00f3w z r\u00f3\u017cnych cz\u0119\u015bci Europy. Swoj\u0105 ofert\u0119 turystyczn\u0105 prezentowali licznie m.in. Czesi i S\u0142owacy (w\u015br\u00f3d nich miasto Fren\u0161t\u00e1t pod Radho\u0161t\u011bm, Dolni Oblast Vitkowice, miasto Nov\u00fd Ji\u010d\u00edn, region Morawy Wschodnie, Muzeum Techniki w Brnie, obszar Polabi, regiony Jesen\u00edky i Beskydy oraz Browar Czarna G\u00f3ra z Czech, region \u017bylina, Zamek Orawski, Zamek w Budatinie i Zamek Lubownia ze S\u0142owacji), Belgowie (region Walonia) i Polacy (m.in. Krzemionki Opatowskie \u2013 Muzeum Archeologiczne i Rezerwat &#8222;Krzemionki&#8220;, Muzeum Staro\u017cytnego Hutnictwa Mazowieckiego, Muzeum Powsta\u0144 \u015al\u0105skich \u2013 \u015awi\u0119toch\u0142owice, Muzeum Techniki i Kolejnictwa w Jaworzynie \u015al\u0105skiej, Kopalnia Z\u0142ota Z\u0142oty Stok, Muzeum Papiernictwa Duszniki Zdr\u00f3j, Muzeum Zabawek w Kudowie Zdroju, Podziemne Miasto Os\u00f3wka, Twierdza K\u0142odzko oraz Twierdza Srebrna G\u00f3ra \u2013 unikatowy obiekt dziedzictwa kulturowego w skali Europy i jedna z najwa\u017cniejszych atrakcji Dolnego \u015al\u0105ska).\u00a0<\/p>\n<p> W tym roku szczeg\u00f3ln\u0105 rol\u0119 podczas imprezy pe\u0142ni\u0142y region Vallagarina i miasto Rovereto z W\u0142och, kt\u00f3rych przedstawiciele 6 kwietnia sygnowali w Teatrze Nowym\u00a0<a href=\"http:\/\/klodzko.naszemiasto.pl\/tag\/list-intencyjny.html\">list intencyjny<\/a>\u00a0dotycz\u0105cy wsp\u00f3\u0142pracy z Miastem Zabrze.\u00a0<\/p>\n<p><a href=\"https:\/\/pmza.sk\/wp-content\/uploads\/2017\/04\/IMG_20170412_083142-scaled-1.jpg\"><img decoding=\"async\" class=\"wp-image-20892 aligncenter\" src=\"https:\/\/pmza.sk.sk\/wp-content\/uploads\/2017\/04\/IMG_20170412_083142-150x113.jpg\" alt=\"\" width=\"245\" height=\"184\" \/><\/a> <a href=\"https:\/\/pmza.sk\/wp-content\/uploads\/2017\/04\/IMG_20170408_192539-scaled-1.jpg\"><img decoding=\"async\" class=\"wp-image-20890 aligncenter\" src=\"https:\/\/pmza.sk.sk\/wp-content\/uploads\/2017\/04\/IMG_20170408_192539-150x113.jpg\" alt=\"\" width=\"246\" height=\"185\" \/><\/a><\/p>\n<figure id=\"attachment_20889\" aria-describedby=\"caption-attachment-20889\" style=\"width: 215px\" class=\"wp-caption aligncenter\"><a href=\"https:\/\/pmza.sk\/wp-content\/uploads\/2017\/04\/IMG_20170407_100719-scaled-1.jpg\"><img fetchpriority=\"high\" decoding=\"async\" class=\" wp-image-20889\" src=\"https:\/\/pmza.sk.sk\/wp-content\/uploads\/2017\/04\/IMG_20170407_100719-113x150.jpg\" alt=\"\" width=\"215\" height=\"285\" \/><\/a><figcaption id=\"caption-attachment-20889\" class=\"wp-caption-text\">dav<\/figcaption><\/figure>\n","protected":false},"excerpt":{"rendered":"<p>Pova\u017esk\u00e9 m\u00fazeum v\u00a0\u017diline sa po prv\u00fdkr\u00e1t predstavilo u\u00a0susedov v\u00a0Po\u013esku, na 9. ro\u010dn\u00edku Medzin\u00e1rodn\u00e9ho ve\u013etrhu cestovn\u00e9ho ruchu a\u00a0priemyslovej turistiky v\u00a0Zabrze. \u017dilinsk\u00fd kraj v\u00a0hale MOSiR v\u00a0d\u0148och 6. -8. apr\u00edla 2017 zastupovalo i\u00a0Oravsk\u00e9 m\u00fazeum v\u00a0Dolnom Kub\u00edne, zo Slovenska sa n\u00e1v\u0161tevn\u00edkom predstavili i\u00a0kolegovia z\u00a0Hradu Star\u00e1 \u013dubov\u0148a. Budat\u00ednsky hrad bol prezentovan\u00fd v\u00a0spolo\u010dnom st\u00e1nku s\u00a0kolegami z\u00a0KOCR. V\u0161etk\u00fdch n\u00e1v\u0161tevn\u00edkov zaujalo spojenie hradu [&hellip;]<\/p>\n","protected":false},"author":2,"featured_media":20891,"comment_status":"closed","ping_status":"closed","sticky":false,"template":"","format":"standard","meta":{"site-sidebar-layout":"default","site-content-layout":"","ast-site-content-layout":"","site-content-style":"default","site-sidebar-style":"default","ast-global-header-display":"","ast-banner-title-visibility":"","ast-main-header-display":"","ast-hfb-above-header-display":"","ast-hfb-below-header-display":"","ast-hfb-mobile-header-display":"","site-post-title":"","ast-breadcrumbs-content":"","ast-featured-img":"","footer-sml-layout":"","theme-transparent-header-meta":"","adv-header-id-meta":"","stick-header-meta":"","header-above-stick-meta":"","header-main-stick-meta":"","header-below-stick-meta":"","astra-migrate-meta-layouts":"default","ast-page-background-enabled":"default","ast-page-background-meta":{"desktop":{"background-color":"var(--ast-global-color-4)","background-image":"","background-repeat":"repeat","background-position":"center center","background-size":"auto","background-attachment":"scroll","background-type":"","background-media":"","overlay-type":"","overlay-color":"","overlay-opacity":"","overlay-gradient":""},"tablet":{"background-color":"","background-image":"","background-repeat":"repeat","background-position":"center center","background-size":"auto","background-attachment":"scroll","background-type":"","background-media":"","overlay-type":"","overlay-color":"","overlay-opacity":"","overlay-gradient":""},"mobile":{"background-color":"","background-image":"","background-repeat":"repeat","background-position":"center center","background-size":"auto","background-attachment":"scroll","background-type":"","background-media":"","overlay-type":"","overlay-color":"","overlay-opacity":"","overlay-gradient":""}},"ast-content-background-meta":{"desktop":{"background-color":"var(--ast-global-color-5)","background-image":"","background-repeat":"repeat","background-position":"center center","background-size":"auto","background-attachment":"scroll","background-type":"","background-media":"","overlay-type":"","overlay-color":"","overlay-opacity":"","overlay-gradient":""},"tablet":{"background-color":"var(--ast-global-color-5)","background-image":"","background-repeat":"repeat","background-position":"center center","background-size":"auto","background-attachment":"scroll","background-type":"","background-media":"","overlay-type":"","overlay-color":"","overlay-opacity":"","overlay-gradient":""},"mobile":{"background-color":"var(--ast-global-color-5)","background-image":"","background-repeat":"repeat","background-position":"center center","background-size":"auto","background-attachment":"scroll","background-type":"","background-media":"","overlay-type":"","overlay-color":"","overlay-opacity":"","overlay-gradient":""}},"footnotes":""},"categories":[31],"tags":[],"class_list":["post-20887","post","type-post","status-publish","format-standard","has-post-thumbnail","hentry","category-aktuality"],"yoast_head":"<!-- This site is optimized with the Yoast SEO plugin v27.4 - https:\/\/yoast.com\/product\/yoast-seo-wordpress\/ -->\n<title>Ve\u013etrh cestovn\u00e9ho ruchu v Zabrze - Pova\u017esk\u00e9 m\u00fazeum<\/title>\n<meta name=\"robots\" content=\"index, follow, max-snippet:-1, max-image-preview:large, max-video-preview:-1\" \/>\n<link rel=\"canonical\" href=\"https:\/\/pmza.sk\/?p=20887\" \/>\n<meta property=\"og:locale\" content=\"sk_SK\" \/>\n<meta property=\"og:type\" content=\"article\" \/>\n<meta property=\"og:title\" content=\"Ve\u013etrh cestovn\u00e9ho ruchu v Zabrze - Pova\u017esk\u00e9 m\u00fazeum\" \/>\n<meta property=\"og:description\" content=\"Pova\u017esk\u00e9 m\u00fazeum v\u00a0\u017diline sa po prv\u00fdkr\u00e1t predstavilo u\u00a0susedov v\u00a0Po\u013esku, na 9. ro\u010dn\u00edku Medzin\u00e1rodn\u00e9ho ve\u013etrhu cestovn\u00e9ho ruchu a\u00a0priemyslovej turistiky v\u00a0Zabrze. \u017dilinsk\u00fd kraj v\u00a0hale MOSiR v\u00a0d\u0148och 6. -8. apr\u00edla 2017 zastupovalo i\u00a0Oravsk\u00e9 m\u00fazeum v\u00a0Dolnom Kub\u00edne, zo Slovenska sa n\u00e1v\u0161tevn\u00edkom predstavili i\u00a0kolegovia z\u00a0Hradu Star\u00e1 \u013dubov\u0148a. Budat\u00ednsky hrad bol prezentovan\u00fd v\u00a0spolo\u010dnom st\u00e1nku s\u00a0kolegami z\u00a0KOCR. V\u0161etk\u00fdch n\u00e1v\u0161tevn\u00edkov zaujalo spojenie hradu [&hellip;]\" \/>\n<meta property=\"og:url\" content=\"https:\/\/pmza.sk\/?p=20887\" \/>\n<meta property=\"og:site_name\" content=\"Pova\u017esk\u00e9 m\u00fazeum\" \/>\n<meta property=\"article:publisher\" content=\"https:\/\/www.facebook.com\/povazskemuzeum\" \/>\n<meta property=\"article:published_time\" content=\"2017-04-12T06:55:43+00:00\" \/>\n<meta property=\"og:image\" content=\"https:\/\/pmza.sk\/wp-content\/uploads\/2017\/04\/IMG_20170408_192617-scaled-1.jpg\" \/>\n\t<meta property=\"og:image:width\" content=\"1920\" \/>\n\t<meta property=\"og:image:height\" content=\"2560\" \/>\n\t<meta property=\"og:image:type\" content=\"image\/jpeg\" \/>\n<meta name=\"author\" content=\"Pova\u017esk\u00e9 m\u00fazeum\" \/>\n<meta name=\"twitter:card\" content=\"summary_large_image\" \/>\n<meta name=\"twitter:label1\" content=\"Autor\" \/>\n\t<meta name=\"twitter:data1\" content=\"Pova\u017esk\u00e9 m\u00fazeum\" \/>\n\t<meta name=\"twitter:label2\" content=\"Predpokladan\u00fd \u010das \u010d\u00edtania\" \/>\n\t<meta name=\"twitter:data2\" content=\"2 min\u00faty\" \/>\n<script type=\"application\/ld+json\" class=\"yoast-schema-graph\">{\"@context\":\"https:\\\/\\\/schema.org\",\"@graph\":[{\"@type\":\"Article\",\"@id\":\"https:\\\/\\\/pmza.sk\\\/?p=20887#article\",\"isPartOf\":{\"@id\":\"https:\\\/\\\/pmza.sk\\\/?p=20887\"},\"author\":{\"name\":\"Pova\u017esk\u00e9 m\u00fazeum\",\"@id\":\"https:\\\/\\\/pmza.sk\\\/#\\\/schema\\\/person\\\/595e6a2ce731ea94dcd5d7f50a41ae33\"},\"headline\":\"Ve\u013etrh cestovn\u00e9ho ruchu v Zabrze\",\"datePublished\":\"2017-04-12T06:55:43+00:00\",\"mainEntityOfPage\":{\"@id\":\"https:\\\/\\\/pmza.sk\\\/?p=20887\"},\"wordCount\":338,\"publisher\":{\"@id\":\"https:\\\/\\\/pmza.sk\\\/#organization\"},\"image\":{\"@id\":\"https:\\\/\\\/pmza.sk\\\/?p=20887#primaryimage\"},\"thumbnailUrl\":\"https:\\\/\\\/pmza.sk\\\/wp-content\\\/uploads\\\/2017\\\/04\\\/IMG_20170408_192617-scaled-1.jpg\",\"articleSection\":[\"Aktuality\"],\"inLanguage\":\"sk-SK\"},{\"@type\":\"WebPage\",\"@id\":\"https:\\\/\\\/pmza.sk\\\/?p=20887\",\"url\":\"https:\\\/\\\/pmza.sk\\\/?p=20887\",\"name\":\"Ve\u013etrh cestovn\u00e9ho ruchu v Zabrze - Pova\u017esk\u00e9 m\u00fazeum\",\"isPartOf\":{\"@id\":\"https:\\\/\\\/pmza.sk\\\/#website\"},\"primaryImageOfPage\":{\"@id\":\"https:\\\/\\\/pmza.sk\\\/?p=20887#primaryimage\"},\"image\":{\"@id\":\"https:\\\/\\\/pmza.sk\\\/?p=20887#primaryimage\"},\"thumbnailUrl\":\"https:\\\/\\\/pmza.sk\\\/wp-content\\\/uploads\\\/2017\\\/04\\\/IMG_20170408_192617-scaled-1.jpg\",\"datePublished\":\"2017-04-12T06:55:43+00:00\",\"breadcrumb\":{\"@id\":\"https:\\\/\\\/pmza.sk\\\/?p=20887#breadcrumb\"},\"inLanguage\":\"sk-SK\",\"potentialAction\":[{\"@type\":\"ReadAction\",\"target\":[\"https:\\\/\\\/pmza.sk\\\/?p=20887\"]}]},{\"@type\":\"ImageObject\",\"inLanguage\":\"sk-SK\",\"@id\":\"https:\\\/\\\/pmza.sk\\\/?p=20887#primaryimage\",\"url\":\"https:\\\/\\\/pmza.sk\\\/wp-content\\\/uploads\\\/2017\\\/04\\\/IMG_20170408_192617-scaled-1.jpg\",\"contentUrl\":\"https:\\\/\\\/pmza.sk\\\/wp-content\\\/uploads\\\/2017\\\/04\\\/IMG_20170408_192617-scaled-1.jpg\",\"width\":1920,\"height\":2560},{\"@type\":\"BreadcrumbList\",\"@id\":\"https:\\\/\\\/pmza.sk\\\/?p=20887#breadcrumb\",\"itemListElement\":[{\"@type\":\"ListItem\",\"position\":1,\"name\":\"Domovsk\u00e1 str\u00e1nka\",\"item\":\"https:\\\/\\\/pmza.sk\\\/\"},{\"@type\":\"ListItem\",\"position\":2,\"name\":\"Ve\u013etrh cestovn\u00e9ho ruchu v Zabrze\"}]},{\"@type\":\"WebSite\",\"@id\":\"https:\\\/\\\/pmza.sk\\\/#website\",\"url\":\"https:\\\/\\\/pmza.sk\\\/\",\"name\":\"Pova\u017esk\u00e9 m\u00fazeum\",\"description\":\"Pova\u017esk\u00e9 m\u00fazeum v \u017diline je region\u00e1lne m\u00fazeum so s\u00eddlom v Budat\u00edne. Jeho expoz\u00edcie s\u00fa zameran\u00e9 na dejiny slovensk\u00e9ho umenia, kult\u00fary a dopravy.\",\"publisher\":{\"@id\":\"https:\\\/\\\/pmza.sk\\\/#organization\"},\"potentialAction\":[{\"@type\":\"SearchAction\",\"target\":{\"@type\":\"EntryPoint\",\"urlTemplate\":\"https:\\\/\\\/pmza.sk\\\/?s={search_term_string}\"},\"query-input\":{\"@type\":\"PropertyValueSpecification\",\"valueRequired\":true,\"valueName\":\"search_term_string\"}}],\"inLanguage\":\"sk-SK\"},{\"@type\":\"Organization\",\"@id\":\"https:\\\/\\\/pmza.sk\\\/#organization\",\"name\":\"Pova\u017esk\u00e9 m\u00fazeum\",\"url\":\"https:\\\/\\\/pmza.sk\\\/\",\"logo\":{\"@type\":\"ImageObject\",\"inLanguage\":\"sk-SK\",\"@id\":\"https:\\\/\\\/pmza.sk\\\/#\\\/schema\\\/logo\\\/image\\\/\",\"url\":\"https:\\\/\\\/pmza.sk\\\/wp-content\\\/uploads\\\/2022\\\/01\\\/logo_PM_horizontal.jpg\",\"contentUrl\":\"https:\\\/\\\/pmza.sk\\\/wp-content\\\/uploads\\\/2022\\\/01\\\/logo_PM_horizontal.jpg\",\"width\":231,\"height\":142,\"caption\":\"Pova\u017esk\u00e9 m\u00fazeum\"},\"image\":{\"@id\":\"https:\\\/\\\/pmza.sk\\\/#\\\/schema\\\/logo\\\/image\\\/\"},\"sameAs\":[\"https:\\\/\\\/www.facebook.com\\\/povazskemuzeum\",\"https:\\\/\\\/www.instagram.com\\\/povazskemuzeum\\\/\"]},{\"@type\":\"Person\",\"@id\":\"https:\\\/\\\/pmza.sk\\\/#\\\/schema\\\/person\\\/595e6a2ce731ea94dcd5d7f50a41ae33\",\"name\":\"Pova\u017esk\u00e9 m\u00fazeum\",\"image\":{\"@type\":\"ImageObject\",\"inLanguage\":\"sk-SK\",\"@id\":\"https:\\\/\\\/secure.gravatar.com\\\/avatar\\\/2bb7f1561282132fb5826dfeccc66c7996d11ee392ac6aaf7ced8a1c2027fbb2?s=96&d=mm&r=g\",\"url\":\"https:\\\/\\\/secure.gravatar.com\\\/avatar\\\/2bb7f1561282132fb5826dfeccc66c7996d11ee392ac6aaf7ced8a1c2027fbb2?s=96&d=mm&r=g\",\"contentUrl\":\"https:\\\/\\\/secure.gravatar.com\\\/avatar\\\/2bb7f1561282132fb5826dfeccc66c7996d11ee392ac6aaf7ced8a1c2027fbb2?s=96&d=mm&r=g\",\"caption\":\"Pova\u017esk\u00e9 m\u00fazeum\"}}]}<\/script>\n<!-- \/ Yoast SEO plugin. -->","yoast_head_json":{"title":"Ve\u013etrh cestovn\u00e9ho ruchu v Zabrze - Pova\u017esk\u00e9 m\u00fazeum","robots":{"index":"index","follow":"follow","max-snippet":"max-snippet:-1","max-image-preview":"max-image-preview:large","max-video-preview":"max-video-preview:-1"},"canonical":"https:\/\/pmza.sk\/?p=20887","og_locale":"sk_SK","og_type":"article","og_title":"Ve\u013etrh cestovn\u00e9ho ruchu v Zabrze - Pova\u017esk\u00e9 m\u00fazeum","og_description":"Pova\u017esk\u00e9 m\u00fazeum v\u00a0\u017diline sa po prv\u00fdkr\u00e1t predstavilo u\u00a0susedov v\u00a0Po\u013esku, na 9. ro\u010dn\u00edku Medzin\u00e1rodn\u00e9ho ve\u013etrhu cestovn\u00e9ho ruchu a\u00a0priemyslovej turistiky v\u00a0Zabrze. \u017dilinsk\u00fd kraj v\u00a0hale MOSiR v\u00a0d\u0148och 6. -8. apr\u00edla 2017 zastupovalo i\u00a0Oravsk\u00e9 m\u00fazeum v\u00a0Dolnom Kub\u00edne, zo Slovenska sa n\u00e1v\u0161tevn\u00edkom predstavili i\u00a0kolegovia z\u00a0Hradu Star\u00e1 \u013dubov\u0148a. Budat\u00ednsky hrad bol prezentovan\u00fd v\u00a0spolo\u010dnom st\u00e1nku s\u00a0kolegami z\u00a0KOCR. V\u0161etk\u00fdch n\u00e1v\u0161tevn\u00edkov zaujalo spojenie hradu [&hellip;]","og_url":"https:\/\/pmza.sk\/?p=20887","og_site_name":"Pova\u017esk\u00e9 m\u00fazeum","article_publisher":"https:\/\/www.facebook.com\/povazskemuzeum","article_published_time":"2017-04-12T06:55:43+00:00","og_image":[{"width":1920,"height":2560,"url":"https:\/\/pmza.sk\/wp-content\/uploads\/2017\/04\/IMG_20170408_192617-scaled-1.jpg","type":"image\/jpeg"}],"author":"Pova\u017esk\u00e9 m\u00fazeum","twitter_card":"summary_large_image","twitter_misc":{"Autor":"Pova\u017esk\u00e9 m\u00fazeum","Predpokladan\u00fd \u010das \u010d\u00edtania":"2 min\u00faty"},"schema":{"@context":"https:\/\/schema.org","@graph":[{"@type":"Article","@id":"https:\/\/pmza.sk\/?p=20887#article","isPartOf":{"@id":"https:\/\/pmza.sk\/?p=20887"},"author":{"name":"Pova\u017esk\u00e9 m\u00fazeum","@id":"https:\/\/pmza.sk\/#\/schema\/person\/595e6a2ce731ea94dcd5d7f50a41ae33"},"headline":"Ve\u013etrh cestovn\u00e9ho ruchu v Zabrze","datePublished":"2017-04-12T06:55:43+00:00","mainEntityOfPage":{"@id":"https:\/\/pmza.sk\/?p=20887"},"wordCount":338,"publisher":{"@id":"https:\/\/pmza.sk\/#organization"},"image":{"@id":"https:\/\/pmza.sk\/?p=20887#primaryimage"},"thumbnailUrl":"https:\/\/pmza.sk\/wp-content\/uploads\/2017\/04\/IMG_20170408_192617-scaled-1.jpg","articleSection":["Aktuality"],"inLanguage":"sk-SK"},{"@type":"WebPage","@id":"https:\/\/pmza.sk\/?p=20887","url":"https:\/\/pmza.sk\/?p=20887","name":"Ve\u013etrh cestovn\u00e9ho ruchu v Zabrze - Pova\u017esk\u00e9 m\u00fazeum","isPartOf":{"@id":"https:\/\/pmza.sk\/#website"},"primaryImageOfPage":{"@id":"https:\/\/pmza.sk\/?p=20887#primaryimage"},"image":{"@id":"https:\/\/pmza.sk\/?p=20887#primaryimage"},"thumbnailUrl":"https:\/\/pmza.sk\/wp-content\/uploads\/2017\/04\/IMG_20170408_192617-scaled-1.jpg","datePublished":"2017-04-12T06:55:43+00:00","breadcrumb":{"@id":"https:\/\/pmza.sk\/?p=20887#breadcrumb"},"inLanguage":"sk-SK","potentialAction":[{"@type":"ReadAction","target":["https:\/\/pmza.sk\/?p=20887"]}]},{"@type":"ImageObject","inLanguage":"sk-SK","@id":"https:\/\/pmza.sk\/?p=20887#primaryimage","url":"https:\/\/pmza.sk\/wp-content\/uploads\/2017\/04\/IMG_20170408_192617-scaled-1.jpg","contentUrl":"https:\/\/pmza.sk\/wp-content\/uploads\/2017\/04\/IMG_20170408_192617-scaled-1.jpg","width":1920,"height":2560},{"@type":"BreadcrumbList","@id":"https:\/\/pmza.sk\/?p=20887#breadcrumb","itemListElement":[{"@type":"ListItem","position":1,"name":"Domovsk\u00e1 str\u00e1nka","item":"https:\/\/pmza.sk\/"},{"@type":"ListItem","position":2,"name":"Ve\u013etrh cestovn\u00e9ho ruchu v Zabrze"}]},{"@type":"WebSite","@id":"https:\/\/pmza.sk\/#website","url":"https:\/\/pmza.sk\/","name":"Pova\u017esk\u00e9 m\u00fazeum","description":"Pova\u017esk\u00e9 m\u00fazeum v \u017diline je region\u00e1lne m\u00fazeum so s\u00eddlom v Budat\u00edne. Jeho expoz\u00edcie s\u00fa zameran\u00e9 na dejiny slovensk\u00e9ho umenia, kult\u00fary a dopravy.","publisher":{"@id":"https:\/\/pmza.sk\/#organization"},"potentialAction":[{"@type":"SearchAction","target":{"@type":"EntryPoint","urlTemplate":"https:\/\/pmza.sk\/?s={search_term_string}"},"query-input":{"@type":"PropertyValueSpecification","valueRequired":true,"valueName":"search_term_string"}}],"inLanguage":"sk-SK"},{"@type":"Organization","@id":"https:\/\/pmza.sk\/#organization","name":"Pova\u017esk\u00e9 m\u00fazeum","url":"https:\/\/pmza.sk\/","logo":{"@type":"ImageObject","inLanguage":"sk-SK","@id":"https:\/\/pmza.sk\/#\/schema\/logo\/image\/","url":"https:\/\/pmza.sk\/wp-content\/uploads\/2022\/01\/logo_PM_horizontal.jpg","contentUrl":"https:\/\/pmza.sk\/wp-content\/uploads\/2022\/01\/logo_PM_horizontal.jpg","width":231,"height":142,"caption":"Pova\u017esk\u00e9 m\u00fazeum"},"image":{"@id":"https:\/\/pmza.sk\/#\/schema\/logo\/image\/"},"sameAs":["https:\/\/www.facebook.com\/povazskemuzeum","https:\/\/www.instagram.com\/povazskemuzeum\/"]},{"@type":"Person","@id":"https:\/\/pmza.sk\/#\/schema\/person\/595e6a2ce731ea94dcd5d7f50a41ae33","name":"Pova\u017esk\u00e9 m\u00fazeum","image":{"@type":"ImageObject","inLanguage":"sk-SK","@id":"https:\/\/secure.gravatar.com\/avatar\/2bb7f1561282132fb5826dfeccc66c7996d11ee392ac6aaf7ced8a1c2027fbb2?s=96&d=mm&r=g","url":"https:\/\/secure.gravatar.com\/avatar\/2bb7f1561282132fb5826dfeccc66c7996d11ee392ac6aaf7ced8a1c2027fbb2?s=96&d=mm&r=g","contentUrl":"https:\/\/secure.gravatar.com\/avatar\/2bb7f1561282132fb5826dfeccc66c7996d11ee392ac6aaf7ced8a1c2027fbb2?s=96&d=mm&r=g","caption":"Pova\u017esk\u00e9 m\u00fazeum"}}]}},"_links":{"self":[{"href":"https:\/\/pmza.sk\/index.php?rest_route=\/wp\/v2\/posts\/20887","targetHints":{"allow":["GET"]}}],"collection":[{"href":"https:\/\/pmza.sk\/index.php?rest_route=\/wp\/v2\/posts"}],"about":[{"href":"https:\/\/pmza.sk\/index.php?rest_route=\/wp\/v2\/types\/post"}],"author":[{"embeddable":true,"href":"https:\/\/pmza.sk\/index.php?rest_route=\/wp\/v2\/users\/2"}],"replies":[{"embeddable":true,"href":"https:\/\/pmza.sk\/index.php?rest_route=%2Fwp%2Fv2%2Fcomments&post=20887"}],"version-history":[{"count":0,"href":"https:\/\/pmza.sk\/index.php?rest_route=\/wp\/v2\/posts\/20887\/revisions"}],"wp:featuredmedia":[{"embeddable":true,"href":"https:\/\/pmza.sk\/index.php?rest_route=\/wp\/v2\/media\/20891"}],"wp:attachment":[{"href":"https:\/\/pmza.sk\/index.php?rest_route=%2Fwp%2Fv2%2Fmedia&parent=20887"}],"wp:term":[{"taxonomy":"category","embeddable":true,"href":"https:\/\/pmza.sk\/index.php?rest_route=%2Fwp%2Fv2%2Fcategories&post=20887"},{"taxonomy":"post_tag","embeddable":true,"href":"https:\/\/pmza.sk\/index.php?rest_route=%2Fwp%2Fv2%2Ftags&post=20887"}],"curies":[{"name":"wp","href":"https:\/\/api.w.org\/{rel}","templated":true}]}}