{"id":20921,"date":"2017-04-20T08:12:11","date_gmt":"2017-04-20T06:12:11","guid":{"rendered":"https:\/\/pmza.sk.sk\/?p=20921"},"modified":"2017-04-20T08:12:11","modified_gmt":"2017-04-20T06:12:11","slug":"muzea-galerie-ci-kniznice-caka-modernizacia-za-16-miliona-eur","status":"publish","type":"post","link":"https:\/\/pmza.sk\/?p=20921","title":{"rendered":"M\u00faze\u00e1, gal\u00e9rie \u010di kni\u017enice \u010dak\u00e1 moderniz\u00e1cia za 1,6 mili\u00f3na eur"},"content":{"rendered":"<p>M\u00faze\u00e1, gal\u00e9rie, kni\u017enice, kult\u00farne stredisk\u00e1 i divadl\u00e1 prejd\u00fa rekon\u0161trukciami ich historick\u00fdch budov,\u00a0kult\u00farnych pamiatok a\u00a0pr\u00edrodn\u00fdch are\u00e1lov. Ako pribl\u00ed\u017eil \u017eilinsk\u00fd \u017eupan Juraj Blan\u00e1r, \u017eupa m\u00e1 v\u00a0p\u00f4sobnosti 23 kult\u00farnych organiz\u00e1ci\u00ed a\u00a0star\u00e1 sa o\u00a0v\u00fdnimo\u010dn\u00e9 pamiatky, ako je Oravsk\u00fd hrad, Sob\u00e1\u0161ny pal\u00e1c v\u00a0Byt\u010di, historick\u00e1 lesn\u00e1 \u017eeleznica vo Vychylovke, M\u00fazeum liptovskej dediny v\u00a0Pribyline \u010di N\u00e1rodn\u00fd dom v\u00a0Martine. \u201eMnoho z\u00a0nich sa n\u00e1m podarilo zrekon\u0161truova\u0165 a\u00a0doda\u0165 im nov\u00fd vzh\u013ead v\u010faka financi\u00e1m z\u00a0n\u00e1\u0161ho rozpo\u010dtu alebo\u00a0eurofondov. Krok za krokom modernizujeme ob\u013e\u00faben\u00e9 priestory l\u00e1kaj\u00face dom\u00e1cich i\u00a0zahrani\u010dn\u00fdch n\u00e1v\u0161tevn\u00edkov a\u00a0pokra\u010dujeme aj tento rok,\u201c informoval predseda \u017dSK.<\/p>\n<p>Najrozsiahlej\u0161ie pr\u00e1ce sa dotkn\u00fa Budat\u00ednskeho hradu, kde sa \u017eupe podarilo z\u00edska\u0165 financie z\u00a0n\u00f3rskych a\u00a0eur\u00f3pskych fondov na vytvorenie novej expozi\u010dnej miestnosti a\u00a0obnovu unik\u00e1tnej hospod\u00e1rskej budovy s invest\u00edciou vo v\u00fd\u0161ke 1,1 mil. eur. Stavebn\u00e9 \u00fapravy pl\u00e1nuje tie\u017e Krajsk\u00e9 kult\u00farne stredisko v\u00a0\u017diline. Pod\u013ea slov J. Blan\u00e1ra kraj zatepl\u00ed fas\u00e1du Makovick\u00e9ho domu, vymen\u00ed na nej v\u0161etky okn\u00e1 i\u00a0dvere a\u00a0z\u00e1rove\u0148 zmodernizuje kanaliz\u00e1ciu za pribli\u017ene 150-tis\u00edc eur.<\/p>\n<p>\u201eRekon\u0161trukciou prejde rovnako strecha Liptovskej kni\u017enice v\u00a0Liptovskom Mikul\u00e1\u0161i, kde chceme so <a href=\"https:\/\/pmza.sk\/wp-content\/uploads\/2017\/04\/ZSK_Rekonstruovat-sa-bude-i-strecha-Liptovskej-kniznice-v-Liptovskom-Mikulasi.jpg\"><img decoding=\"async\" class=\"alignleft size-thumbnail wp-image-20924\" src=\"https:\/\/pmza.sk.sk\/wp-content\/uploads\/2017\/04\/\u017dSK_Rekon\u0161truova\u0165-sa-bude-i-strecha-Liptovskej-kni\u017enice-v-Liptovskom-Mikul\u00e1\u0161i-150x113.jpg\" alt=\"\" width=\"150\" height=\"113\" \/><\/a>zateplen\u00edm za\u010da\u0165 \u010do najsk\u00f4r, ke\u010f\u017ee bude potrebn\u00e9 uzavrie\u0165 oddelenie detskej literat\u00fary, ktor\u00e9 sa nach\u00e1dza v\u00a0podkrovn\u00fdch priestoroch. Budeme sa sna\u017ei\u0165, aby opravy obmedzili na\u0161ich liptovsk\u00fdch \u010ditate\u013eov \u010do najmenej,\u201c uviedol \u017eupan s\u00a0t\u00fdm, \u017ee n\u00e1klady by nemali presiahnu\u0165 200-tis\u00edc eur. V\u00a0Liptove \u017dSK investuje aj do are\u00e1lov Liptovsk\u00e9ho m\u00fazea. Pl\u00e1novan\u00e1 je obnova vodojemu v\u00a0M\u00fazeu liptovskej dediny v\u00a0Pribyline za 50-tis\u00edc eur a pokra\u010dovanie san\u00e1cie na hrade Likava. Ako informoval riadite\u013e m\u00fazea Martin Krupa, v\u00a0prvej etape bol hrad najprv o\u010disten\u00fd od n\u00e1letov a\u00a0krov\u00edn. \u201eIde o\u00a0n\u00e1ro\u010dn\u00e9 procesy, preto moment\u00e1lne pripravujeme projektov\u00fa dokument\u00e1ciu potrebn\u00fa pre \u010fal\u0161ie etapy san\u00e1cie, ktor\u00e9 n\u00e1s \u010dakaj\u00fa,\u201c doplnil.<\/p>\n<p>Na Kysuciach kraj vy\u010dlenil 130-tis\u00edc eur do Kysuckej gal\u00e9rie v\u00a0O\u0161\u010dadnici. \u201eV bl\u00edzkosti ka\u0161tie\u013ea sme za\u010dali stava\u0165 depozit\u00e1r, kam ulo\u017e\u00edme zbierkov\u00e9 predmety, ktor\u00e9 nem\u00f4\u017eu by\u0165 moment\u00e1lne vystaven\u00e9. Vytvorenie tak\u00e9hoto priestoru je ve\u013emi d\u00f4le\u017eit\u00e9, ke\u010f\u017ee obrazy a\u00a0in\u00e9 expon\u00e1ty musia by\u0165 ulo\u017een\u00e9 v\u00a0depozite, ktor\u00fd sp\u013a\u0148a \u0161pecifick\u00e9 podmienky ochrany umeleck\u00fdch diel,\u201c zd\u00f4raznil \u017eilinsk\u00fd \u017eupan. Rekon\u0161trukcia u\u017e prebieha, no pre milovn\u00edkov umenia, ktor\u00ed sa rozhodn\u00fa ka\u0161tie\u013e nav\u0161t\u00edvi\u0165, neznamen\u00e1 \u017eiadne obmedzenia. Rovnako bez obmedzen\u00ed prebehn\u00fa pr\u00e1ce v\u00a0Slovenskom komornom divadle v\u00a0Martine, kde \u017eupa uprav\u00ed are\u00e1l na parkovanie. Za 30-tis\u00edc eur vybuduje vjazd do suter\u00e9nu podzemn\u00fdch gar\u00e1\u017e\u00ed.<\/p>\n<p>Finan\u010dn\u00e9 prostriedky \u017dSK pridelil taktie\u017e do oravsk\u00fdch kult\u00farnych organiz\u00e1ci\u00ed. Oravsk\u00e1 kni\u017enica v\u00a0Dolnom Kub\u00edne sa po \u00faspe\u0161nej oprave strechy pust\u00ed do rekon\u0161trukcie chodieb, schod\u00edsk a\u00a0z\u00e1bradl\u00ed. \u017dupa na \u0148u vy\u010dlenila 20-tis\u00edc eur. Ako dodal J. Blan\u00e1r, rovnak\u00e1 suma pom\u00f4\u017ee i Oravsk\u00e9mu kult\u00farnemu stredisku v\u00a0Dolnom Kub\u00edne na obnovu hygienick\u00fdch zariaden\u00ed. Unik\u00e1tnu invest\u00edciu kraj vlo\u017e\u00ed aj do Oravskej gal\u00e9rie. E\u0161te tento rok chce za 42-tis\u00edc eur dobudova\u0165 lodn\u00fd v\u00fd\u0165ah v\u00a0stredisku Slanick\u00e1<a href=\"https:\/\/pmza.sk\/wp-content\/uploads\/2017\/04\/ZSK_Zupa-buduje-novy-lodny-vytah.-Sezonu-zacne-v-Slanickej-osade-uz-15.-maja..jpg\"><img decoding=\"async\" class=\"wp-image-20925 size-thumbnail alignright\" src=\"https:\/\/pmza.sk.sk\/wp-content\/uploads\/2017\/04\/\u017dSK_\u017dupa-buduje-nov\u00fd-lodn\u00fd-v\u00fd\u0165ah.-Sez\u00f3nu-za\u010dne-v-Slanickej-osade-u\u017e-15.-m\u00e1ja.-150x113.jpg\" alt=\"\" width=\"150\" height=\"113\" \/><\/a> osada, odkia\u013e ka\u017edoro\u010dne prem\u00e1va lo\u010f na popul\u00e1rnu expoz\u00edciu na Slanickom ostrove umenia. \u201eDve tretiny dr\u00e1hy s\u00fa u\u017e hotov\u00e9 a\u00a0zatia\u013e \u010dak\u00e1me, k\u00fdm poklesne hladina vody, aby sme mohli pokra\u010dova\u0165 v\u00a0bet\u00f3novan\u00ed poslednej \u010dasti. V\u010faka vlastn\u00e9mu vybaveniu u\u0161etr\u00edme tis\u00edcky eur,\u00a0pl\u00e1nujeme preto dok\u00fapi\u0165 i\u00a0elektrick\u00fd navijak na \u0165ahanie lode,\u201c pribl\u00ed\u017eila riadite\u013eka Oravskej gal\u00e9rie Eva \u013dupt\u00e1kov\u00e1. Sez\u00f3nu na Oravskej priehrade otvor\u00ed prv\u00e1 plavba u\u017e 15. m\u00e1ja.<\/p>\n<p style=\"text-align: right;\"><strong>Lenka Z\u00e1tekov\u00e1<br \/>hovorky\u0148a \u017dSK<\/strong><\/p>\n","protected":false},"excerpt":{"rendered":"<p>M\u00faze\u00e1, gal\u00e9rie, kni\u017enice, kult\u00farne stredisk\u00e1 i divadl\u00e1 prejd\u00fa rekon\u0161trukciami ich historick\u00fdch budov,\u00a0kult\u00farnych pamiatok a\u00a0pr\u00edrodn\u00fdch are\u00e1lov. Ako pribl\u00ed\u017eil \u017eilinsk\u00fd \u017eupan Juraj Blan\u00e1r, \u017eupa m\u00e1 v\u00a0p\u00f4sobnosti 23 kult\u00farnych organiz\u00e1ci\u00ed a\u00a0star\u00e1 sa o\u00a0v\u00fdnimo\u010dn\u00e9 pamiatky, ako je Oravsk\u00fd hrad, Sob\u00e1\u0161ny pal\u00e1c v\u00a0Byt\u010di, historick\u00e1 lesn\u00e1 \u017eeleznica vo Vychylovke, M\u00fazeum liptovskej dediny v\u00a0Pribyline \u010di N\u00e1rodn\u00fd dom v\u00a0Martine. \u201eMnoho z\u00a0nich sa n\u00e1m [&hellip;]<\/p>\n","protected":false},"author":2,"featured_media":20107,"comment_status":"closed","ping_status":"closed","sticky":false,"template":"","format":"standard","meta":{"site-sidebar-layout":"default","site-content-layout":"","ast-site-content-layout":"","site-content-style":"default","site-sidebar-style":"default","ast-global-header-display":"","ast-banner-title-visibility":"","ast-main-header-display":"","ast-hfb-above-header-display":"","ast-hfb-below-header-display":"","ast-hfb-mobile-header-display":"","site-post-title":"","ast-breadcrumbs-content":"","ast-featured-img":"","footer-sml-layout":"","theme-transparent-header-meta":"","adv-header-id-meta":"","stick-header-meta":"","header-above-stick-meta":"","header-main-stick-meta":"","header-below-stick-meta":"","astra-migrate-meta-layouts":"default","ast-page-background-enabled":"default","ast-page-background-meta":{"desktop":{"background-color":"var(--ast-global-color-4)","background-image":"","background-repeat":"repeat","background-position":"center center","background-size":"auto","background-attachment":"scroll","background-type":"","background-media":"","overlay-type":"","overlay-color":"","overlay-opacity":"","overlay-gradient":""},"tablet":{"background-color":"","background-image":"","background-repeat":"repeat","background-position":"center center","background-size":"auto","background-attachment":"scroll","background-type":"","background-media":"","overlay-type":"","overlay-color":"","overlay-opacity":"","overlay-gradient":""},"mobile":{"background-color":"","background-image":"","background-repeat":"repeat","background-position":"center center","background-size":"auto","background-attachment":"scroll","background-type":"","background-media":"","overlay-type":"","overlay-color":"","overlay-opacity":"","overlay-gradient":""}},"ast-content-background-meta":{"desktop":{"background-color":"var(--ast-global-color-5)","background-image":"","background-repeat":"repeat","background-position":"center center","background-size":"auto","background-attachment":"scroll","background-type":"","background-media":"","overlay-type":"","overlay-color":"","overlay-opacity":"","overlay-gradient":""},"tablet":{"background-color":"var(--ast-global-color-5)","background-image":"","background-repeat":"repeat","background-position":"center center","background-size":"auto","background-attachment":"scroll","background-type":"","background-media":"","overlay-type":"","overlay-color":"","overlay-opacity":"","overlay-gradient":""},"mobile":{"background-color":"var(--ast-global-color-5)","background-image":"","background-repeat":"repeat","background-position":"center center","background-size":"auto","background-attachment":"scroll","background-type":"","background-media":"","overlay-type":"","overlay-color":"","overlay-opacity":"","overlay-gradient":""}},"footnotes":""},"categories":[31],"tags":[],"class_list":["post-20921","post","type-post","status-publish","format-standard","has-post-thumbnail","hentry","category-aktuality"],"yoast_head":"<!-- This site is optimized with the Yoast SEO plugin v27.4 - https:\/\/yoast.com\/product\/yoast-seo-wordpress\/ -->\n<title>M\u00faze\u00e1, gal\u00e9rie \u010di kni\u017enice \u010dak\u00e1 moderniz\u00e1cia za 1,6 mili\u00f3na eur - Pova\u017esk\u00e9 m\u00fazeum<\/title>\n<meta name=\"robots\" content=\"index, follow, max-snippet:-1, max-image-preview:large, max-video-preview:-1\" \/>\n<link rel=\"canonical\" href=\"https:\/\/pmza.sk\/?p=20921\" \/>\n<meta property=\"og:locale\" content=\"sk_SK\" \/>\n<meta property=\"og:type\" content=\"article\" \/>\n<meta property=\"og:title\" content=\"M\u00faze\u00e1, gal\u00e9rie \u010di kni\u017enice \u010dak\u00e1 moderniz\u00e1cia za 1,6 mili\u00f3na eur - Pova\u017esk\u00e9 m\u00fazeum\" \/>\n<meta property=\"og:description\" content=\"M\u00faze\u00e1, gal\u00e9rie, kni\u017enice, kult\u00farne stredisk\u00e1 i divadl\u00e1 prejd\u00fa rekon\u0161trukciami ich historick\u00fdch budov,\u00a0kult\u00farnych pamiatok a\u00a0pr\u00edrodn\u00fdch are\u00e1lov. Ako pribl\u00ed\u017eil \u017eilinsk\u00fd \u017eupan Juraj Blan\u00e1r, \u017eupa m\u00e1 v\u00a0p\u00f4sobnosti 23 kult\u00farnych organiz\u00e1ci\u00ed a\u00a0star\u00e1 sa o\u00a0v\u00fdnimo\u010dn\u00e9 pamiatky, ako je Oravsk\u00fd hrad, Sob\u00e1\u0161ny pal\u00e1c v\u00a0Byt\u010di, historick\u00e1 lesn\u00e1 \u017eeleznica vo Vychylovke, M\u00fazeum liptovskej dediny v\u00a0Pribyline \u010di N\u00e1rodn\u00fd dom v\u00a0Martine. \u201eMnoho z\u00a0nich sa n\u00e1m [&hellip;]\" \/>\n<meta property=\"og:url\" content=\"https:\/\/pmza.sk\/?p=20921\" \/>\n<meta property=\"og:site_name\" content=\"Pova\u017esk\u00e9 m\u00fazeum\" \/>\n<meta property=\"article:publisher\" content=\"https:\/\/www.facebook.com\/povazskemuzeum\" \/>\n<meta property=\"article:published_time\" content=\"2017-04-20T06:12:11+00:00\" \/>\n<meta property=\"og:image\" content=\"https:\/\/pmza.sk\/wp-content\/uploads\/2017\/02\/ZSK_Zupe-sa-podarilo-ziskat-financie-na-pokracujucu-rekonstrukciu-Budatinskeho-hradu.jpg\" \/>\n\t<meta property=\"og:image:width\" content=\"1024\" \/>\n\t<meta property=\"og:image:height\" content=\"683\" \/>\n\t<meta property=\"og:image:type\" content=\"image\/jpeg\" \/>\n<meta name=\"author\" content=\"Pova\u017esk\u00e9 m\u00fazeum\" \/>\n<meta name=\"twitter:card\" content=\"summary_large_image\" \/>\n<meta name=\"twitter:label1\" content=\"Autor\" \/>\n\t<meta name=\"twitter:data1\" content=\"Pova\u017esk\u00e9 m\u00fazeum\" \/>\n\t<meta name=\"twitter:label2\" content=\"Predpokladan\u00fd \u010das \u010d\u00edtania\" \/>\n\t<meta name=\"twitter:data2\" content=\"3 min\u00faty\" \/>\n<script type=\"application\/ld+json\" class=\"yoast-schema-graph\">{\"@context\":\"https:\\\/\\\/schema.org\",\"@graph\":[{\"@type\":\"Article\",\"@id\":\"https:\\\/\\\/pmza.sk\\\/?p=20921#article\",\"isPartOf\":{\"@id\":\"https:\\\/\\\/pmza.sk\\\/?p=20921\"},\"author\":{\"name\":\"Pova\u017esk\u00e9 m\u00fazeum\",\"@id\":\"https:\\\/\\\/pmza.sk\\\/#\\\/schema\\\/person\\\/595e6a2ce731ea94dcd5d7f50a41ae33\"},\"headline\":\"M\u00faze\u00e1, gal\u00e9rie \u010di kni\u017enice \u010dak\u00e1 moderniz\u00e1cia za 1,6 mili\u00f3na eur\",\"datePublished\":\"2017-04-20T06:12:11+00:00\",\"mainEntityOfPage\":{\"@id\":\"https:\\\/\\\/pmza.sk\\\/?p=20921\"},\"wordCount\":700,\"publisher\":{\"@id\":\"https:\\\/\\\/pmza.sk\\\/#organization\"},\"image\":{\"@id\":\"https:\\\/\\\/pmza.sk\\\/?p=20921#primaryimage\"},\"thumbnailUrl\":\"https:\\\/\\\/pmza.sk\\\/wp-content\\\/uploads\\\/2017\\\/02\\\/ZSK_Zupe-sa-podarilo-ziskat-financie-na-pokracujucu-rekonstrukciu-Budatinskeho-hradu.jpg\",\"articleSection\":[\"Aktuality\"],\"inLanguage\":\"sk-SK\"},{\"@type\":\"WebPage\",\"@id\":\"https:\\\/\\\/pmza.sk\\\/?p=20921\",\"url\":\"https:\\\/\\\/pmza.sk\\\/?p=20921\",\"name\":\"M\u00faze\u00e1, gal\u00e9rie \u010di kni\u017enice \u010dak\u00e1 moderniz\u00e1cia za 1,6 mili\u00f3na eur - Pova\u017esk\u00e9 m\u00fazeum\",\"isPartOf\":{\"@id\":\"https:\\\/\\\/pmza.sk\\\/#website\"},\"primaryImageOfPage\":{\"@id\":\"https:\\\/\\\/pmza.sk\\\/?p=20921#primaryimage\"},\"image\":{\"@id\":\"https:\\\/\\\/pmza.sk\\\/?p=20921#primaryimage\"},\"thumbnailUrl\":\"https:\\\/\\\/pmza.sk\\\/wp-content\\\/uploads\\\/2017\\\/02\\\/ZSK_Zupe-sa-podarilo-ziskat-financie-na-pokracujucu-rekonstrukciu-Budatinskeho-hradu.jpg\",\"datePublished\":\"2017-04-20T06:12:11+00:00\",\"breadcrumb\":{\"@id\":\"https:\\\/\\\/pmza.sk\\\/?p=20921#breadcrumb\"},\"inLanguage\":\"sk-SK\",\"potentialAction\":[{\"@type\":\"ReadAction\",\"target\":[\"https:\\\/\\\/pmza.sk\\\/?p=20921\"]}]},{\"@type\":\"ImageObject\",\"inLanguage\":\"sk-SK\",\"@id\":\"https:\\\/\\\/pmza.sk\\\/?p=20921#primaryimage\",\"url\":\"https:\\\/\\\/pmza.sk\\\/wp-content\\\/uploads\\\/2017\\\/02\\\/ZSK_Zupe-sa-podarilo-ziskat-financie-na-pokracujucu-rekonstrukciu-Budatinskeho-hradu.jpg\",\"contentUrl\":\"https:\\\/\\\/pmza.sk\\\/wp-content\\\/uploads\\\/2017\\\/02\\\/ZSK_Zupe-sa-podarilo-ziskat-financie-na-pokracujucu-rekonstrukciu-Budatinskeho-hradu.jpg\",\"width\":1024,\"height\":683},{\"@type\":\"BreadcrumbList\",\"@id\":\"https:\\\/\\\/pmza.sk\\\/?p=20921#breadcrumb\",\"itemListElement\":[{\"@type\":\"ListItem\",\"position\":1,\"name\":\"Domovsk\u00e1 str\u00e1nka\",\"item\":\"https:\\\/\\\/pmza.sk\\\/\"},{\"@type\":\"ListItem\",\"position\":2,\"name\":\"M\u00faze\u00e1, gal\u00e9rie \u010di kni\u017enice \u010dak\u00e1 moderniz\u00e1cia za 1,6 mili\u00f3na eur\"}]},{\"@type\":\"WebSite\",\"@id\":\"https:\\\/\\\/pmza.sk\\\/#website\",\"url\":\"https:\\\/\\\/pmza.sk\\\/\",\"name\":\"Pova\u017esk\u00e9 m\u00fazeum\",\"description\":\"Pova\u017esk\u00e9 m\u00fazeum v \u017diline je region\u00e1lne m\u00fazeum so s\u00eddlom v Budat\u00edne. Jeho expoz\u00edcie s\u00fa zameran\u00e9 na dejiny slovensk\u00e9ho umenia, kult\u00fary a dopravy.\",\"publisher\":{\"@id\":\"https:\\\/\\\/pmza.sk\\\/#organization\"},\"potentialAction\":[{\"@type\":\"SearchAction\",\"target\":{\"@type\":\"EntryPoint\",\"urlTemplate\":\"https:\\\/\\\/pmza.sk\\\/?s={search_term_string}\"},\"query-input\":{\"@type\":\"PropertyValueSpecification\",\"valueRequired\":true,\"valueName\":\"search_term_string\"}}],\"inLanguage\":\"sk-SK\"},{\"@type\":\"Organization\",\"@id\":\"https:\\\/\\\/pmza.sk\\\/#organization\",\"name\":\"Pova\u017esk\u00e9 m\u00fazeum\",\"url\":\"https:\\\/\\\/pmza.sk\\\/\",\"logo\":{\"@type\":\"ImageObject\",\"inLanguage\":\"sk-SK\",\"@id\":\"https:\\\/\\\/pmza.sk\\\/#\\\/schema\\\/logo\\\/image\\\/\",\"url\":\"https:\\\/\\\/pmza.sk\\\/wp-content\\\/uploads\\\/2022\\\/01\\\/logo_PM_horizontal.jpg\",\"contentUrl\":\"https:\\\/\\\/pmza.sk\\\/wp-content\\\/uploads\\\/2022\\\/01\\\/logo_PM_horizontal.jpg\",\"width\":231,\"height\":142,\"caption\":\"Pova\u017esk\u00e9 m\u00fazeum\"},\"image\":{\"@id\":\"https:\\\/\\\/pmza.sk\\\/#\\\/schema\\\/logo\\\/image\\\/\"},\"sameAs\":[\"https:\\\/\\\/www.facebook.com\\\/povazskemuzeum\",\"https:\\\/\\\/www.instagram.com\\\/povazskemuzeum\\\/\"]},{\"@type\":\"Person\",\"@id\":\"https:\\\/\\\/pmza.sk\\\/#\\\/schema\\\/person\\\/595e6a2ce731ea94dcd5d7f50a41ae33\",\"name\":\"Pova\u017esk\u00e9 m\u00fazeum\",\"image\":{\"@type\":\"ImageObject\",\"inLanguage\":\"sk-SK\",\"@id\":\"https:\\\/\\\/secure.gravatar.com\\\/avatar\\\/2bb7f1561282132fb5826dfeccc66c7996d11ee392ac6aaf7ced8a1c2027fbb2?s=96&d=mm&r=g\",\"url\":\"https:\\\/\\\/secure.gravatar.com\\\/avatar\\\/2bb7f1561282132fb5826dfeccc66c7996d11ee392ac6aaf7ced8a1c2027fbb2?s=96&d=mm&r=g\",\"contentUrl\":\"https:\\\/\\\/secure.gravatar.com\\\/avatar\\\/2bb7f1561282132fb5826dfeccc66c7996d11ee392ac6aaf7ced8a1c2027fbb2?s=96&d=mm&r=g\",\"caption\":\"Pova\u017esk\u00e9 m\u00fazeum\"}}]}<\/script>\n<!-- \/ Yoast SEO plugin. -->","yoast_head_json":{"title":"M\u00faze\u00e1, gal\u00e9rie \u010di kni\u017enice \u010dak\u00e1 moderniz\u00e1cia za 1,6 mili\u00f3na eur - Pova\u017esk\u00e9 m\u00fazeum","robots":{"index":"index","follow":"follow","max-snippet":"max-snippet:-1","max-image-preview":"max-image-preview:large","max-video-preview":"max-video-preview:-1"},"canonical":"https:\/\/pmza.sk\/?p=20921","og_locale":"sk_SK","og_type":"article","og_title":"M\u00faze\u00e1, gal\u00e9rie \u010di kni\u017enice \u010dak\u00e1 moderniz\u00e1cia za 1,6 mili\u00f3na eur - Pova\u017esk\u00e9 m\u00fazeum","og_description":"M\u00faze\u00e1, gal\u00e9rie, kni\u017enice, kult\u00farne stredisk\u00e1 i divadl\u00e1 prejd\u00fa rekon\u0161trukciami ich historick\u00fdch budov,\u00a0kult\u00farnych pamiatok a\u00a0pr\u00edrodn\u00fdch are\u00e1lov. Ako pribl\u00ed\u017eil \u017eilinsk\u00fd \u017eupan Juraj Blan\u00e1r, \u017eupa m\u00e1 v\u00a0p\u00f4sobnosti 23 kult\u00farnych organiz\u00e1ci\u00ed a\u00a0star\u00e1 sa o\u00a0v\u00fdnimo\u010dn\u00e9 pamiatky, ako je Oravsk\u00fd hrad, Sob\u00e1\u0161ny pal\u00e1c v\u00a0Byt\u010di, historick\u00e1 lesn\u00e1 \u017eeleznica vo Vychylovke, M\u00fazeum liptovskej dediny v\u00a0Pribyline \u010di N\u00e1rodn\u00fd dom v\u00a0Martine. \u201eMnoho z\u00a0nich sa n\u00e1m [&hellip;]","og_url":"https:\/\/pmza.sk\/?p=20921","og_site_name":"Pova\u017esk\u00e9 m\u00fazeum","article_publisher":"https:\/\/www.facebook.com\/povazskemuzeum","article_published_time":"2017-04-20T06:12:11+00:00","og_image":[{"width":1024,"height":683,"url":"https:\/\/pmza.sk\/wp-content\/uploads\/2017\/02\/ZSK_Zupe-sa-podarilo-ziskat-financie-na-pokracujucu-rekonstrukciu-Budatinskeho-hradu.jpg","type":"image\/jpeg"}],"author":"Pova\u017esk\u00e9 m\u00fazeum","twitter_card":"summary_large_image","twitter_misc":{"Autor":"Pova\u017esk\u00e9 m\u00fazeum","Predpokladan\u00fd \u010das \u010d\u00edtania":"3 min\u00faty"},"schema":{"@context":"https:\/\/schema.org","@graph":[{"@type":"Article","@id":"https:\/\/pmza.sk\/?p=20921#article","isPartOf":{"@id":"https:\/\/pmza.sk\/?p=20921"},"author":{"name":"Pova\u017esk\u00e9 m\u00fazeum","@id":"https:\/\/pmza.sk\/#\/schema\/person\/595e6a2ce731ea94dcd5d7f50a41ae33"},"headline":"M\u00faze\u00e1, gal\u00e9rie \u010di kni\u017enice \u010dak\u00e1 moderniz\u00e1cia za 1,6 mili\u00f3na eur","datePublished":"2017-04-20T06:12:11+00:00","mainEntityOfPage":{"@id":"https:\/\/pmza.sk\/?p=20921"},"wordCount":700,"publisher":{"@id":"https:\/\/pmza.sk\/#organization"},"image":{"@id":"https:\/\/pmza.sk\/?p=20921#primaryimage"},"thumbnailUrl":"https:\/\/pmza.sk\/wp-content\/uploads\/2017\/02\/ZSK_Zupe-sa-podarilo-ziskat-financie-na-pokracujucu-rekonstrukciu-Budatinskeho-hradu.jpg","articleSection":["Aktuality"],"inLanguage":"sk-SK"},{"@type":"WebPage","@id":"https:\/\/pmza.sk\/?p=20921","url":"https:\/\/pmza.sk\/?p=20921","name":"M\u00faze\u00e1, gal\u00e9rie \u010di kni\u017enice \u010dak\u00e1 moderniz\u00e1cia za 1,6 mili\u00f3na eur - Pova\u017esk\u00e9 m\u00fazeum","isPartOf":{"@id":"https:\/\/pmza.sk\/#website"},"primaryImageOfPage":{"@id":"https:\/\/pmza.sk\/?p=20921#primaryimage"},"image":{"@id":"https:\/\/pmza.sk\/?p=20921#primaryimage"},"thumbnailUrl":"https:\/\/pmza.sk\/wp-content\/uploads\/2017\/02\/ZSK_Zupe-sa-podarilo-ziskat-financie-na-pokracujucu-rekonstrukciu-Budatinskeho-hradu.jpg","datePublished":"2017-04-20T06:12:11+00:00","breadcrumb":{"@id":"https:\/\/pmza.sk\/?p=20921#breadcrumb"},"inLanguage":"sk-SK","potentialAction":[{"@type":"ReadAction","target":["https:\/\/pmza.sk\/?p=20921"]}]},{"@type":"ImageObject","inLanguage":"sk-SK","@id":"https:\/\/pmza.sk\/?p=20921#primaryimage","url":"https:\/\/pmza.sk\/wp-content\/uploads\/2017\/02\/ZSK_Zupe-sa-podarilo-ziskat-financie-na-pokracujucu-rekonstrukciu-Budatinskeho-hradu.jpg","contentUrl":"https:\/\/pmza.sk\/wp-content\/uploads\/2017\/02\/ZSK_Zupe-sa-podarilo-ziskat-financie-na-pokracujucu-rekonstrukciu-Budatinskeho-hradu.jpg","width":1024,"height":683},{"@type":"BreadcrumbList","@id":"https:\/\/pmza.sk\/?p=20921#breadcrumb","itemListElement":[{"@type":"ListItem","position":1,"name":"Domovsk\u00e1 str\u00e1nka","item":"https:\/\/pmza.sk\/"},{"@type":"ListItem","position":2,"name":"M\u00faze\u00e1, gal\u00e9rie \u010di kni\u017enice \u010dak\u00e1 moderniz\u00e1cia za 1,6 mili\u00f3na eur"}]},{"@type":"WebSite","@id":"https:\/\/pmza.sk\/#website","url":"https:\/\/pmza.sk\/","name":"Pova\u017esk\u00e9 m\u00fazeum","description":"Pova\u017esk\u00e9 m\u00fazeum v \u017diline je region\u00e1lne m\u00fazeum so s\u00eddlom v Budat\u00edne. Jeho expoz\u00edcie s\u00fa zameran\u00e9 na dejiny slovensk\u00e9ho umenia, kult\u00fary a dopravy.","publisher":{"@id":"https:\/\/pmza.sk\/#organization"},"potentialAction":[{"@type":"SearchAction","target":{"@type":"EntryPoint","urlTemplate":"https:\/\/pmza.sk\/?s={search_term_string}"},"query-input":{"@type":"PropertyValueSpecification","valueRequired":true,"valueName":"search_term_string"}}],"inLanguage":"sk-SK"},{"@type":"Organization","@id":"https:\/\/pmza.sk\/#organization","name":"Pova\u017esk\u00e9 m\u00fazeum","url":"https:\/\/pmza.sk\/","logo":{"@type":"ImageObject","inLanguage":"sk-SK","@id":"https:\/\/pmza.sk\/#\/schema\/logo\/image\/","url":"https:\/\/pmza.sk\/wp-content\/uploads\/2022\/01\/logo_PM_horizontal.jpg","contentUrl":"https:\/\/pmza.sk\/wp-content\/uploads\/2022\/01\/logo_PM_horizontal.jpg","width":231,"height":142,"caption":"Pova\u017esk\u00e9 m\u00fazeum"},"image":{"@id":"https:\/\/pmza.sk\/#\/schema\/logo\/image\/"},"sameAs":["https:\/\/www.facebook.com\/povazskemuzeum","https:\/\/www.instagram.com\/povazskemuzeum\/"]},{"@type":"Person","@id":"https:\/\/pmza.sk\/#\/schema\/person\/595e6a2ce731ea94dcd5d7f50a41ae33","name":"Pova\u017esk\u00e9 m\u00fazeum","image":{"@type":"ImageObject","inLanguage":"sk-SK","@id":"https:\/\/secure.gravatar.com\/avatar\/2bb7f1561282132fb5826dfeccc66c7996d11ee392ac6aaf7ced8a1c2027fbb2?s=96&d=mm&r=g","url":"https:\/\/secure.gravatar.com\/avatar\/2bb7f1561282132fb5826dfeccc66c7996d11ee392ac6aaf7ced8a1c2027fbb2?s=96&d=mm&r=g","contentUrl":"https:\/\/secure.gravatar.com\/avatar\/2bb7f1561282132fb5826dfeccc66c7996d11ee392ac6aaf7ced8a1c2027fbb2?s=96&d=mm&r=g","caption":"Pova\u017esk\u00e9 m\u00fazeum"}}]}},"_links":{"self":[{"href":"https:\/\/pmza.sk\/index.php?rest_route=\/wp\/v2\/posts\/20921","targetHints":{"allow":["GET"]}}],"collection":[{"href":"https:\/\/pmza.sk\/index.php?rest_route=\/wp\/v2\/posts"}],"about":[{"href":"https:\/\/pmza.sk\/index.php?rest_route=\/wp\/v2\/types\/post"}],"author":[{"embeddable":true,"href":"https:\/\/pmza.sk\/index.php?rest_route=\/wp\/v2\/users\/2"}],"replies":[{"embeddable":true,"href":"https:\/\/pmza.sk\/index.php?rest_route=%2Fwp%2Fv2%2Fcomments&post=20921"}],"version-history":[{"count":0,"href":"https:\/\/pmza.sk\/index.php?rest_route=\/wp\/v2\/posts\/20921\/revisions"}],"wp:featuredmedia":[{"embeddable":true,"href":"https:\/\/pmza.sk\/index.php?rest_route=\/wp\/v2\/media\/20107"}],"wp:attachment":[{"href":"https:\/\/pmza.sk\/index.php?rest_route=%2Fwp%2Fv2%2Fmedia&parent=20921"}],"wp:term":[{"taxonomy":"category","embeddable":true,"href":"https:\/\/pmza.sk\/index.php?rest_route=%2Fwp%2Fv2%2Fcategories&post=20921"},{"taxonomy":"post_tag","embeddable":true,"href":"https:\/\/pmza.sk\/index.php?rest_route=%2Fwp%2Fv2%2Ftags&post=20921"}],"curies":[{"name":"wp","href":"https:\/\/api.w.org\/{rel}","templated":true}]}}