{"id":20944,"date":"2017-05-01T07:40:23","date_gmt":"2017-05-01T05:40:23","guid":{"rendered":"https:\/\/pmza.sk.sk\/?p=20944"},"modified":"2017-05-01T07:40:23","modified_gmt":"2017-05-01T05:40:23","slug":"otvarame-letnu-turisticku-sezonu-na-hrade-strecno","status":"publish","type":"post","link":"https:\/\/pmza.sk\/?p=20944","title":{"rendered":"Otvorili sme letn\u00fa sez\u00f3nu na hrade Stre\u010dno"},"content":{"rendered":"<p>Aj ke\u010f s\u00fa br\u00e1ny hradu Stre\u010dno pre verejnos\u0165 otvoren\u00e9 u\u017e od apr\u00edla, sl\u00e1vnostn\u00e9 otvorenie sez\u00f3ny sme pripravili na pondelok <strong>1. m\u00e1ja<\/strong>.<\/p>\n<p>Po cel\u00fd de\u0148 n\u00e1v\u0161tevn\u00edkov \u010dakali inscenovan\u00e9 prehliadky hradu s\u00a0divadeln\u00fdm stv\u00e1rnen\u00edm \u017eivota \u017dofie Bosniakovej a Fra\u0148a Ve\u0161el\u00e9niho. Skupina historick\u00e9ho \u0161ermu Wagus na hlavnom n\u00e1dvor\u00ed hradu predviedla \u0161ermiarske s\u00faboje i\u00a0dobov\u00e9 tance, ktor\u00e9 si mohli vysk\u00fa\u0161a\u0165 aj\u00a0samotn\u00ed n\u00e1v\u0161tevn\u00edci. Ochutn\u00e1vku stredovekej kuchyne a\u00a0uk\u00e1\u017eky zbran\u00ed s mo\u017enos\u0165ou lukostre\u013eby pre deti i\u00a0dospel\u00fdch si pripravila skupina historick\u00e9ho \u0161ermu Cech Terra de Selinan. V r\u00e1mci cezhrani\u010dnej spolupr\u00e1ce a udr\u017eate\u013enosti projektu \u201e\u015alemie\u0144 a\u00a0Stre\u010dno na spolo\u010dnej ceste cez minulos\u0165 do bud\u00facnosti\u201c popoludn\u00ed vyst\u00fapila v\u00a0amfite\u00e1tri na stredovekej PASEKE pod hradom mlad\u00e1 po\u013esk\u00e1 kapela Wiewi\u00f3ra Band. Okrem nich sa predstavili aj deti zo \u017eilinsk\u00e9ho\u00a0DFS Lieska, napr\u00edklad s\u00a0tancom <em>Na chleba robi\u0165 treba<\/em>, s\u00a0ktor\u00fdm post\u00fapili na s\u00fa\u0165a\u017enej prehliadke detsk\u00fdch folkl\u00f3rnych s\u00faborov V\u00edtanie jari v\u00a0\u017diline. Najmen\u0161ie deti zo s\u00faboru zatancovali <em>\u017denilo sa motovidlo, Tanec na l\u00fake, Na frajerov, <\/em>star\u0161ie deti uk\u00e1zali tance a\u00a0spevy z\u00a0Myjavska, z\u00a0Liptova, tanec <em>Na vojaka, Svadba z\u00a0Fa\u010dkova, Zo Zamutova.<\/em><\/p>\n<p>Sprievodnou aktivitou podujatia bola aj tento raz mo\u017enos\u0165 povozi\u0165 deti na drevenom koloto\u010di \u010di predaj dom\u00e1ceho chleba a\u00a0remeseln\u00fdch v\u00fdrobkov.<\/p>\n<p><a href=\"https:\/\/pmza.sk.sk\/fotogaleria\/gallery\/otvorenie-letnej-sezony-na-hrade-strecno\/\">FOTOGAL\u00c9RIA<\/a><\/p>\n<p>Stredovek\u00fa dedinu Paseka vybudovali v r\u00e1mci projektu \u017dilinsk\u00e9ho samospr\u00e1vneho kraja (\u017dSK) a obce \u015alemie\u0144 &#8222;\u015alemie\u0144 a Stre\u010dno na spolo\u010dnej ceste cez minulos\u0165 do bud\u00facnosti&#8220; cez Program cezhrani\u010dnej spolupr\u00e1ce Po\u013esko \u2013 Slovensk\u00e1 republika 2007-2013.<\/p>\n<p><a href=\"https:\/\/pmza.sk\/wp-content\/uploads\/2015\/04\/logo_programu_poziom-slogan_SK-page-001.jpg\"><img decoding=\"async\" class=\"alignleft wp-image-12123 \" src=\"https:\/\/pmza.sk\/wp-content\/uploads\/2015\/04\/logo_programu_poziom-slogan_SK-page-001.jpg\" alt=\"\" width=\"194\" height=\"57\" srcset=\"https:\/\/pmza.sk\/wp-content\/uploads\/2015\/04\/logo_programu_poziom-slogan_SK-page-001.jpg 2309w, https:\/\/pmza.sk\/wp-content\/uploads\/2015\/04\/logo_programu_poziom-slogan_SK-page-001-570x167.jpg 570w, https:\/\/pmza.sk\/wp-content\/uploads\/2015\/04\/logo_programu_poziom-slogan_SK-page-001-1170x343.jpg 1170w, https:\/\/pmza.sk\/wp-content\/uploads\/2015\/04\/logo_programu_poziom-slogan_SK-page-001-768x225.jpg 768w, https:\/\/pmza.sk\/wp-content\/uploads\/2015\/04\/logo_programu_poziom-slogan_SK-page-001-1536x450.jpg 1536w, https:\/\/pmza.sk\/wp-content\/uploads\/2015\/04\/logo_programu_poziom-slogan_SK-page-001-2048x600.jpg 2048w, https:\/\/pmza.sk\/wp-content\/uploads\/2015\/04\/logo_programu_poziom-slogan_SK-page-001-600x176.jpg 600w\" sizes=\"(max-width: 194px) 100vw, 194px\" \/><\/a><a href=\"https:\/\/pmza.sk\/wp-content\/uploads\/2015\/04\/ZSK_orig_CMYK_horizontal-page-001.jpg\"><img decoding=\"async\" class=\"wp-image-12122  alignleft\" src=\"https:\/\/pmza.sk\/wp-content\/uploads\/2015\/04\/ZSK_orig_CMYK_horizontal-page-001.jpg\" alt=\"\" width=\"146\" height=\"59\" srcset=\"https:\/\/pmza.sk\/wp-content\/uploads\/2015\/04\/ZSK_orig_CMYK_horizontal-page-001.jpg 1417w, https:\/\/pmza.sk\/wp-content\/uploads\/2015\/04\/ZSK_orig_CMYK_horizontal-page-001-570x230.jpg 570w, https:\/\/pmza.sk\/wp-content\/uploads\/2015\/04\/ZSK_orig_CMYK_horizontal-page-001-1170x472.jpg 1170w, https:\/\/pmza.sk\/wp-content\/uploads\/2015\/04\/ZSK_orig_CMYK_horizontal-page-001-768x310.jpg 768w, https:\/\/pmza.sk\/wp-content\/uploads\/2015\/04\/ZSK_orig_CMYK_horizontal-page-001-600x242.jpg 600w\" sizes=\"(max-width: 146px) 100vw, 146px\" \/><\/a><a href=\"https:\/\/pmza.sk\/wp-content\/uploads\/2015\/04\/flaga_UE-unia_europejska_EFRR_z_lewej_SK-page-001.jpg\"><img decoding=\"async\" class=\"wp-image-12124  alignnone\" src=\"https:\/\/pmza.sk\/wp-content\/uploads\/2015\/04\/flaga_UE-unia_europejska_EFRR_z_lewej_SK-page-001.jpg\" alt=\"\" width=\"214\" height=\"61\" srcset=\"https:\/\/pmza.sk\/wp-content\/uploads\/2015\/04\/flaga_UE-unia_europejska_EFRR_z_lewej_SK-page-001.jpg 2390w, https:\/\/pmza.sk\/wp-content\/uploads\/2015\/04\/flaga_UE-unia_europejska_EFRR_z_lewej_SK-page-001-570x163.jpg 570w, https:\/\/pmza.sk\/wp-content\/uploads\/2015\/04\/flaga_UE-unia_europejska_EFRR_z_lewej_SK-page-001-1170x335.jpg 1170w, https:\/\/pmza.sk\/wp-content\/uploads\/2015\/04\/flaga_UE-unia_europejska_EFRR_z_lewej_SK-page-001-768x220.jpg 768w, https:\/\/pmza.sk\/wp-content\/uploads\/2015\/04\/flaga_UE-unia_europejska_EFRR_z_lewej_SK-page-001-1536x440.jpg 1536w, https:\/\/pmza.sk\/wp-content\/uploads\/2015\/04\/flaga_UE-unia_europejska_EFRR_z_lewej_SK-page-001-2048x587.jpg 2048w, https:\/\/pmza.sk\/wp-content\/uploads\/2015\/04\/flaga_UE-unia_europejska_EFRR_z_lewej_SK-page-001-600x172.jpg 600w\" sizes=\"(max-width: 214px) 100vw, 214px\" \/><\/a><\/p>\n<p>&nbsp;<\/p>\n<p>&nbsp;<\/p>\n<p>&nbsp;<\/p>\n<p>&nbsp;<\/p>\n","protected":false},"excerpt":{"rendered":"<p>Aj ke\u010f s\u00fa br\u00e1ny hradu Stre\u010dno pre verejnos\u0165 otvoren\u00e9 u\u017e od apr\u00edla, sl\u00e1vnostn\u00e9 otvorenie sez\u00f3ny sme pripravili na pondelok 1. m\u00e1ja. Po cel\u00fd de\u0148 n\u00e1v\u0161tevn\u00edkov \u010dakali inscenovan\u00e9 prehliadky hradu s\u00a0divadeln\u00fdm stv\u00e1rnen\u00edm \u017eivota \u017dofie Bosniakovej a Fra\u0148a Ve\u0161el\u00e9niho. Skupina historick\u00e9ho \u0161ermu Wagus na hlavnom n\u00e1dvor\u00ed hradu predviedla \u0161ermiarske s\u00faboje i\u00a0dobov\u00e9 tance, ktor\u00e9 si mohli vysk\u00fa\u0161a\u0165 aj\u00a0samotn\u00ed [&hellip;]<\/p>\n","protected":false},"author":2,"featured_media":21084,"comment_status":"closed","ping_status":"closed","sticky":false,"template":"","format":"standard","meta":{"site-sidebar-layout":"default","site-content-layout":"","ast-site-content-layout":"","site-content-style":"default","site-sidebar-style":"default","ast-global-header-display":"","ast-banner-title-visibility":"","ast-main-header-display":"","ast-hfb-above-header-display":"","ast-hfb-below-header-display":"","ast-hfb-mobile-header-display":"","site-post-title":"","ast-breadcrumbs-content":"","ast-featured-img":"","footer-sml-layout":"","theme-transparent-header-meta":"","adv-header-id-meta":"","stick-header-meta":"","header-above-stick-meta":"","header-main-stick-meta":"","header-below-stick-meta":"","astra-migrate-meta-layouts":"default","ast-page-background-enabled":"default","ast-page-background-meta":{"desktop":{"background-color":"var(--ast-global-color-4)","background-image":"","background-repeat":"repeat","background-position":"center center","background-size":"auto","background-attachment":"scroll","background-type":"","background-media":"","overlay-type":"","overlay-color":"","overlay-opacity":"","overlay-gradient":""},"tablet":{"background-color":"","background-image":"","background-repeat":"repeat","background-position":"center center","background-size":"auto","background-attachment":"scroll","background-type":"","background-media":"","overlay-type":"","overlay-color":"","overlay-opacity":"","overlay-gradient":""},"mobile":{"background-color":"","background-image":"","background-repeat":"repeat","background-position":"center center","background-size":"auto","background-attachment":"scroll","background-type":"","background-media":"","overlay-type":"","overlay-color":"","overlay-opacity":"","overlay-gradient":""}},"ast-content-background-meta":{"desktop":{"background-color":"var(--ast-global-color-5)","background-image":"","background-repeat":"repeat","background-position":"center center","background-size":"auto","background-attachment":"scroll","background-type":"","background-media":"","overlay-type":"","overlay-color":"","overlay-opacity":"","overlay-gradient":""},"tablet":{"background-color":"var(--ast-global-color-5)","background-image":"","background-repeat":"repeat","background-position":"center center","background-size":"auto","background-attachment":"scroll","background-type":"","background-media":"","overlay-type":"","overlay-color":"","overlay-opacity":"","overlay-gradient":""},"mobile":{"background-color":"var(--ast-global-color-5)","background-image":"","background-repeat":"repeat","background-position":"center center","background-size":"auto","background-attachment":"scroll","background-type":"","background-media":"","overlay-type":"","overlay-color":"","overlay-opacity":"","overlay-gradient":""}},"footnotes":""},"categories":[31],"tags":[],"class_list":["post-20944","post","type-post","status-publish","format-standard","has-post-thumbnail","hentry","category-aktuality"],"yoast_head":"<!-- This site is optimized with the Yoast SEO plugin v27.4 - https:\/\/yoast.com\/product\/yoast-seo-wordpress\/ -->\n<title>Otvorili sme letn\u00fa sez\u00f3nu na hrade Stre\u010dno - Pova\u017esk\u00e9 m\u00fazeum<\/title>\n<meta name=\"robots\" content=\"index, follow, max-snippet:-1, max-image-preview:large, max-video-preview:-1\" \/>\n<link rel=\"canonical\" href=\"https:\/\/pmza.sk\/?p=20944\" \/>\n<meta property=\"og:locale\" content=\"sk_SK\" \/>\n<meta property=\"og:type\" content=\"article\" \/>\n<meta property=\"og:title\" content=\"Otvorili sme letn\u00fa sez\u00f3nu na hrade Stre\u010dno - Pova\u017esk\u00e9 m\u00fazeum\" \/>\n<meta property=\"og:description\" content=\"Aj ke\u010f s\u00fa br\u00e1ny hradu Stre\u010dno pre verejnos\u0165 otvoren\u00e9 u\u017e od apr\u00edla, sl\u00e1vnostn\u00e9 otvorenie sez\u00f3ny sme pripravili na pondelok 1. m\u00e1ja. Po cel\u00fd de\u0148 n\u00e1v\u0161tevn\u00edkov \u010dakali inscenovan\u00e9 prehliadky hradu s\u00a0divadeln\u00fdm stv\u00e1rnen\u00edm \u017eivota \u017dofie Bosniakovej a Fra\u0148a Ve\u0161el\u00e9niho. Skupina historick\u00e9ho \u0161ermu Wagus na hlavnom n\u00e1dvor\u00ed hradu predviedla \u0161ermiarske s\u00faboje i\u00a0dobov\u00e9 tance, ktor\u00e9 si mohli vysk\u00fa\u0161a\u0165 aj\u00a0samotn\u00ed [&hellip;]\" \/>\n<meta property=\"og:url\" content=\"https:\/\/pmza.sk\/?p=20944\" \/>\n<meta property=\"og:site_name\" content=\"Pova\u017esk\u00e9 m\u00fazeum\" \/>\n<meta property=\"article:publisher\" content=\"https:\/\/www.facebook.com\/povazskemuzeum\" \/>\n<meta property=\"article:published_time\" content=\"2017-05-01T05:40:23+00:00\" \/>\n<meta property=\"og:image\" content=\"https:\/\/pmza.sk\/wp-content\/uploads\/2017\/05\/IMG_5718.jpg\" \/>\n\t<meta property=\"og:image:width\" content=\"1024\" \/>\n\t<meta property=\"og:image:height\" content=\"683\" \/>\n\t<meta property=\"og:image:type\" content=\"image\/jpeg\" \/>\n<meta name=\"author\" content=\"Pova\u017esk\u00e9 m\u00fazeum\" \/>\n<meta name=\"twitter:card\" content=\"summary_large_image\" \/>\n<meta name=\"twitter:label1\" content=\"Autor\" \/>\n\t<meta name=\"twitter:data1\" content=\"Pova\u017esk\u00e9 m\u00fazeum\" \/>\n\t<meta name=\"twitter:label2\" content=\"Predpokladan\u00fd \u010das \u010d\u00edtania\" \/>\n\t<meta name=\"twitter:data2\" content=\"2 min\u00faty\" \/>\n<script type=\"application\/ld+json\" class=\"yoast-schema-graph\">{\"@context\":\"https:\\\/\\\/schema.org\",\"@graph\":[{\"@type\":\"Article\",\"@id\":\"https:\\\/\\\/pmza.sk\\\/?p=20944#article\",\"isPartOf\":{\"@id\":\"https:\\\/\\\/pmza.sk\\\/?p=20944\"},\"author\":{\"name\":\"Pova\u017esk\u00e9 m\u00fazeum\",\"@id\":\"https:\\\/\\\/pmza.sk\\\/#\\\/schema\\\/person\\\/595e6a2ce731ea94dcd5d7f50a41ae33\"},\"headline\":\"Otvorili sme letn\u00fa sez\u00f3nu na hrade Stre\u010dno\",\"datePublished\":\"2017-05-01T05:40:23+00:00\",\"mainEntityOfPage\":{\"@id\":\"https:\\\/\\\/pmza.sk\\\/?p=20944\"},\"wordCount\":310,\"publisher\":{\"@id\":\"https:\\\/\\\/pmza.sk\\\/#organization\"},\"image\":{\"@id\":\"https:\\\/\\\/pmza.sk\\\/?p=20944#primaryimage\"},\"thumbnailUrl\":\"https:\\\/\\\/pmza.sk\\\/wp-content\\\/uploads\\\/2017\\\/05\\\/IMG_5718.jpg\",\"articleSection\":[\"Aktuality\"],\"inLanguage\":\"sk-SK\"},{\"@type\":\"WebPage\",\"@id\":\"https:\\\/\\\/pmza.sk\\\/?p=20944\",\"url\":\"https:\\\/\\\/pmza.sk\\\/?p=20944\",\"name\":\"Otvorili sme letn\u00fa sez\u00f3nu na hrade Stre\u010dno - Pova\u017esk\u00e9 m\u00fazeum\",\"isPartOf\":{\"@id\":\"https:\\\/\\\/pmza.sk\\\/#website\"},\"primaryImageOfPage\":{\"@id\":\"https:\\\/\\\/pmza.sk\\\/?p=20944#primaryimage\"},\"image\":{\"@id\":\"https:\\\/\\\/pmza.sk\\\/?p=20944#primaryimage\"},\"thumbnailUrl\":\"https:\\\/\\\/pmza.sk\\\/wp-content\\\/uploads\\\/2017\\\/05\\\/IMG_5718.jpg\",\"datePublished\":\"2017-05-01T05:40:23+00:00\",\"breadcrumb\":{\"@id\":\"https:\\\/\\\/pmza.sk\\\/?p=20944#breadcrumb\"},\"inLanguage\":\"sk-SK\",\"potentialAction\":[{\"@type\":\"ReadAction\",\"target\":[\"https:\\\/\\\/pmza.sk\\\/?p=20944\"]}]},{\"@type\":\"ImageObject\",\"inLanguage\":\"sk-SK\",\"@id\":\"https:\\\/\\\/pmza.sk\\\/?p=20944#primaryimage\",\"url\":\"https:\\\/\\\/pmza.sk\\\/wp-content\\\/uploads\\\/2017\\\/05\\\/IMG_5718.jpg\",\"contentUrl\":\"https:\\\/\\\/pmza.sk\\\/wp-content\\\/uploads\\\/2017\\\/05\\\/IMG_5718.jpg\",\"width\":1024,\"height\":683},{\"@type\":\"BreadcrumbList\",\"@id\":\"https:\\\/\\\/pmza.sk\\\/?p=20944#breadcrumb\",\"itemListElement\":[{\"@type\":\"ListItem\",\"position\":1,\"name\":\"Domovsk\u00e1 str\u00e1nka\",\"item\":\"https:\\\/\\\/pmza.sk\\\/\"},{\"@type\":\"ListItem\",\"position\":2,\"name\":\"Otvorili sme letn\u00fa sez\u00f3nu na hrade Stre\u010dno\"}]},{\"@type\":\"WebSite\",\"@id\":\"https:\\\/\\\/pmza.sk\\\/#website\",\"url\":\"https:\\\/\\\/pmza.sk\\\/\",\"name\":\"Pova\u017esk\u00e9 m\u00fazeum\",\"description\":\"Pova\u017esk\u00e9 m\u00fazeum v \u017diline je region\u00e1lne m\u00fazeum so s\u00eddlom v Budat\u00edne. Jeho expoz\u00edcie s\u00fa zameran\u00e9 na dejiny slovensk\u00e9ho umenia, kult\u00fary a dopravy.\",\"publisher\":{\"@id\":\"https:\\\/\\\/pmza.sk\\\/#organization\"},\"potentialAction\":[{\"@type\":\"SearchAction\",\"target\":{\"@type\":\"EntryPoint\",\"urlTemplate\":\"https:\\\/\\\/pmza.sk\\\/?s={search_term_string}\"},\"query-input\":{\"@type\":\"PropertyValueSpecification\",\"valueRequired\":true,\"valueName\":\"search_term_string\"}}],\"inLanguage\":\"sk-SK\"},{\"@type\":\"Organization\",\"@id\":\"https:\\\/\\\/pmza.sk\\\/#organization\",\"name\":\"Pova\u017esk\u00e9 m\u00fazeum\",\"url\":\"https:\\\/\\\/pmza.sk\\\/\",\"logo\":{\"@type\":\"ImageObject\",\"inLanguage\":\"sk-SK\",\"@id\":\"https:\\\/\\\/pmza.sk\\\/#\\\/schema\\\/logo\\\/image\\\/\",\"url\":\"https:\\\/\\\/pmza.sk\\\/wp-content\\\/uploads\\\/2022\\\/01\\\/logo_PM_horizontal.jpg\",\"contentUrl\":\"https:\\\/\\\/pmza.sk\\\/wp-content\\\/uploads\\\/2022\\\/01\\\/logo_PM_horizontal.jpg\",\"width\":231,\"height\":142,\"caption\":\"Pova\u017esk\u00e9 m\u00fazeum\"},\"image\":{\"@id\":\"https:\\\/\\\/pmza.sk\\\/#\\\/schema\\\/logo\\\/image\\\/\"},\"sameAs\":[\"https:\\\/\\\/www.facebook.com\\\/povazskemuzeum\",\"https:\\\/\\\/www.instagram.com\\\/povazskemuzeum\\\/\"]},{\"@type\":\"Person\",\"@id\":\"https:\\\/\\\/pmza.sk\\\/#\\\/schema\\\/person\\\/595e6a2ce731ea94dcd5d7f50a41ae33\",\"name\":\"Pova\u017esk\u00e9 m\u00fazeum\",\"image\":{\"@type\":\"ImageObject\",\"inLanguage\":\"sk-SK\",\"@id\":\"https:\\\/\\\/secure.gravatar.com\\\/avatar\\\/2bb7f1561282132fb5826dfeccc66c7996d11ee392ac6aaf7ced8a1c2027fbb2?s=96&d=mm&r=g\",\"url\":\"https:\\\/\\\/secure.gravatar.com\\\/avatar\\\/2bb7f1561282132fb5826dfeccc66c7996d11ee392ac6aaf7ced8a1c2027fbb2?s=96&d=mm&r=g\",\"contentUrl\":\"https:\\\/\\\/secure.gravatar.com\\\/avatar\\\/2bb7f1561282132fb5826dfeccc66c7996d11ee392ac6aaf7ced8a1c2027fbb2?s=96&d=mm&r=g\",\"caption\":\"Pova\u017esk\u00e9 m\u00fazeum\"}}]}<\/script>\n<!-- \/ Yoast SEO plugin. -->","yoast_head_json":{"title":"Otvorili sme letn\u00fa sez\u00f3nu na hrade Stre\u010dno - Pova\u017esk\u00e9 m\u00fazeum","robots":{"index":"index","follow":"follow","max-snippet":"max-snippet:-1","max-image-preview":"max-image-preview:large","max-video-preview":"max-video-preview:-1"},"canonical":"https:\/\/pmza.sk\/?p=20944","og_locale":"sk_SK","og_type":"article","og_title":"Otvorili sme letn\u00fa sez\u00f3nu na hrade Stre\u010dno - Pova\u017esk\u00e9 m\u00fazeum","og_description":"Aj ke\u010f s\u00fa br\u00e1ny hradu Stre\u010dno pre verejnos\u0165 otvoren\u00e9 u\u017e od apr\u00edla, sl\u00e1vnostn\u00e9 otvorenie sez\u00f3ny sme pripravili na pondelok 1. m\u00e1ja. Po cel\u00fd de\u0148 n\u00e1v\u0161tevn\u00edkov \u010dakali inscenovan\u00e9 prehliadky hradu s\u00a0divadeln\u00fdm stv\u00e1rnen\u00edm \u017eivota \u017dofie Bosniakovej a Fra\u0148a Ve\u0161el\u00e9niho. Skupina historick\u00e9ho \u0161ermu Wagus na hlavnom n\u00e1dvor\u00ed hradu predviedla \u0161ermiarske s\u00faboje i\u00a0dobov\u00e9 tance, ktor\u00e9 si mohli vysk\u00fa\u0161a\u0165 aj\u00a0samotn\u00ed [&hellip;]","og_url":"https:\/\/pmza.sk\/?p=20944","og_site_name":"Pova\u017esk\u00e9 m\u00fazeum","article_publisher":"https:\/\/www.facebook.com\/povazskemuzeum","article_published_time":"2017-05-01T05:40:23+00:00","og_image":[{"width":1024,"height":683,"url":"https:\/\/pmza.sk\/wp-content\/uploads\/2017\/05\/IMG_5718.jpg","type":"image\/jpeg"}],"author":"Pova\u017esk\u00e9 m\u00fazeum","twitter_card":"summary_large_image","twitter_misc":{"Autor":"Pova\u017esk\u00e9 m\u00fazeum","Predpokladan\u00fd \u010das \u010d\u00edtania":"2 min\u00faty"},"schema":{"@context":"https:\/\/schema.org","@graph":[{"@type":"Article","@id":"https:\/\/pmza.sk\/?p=20944#article","isPartOf":{"@id":"https:\/\/pmza.sk\/?p=20944"},"author":{"name":"Pova\u017esk\u00e9 m\u00fazeum","@id":"https:\/\/pmza.sk\/#\/schema\/person\/595e6a2ce731ea94dcd5d7f50a41ae33"},"headline":"Otvorili sme letn\u00fa sez\u00f3nu na hrade Stre\u010dno","datePublished":"2017-05-01T05:40:23+00:00","mainEntityOfPage":{"@id":"https:\/\/pmza.sk\/?p=20944"},"wordCount":310,"publisher":{"@id":"https:\/\/pmza.sk\/#organization"},"image":{"@id":"https:\/\/pmza.sk\/?p=20944#primaryimage"},"thumbnailUrl":"https:\/\/pmza.sk\/wp-content\/uploads\/2017\/05\/IMG_5718.jpg","articleSection":["Aktuality"],"inLanguage":"sk-SK"},{"@type":"WebPage","@id":"https:\/\/pmza.sk\/?p=20944","url":"https:\/\/pmza.sk\/?p=20944","name":"Otvorili sme letn\u00fa sez\u00f3nu na hrade Stre\u010dno - Pova\u017esk\u00e9 m\u00fazeum","isPartOf":{"@id":"https:\/\/pmza.sk\/#website"},"primaryImageOfPage":{"@id":"https:\/\/pmza.sk\/?p=20944#primaryimage"},"image":{"@id":"https:\/\/pmza.sk\/?p=20944#primaryimage"},"thumbnailUrl":"https:\/\/pmza.sk\/wp-content\/uploads\/2017\/05\/IMG_5718.jpg","datePublished":"2017-05-01T05:40:23+00:00","breadcrumb":{"@id":"https:\/\/pmza.sk\/?p=20944#breadcrumb"},"inLanguage":"sk-SK","potentialAction":[{"@type":"ReadAction","target":["https:\/\/pmza.sk\/?p=20944"]}]},{"@type":"ImageObject","inLanguage":"sk-SK","@id":"https:\/\/pmza.sk\/?p=20944#primaryimage","url":"https:\/\/pmza.sk\/wp-content\/uploads\/2017\/05\/IMG_5718.jpg","contentUrl":"https:\/\/pmza.sk\/wp-content\/uploads\/2017\/05\/IMG_5718.jpg","width":1024,"height":683},{"@type":"BreadcrumbList","@id":"https:\/\/pmza.sk\/?p=20944#breadcrumb","itemListElement":[{"@type":"ListItem","position":1,"name":"Domovsk\u00e1 str\u00e1nka","item":"https:\/\/pmza.sk\/"},{"@type":"ListItem","position":2,"name":"Otvorili sme letn\u00fa sez\u00f3nu na hrade Stre\u010dno"}]},{"@type":"WebSite","@id":"https:\/\/pmza.sk\/#website","url":"https:\/\/pmza.sk\/","name":"Pova\u017esk\u00e9 m\u00fazeum","description":"Pova\u017esk\u00e9 m\u00fazeum v \u017diline je region\u00e1lne m\u00fazeum so s\u00eddlom v Budat\u00edne. Jeho expoz\u00edcie s\u00fa zameran\u00e9 na dejiny slovensk\u00e9ho umenia, kult\u00fary a dopravy.","publisher":{"@id":"https:\/\/pmza.sk\/#organization"},"potentialAction":[{"@type":"SearchAction","target":{"@type":"EntryPoint","urlTemplate":"https:\/\/pmza.sk\/?s={search_term_string}"},"query-input":{"@type":"PropertyValueSpecification","valueRequired":true,"valueName":"search_term_string"}}],"inLanguage":"sk-SK"},{"@type":"Organization","@id":"https:\/\/pmza.sk\/#organization","name":"Pova\u017esk\u00e9 m\u00fazeum","url":"https:\/\/pmza.sk\/","logo":{"@type":"ImageObject","inLanguage":"sk-SK","@id":"https:\/\/pmza.sk\/#\/schema\/logo\/image\/","url":"https:\/\/pmza.sk\/wp-content\/uploads\/2022\/01\/logo_PM_horizontal.jpg","contentUrl":"https:\/\/pmza.sk\/wp-content\/uploads\/2022\/01\/logo_PM_horizontal.jpg","width":231,"height":142,"caption":"Pova\u017esk\u00e9 m\u00fazeum"},"image":{"@id":"https:\/\/pmza.sk\/#\/schema\/logo\/image\/"},"sameAs":["https:\/\/www.facebook.com\/povazskemuzeum","https:\/\/www.instagram.com\/povazskemuzeum\/"]},{"@type":"Person","@id":"https:\/\/pmza.sk\/#\/schema\/person\/595e6a2ce731ea94dcd5d7f50a41ae33","name":"Pova\u017esk\u00e9 m\u00fazeum","image":{"@type":"ImageObject","inLanguage":"sk-SK","@id":"https:\/\/secure.gravatar.com\/avatar\/2bb7f1561282132fb5826dfeccc66c7996d11ee392ac6aaf7ced8a1c2027fbb2?s=96&d=mm&r=g","url":"https:\/\/secure.gravatar.com\/avatar\/2bb7f1561282132fb5826dfeccc66c7996d11ee392ac6aaf7ced8a1c2027fbb2?s=96&d=mm&r=g","contentUrl":"https:\/\/secure.gravatar.com\/avatar\/2bb7f1561282132fb5826dfeccc66c7996d11ee392ac6aaf7ced8a1c2027fbb2?s=96&d=mm&r=g","caption":"Pova\u017esk\u00e9 m\u00fazeum"}}]}},"_links":{"self":[{"href":"https:\/\/pmza.sk\/index.php?rest_route=\/wp\/v2\/posts\/20944","targetHints":{"allow":["GET"]}}],"collection":[{"href":"https:\/\/pmza.sk\/index.php?rest_route=\/wp\/v2\/posts"}],"about":[{"href":"https:\/\/pmza.sk\/index.php?rest_route=\/wp\/v2\/types\/post"}],"author":[{"embeddable":true,"href":"https:\/\/pmza.sk\/index.php?rest_route=\/wp\/v2\/users\/2"}],"replies":[{"embeddable":true,"href":"https:\/\/pmza.sk\/index.php?rest_route=%2Fwp%2Fv2%2Fcomments&post=20944"}],"version-history":[{"count":0,"href":"https:\/\/pmza.sk\/index.php?rest_route=\/wp\/v2\/posts\/20944\/revisions"}],"wp:featuredmedia":[{"embeddable":true,"href":"https:\/\/pmza.sk\/index.php?rest_route=\/wp\/v2\/media\/21084"}],"wp:attachment":[{"href":"https:\/\/pmza.sk\/index.php?rest_route=%2Fwp%2Fv2%2Fmedia&parent=20944"}],"wp:term":[{"taxonomy":"category","embeddable":true,"href":"https:\/\/pmza.sk\/index.php?rest_route=%2Fwp%2Fv2%2Fcategories&post=20944"},{"taxonomy":"post_tag","embeddable":true,"href":"https:\/\/pmza.sk\/index.php?rest_route=%2Fwp%2Fv2%2Ftags&post=20944"}],"curies":[{"name":"wp","href":"https:\/\/api.w.org\/{rel}","templated":true}]}}