{"id":20954,"date":"2017-04-21T13:46:20","date_gmt":"2017-04-21T11:46:20","guid":{"rendered":"https:\/\/pmza.sk.sk\/?p=20954"},"modified":"2017-04-21T13:46:20","modified_gmt":"2017-04-21T11:46:20","slug":"juraj-turzo-uhorsky-palatin","status":"publish","type":"post","link":"https:\/\/pmza.sk\/?p=20954","title":{"rendered":"Juraj Turzo &#8211; uhorsk\u00fd palat\u00edn"},"content":{"rendered":"<p>V pondelok 24. apr\u00edla je v\u00a0kalend\u00e1ri meno Juraj. Do hist\u00f3rie na\u0161ich regi\u00f3nov sa v\u00fdznamnou mierou zap\u00edsal uhorsk\u00fd palat\u00edn a\u00a0rod\u00e1k z\u00a0Lietavy <strong>Juraj Turzo<\/strong>. Pr\u00e1ve on dal za\u010diatkom 17. storo\u010dia postavi\u0165 skvostn\u00fa stavbu s\u00a0najv\u00e4\u010d\u0161ou renesan\u010dnou s\u00e1lou v\u00a0strednej Eur\u00f3pe &#8211; Sob\u00e1\u0161ny pal\u00e1c v\u00a0Byt\u010di, kde vydal v\u0161etk\u00fdch sedem svojich dc\u00e9r.<\/p>\n<p>Turzo bol vzdelan\u00fd, hovoril latin<a href=\"https:\/\/pmza.sk\/wp-content\/uploads\/2017\/04\/juraj-turzo.jpg\"><img decoding=\"async\" class=\"size-thumbnail wp-image-20957 alignright\" src=\"https:\/\/pmza.sk.sk\/wp-content\/uploads\/2017\/04\/juraj-turzo-104x150.jpg\" alt=\"\" width=\"104\" height=\"150\" \/><\/a>sky, gr\u00e9cky, nemecky, ma\u010farsky, slovensky, dorozumel sa i\u00a0chorv\u00e1tsky a\u00a0v gr\u00e9\u010dtine dokonca p\u00edsal b\u00e1sne. Kvalitn\u00e9 vzdelanie z\u00edskal na dvore u velite\u013ea cis\u00e1rskych vojsk arcivojvodu Ernesta Habsbursk\u00e9ho. S t\u00fdm s\u00favisel jeho siln\u00fd vz\u0165ah k cis\u00e1rskemu dvoru, \u010do sa prejavilo v podpore panovn\u00edka aj napriek in\u00e9mu vierovyznaniu. Po smrti svojej matky sa Juraj Turzo ujal vies\u0165 dedi\u010dn\u00e9 majetky a za svoje hlavn\u00e9 s\u00eddlo si zvolil pohodln\u00fd ka\u0161tie\u013e v Byt\u010di.<\/p>\n<p>VOJENSK\u00dd VELITE\u013d<\/p>\n<p>Juraj Turzo sa v dev\u00e4\u0165desiatych rokoch intenz\u00edvne zap\u00e1jal do bojov proti Turkom. Arm\u00e1du si vydr\u017eiaval z pr\u00edjmov zo svojich panstiev. Osobne sa z\u00fa\u010dastnil bojov pri Ostrihome a\u00a0Stoli\u010dnom Belehrade. Za svoje z\u00e1sluhy postupne z\u00edskaval vy\u0161\u0161ie hodnosti, ke\u010f sa napokon stal v roku 1599 hlavn\u00fdm kapit\u00e1nom preddunajsk\u00e9ho kapitan\u00e1tu. Na za\u010diatku 17. storo\u010dia mal Juraj Turzo podiel na ukon\u010den\u00ed 15-ro\u010dnej vojny, kedy na rokovaniach pri rieke \u017ditave zastupoval cis\u00e1rsku stranu napriek tomu, \u017ee s\u00e1m bol evanjelik, a t\u00ed ostro vystupovali proti cis\u00e1rovi. Nakoniec sa podarilo dohodn\u00fa\u0165 mierov\u00e9 podmienky nielen s Turkami ale aj s Bo\u010dkajovsk\u00fdmi povstalcami.<\/p>\n<p>ORGANIZ\u00c1TOR EVANJELICKEJ CIRKVI<\/p>\n<p><a href=\"https:\/\/pmza.sk\/wp-content\/uploads\/2017\/04\/Turzo-scaled-1.jpg\"><img decoding=\"async\" class=\"alignleft size-thumbnail wp-image-20955\" src=\"https:\/\/pmza.sk.sk\/wp-content\/uploads\/2017\/04\/Turzo-111x150.jpg\" alt=\"\" width=\"111\" height=\"150\" \/><\/a>Juraj Turzo sa zauj\u00edmal nielen o \u0161t\u00e1tnu politiku ale aj o n\u00e1bo\u017eensk\u00fd \u017eivot evanjelickej cirkvi. Podporoval nielen evanjelick\u00fdch vzdelancov, ale aj cirkevn\u00e9 zbory. Na za\u010diatku 17. storo\u010dia bola evanjelick\u00e1 cirkev bez v\u00fdraznej\u0161ej organiz\u00e1cie. V roku 1609 sa stal palat\u00ednom horliv\u00fd evanjelik Juraj Turzo. Na jeho dvore p\u00f4sobil v\u00fdznamn\u00fd kazate\u013e a reform\u00e1tor Eli\u00e1\u0161 L\u00e1ni, s\u00a0ktor\u00fdm prejedn\u00e1val mo\u017enosti usporiadania organiz\u00e1cie evanjelickej cirkvi na \u00fazem\u00ed Slovenska. Toto \u00fasilie vy\u00fastilo do zvolania synody v \u017diline v d\u0148och 29.\u00a0 \u2013 31. marca 1610. Svoj\u00edm pr\u00edhovorom otvoril Juraj Turzo samotn\u00e9 rokovanie, kde vyt\u00fd\u010dil najd\u00f4le\u017eitej\u0161ie body, ktor\u00e9 predstavovali odl\u00fa\u010denie od p\u00e1pe\u017eskej vrchnosti a vytvorenie troch superintendanci\u00ed v\u00a0desiatich preddunajsk\u00fdch stoliciach, na \u010dele ktor\u00fdch mali st\u00e1\u0165 superintendanti, v\u00a0istom zmysle biskupi. Spom\u00ednan\u00e1 cirkevn\u00e1 organiz\u00e1cia mala vych\u00e1dza\u0165 z cirkevn\u00e9ho zriadenia v\u00a0Sasku.<\/p>\n<p>Post palat\u00edna bola najvy\u0161\u0161ia politick\u00e1 funkcia hne\u010f po kr\u00e1\u013eovi. Stal sa najvy\u0161\u0161\u00edm sudcom. S\u00fadil mimoriadne z\u00e1va\u017en\u00e9 pr\u00edpady, ako bol proces s Al\u017ebetou B\u00e1toriovou.<\/p>\n<p>L\u00c1SKAV\u00dd MAN\u017dEL A STAROSTLIV\u00dd OTEC<\/p>\n<p>Vz\u0165ah Juraja Turza k rodine bol mimoriadne v\u013e\u00fadny. Jeho rodina bola pre\u0148ho v\u0161etk\u00fdm. Man\u017eelku v\u017edy miloval a ctil. \u010ci u\u017e to bola Barbora Kostkov\u00e1, alebo jeho druh\u00e1 man\u017eelka Al\u017ebeta Coborov\u00e1. Pr\u00e1ve tento vz\u0165ah je mo\u017en\u00e9 dobre sledova\u0165 z dobovej kore\u0161pondencie. Juraj prin\u00faten\u00fd okolnos\u0165ami musel \u010dasto opusti\u0165 Byt\u010du \u010di Lietavu. Predov\u0161etk\u00fdm kv\u00f4li vojensk\u00fdm alebo \u00faradn\u00fdm povinnostiam. P\u00edsal \u010dasto a jeho poslovia museli doru\u010di\u0165 list \u010d\u00edm sk\u00f4r. Listy okrem be\u017en\u00fdch pr\u00edkazov, \u010do je potrebn\u00e9 pripravi\u0165 alebo vykona\u0165 obsahovali aj mil\u00e9 odkazy, ktor\u00e9 dokumentovali skuto\u010dne \u00faprimn\u00fd vz\u0165ah naplnen\u00fd l\u00e1skou a starostlivos\u0165ou. P\u00fdtal sa na zdravie man\u017eelky a det\u00ed, na \u010do mu zas jeho \u017eena posielala odkazy, v ktor\u00fdch t\u00fa\u017eila by\u0165 so svoj\u00edm man\u017eelom.<\/p>\n<p>Juraj Turzo si dopisoval aj so svojimi dc\u00e9rami. Zabezpe\u010dil im vzdelanie a dokonca s\u00e1m ich u\u010dil p\u00edsa\u0165. V Byt\u010di bola v ka\u0161tieli zriaden\u00e1 dom\u00e1ca \u0161kola, kde vyu\u010dovali mimoriadne vzdelan\u00ed u\u010ditelia. Juraj Turzo dbal, aby jeho deti dostali to najlep\u0161ie. Imrich \u0161tudoval na univerzite vo Wittenbergu, ba\u0161te vtedaj\u0161ieho evanjelick\u00e9ho vzdelania. Dokonca sa stal \u010destn\u00fdm rektorom.<\/p>\n<p>Pre dc\u00e9ry dal v\u00a0Byt\u010di postavi\u0165 pal\u00e1c, ktor\u00fd sl\u00fa\u017eil na konanie ok\u00e1zal\u00fdch svadieb trvaj\u00facich viacero dn\u00ed, po\u010das ktor\u00fdch skonzumovali obrovsk\u00e9 mno\u017estvo vyberan\u00fdch jed\u00e1l v\u0161etk\u00e9ho druhu a kvalitn\u00e9ho v\u00edna z Turzovsk\u00fdch majetkov z Tokaja.<\/p>\n<p><a href=\"https:\/\/pmza.sk.sk\/wp-content\/uploads\/2016\/12\/550.jpg\"><img decoding=\"async\" class=\"wp-image-19289 aligncenter\" src=\"https:\/\/pmza.sk.sk\/wp-content\/uploads\/2016\/12\/550-150x150.jpg\" alt=\"\" width=\"149\" height=\"149\" \/><\/a><\/p>\n<p><a href=\"https:\/\/pmza.sk\/wp-content\/uploads\/2016\/12\/551-scaled-1.jpg\"><img loading=\"lazy\" decoding=\"async\" class=\"size-thumbnail wp-image-19290 aligncenter\" src=\"https:\/\/pmza.sk.sk\/wp-content\/uploads\/2016\/12\/551-150x150.jpg\" alt=\"\" width=\"150\" height=\"150\" \/><\/a><\/p>\n<p><a href=\"https:\/\/pmza.sk\/wp-content\/uploads\/2016\/12\/542.jpg\"><img loading=\"lazy\" decoding=\"async\" class=\"size-thumbnail wp-image-19281 aligncenter\" src=\"https:\/\/pmza.sk.sk\/wp-content\/uploads\/2016\/12\/542-150x150.jpg\" alt=\"\" width=\"150\" height=\"150\" \/><\/a><\/p>\n<p><a href=\"https:\/\/pmza.sk\/wp-content\/uploads\/2016\/12\/547.jpg\"><img loading=\"lazy\" decoding=\"async\" class=\"size-thumbnail wp-image-19286 aligncenter\" src=\"https:\/\/pmza.sk.sk\/wp-content\/uploads\/2016\/12\/547-150x150.jpg\" alt=\"\" width=\"150\" height=\"150\" \/><\/a><\/p>\n<p>&nbsp;<\/p>\n","protected":false},"excerpt":{"rendered":"<p>V pondelok 24. apr\u00edla je v\u00a0kalend\u00e1ri meno Juraj. Do hist\u00f3rie na\u0161ich regi\u00f3nov sa v\u00fdznamnou mierou zap\u00edsal uhorsk\u00fd palat\u00edn a\u00a0rod\u00e1k z\u00a0Lietavy Juraj Turzo. Pr\u00e1ve on dal za\u010diatkom 17. storo\u010dia postavi\u0165 skvostn\u00fa stavbu s\u00a0najv\u00e4\u010d\u0161ou renesan\u010dnou s\u00e1lou v\u00a0strednej Eur\u00f3pe &#8211; Sob\u00e1\u0161ny pal\u00e1c v\u00a0Byt\u010di, kde vydal v\u0161etk\u00fdch sedem svojich dc\u00e9r. Turzo bol vzdelan\u00fd, hovoril latinsky, gr\u00e9cky, nemecky, ma\u010farsky, slovensky, [&hellip;]<\/p>\n","protected":false},"author":2,"featured_media":20964,"comment_status":"closed","ping_status":"closed","sticky":false,"template":"","format":"standard","meta":{"site-sidebar-layout":"default","site-content-layout":"","ast-site-content-layout":"","site-content-style":"default","site-sidebar-style":"default","ast-global-header-display":"","ast-banner-title-visibility":"","ast-main-header-display":"","ast-hfb-above-header-display":"","ast-hfb-below-header-display":"","ast-hfb-mobile-header-display":"","site-post-title":"","ast-breadcrumbs-content":"","ast-featured-img":"","footer-sml-layout":"","theme-transparent-header-meta":"","adv-header-id-meta":"","stick-header-meta":"","header-above-stick-meta":"","header-main-stick-meta":"","header-below-stick-meta":"","astra-migrate-meta-layouts":"default","ast-page-background-enabled":"default","ast-page-background-meta":{"desktop":{"background-color":"var(--ast-global-color-4)","background-image":"","background-repeat":"repeat","background-position":"center center","background-size":"auto","background-attachment":"scroll","background-type":"","background-media":"","overlay-type":"","overlay-color":"","overlay-opacity":"","overlay-gradient":""},"tablet":{"background-color":"","background-image":"","background-repeat":"repeat","background-position":"center center","background-size":"auto","background-attachment":"scroll","background-type":"","background-media":"","overlay-type":"","overlay-color":"","overlay-opacity":"","overlay-gradient":""},"mobile":{"background-color":"","background-image":"","background-repeat":"repeat","background-position":"center center","background-size":"auto","background-attachment":"scroll","background-type":"","background-media":"","overlay-type":"","overlay-color":"","overlay-opacity":"","overlay-gradient":""}},"ast-content-background-meta":{"desktop":{"background-color":"var(--ast-global-color-5)","background-image":"","background-repeat":"repeat","background-position":"center center","background-size":"auto","background-attachment":"scroll","background-type":"","background-media":"","overlay-type":"","overlay-color":"","overlay-opacity":"","overlay-gradient":""},"tablet":{"background-color":"var(--ast-global-color-5)","background-image":"","background-repeat":"repeat","background-position":"center center","background-size":"auto","background-attachment":"scroll","background-type":"","background-media":"","overlay-type":"","overlay-color":"","overlay-opacity":"","overlay-gradient":""},"mobile":{"background-color":"var(--ast-global-color-5)","background-image":"","background-repeat":"repeat","background-position":"center center","background-size":"auto","background-attachment":"scroll","background-type":"","background-media":"","overlay-type":"","overlay-color":"","overlay-opacity":"","overlay-gradient":""}},"footnotes":""},"categories":[31],"tags":[],"class_list":["post-20954","post","type-post","status-publish","format-standard","has-post-thumbnail","hentry","category-aktuality"],"yoast_head":"<!-- This site is optimized with the Yoast SEO plugin v27.4 - https:\/\/yoast.com\/product\/yoast-seo-wordpress\/ -->\n<title>Juraj Turzo - uhorsk\u00fd palat\u00edn - Pova\u017esk\u00e9 m\u00fazeum<\/title>\n<meta name=\"robots\" content=\"index, follow, max-snippet:-1, max-image-preview:large, max-video-preview:-1\" \/>\n<link rel=\"canonical\" href=\"https:\/\/pmza.sk\/?p=20954\" \/>\n<meta property=\"og:locale\" content=\"sk_SK\" \/>\n<meta property=\"og:type\" content=\"article\" \/>\n<meta property=\"og:title\" content=\"Juraj Turzo - uhorsk\u00fd palat\u00edn - Pova\u017esk\u00e9 m\u00fazeum\" \/>\n<meta property=\"og:description\" content=\"V pondelok 24. apr\u00edla je v\u00a0kalend\u00e1ri meno Juraj. Do hist\u00f3rie na\u0161ich regi\u00f3nov sa v\u00fdznamnou mierou zap\u00edsal uhorsk\u00fd palat\u00edn a\u00a0rod\u00e1k z\u00a0Lietavy Juraj Turzo. Pr\u00e1ve on dal za\u010diatkom 17. storo\u010dia postavi\u0165 skvostn\u00fa stavbu s\u00a0najv\u00e4\u010d\u0161ou renesan\u010dnou s\u00e1lou v\u00a0strednej Eur\u00f3pe &#8211; Sob\u00e1\u0161ny pal\u00e1c v\u00a0Byt\u010di, kde vydal v\u0161etk\u00fdch sedem svojich dc\u00e9r. Turzo bol vzdelan\u00fd, hovoril latinsky, gr\u00e9cky, nemecky, ma\u010farsky, slovensky, [&hellip;]\" \/>\n<meta property=\"og:url\" content=\"https:\/\/pmza.sk\/?p=20954\" \/>\n<meta property=\"og:site_name\" content=\"Pova\u017esk\u00e9 m\u00fazeum\" \/>\n<meta property=\"article:publisher\" content=\"https:\/\/www.facebook.com\/povazskemuzeum\" \/>\n<meta property=\"article:published_time\" content=\"2017-04-21T11:46:20+00:00\" \/>\n<meta property=\"og:image\" content=\"https:\/\/pmza.sk\/wp-content\/uploads\/2017\/04\/Turzo-Juraj-orez-na-web-2-scaled-1.jpg\" \/>\n\t<meta property=\"og:image:width\" content=\"2551\" \/>\n\t<meta property=\"og:image:height\" content=\"2560\" \/>\n\t<meta property=\"og:image:type\" content=\"image\/jpeg\" \/>\n<meta name=\"author\" content=\"Pova\u017esk\u00e9 m\u00fazeum\" \/>\n<meta name=\"twitter:card\" content=\"summary_large_image\" \/>\n<meta name=\"twitter:label1\" content=\"Autor\" \/>\n\t<meta name=\"twitter:data1\" content=\"Pova\u017esk\u00e9 m\u00fazeum\" \/>\n\t<meta name=\"twitter:label2\" content=\"Predpokladan\u00fd \u010das \u010d\u00edtania\" \/>\n\t<meta name=\"twitter:data2\" content=\"4 min\u00faty\" \/>\n<script type=\"application\/ld+json\" class=\"yoast-schema-graph\">{\"@context\":\"https:\\\/\\\/schema.org\",\"@graph\":[{\"@type\":\"Article\",\"@id\":\"https:\\\/\\\/pmza.sk\\\/?p=20954#article\",\"isPartOf\":{\"@id\":\"https:\\\/\\\/pmza.sk\\\/?p=20954\"},\"author\":{\"name\":\"Pova\u017esk\u00e9 m\u00fazeum\",\"@id\":\"https:\\\/\\\/pmza.sk\\\/#\\\/schema\\\/person\\\/595e6a2ce731ea94dcd5d7f50a41ae33\"},\"headline\":\"Juraj Turzo &#8211; uhorsk\u00fd palat\u00edn\",\"datePublished\":\"2017-04-21T11:46:20+00:00\",\"mainEntityOfPage\":{\"@id\":\"https:\\\/\\\/pmza.sk\\\/?p=20954\"},\"wordCount\":754,\"publisher\":{\"@id\":\"https:\\\/\\\/pmza.sk\\\/#organization\"},\"image\":{\"@id\":\"https:\\\/\\\/pmza.sk\\\/?p=20954#primaryimage\"},\"thumbnailUrl\":\"https:\\\/\\\/pmza.sk\\\/wp-content\\\/uploads\\\/2017\\\/04\\\/Turzo-Juraj-orez-na-web-2-scaled-1.jpg\",\"articleSection\":[\"Aktuality\"],\"inLanguage\":\"sk-SK\"},{\"@type\":\"WebPage\",\"@id\":\"https:\\\/\\\/pmza.sk\\\/?p=20954\",\"url\":\"https:\\\/\\\/pmza.sk\\\/?p=20954\",\"name\":\"Juraj Turzo - uhorsk\u00fd palat\u00edn - Pova\u017esk\u00e9 m\u00fazeum\",\"isPartOf\":{\"@id\":\"https:\\\/\\\/pmza.sk\\\/#website\"},\"primaryImageOfPage\":{\"@id\":\"https:\\\/\\\/pmza.sk\\\/?p=20954#primaryimage\"},\"image\":{\"@id\":\"https:\\\/\\\/pmza.sk\\\/?p=20954#primaryimage\"},\"thumbnailUrl\":\"https:\\\/\\\/pmza.sk\\\/wp-content\\\/uploads\\\/2017\\\/04\\\/Turzo-Juraj-orez-na-web-2-scaled-1.jpg\",\"datePublished\":\"2017-04-21T11:46:20+00:00\",\"breadcrumb\":{\"@id\":\"https:\\\/\\\/pmza.sk\\\/?p=20954#breadcrumb\"},\"inLanguage\":\"sk-SK\",\"potentialAction\":[{\"@type\":\"ReadAction\",\"target\":[\"https:\\\/\\\/pmza.sk\\\/?p=20954\"]}]},{\"@type\":\"ImageObject\",\"inLanguage\":\"sk-SK\",\"@id\":\"https:\\\/\\\/pmza.sk\\\/?p=20954#primaryimage\",\"url\":\"https:\\\/\\\/pmza.sk\\\/wp-content\\\/uploads\\\/2017\\\/04\\\/Turzo-Juraj-orez-na-web-2-scaled-1.jpg\",\"contentUrl\":\"https:\\\/\\\/pmza.sk\\\/wp-content\\\/uploads\\\/2017\\\/04\\\/Turzo-Juraj-orez-na-web-2-scaled-1.jpg\",\"width\":2551,\"height\":2560},{\"@type\":\"BreadcrumbList\",\"@id\":\"https:\\\/\\\/pmza.sk\\\/?p=20954#breadcrumb\",\"itemListElement\":[{\"@type\":\"ListItem\",\"position\":1,\"name\":\"Domovsk\u00e1 str\u00e1nka\",\"item\":\"https:\\\/\\\/pmza.sk\\\/\"},{\"@type\":\"ListItem\",\"position\":2,\"name\":\"Juraj Turzo &#8211; uhorsk\u00fd palat\u00edn\"}]},{\"@type\":\"WebSite\",\"@id\":\"https:\\\/\\\/pmza.sk\\\/#website\",\"url\":\"https:\\\/\\\/pmza.sk\\\/\",\"name\":\"Pova\u017esk\u00e9 m\u00fazeum\",\"description\":\"Pova\u017esk\u00e9 m\u00fazeum v \u017diline je region\u00e1lne m\u00fazeum so s\u00eddlom v Budat\u00edne. Jeho expoz\u00edcie s\u00fa zameran\u00e9 na dejiny slovensk\u00e9ho umenia, kult\u00fary a dopravy.\",\"publisher\":{\"@id\":\"https:\\\/\\\/pmza.sk\\\/#organization\"},\"potentialAction\":[{\"@type\":\"SearchAction\",\"target\":{\"@type\":\"EntryPoint\",\"urlTemplate\":\"https:\\\/\\\/pmza.sk\\\/?s={search_term_string}\"},\"query-input\":{\"@type\":\"PropertyValueSpecification\",\"valueRequired\":true,\"valueName\":\"search_term_string\"}}],\"inLanguage\":\"sk-SK\"},{\"@type\":\"Organization\",\"@id\":\"https:\\\/\\\/pmza.sk\\\/#organization\",\"name\":\"Pova\u017esk\u00e9 m\u00fazeum\",\"url\":\"https:\\\/\\\/pmza.sk\\\/\",\"logo\":{\"@type\":\"ImageObject\",\"inLanguage\":\"sk-SK\",\"@id\":\"https:\\\/\\\/pmza.sk\\\/#\\\/schema\\\/logo\\\/image\\\/\",\"url\":\"https:\\\/\\\/pmza.sk\\\/wp-content\\\/uploads\\\/2022\\\/01\\\/logo_PM_horizontal.jpg\",\"contentUrl\":\"https:\\\/\\\/pmza.sk\\\/wp-content\\\/uploads\\\/2022\\\/01\\\/logo_PM_horizontal.jpg\",\"width\":231,\"height\":142,\"caption\":\"Pova\u017esk\u00e9 m\u00fazeum\"},\"image\":{\"@id\":\"https:\\\/\\\/pmza.sk\\\/#\\\/schema\\\/logo\\\/image\\\/\"},\"sameAs\":[\"https:\\\/\\\/www.facebook.com\\\/povazskemuzeum\",\"https:\\\/\\\/www.instagram.com\\\/povazskemuzeum\\\/\"]},{\"@type\":\"Person\",\"@id\":\"https:\\\/\\\/pmza.sk\\\/#\\\/schema\\\/person\\\/595e6a2ce731ea94dcd5d7f50a41ae33\",\"name\":\"Pova\u017esk\u00e9 m\u00fazeum\",\"image\":{\"@type\":\"ImageObject\",\"inLanguage\":\"sk-SK\",\"@id\":\"https:\\\/\\\/secure.gravatar.com\\\/avatar\\\/2bb7f1561282132fb5826dfeccc66c7996d11ee392ac6aaf7ced8a1c2027fbb2?s=96&d=mm&r=g\",\"url\":\"https:\\\/\\\/secure.gravatar.com\\\/avatar\\\/2bb7f1561282132fb5826dfeccc66c7996d11ee392ac6aaf7ced8a1c2027fbb2?s=96&d=mm&r=g\",\"contentUrl\":\"https:\\\/\\\/secure.gravatar.com\\\/avatar\\\/2bb7f1561282132fb5826dfeccc66c7996d11ee392ac6aaf7ced8a1c2027fbb2?s=96&d=mm&r=g\",\"caption\":\"Pova\u017esk\u00e9 m\u00fazeum\"}}]}<\/script>\n<!-- \/ Yoast SEO plugin. -->","yoast_head_json":{"title":"Juraj Turzo - uhorsk\u00fd palat\u00edn - Pova\u017esk\u00e9 m\u00fazeum","robots":{"index":"index","follow":"follow","max-snippet":"max-snippet:-1","max-image-preview":"max-image-preview:large","max-video-preview":"max-video-preview:-1"},"canonical":"https:\/\/pmza.sk\/?p=20954","og_locale":"sk_SK","og_type":"article","og_title":"Juraj Turzo - uhorsk\u00fd palat\u00edn - Pova\u017esk\u00e9 m\u00fazeum","og_description":"V pondelok 24. apr\u00edla je v\u00a0kalend\u00e1ri meno Juraj. Do hist\u00f3rie na\u0161ich regi\u00f3nov sa v\u00fdznamnou mierou zap\u00edsal uhorsk\u00fd palat\u00edn a\u00a0rod\u00e1k z\u00a0Lietavy Juraj Turzo. Pr\u00e1ve on dal za\u010diatkom 17. storo\u010dia postavi\u0165 skvostn\u00fa stavbu s\u00a0najv\u00e4\u010d\u0161ou renesan\u010dnou s\u00e1lou v\u00a0strednej Eur\u00f3pe &#8211; Sob\u00e1\u0161ny pal\u00e1c v\u00a0Byt\u010di, kde vydal v\u0161etk\u00fdch sedem svojich dc\u00e9r. Turzo bol vzdelan\u00fd, hovoril latinsky, gr\u00e9cky, nemecky, ma\u010farsky, slovensky, [&hellip;]","og_url":"https:\/\/pmza.sk\/?p=20954","og_site_name":"Pova\u017esk\u00e9 m\u00fazeum","article_publisher":"https:\/\/www.facebook.com\/povazskemuzeum","article_published_time":"2017-04-21T11:46:20+00:00","og_image":[{"width":2551,"height":2560,"url":"https:\/\/pmza.sk\/wp-content\/uploads\/2017\/04\/Turzo-Juraj-orez-na-web-2-scaled-1.jpg","type":"image\/jpeg"}],"author":"Pova\u017esk\u00e9 m\u00fazeum","twitter_card":"summary_large_image","twitter_misc":{"Autor":"Pova\u017esk\u00e9 m\u00fazeum","Predpokladan\u00fd \u010das \u010d\u00edtania":"4 min\u00faty"},"schema":{"@context":"https:\/\/schema.org","@graph":[{"@type":"Article","@id":"https:\/\/pmza.sk\/?p=20954#article","isPartOf":{"@id":"https:\/\/pmza.sk\/?p=20954"},"author":{"name":"Pova\u017esk\u00e9 m\u00fazeum","@id":"https:\/\/pmza.sk\/#\/schema\/person\/595e6a2ce731ea94dcd5d7f50a41ae33"},"headline":"Juraj Turzo &#8211; uhorsk\u00fd palat\u00edn","datePublished":"2017-04-21T11:46:20+00:00","mainEntityOfPage":{"@id":"https:\/\/pmza.sk\/?p=20954"},"wordCount":754,"publisher":{"@id":"https:\/\/pmza.sk\/#organization"},"image":{"@id":"https:\/\/pmza.sk\/?p=20954#primaryimage"},"thumbnailUrl":"https:\/\/pmza.sk\/wp-content\/uploads\/2017\/04\/Turzo-Juraj-orez-na-web-2-scaled-1.jpg","articleSection":["Aktuality"],"inLanguage":"sk-SK"},{"@type":"WebPage","@id":"https:\/\/pmza.sk\/?p=20954","url":"https:\/\/pmza.sk\/?p=20954","name":"Juraj Turzo - uhorsk\u00fd palat\u00edn - Pova\u017esk\u00e9 m\u00fazeum","isPartOf":{"@id":"https:\/\/pmza.sk\/#website"},"primaryImageOfPage":{"@id":"https:\/\/pmza.sk\/?p=20954#primaryimage"},"image":{"@id":"https:\/\/pmza.sk\/?p=20954#primaryimage"},"thumbnailUrl":"https:\/\/pmza.sk\/wp-content\/uploads\/2017\/04\/Turzo-Juraj-orez-na-web-2-scaled-1.jpg","datePublished":"2017-04-21T11:46:20+00:00","breadcrumb":{"@id":"https:\/\/pmza.sk\/?p=20954#breadcrumb"},"inLanguage":"sk-SK","potentialAction":[{"@type":"ReadAction","target":["https:\/\/pmza.sk\/?p=20954"]}]},{"@type":"ImageObject","inLanguage":"sk-SK","@id":"https:\/\/pmza.sk\/?p=20954#primaryimage","url":"https:\/\/pmza.sk\/wp-content\/uploads\/2017\/04\/Turzo-Juraj-orez-na-web-2-scaled-1.jpg","contentUrl":"https:\/\/pmza.sk\/wp-content\/uploads\/2017\/04\/Turzo-Juraj-orez-na-web-2-scaled-1.jpg","width":2551,"height":2560},{"@type":"BreadcrumbList","@id":"https:\/\/pmza.sk\/?p=20954#breadcrumb","itemListElement":[{"@type":"ListItem","position":1,"name":"Domovsk\u00e1 str\u00e1nka","item":"https:\/\/pmza.sk\/"},{"@type":"ListItem","position":2,"name":"Juraj Turzo &#8211; uhorsk\u00fd palat\u00edn"}]},{"@type":"WebSite","@id":"https:\/\/pmza.sk\/#website","url":"https:\/\/pmza.sk\/","name":"Pova\u017esk\u00e9 m\u00fazeum","description":"Pova\u017esk\u00e9 m\u00fazeum v \u017diline je region\u00e1lne m\u00fazeum so s\u00eddlom v Budat\u00edne. Jeho expoz\u00edcie s\u00fa zameran\u00e9 na dejiny slovensk\u00e9ho umenia, kult\u00fary a dopravy.","publisher":{"@id":"https:\/\/pmza.sk\/#organization"},"potentialAction":[{"@type":"SearchAction","target":{"@type":"EntryPoint","urlTemplate":"https:\/\/pmza.sk\/?s={search_term_string}"},"query-input":{"@type":"PropertyValueSpecification","valueRequired":true,"valueName":"search_term_string"}}],"inLanguage":"sk-SK"},{"@type":"Organization","@id":"https:\/\/pmza.sk\/#organization","name":"Pova\u017esk\u00e9 m\u00fazeum","url":"https:\/\/pmza.sk\/","logo":{"@type":"ImageObject","inLanguage":"sk-SK","@id":"https:\/\/pmza.sk\/#\/schema\/logo\/image\/","url":"https:\/\/pmza.sk\/wp-content\/uploads\/2022\/01\/logo_PM_horizontal.jpg","contentUrl":"https:\/\/pmza.sk\/wp-content\/uploads\/2022\/01\/logo_PM_horizontal.jpg","width":231,"height":142,"caption":"Pova\u017esk\u00e9 m\u00fazeum"},"image":{"@id":"https:\/\/pmza.sk\/#\/schema\/logo\/image\/"},"sameAs":["https:\/\/www.facebook.com\/povazskemuzeum","https:\/\/www.instagram.com\/povazskemuzeum\/"]},{"@type":"Person","@id":"https:\/\/pmza.sk\/#\/schema\/person\/595e6a2ce731ea94dcd5d7f50a41ae33","name":"Pova\u017esk\u00e9 m\u00fazeum","image":{"@type":"ImageObject","inLanguage":"sk-SK","@id":"https:\/\/secure.gravatar.com\/avatar\/2bb7f1561282132fb5826dfeccc66c7996d11ee392ac6aaf7ced8a1c2027fbb2?s=96&d=mm&r=g","url":"https:\/\/secure.gravatar.com\/avatar\/2bb7f1561282132fb5826dfeccc66c7996d11ee392ac6aaf7ced8a1c2027fbb2?s=96&d=mm&r=g","contentUrl":"https:\/\/secure.gravatar.com\/avatar\/2bb7f1561282132fb5826dfeccc66c7996d11ee392ac6aaf7ced8a1c2027fbb2?s=96&d=mm&r=g","caption":"Pova\u017esk\u00e9 m\u00fazeum"}}]}},"_links":{"self":[{"href":"https:\/\/pmza.sk\/index.php?rest_route=\/wp\/v2\/posts\/20954","targetHints":{"allow":["GET"]}}],"collection":[{"href":"https:\/\/pmza.sk\/index.php?rest_route=\/wp\/v2\/posts"}],"about":[{"href":"https:\/\/pmza.sk\/index.php?rest_route=\/wp\/v2\/types\/post"}],"author":[{"embeddable":true,"href":"https:\/\/pmza.sk\/index.php?rest_route=\/wp\/v2\/users\/2"}],"replies":[{"embeddable":true,"href":"https:\/\/pmza.sk\/index.php?rest_route=%2Fwp%2Fv2%2Fcomments&post=20954"}],"version-history":[{"count":0,"href":"https:\/\/pmza.sk\/index.php?rest_route=\/wp\/v2\/posts\/20954\/revisions"}],"wp:featuredmedia":[{"embeddable":true,"href":"https:\/\/pmza.sk\/index.php?rest_route=\/wp\/v2\/media\/20964"}],"wp:attachment":[{"href":"https:\/\/pmza.sk\/index.php?rest_route=%2Fwp%2Fv2%2Fmedia&parent=20954"}],"wp:term":[{"taxonomy":"category","embeddable":true,"href":"https:\/\/pmza.sk\/index.php?rest_route=%2Fwp%2Fv2%2Fcategories&post=20954"},{"taxonomy":"post_tag","embeddable":true,"href":"https:\/\/pmza.sk\/index.php?rest_route=%2Fwp%2Fv2%2Ftags&post=20954"}],"curies":[{"name":"wp","href":"https:\/\/api.w.org\/{rel}","templated":true}]}}