{"id":21202,"date":"2017-04-30T16:07:40","date_gmt":"2017-04-30T14:07:40","guid":{"rendered":"https:\/\/pmza.sk.sk\/?p=21202"},"modified":"2017-04-30T16:07:40","modified_gmt":"2017-04-30T14:07:40","slug":"s-historiou-v-srdci-1-cast-jarne-impresie","status":"publish","type":"post","link":"https:\/\/pmza.sk\/?p=21202","title":{"rendered":"S hist\u00f3riou v srdci \u2013 1. \u010das\u0165 &#8211; Jarn\u00e9 impresie"},"content":{"rendered":"<p>D\u0148a 27. 4. 2017 sa uskuto\u010dnilo prv\u00e9 stretnutie s\u00a0n\u00e1zvom Jarn\u00e9 impresie z\u00a0celoro\u010dn\u00e9ho cyklu S\u00a0hist\u00f3riou v\u00a0srdci, ktor\u00e9 je venovan\u00e9 seniorom.<\/p>\n<p>Tvoriv\u00e9 dielne otvorila riadite\u013eka Pova\u017esk\u00e9ho m\u00fazea Mgr. Zuzana Kme\u0165ov\u00e1 a\u00a0poslanec zastupite\u013estva \u017dilinsk\u00e9ho samospr\u00e1vneho kraja \u013dubom\u00edr Se\u010dk\u00e1r, ktor\u00fd m\u00e1 k\u00a0problematike seniorov ve\u013emi bl\u00edzko.<\/p>\n<p>Napriek tomu, \u017ee po\u010dasie n\u00e1m pr\u00edli\u0161 neprialo, tvoriv\u00e9 dielne boli ve\u013emi zauj\u00edmav\u00e9 a\u00a0pou\u010dn\u00e9. Seniori pod veden\u00edm na\u0161ich odborn\u00fdch pracovn\u00edkov vytv\u00e1rali ve\u013emi pekn\u00e9 predmety z\u00a0dr\u00f4tu, nau\u010dili sa z\u00e1kladn\u00fdm aj mierne pokro\u010dil\u00fdm technik\u00e1m. Svoje diela si bud\u00fa m\u00f4c\u0165 dokon\u010di\u0165 v\u00a0priebehu nieko\u013ek\u00fdch mesiacov, v\u00a0\u010fal\u0161ej \u010dasti cyklu bude z\u00a0t\u00fdchto diel vytvoren\u00e1 v\u00fdstava.<\/p>\n<p>Projekt je spolufinancovan\u00fd z\u00a0dot\u00e1cie Ministerstva kult\u00fary SR.<\/p>\n<p><a href=\"https:\/\/pmza.sk.sk\/fotogaleria\/gallery\/21204\/\">FOTOGAL\u00c9RIA<\/a><\/p>\n","protected":false},"excerpt":{"rendered":"<p>D\u0148a 27. 4. 2017 sa uskuto\u010dnilo prv\u00e9 stretnutie s\u00a0n\u00e1zvom Jarn\u00e9 impresie z\u00a0celoro\u010dn\u00e9ho cyklu S\u00a0hist\u00f3riou v\u00a0srdci, ktor\u00e9 je venovan\u00e9 seniorom. Tvoriv\u00e9 dielne otvorila riadite\u013eka Pova\u017esk\u00e9ho m\u00fazea Mgr. Zuzana Kme\u0165ov\u00e1 a\u00a0poslanec zastupite\u013estva \u017dilinsk\u00e9ho samospr\u00e1vneho kraja \u013dubom\u00edr Se\u010dk\u00e1r, ktor\u00fd m\u00e1 k\u00a0problematike seniorov ve\u013emi bl\u00edzko. Napriek tomu, \u017ee po\u010dasie n\u00e1m pr\u00edli\u0161 neprialo, tvoriv\u00e9 dielne boli ve\u013emi zauj\u00edmav\u00e9 a\u00a0pou\u010dn\u00e9. Seniori [&hellip;]<\/p>\n","protected":false},"author":2,"featured_media":21221,"comment_status":"closed","ping_status":"closed","sticky":false,"template":"","format":"standard","meta":{"site-sidebar-layout":"default","site-content-layout":"","ast-site-content-layout":"","site-content-style":"default","site-sidebar-style":"default","ast-global-header-display":"","ast-banner-title-visibility":"","ast-main-header-display":"","ast-hfb-above-header-display":"","ast-hfb-below-header-display":"","ast-hfb-mobile-header-display":"","site-post-title":"","ast-breadcrumbs-content":"","ast-featured-img":"","footer-sml-layout":"","theme-transparent-header-meta":"","adv-header-id-meta":"","stick-header-meta":"","header-above-stick-meta":"","header-main-stick-meta":"","header-below-stick-meta":"","astra-migrate-meta-layouts":"default","ast-page-background-enabled":"default","ast-page-background-meta":{"desktop":{"background-color":"var(--ast-global-color-4)","background-image":"","background-repeat":"repeat","background-position":"center center","background-size":"auto","background-attachment":"scroll","background-type":"","background-media":"","overlay-type":"","overlay-color":"","overlay-opacity":"","overlay-gradient":""},"tablet":{"background-color":"","background-image":"","background-repeat":"repeat","background-position":"center center","background-size":"auto","background-attachment":"scroll","background-type":"","background-media":"","overlay-type":"","overlay-color":"","overlay-opacity":"","overlay-gradient":""},"mobile":{"background-color":"","background-image":"","background-repeat":"repeat","background-position":"center center","background-size":"auto","background-attachment":"scroll","background-type":"","background-media":"","overlay-type":"","overlay-color":"","overlay-opacity":"","overlay-gradient":""}},"ast-content-background-meta":{"desktop":{"background-color":"var(--ast-global-color-5)","background-image":"","background-repeat":"repeat","background-position":"center center","background-size":"auto","background-attachment":"scroll","background-type":"","background-media":"","overlay-type":"","overlay-color":"","overlay-opacity":"","overlay-gradient":""},"tablet":{"background-color":"var(--ast-global-color-5)","background-image":"","background-repeat":"repeat","background-position":"center center","background-size":"auto","background-attachment":"scroll","background-type":"","background-media":"","overlay-type":"","overlay-color":"","overlay-opacity":"","overlay-gradient":""},"mobile":{"background-color":"var(--ast-global-color-5)","background-image":"","background-repeat":"repeat","background-position":"center center","background-size":"auto","background-attachment":"scroll","background-type":"","background-media":"","overlay-type":"","overlay-color":"","overlay-opacity":"","overlay-gradient":""}},"footnotes":""},"categories":[31],"tags":[],"class_list":["post-21202","post","type-post","status-publish","format-standard","has-post-thumbnail","hentry","category-aktuality"],"yoast_head":"<!-- This site is optimized with the Yoast SEO plugin v27.4 - https:\/\/yoast.com\/product\/yoast-seo-wordpress\/ -->\n<title>S hist\u00f3riou v srdci \u2013 1. \u010das\u0165 - Jarn\u00e9 impresie - Pova\u017esk\u00e9 m\u00fazeum<\/title>\n<meta name=\"robots\" content=\"index, follow, max-snippet:-1, max-image-preview:large, max-video-preview:-1\" \/>\n<link rel=\"canonical\" href=\"https:\/\/pmza.sk\/?p=21202\" \/>\n<meta property=\"og:locale\" content=\"sk_SK\" \/>\n<meta property=\"og:type\" content=\"article\" \/>\n<meta property=\"og:title\" content=\"S hist\u00f3riou v srdci \u2013 1. \u010das\u0165 - Jarn\u00e9 impresie - Pova\u017esk\u00e9 m\u00fazeum\" \/>\n<meta property=\"og:description\" content=\"D\u0148a 27. 4. 2017 sa uskuto\u010dnilo prv\u00e9 stretnutie s\u00a0n\u00e1zvom Jarn\u00e9 impresie z\u00a0celoro\u010dn\u00e9ho cyklu S\u00a0hist\u00f3riou v\u00a0srdci, ktor\u00e9 je venovan\u00e9 seniorom. Tvoriv\u00e9 dielne otvorila riadite\u013eka Pova\u017esk\u00e9ho m\u00fazea Mgr. Zuzana Kme\u0165ov\u00e1 a\u00a0poslanec zastupite\u013estva \u017dilinsk\u00e9ho samospr\u00e1vneho kraja \u013dubom\u00edr Se\u010dk\u00e1r, ktor\u00fd m\u00e1 k\u00a0problematike seniorov ve\u013emi bl\u00edzko. Napriek tomu, \u017ee po\u010dasie n\u00e1m pr\u00edli\u0161 neprialo, tvoriv\u00e9 dielne boli ve\u013emi zauj\u00edmav\u00e9 a\u00a0pou\u010dn\u00e9. Seniori [&hellip;]\" \/>\n<meta property=\"og:url\" content=\"https:\/\/pmza.sk\/?p=21202\" \/>\n<meta property=\"og:site_name\" content=\"Pova\u017esk\u00e9 m\u00fazeum\" \/>\n<meta property=\"article:publisher\" content=\"https:\/\/www.facebook.com\/povazskemuzeum\" \/>\n<meta property=\"article:published_time\" content=\"2017-04-30T14:07:40+00:00\" \/>\n<meta property=\"og:image\" content=\"https:\/\/pmza.sk\/wp-content\/uploads\/2017\/05\/IMG_5098.jpg\" \/>\n\t<meta property=\"og:image:width\" content=\"1024\" \/>\n\t<meta property=\"og:image:height\" content=\"683\" \/>\n\t<meta property=\"og:image:type\" content=\"image\/jpeg\" \/>\n<meta name=\"author\" content=\"Pova\u017esk\u00e9 m\u00fazeum\" \/>\n<meta name=\"twitter:card\" content=\"summary_large_image\" \/>\n<meta name=\"twitter:label1\" content=\"Autor\" \/>\n\t<meta name=\"twitter:data1\" content=\"Pova\u017esk\u00e9 m\u00fazeum\" \/>\n\t<meta name=\"twitter:label2\" content=\"Predpokladan\u00fd \u010das \u010d\u00edtania\" \/>\n\t<meta name=\"twitter:data2\" content=\"1 min\u00fata\" \/>\n<script type=\"application\/ld+json\" class=\"yoast-schema-graph\">{\"@context\":\"https:\\\/\\\/schema.org\",\"@graph\":[{\"@type\":\"Article\",\"@id\":\"https:\\\/\\\/pmza.sk\\\/?p=21202#article\",\"isPartOf\":{\"@id\":\"https:\\\/\\\/pmza.sk\\\/?p=21202\"},\"author\":{\"name\":\"Pova\u017esk\u00e9 m\u00fazeum\",\"@id\":\"https:\\\/\\\/pmza.sk\\\/#\\\/schema\\\/person\\\/595e6a2ce731ea94dcd5d7f50a41ae33\"},\"headline\":\"S hist\u00f3riou v srdci \u2013 1. \u010das\u0165 &#8211; Jarn\u00e9 impresie\",\"datePublished\":\"2017-04-30T14:07:40+00:00\",\"mainEntityOfPage\":{\"@id\":\"https:\\\/\\\/pmza.sk\\\/?p=21202\"},\"wordCount\":163,\"publisher\":{\"@id\":\"https:\\\/\\\/pmza.sk\\\/#organization\"},\"image\":{\"@id\":\"https:\\\/\\\/pmza.sk\\\/?p=21202#primaryimage\"},\"thumbnailUrl\":\"https:\\\/\\\/pmza.sk\\\/wp-content\\\/uploads\\\/2017\\\/05\\\/IMG_5098.jpg\",\"articleSection\":[\"Aktuality\"],\"inLanguage\":\"sk-SK\"},{\"@type\":\"WebPage\",\"@id\":\"https:\\\/\\\/pmza.sk\\\/?p=21202\",\"url\":\"https:\\\/\\\/pmza.sk\\\/?p=21202\",\"name\":\"S hist\u00f3riou v srdci \u2013 1. \u010das\u0165 - Jarn\u00e9 impresie - Pova\u017esk\u00e9 m\u00fazeum\",\"isPartOf\":{\"@id\":\"https:\\\/\\\/pmza.sk\\\/#website\"},\"primaryImageOfPage\":{\"@id\":\"https:\\\/\\\/pmza.sk\\\/?p=21202#primaryimage\"},\"image\":{\"@id\":\"https:\\\/\\\/pmza.sk\\\/?p=21202#primaryimage\"},\"thumbnailUrl\":\"https:\\\/\\\/pmza.sk\\\/wp-content\\\/uploads\\\/2017\\\/05\\\/IMG_5098.jpg\",\"datePublished\":\"2017-04-30T14:07:40+00:00\",\"breadcrumb\":{\"@id\":\"https:\\\/\\\/pmza.sk\\\/?p=21202#breadcrumb\"},\"inLanguage\":\"sk-SK\",\"potentialAction\":[{\"@type\":\"ReadAction\",\"target\":[\"https:\\\/\\\/pmza.sk\\\/?p=21202\"]}]},{\"@type\":\"ImageObject\",\"inLanguage\":\"sk-SK\",\"@id\":\"https:\\\/\\\/pmza.sk\\\/?p=21202#primaryimage\",\"url\":\"https:\\\/\\\/pmza.sk\\\/wp-content\\\/uploads\\\/2017\\\/05\\\/IMG_5098.jpg\",\"contentUrl\":\"https:\\\/\\\/pmza.sk\\\/wp-content\\\/uploads\\\/2017\\\/05\\\/IMG_5098.jpg\",\"width\":1024,\"height\":683},{\"@type\":\"BreadcrumbList\",\"@id\":\"https:\\\/\\\/pmza.sk\\\/?p=21202#breadcrumb\",\"itemListElement\":[{\"@type\":\"ListItem\",\"position\":1,\"name\":\"Domovsk\u00e1 str\u00e1nka\",\"item\":\"https:\\\/\\\/pmza.sk\\\/\"},{\"@type\":\"ListItem\",\"position\":2,\"name\":\"S hist\u00f3riou v srdci \u2013 1. \u010das\u0165 &#8211; Jarn\u00e9 impresie\"}]},{\"@type\":\"WebSite\",\"@id\":\"https:\\\/\\\/pmza.sk\\\/#website\",\"url\":\"https:\\\/\\\/pmza.sk\\\/\",\"name\":\"Pova\u017esk\u00e9 m\u00fazeum\",\"description\":\"Pova\u017esk\u00e9 m\u00fazeum v \u017diline je region\u00e1lne m\u00fazeum so s\u00eddlom v Budat\u00edne. Jeho expoz\u00edcie s\u00fa zameran\u00e9 na dejiny slovensk\u00e9ho umenia, kult\u00fary a dopravy.\",\"publisher\":{\"@id\":\"https:\\\/\\\/pmza.sk\\\/#organization\"},\"potentialAction\":[{\"@type\":\"SearchAction\",\"target\":{\"@type\":\"EntryPoint\",\"urlTemplate\":\"https:\\\/\\\/pmza.sk\\\/?s={search_term_string}\"},\"query-input\":{\"@type\":\"PropertyValueSpecification\",\"valueRequired\":true,\"valueName\":\"search_term_string\"}}],\"inLanguage\":\"sk-SK\"},{\"@type\":\"Organization\",\"@id\":\"https:\\\/\\\/pmza.sk\\\/#organization\",\"name\":\"Pova\u017esk\u00e9 m\u00fazeum\",\"url\":\"https:\\\/\\\/pmza.sk\\\/\",\"logo\":{\"@type\":\"ImageObject\",\"inLanguage\":\"sk-SK\",\"@id\":\"https:\\\/\\\/pmza.sk\\\/#\\\/schema\\\/logo\\\/image\\\/\",\"url\":\"https:\\\/\\\/pmza.sk\\\/wp-content\\\/uploads\\\/2022\\\/01\\\/logo_PM_horizontal.jpg\",\"contentUrl\":\"https:\\\/\\\/pmza.sk\\\/wp-content\\\/uploads\\\/2022\\\/01\\\/logo_PM_horizontal.jpg\",\"width\":231,\"height\":142,\"caption\":\"Pova\u017esk\u00e9 m\u00fazeum\"},\"image\":{\"@id\":\"https:\\\/\\\/pmza.sk\\\/#\\\/schema\\\/logo\\\/image\\\/\"},\"sameAs\":[\"https:\\\/\\\/www.facebook.com\\\/povazskemuzeum\",\"https:\\\/\\\/www.instagram.com\\\/povazskemuzeum\\\/\"]},{\"@type\":\"Person\",\"@id\":\"https:\\\/\\\/pmza.sk\\\/#\\\/schema\\\/person\\\/595e6a2ce731ea94dcd5d7f50a41ae33\",\"name\":\"Pova\u017esk\u00e9 m\u00fazeum\",\"image\":{\"@type\":\"ImageObject\",\"inLanguage\":\"sk-SK\",\"@id\":\"https:\\\/\\\/secure.gravatar.com\\\/avatar\\\/2bb7f1561282132fb5826dfeccc66c7996d11ee392ac6aaf7ced8a1c2027fbb2?s=96&d=mm&r=g\",\"url\":\"https:\\\/\\\/secure.gravatar.com\\\/avatar\\\/2bb7f1561282132fb5826dfeccc66c7996d11ee392ac6aaf7ced8a1c2027fbb2?s=96&d=mm&r=g\",\"contentUrl\":\"https:\\\/\\\/secure.gravatar.com\\\/avatar\\\/2bb7f1561282132fb5826dfeccc66c7996d11ee392ac6aaf7ced8a1c2027fbb2?s=96&d=mm&r=g\",\"caption\":\"Pova\u017esk\u00e9 m\u00fazeum\"}}]}<\/script>\n<!-- \/ Yoast SEO plugin. -->","yoast_head_json":{"title":"S hist\u00f3riou v srdci \u2013 1. \u010das\u0165 - Jarn\u00e9 impresie - Pova\u017esk\u00e9 m\u00fazeum","robots":{"index":"index","follow":"follow","max-snippet":"max-snippet:-1","max-image-preview":"max-image-preview:large","max-video-preview":"max-video-preview:-1"},"canonical":"https:\/\/pmza.sk\/?p=21202","og_locale":"sk_SK","og_type":"article","og_title":"S hist\u00f3riou v srdci \u2013 1. \u010das\u0165 - Jarn\u00e9 impresie - Pova\u017esk\u00e9 m\u00fazeum","og_description":"D\u0148a 27. 4. 2017 sa uskuto\u010dnilo prv\u00e9 stretnutie s\u00a0n\u00e1zvom Jarn\u00e9 impresie z\u00a0celoro\u010dn\u00e9ho cyklu S\u00a0hist\u00f3riou v\u00a0srdci, ktor\u00e9 je venovan\u00e9 seniorom. Tvoriv\u00e9 dielne otvorila riadite\u013eka Pova\u017esk\u00e9ho m\u00fazea Mgr. Zuzana Kme\u0165ov\u00e1 a\u00a0poslanec zastupite\u013estva \u017dilinsk\u00e9ho samospr\u00e1vneho kraja \u013dubom\u00edr Se\u010dk\u00e1r, ktor\u00fd m\u00e1 k\u00a0problematike seniorov ve\u013emi bl\u00edzko. Napriek tomu, \u017ee po\u010dasie n\u00e1m pr\u00edli\u0161 neprialo, tvoriv\u00e9 dielne boli ve\u013emi zauj\u00edmav\u00e9 a\u00a0pou\u010dn\u00e9. Seniori [&hellip;]","og_url":"https:\/\/pmza.sk\/?p=21202","og_site_name":"Pova\u017esk\u00e9 m\u00fazeum","article_publisher":"https:\/\/www.facebook.com\/povazskemuzeum","article_published_time":"2017-04-30T14:07:40+00:00","og_image":[{"width":1024,"height":683,"url":"https:\/\/pmza.sk\/wp-content\/uploads\/2017\/05\/IMG_5098.jpg","type":"image\/jpeg"}],"author":"Pova\u017esk\u00e9 m\u00fazeum","twitter_card":"summary_large_image","twitter_misc":{"Autor":"Pova\u017esk\u00e9 m\u00fazeum","Predpokladan\u00fd \u010das \u010d\u00edtania":"1 min\u00fata"},"schema":{"@context":"https:\/\/schema.org","@graph":[{"@type":"Article","@id":"https:\/\/pmza.sk\/?p=21202#article","isPartOf":{"@id":"https:\/\/pmza.sk\/?p=21202"},"author":{"name":"Pova\u017esk\u00e9 m\u00fazeum","@id":"https:\/\/pmza.sk\/#\/schema\/person\/595e6a2ce731ea94dcd5d7f50a41ae33"},"headline":"S hist\u00f3riou v srdci \u2013 1. \u010das\u0165 &#8211; Jarn\u00e9 impresie","datePublished":"2017-04-30T14:07:40+00:00","mainEntityOfPage":{"@id":"https:\/\/pmza.sk\/?p=21202"},"wordCount":163,"publisher":{"@id":"https:\/\/pmza.sk\/#organization"},"image":{"@id":"https:\/\/pmza.sk\/?p=21202#primaryimage"},"thumbnailUrl":"https:\/\/pmza.sk\/wp-content\/uploads\/2017\/05\/IMG_5098.jpg","articleSection":["Aktuality"],"inLanguage":"sk-SK"},{"@type":"WebPage","@id":"https:\/\/pmza.sk\/?p=21202","url":"https:\/\/pmza.sk\/?p=21202","name":"S hist\u00f3riou v srdci \u2013 1. \u010das\u0165 - Jarn\u00e9 impresie - Pova\u017esk\u00e9 m\u00fazeum","isPartOf":{"@id":"https:\/\/pmza.sk\/#website"},"primaryImageOfPage":{"@id":"https:\/\/pmza.sk\/?p=21202#primaryimage"},"image":{"@id":"https:\/\/pmza.sk\/?p=21202#primaryimage"},"thumbnailUrl":"https:\/\/pmza.sk\/wp-content\/uploads\/2017\/05\/IMG_5098.jpg","datePublished":"2017-04-30T14:07:40+00:00","breadcrumb":{"@id":"https:\/\/pmza.sk\/?p=21202#breadcrumb"},"inLanguage":"sk-SK","potentialAction":[{"@type":"ReadAction","target":["https:\/\/pmza.sk\/?p=21202"]}]},{"@type":"ImageObject","inLanguage":"sk-SK","@id":"https:\/\/pmza.sk\/?p=21202#primaryimage","url":"https:\/\/pmza.sk\/wp-content\/uploads\/2017\/05\/IMG_5098.jpg","contentUrl":"https:\/\/pmza.sk\/wp-content\/uploads\/2017\/05\/IMG_5098.jpg","width":1024,"height":683},{"@type":"BreadcrumbList","@id":"https:\/\/pmza.sk\/?p=21202#breadcrumb","itemListElement":[{"@type":"ListItem","position":1,"name":"Domovsk\u00e1 str\u00e1nka","item":"https:\/\/pmza.sk\/"},{"@type":"ListItem","position":2,"name":"S hist\u00f3riou v srdci \u2013 1. \u010das\u0165 &#8211; Jarn\u00e9 impresie"}]},{"@type":"WebSite","@id":"https:\/\/pmza.sk\/#website","url":"https:\/\/pmza.sk\/","name":"Pova\u017esk\u00e9 m\u00fazeum","description":"Pova\u017esk\u00e9 m\u00fazeum v \u017diline je region\u00e1lne m\u00fazeum so s\u00eddlom v Budat\u00edne. Jeho expoz\u00edcie s\u00fa zameran\u00e9 na dejiny slovensk\u00e9ho umenia, kult\u00fary a dopravy.","publisher":{"@id":"https:\/\/pmza.sk\/#organization"},"potentialAction":[{"@type":"SearchAction","target":{"@type":"EntryPoint","urlTemplate":"https:\/\/pmza.sk\/?s={search_term_string}"},"query-input":{"@type":"PropertyValueSpecification","valueRequired":true,"valueName":"search_term_string"}}],"inLanguage":"sk-SK"},{"@type":"Organization","@id":"https:\/\/pmza.sk\/#organization","name":"Pova\u017esk\u00e9 m\u00fazeum","url":"https:\/\/pmza.sk\/","logo":{"@type":"ImageObject","inLanguage":"sk-SK","@id":"https:\/\/pmza.sk\/#\/schema\/logo\/image\/","url":"https:\/\/pmza.sk\/wp-content\/uploads\/2022\/01\/logo_PM_horizontal.jpg","contentUrl":"https:\/\/pmza.sk\/wp-content\/uploads\/2022\/01\/logo_PM_horizontal.jpg","width":231,"height":142,"caption":"Pova\u017esk\u00e9 m\u00fazeum"},"image":{"@id":"https:\/\/pmza.sk\/#\/schema\/logo\/image\/"},"sameAs":["https:\/\/www.facebook.com\/povazskemuzeum","https:\/\/www.instagram.com\/povazskemuzeum\/"]},{"@type":"Person","@id":"https:\/\/pmza.sk\/#\/schema\/person\/595e6a2ce731ea94dcd5d7f50a41ae33","name":"Pova\u017esk\u00e9 m\u00fazeum","image":{"@type":"ImageObject","inLanguage":"sk-SK","@id":"https:\/\/secure.gravatar.com\/avatar\/2bb7f1561282132fb5826dfeccc66c7996d11ee392ac6aaf7ced8a1c2027fbb2?s=96&d=mm&r=g","url":"https:\/\/secure.gravatar.com\/avatar\/2bb7f1561282132fb5826dfeccc66c7996d11ee392ac6aaf7ced8a1c2027fbb2?s=96&d=mm&r=g","contentUrl":"https:\/\/secure.gravatar.com\/avatar\/2bb7f1561282132fb5826dfeccc66c7996d11ee392ac6aaf7ced8a1c2027fbb2?s=96&d=mm&r=g","caption":"Pova\u017esk\u00e9 m\u00fazeum"}}]}},"_links":{"self":[{"href":"https:\/\/pmza.sk\/index.php?rest_route=\/wp\/v2\/posts\/21202","targetHints":{"allow":["GET"]}}],"collection":[{"href":"https:\/\/pmza.sk\/index.php?rest_route=\/wp\/v2\/posts"}],"about":[{"href":"https:\/\/pmza.sk\/index.php?rest_route=\/wp\/v2\/types\/post"}],"author":[{"embeddable":true,"href":"https:\/\/pmza.sk\/index.php?rest_route=\/wp\/v2\/users\/2"}],"replies":[{"embeddable":true,"href":"https:\/\/pmza.sk\/index.php?rest_route=%2Fwp%2Fv2%2Fcomments&post=21202"}],"version-history":[{"count":0,"href":"https:\/\/pmza.sk\/index.php?rest_route=\/wp\/v2\/posts\/21202\/revisions"}],"wp:featuredmedia":[{"embeddable":true,"href":"https:\/\/pmza.sk\/index.php?rest_route=\/wp\/v2\/media\/21221"}],"wp:attachment":[{"href":"https:\/\/pmza.sk\/index.php?rest_route=%2Fwp%2Fv2%2Fmedia&parent=21202"}],"wp:term":[{"taxonomy":"category","embeddable":true,"href":"https:\/\/pmza.sk\/index.php?rest_route=%2Fwp%2Fv2%2Fcategories&post=21202"},{"taxonomy":"post_tag","embeddable":true,"href":"https:\/\/pmza.sk\/index.php?rest_route=%2Fwp%2Fv2%2Ftags&post=21202"}],"curies":[{"name":"wp","href":"https:\/\/api.w.org\/{rel}","templated":true}]}}